{"id":53499,"date":"2017-05-18T13:42:09","date_gmt":"2017-05-18T18:42:09","guid":{"rendered":"https:\/\/centrourbano.com\/?p=53499"},"modified":"2017-05-18T13:42:09","modified_gmt":"2017-05-18T18:42:09","slug":"aumenta-banxico-6-75-tasa-interes","status":"publish","type":"post","link":"https:\/\/centrourbano.com\/revista\/actualidad\/aumenta-banxico-6-75-tasa-interes\/","title":{"rendered":"Aumenta Banxico a 6.75% su tasa de inter\u00e9s"},"content":{"rendered":"<p><em>El aumento de 25 puntos base representa el 3ro de 2017 <\/em><!--more--><\/p>\n<p>El Banco de M\u00e9xico (Banxico) anunci\u00f3 este jueves el aumento en 25 puntos base de la Tasa de Inter\u00e9s Interbancaria, con lo que \u00e9sta queda en 6.75 por ciento.  <\/p>\n<p>Este aumento, aprobado por decisi\u00f3n un\u00e1nime por la Junta de gobierno de Banxico, representa el 3ero de 2017. <\/p>\n<p>De acuerdo con Banxico, a pesar de que los mercados financieros nacionales mantienen un desempe\u00f1o favorable, la incertidumbre en el exterior continua. Aunado a lo anterior, dijo, la inflaci\u00f3n ha mantenido desde julio de 2016 una tendencia al alza por 10 meses consecutivos.<\/p>\n<p>\u201cAunado a la simultaneidad y magnitud de los choques temporales en precios relativos que han surgido, hacen que el principal reto que contin\u00fae enfrentando la Junta de Gobierno sea el de evitar efectos de segundo orden sobre el proceso de formaci\u00f3n de precios, manteniendo ancladas las expectativas de inflaci\u00f3n de mediano y largo plazo\u201d, detall\u00f3 en un comunicado. <\/p>\n<p>As\u00ed, \u201ccon el objeto de evitar contagios al proceso de formaci\u00f3n de precios en la econom\u00eda, anclar las expectativas de inflaci\u00f3n y reforzar la contribuci\u00f3n de la pol\u00edtica monetaria al proceso de convergencia de la inflaci\u00f3n a su meta, la Junta de Gobierno ha decidido por unanimidad aumentar el objetivo para la Tasa de Inter\u00e9s Interbancaria a un d\u00eda en 25 puntos base, a un nivel de 6.75 por ciento\u201d. <\/p>\n<p>Banxico asegur\u00f3 que vigilar\u00e1 de cerca traspaso el potencial de las variaciones del tipo de cambio y de los incrementos en los precios de los energ\u00e9ticos al resto de los precios; adem\u00e1s de estar atento a la evoluci\u00f3n de la posici\u00f3n monetaria relativa entre M\u00e9xico y Estados Unidos y a la evoluci\u00f3n de la brecha del producto, \u201ccon el fin de estar en posibilidad de continuar tomando las medidas necesarias para lograr la convergencia eficiente de la inflaci\u00f3n al objetivo de 3.0 por ciento\u201d. <\/p>\n","protected":false},"excerpt":{"rendered":"<p>El aumento de 25 puntos base representa el 3ro de 2017<\/p>\n","protected":false},"author":47,"featured_media":53500,"comment_status":"open","ping_status":"closed","sticky":false,"template":"","format":"standard","meta":{"om_disable_all_campaigns":false,"inline_featured_image":false,"_monsterinsights_skip_tracking":false,"_monsterinsights_sitenote_active":false,"_monsterinsights_sitenote_note":"","_monsterinsights_sitenote_category":0,"footnotes":""},"categories":[80],"tags":[1170,8944,10086],"class_list":["post-53499","post","type-post","status-publish","format-standard","has-post-thumbnail","hentry","category-actualidad","tag-banxico","tag-tasa-de-interes-interbancaria","tag-tasa-de-referencia"],"yoast_head":"<!-- This site is optimized with the Yoast SEO plugin v27.4 - https:\/\/yoast.com\/product\/yoast-seo-wordpress\/ -->\n<title>Aumenta Banxico a 6.75% su tasa de inter\u00e9s -<\/title>\n<meta name=\"description\" content=\"El Banco de M\u00e9xico (Banxico) anunci\u00f3 este jueves el aumento en 25 puntos base de la Tasa de Inter\u00e9s Interbancaria, con lo que \u00e9sta queda en 6.75 por ciento.\" \/>\n<meta name=\"robots\" content=\"index, follow, max-snippet:-1, max-image-preview:large, max-video-preview:-1\" \/>\n<link rel=\"canonical\" href=\"https:\/\/centrourbano.com\/revista\/actualidad\/aumenta-banxico-6-75-tasa-interes\/\" \/>\n<meta property=\"og:locale\" content=\"es_ES\" \/>\n<meta property=\"og:type\" content=\"article\" \/>\n<meta property=\"og:title\" content=\"Aumenta Banxico a 6.75% su tasa de inter\u00e9s -\" \/>\n<meta property=\"og:description\" content=\"El Banco de M\u00e9xico (Banxico) anunci\u00f3 este jueves el aumento en 25 puntos base de la Tasa de Inter\u00e9s Interbancaria, con lo que \u00e9sta queda en 6.75 por ciento.\" \/>\n<meta property=\"og:url\" content=\"https:\/\/centrourbano.com\/revista\/actualidad\/aumenta-banxico-6-75-tasa-interes\/\" \/>\n<meta property=\"og:site_name\" content=\"Centro Urbano\" \/>\n<meta property=\"article:publisher\" content=\"https:\/\/www.facebook.com\/portalcentrourbano\" \/>\n<meta property=\"article:published_time\" content=\"2017-05-18T18:42:09+00:00\" \/>\n<meta property=\"og:image\" content=\"https:\/\/centrourbano.com\/revista\/wp-content\/uploads\/Banxico_CU.jpeg\" \/>\n\t<meta property=\"og:image:width\" content=\"800\" \/>\n\t<meta property=\"og:image:height\" content=\"600\" \/>\n\t<meta property=\"og:image:type\" content=\"image\/jpeg\" \/>\n<meta name=\"author\" content=\"Edgar Rosas\" \/>\n<meta name=\"twitter:card\" content=\"summary_large_image\" \/>\n<meta name=\"twitter:creator\" content=\"@https:\/\/twitter.com\/ERosasCU?s=09\" \/>\n<meta name=\"twitter:site\" content=\"@CentroUrbano\" \/>\n<meta name=\"twitter:label1\" content=\"Escrito por\" \/>\n\t<meta name=\"twitter:data1\" content=\"Edgar Rosas\" \/>\n\t<meta name=\"twitter:label2\" content=\"Tiempo de lectura\" \/>\n\t<meta name=\"twitter:data2\" content=\"2 minutos\" \/>\n<script type=\"application\/ld+json\" class=\"yoast-schema-graph\">{\"@context\":\"https:\\\/\\\/schema.org\",\"@graph\":[{\"@type\":\"Article\",\"@id\":\"https:\\\/\\\/centrourbano.com\\\/revista\\\/actualidad\\\/aumenta-banxico-6-75-tasa-interes\\\/#article\",\"isPartOf\":{\"@id\":\"https:\\\/\\\/centrourbano.com\\\/revista\\\/actualidad\\\/aumenta-banxico-6-75-tasa-interes\\\/\"},\"author\":{\"name\":\"Edgar Rosas\",\"@id\":\"https:\\\/\\\/centrourbano.com\\\/revista\\\/#\\\/schema\\\/person\\\/ff3c00651ce5b1630479d2cd0c2e3ac0\"},\"headline\":\"Aumenta Banxico a 6.75% su tasa de inter\u00e9s\",\"datePublished\":\"2017-05-18T18:42:09+00:00\",\"mainEntityOfPage\":{\"@id\":\"https:\\\/\\\/centrourbano.com\\\/revista\\\/actualidad\\\/aumenta-banxico-6-75-tasa-interes\\\/\"},\"wordCount\":335,\"commentCount\":0,\"publisher\":{\"@id\":\"https:\\\/\\\/centrourbano.com\\\/revista\\\/#organization\"},\"image\":{\"@id\":\"https:\\\/\\\/centrourbano.com\\\/revista\\\/actualidad\\\/aumenta-banxico-6-75-tasa-interes\\\/#primaryimage\"},\"thumbnailUrl\":\"https:\\\/\\\/centrourbano.com\\\/revista\\\/wp-content\\\/uploads\\\/Banxico_CU.jpeg\",\"keywords\":[\"Banxico\",\"Tasa de Inter\u00e9s Interbancaria\",\"Tasa de referencia\"],\"articleSection\":[\"Actualidad\"],\"inLanguage\":\"es\",\"potentialAction\":[{\"@type\":\"CommentAction\",\"name\":\"Comment\",\"target\":[\"https:\\\/\\\/centrourbano.com\\\/revista\\\/actualidad\\\/aumenta-banxico-6-75-tasa-interes\\\/#respond\"]}]},{\"@type\":\"WebPage\",\"@id\":\"https:\\\/\\\/centrourbano.com\\\/revista\\\/actualidad\\\/aumenta-banxico-6-75-tasa-interes\\\/\",\"url\":\"https:\\\/\\\/centrourbano.com\\\/revista\\\/actualidad\\\/aumenta-banxico-6-75-tasa-interes\\\/\",\"name\":\"Aumenta Banxico a 6.75% su tasa de inter\u00e9s -\",\"isPartOf\":{\"@id\":\"https:\\\/\\\/centrourbano.com\\\/revista\\\/#website\"},\"primaryImageOfPage\":{\"@id\":\"https:\\\/\\\/centrourbano.com\\\/revista\\\/actualidad\\\/aumenta-banxico-6-75-tasa-interes\\\/#primaryimage\"},\"image\":{\"@id\":\"https:\\\/\\\/centrourbano.com\\\/revista\\\/actualidad\\\/aumenta-banxico-6-75-tasa-interes\\\/#primaryimage\"},\"thumbnailUrl\":\"https:\\\/\\\/centrourbano.com\\\/revista\\\/wp-content\\\/uploads\\\/Banxico_CU.jpeg\",\"datePublished\":\"2017-05-18T18:42:09+00:00\",\"description\":\"El Banco de M\u00e9xico (Banxico) anunci\u00f3 este jueves el aumento en 25 puntos base de la Tasa de Inter\u00e9s Interbancaria, con lo que \u00e9sta queda en 6.75 por ciento.\",\"breadcrumb\":{\"@id\":\"https:\\\/\\\/centrourbano.com\\\/revista\\\/actualidad\\\/aumenta-banxico-6-75-tasa-interes\\\/#breadcrumb\"},\"inLanguage\":\"es\",\"potentialAction\":[{\"@type\":\"ReadAction\",\"target\":[\"https:\\\/\\\/centrourbano.com\\\/revista\\\/actualidad\\\/aumenta-banxico-6-75-tasa-interes\\\/\"]}]},{\"@type\":\"ImageObject\",\"inLanguage\":\"es\",\"@id\":\"https:\\\/\\\/centrourbano.com\\\/revista\\\/actualidad\\\/aumenta-banxico-6-75-tasa-interes\\\/#primaryimage\",\"url\":\"https:\\\/\\\/centrourbano.com\\\/revista\\\/wp-content\\\/uploads\\\/Banxico_CU.jpeg\",\"contentUrl\":\"https:\\\/\\\/centrourbano.com\\\/revista\\\/wp-content\\\/uploads\\\/Banxico_CU.jpeg\",\"width\":800,\"height\":600,\"caption\":\"El aumento de 25 puntos base representa el 3ro de 2017\"},{\"@type\":\"BreadcrumbList\",\"@id\":\"https:\\\/\\\/centrourbano.com\\\/revista\\\/actualidad\\\/aumenta-banxico-6-75-tasa-interes\\\/#breadcrumb\",\"itemListElement\":[{\"@type\":\"ListItem\",\"position\":1,\"name\":\"Portada\",\"item\":\"https:\\\/\\\/centrourbano.com\\\/revista\\\/\"},{\"@type\":\"ListItem\",\"position\":2,\"name\":\"Aumenta Banxico a 6.75% su tasa de inter\u00e9s\"}]},{\"@type\":\"WebSite\",\"@id\":\"https:\\\/\\\/centrourbano.com\\\/revista\\\/#website\",\"url\":\"https:\\\/\\\/centrourbano.com\\\/revista\\\/\",\"name\":\"Centro Urbano\",\"description\":\"Medio especializado en los sectores vivienda, inmobiliario, construcci\u00f3n, arquitectura y urbanismo.\",\"publisher\":{\"@id\":\"https:\\\/\\\/centrourbano.com\\\/revista\\\/#organization\"},\"potentialAction\":[{\"@type\":\"SearchAction\",\"target\":{\"@type\":\"EntryPoint\",\"urlTemplate\":\"https:\\\/\\\/centrourbano.com\\\/revista\\\/?s={search_term_string}\"},\"query-input\":{\"@type\":\"PropertyValueSpecification\",\"valueRequired\":true,\"valueName\":\"search_term_string\"}}],\"inLanguage\":\"es\"},{\"@type\":\"Organization\",\"@id\":\"https:\\\/\\\/centrourbano.com\\\/revista\\\/#organization\",\"name\":\"Centro Urbano\",\"url\":\"https:\\\/\\\/centrourbano.com\\\/revista\\\/\",\"logo\":{\"@type\":\"ImageObject\",\"inLanguage\":\"es\",\"@id\":\"https:\\\/\\\/centrourbano.com\\\/revista\\\/#\\\/schema\\\/logo\\\/image\\\/\",\"url\":\"https:\\\/\\\/centrourbano.com\\\/revista\\\/wp-content\\\/uploads\\\/web_CU_logo-1.png\",\"contentUrl\":\"https:\\\/\\\/centrourbano.com\\\/revista\\\/wp-content\\\/uploads\\\/web_CU_logo-1.png\",\"width\":350,\"height\":91,\"caption\":\"Centro Urbano\"},\"image\":{\"@id\":\"https:\\\/\\\/centrourbano.com\\\/revista\\\/#\\\/schema\\\/logo\\\/image\\\/\"},\"sameAs\":[\"https:\\\/\\\/www.facebook.com\\\/portalcentrourbano\",\"https:\\\/\\\/x.com\\\/CentroUrbano\",\"https:\\\/\\\/www.instagram.com\\\/centro_urbano\\\/\",\"https:\\\/\\\/www.linkedin.com\\\/company\\\/centro-urbano\\\/\",\"http:\\\/\\\/www.youtube.com\\\/user\\\/portalcentrourbano\"]},{\"@type\":\"Person\",\"@id\":\"https:\\\/\\\/centrourbano.com\\\/revista\\\/#\\\/schema\\\/person\\\/ff3c00651ce5b1630479d2cd0c2e3ac0\",\"name\":\"Edgar Rosas\",\"image\":{\"@type\":\"ImageObject\",\"inLanguage\":\"es\",\"@id\":\"https:\\\/\\\/secure.gravatar.com\\\/avatar\\\/94440c4283495211faa5300bf85e80061036b83fced868c3783aa1310b350d9c?s=96&d=mm&r=g\",\"url\":\"https:\\\/\\\/secure.gravatar.com\\\/avatar\\\/94440c4283495211faa5300bf85e80061036b83fced868c3783aa1310b350d9c?s=96&d=mm&r=g\",\"contentUrl\":\"https:\\\/\\\/secure.gravatar.com\\\/avatar\\\/94440c4283495211faa5300bf85e80061036b83fced868c3783aa1310b350d9c?s=96&d=mm&r=g\",\"caption\":\"Edgar Rosas\"},\"description\":\"Editor en Jefe de Centro Urbano. Egresado de la maestr\u00eda en Periodismo Pol\u00edtico de la Escuela de Periodismo Carlos Septi\u00e9n Garc\u00eda (EPCSG). Estudi\u00f3 la licenciatura en Comunicaci\u00f3n en la Universidad Mexicana. Amante de la cr\u00f3nica y el reportaje. Admirador de Vicente Le\u00f1ero y Miguel \u00c1ngel Granados Chapa.\",\"sameAs\":[\"https:\\\/\\\/x.com\\\/https:\\\/\\\/twitter.com\\\/ERosasCU?s=09\"],\"url\":\"https:\\\/\\\/centrourbano.com\\\/revista\\\/author\\\/edgar-rosas\\\/\"}]}<\/script>\n<!-- \/ Yoast SEO plugin. -->","yoast_head_json":{"title":"Aumenta Banxico a 6.75% su tasa de inter\u00e9s -","description":"El Banco de M\u00e9xico (Banxico) anunci\u00f3 este jueves el aumento en 25 puntos base de la Tasa de Inter\u00e9s Interbancaria, con lo que \u00e9sta queda en 6.75 por ciento.","robots":{"index":"index","follow":"follow","max-snippet":"max-snippet:-1","max-image-preview":"max-image-preview:large","max-video-preview":"max-video-preview:-1"},"canonical":"https:\/\/centrourbano.com\/revista\/actualidad\/aumenta-banxico-6-75-tasa-interes\/","og_locale":"es_ES","og_type":"article","og_title":"Aumenta Banxico a 6.75% su tasa de inter\u00e9s -","og_description":"El Banco de M\u00e9xico (Banxico) anunci\u00f3 este jueves el aumento en 25 puntos base de la Tasa de Inter\u00e9s Interbancaria, con lo que \u00e9sta queda en 6.75 por ciento.","og_url":"https:\/\/centrourbano.com\/revista\/actualidad\/aumenta-banxico-6-75-tasa-interes\/","og_site_name":"Centro Urbano","article_publisher":"https:\/\/www.facebook.com\/portalcentrourbano","article_published_time":"2017-05-18T18:42:09+00:00","og_image":[{"width":800,"height":600,"url":"https:\/\/centrourbano.com\/revista\/wp-content\/uploads\/Banxico_CU.jpeg","type":"image\/jpeg"}],"author":"Edgar Rosas","twitter_card":"summary_large_image","twitter_creator":"@https:\/\/twitter.com\/ERosasCU?s=09","twitter_site":"@CentroUrbano","twitter_misc":{"Escrito por":"Edgar Rosas","Tiempo de lectura":"2 minutos"},"schema":{"@context":"https:\/\/schema.org","@graph":[{"@type":"Article","@id":"https:\/\/centrourbano.com\/revista\/actualidad\/aumenta-banxico-6-75-tasa-interes\/#article","isPartOf":{"@id":"https:\/\/centrourbano.com\/revista\/actualidad\/aumenta-banxico-6-75-tasa-interes\/"},"author":{"name":"Edgar Rosas","@id":"https:\/\/centrourbano.com\/revista\/#\/schema\/person\/ff3c00651ce5b1630479d2cd0c2e3ac0"},"headline":"Aumenta Banxico a 6.75% su tasa de inter\u00e9s","datePublished":"2017-05-18T18:42:09+00:00","mainEntityOfPage":{"@id":"https:\/\/centrourbano.com\/revista\/actualidad\/aumenta-banxico-6-75-tasa-interes\/"},"wordCount":335,"commentCount":0,"publisher":{"@id":"https:\/\/centrourbano.com\/revista\/#organization"},"image":{"@id":"https:\/\/centrourbano.com\/revista\/actualidad\/aumenta-banxico-6-75-tasa-interes\/#primaryimage"},"thumbnailUrl":"https:\/\/centrourbano.com\/revista\/wp-content\/uploads\/Banxico_CU.jpeg","keywords":["Banxico","Tasa de Inter\u00e9s Interbancaria","Tasa de referencia"],"articleSection":["Actualidad"],"inLanguage":"es","potentialAction":[{"@type":"CommentAction","name":"Comment","target":["https:\/\/centrourbano.com\/revista\/actualidad\/aumenta-banxico-6-75-tasa-interes\/#respond"]}]},{"@type":"WebPage","@id":"https:\/\/centrourbano.com\/revista\/actualidad\/aumenta-banxico-6-75-tasa-interes\/","url":"https:\/\/centrourbano.com\/revista\/actualidad\/aumenta-banxico-6-75-tasa-interes\/","name":"Aumenta Banxico a 6.75% su tasa de inter\u00e9s -","isPartOf":{"@id":"https:\/\/centrourbano.com\/revista\/#website"},"primaryImageOfPage":{"@id":"https:\/\/centrourbano.com\/revista\/actualidad\/aumenta-banxico-6-75-tasa-interes\/#primaryimage"},"image":{"@id":"https:\/\/centrourbano.com\/revista\/actualidad\/aumenta-banxico-6-75-tasa-interes\/#primaryimage"},"thumbnailUrl":"https:\/\/centrourbano.com\/revista\/wp-content\/uploads\/Banxico_CU.jpeg","datePublished":"2017-05-18T18:42:09+00:00","description":"El Banco de M\u00e9xico (Banxico) anunci\u00f3 este jueves el aumento en 25 puntos base de la Tasa de Inter\u00e9s Interbancaria, con lo que \u00e9sta queda en 6.75 por ciento.","breadcrumb":{"@id":"https:\/\/centrourbano.com\/revista\/actualidad\/aumenta-banxico-6-75-tasa-interes\/#breadcrumb"},"inLanguage":"es","potentialAction":[{"@type":"ReadAction","target":["https:\/\/centrourbano.com\/revista\/actualidad\/aumenta-banxico-6-75-tasa-interes\/"]}]},{"@type":"ImageObject","inLanguage":"es","@id":"https:\/\/centrourbano.com\/revista\/actualidad\/aumenta-banxico-6-75-tasa-interes\/#primaryimage","url":"https:\/\/centrourbano.com\/revista\/wp-content\/uploads\/Banxico_CU.jpeg","contentUrl":"https:\/\/centrourbano.com\/revista\/wp-content\/uploads\/Banxico_CU.jpeg","width":800,"height":600,"caption":"El aumento de 25 puntos base representa el 3ro de 2017"},{"@type":"BreadcrumbList","@id":"https:\/\/centrourbano.com\/revista\/actualidad\/aumenta-banxico-6-75-tasa-interes\/#breadcrumb","itemListElement":[{"@type":"ListItem","position":1,"name":"Portada","item":"https:\/\/centrourbano.com\/revista\/"},{"@type":"ListItem","position":2,"name":"Aumenta Banxico a 6.75% su tasa de inter\u00e9s"}]},{"@type":"WebSite","@id":"https:\/\/centrourbano.com\/revista\/#website","url":"https:\/\/centrourbano.com\/revista\/","name":"Centro Urbano","description":"Medio especializado en los sectores vivienda, inmobiliario, construcci\u00f3n, arquitectura y urbanismo.","publisher":{"@id":"https:\/\/centrourbano.com\/revista\/#organization"},"potentialAction":[{"@type":"SearchAction","target":{"@type":"EntryPoint","urlTemplate":"https:\/\/centrourbano.com\/revista\/?s={search_term_string}"},"query-input":{"@type":"PropertyValueSpecification","valueRequired":true,"valueName":"search_term_string"}}],"inLanguage":"es"},{"@type":"Organization","@id":"https:\/\/centrourbano.com\/revista\/#organization","name":"Centro Urbano","url":"https:\/\/centrourbano.com\/revista\/","logo":{"@type":"ImageObject","inLanguage":"es","@id":"https:\/\/centrourbano.com\/revista\/#\/schema\/logo\/image\/","url":"https:\/\/centrourbano.com\/revista\/wp-content\/uploads\/web_CU_logo-1.png","contentUrl":"https:\/\/centrourbano.com\/revista\/wp-content\/uploads\/web_CU_logo-1.png","width":350,"height":91,"caption":"Centro Urbano"},"image":{"@id":"https:\/\/centrourbano.com\/revista\/#\/schema\/logo\/image\/"},"sameAs":["https:\/\/www.facebook.com\/portalcentrourbano","https:\/\/x.com\/CentroUrbano","https:\/\/www.instagram.com\/centro_urbano\/","https:\/\/www.linkedin.com\/company\/centro-urbano\/","http:\/\/www.youtube.com\/user\/portalcentrourbano"]},{"@type":"Person","@id":"https:\/\/centrourbano.com\/revista\/#\/schema\/person\/ff3c00651ce5b1630479d2cd0c2e3ac0","name":"Edgar Rosas","image":{"@type":"ImageObject","inLanguage":"es","@id":"https:\/\/secure.gravatar.com\/avatar\/94440c4283495211faa5300bf85e80061036b83fced868c3783aa1310b350d9c?s=96&d=mm&r=g","url":"https:\/\/secure.gravatar.com\/avatar\/94440c4283495211faa5300bf85e80061036b83fced868c3783aa1310b350d9c?s=96&d=mm&r=g","contentUrl":"https:\/\/secure.gravatar.com\/avatar\/94440c4283495211faa5300bf85e80061036b83fced868c3783aa1310b350d9c?s=96&d=mm&r=g","caption":"Edgar Rosas"},"description":"Editor en Jefe de Centro Urbano. Egresado de la maestr\u00eda en Periodismo Pol\u00edtico de la Escuela de Periodismo Carlos Septi\u00e9n Garc\u00eda (EPCSG). Estudi\u00f3 la licenciatura en Comunicaci\u00f3n en la Universidad Mexicana. Amante de la cr\u00f3nica y el reportaje. Admirador de Vicente Le\u00f1ero y Miguel \u00c1ngel Granados Chapa.","sameAs":["https:\/\/x.com\/https:\/\/twitter.com\/ERosasCU?s=09"],"url":"https:\/\/centrourbano.com\/revista\/author\/edgar-rosas\/"}]}},"_links":{"self":[{"href":"https:\/\/centrourbano.com\/revista\/wp-json\/wp\/v2\/posts\/53499","targetHints":{"allow":["GET"]}}],"collection":[{"href":"https:\/\/centrourbano.com\/revista\/wp-json\/wp\/v2\/posts"}],"about":[{"href":"https:\/\/centrourbano.com\/revista\/wp-json\/wp\/v2\/types\/post"}],"author":[{"embeddable":true,"href":"https:\/\/centrourbano.com\/revista\/wp-json\/wp\/v2\/users\/47"}],"replies":[{"embeddable":true,"href":"https:\/\/centrourbano.com\/revista\/wp-json\/wp\/v2\/comments?post=53499"}],"version-history":[{"count":0,"href":"https:\/\/centrourbano.com\/revista\/wp-json\/wp\/v2\/posts\/53499\/revisions"}],"wp:featuredmedia":[{"embeddable":true,"href":"https:\/\/centrourbano.com\/revista\/wp-json\/wp\/v2\/media\/53500"}],"wp:attachment":[{"href":"https:\/\/centrourbano.com\/revista\/wp-json\/wp\/v2\/media?parent=53499"}],"wp:term":[{"taxonomy":"category","embeddable":true,"href":"https:\/\/centrourbano.com\/revista\/wp-json\/wp\/v2\/categories?post=53499"},{"taxonomy":"post_tag","embeddable":true,"href":"https:\/\/centrourbano.com\/revista\/wp-json\/wp\/v2\/tags?post=53499"}],"curies":[{"name":"wp","href":"https:\/\/api.w.org\/{rel}","templated":true}]}}