{"id":53152,"date":"2017-05-16T09:00:18","date_gmt":"2017-05-16T14:00:18","guid":{"rendered":"https:\/\/centrourbano.com\/?p=53152"},"modified":"2017-05-16T10:41:53","modified_gmt":"2017-05-16T15:41:53","slug":"rehabilitan-infraestructura-urbana-queretaro","status":"publish","type":"post","link":"https:\/\/centrourbano.com\/revista\/urbanismo\/rehabilitan-infraestructura-urbana-queretaro\/","title":{"rendered":"Rehabilitan infraestructura urbana en Quer\u00e9taro"},"content":{"rendered":"<p><em>Se invertir\u00e1n m\u00e1s de 100,000,000 de pesos en acciones para reconstruir el tejido social<\/em><\/p>\n<p>&nbsp;<\/p>\n<p>Como parte de la estrategia \u201cJuntos avanzamos por Menchaca\u201d, en Quer\u00e9taro, el gobernador del estado, Francisco Dom\u00ednguez Servi\u00e9n, inform\u00f3 que se realizar\u00e1n obras de infraestructura social urbana por 6,000,000 de pesos.<\/p>\n<p>&nbsp;<\/p>\n<p>La estrategia busca reconstruir el tejido social a trav\u00e9s de diversas acciones cuya inversi\u00f3n total rebasa los 100,000,000 de pesos.<\/p>\n<p>&nbsp;<\/p>\n<p>Entre estas acciones se encuentra el acondicionamiento de un espacio para adultos mayores con un monto de 1,500,000 de pesos, la rehabilitaci\u00f3n de espacios deportivos con 695,000 pesos, as\u00ed el equipamiento de un nuevo centro de salud para el que el gobierno municipal donar\u00e1 el terreno para su construcci\u00f3n en Colinas de Menchaca, cuyo costo asciende a los 30,000,000 de pesos.<\/p>\n<p>&nbsp;<\/p>\n<p>Como parte de acciones complementarias, Marcos Aguilar Vega, presidente municipal de Quer\u00e9taro, inform\u00f3 que tambi\u00e9n se realizar\u00e1 la sustituci\u00f3n de luminarias en escaleras, andadores y calles; as\u00ed como la pinta de guarniciones, poda de \u00e1rboles y limpia de lotes bald\u00edos.<\/p>\n<p>&nbsp;<\/p>\n","protected":false},"excerpt":{"rendered":"<p>Se invertir\u00e1n m\u00e1s de 100,000,000 de pesos en acciones para reconstruir el tejido social &nbsp; Como parte de la estrategia \u201cJuntos avanzamos por Menchaca\u201d, en Quer\u00e9taro, el gobernador del estado, Francisco Dom\u00ednguez Servi\u00e9n, inform\u00f3 que se realizar\u00e1n obras de infraestructura social urbana por 6,000,000 de pesos. &nbsp; La estrategia busca reconstruir el tejido social a [&hellip;]<\/p>\n","protected":false},"author":45,"featured_media":53153,"comment_status":"open","ping_status":"closed","sticky":false,"template":"","format":"standard","meta":{"om_disable_all_campaigns":false,"inline_featured_image":false,"_monsterinsights_skip_tracking":false,"_monsterinsights_sitenote_active":false,"_monsterinsights_sitenote_note":"","_monsterinsights_sitenote_category":0,"footnotes":""},"categories":[82],"tags":[],"class_list":["post-53152","post","type-post","status-publish","format-standard","has-post-thumbnail","hentry","category-urbanismo"],"yoast_head":"<!-- This site is optimized with the Yoast SEO plugin v27.4 - https:\/\/yoast.com\/product\/yoast-seo-wordpress\/ -->\n<title>Rehabilitan infraestructura urbana en Quer\u00e9taro -<\/title>\n<meta name=\"description\" content=\"Se invertir\u00e1n m\u00e1s de 100,000,000 de pesos en acciones para reconstruir el tejido social\" \/>\n<meta name=\"robots\" content=\"index, follow, max-snippet:-1, max-image-preview:large, max-video-preview:-1\" \/>\n<link rel=\"canonical\" href=\"https:\/\/centrourbano.com\/revista\/urbanismo\/rehabilitan-infraestructura-urbana-queretaro\/\" \/>\n<meta property=\"og:locale\" content=\"es_ES\" \/>\n<meta property=\"og:type\" content=\"article\" \/>\n<meta property=\"og:title\" content=\"Rehabilitan infraestructura urbana en Quer\u00e9taro -\" \/>\n<meta property=\"og:description\" content=\"Se invertir\u00e1n m\u00e1s de 100,000,000 de pesos en acciones para reconstruir el tejido social\" \/>\n<meta property=\"og:url\" content=\"https:\/\/centrourbano.com\/revista\/urbanismo\/rehabilitan-infraestructura-urbana-queretaro\/\" \/>\n<meta property=\"og:site_name\" content=\"Centro Urbano\" \/>\n<meta property=\"article:publisher\" content=\"https:\/\/www.facebook.com\/portalcentrourbano\" \/>\n<meta property=\"article:published_time\" content=\"2017-05-16T14:00:18+00:00\" \/>\n<meta property=\"article:modified_time\" content=\"2017-05-16T15:41:53+00:00\" \/>\n<meta property=\"og:image\" content=\"https:\/\/centrourbano.com\/revista\/wp-content\/uploads\/menchaca-scaled.jpg\" \/>\n\t<meta property=\"og:image:width\" content=\"2560\" \/>\n\t<meta property=\"og:image:height\" content=\"1706\" \/>\n\t<meta property=\"og:image:type\" content=\"image\/jpeg\" \/>\n<meta name=\"author\" content=\"Hanae Pacheco\" \/>\n<meta name=\"twitter:card\" content=\"summary_large_image\" \/>\n<meta name=\"twitter:creator\" content=\"@CentroUrbano\" \/>\n<meta name=\"twitter:site\" content=\"@CentroUrbano\" \/>\n<meta name=\"twitter:label1\" content=\"Escrito por\" \/>\n\t<meta name=\"twitter:data1\" content=\"Hanae Pacheco\" \/>\n\t<meta name=\"twitter:label2\" content=\"Tiempo de lectura\" \/>\n\t<meta name=\"twitter:data2\" content=\"1 minuto\" \/>\n<script type=\"application\/ld+json\" class=\"yoast-schema-graph\">{\"@context\":\"https:\\\/\\\/schema.org\",\"@graph\":[{\"@type\":\"Article\",\"@id\":\"https:\\\/\\\/centrourbano.com\\\/revista\\\/urbanismo\\\/rehabilitan-infraestructura-urbana-queretaro\\\/#article\",\"isPartOf\":{\"@id\":\"https:\\\/\\\/centrourbano.com\\\/revista\\\/urbanismo\\\/rehabilitan-infraestructura-urbana-queretaro\\\/\"},\"author\":{\"name\":\"Hanae Pacheco\",\"@id\":\"https:\\\/\\\/centrourbano.com\\\/revista\\\/#\\\/schema\\\/person\\\/db5aba19153b4dc77f48808c4c2e7027\"},\"headline\":\"Rehabilitan infraestructura urbana en Quer\u00e9taro\",\"datePublished\":\"2017-05-16T14:00:18+00:00\",\"dateModified\":\"2017-05-16T15:41:53+00:00\",\"mainEntityOfPage\":{\"@id\":\"https:\\\/\\\/centrourbano.com\\\/revista\\\/urbanismo\\\/rehabilitan-infraestructura-urbana-queretaro\\\/\"},\"wordCount\":185,\"commentCount\":0,\"publisher\":{\"@id\":\"https:\\\/\\\/centrourbano.com\\\/revista\\\/#organization\"},\"image\":{\"@id\":\"https:\\\/\\\/centrourbano.com\\\/revista\\\/urbanismo\\\/rehabilitan-infraestructura-urbana-queretaro\\\/#primaryimage\"},\"thumbnailUrl\":\"https:\\\/\\\/centrourbano.com\\\/revista\\\/wp-content\\\/uploads\\\/menchaca-scaled.jpg\",\"articleSection\":[\"Urbanismo\"],\"inLanguage\":\"es\",\"potentialAction\":[{\"@type\":\"CommentAction\",\"name\":\"Comment\",\"target\":[\"https:\\\/\\\/centrourbano.com\\\/revista\\\/urbanismo\\\/rehabilitan-infraestructura-urbana-queretaro\\\/#respond\"]}]},{\"@type\":\"WebPage\",\"@id\":\"https:\\\/\\\/centrourbano.com\\\/revista\\\/urbanismo\\\/rehabilitan-infraestructura-urbana-queretaro\\\/\",\"url\":\"https:\\\/\\\/centrourbano.com\\\/revista\\\/urbanismo\\\/rehabilitan-infraestructura-urbana-queretaro\\\/\",\"name\":\"Rehabilitan infraestructura urbana en Quer\u00e9taro -\",\"isPartOf\":{\"@id\":\"https:\\\/\\\/centrourbano.com\\\/revista\\\/#website\"},\"primaryImageOfPage\":{\"@id\":\"https:\\\/\\\/centrourbano.com\\\/revista\\\/urbanismo\\\/rehabilitan-infraestructura-urbana-queretaro\\\/#primaryimage\"},\"image\":{\"@id\":\"https:\\\/\\\/centrourbano.com\\\/revista\\\/urbanismo\\\/rehabilitan-infraestructura-urbana-queretaro\\\/#primaryimage\"},\"thumbnailUrl\":\"https:\\\/\\\/centrourbano.com\\\/revista\\\/wp-content\\\/uploads\\\/menchaca-scaled.jpg\",\"datePublished\":\"2017-05-16T14:00:18+00:00\",\"dateModified\":\"2017-05-16T15:41:53+00:00\",\"description\":\"Se invertir\u00e1n m\u00e1s de 100,000,000 de pesos en acciones para reconstruir el tejido social\",\"breadcrumb\":{\"@id\":\"https:\\\/\\\/centrourbano.com\\\/revista\\\/urbanismo\\\/rehabilitan-infraestructura-urbana-queretaro\\\/#breadcrumb\"},\"inLanguage\":\"es\",\"potentialAction\":[{\"@type\":\"ReadAction\",\"target\":[\"https:\\\/\\\/centrourbano.com\\\/revista\\\/urbanismo\\\/rehabilitan-infraestructura-urbana-queretaro\\\/\"]}]},{\"@type\":\"ImageObject\",\"inLanguage\":\"es\",\"@id\":\"https:\\\/\\\/centrourbano.com\\\/revista\\\/urbanismo\\\/rehabilitan-infraestructura-urbana-queretaro\\\/#primaryimage\",\"url\":\"https:\\\/\\\/centrourbano.com\\\/revista\\\/wp-content\\\/uploads\\\/menchaca-scaled.jpg\",\"contentUrl\":\"https:\\\/\\\/centrourbano.com\\\/revista\\\/wp-content\\\/uploads\\\/menchaca-scaled.jpg\",\"width\":2560,\"height\":1706,\"caption\":\"Se invertir\u00e1n m\u00e1s de 100,000,000 de pesos en acciones para reconstruir el tejido social\"},{\"@type\":\"BreadcrumbList\",\"@id\":\"https:\\\/\\\/centrourbano.com\\\/revista\\\/urbanismo\\\/rehabilitan-infraestructura-urbana-queretaro\\\/#breadcrumb\",\"itemListElement\":[{\"@type\":\"ListItem\",\"position\":1,\"name\":\"Portada\",\"item\":\"https:\\\/\\\/centrourbano.com\\\/revista\\\/\"},{\"@type\":\"ListItem\",\"position\":2,\"name\":\"Rehabilitan infraestructura urbana en Quer\u00e9taro\"}]},{\"@type\":\"WebSite\",\"@id\":\"https:\\\/\\\/centrourbano.com\\\/revista\\\/#website\",\"url\":\"https:\\\/\\\/centrourbano.com\\\/revista\\\/\",\"name\":\"Centro Urbano\",\"description\":\"Medio especializado en los sectores vivienda, inmobiliario, construcci\u00f3n, arquitectura y urbanismo.\",\"publisher\":{\"@id\":\"https:\\\/\\\/centrourbano.com\\\/revista\\\/#organization\"},\"potentialAction\":[{\"@type\":\"SearchAction\",\"target\":{\"@type\":\"EntryPoint\",\"urlTemplate\":\"https:\\\/\\\/centrourbano.com\\\/revista\\\/?s={search_term_string}\"},\"query-input\":{\"@type\":\"PropertyValueSpecification\",\"valueRequired\":true,\"valueName\":\"search_term_string\"}}],\"inLanguage\":\"es\"},{\"@type\":\"Organization\",\"@id\":\"https:\\\/\\\/centrourbano.com\\\/revista\\\/#organization\",\"name\":\"Centro Urbano\",\"url\":\"https:\\\/\\\/centrourbano.com\\\/revista\\\/\",\"logo\":{\"@type\":\"ImageObject\",\"inLanguage\":\"es\",\"@id\":\"https:\\\/\\\/centrourbano.com\\\/revista\\\/#\\\/schema\\\/logo\\\/image\\\/\",\"url\":\"https:\\\/\\\/centrourbano.com\\\/revista\\\/wp-content\\\/uploads\\\/web_CU_logo-1.png\",\"contentUrl\":\"https:\\\/\\\/centrourbano.com\\\/revista\\\/wp-content\\\/uploads\\\/web_CU_logo-1.png\",\"width\":350,\"height\":91,\"caption\":\"Centro Urbano\"},\"image\":{\"@id\":\"https:\\\/\\\/centrourbano.com\\\/revista\\\/#\\\/schema\\\/logo\\\/image\\\/\"},\"sameAs\":[\"https:\\\/\\\/www.facebook.com\\\/portalcentrourbano\",\"https:\\\/\\\/x.com\\\/CentroUrbano\",\"https:\\\/\\\/www.instagram.com\\\/centro_urbano\\\/\",\"https:\\\/\\\/www.linkedin.com\\\/company\\\/centro-urbano\\\/\",\"http:\\\/\\\/www.youtube.com\\\/user\\\/portalcentrourbano\"]},{\"@type\":\"Person\",\"@id\":\"https:\\\/\\\/centrourbano.com\\\/revista\\\/#\\\/schema\\\/person\\\/db5aba19153b4dc77f48808c4c2e7027\",\"name\":\"Hanae Pacheco\",\"image\":{\"@type\":\"ImageObject\",\"inLanguage\":\"es\",\"@id\":\"https:\\\/\\\/secure.gravatar.com\\\/avatar\\\/85378918db488c7c72bd7acaea6909bbfd5df076ffaf5e56cf397f98ef67f72d?s=96&d=mm&r=g\",\"url\":\"https:\\\/\\\/secure.gravatar.com\\\/avatar\\\/85378918db488c7c72bd7acaea6909bbfd5df076ffaf5e56cf397f98ef67f72d?s=96&d=mm&r=g\",\"contentUrl\":\"https:\\\/\\\/secure.gravatar.com\\\/avatar\\\/85378918db488c7c72bd7acaea6909bbfd5df076ffaf5e56cf397f98ef67f72d?s=96&d=mm&r=g\",\"caption\":\"Hanae Pacheco\"},\"url\":\"https:\\\/\\\/centrourbano.com\\\/revista\\\/author\\\/hanae-pacheco\\\/\"}]}<\/script>\n<!-- \/ Yoast SEO plugin. -->","yoast_head_json":{"title":"Rehabilitan infraestructura urbana en Quer\u00e9taro -","description":"Se invertir\u00e1n m\u00e1s de 100,000,000 de pesos en acciones para reconstruir el tejido social","robots":{"index":"index","follow":"follow","max-snippet":"max-snippet:-1","max-image-preview":"max-image-preview:large","max-video-preview":"max-video-preview:-1"},"canonical":"https:\/\/centrourbano.com\/revista\/urbanismo\/rehabilitan-infraestructura-urbana-queretaro\/","og_locale":"es_ES","og_type":"article","og_title":"Rehabilitan infraestructura urbana en Quer\u00e9taro -","og_description":"Se invertir\u00e1n m\u00e1s de 100,000,000 de pesos en acciones para reconstruir el tejido social","og_url":"https:\/\/centrourbano.com\/revista\/urbanismo\/rehabilitan-infraestructura-urbana-queretaro\/","og_site_name":"Centro Urbano","article_publisher":"https:\/\/www.facebook.com\/portalcentrourbano","article_published_time":"2017-05-16T14:00:18+00:00","article_modified_time":"2017-05-16T15:41:53+00:00","og_image":[{"width":2560,"height":1706,"url":"https:\/\/centrourbano.com\/revista\/wp-content\/uploads\/menchaca-scaled.jpg","type":"image\/jpeg"}],"author":"Hanae Pacheco","twitter_card":"summary_large_image","twitter_creator":"@CentroUrbano","twitter_site":"@CentroUrbano","twitter_misc":{"Escrito por":"Hanae Pacheco","Tiempo de lectura":"1 minuto"},"schema":{"@context":"https:\/\/schema.org","@graph":[{"@type":"Article","@id":"https:\/\/centrourbano.com\/revista\/urbanismo\/rehabilitan-infraestructura-urbana-queretaro\/#article","isPartOf":{"@id":"https:\/\/centrourbano.com\/revista\/urbanismo\/rehabilitan-infraestructura-urbana-queretaro\/"},"author":{"name":"Hanae Pacheco","@id":"https:\/\/centrourbano.com\/revista\/#\/schema\/person\/db5aba19153b4dc77f48808c4c2e7027"},"headline":"Rehabilitan infraestructura urbana en Quer\u00e9taro","datePublished":"2017-05-16T14:00:18+00:00","dateModified":"2017-05-16T15:41:53+00:00","mainEntityOfPage":{"@id":"https:\/\/centrourbano.com\/revista\/urbanismo\/rehabilitan-infraestructura-urbana-queretaro\/"},"wordCount":185,"commentCount":0,"publisher":{"@id":"https:\/\/centrourbano.com\/revista\/#organization"},"image":{"@id":"https:\/\/centrourbano.com\/revista\/urbanismo\/rehabilitan-infraestructura-urbana-queretaro\/#primaryimage"},"thumbnailUrl":"https:\/\/centrourbano.com\/revista\/wp-content\/uploads\/menchaca-scaled.jpg","articleSection":["Urbanismo"],"inLanguage":"es","potentialAction":[{"@type":"CommentAction","name":"Comment","target":["https:\/\/centrourbano.com\/revista\/urbanismo\/rehabilitan-infraestructura-urbana-queretaro\/#respond"]}]},{"@type":"WebPage","@id":"https:\/\/centrourbano.com\/revista\/urbanismo\/rehabilitan-infraestructura-urbana-queretaro\/","url":"https:\/\/centrourbano.com\/revista\/urbanismo\/rehabilitan-infraestructura-urbana-queretaro\/","name":"Rehabilitan infraestructura urbana en Quer\u00e9taro -","isPartOf":{"@id":"https:\/\/centrourbano.com\/revista\/#website"},"primaryImageOfPage":{"@id":"https:\/\/centrourbano.com\/revista\/urbanismo\/rehabilitan-infraestructura-urbana-queretaro\/#primaryimage"},"image":{"@id":"https:\/\/centrourbano.com\/revista\/urbanismo\/rehabilitan-infraestructura-urbana-queretaro\/#primaryimage"},"thumbnailUrl":"https:\/\/centrourbano.com\/revista\/wp-content\/uploads\/menchaca-scaled.jpg","datePublished":"2017-05-16T14:00:18+00:00","dateModified":"2017-05-16T15:41:53+00:00","description":"Se invertir\u00e1n m\u00e1s de 100,000,000 de pesos en acciones para reconstruir el tejido social","breadcrumb":{"@id":"https:\/\/centrourbano.com\/revista\/urbanismo\/rehabilitan-infraestructura-urbana-queretaro\/#breadcrumb"},"inLanguage":"es","potentialAction":[{"@type":"ReadAction","target":["https:\/\/centrourbano.com\/revista\/urbanismo\/rehabilitan-infraestructura-urbana-queretaro\/"]}]},{"@type":"ImageObject","inLanguage":"es","@id":"https:\/\/centrourbano.com\/revista\/urbanismo\/rehabilitan-infraestructura-urbana-queretaro\/#primaryimage","url":"https:\/\/centrourbano.com\/revista\/wp-content\/uploads\/menchaca-scaled.jpg","contentUrl":"https:\/\/centrourbano.com\/revista\/wp-content\/uploads\/menchaca-scaled.jpg","width":2560,"height":1706,"caption":"Se invertir\u00e1n m\u00e1s de 100,000,000 de pesos en acciones para reconstruir el tejido social"},{"@type":"BreadcrumbList","@id":"https:\/\/centrourbano.com\/revista\/urbanismo\/rehabilitan-infraestructura-urbana-queretaro\/#breadcrumb","itemListElement":[{"@type":"ListItem","position":1,"name":"Portada","item":"https:\/\/centrourbano.com\/revista\/"},{"@type":"ListItem","position":2,"name":"Rehabilitan infraestructura urbana en Quer\u00e9taro"}]},{"@type":"WebSite","@id":"https:\/\/centrourbano.com\/revista\/#website","url":"https:\/\/centrourbano.com\/revista\/","name":"Centro Urbano","description":"Medio especializado en los sectores vivienda, inmobiliario, construcci\u00f3n, arquitectura y urbanismo.","publisher":{"@id":"https:\/\/centrourbano.com\/revista\/#organization"},"potentialAction":[{"@type":"SearchAction","target":{"@type":"EntryPoint","urlTemplate":"https:\/\/centrourbano.com\/revista\/?s={search_term_string}"},"query-input":{"@type":"PropertyValueSpecification","valueRequired":true,"valueName":"search_term_string"}}],"inLanguage":"es"},{"@type":"Organization","@id":"https:\/\/centrourbano.com\/revista\/#organization","name":"Centro Urbano","url":"https:\/\/centrourbano.com\/revista\/","logo":{"@type":"ImageObject","inLanguage":"es","@id":"https:\/\/centrourbano.com\/revista\/#\/schema\/logo\/image\/","url":"https:\/\/centrourbano.com\/revista\/wp-content\/uploads\/web_CU_logo-1.png","contentUrl":"https:\/\/centrourbano.com\/revista\/wp-content\/uploads\/web_CU_logo-1.png","width":350,"height":91,"caption":"Centro Urbano"},"image":{"@id":"https:\/\/centrourbano.com\/revista\/#\/schema\/logo\/image\/"},"sameAs":["https:\/\/www.facebook.com\/portalcentrourbano","https:\/\/x.com\/CentroUrbano","https:\/\/www.instagram.com\/centro_urbano\/","https:\/\/www.linkedin.com\/company\/centro-urbano\/","http:\/\/www.youtube.com\/user\/portalcentrourbano"]},{"@type":"Person","@id":"https:\/\/centrourbano.com\/revista\/#\/schema\/person\/db5aba19153b4dc77f48808c4c2e7027","name":"Hanae Pacheco","image":{"@type":"ImageObject","inLanguage":"es","@id":"https:\/\/secure.gravatar.com\/avatar\/85378918db488c7c72bd7acaea6909bbfd5df076ffaf5e56cf397f98ef67f72d?s=96&d=mm&r=g","url":"https:\/\/secure.gravatar.com\/avatar\/85378918db488c7c72bd7acaea6909bbfd5df076ffaf5e56cf397f98ef67f72d?s=96&d=mm&r=g","contentUrl":"https:\/\/secure.gravatar.com\/avatar\/85378918db488c7c72bd7acaea6909bbfd5df076ffaf5e56cf397f98ef67f72d?s=96&d=mm&r=g","caption":"Hanae Pacheco"},"url":"https:\/\/centrourbano.com\/revista\/author\/hanae-pacheco\/"}]}},"_links":{"self":[{"href":"https:\/\/centrourbano.com\/revista\/wp-json\/wp\/v2\/posts\/53152","targetHints":{"allow":["GET"]}}],"collection":[{"href":"https:\/\/centrourbano.com\/revista\/wp-json\/wp\/v2\/posts"}],"about":[{"href":"https:\/\/centrourbano.com\/revista\/wp-json\/wp\/v2\/types\/post"}],"author":[{"embeddable":true,"href":"https:\/\/centrourbano.com\/revista\/wp-json\/wp\/v2\/users\/45"}],"replies":[{"embeddable":true,"href":"https:\/\/centrourbano.com\/revista\/wp-json\/wp\/v2\/comments?post=53152"}],"version-history":[{"count":0,"href":"https:\/\/centrourbano.com\/revista\/wp-json\/wp\/v2\/posts\/53152\/revisions"}],"wp:featuredmedia":[{"embeddable":true,"href":"https:\/\/centrourbano.com\/revista\/wp-json\/wp\/v2\/media\/53153"}],"wp:attachment":[{"href":"https:\/\/centrourbano.com\/revista\/wp-json\/wp\/v2\/media?parent=53152"}],"wp:term":[{"taxonomy":"category","embeddable":true,"href":"https:\/\/centrourbano.com\/revista\/wp-json\/wp\/v2\/categories?post=53152"},{"taxonomy":"post_tag","embeddable":true,"href":"https:\/\/centrourbano.com\/revista\/wp-json\/wp\/v2\/tags?post=53152"}],"curies":[{"name":"wp","href":"https:\/\/api.w.org\/{rel}","templated":true}]}}