{"id":53059,"date":"2017-05-12T09:57:52","date_gmt":"2017-05-12T14:57:52","guid":{"rendered":"https:\/\/centrourbano.com\/?p=53059"},"modified":"2017-05-12T09:57:52","modified_gmt":"2017-05-12T14:57:52","slug":"santiago-calatrava-disena-proyecto-transformar-la-peninsula-greenwich","status":"publish","type":"post","link":"https:\/\/centrourbano.com\/revista\/arquitectura-2\/santiago-calatrava-disena-proyecto-transformar-la-peninsula-greenwich\/","title":{"rendered":"Santiago Calatrava dise\u00f1a proyecto para transformar la pen\u00ednsula de Greenwich"},"content":{"rendered":"<p><em>Knight Dragon ser\u00e1 uno de los proyectos de regeneraci\u00f3n urbana m\u00e1s grandes de Europa<\/em><!--more--><\/p>\n<p>Recientemente Santiago Calatrava present\u00f3 el que ser\u00e1 su primer proyecto en Londres, un trabajo que consider\u00f3 como una s\u00edntesis de sus 35 a\u00f1os de carrera.<\/p>\n<p>Se trata de la creaci\u00f3n de un nuevo y vibrante distrito, uno de los proyectos de regeneraci\u00f3n urbana m\u00e1s grandes de Europa que se establece para transformar dicha zona que emerge del distrito cultural de la capital brit\u00e1nica. <\/p>\n<p>Knight Dragon dio a conocer los planes de este nuevo hito de 1,000 millones de euros, dise\u00f1ado por el arquitecto espa\u00f1ol Santiago Calatrava, en el coraz\u00f3n de la pen\u00ednsula de Greenwich. <\/p>\n<p>El proyecto contempla que los residentes y visitantes puedan llegar desde el tubo en un jard\u00edn de vidrio de alta galer\u00eda con 80 pies. El esquema totalizar\u00e1 1.4 millones de pies cuadrados incluyendo el tubo y la estaci\u00f3n de autobuses, teatro, cine y lugar de actuaci\u00f3n, as\u00ed como bares y tiendas. <\/p>\n<p>Por encima de esa cifra, este nuevo complejo aumentar\u00e1 tres torres de espacios de trabajo, departamentos y hoteles, todos conectados por un impresionante puente.<\/p>\n<a href=\"https:\/\/centrourbano.com\/revista\/wp-content\/uploads\/Clatrava-Londres-.jpg\"><img loading=\"lazy\" decoding=\"async\" src=\"https:\/\/centrourbano.com\/revista\/wp-content\/uploads\/Clatrava-Londres-.jpg\" alt=\"\" width=\"856\" height=\"568\" class=\"alignleft size-full wp-image-53061\" srcset=\"https:\/\/centrourbano.com\/revista\/wp-content\/uploads\/Clatrava-Londres-.jpg 856w, https:\/\/centrourbano.com\/revista\/wp-content\/uploads\/Clatrava-Londres--300x199.jpg 300w, https:\/\/centrourbano.com\/revista\/wp-content\/uploads\/Clatrava-Londres--768x510.jpg 768w\" sizes=\"auto, (max-width: 856px) 100vw, 856px\" \/><\/a>\n<p>La pen\u00ednsula de Greenwich es el mayor proyecto de regeneraci\u00f3n, \u00fanico de Londres, en donde la transformaci\u00f3n de 8.4 mil millones euros ser llevar\u00e1 a cabo en los pr\u00f3ximos a\u00f1os.<\/p>\n<p>Ofrecer\u00e1n 15,720 nuevas viviendas en siete nuevos barrios: el hogar de centro del primer estudio importante de cine de Londres, un nuevo distrito de dise\u00f1o, escuelas, oficinas, servicios de salud y espacios p\u00fablicos, todo ello envuelto en un 1.6 millas del r\u00edo T\u00e1mesis. <\/p>\n<p>Santiago Calatrava es el \u00faltimo arquitecto que se encarg\u00f3 del Knight Dragon, elegido por sus dise\u00f1os de clase mundial y experiencia en la entrega de los centros de transporte; este profesional se une a una lista de otros arquitectos como SOM, Marks Barfield, DSDHA, Alison Brooks y Duggan Morris que tambi\u00e9n est\u00e1n ayudando con la pen\u00ednsula de Greenwich un destino de renombre mundial.<\/p>\n<p>El alcalde de Londres, Sadiq Khan , dijo estar encantado de que Santiago Calatrava haya elegido a Londres para su primer proyecto importante en el Reino Unido Esto, ya que demuestra que Londres sigue siendo abierto a la inversi\u00f3n, el comercio y los mejores talentos de todo el mundo. <\/p>\n<p>Por su parte, Santiago Calatrava , dijo que es un honor haber hecho el dise\u00f1o de una pieza de la tela de Londres, el cual se ha inspirado en la rica herencia arquitect\u00f3nica de Londres y la geograf\u00eda muy especial de la Pen\u00ednsula.  <\/p>\n","protected":false},"excerpt":{"rendered":"<p>Knight Dragon ser\u00e1 uno de los proyectos de regeneraci\u00f3n urbana m\u00e1s grandes de Europa<\/p>\n","protected":false},"author":9,"featured_media":53060,"comment_status":"open","ping_status":"closed","sticky":false,"template":"","format":"standard","meta":{"om_disable_all_campaigns":false,"inline_featured_image":false,"_monsterinsights_skip_tracking":false,"_monsterinsights_sitenote_active":false,"_monsterinsights_sitenote_note":"","_monsterinsights_sitenote_category":0,"footnotes":""},"categories":[81],"tags":[],"class_list":["post-53059","post","type-post","status-publish","format-standard","has-post-thumbnail","hentry","category-arquitectura-2"],"yoast_head":"<!-- This site is optimized with the Yoast SEO plugin v27.4 - https:\/\/yoast.com\/product\/yoast-seo-wordpress\/ -->\n<title>Santiago Calatrava dise\u00f1a proyecto para transformar la pen\u00ednsula de Greenwich<\/title>\n<meta name=\"description\" content=\"Knight Dragon ser\u00e1 uno de los proyectos de regeneraci\u00f3n urbana m\u00e1s grandes de Europa\" \/>\n<meta name=\"robots\" content=\"index, follow, max-snippet:-1, max-image-preview:large, max-video-preview:-1\" \/>\n<link rel=\"canonical\" href=\"https:\/\/centrourbano.com\/revista\/arquitectura-2\/santiago-calatrava-disena-proyecto-transformar-la-peninsula-greenwich\/\" \/>\n<meta property=\"og:locale\" content=\"es_ES\" \/>\n<meta property=\"og:type\" content=\"article\" \/>\n<meta property=\"og:title\" content=\"Santiago Calatrava dise\u00f1a proyecto para transformar la pen\u00ednsula de Greenwich\" \/>\n<meta property=\"og:description\" content=\"Knight Dragon ser\u00e1 uno de los proyectos de regeneraci\u00f3n urbana m\u00e1s grandes de Europa\" \/>\n<meta property=\"og:url\" content=\"https:\/\/centrourbano.com\/revista\/arquitectura-2\/santiago-calatrava-disena-proyecto-transformar-la-peninsula-greenwich\/\" \/>\n<meta property=\"og:site_name\" content=\"Centro Urbano\" \/>\n<meta property=\"article:publisher\" content=\"https:\/\/www.facebook.com\/portalcentrourbano\" \/>\n<meta property=\"article:published_time\" content=\"2017-05-12T14:57:52+00:00\" \/>\n<meta property=\"og:image\" content=\"https:\/\/centrourbano.com\/revista\/wp-content\/uploads\/Santiago-Calatrava-disen\u0303a-proyecto-para-transformar-la-peni\u0301nsula-de-Greenwich.jpg\" \/>\n\t<meta property=\"og:image:width\" content=\"770\" \/>\n\t<meta property=\"og:image:height\" content=\"450\" \/>\n\t<meta property=\"og:image:type\" content=\"image\/jpeg\" \/>\n<meta name=\"author\" content=\"Dinorah Nava\" \/>\n<meta name=\"twitter:card\" content=\"summary_large_image\" \/>\n<meta name=\"twitter:creator\" content=\"@https:\/\/twitter.com\/Dinorah_Nava28\" \/>\n<meta name=\"twitter:site\" content=\"@CentroUrbano\" \/>\n<meta name=\"twitter:label1\" content=\"Escrito por\" \/>\n\t<meta name=\"twitter:data1\" content=\"Dinorah Nava\" \/>\n\t<meta name=\"twitter:label2\" content=\"Tiempo de lectura\" \/>\n\t<meta name=\"twitter:data2\" content=\"2 minutos\" \/>\n<script type=\"application\/ld+json\" class=\"yoast-schema-graph\">{\"@context\":\"https:\\\/\\\/schema.org\",\"@graph\":[{\"@type\":\"Article\",\"@id\":\"https:\\\/\\\/centrourbano.com\\\/revista\\\/arquitectura-2\\\/santiago-calatrava-disena-proyecto-transformar-la-peninsula-greenwich\\\/#article\",\"isPartOf\":{\"@id\":\"https:\\\/\\\/centrourbano.com\\\/revista\\\/arquitectura-2\\\/santiago-calatrava-disena-proyecto-transformar-la-peninsula-greenwich\\\/\"},\"author\":{\"name\":\"Dinorah Nava\",\"@id\":\"https:\\\/\\\/centrourbano.com\\\/revista\\\/#\\\/schema\\\/person\\\/b45db815d96831257ba428a3d5a5fbdc\"},\"headline\":\"Santiago Calatrava dise\u00f1a proyecto para transformar la pen\u00ednsula de Greenwich\",\"datePublished\":\"2017-05-12T14:57:52+00:00\",\"mainEntityOfPage\":{\"@id\":\"https:\\\/\\\/centrourbano.com\\\/revista\\\/arquitectura-2\\\/santiago-calatrava-disena-proyecto-transformar-la-peninsula-greenwich\\\/\"},\"wordCount\":449,\"commentCount\":0,\"publisher\":{\"@id\":\"https:\\\/\\\/centrourbano.com\\\/revista\\\/#organization\"},\"image\":{\"@id\":\"https:\\\/\\\/centrourbano.com\\\/revista\\\/arquitectura-2\\\/santiago-calatrava-disena-proyecto-transformar-la-peninsula-greenwich\\\/#primaryimage\"},\"thumbnailUrl\":\"https:\\\/\\\/centrourbano.com\\\/revista\\\/wp-content\\\/uploads\\\/Santiago-Calatrava-disen\u0303a-proyecto-para-transformar-la-peni\u0301nsula-de-Greenwich.jpg\",\"articleSection\":[\"Arquitectura\"],\"inLanguage\":\"es\",\"potentialAction\":[{\"@type\":\"CommentAction\",\"name\":\"Comment\",\"target\":[\"https:\\\/\\\/centrourbano.com\\\/revista\\\/arquitectura-2\\\/santiago-calatrava-disena-proyecto-transformar-la-peninsula-greenwich\\\/#respond\"]}]},{\"@type\":\"WebPage\",\"@id\":\"https:\\\/\\\/centrourbano.com\\\/revista\\\/arquitectura-2\\\/santiago-calatrava-disena-proyecto-transformar-la-peninsula-greenwich\\\/\",\"url\":\"https:\\\/\\\/centrourbano.com\\\/revista\\\/arquitectura-2\\\/santiago-calatrava-disena-proyecto-transformar-la-peninsula-greenwich\\\/\",\"name\":\"Santiago Calatrava dise\u00f1a proyecto para transformar la pen\u00ednsula de Greenwich\",\"isPartOf\":{\"@id\":\"https:\\\/\\\/centrourbano.com\\\/revista\\\/#website\"},\"primaryImageOfPage\":{\"@id\":\"https:\\\/\\\/centrourbano.com\\\/revista\\\/arquitectura-2\\\/santiago-calatrava-disena-proyecto-transformar-la-peninsula-greenwich\\\/#primaryimage\"},\"image\":{\"@id\":\"https:\\\/\\\/centrourbano.com\\\/revista\\\/arquitectura-2\\\/santiago-calatrava-disena-proyecto-transformar-la-peninsula-greenwich\\\/#primaryimage\"},\"thumbnailUrl\":\"https:\\\/\\\/centrourbano.com\\\/revista\\\/wp-content\\\/uploads\\\/Santiago-Calatrava-disen\u0303a-proyecto-para-transformar-la-peni\u0301nsula-de-Greenwich.jpg\",\"datePublished\":\"2017-05-12T14:57:52+00:00\",\"description\":\"Knight Dragon ser\u00e1 uno de los proyectos de regeneraci\u00f3n urbana m\u00e1s grandes de Europa\",\"breadcrumb\":{\"@id\":\"https:\\\/\\\/centrourbano.com\\\/revista\\\/arquitectura-2\\\/santiago-calatrava-disena-proyecto-transformar-la-peninsula-greenwich\\\/#breadcrumb\"},\"inLanguage\":\"es\",\"potentialAction\":[{\"@type\":\"ReadAction\",\"target\":[\"https:\\\/\\\/centrourbano.com\\\/revista\\\/arquitectura-2\\\/santiago-calatrava-disena-proyecto-transformar-la-peninsula-greenwich\\\/\"]}]},{\"@type\":\"ImageObject\",\"inLanguage\":\"es\",\"@id\":\"https:\\\/\\\/centrourbano.com\\\/revista\\\/arquitectura-2\\\/santiago-calatrava-disena-proyecto-transformar-la-peninsula-greenwich\\\/#primaryimage\",\"url\":\"https:\\\/\\\/centrourbano.com\\\/revista\\\/wp-content\\\/uploads\\\/Santiago-Calatrava-disen\u0303a-proyecto-para-transformar-la-peni\u0301nsula-de-Greenwich.jpg\",\"contentUrl\":\"https:\\\/\\\/centrourbano.com\\\/revista\\\/wp-content\\\/uploads\\\/Santiago-Calatrava-disen\u0303a-proyecto-para-transformar-la-peni\u0301nsula-de-Greenwich.jpg\",\"width\":770,\"height\":450,\"caption\":\"Knight Dragon ser\u00e1 uno de los proyectos de regeneraci\u00f3n urbana m\u00e1s grandes de Europa\"},{\"@type\":\"BreadcrumbList\",\"@id\":\"https:\\\/\\\/centrourbano.com\\\/revista\\\/arquitectura-2\\\/santiago-calatrava-disena-proyecto-transformar-la-peninsula-greenwich\\\/#breadcrumb\",\"itemListElement\":[{\"@type\":\"ListItem\",\"position\":1,\"name\":\"Portada\",\"item\":\"https:\\\/\\\/centrourbano.com\\\/revista\\\/\"},{\"@type\":\"ListItem\",\"position\":2,\"name\":\"Santiago Calatrava dise\u00f1a proyecto para transformar la pen\u00ednsula de Greenwich\"}]},{\"@type\":\"WebSite\",\"@id\":\"https:\\\/\\\/centrourbano.com\\\/revista\\\/#website\",\"url\":\"https:\\\/\\\/centrourbano.com\\\/revista\\\/\",\"name\":\"Centro Urbano\",\"description\":\"Medio especializado en los sectores vivienda, inmobiliario, construcci\u00f3n, arquitectura y urbanismo.\",\"publisher\":{\"@id\":\"https:\\\/\\\/centrourbano.com\\\/revista\\\/#organization\"},\"potentialAction\":[{\"@type\":\"SearchAction\",\"target\":{\"@type\":\"EntryPoint\",\"urlTemplate\":\"https:\\\/\\\/centrourbano.com\\\/revista\\\/?s={search_term_string}\"},\"query-input\":{\"@type\":\"PropertyValueSpecification\",\"valueRequired\":true,\"valueName\":\"search_term_string\"}}],\"inLanguage\":\"es\"},{\"@type\":\"Organization\",\"@id\":\"https:\\\/\\\/centrourbano.com\\\/revista\\\/#organization\",\"name\":\"Centro Urbano\",\"url\":\"https:\\\/\\\/centrourbano.com\\\/revista\\\/\",\"logo\":{\"@type\":\"ImageObject\",\"inLanguage\":\"es\",\"@id\":\"https:\\\/\\\/centrourbano.com\\\/revista\\\/#\\\/schema\\\/logo\\\/image\\\/\",\"url\":\"https:\\\/\\\/centrourbano.com\\\/revista\\\/wp-content\\\/uploads\\\/web_CU_logo-1.png\",\"contentUrl\":\"https:\\\/\\\/centrourbano.com\\\/revista\\\/wp-content\\\/uploads\\\/web_CU_logo-1.png\",\"width\":350,\"height\":91,\"caption\":\"Centro Urbano\"},\"image\":{\"@id\":\"https:\\\/\\\/centrourbano.com\\\/revista\\\/#\\\/schema\\\/logo\\\/image\\\/\"},\"sameAs\":[\"https:\\\/\\\/www.facebook.com\\\/portalcentrourbano\",\"https:\\\/\\\/x.com\\\/CentroUrbano\",\"https:\\\/\\\/www.instagram.com\\\/centro_urbano\\\/\",\"https:\\\/\\\/www.linkedin.com\\\/company\\\/centro-urbano\\\/\",\"http:\\\/\\\/www.youtube.com\\\/user\\\/portalcentrourbano\"]},{\"@type\":\"Person\",\"@id\":\"https:\\\/\\\/centrourbano.com\\\/revista\\\/#\\\/schema\\\/person\\\/b45db815d96831257ba428a3d5a5fbdc\",\"name\":\"Dinorah Nava\",\"image\":{\"@type\":\"ImageObject\",\"inLanguage\":\"es\",\"@id\":\"https:\\\/\\\/secure.gravatar.com\\\/avatar\\\/f6ca6430c51d147f363940f84e1225aa4b8183885c11802cc3b042305a4ecc1a?s=96&d=mm&r=g\",\"url\":\"https:\\\/\\\/secure.gravatar.com\\\/avatar\\\/f6ca6430c51d147f363940f84e1225aa4b8183885c11802cc3b042305a4ecc1a?s=96&d=mm&r=g\",\"contentUrl\":\"https:\\\/\\\/secure.gravatar.com\\\/avatar\\\/f6ca6430c51d147f363940f84e1225aa4b8183885c11802cc3b042305a4ecc1a?s=96&d=mm&r=g\",\"caption\":\"Dinorah Nava\"},\"description\":\"Editora de Contenidos y Estrategias Digitales en Centro Urbano y Coeditora en Peri\u00f3dico Mi Casa. Egresada de la licenciatura en Comunicaci\u00f3n y Periodismo de la Facultad de Estudios Superiores Arag\u00f3n (UNAM). Amante de la edici\u00f3n y correcci\u00f3n de estilo, las redes sociales y el mundo digital. Especialista en temas son arquitectura, inmobiliario y urbanismo.\",\"sameAs\":[\"linkedin.com\\\/in\\\/dinorah-nava\",\"https:\\\/\\\/x.com\\\/https:\\\/\\\/twitter.com\\\/Dinorah_Nava28\"],\"url\":\"https:\\\/\\\/centrourbano.com\\\/revista\\\/author\\\/dinorah-nava\\\/\"}]}<\/script>\n<!-- \/ Yoast SEO plugin. -->","yoast_head_json":{"title":"Santiago Calatrava dise\u00f1a proyecto para transformar la pen\u00ednsula de Greenwich","description":"Knight Dragon ser\u00e1 uno de los proyectos de regeneraci\u00f3n urbana m\u00e1s grandes de Europa","robots":{"index":"index","follow":"follow","max-snippet":"max-snippet:-1","max-image-preview":"max-image-preview:large","max-video-preview":"max-video-preview:-1"},"canonical":"https:\/\/centrourbano.com\/revista\/arquitectura-2\/santiago-calatrava-disena-proyecto-transformar-la-peninsula-greenwich\/","og_locale":"es_ES","og_type":"article","og_title":"Santiago Calatrava dise\u00f1a proyecto para transformar la pen\u00ednsula de Greenwich","og_description":"Knight Dragon ser\u00e1 uno de los proyectos de regeneraci\u00f3n urbana m\u00e1s grandes de Europa","og_url":"https:\/\/centrourbano.com\/revista\/arquitectura-2\/santiago-calatrava-disena-proyecto-transformar-la-peninsula-greenwich\/","og_site_name":"Centro Urbano","article_publisher":"https:\/\/www.facebook.com\/portalcentrourbano","article_published_time":"2017-05-12T14:57:52+00:00","og_image":[{"width":770,"height":450,"url":"https:\/\/centrourbano.com\/revista\/wp-content\/uploads\/Santiago-Calatrava-disen\u0303a-proyecto-para-transformar-la-peni\u0301nsula-de-Greenwich.jpg","type":"image\/jpeg"}],"author":"Dinorah Nava","twitter_card":"summary_large_image","twitter_creator":"@https:\/\/twitter.com\/Dinorah_Nava28","twitter_site":"@CentroUrbano","twitter_misc":{"Escrito por":"Dinorah Nava","Tiempo de lectura":"2 minutos"},"schema":{"@context":"https:\/\/schema.org","@graph":[{"@type":"Article","@id":"https:\/\/centrourbano.com\/revista\/arquitectura-2\/santiago-calatrava-disena-proyecto-transformar-la-peninsula-greenwich\/#article","isPartOf":{"@id":"https:\/\/centrourbano.com\/revista\/arquitectura-2\/santiago-calatrava-disena-proyecto-transformar-la-peninsula-greenwich\/"},"author":{"name":"Dinorah Nava","@id":"https:\/\/centrourbano.com\/revista\/#\/schema\/person\/b45db815d96831257ba428a3d5a5fbdc"},"headline":"Santiago Calatrava dise\u00f1a proyecto para transformar la pen\u00ednsula de Greenwich","datePublished":"2017-05-12T14:57:52+00:00","mainEntityOfPage":{"@id":"https:\/\/centrourbano.com\/revista\/arquitectura-2\/santiago-calatrava-disena-proyecto-transformar-la-peninsula-greenwich\/"},"wordCount":449,"commentCount":0,"publisher":{"@id":"https:\/\/centrourbano.com\/revista\/#organization"},"image":{"@id":"https:\/\/centrourbano.com\/revista\/arquitectura-2\/santiago-calatrava-disena-proyecto-transformar-la-peninsula-greenwich\/#primaryimage"},"thumbnailUrl":"https:\/\/centrourbano.com\/revista\/wp-content\/uploads\/Santiago-Calatrava-disen\u0303a-proyecto-para-transformar-la-peni\u0301nsula-de-Greenwich.jpg","articleSection":["Arquitectura"],"inLanguage":"es","potentialAction":[{"@type":"CommentAction","name":"Comment","target":["https:\/\/centrourbano.com\/revista\/arquitectura-2\/santiago-calatrava-disena-proyecto-transformar-la-peninsula-greenwich\/#respond"]}]},{"@type":"WebPage","@id":"https:\/\/centrourbano.com\/revista\/arquitectura-2\/santiago-calatrava-disena-proyecto-transformar-la-peninsula-greenwich\/","url":"https:\/\/centrourbano.com\/revista\/arquitectura-2\/santiago-calatrava-disena-proyecto-transformar-la-peninsula-greenwich\/","name":"Santiago Calatrava dise\u00f1a proyecto para transformar la pen\u00ednsula de Greenwich","isPartOf":{"@id":"https:\/\/centrourbano.com\/revista\/#website"},"primaryImageOfPage":{"@id":"https:\/\/centrourbano.com\/revista\/arquitectura-2\/santiago-calatrava-disena-proyecto-transformar-la-peninsula-greenwich\/#primaryimage"},"image":{"@id":"https:\/\/centrourbano.com\/revista\/arquitectura-2\/santiago-calatrava-disena-proyecto-transformar-la-peninsula-greenwich\/#primaryimage"},"thumbnailUrl":"https:\/\/centrourbano.com\/revista\/wp-content\/uploads\/Santiago-Calatrava-disen\u0303a-proyecto-para-transformar-la-peni\u0301nsula-de-Greenwich.jpg","datePublished":"2017-05-12T14:57:52+00:00","description":"Knight Dragon ser\u00e1 uno de los proyectos de regeneraci\u00f3n urbana m\u00e1s grandes de Europa","breadcrumb":{"@id":"https:\/\/centrourbano.com\/revista\/arquitectura-2\/santiago-calatrava-disena-proyecto-transformar-la-peninsula-greenwich\/#breadcrumb"},"inLanguage":"es","potentialAction":[{"@type":"ReadAction","target":["https:\/\/centrourbano.com\/revista\/arquitectura-2\/santiago-calatrava-disena-proyecto-transformar-la-peninsula-greenwich\/"]}]},{"@type":"ImageObject","inLanguage":"es","@id":"https:\/\/centrourbano.com\/revista\/arquitectura-2\/santiago-calatrava-disena-proyecto-transformar-la-peninsula-greenwich\/#primaryimage","url":"https:\/\/centrourbano.com\/revista\/wp-content\/uploads\/Santiago-Calatrava-disen\u0303a-proyecto-para-transformar-la-peni\u0301nsula-de-Greenwich.jpg","contentUrl":"https:\/\/centrourbano.com\/revista\/wp-content\/uploads\/Santiago-Calatrava-disen\u0303a-proyecto-para-transformar-la-peni\u0301nsula-de-Greenwich.jpg","width":770,"height":450,"caption":"Knight Dragon ser\u00e1 uno de los proyectos de regeneraci\u00f3n urbana m\u00e1s grandes de Europa"},{"@type":"BreadcrumbList","@id":"https:\/\/centrourbano.com\/revista\/arquitectura-2\/santiago-calatrava-disena-proyecto-transformar-la-peninsula-greenwich\/#breadcrumb","itemListElement":[{"@type":"ListItem","position":1,"name":"Portada","item":"https:\/\/centrourbano.com\/revista\/"},{"@type":"ListItem","position":2,"name":"Santiago Calatrava dise\u00f1a proyecto para transformar la pen\u00ednsula de Greenwich"}]},{"@type":"WebSite","@id":"https:\/\/centrourbano.com\/revista\/#website","url":"https:\/\/centrourbano.com\/revista\/","name":"Centro Urbano","description":"Medio especializado en los sectores vivienda, inmobiliario, construcci\u00f3n, arquitectura y urbanismo.","publisher":{"@id":"https:\/\/centrourbano.com\/revista\/#organization"},"potentialAction":[{"@type":"SearchAction","target":{"@type":"EntryPoint","urlTemplate":"https:\/\/centrourbano.com\/revista\/?s={search_term_string}"},"query-input":{"@type":"PropertyValueSpecification","valueRequired":true,"valueName":"search_term_string"}}],"inLanguage":"es"},{"@type":"Organization","@id":"https:\/\/centrourbano.com\/revista\/#organization","name":"Centro Urbano","url":"https:\/\/centrourbano.com\/revista\/","logo":{"@type":"ImageObject","inLanguage":"es","@id":"https:\/\/centrourbano.com\/revista\/#\/schema\/logo\/image\/","url":"https:\/\/centrourbano.com\/revista\/wp-content\/uploads\/web_CU_logo-1.png","contentUrl":"https:\/\/centrourbano.com\/revista\/wp-content\/uploads\/web_CU_logo-1.png","width":350,"height":91,"caption":"Centro Urbano"},"image":{"@id":"https:\/\/centrourbano.com\/revista\/#\/schema\/logo\/image\/"},"sameAs":["https:\/\/www.facebook.com\/portalcentrourbano","https:\/\/x.com\/CentroUrbano","https:\/\/www.instagram.com\/centro_urbano\/","https:\/\/www.linkedin.com\/company\/centro-urbano\/","http:\/\/www.youtube.com\/user\/portalcentrourbano"]},{"@type":"Person","@id":"https:\/\/centrourbano.com\/revista\/#\/schema\/person\/b45db815d96831257ba428a3d5a5fbdc","name":"Dinorah Nava","image":{"@type":"ImageObject","inLanguage":"es","@id":"https:\/\/secure.gravatar.com\/avatar\/f6ca6430c51d147f363940f84e1225aa4b8183885c11802cc3b042305a4ecc1a?s=96&d=mm&r=g","url":"https:\/\/secure.gravatar.com\/avatar\/f6ca6430c51d147f363940f84e1225aa4b8183885c11802cc3b042305a4ecc1a?s=96&d=mm&r=g","contentUrl":"https:\/\/secure.gravatar.com\/avatar\/f6ca6430c51d147f363940f84e1225aa4b8183885c11802cc3b042305a4ecc1a?s=96&d=mm&r=g","caption":"Dinorah Nava"},"description":"Editora de Contenidos y Estrategias Digitales en Centro Urbano y Coeditora en Peri\u00f3dico Mi Casa. Egresada de la licenciatura en Comunicaci\u00f3n y Periodismo de la Facultad de Estudios Superiores Arag\u00f3n (UNAM). Amante de la edici\u00f3n y correcci\u00f3n de estilo, las redes sociales y el mundo digital. Especialista en temas son arquitectura, inmobiliario y urbanismo.","sameAs":["linkedin.com\/in\/dinorah-nava","https:\/\/x.com\/https:\/\/twitter.com\/Dinorah_Nava28"],"url":"https:\/\/centrourbano.com\/revista\/author\/dinorah-nava\/"}]}},"_links":{"self":[{"href":"https:\/\/centrourbano.com\/revista\/wp-json\/wp\/v2\/posts\/53059","targetHints":{"allow":["GET"]}}],"collection":[{"href":"https:\/\/centrourbano.com\/revista\/wp-json\/wp\/v2\/posts"}],"about":[{"href":"https:\/\/centrourbano.com\/revista\/wp-json\/wp\/v2\/types\/post"}],"author":[{"embeddable":true,"href":"https:\/\/centrourbano.com\/revista\/wp-json\/wp\/v2\/users\/9"}],"replies":[{"embeddable":true,"href":"https:\/\/centrourbano.com\/revista\/wp-json\/wp\/v2\/comments?post=53059"}],"version-history":[{"count":0,"href":"https:\/\/centrourbano.com\/revista\/wp-json\/wp\/v2\/posts\/53059\/revisions"}],"wp:featuredmedia":[{"embeddable":true,"href":"https:\/\/centrourbano.com\/revista\/wp-json\/wp\/v2\/media\/53060"}],"wp:attachment":[{"href":"https:\/\/centrourbano.com\/revista\/wp-json\/wp\/v2\/media?parent=53059"}],"wp:term":[{"taxonomy":"category","embeddable":true,"href":"https:\/\/centrourbano.com\/revista\/wp-json\/wp\/v2\/categories?post=53059"},{"taxonomy":"post_tag","embeddable":true,"href":"https:\/\/centrourbano.com\/revista\/wp-json\/wp\/v2\/tags?post=53059"}],"curies":[{"name":"wp","href":"https:\/\/api.w.org\/{rel}","templated":true}]}}