{"id":52955,"date":"2017-05-10T14:08:14","date_gmt":"2017-05-10T19:08:14","guid":{"rendered":"https:\/\/centrourbano.com\/?p=52955"},"modified":"2017-05-10T14:08:14","modified_gmt":"2017-05-10T19:08:14","slug":"falta-vinculacion-academia-e-industria-fassnacht","status":"publish","type":"post","link":"https:\/\/centrourbano.com\/revista\/actualidad\/falta-vinculacion-academia-e-industria-fassnacht\/","title":{"rendered":"Falta vinculaci\u00f3n entre academia e industria: Fassnacht"},"content":{"rendered":"<p><em>Consider\u00f3 que faltan m\u00e1s di\u00e1logos entre gobierno, empresa y academia<\/em><br \/>\n<!--more--><\/p>\n<p>El director del Instituto Polit\u00e9cnico Nacional (IPN), Enrique Fern\u00e1ndez Fassnacht, resalt\u00f3 la importancia de que el sector productivo apoye el talento de los cient\u00edficos mexicanos, ya que las Instituciones de Educaci\u00f3n Superior (IES) p\u00fabicas son las que desarrollan la mayor\u00eda de la investigaci\u00f3n que se hace en el pa\u00eds, dicho apoyo provocar\u00e1 productos y tecnolog\u00edas innovadoras en beneficio del desarrollo econ\u00f3mico y social del pa\u00eds.<\/p>\n<p>Esto lo expres\u00f3 al participar en el panel titulado Perspectiva actual y visi\u00f3n para el manejo de retos, riesgos y oportunidades, organizado por el Consejo Nacional de Ciencia y Tecnolog\u00eda (Conacyt), PROM\u00c9XICO y Elsevier Corporate Connect 2017. <\/p>\n<p>Ah\u00ed, Fern\u00e1ndez Fassnacht se\u00f1al\u00f3 que M\u00e9xico no ha logrado consolidar en su totalidad la triple h\u00e9lice, ya que ha faltado comunicaci\u00f3n entre gobierno, empresa y academia. Ejemplific\u00f3 que pa\u00edses, como Corea, se movieron hacia productos de alto valor agregado, pero en M\u00e9xico ni la industria, ni el gobierno voltearon a ver el trabajo de investigaci\u00f3n que se hac\u00eda en las IES y en los centros de investigaci\u00f3n y desarrollo.<\/p>\n<p>\u201cNosotros hacemos cosas que no sabemos que a la industria le sirven, la industria no sabe qu\u00e9 hacemos, por ende tampoco sabe lo que a nosotros nos sirve, y el gobierno, yo dir\u00eda que hasta hace relativamente pocos a\u00f1os hab\u00eda tenido un papel m\u00e1s de apoyar las actividades acad\u00e9micas e industriales, pero sin ninguna articulaci\u00f3n entre ellas\u201d, dijo.<\/p>\n<p>El acad\u00e9mico agreg\u00f3 que uno de los logros que se han tenido fue despu\u00e9s del Foro Consultivo Cient\u00edfico y Tecnol\u00f3gico (FCCyT) del Conacyt, a trav\u00e9s del Programa Especial de Ciencia, Tecnolog\u00eda e Innovaci\u00f3n (Pecyti), que puede considerarse como el primer esfuerzo de pol\u00edtica gubernamental que orient\u00f3 sus esfuerzos a impulsar la vinculaci\u00f3n entre los tres sectores.<\/p>\n<p>\u201cNo hay que olvidar que somos instituciones p\u00fablicas y que por lo tanto nuestro compromiso es con la sociedad mexicana, con el sector p\u00fablico y con el industrial, trabajamos en esa l\u00ednea, tenemos muchos convenidos, hemos aportado muchas soluciones a la industria mexicana, pero sin duda falta mayor comunicaci\u00f3n\u201d.<\/p>\n<p>Asimismo,  consider\u00f3 que en M\u00e9xico no se apoya de manera adecuada a la generaci\u00f3n de proyectos en las IES, ya que las empresas nacionales invierten poco en investigaci\u00f3n y desarrollo, esto se debe a que no entienden el valor que tiene la tecnolog\u00eda para el impulso de sus actividades industriales y econ\u00f3micas. <\/p>\n<p>\u201cPor ello, mantener en buena forma el sistema de investigaci\u00f3n en M\u00e9xico es important\u00edsimo; sin embargo, hay un paso que en el sentido estricto no hemos dado en el pa\u00eds, que es otorgarle valor al desarrollo de la tecnolog\u00eda que parte de la educaci\u00f3n y de la investigaci\u00f3n b\u00e1sica y aplicada\u201d.<\/p>\n<p>En el panel tambi\u00e9n participaron Dagoberto Cort\u00e9s, de la Asociaci\u00f3n Nacional de Fabricantes de Medicamentos (ANAFAM); Jaime Xavier Uvalle Bueno, de la empresa Jos\u00e9 Cuervo; Eduardo Sol\u00eds, de la Asociaci\u00f3n Mexicana de la Industria Automotriz (AMIA). <\/p>\n<p>Tambi\u00e9n estuvieron Carlos Ortiz G\u00f3mez, director General de Investigaci\u00f3n, Desarrollo Tecnol\u00f3gico y Formaci\u00f3n de Recursos Humanos de la Secretar\u00eda de Energ\u00eda; Jos\u00e9 Mustre de Le\u00f3n, director general del Centro de Investigaci\u00f3n y de Estudios Avanzados (Cinvestav-IPN); Jos\u00e9 Antonio Peral, de PROM\u00c9XICO y Fernando Aguirre, de Constellation Brands Inc.<\/p>\n","protected":false},"excerpt":{"rendered":"<p>Consider\u00f3 que faltan m\u00e1s di\u00e1logos entre gobierno, empresa y academia<\/p>\n","protected":false},"author":37,"featured_media":52956,"comment_status":"open","ping_status":"closed","sticky":false,"template":"","format":"standard","meta":{"om_disable_all_campaigns":false,"inline_featured_image":false,"_monsterinsights_skip_tracking":false,"_monsterinsights_sitenote_active":false,"_monsterinsights_sitenote_note":"","_monsterinsights_sitenote_category":0,"footnotes":""},"categories":[80],"tags":[],"class_list":["post-52955","post","type-post","status-publish","format-standard","has-post-thumbnail","hentry","category-actualidad"],"yoast_head":"<!-- This site is optimized with the Yoast SEO plugin v27.4 - https:\/\/yoast.com\/product\/yoast-seo-wordpress\/ -->\n<title>Falta vinculaci\u00f3n entre academia e industria: Fassnacht -<\/title>\n<meta name=\"description\" content=\"El director del Instituto Polit\u00e9cnico Nacional (IPN), Enrique Fern\u00e1ndez Fassnacht, resalt\u00f3 la importancia de que el sector productivo apoye el talento de los cient\u00edficos mexicanos, ya que las Instituciones de Educaci\u00f3n Superior (IES) p\u00fabicas son las que desarrollan la mayor\u00eda de la investigaci\u00f3n que se hace en el pa\u00eds, dicho apoyo provocar\u00e1 productos y tecnolog\u00edas innovadoras en beneficio del desarrollo econ\u00f3mico y social del pa\u00eds.\" \/>\n<meta name=\"robots\" content=\"index, follow, max-snippet:-1, max-image-preview:large, max-video-preview:-1\" \/>\n<link rel=\"canonical\" href=\"https:\/\/centrourbano.com\/revista\/actualidad\/falta-vinculacion-academia-e-industria-fassnacht\/\" \/>\n<meta property=\"og:locale\" content=\"es_ES\" \/>\n<meta property=\"og:type\" content=\"article\" \/>\n<meta property=\"og:title\" content=\"Falta vinculaci\u00f3n entre academia e industria: Fassnacht -\" \/>\n<meta property=\"og:description\" content=\"El director del Instituto Polit\u00e9cnico Nacional (IPN), Enrique Fern\u00e1ndez Fassnacht, resalt\u00f3 la importancia de que el sector productivo apoye el talento de los cient\u00edficos mexicanos, ya que las Instituciones de Educaci\u00f3n Superior (IES) p\u00fabicas son las que desarrollan la mayor\u00eda de la investigaci\u00f3n que se hace en el pa\u00eds, dicho apoyo provocar\u00e1 productos y tecnolog\u00edas innovadoras en beneficio del desarrollo econ\u00f3mico y social del pa\u00eds.\" \/>\n<meta property=\"og:url\" content=\"https:\/\/centrourbano.com\/revista\/actualidad\/falta-vinculacion-academia-e-industria-fassnacht\/\" \/>\n<meta property=\"og:site_name\" content=\"Centro Urbano\" \/>\n<meta property=\"article:publisher\" content=\"https:\/\/www.facebook.com\/portalcentrourbano\" \/>\n<meta property=\"article:published_time\" content=\"2017-05-10T19:08:14+00:00\" \/>\n<meta property=\"og:image\" content=\"https:\/\/centrourbano.com\/revista\/wp-content\/uploads\/ipn-1.jpg\" \/>\n\t<meta property=\"og:image:width\" content=\"749\" \/>\n\t<meta property=\"og:image:height\" content=\"391\" \/>\n\t<meta property=\"og:image:type\" content=\"image\/jpeg\" \/>\n<meta name=\"author\" content=\"Diego Rodr\u00edguez\" \/>\n<meta name=\"twitter:card\" content=\"summary_large_image\" \/>\n<meta name=\"twitter:creator\" content=\"@CentroUrbano\" \/>\n<meta name=\"twitter:site\" content=\"@CentroUrbano\" \/>\n<meta name=\"twitter:label1\" content=\"Escrito por\" \/>\n\t<meta name=\"twitter:data1\" content=\"Diego Rodr\u00edguez\" \/>\n\t<meta name=\"twitter:label2\" content=\"Tiempo de lectura\" \/>\n\t<meta name=\"twitter:data2\" content=\"3 minutos\" \/>\n<script type=\"application\/ld+json\" class=\"yoast-schema-graph\">{\"@context\":\"https:\\\/\\\/schema.org\",\"@graph\":[{\"@type\":\"Article\",\"@id\":\"https:\\\/\\\/centrourbano.com\\\/revista\\\/actualidad\\\/falta-vinculacion-academia-e-industria-fassnacht\\\/#article\",\"isPartOf\":{\"@id\":\"https:\\\/\\\/centrourbano.com\\\/revista\\\/actualidad\\\/falta-vinculacion-academia-e-industria-fassnacht\\\/\"},\"author\":{\"name\":\"Diego Rodr\u00edguez\",\"@id\":\"https:\\\/\\\/centrourbano.com\\\/revista\\\/#\\\/schema\\\/person\\\/b50192a3cd0e680841b45dc537f53970\"},\"headline\":\"Falta vinculaci\u00f3n entre academia e industria: Fassnacht\",\"datePublished\":\"2017-05-10T19:08:14+00:00\",\"mainEntityOfPage\":{\"@id\":\"https:\\\/\\\/centrourbano.com\\\/revista\\\/actualidad\\\/falta-vinculacion-academia-e-industria-fassnacht\\\/\"},\"wordCount\":611,\"commentCount\":0,\"publisher\":{\"@id\":\"https:\\\/\\\/centrourbano.com\\\/revista\\\/#organization\"},\"image\":{\"@id\":\"https:\\\/\\\/centrourbano.com\\\/revista\\\/actualidad\\\/falta-vinculacion-academia-e-industria-fassnacht\\\/#primaryimage\"},\"thumbnailUrl\":\"https:\\\/\\\/centrourbano.com\\\/revista\\\/wp-content\\\/uploads\\\/ipn-1.jpg\",\"articleSection\":[\"Actualidad\"],\"inLanguage\":\"es\",\"potentialAction\":[{\"@type\":\"CommentAction\",\"name\":\"Comment\",\"target\":[\"https:\\\/\\\/centrourbano.com\\\/revista\\\/actualidad\\\/falta-vinculacion-academia-e-industria-fassnacht\\\/#respond\"]}]},{\"@type\":\"WebPage\",\"@id\":\"https:\\\/\\\/centrourbano.com\\\/revista\\\/actualidad\\\/falta-vinculacion-academia-e-industria-fassnacht\\\/\",\"url\":\"https:\\\/\\\/centrourbano.com\\\/revista\\\/actualidad\\\/falta-vinculacion-academia-e-industria-fassnacht\\\/\",\"name\":\"Falta vinculaci\u00f3n entre academia e industria: Fassnacht -\",\"isPartOf\":{\"@id\":\"https:\\\/\\\/centrourbano.com\\\/revista\\\/#website\"},\"primaryImageOfPage\":{\"@id\":\"https:\\\/\\\/centrourbano.com\\\/revista\\\/actualidad\\\/falta-vinculacion-academia-e-industria-fassnacht\\\/#primaryimage\"},\"image\":{\"@id\":\"https:\\\/\\\/centrourbano.com\\\/revista\\\/actualidad\\\/falta-vinculacion-academia-e-industria-fassnacht\\\/#primaryimage\"},\"thumbnailUrl\":\"https:\\\/\\\/centrourbano.com\\\/revista\\\/wp-content\\\/uploads\\\/ipn-1.jpg\",\"datePublished\":\"2017-05-10T19:08:14+00:00\",\"description\":\"El director del Instituto Polit\u00e9cnico Nacional (IPN), Enrique Fern\u00e1ndez Fassnacht, resalt\u00f3 la importancia de que el sector productivo apoye el talento de los cient\u00edficos mexicanos, ya que las Instituciones de Educaci\u00f3n Superior (IES) p\u00fabicas son las que desarrollan la mayor\u00eda de la investigaci\u00f3n que se hace en el pa\u00eds, dicho apoyo provocar\u00e1 productos y tecnolog\u00edas innovadoras en beneficio del desarrollo econ\u00f3mico y social del pa\u00eds.\",\"breadcrumb\":{\"@id\":\"https:\\\/\\\/centrourbano.com\\\/revista\\\/actualidad\\\/falta-vinculacion-academia-e-industria-fassnacht\\\/#breadcrumb\"},\"inLanguage\":\"es\",\"potentialAction\":[{\"@type\":\"ReadAction\",\"target\":[\"https:\\\/\\\/centrourbano.com\\\/revista\\\/actualidad\\\/falta-vinculacion-academia-e-industria-fassnacht\\\/\"]}]},{\"@type\":\"ImageObject\",\"inLanguage\":\"es\",\"@id\":\"https:\\\/\\\/centrourbano.com\\\/revista\\\/actualidad\\\/falta-vinculacion-academia-e-industria-fassnacht\\\/#primaryimage\",\"url\":\"https:\\\/\\\/centrourbano.com\\\/revista\\\/wp-content\\\/uploads\\\/ipn-1.jpg\",\"contentUrl\":\"https:\\\/\\\/centrourbano.com\\\/revista\\\/wp-content\\\/uploads\\\/ipn-1.jpg\",\"width\":749,\"height\":391,\"caption\":\"Consider\u00f3 que faltan m\u00e1s di\u00e1logos entre gobierno, empresa y academia\"},{\"@type\":\"BreadcrumbList\",\"@id\":\"https:\\\/\\\/centrourbano.com\\\/revista\\\/actualidad\\\/falta-vinculacion-academia-e-industria-fassnacht\\\/#breadcrumb\",\"itemListElement\":[{\"@type\":\"ListItem\",\"position\":1,\"name\":\"Portada\",\"item\":\"https:\\\/\\\/centrourbano.com\\\/revista\\\/\"},{\"@type\":\"ListItem\",\"position\":2,\"name\":\"Falta vinculaci\u00f3n entre academia e industria: Fassnacht\"}]},{\"@type\":\"WebSite\",\"@id\":\"https:\\\/\\\/centrourbano.com\\\/revista\\\/#website\",\"url\":\"https:\\\/\\\/centrourbano.com\\\/revista\\\/\",\"name\":\"Centro Urbano\",\"description\":\"Medio especializado en los sectores vivienda, inmobiliario, construcci\u00f3n, arquitectura y urbanismo.\",\"publisher\":{\"@id\":\"https:\\\/\\\/centrourbano.com\\\/revista\\\/#organization\"},\"potentialAction\":[{\"@type\":\"SearchAction\",\"target\":{\"@type\":\"EntryPoint\",\"urlTemplate\":\"https:\\\/\\\/centrourbano.com\\\/revista\\\/?s={search_term_string}\"},\"query-input\":{\"@type\":\"PropertyValueSpecification\",\"valueRequired\":true,\"valueName\":\"search_term_string\"}}],\"inLanguage\":\"es\"},{\"@type\":\"Organization\",\"@id\":\"https:\\\/\\\/centrourbano.com\\\/revista\\\/#organization\",\"name\":\"Centro Urbano\",\"url\":\"https:\\\/\\\/centrourbano.com\\\/revista\\\/\",\"logo\":{\"@type\":\"ImageObject\",\"inLanguage\":\"es\",\"@id\":\"https:\\\/\\\/centrourbano.com\\\/revista\\\/#\\\/schema\\\/logo\\\/image\\\/\",\"url\":\"https:\\\/\\\/centrourbano.com\\\/revista\\\/wp-content\\\/uploads\\\/web_CU_logo-1.png\",\"contentUrl\":\"https:\\\/\\\/centrourbano.com\\\/revista\\\/wp-content\\\/uploads\\\/web_CU_logo-1.png\",\"width\":350,\"height\":91,\"caption\":\"Centro Urbano\"},\"image\":{\"@id\":\"https:\\\/\\\/centrourbano.com\\\/revista\\\/#\\\/schema\\\/logo\\\/image\\\/\"},\"sameAs\":[\"https:\\\/\\\/www.facebook.com\\\/portalcentrourbano\",\"https:\\\/\\\/x.com\\\/CentroUrbano\",\"https:\\\/\\\/www.instagram.com\\\/centro_urbano\\\/\",\"https:\\\/\\\/www.linkedin.com\\\/company\\\/centro-urbano\\\/\",\"http:\\\/\\\/www.youtube.com\\\/user\\\/portalcentrourbano\"]},{\"@type\":\"Person\",\"@id\":\"https:\\\/\\\/centrourbano.com\\\/revista\\\/#\\\/schema\\\/person\\\/b50192a3cd0e680841b45dc537f53970\",\"name\":\"Diego Rodr\u00edguez\",\"image\":{\"@type\":\"ImageObject\",\"inLanguage\":\"es\",\"@id\":\"https:\\\/\\\/secure.gravatar.com\\\/avatar\\\/d217565525df2df5d4e7265d47758506f41845ed9529510921a7625d8365789d?s=96&d=mm&r=g\",\"url\":\"https:\\\/\\\/secure.gravatar.com\\\/avatar\\\/d217565525df2df5d4e7265d47758506f41845ed9529510921a7625d8365789d?s=96&d=mm&r=g\",\"contentUrl\":\"https:\\\/\\\/secure.gravatar.com\\\/avatar\\\/d217565525df2df5d4e7265d47758506f41845ed9529510921a7625d8365789d?s=96&d=mm&r=g\",\"caption\":\"Diego Rodr\u00edguez\"},\"description\":\"Egresado de la Facultad de Estudios Superiores Acatl\u00e1n de la carrera en Comunicaci\u00f3n, con especialidad en medios escritos. Reportero del desaparecido peri\u00f3dico Nuestro M\u00e9xico, en donde cubri\u00f3 las fuentes delegacionales y Asamblea Legislativa. Tambi\u00e9n trabaj\u00f3 en la Coordinaci\u00f3n de Comunicaci\u00f3n Social en la delegaci\u00f3n \u00c1lvaro Obreg\u00f3n. Le gusta leer novelas y cuentos.\",\"url\":\"https:\\\/\\\/centrourbano.com\\\/revista\\\/author\\\/diegorodriguez\\\/\"}]}<\/script>\n<!-- \/ Yoast SEO plugin. -->","yoast_head_json":{"title":"Falta vinculaci\u00f3n entre academia e industria: Fassnacht -","description":"El director del Instituto Polit\u00e9cnico Nacional (IPN), Enrique Fern\u00e1ndez Fassnacht, resalt\u00f3 la importancia de que el sector productivo apoye el talento de los cient\u00edficos mexicanos, ya que las Instituciones de Educaci\u00f3n Superior (IES) p\u00fabicas son las que desarrollan la mayor\u00eda de la investigaci\u00f3n que se hace en el pa\u00eds, dicho apoyo provocar\u00e1 productos y tecnolog\u00edas innovadoras en beneficio del desarrollo econ\u00f3mico y social del pa\u00eds.","robots":{"index":"index","follow":"follow","max-snippet":"max-snippet:-1","max-image-preview":"max-image-preview:large","max-video-preview":"max-video-preview:-1"},"canonical":"https:\/\/centrourbano.com\/revista\/actualidad\/falta-vinculacion-academia-e-industria-fassnacht\/","og_locale":"es_ES","og_type":"article","og_title":"Falta vinculaci\u00f3n entre academia e industria: Fassnacht -","og_description":"El director del Instituto Polit\u00e9cnico Nacional (IPN), Enrique Fern\u00e1ndez Fassnacht, resalt\u00f3 la importancia de que el sector productivo apoye el talento de los cient\u00edficos mexicanos, ya que las Instituciones de Educaci\u00f3n Superior (IES) p\u00fabicas son las que desarrollan la mayor\u00eda de la investigaci\u00f3n que se hace en el pa\u00eds, dicho apoyo provocar\u00e1 productos y tecnolog\u00edas innovadoras en beneficio del desarrollo econ\u00f3mico y social del pa\u00eds.","og_url":"https:\/\/centrourbano.com\/revista\/actualidad\/falta-vinculacion-academia-e-industria-fassnacht\/","og_site_name":"Centro Urbano","article_publisher":"https:\/\/www.facebook.com\/portalcentrourbano","article_published_time":"2017-05-10T19:08:14+00:00","og_image":[{"width":749,"height":391,"url":"https:\/\/centrourbano.com\/revista\/wp-content\/uploads\/ipn-1.jpg","type":"image\/jpeg"}],"author":"Diego Rodr\u00edguez","twitter_card":"summary_large_image","twitter_creator":"@CentroUrbano","twitter_site":"@CentroUrbano","twitter_misc":{"Escrito por":"Diego Rodr\u00edguez","Tiempo de lectura":"3 minutos"},"schema":{"@context":"https:\/\/schema.org","@graph":[{"@type":"Article","@id":"https:\/\/centrourbano.com\/revista\/actualidad\/falta-vinculacion-academia-e-industria-fassnacht\/#article","isPartOf":{"@id":"https:\/\/centrourbano.com\/revista\/actualidad\/falta-vinculacion-academia-e-industria-fassnacht\/"},"author":{"name":"Diego Rodr\u00edguez","@id":"https:\/\/centrourbano.com\/revista\/#\/schema\/person\/b50192a3cd0e680841b45dc537f53970"},"headline":"Falta vinculaci\u00f3n entre academia e industria: Fassnacht","datePublished":"2017-05-10T19:08:14+00:00","mainEntityOfPage":{"@id":"https:\/\/centrourbano.com\/revista\/actualidad\/falta-vinculacion-academia-e-industria-fassnacht\/"},"wordCount":611,"commentCount":0,"publisher":{"@id":"https:\/\/centrourbano.com\/revista\/#organization"},"image":{"@id":"https:\/\/centrourbano.com\/revista\/actualidad\/falta-vinculacion-academia-e-industria-fassnacht\/#primaryimage"},"thumbnailUrl":"https:\/\/centrourbano.com\/revista\/wp-content\/uploads\/ipn-1.jpg","articleSection":["Actualidad"],"inLanguage":"es","potentialAction":[{"@type":"CommentAction","name":"Comment","target":["https:\/\/centrourbano.com\/revista\/actualidad\/falta-vinculacion-academia-e-industria-fassnacht\/#respond"]}]},{"@type":"WebPage","@id":"https:\/\/centrourbano.com\/revista\/actualidad\/falta-vinculacion-academia-e-industria-fassnacht\/","url":"https:\/\/centrourbano.com\/revista\/actualidad\/falta-vinculacion-academia-e-industria-fassnacht\/","name":"Falta vinculaci\u00f3n entre academia e industria: Fassnacht -","isPartOf":{"@id":"https:\/\/centrourbano.com\/revista\/#website"},"primaryImageOfPage":{"@id":"https:\/\/centrourbano.com\/revista\/actualidad\/falta-vinculacion-academia-e-industria-fassnacht\/#primaryimage"},"image":{"@id":"https:\/\/centrourbano.com\/revista\/actualidad\/falta-vinculacion-academia-e-industria-fassnacht\/#primaryimage"},"thumbnailUrl":"https:\/\/centrourbano.com\/revista\/wp-content\/uploads\/ipn-1.jpg","datePublished":"2017-05-10T19:08:14+00:00","description":"El director del Instituto Polit\u00e9cnico Nacional (IPN), Enrique Fern\u00e1ndez Fassnacht, resalt\u00f3 la importancia de que el sector productivo apoye el talento de los cient\u00edficos mexicanos, ya que las Instituciones de Educaci\u00f3n Superior (IES) p\u00fabicas son las que desarrollan la mayor\u00eda de la investigaci\u00f3n que se hace en el pa\u00eds, dicho apoyo provocar\u00e1 productos y tecnolog\u00edas innovadoras en beneficio del desarrollo econ\u00f3mico y social del pa\u00eds.","breadcrumb":{"@id":"https:\/\/centrourbano.com\/revista\/actualidad\/falta-vinculacion-academia-e-industria-fassnacht\/#breadcrumb"},"inLanguage":"es","potentialAction":[{"@type":"ReadAction","target":["https:\/\/centrourbano.com\/revista\/actualidad\/falta-vinculacion-academia-e-industria-fassnacht\/"]}]},{"@type":"ImageObject","inLanguage":"es","@id":"https:\/\/centrourbano.com\/revista\/actualidad\/falta-vinculacion-academia-e-industria-fassnacht\/#primaryimage","url":"https:\/\/centrourbano.com\/revista\/wp-content\/uploads\/ipn-1.jpg","contentUrl":"https:\/\/centrourbano.com\/revista\/wp-content\/uploads\/ipn-1.jpg","width":749,"height":391,"caption":"Consider\u00f3 que faltan m\u00e1s di\u00e1logos entre gobierno, empresa y academia"},{"@type":"BreadcrumbList","@id":"https:\/\/centrourbano.com\/revista\/actualidad\/falta-vinculacion-academia-e-industria-fassnacht\/#breadcrumb","itemListElement":[{"@type":"ListItem","position":1,"name":"Portada","item":"https:\/\/centrourbano.com\/revista\/"},{"@type":"ListItem","position":2,"name":"Falta vinculaci\u00f3n entre academia e industria: Fassnacht"}]},{"@type":"WebSite","@id":"https:\/\/centrourbano.com\/revista\/#website","url":"https:\/\/centrourbano.com\/revista\/","name":"Centro Urbano","description":"Medio especializado en los sectores vivienda, inmobiliario, construcci\u00f3n, arquitectura y urbanismo.","publisher":{"@id":"https:\/\/centrourbano.com\/revista\/#organization"},"potentialAction":[{"@type":"SearchAction","target":{"@type":"EntryPoint","urlTemplate":"https:\/\/centrourbano.com\/revista\/?s={search_term_string}"},"query-input":{"@type":"PropertyValueSpecification","valueRequired":true,"valueName":"search_term_string"}}],"inLanguage":"es"},{"@type":"Organization","@id":"https:\/\/centrourbano.com\/revista\/#organization","name":"Centro Urbano","url":"https:\/\/centrourbano.com\/revista\/","logo":{"@type":"ImageObject","inLanguage":"es","@id":"https:\/\/centrourbano.com\/revista\/#\/schema\/logo\/image\/","url":"https:\/\/centrourbano.com\/revista\/wp-content\/uploads\/web_CU_logo-1.png","contentUrl":"https:\/\/centrourbano.com\/revista\/wp-content\/uploads\/web_CU_logo-1.png","width":350,"height":91,"caption":"Centro Urbano"},"image":{"@id":"https:\/\/centrourbano.com\/revista\/#\/schema\/logo\/image\/"},"sameAs":["https:\/\/www.facebook.com\/portalcentrourbano","https:\/\/x.com\/CentroUrbano","https:\/\/www.instagram.com\/centro_urbano\/","https:\/\/www.linkedin.com\/company\/centro-urbano\/","http:\/\/www.youtube.com\/user\/portalcentrourbano"]},{"@type":"Person","@id":"https:\/\/centrourbano.com\/revista\/#\/schema\/person\/b50192a3cd0e680841b45dc537f53970","name":"Diego Rodr\u00edguez","image":{"@type":"ImageObject","inLanguage":"es","@id":"https:\/\/secure.gravatar.com\/avatar\/d217565525df2df5d4e7265d47758506f41845ed9529510921a7625d8365789d?s=96&d=mm&r=g","url":"https:\/\/secure.gravatar.com\/avatar\/d217565525df2df5d4e7265d47758506f41845ed9529510921a7625d8365789d?s=96&d=mm&r=g","contentUrl":"https:\/\/secure.gravatar.com\/avatar\/d217565525df2df5d4e7265d47758506f41845ed9529510921a7625d8365789d?s=96&d=mm&r=g","caption":"Diego Rodr\u00edguez"},"description":"Egresado de la Facultad de Estudios Superiores Acatl\u00e1n de la carrera en Comunicaci\u00f3n, con especialidad en medios escritos. Reportero del desaparecido peri\u00f3dico Nuestro M\u00e9xico, en donde cubri\u00f3 las fuentes delegacionales y Asamblea Legislativa. Tambi\u00e9n trabaj\u00f3 en la Coordinaci\u00f3n de Comunicaci\u00f3n Social en la delegaci\u00f3n \u00c1lvaro Obreg\u00f3n. Le gusta leer novelas y cuentos.","url":"https:\/\/centrourbano.com\/revista\/author\/diegorodriguez\/"}]}},"_links":{"self":[{"href":"https:\/\/centrourbano.com\/revista\/wp-json\/wp\/v2\/posts\/52955","targetHints":{"allow":["GET"]}}],"collection":[{"href":"https:\/\/centrourbano.com\/revista\/wp-json\/wp\/v2\/posts"}],"about":[{"href":"https:\/\/centrourbano.com\/revista\/wp-json\/wp\/v2\/types\/post"}],"author":[{"embeddable":true,"href":"https:\/\/centrourbano.com\/revista\/wp-json\/wp\/v2\/users\/37"}],"replies":[{"embeddable":true,"href":"https:\/\/centrourbano.com\/revista\/wp-json\/wp\/v2\/comments?post=52955"}],"version-history":[{"count":0,"href":"https:\/\/centrourbano.com\/revista\/wp-json\/wp\/v2\/posts\/52955\/revisions"}],"wp:featuredmedia":[{"embeddable":true,"href":"https:\/\/centrourbano.com\/revista\/wp-json\/wp\/v2\/media\/52956"}],"wp:attachment":[{"href":"https:\/\/centrourbano.com\/revista\/wp-json\/wp\/v2\/media?parent=52955"}],"wp:term":[{"taxonomy":"category","embeddable":true,"href":"https:\/\/centrourbano.com\/revista\/wp-json\/wp\/v2\/categories?post=52955"},{"taxonomy":"post_tag","embeddable":true,"href":"https:\/\/centrourbano.com\/revista\/wp-json\/wp\/v2\/tags?post=52955"}],"curies":[{"name":"wp","href":"https:\/\/api.w.org\/{rel}","templated":true}]}}