{"id":52672,"date":"2017-05-03T11:53:12","date_gmt":"2017-05-03T16:53:12","guid":{"rendered":"https:\/\/centrourbano.com\/?p=52672"},"modified":"2017-05-03T12:15:37","modified_gmt":"2017-05-03T17:15:37","slug":"entregan-premio-alumnas-arquitectura-del-tec-monterrey","status":"publish","type":"post","link":"https:\/\/centrourbano.com\/revista\/arquitectura-2\/entregan-premio-alumnas-arquitectura-del-tec-monterrey\/","title":{"rendered":"Entregan premio a alumnas de arquitectura del Tec de Monterrey"},"content":{"rendered":"<p><em>Fundaci\u00f3n Quiero Casa organiz\u00f3 concurso con alumnos del \u00faltimo semestre de Arquitectura<\/em><br \/>\n<!--more--><\/p>\n<p>Adriana Rosas, Cinthia Ch\u00e1vez, Darinka Garc\u00eda y Laura Fern\u00e1ndez, alumnas del \u00faltimo semestre de Arquitectura de la Facultad de Arquitectura del Tec de Monterrey, fueron las ganadoras de un concurso organizado por la Fundaci\u00f3n Quiero Casa, con su proyecto Torres Zaragoza. <\/p>\n<p>Laura Fern\u00e1ndez, explic\u00f3 que el proyecto consinti\u00f3 en desarrollar una etapa de un complejo que Quiero Casa tiene en la delegaci\u00f3n Venustiano Carranza, sobre la Calzada Ignacio Zaragoza. <\/p>\n<p>\u201cLa empresa ya ten\u00eda una fase que dise\u00f1\u00f3 y nuestra tarea era ver qu\u00e9 iba a pasar con el resto del terreno, en esa propuesta hicimos una an\u00e1lisis de la zona, de sus problem\u00e1ticas y necesidades de la gente respecto la a vivienda, con lo que se realizar\u00eda alrededor de 1,000 viviendas\u201d. <\/p>\n<p>Adriana Rosas consider\u00f3 que su proyecto logr\u00f3 ser el ganador ya que lograron mantener el equilibrio entre la est\u00e9tica y la parte del negocio, sin dejar de lado cumplir con los reglamentos y requerimientos gubernamentales.  <\/p>\n<p>\u201cNos fuimos por tener un equilibrio entre el negocio que necesita Quiero Casa, sin dejar a un lado la arquitectura, la vivienda digna para la personas, creo que el punto importante es que logramos el balance entre el negocio y la integraci\u00f3n de la comunidad en un mismo proyecto, eso fue clave\u201d.<\/p>\n<p>Asimismo, Darinka Garc\u00eda explic\u00f3 que todos los equipos tuvieron el acompa\u00f1amiento de la compa\u00f1\u00eda, para hacer visitas con los sectores involucrados, por lo que no s\u00f3lo tuvieron acercamiento con la parte administrativista, sino con los vecinos y sus necesidades de regeneraci\u00f3n urbana. <\/p>\n<p>\u201cFuimos a cada visita que quiero casa nos llev\u00f3 para conocer c\u00f3mo se desarrollan sus proyectos, desde la cimentaci\u00f3n, lo estructural, hasta el trato con la comunidad. Eso nos sensibiliz\u00f3 para ver qu\u00e9 tipo de vivienda era la que pod\u00edamos proponer y la necesidad de las personas. Por eso llegamos a departamentos de 54 y 30 metros cuadrados viendo as\u00ed que la necesidad de este momento y de un futuro van a ser para diferentes modelos de familias\u201d. <\/p>\n<p>Cinthia Ch\u00e1vez dijo que su proyecto lo tomaron con mucha seriedad, ya que se fijaron la meta de que se llevar\u00eda a cabo, por lo que no lo tomaron a la ligera. <\/p>\n<p>\u201cAunque hemos tenido conocimientos del reglamento de construcci\u00f3n, de la normativa, creo que el saber que es algo que est\u00e1 en proceso de construcci\u00f3n cambia muchas cosas, hab\u00eda decisiones que no se pod\u00edan tomar a la ligera o que no solo deb\u00edan ser por est\u00e9tica, sino que por el peso del concurso no pod\u00edan ser as\u00ed\u201d. <\/p>\n<p>David Hoffs, director Corporativo de Estrategia de la compa\u00f1\u00eda, dijo que la alianza entre la fundaci\u00f3n y el Tec de Monterrey logr\u00f3 establecer un puente que une a la academia, la industria, las autoridades y la comunidad. Detall\u00f3 que en el concurso participaron 52 alumnos en 15 equipos de los campus Santa Fe, Ciudad de M\u00e9xico y Estado de M\u00e9xico. <\/p>\n<p>\u201cLuego de una acuciosa investigaci\u00f3n acerca de la problem\u00e1tica y del an\u00e1lisis de los retos de los pobladores de la zona y la comunidad, los j\u00f3venes arquitectos identificaron y atacaron las \u00e1reas de oportunidad dentro del sector urbano planteado y lograron plasmar en su propuesta el proyecto arquitect\u00f3nico, econ\u00f3mico, ambiental y socialmente m\u00e1s viable\u201d. <\/p>\n<p>El jurado estuvo integrado por David Hoffs; Humberto Sald\u00edvar, gerente de Finanzas de Quiero Casa; Lu\u00eds Olgu\u00edn, director de Desarrollo Regenerativo; Oscar Rubio, director de Normatividad de Quiero Casa. <\/p>\n<p>Miguel T\u00e9llez, director de Arquitectura CCM del ITESM Campus Ciudad de M\u00e9xico; Patricia Torres, directora de Arquitectura del ITESM Campus Santa Fe; Linda Botti, directora de Arquitectura CSM del ITESM Campus Santa Fe; y Marisol Ugalde, directora de Arquitectura CEM del ITESM Campus Estado de M\u00e9xico.<\/p>\n<p>El equipo ganador se hizo acreedor a una beca completa para asistir al Congreso Mundial de Estudiantes de Arquitectura, a realizarse en Canc\u00fan, Quintana Roo durante el mes de septiembre del presente a\u00f1o.<\/p>\n","protected":false},"excerpt":{"rendered":"<p>Fundaci\u00f3n Quiero Casa organiz\u00f3 concurso con alumnos del \u00faltimo semestre de Arquitectura<\/p>\n","protected":false},"author":37,"featured_media":52682,"comment_status":"open","ping_status":"closed","sticky":false,"template":"","format":"standard","meta":{"om_disable_all_campaigns":false,"inline_featured_image":false,"_monsterinsights_skip_tracking":false,"_monsterinsights_sitenote_active":false,"_monsterinsights_sitenote_note":"","_monsterinsights_sitenote_category":0,"footnotes":""},"categories":[81],"tags":[],"class_list":["post-52672","post","type-post","status-publish","format-standard","has-post-thumbnail","hentry","category-arquitectura-2"],"yoast_head":"<!-- This site is optimized with the Yoast SEO plugin v27.4 - https:\/\/yoast.com\/product\/yoast-seo-wordpress\/ -->\n<title>Entregan premio a alumnas de arquitectura del Tec de Monterrey -<\/title>\n<meta name=\"description\" content=\"Adriana Rosas, Cinthia Ch\u00e1vez, Darinka Garc\u00eda y Laura Fern\u00e1ndez, alumnas del \u00faltimo semestre de Arquitectura de la Facultad de Arquitectura del Tec de Monterrey, fueron las ganadoras de un concurso organizado por la Fundaci\u00f3n Quiero Casa, con su proyecto Torres Zaragoza.\" \/>\n<meta name=\"robots\" content=\"index, follow, max-snippet:-1, max-image-preview:large, max-video-preview:-1\" \/>\n<link rel=\"canonical\" href=\"https:\/\/centrourbano.com\/revista\/arquitectura-2\/entregan-premio-alumnas-arquitectura-del-tec-monterrey\/\" \/>\n<meta property=\"og:locale\" content=\"es_ES\" \/>\n<meta property=\"og:type\" content=\"article\" \/>\n<meta property=\"og:title\" content=\"Entregan premio a alumnas de arquitectura del Tec de Monterrey -\" \/>\n<meta property=\"og:description\" content=\"Adriana Rosas, Cinthia Ch\u00e1vez, Darinka Garc\u00eda y Laura Fern\u00e1ndez, alumnas del \u00faltimo semestre de Arquitectura de la Facultad de Arquitectura del Tec de Monterrey, fueron las ganadoras de un concurso organizado por la Fundaci\u00f3n Quiero Casa, con su proyecto Torres Zaragoza.\" \/>\n<meta property=\"og:url\" content=\"https:\/\/centrourbano.com\/revista\/arquitectura-2\/entregan-premio-alumnas-arquitectura-del-tec-monterrey\/\" \/>\n<meta property=\"og:site_name\" content=\"Centro Urbano\" \/>\n<meta property=\"article:publisher\" content=\"https:\/\/www.facebook.com\/portalcentrourbano\" \/>\n<meta property=\"article:published_time\" content=\"2017-05-03T16:53:12+00:00\" \/>\n<meta property=\"article:modified_time\" content=\"2017-05-03T17:15:37+00:00\" \/>\n<meta property=\"og:image\" content=\"https:\/\/centrourbano.com\/revista\/wp-content\/uploads\/tec.jpg\" \/>\n\t<meta property=\"og:image:width\" content=\"1800\" \/>\n\t<meta property=\"og:image:height\" content=\"1350\" \/>\n\t<meta property=\"og:image:type\" content=\"image\/jpeg\" \/>\n<meta name=\"author\" content=\"Diego Rodr\u00edguez\" \/>\n<meta name=\"twitter:card\" content=\"summary_large_image\" \/>\n<meta name=\"twitter:creator\" content=\"@CentroUrbano\" \/>\n<meta name=\"twitter:site\" content=\"@CentroUrbano\" \/>\n<meta name=\"twitter:label1\" content=\"Escrito por\" \/>\n\t<meta name=\"twitter:data1\" content=\"Diego Rodr\u00edguez\" \/>\n\t<meta name=\"twitter:label2\" content=\"Tiempo de lectura\" \/>\n\t<meta name=\"twitter:data2\" content=\"3 minutos\" \/>\n<script type=\"application\/ld+json\" class=\"yoast-schema-graph\">{\"@context\":\"https:\\\/\\\/schema.org\",\"@graph\":[{\"@type\":\"Article\",\"@id\":\"https:\\\/\\\/centrourbano.com\\\/revista\\\/arquitectura-2\\\/entregan-premio-alumnas-arquitectura-del-tec-monterrey\\\/#article\",\"isPartOf\":{\"@id\":\"https:\\\/\\\/centrourbano.com\\\/revista\\\/arquitectura-2\\\/entregan-premio-alumnas-arquitectura-del-tec-monterrey\\\/\"},\"author\":{\"name\":\"Diego Rodr\u00edguez\",\"@id\":\"https:\\\/\\\/centrourbano.com\\\/revista\\\/#\\\/schema\\\/person\\\/b50192a3cd0e680841b45dc537f53970\"},\"headline\":\"Entregan premio a alumnas de arquitectura del Tec de Monterrey\",\"datePublished\":\"2017-05-03T16:53:12+00:00\",\"dateModified\":\"2017-05-03T17:15:37+00:00\",\"mainEntityOfPage\":{\"@id\":\"https:\\\/\\\/centrourbano.com\\\/revista\\\/arquitectura-2\\\/entregan-premio-alumnas-arquitectura-del-tec-monterrey\\\/\"},\"wordCount\":704,\"commentCount\":0,\"publisher\":{\"@id\":\"https:\\\/\\\/centrourbano.com\\\/revista\\\/#organization\"},\"image\":{\"@id\":\"https:\\\/\\\/centrourbano.com\\\/revista\\\/arquitectura-2\\\/entregan-premio-alumnas-arquitectura-del-tec-monterrey\\\/#primaryimage\"},\"thumbnailUrl\":\"https:\\\/\\\/centrourbano.com\\\/revista\\\/wp-content\\\/uploads\\\/tec.jpg\",\"articleSection\":[\"Arquitectura\"],\"inLanguage\":\"es\",\"potentialAction\":[{\"@type\":\"CommentAction\",\"name\":\"Comment\",\"target\":[\"https:\\\/\\\/centrourbano.com\\\/revista\\\/arquitectura-2\\\/entregan-premio-alumnas-arquitectura-del-tec-monterrey\\\/#respond\"]}]},{\"@type\":\"WebPage\",\"@id\":\"https:\\\/\\\/centrourbano.com\\\/revista\\\/arquitectura-2\\\/entregan-premio-alumnas-arquitectura-del-tec-monterrey\\\/\",\"url\":\"https:\\\/\\\/centrourbano.com\\\/revista\\\/arquitectura-2\\\/entregan-premio-alumnas-arquitectura-del-tec-monterrey\\\/\",\"name\":\"Entregan premio a alumnas de arquitectura del Tec de Monterrey -\",\"isPartOf\":{\"@id\":\"https:\\\/\\\/centrourbano.com\\\/revista\\\/#website\"},\"primaryImageOfPage\":{\"@id\":\"https:\\\/\\\/centrourbano.com\\\/revista\\\/arquitectura-2\\\/entregan-premio-alumnas-arquitectura-del-tec-monterrey\\\/#primaryimage\"},\"image\":{\"@id\":\"https:\\\/\\\/centrourbano.com\\\/revista\\\/arquitectura-2\\\/entregan-premio-alumnas-arquitectura-del-tec-monterrey\\\/#primaryimage\"},\"thumbnailUrl\":\"https:\\\/\\\/centrourbano.com\\\/revista\\\/wp-content\\\/uploads\\\/tec.jpg\",\"datePublished\":\"2017-05-03T16:53:12+00:00\",\"dateModified\":\"2017-05-03T17:15:37+00:00\",\"description\":\"Adriana Rosas, Cinthia Ch\u00e1vez, Darinka Garc\u00eda y Laura Fern\u00e1ndez, alumnas del \u00faltimo semestre de Arquitectura de la Facultad de Arquitectura del Tec de Monterrey, fueron las ganadoras de un concurso organizado por la Fundaci\u00f3n Quiero Casa, con su proyecto Torres Zaragoza.\",\"breadcrumb\":{\"@id\":\"https:\\\/\\\/centrourbano.com\\\/revista\\\/arquitectura-2\\\/entregan-premio-alumnas-arquitectura-del-tec-monterrey\\\/#breadcrumb\"},\"inLanguage\":\"es\",\"potentialAction\":[{\"@type\":\"ReadAction\",\"target\":[\"https:\\\/\\\/centrourbano.com\\\/revista\\\/arquitectura-2\\\/entregan-premio-alumnas-arquitectura-del-tec-monterrey\\\/\"]}]},{\"@type\":\"ImageObject\",\"inLanguage\":\"es\",\"@id\":\"https:\\\/\\\/centrourbano.com\\\/revista\\\/arquitectura-2\\\/entregan-premio-alumnas-arquitectura-del-tec-monterrey\\\/#primaryimage\",\"url\":\"https:\\\/\\\/centrourbano.com\\\/revista\\\/wp-content\\\/uploads\\\/tec.jpg\",\"contentUrl\":\"https:\\\/\\\/centrourbano.com\\\/revista\\\/wp-content\\\/uploads\\\/tec.jpg\",\"width\":1800,\"height\":1350,\"caption\":\"Fundaci\u00f3n Quiero Casa organiz\u00f3 concurso con alumnos del \u00faltimo semestre de Arquitectura\"},{\"@type\":\"BreadcrumbList\",\"@id\":\"https:\\\/\\\/centrourbano.com\\\/revista\\\/arquitectura-2\\\/entregan-premio-alumnas-arquitectura-del-tec-monterrey\\\/#breadcrumb\",\"itemListElement\":[{\"@type\":\"ListItem\",\"position\":1,\"name\":\"Portada\",\"item\":\"https:\\\/\\\/centrourbano.com\\\/revista\\\/\"},{\"@type\":\"ListItem\",\"position\":2,\"name\":\"Entregan premio a alumnas de arquitectura del Tec de Monterrey\"}]},{\"@type\":\"WebSite\",\"@id\":\"https:\\\/\\\/centrourbano.com\\\/revista\\\/#website\",\"url\":\"https:\\\/\\\/centrourbano.com\\\/revista\\\/\",\"name\":\"Centro Urbano\",\"description\":\"Medio especializado en los sectores vivienda, inmobiliario, construcci\u00f3n, arquitectura y urbanismo.\",\"publisher\":{\"@id\":\"https:\\\/\\\/centrourbano.com\\\/revista\\\/#organization\"},\"potentialAction\":[{\"@type\":\"SearchAction\",\"target\":{\"@type\":\"EntryPoint\",\"urlTemplate\":\"https:\\\/\\\/centrourbano.com\\\/revista\\\/?s={search_term_string}\"},\"query-input\":{\"@type\":\"PropertyValueSpecification\",\"valueRequired\":true,\"valueName\":\"search_term_string\"}}],\"inLanguage\":\"es\"},{\"@type\":\"Organization\",\"@id\":\"https:\\\/\\\/centrourbano.com\\\/revista\\\/#organization\",\"name\":\"Centro Urbano\",\"url\":\"https:\\\/\\\/centrourbano.com\\\/revista\\\/\",\"logo\":{\"@type\":\"ImageObject\",\"inLanguage\":\"es\",\"@id\":\"https:\\\/\\\/centrourbano.com\\\/revista\\\/#\\\/schema\\\/logo\\\/image\\\/\",\"url\":\"https:\\\/\\\/centrourbano.com\\\/revista\\\/wp-content\\\/uploads\\\/web_CU_logo-1.png\",\"contentUrl\":\"https:\\\/\\\/centrourbano.com\\\/revista\\\/wp-content\\\/uploads\\\/web_CU_logo-1.png\",\"width\":350,\"height\":91,\"caption\":\"Centro Urbano\"},\"image\":{\"@id\":\"https:\\\/\\\/centrourbano.com\\\/revista\\\/#\\\/schema\\\/logo\\\/image\\\/\"},\"sameAs\":[\"https:\\\/\\\/www.facebook.com\\\/portalcentrourbano\",\"https:\\\/\\\/x.com\\\/CentroUrbano\",\"https:\\\/\\\/www.instagram.com\\\/centro_urbano\\\/\",\"https:\\\/\\\/www.linkedin.com\\\/company\\\/centro-urbano\\\/\",\"http:\\\/\\\/www.youtube.com\\\/user\\\/portalcentrourbano\"]},{\"@type\":\"Person\",\"@id\":\"https:\\\/\\\/centrourbano.com\\\/revista\\\/#\\\/schema\\\/person\\\/b50192a3cd0e680841b45dc537f53970\",\"name\":\"Diego Rodr\u00edguez\",\"image\":{\"@type\":\"ImageObject\",\"inLanguage\":\"es\",\"@id\":\"https:\\\/\\\/secure.gravatar.com\\\/avatar\\\/d217565525df2df5d4e7265d47758506f41845ed9529510921a7625d8365789d?s=96&d=mm&r=g\",\"url\":\"https:\\\/\\\/secure.gravatar.com\\\/avatar\\\/d217565525df2df5d4e7265d47758506f41845ed9529510921a7625d8365789d?s=96&d=mm&r=g\",\"contentUrl\":\"https:\\\/\\\/secure.gravatar.com\\\/avatar\\\/d217565525df2df5d4e7265d47758506f41845ed9529510921a7625d8365789d?s=96&d=mm&r=g\",\"caption\":\"Diego Rodr\u00edguez\"},\"description\":\"Egresado de la Facultad de Estudios Superiores Acatl\u00e1n de la carrera en Comunicaci\u00f3n, con especialidad en medios escritos. Reportero del desaparecido peri\u00f3dico Nuestro M\u00e9xico, en donde cubri\u00f3 las fuentes delegacionales y Asamblea Legislativa. Tambi\u00e9n trabaj\u00f3 en la Coordinaci\u00f3n de Comunicaci\u00f3n Social en la delegaci\u00f3n \u00c1lvaro Obreg\u00f3n. Le gusta leer novelas y cuentos.\",\"url\":\"https:\\\/\\\/centrourbano.com\\\/revista\\\/author\\\/diegorodriguez\\\/\"}]}<\/script>\n<!-- \/ Yoast SEO plugin. -->","yoast_head_json":{"title":"Entregan premio a alumnas de arquitectura del Tec de Monterrey -","description":"Adriana Rosas, Cinthia Ch\u00e1vez, Darinka Garc\u00eda y Laura Fern\u00e1ndez, alumnas del \u00faltimo semestre de Arquitectura de la Facultad de Arquitectura del Tec de Monterrey, fueron las ganadoras de un concurso organizado por la Fundaci\u00f3n Quiero Casa, con su proyecto Torres Zaragoza.","robots":{"index":"index","follow":"follow","max-snippet":"max-snippet:-1","max-image-preview":"max-image-preview:large","max-video-preview":"max-video-preview:-1"},"canonical":"https:\/\/centrourbano.com\/revista\/arquitectura-2\/entregan-premio-alumnas-arquitectura-del-tec-monterrey\/","og_locale":"es_ES","og_type":"article","og_title":"Entregan premio a alumnas de arquitectura del Tec de Monterrey -","og_description":"Adriana Rosas, Cinthia Ch\u00e1vez, Darinka Garc\u00eda y Laura Fern\u00e1ndez, alumnas del \u00faltimo semestre de Arquitectura de la Facultad de Arquitectura del Tec de Monterrey, fueron las ganadoras de un concurso organizado por la Fundaci\u00f3n Quiero Casa, con su proyecto Torres Zaragoza.","og_url":"https:\/\/centrourbano.com\/revista\/arquitectura-2\/entregan-premio-alumnas-arquitectura-del-tec-monterrey\/","og_site_name":"Centro Urbano","article_publisher":"https:\/\/www.facebook.com\/portalcentrourbano","article_published_time":"2017-05-03T16:53:12+00:00","article_modified_time":"2017-05-03T17:15:37+00:00","og_image":[{"width":1800,"height":1350,"url":"https:\/\/centrourbano.com\/revista\/wp-content\/uploads\/tec.jpg","type":"image\/jpeg"}],"author":"Diego Rodr\u00edguez","twitter_card":"summary_large_image","twitter_creator":"@CentroUrbano","twitter_site":"@CentroUrbano","twitter_misc":{"Escrito por":"Diego Rodr\u00edguez","Tiempo de lectura":"3 minutos"},"schema":{"@context":"https:\/\/schema.org","@graph":[{"@type":"Article","@id":"https:\/\/centrourbano.com\/revista\/arquitectura-2\/entregan-premio-alumnas-arquitectura-del-tec-monterrey\/#article","isPartOf":{"@id":"https:\/\/centrourbano.com\/revista\/arquitectura-2\/entregan-premio-alumnas-arquitectura-del-tec-monterrey\/"},"author":{"name":"Diego Rodr\u00edguez","@id":"https:\/\/centrourbano.com\/revista\/#\/schema\/person\/b50192a3cd0e680841b45dc537f53970"},"headline":"Entregan premio a alumnas de arquitectura del Tec de Monterrey","datePublished":"2017-05-03T16:53:12+00:00","dateModified":"2017-05-03T17:15:37+00:00","mainEntityOfPage":{"@id":"https:\/\/centrourbano.com\/revista\/arquitectura-2\/entregan-premio-alumnas-arquitectura-del-tec-monterrey\/"},"wordCount":704,"commentCount":0,"publisher":{"@id":"https:\/\/centrourbano.com\/revista\/#organization"},"image":{"@id":"https:\/\/centrourbano.com\/revista\/arquitectura-2\/entregan-premio-alumnas-arquitectura-del-tec-monterrey\/#primaryimage"},"thumbnailUrl":"https:\/\/centrourbano.com\/revista\/wp-content\/uploads\/tec.jpg","articleSection":["Arquitectura"],"inLanguage":"es","potentialAction":[{"@type":"CommentAction","name":"Comment","target":["https:\/\/centrourbano.com\/revista\/arquitectura-2\/entregan-premio-alumnas-arquitectura-del-tec-monterrey\/#respond"]}]},{"@type":"WebPage","@id":"https:\/\/centrourbano.com\/revista\/arquitectura-2\/entregan-premio-alumnas-arquitectura-del-tec-monterrey\/","url":"https:\/\/centrourbano.com\/revista\/arquitectura-2\/entregan-premio-alumnas-arquitectura-del-tec-monterrey\/","name":"Entregan premio a alumnas de arquitectura del Tec de Monterrey -","isPartOf":{"@id":"https:\/\/centrourbano.com\/revista\/#website"},"primaryImageOfPage":{"@id":"https:\/\/centrourbano.com\/revista\/arquitectura-2\/entregan-premio-alumnas-arquitectura-del-tec-monterrey\/#primaryimage"},"image":{"@id":"https:\/\/centrourbano.com\/revista\/arquitectura-2\/entregan-premio-alumnas-arquitectura-del-tec-monterrey\/#primaryimage"},"thumbnailUrl":"https:\/\/centrourbano.com\/revista\/wp-content\/uploads\/tec.jpg","datePublished":"2017-05-03T16:53:12+00:00","dateModified":"2017-05-03T17:15:37+00:00","description":"Adriana Rosas, Cinthia Ch\u00e1vez, Darinka Garc\u00eda y Laura Fern\u00e1ndez, alumnas del \u00faltimo semestre de Arquitectura de la Facultad de Arquitectura del Tec de Monterrey, fueron las ganadoras de un concurso organizado por la Fundaci\u00f3n Quiero Casa, con su proyecto Torres Zaragoza.","breadcrumb":{"@id":"https:\/\/centrourbano.com\/revista\/arquitectura-2\/entregan-premio-alumnas-arquitectura-del-tec-monterrey\/#breadcrumb"},"inLanguage":"es","potentialAction":[{"@type":"ReadAction","target":["https:\/\/centrourbano.com\/revista\/arquitectura-2\/entregan-premio-alumnas-arquitectura-del-tec-monterrey\/"]}]},{"@type":"ImageObject","inLanguage":"es","@id":"https:\/\/centrourbano.com\/revista\/arquitectura-2\/entregan-premio-alumnas-arquitectura-del-tec-monterrey\/#primaryimage","url":"https:\/\/centrourbano.com\/revista\/wp-content\/uploads\/tec.jpg","contentUrl":"https:\/\/centrourbano.com\/revista\/wp-content\/uploads\/tec.jpg","width":1800,"height":1350,"caption":"Fundaci\u00f3n Quiero Casa organiz\u00f3 concurso con alumnos del \u00faltimo semestre de Arquitectura"},{"@type":"BreadcrumbList","@id":"https:\/\/centrourbano.com\/revista\/arquitectura-2\/entregan-premio-alumnas-arquitectura-del-tec-monterrey\/#breadcrumb","itemListElement":[{"@type":"ListItem","position":1,"name":"Portada","item":"https:\/\/centrourbano.com\/revista\/"},{"@type":"ListItem","position":2,"name":"Entregan premio a alumnas de arquitectura del Tec de Monterrey"}]},{"@type":"WebSite","@id":"https:\/\/centrourbano.com\/revista\/#website","url":"https:\/\/centrourbano.com\/revista\/","name":"Centro Urbano","description":"Medio especializado en los sectores vivienda, inmobiliario, construcci\u00f3n, arquitectura y urbanismo.","publisher":{"@id":"https:\/\/centrourbano.com\/revista\/#organization"},"potentialAction":[{"@type":"SearchAction","target":{"@type":"EntryPoint","urlTemplate":"https:\/\/centrourbano.com\/revista\/?s={search_term_string}"},"query-input":{"@type":"PropertyValueSpecification","valueRequired":true,"valueName":"search_term_string"}}],"inLanguage":"es"},{"@type":"Organization","@id":"https:\/\/centrourbano.com\/revista\/#organization","name":"Centro Urbano","url":"https:\/\/centrourbano.com\/revista\/","logo":{"@type":"ImageObject","inLanguage":"es","@id":"https:\/\/centrourbano.com\/revista\/#\/schema\/logo\/image\/","url":"https:\/\/centrourbano.com\/revista\/wp-content\/uploads\/web_CU_logo-1.png","contentUrl":"https:\/\/centrourbano.com\/revista\/wp-content\/uploads\/web_CU_logo-1.png","width":350,"height":91,"caption":"Centro Urbano"},"image":{"@id":"https:\/\/centrourbano.com\/revista\/#\/schema\/logo\/image\/"},"sameAs":["https:\/\/www.facebook.com\/portalcentrourbano","https:\/\/x.com\/CentroUrbano","https:\/\/www.instagram.com\/centro_urbano\/","https:\/\/www.linkedin.com\/company\/centro-urbano\/","http:\/\/www.youtube.com\/user\/portalcentrourbano"]},{"@type":"Person","@id":"https:\/\/centrourbano.com\/revista\/#\/schema\/person\/b50192a3cd0e680841b45dc537f53970","name":"Diego Rodr\u00edguez","image":{"@type":"ImageObject","inLanguage":"es","@id":"https:\/\/secure.gravatar.com\/avatar\/d217565525df2df5d4e7265d47758506f41845ed9529510921a7625d8365789d?s=96&d=mm&r=g","url":"https:\/\/secure.gravatar.com\/avatar\/d217565525df2df5d4e7265d47758506f41845ed9529510921a7625d8365789d?s=96&d=mm&r=g","contentUrl":"https:\/\/secure.gravatar.com\/avatar\/d217565525df2df5d4e7265d47758506f41845ed9529510921a7625d8365789d?s=96&d=mm&r=g","caption":"Diego Rodr\u00edguez"},"description":"Egresado de la Facultad de Estudios Superiores Acatl\u00e1n de la carrera en Comunicaci\u00f3n, con especialidad en medios escritos. Reportero del desaparecido peri\u00f3dico Nuestro M\u00e9xico, en donde cubri\u00f3 las fuentes delegacionales y Asamblea Legislativa. Tambi\u00e9n trabaj\u00f3 en la Coordinaci\u00f3n de Comunicaci\u00f3n Social en la delegaci\u00f3n \u00c1lvaro Obreg\u00f3n. Le gusta leer novelas y cuentos.","url":"https:\/\/centrourbano.com\/revista\/author\/diegorodriguez\/"}]}},"_links":{"self":[{"href":"https:\/\/centrourbano.com\/revista\/wp-json\/wp\/v2\/posts\/52672","targetHints":{"allow":["GET"]}}],"collection":[{"href":"https:\/\/centrourbano.com\/revista\/wp-json\/wp\/v2\/posts"}],"about":[{"href":"https:\/\/centrourbano.com\/revista\/wp-json\/wp\/v2\/types\/post"}],"author":[{"embeddable":true,"href":"https:\/\/centrourbano.com\/revista\/wp-json\/wp\/v2\/users\/37"}],"replies":[{"embeddable":true,"href":"https:\/\/centrourbano.com\/revista\/wp-json\/wp\/v2\/comments?post=52672"}],"version-history":[{"count":0,"href":"https:\/\/centrourbano.com\/revista\/wp-json\/wp\/v2\/posts\/52672\/revisions"}],"wp:featuredmedia":[{"embeddable":true,"href":"https:\/\/centrourbano.com\/revista\/wp-json\/wp\/v2\/media\/52682"}],"wp:attachment":[{"href":"https:\/\/centrourbano.com\/revista\/wp-json\/wp\/v2\/media?parent=52672"}],"wp:term":[{"taxonomy":"category","embeddable":true,"href":"https:\/\/centrourbano.com\/revista\/wp-json\/wp\/v2\/categories?post=52672"},{"taxonomy":"post_tag","embeddable":true,"href":"https:\/\/centrourbano.com\/revista\/wp-json\/wp\/v2\/tags?post=52672"}],"curies":[{"name":"wp","href":"https:\/\/api.w.org\/{rel}","templated":true}]}}