{"id":52404,"date":"2017-04-25T18:17:28","date_gmt":"2017-04-25T23:17:28","guid":{"rendered":"https:\/\/centrourbano.com\/?p=52404"},"modified":"2017-04-25T18:17:28","modified_gmt":"2017-04-25T23:17:28","slug":"inicio-remodelacion-del-zocalo-manera-seccionada","status":"publish","type":"post","link":"https:\/\/centrourbano.com\/revista\/construccion\/inicio-remodelacion-del-zocalo-manera-seccionada\/","title":{"rendered":"Inici\u00f3 remodelaci\u00f3n del Z\u00f3calo de manera seccionada"},"content":{"rendered":"<p><em>Se tiene el acompa\u00f1amiento del Instituto Nacional de Antropolog\u00eda e Historia para realizar los trabajos<\/em><br \/>\n<!--more--><\/p>\n<p>La Secretar\u00eda de Obras y Servicios (Sobse) de la Ciudad de M\u00e9xico inform\u00f3 que comenzaron los trabajos de la demolici\u00f3n de la superficie del Z\u00f3calo, en su zona norponiente, entre la Catedral Metropolitana y el Corredor Peatonal Francisco I. Madero.<\/p>\n<p>Para el inicio de los trabajos, se coloc\u00f3 una berrera que permiti\u00f3 seccionar la plaza y con levantamientos topogr\u00e1ficos para el dise\u00f1o de los cruceros seguros.<\/p>\n<p>\u201cCon la rehabilitaci\u00f3n se aumentar\u00e1 en 10% la zona peatonal, al pasar de 20,788 metros cuadrados a 22,777; modernizar totalmente la superficie con materiales resistentes y con acabado arquitect\u00f3nico, colocar elementos de accesibilidad, implementar cruceros seguros, habilitar un sistema de anclaje y otro de drenaje de agua pluvial que evite inundaciones\u201d, dijo el titular de la Sobse, Edgar Tung\u00fc\u00ed. <\/p>\n<p>Detall\u00f3 que los trabajos consisten en la en la demolici\u00f3n total de la superficie actual y la integraci\u00f3n de un carril de circulaci\u00f3n a la zona peatonal; se tiene previsto que en total se retiren 2,300 metros c\u00fabicos de residuos de construcci\u00f3n, los cuales ser\u00e1n sustituidos por concreto hidr\u00e1ulico.<\/p>\n<p>Adem\u00e1s, los materiales que se usan en esta transformaci\u00f3n tienen caracter\u00edsticas que logran el equilibrio id\u00f3neo entre la preservaci\u00f3n del Monumento Hist\u00f3rico, la est\u00e9tica y su funcionalidad.<\/p>\n<p>\u201cEsta administraci\u00f3n devolver\u00e1 a la ciudadan\u00eda una Plaza de la Constituci\u00f3n digna y limpia para que contin\u00fae como uno de los espacios m\u00e1s visitados en la ciudad. Con esta intervenci\u00f3n se consolida el nuevo modelo de movilidad en el Centro Hist\u00f3rico, es el prototipo representativo de los diversos esfuerzos de peatonalizaci\u00f3n, conservaci\u00f3n hist\u00f3rica y fomento tur\u00edstico\u201d. <\/p>\n<p>Durante toda la ejecuci\u00f3n de los trabajos, se tendr\u00e1 la asesor\u00eda del Instituto Nacional de Antropolog\u00eda e Historia (INAH) para garantizar la protecci\u00f3n de la Plaza de la Constituci\u00f3n, la cual no hab\u00eda sido restaurada desde hace 60 a\u00f1os.<\/p>\n<p>\u201cDesde que iniciamos con este proyecto, nos hemos coordinado con el personal del INAH para realizar una obra que proteja el Z\u00f3calo y que permita modernizarlo; realizamos el trabajo de calas para descartar la existencia de vestigios arqueol\u00f3gicos y tendremos su acompa\u00f1amiento durante todo el proceso\u201d, detall\u00f3.<\/p>\n<p>Finalmente, el proceso constructivo requiere de la demolici\u00f3n de 50 cent\u00edmetro de la superficie actual, compactaci\u00f3n del terreno natural, aplicaci\u00f3n de relleno fluido y la colocaci\u00f3n de concreto hidr\u00e1ulico. Previo al fraguado del concreto, se dar\u00e1 un acabado denominado biselado y se seccionar\u00e1 en losetas de dos por dos metros.<\/p>\n<p>Las actividades se realizar\u00e1n las 24 horas del d\u00eda, estar\u00e1n a cargo de la empresa Procesos de Ingenier\u00eda Aplicada y avanzar\u00e1n gradualmente para conservar abierta a los peatones algunas zonas de la plancha. Esta renovaci\u00f3n concluir\u00e1 antes de septiembre para que las fiestas patrias sean celebradas como tradicionalmente se acostumbra.<\/p>\n","protected":false},"excerpt":{"rendered":"<p>Se tiene el acompa\u00f1amiento del Instituto Nacional de Antropolog\u00eda e Historia para realizar los trabajos<\/p>\n","protected":false},"author":37,"featured_media":52405,"comment_status":"open","ping_status":"closed","sticky":false,"template":"","format":"standard","meta":{"om_disable_all_campaigns":false,"inline_featured_image":false,"_monsterinsights_skip_tracking":false,"_monsterinsights_sitenote_active":false,"_monsterinsights_sitenote_note":"","_monsterinsights_sitenote_category":0,"footnotes":""},"categories":[14],"tags":[],"class_list":["post-52404","post","type-post","status-publish","format-standard","has-post-thumbnail","hentry","category-construccion"],"yoast_head":"<!-- This site is optimized with the Yoast SEO plugin v27.4 - https:\/\/yoast.com\/product\/yoast-seo-wordpress\/ -->\n<title>Inici\u00f3 remodelaci\u00f3n del Z\u00f3calo de manera seccionada -<\/title>\n<meta name=\"description\" content=\"La Secretar\u00eda de Obras y Servicios (Sobse) de la Ciudad de M\u00e9xico inform\u00f3 que comenzaron los trabajos de la demolici\u00f3n de la superficie del Z\u00f3calo, en su zona norponiente, entre la Catedral Metropolitana y el Corredor Peatonal Francisco I. Madero.\" \/>\n<meta name=\"robots\" content=\"index, follow, max-snippet:-1, max-image-preview:large, max-video-preview:-1\" \/>\n<link rel=\"canonical\" href=\"https:\/\/centrourbano.com\/revista\/construccion\/inicio-remodelacion-del-zocalo-manera-seccionada\/\" \/>\n<meta property=\"og:locale\" content=\"es_ES\" \/>\n<meta property=\"og:type\" content=\"article\" \/>\n<meta property=\"og:title\" content=\"Inici\u00f3 remodelaci\u00f3n del Z\u00f3calo de manera seccionada -\" \/>\n<meta property=\"og:description\" content=\"La Secretar\u00eda de Obras y Servicios (Sobse) de la Ciudad de M\u00e9xico inform\u00f3 que comenzaron los trabajos de la demolici\u00f3n de la superficie del Z\u00f3calo, en su zona norponiente, entre la Catedral Metropolitana y el Corredor Peatonal Francisco I. Madero.\" \/>\n<meta property=\"og:url\" content=\"https:\/\/centrourbano.com\/revista\/construccion\/inicio-remodelacion-del-zocalo-manera-seccionada\/\" \/>\n<meta property=\"og:site_name\" content=\"Centro Urbano\" \/>\n<meta property=\"article:publisher\" content=\"https:\/\/www.facebook.com\/portalcentrourbano\" \/>\n<meta property=\"article:published_time\" content=\"2017-04-25T23:17:28+00:00\" \/>\n<meta property=\"og:image\" content=\"https:\/\/centrourbano.com\/revista\/wp-content\/uploads\/210417-FOTO-SOBSE-COMIENZA-SOBSE-DEMOLICI\u00d3N-DE-LA-SUPERFICIE-DE-LA-PLAZA-DE-LA-CONSTITUCI\u00d3N-2.jpg\" \/>\n\t<meta property=\"og:image:width\" content=\"1800\" \/>\n\t<meta property=\"og:image:height\" content=\"1200\" \/>\n\t<meta property=\"og:image:type\" content=\"image\/jpeg\" \/>\n<meta name=\"author\" content=\"Diego Rodr\u00edguez\" \/>\n<meta name=\"twitter:card\" content=\"summary_large_image\" \/>\n<meta name=\"twitter:creator\" content=\"@CentroUrbano\" \/>\n<meta name=\"twitter:site\" content=\"@CentroUrbano\" \/>\n<meta name=\"twitter:label1\" content=\"Escrito por\" \/>\n\t<meta name=\"twitter:data1\" content=\"Diego Rodr\u00edguez\" \/>\n\t<meta name=\"twitter:label2\" content=\"Tiempo de lectura\" \/>\n\t<meta name=\"twitter:data2\" content=\"3 minutos\" \/>\n<script type=\"application\/ld+json\" class=\"yoast-schema-graph\">{\"@context\":\"https:\\\/\\\/schema.org\",\"@graph\":[{\"@type\":\"Article\",\"@id\":\"https:\\\/\\\/centrourbano.com\\\/revista\\\/construccion\\\/inicio-remodelacion-del-zocalo-manera-seccionada\\\/#article\",\"isPartOf\":{\"@id\":\"https:\\\/\\\/centrourbano.com\\\/revista\\\/construccion\\\/inicio-remodelacion-del-zocalo-manera-seccionada\\\/\"},\"author\":{\"name\":\"Diego Rodr\u00edguez\",\"@id\":\"https:\\\/\\\/centrourbano.com\\\/revista\\\/#\\\/schema\\\/person\\\/b50192a3cd0e680841b45dc537f53970\"},\"headline\":\"Inici\u00f3 remodelaci\u00f3n del Z\u00f3calo de manera seccionada\",\"datePublished\":\"2017-04-25T23:17:28+00:00\",\"mainEntityOfPage\":{\"@id\":\"https:\\\/\\\/centrourbano.com\\\/revista\\\/construccion\\\/inicio-remodelacion-del-zocalo-manera-seccionada\\\/\"},\"wordCount\":517,\"commentCount\":0,\"publisher\":{\"@id\":\"https:\\\/\\\/centrourbano.com\\\/revista\\\/#organization\"},\"image\":{\"@id\":\"https:\\\/\\\/centrourbano.com\\\/revista\\\/construccion\\\/inicio-remodelacion-del-zocalo-manera-seccionada\\\/#primaryimage\"},\"thumbnailUrl\":\"https:\\\/\\\/centrourbano.com\\\/revista\\\/wp-content\\\/uploads\\\/210417-FOTO-SOBSE-COMIENZA-SOBSE-DEMOLICI\u00d3N-DE-LA-SUPERFICIE-DE-LA-PLAZA-DE-LA-CONSTITUCI\u00d3N-2.jpg\",\"articleSection\":[\"Construcci\u00f3n\"],\"inLanguage\":\"es\",\"potentialAction\":[{\"@type\":\"CommentAction\",\"name\":\"Comment\",\"target\":[\"https:\\\/\\\/centrourbano.com\\\/revista\\\/construccion\\\/inicio-remodelacion-del-zocalo-manera-seccionada\\\/#respond\"]}]},{\"@type\":\"WebPage\",\"@id\":\"https:\\\/\\\/centrourbano.com\\\/revista\\\/construccion\\\/inicio-remodelacion-del-zocalo-manera-seccionada\\\/\",\"url\":\"https:\\\/\\\/centrourbano.com\\\/revista\\\/construccion\\\/inicio-remodelacion-del-zocalo-manera-seccionada\\\/\",\"name\":\"Inici\u00f3 remodelaci\u00f3n del Z\u00f3calo de manera seccionada -\",\"isPartOf\":{\"@id\":\"https:\\\/\\\/centrourbano.com\\\/revista\\\/#website\"},\"primaryImageOfPage\":{\"@id\":\"https:\\\/\\\/centrourbano.com\\\/revista\\\/construccion\\\/inicio-remodelacion-del-zocalo-manera-seccionada\\\/#primaryimage\"},\"image\":{\"@id\":\"https:\\\/\\\/centrourbano.com\\\/revista\\\/construccion\\\/inicio-remodelacion-del-zocalo-manera-seccionada\\\/#primaryimage\"},\"thumbnailUrl\":\"https:\\\/\\\/centrourbano.com\\\/revista\\\/wp-content\\\/uploads\\\/210417-FOTO-SOBSE-COMIENZA-SOBSE-DEMOLICI\u00d3N-DE-LA-SUPERFICIE-DE-LA-PLAZA-DE-LA-CONSTITUCI\u00d3N-2.jpg\",\"datePublished\":\"2017-04-25T23:17:28+00:00\",\"description\":\"La Secretar\u00eda de Obras y Servicios (Sobse) de la Ciudad de M\u00e9xico inform\u00f3 que comenzaron los trabajos de la demolici\u00f3n de la superficie del Z\u00f3calo, en su zona norponiente, entre la Catedral Metropolitana y el Corredor Peatonal Francisco I. Madero.\",\"breadcrumb\":{\"@id\":\"https:\\\/\\\/centrourbano.com\\\/revista\\\/construccion\\\/inicio-remodelacion-del-zocalo-manera-seccionada\\\/#breadcrumb\"},\"inLanguage\":\"es\",\"potentialAction\":[{\"@type\":\"ReadAction\",\"target\":[\"https:\\\/\\\/centrourbano.com\\\/revista\\\/construccion\\\/inicio-remodelacion-del-zocalo-manera-seccionada\\\/\"]}]},{\"@type\":\"ImageObject\",\"inLanguage\":\"es\",\"@id\":\"https:\\\/\\\/centrourbano.com\\\/revista\\\/construccion\\\/inicio-remodelacion-del-zocalo-manera-seccionada\\\/#primaryimage\",\"url\":\"https:\\\/\\\/centrourbano.com\\\/revista\\\/wp-content\\\/uploads\\\/210417-FOTO-SOBSE-COMIENZA-SOBSE-DEMOLICI\u00d3N-DE-LA-SUPERFICIE-DE-LA-PLAZA-DE-LA-CONSTITUCI\u00d3N-2.jpg\",\"contentUrl\":\"https:\\\/\\\/centrourbano.com\\\/revista\\\/wp-content\\\/uploads\\\/210417-FOTO-SOBSE-COMIENZA-SOBSE-DEMOLICI\u00d3N-DE-LA-SUPERFICIE-DE-LA-PLAZA-DE-LA-CONSTITUCI\u00d3N-2.jpg\",\"width\":1800,\"height\":1200},{\"@type\":\"BreadcrumbList\",\"@id\":\"https:\\\/\\\/centrourbano.com\\\/revista\\\/construccion\\\/inicio-remodelacion-del-zocalo-manera-seccionada\\\/#breadcrumb\",\"itemListElement\":[{\"@type\":\"ListItem\",\"position\":1,\"name\":\"Portada\",\"item\":\"https:\\\/\\\/centrourbano.com\\\/revista\\\/\"},{\"@type\":\"ListItem\",\"position\":2,\"name\":\"Inici\u00f3 remodelaci\u00f3n del Z\u00f3calo de manera seccionada\"}]},{\"@type\":\"WebSite\",\"@id\":\"https:\\\/\\\/centrourbano.com\\\/revista\\\/#website\",\"url\":\"https:\\\/\\\/centrourbano.com\\\/revista\\\/\",\"name\":\"Centro Urbano\",\"description\":\"Medio especializado en los sectores vivienda, inmobiliario, construcci\u00f3n, arquitectura y urbanismo.\",\"publisher\":{\"@id\":\"https:\\\/\\\/centrourbano.com\\\/revista\\\/#organization\"},\"potentialAction\":[{\"@type\":\"SearchAction\",\"target\":{\"@type\":\"EntryPoint\",\"urlTemplate\":\"https:\\\/\\\/centrourbano.com\\\/revista\\\/?s={search_term_string}\"},\"query-input\":{\"@type\":\"PropertyValueSpecification\",\"valueRequired\":true,\"valueName\":\"search_term_string\"}}],\"inLanguage\":\"es\"},{\"@type\":\"Organization\",\"@id\":\"https:\\\/\\\/centrourbano.com\\\/revista\\\/#organization\",\"name\":\"Centro Urbano\",\"url\":\"https:\\\/\\\/centrourbano.com\\\/revista\\\/\",\"logo\":{\"@type\":\"ImageObject\",\"inLanguage\":\"es\",\"@id\":\"https:\\\/\\\/centrourbano.com\\\/revista\\\/#\\\/schema\\\/logo\\\/image\\\/\",\"url\":\"https:\\\/\\\/centrourbano.com\\\/revista\\\/wp-content\\\/uploads\\\/web_CU_logo-1.png\",\"contentUrl\":\"https:\\\/\\\/centrourbano.com\\\/revista\\\/wp-content\\\/uploads\\\/web_CU_logo-1.png\",\"width\":350,\"height\":91,\"caption\":\"Centro Urbano\"},\"image\":{\"@id\":\"https:\\\/\\\/centrourbano.com\\\/revista\\\/#\\\/schema\\\/logo\\\/image\\\/\"},\"sameAs\":[\"https:\\\/\\\/www.facebook.com\\\/portalcentrourbano\",\"https:\\\/\\\/x.com\\\/CentroUrbano\",\"https:\\\/\\\/www.instagram.com\\\/centro_urbano\\\/\",\"https:\\\/\\\/www.linkedin.com\\\/company\\\/centro-urbano\\\/\",\"http:\\\/\\\/www.youtube.com\\\/user\\\/portalcentrourbano\"]},{\"@type\":\"Person\",\"@id\":\"https:\\\/\\\/centrourbano.com\\\/revista\\\/#\\\/schema\\\/person\\\/b50192a3cd0e680841b45dc537f53970\",\"name\":\"Diego Rodr\u00edguez\",\"image\":{\"@type\":\"ImageObject\",\"inLanguage\":\"es\",\"@id\":\"https:\\\/\\\/secure.gravatar.com\\\/avatar\\\/d217565525df2df5d4e7265d47758506f41845ed9529510921a7625d8365789d?s=96&d=mm&r=g\",\"url\":\"https:\\\/\\\/secure.gravatar.com\\\/avatar\\\/d217565525df2df5d4e7265d47758506f41845ed9529510921a7625d8365789d?s=96&d=mm&r=g\",\"contentUrl\":\"https:\\\/\\\/secure.gravatar.com\\\/avatar\\\/d217565525df2df5d4e7265d47758506f41845ed9529510921a7625d8365789d?s=96&d=mm&r=g\",\"caption\":\"Diego Rodr\u00edguez\"},\"description\":\"Egresado de la Facultad de Estudios Superiores Acatl\u00e1n de la carrera en Comunicaci\u00f3n, con especialidad en medios escritos. Reportero del desaparecido peri\u00f3dico Nuestro M\u00e9xico, en donde cubri\u00f3 las fuentes delegacionales y Asamblea Legislativa. Tambi\u00e9n trabaj\u00f3 en la Coordinaci\u00f3n de Comunicaci\u00f3n Social en la delegaci\u00f3n \u00c1lvaro Obreg\u00f3n. Le gusta leer novelas y cuentos.\",\"url\":\"https:\\\/\\\/centrourbano.com\\\/revista\\\/author\\\/diegorodriguez\\\/\"}]}<\/script>\n<!-- \/ Yoast SEO plugin. -->","yoast_head_json":{"title":"Inici\u00f3 remodelaci\u00f3n del Z\u00f3calo de manera seccionada -","description":"La Secretar\u00eda de Obras y Servicios (Sobse) de la Ciudad de M\u00e9xico inform\u00f3 que comenzaron los trabajos de la demolici\u00f3n de la superficie del Z\u00f3calo, en su zona norponiente, entre la Catedral Metropolitana y el Corredor Peatonal Francisco I. Madero.","robots":{"index":"index","follow":"follow","max-snippet":"max-snippet:-1","max-image-preview":"max-image-preview:large","max-video-preview":"max-video-preview:-1"},"canonical":"https:\/\/centrourbano.com\/revista\/construccion\/inicio-remodelacion-del-zocalo-manera-seccionada\/","og_locale":"es_ES","og_type":"article","og_title":"Inici\u00f3 remodelaci\u00f3n del Z\u00f3calo de manera seccionada -","og_description":"La Secretar\u00eda de Obras y Servicios (Sobse) de la Ciudad de M\u00e9xico inform\u00f3 que comenzaron los trabajos de la demolici\u00f3n de la superficie del Z\u00f3calo, en su zona norponiente, entre la Catedral Metropolitana y el Corredor Peatonal Francisco I. Madero.","og_url":"https:\/\/centrourbano.com\/revista\/construccion\/inicio-remodelacion-del-zocalo-manera-seccionada\/","og_site_name":"Centro Urbano","article_publisher":"https:\/\/www.facebook.com\/portalcentrourbano","article_published_time":"2017-04-25T23:17:28+00:00","og_image":[{"width":1800,"height":1200,"url":"https:\/\/centrourbano.com\/revista\/wp-content\/uploads\/210417-FOTO-SOBSE-COMIENZA-SOBSE-DEMOLICI\u00d3N-DE-LA-SUPERFICIE-DE-LA-PLAZA-DE-LA-CONSTITUCI\u00d3N-2.jpg","type":"image\/jpeg"}],"author":"Diego Rodr\u00edguez","twitter_card":"summary_large_image","twitter_creator":"@CentroUrbano","twitter_site":"@CentroUrbano","twitter_misc":{"Escrito por":"Diego Rodr\u00edguez","Tiempo de lectura":"3 minutos"},"schema":{"@context":"https:\/\/schema.org","@graph":[{"@type":"Article","@id":"https:\/\/centrourbano.com\/revista\/construccion\/inicio-remodelacion-del-zocalo-manera-seccionada\/#article","isPartOf":{"@id":"https:\/\/centrourbano.com\/revista\/construccion\/inicio-remodelacion-del-zocalo-manera-seccionada\/"},"author":{"name":"Diego Rodr\u00edguez","@id":"https:\/\/centrourbano.com\/revista\/#\/schema\/person\/b50192a3cd0e680841b45dc537f53970"},"headline":"Inici\u00f3 remodelaci\u00f3n del Z\u00f3calo de manera seccionada","datePublished":"2017-04-25T23:17:28+00:00","mainEntityOfPage":{"@id":"https:\/\/centrourbano.com\/revista\/construccion\/inicio-remodelacion-del-zocalo-manera-seccionada\/"},"wordCount":517,"commentCount":0,"publisher":{"@id":"https:\/\/centrourbano.com\/revista\/#organization"},"image":{"@id":"https:\/\/centrourbano.com\/revista\/construccion\/inicio-remodelacion-del-zocalo-manera-seccionada\/#primaryimage"},"thumbnailUrl":"https:\/\/centrourbano.com\/revista\/wp-content\/uploads\/210417-FOTO-SOBSE-COMIENZA-SOBSE-DEMOLICI\u00d3N-DE-LA-SUPERFICIE-DE-LA-PLAZA-DE-LA-CONSTITUCI\u00d3N-2.jpg","articleSection":["Construcci\u00f3n"],"inLanguage":"es","potentialAction":[{"@type":"CommentAction","name":"Comment","target":["https:\/\/centrourbano.com\/revista\/construccion\/inicio-remodelacion-del-zocalo-manera-seccionada\/#respond"]}]},{"@type":"WebPage","@id":"https:\/\/centrourbano.com\/revista\/construccion\/inicio-remodelacion-del-zocalo-manera-seccionada\/","url":"https:\/\/centrourbano.com\/revista\/construccion\/inicio-remodelacion-del-zocalo-manera-seccionada\/","name":"Inici\u00f3 remodelaci\u00f3n del Z\u00f3calo de manera seccionada -","isPartOf":{"@id":"https:\/\/centrourbano.com\/revista\/#website"},"primaryImageOfPage":{"@id":"https:\/\/centrourbano.com\/revista\/construccion\/inicio-remodelacion-del-zocalo-manera-seccionada\/#primaryimage"},"image":{"@id":"https:\/\/centrourbano.com\/revista\/construccion\/inicio-remodelacion-del-zocalo-manera-seccionada\/#primaryimage"},"thumbnailUrl":"https:\/\/centrourbano.com\/revista\/wp-content\/uploads\/210417-FOTO-SOBSE-COMIENZA-SOBSE-DEMOLICI\u00d3N-DE-LA-SUPERFICIE-DE-LA-PLAZA-DE-LA-CONSTITUCI\u00d3N-2.jpg","datePublished":"2017-04-25T23:17:28+00:00","description":"La Secretar\u00eda de Obras y Servicios (Sobse) de la Ciudad de M\u00e9xico inform\u00f3 que comenzaron los trabajos de la demolici\u00f3n de la superficie del Z\u00f3calo, en su zona norponiente, entre la Catedral Metropolitana y el Corredor Peatonal Francisco I. Madero.","breadcrumb":{"@id":"https:\/\/centrourbano.com\/revista\/construccion\/inicio-remodelacion-del-zocalo-manera-seccionada\/#breadcrumb"},"inLanguage":"es","potentialAction":[{"@type":"ReadAction","target":["https:\/\/centrourbano.com\/revista\/construccion\/inicio-remodelacion-del-zocalo-manera-seccionada\/"]}]},{"@type":"ImageObject","inLanguage":"es","@id":"https:\/\/centrourbano.com\/revista\/construccion\/inicio-remodelacion-del-zocalo-manera-seccionada\/#primaryimage","url":"https:\/\/centrourbano.com\/revista\/wp-content\/uploads\/210417-FOTO-SOBSE-COMIENZA-SOBSE-DEMOLICI\u00d3N-DE-LA-SUPERFICIE-DE-LA-PLAZA-DE-LA-CONSTITUCI\u00d3N-2.jpg","contentUrl":"https:\/\/centrourbano.com\/revista\/wp-content\/uploads\/210417-FOTO-SOBSE-COMIENZA-SOBSE-DEMOLICI\u00d3N-DE-LA-SUPERFICIE-DE-LA-PLAZA-DE-LA-CONSTITUCI\u00d3N-2.jpg","width":1800,"height":1200},{"@type":"BreadcrumbList","@id":"https:\/\/centrourbano.com\/revista\/construccion\/inicio-remodelacion-del-zocalo-manera-seccionada\/#breadcrumb","itemListElement":[{"@type":"ListItem","position":1,"name":"Portada","item":"https:\/\/centrourbano.com\/revista\/"},{"@type":"ListItem","position":2,"name":"Inici\u00f3 remodelaci\u00f3n del Z\u00f3calo de manera seccionada"}]},{"@type":"WebSite","@id":"https:\/\/centrourbano.com\/revista\/#website","url":"https:\/\/centrourbano.com\/revista\/","name":"Centro Urbano","description":"Medio especializado en los sectores vivienda, inmobiliario, construcci\u00f3n, arquitectura y urbanismo.","publisher":{"@id":"https:\/\/centrourbano.com\/revista\/#organization"},"potentialAction":[{"@type":"SearchAction","target":{"@type":"EntryPoint","urlTemplate":"https:\/\/centrourbano.com\/revista\/?s={search_term_string}"},"query-input":{"@type":"PropertyValueSpecification","valueRequired":true,"valueName":"search_term_string"}}],"inLanguage":"es"},{"@type":"Organization","@id":"https:\/\/centrourbano.com\/revista\/#organization","name":"Centro Urbano","url":"https:\/\/centrourbano.com\/revista\/","logo":{"@type":"ImageObject","inLanguage":"es","@id":"https:\/\/centrourbano.com\/revista\/#\/schema\/logo\/image\/","url":"https:\/\/centrourbano.com\/revista\/wp-content\/uploads\/web_CU_logo-1.png","contentUrl":"https:\/\/centrourbano.com\/revista\/wp-content\/uploads\/web_CU_logo-1.png","width":350,"height":91,"caption":"Centro Urbano"},"image":{"@id":"https:\/\/centrourbano.com\/revista\/#\/schema\/logo\/image\/"},"sameAs":["https:\/\/www.facebook.com\/portalcentrourbano","https:\/\/x.com\/CentroUrbano","https:\/\/www.instagram.com\/centro_urbano\/","https:\/\/www.linkedin.com\/company\/centro-urbano\/","http:\/\/www.youtube.com\/user\/portalcentrourbano"]},{"@type":"Person","@id":"https:\/\/centrourbano.com\/revista\/#\/schema\/person\/b50192a3cd0e680841b45dc537f53970","name":"Diego Rodr\u00edguez","image":{"@type":"ImageObject","inLanguage":"es","@id":"https:\/\/secure.gravatar.com\/avatar\/d217565525df2df5d4e7265d47758506f41845ed9529510921a7625d8365789d?s=96&d=mm&r=g","url":"https:\/\/secure.gravatar.com\/avatar\/d217565525df2df5d4e7265d47758506f41845ed9529510921a7625d8365789d?s=96&d=mm&r=g","contentUrl":"https:\/\/secure.gravatar.com\/avatar\/d217565525df2df5d4e7265d47758506f41845ed9529510921a7625d8365789d?s=96&d=mm&r=g","caption":"Diego Rodr\u00edguez"},"description":"Egresado de la Facultad de Estudios Superiores Acatl\u00e1n de la carrera en Comunicaci\u00f3n, con especialidad en medios escritos. Reportero del desaparecido peri\u00f3dico Nuestro M\u00e9xico, en donde cubri\u00f3 las fuentes delegacionales y Asamblea Legislativa. Tambi\u00e9n trabaj\u00f3 en la Coordinaci\u00f3n de Comunicaci\u00f3n Social en la delegaci\u00f3n \u00c1lvaro Obreg\u00f3n. Le gusta leer novelas y cuentos.","url":"https:\/\/centrourbano.com\/revista\/author\/diegorodriguez\/"}]}},"_links":{"self":[{"href":"https:\/\/centrourbano.com\/revista\/wp-json\/wp\/v2\/posts\/52404","targetHints":{"allow":["GET"]}}],"collection":[{"href":"https:\/\/centrourbano.com\/revista\/wp-json\/wp\/v2\/posts"}],"about":[{"href":"https:\/\/centrourbano.com\/revista\/wp-json\/wp\/v2\/types\/post"}],"author":[{"embeddable":true,"href":"https:\/\/centrourbano.com\/revista\/wp-json\/wp\/v2\/users\/37"}],"replies":[{"embeddable":true,"href":"https:\/\/centrourbano.com\/revista\/wp-json\/wp\/v2\/comments?post=52404"}],"version-history":[{"count":0,"href":"https:\/\/centrourbano.com\/revista\/wp-json\/wp\/v2\/posts\/52404\/revisions"}],"wp:featuredmedia":[{"embeddable":true,"href":"https:\/\/centrourbano.com\/revista\/wp-json\/wp\/v2\/media\/52405"}],"wp:attachment":[{"href":"https:\/\/centrourbano.com\/revista\/wp-json\/wp\/v2\/media?parent=52404"}],"wp:term":[{"taxonomy":"category","embeddable":true,"href":"https:\/\/centrourbano.com\/revista\/wp-json\/wp\/v2\/categories?post=52404"},{"taxonomy":"post_tag","embeddable":true,"href":"https:\/\/centrourbano.com\/revista\/wp-json\/wp\/v2\/tags?post=52404"}],"curies":[{"name":"wp","href":"https:\/\/api.w.org\/{rel}","templated":true}]}}