{"id":52211,"date":"2017-04-20T18:21:17","date_gmt":"2017-04-20T23:21:17","guid":{"rendered":"https:\/\/centrourbano.com\/?p=52211"},"modified":"2017-04-20T18:23:59","modified_gmt":"2017-04-20T23:23:59","slug":"bbva-bancomer-modifica-perspectiva-crecimiento-mexico","status":"publish","type":"post","link":"https:\/\/centrourbano.com\/revista\/actualidad\/bbva-bancomer-modifica-perspectiva-crecimiento-mexico\/","title":{"rendered":"BBVA Bancomer modifica perspectiva de crecimiento para M\u00e9xico"},"content":{"rendered":"<p><em>De acuerdo con el Grupo Financiero, despu\u00e9s de 3 meses del 2017 el panorama es m\u00e1s alentador<\/em><!--more--><\/p>\n<p>Tras concluir el 1er Trimestre de 2017 (1T2017), el Grupo Financiero BBVA-Bancomer modific\u00f3 sus pron\u00f3sticos de crecimiento para M\u00e9xico, y asegur\u00f3 que para 2017 y 2018, el pa\u00eds presentar\u00e1 resultados favorables de 1.6% y 2.0% respectivamente. <\/p>\n<p>De acuerdo con el Grupo, el panorama econ\u00f3mico es m\u00e1s alentador que a inicios de a\u00f1o, esto debido principalmente a \u201cque ahora asignamos una probabilidad mucho mayor al escenario en el que la relaci\u00f3n comercial entre M\u00e9xico y EE.UU. no ser\u00e1 afectada\u201d. <\/p>\n<p>\u201cRevisamos al alza nuestros pron\u00f3sticos de crecimiento para 2017 y 2018 a 1.6% y 2.0% respectivamente. El crecimiento en 2017 estar\u00e1 fundamentado en un fuerte crecimiento de las exportaciones\u201d, asegur\u00f3 la firma. <\/p>\n<p>Al difundir un an\u00e1lisis macroecon\u00f3mico realizado por Carlos Serrano, Economista en Jefe de BBVA Bancomer, el Grupo se\u00f1al\u00f3 que de acuerdo al escenario base establecido hay una probabilidad de 70% de que el TLCAN sea renegociado y \u201cque los resultados ser\u00e1n ben\u00e9ficos para los tres pa\u00edses que lo integran\u201d.<\/p>\n<p>A\u00f1adi\u00f3 que sumado a lo anterior, \u201cla apreciaci\u00f3n del peso desde su nivel m\u00e1s bajo (20 de enero) es tambi\u00e9n reflejo de estas mejores perspectivas, de un futuro menos oscuro del que se preve\u00eda. Por ello, revisamos al alza nuestros pron\u00f3sticos de crecimiento de 1% a 1.6% en 2017 y de 1.8% a 2% en 2018\u201d.<\/p>\n<p>La firma concluy\u00f3 que \u201cel resultado de la elecci\u00f3n presidencial en EE.UU. tendr\u00e1 un impacto c\u00edclico y no estructural en la econom\u00eda mexicana, y que dicho impacto c\u00edclico ser\u00e1 de menor magnitud al que estim\u00e1bamos a mediados de enero cuando los riesgos parec\u00ed an mayores y el futuro era m\u00e1s incierto\u201d.<\/p>\n","protected":false},"excerpt":{"rendered":"<p>De acuerdo con el Grupo Financiero, despu\u00e9s de 3 meses del 2017 el panorama es m\u00e1s alentador<\/p>\n","protected":false},"author":47,"featured_media":26973,"comment_status":"open","ping_status":"closed","sticky":false,"template":"","format":"standard","meta":{"om_disable_all_campaigns":false,"inline_featured_image":false,"_monsterinsights_skip_tracking":false,"_monsterinsights_sitenote_active":false,"_monsterinsights_sitenote_note":"","_monsterinsights_sitenote_category":0,"footnotes":""},"categories":[80],"tags":[1749,349,334],"class_list":["post-52211","post","type-post","status-publish","format-standard","has-post-thumbnail","hentry","category-actualidad","tag-bbva-bancomer","tag-crecimiento","tag-mexico"],"yoast_head":"<!-- This site is optimized with the Yoast SEO plugin v27.4 - https:\/\/yoast.com\/product\/yoast-seo-wordpress\/ -->\n<title>BBVA Bancomer modifica perspectiva de crecimiento para M\u00e9xico -<\/title>\n<meta name=\"description\" content=\"Tras concluir el 1er Trimestre de 2017 (1T2017), el Grupo Financiero BBVA-Bancomer modific\u00f3 sus pron\u00f3sticos de crecimiento para M\u00e9xico, y asegur\u00f3 que para 2017 y 2018, el pa\u00eds presentar\u00e1 resultados favorables de 1.6% y 2.0% respectivamente.\" \/>\n<meta name=\"robots\" content=\"index, follow, max-snippet:-1, max-image-preview:large, max-video-preview:-1\" \/>\n<link rel=\"canonical\" href=\"https:\/\/centrourbano.com\/revista\/actualidad\/bbva-bancomer-modifica-perspectiva-crecimiento-mexico\/\" \/>\n<meta property=\"og:locale\" content=\"es_ES\" \/>\n<meta property=\"og:type\" content=\"article\" \/>\n<meta property=\"og:title\" content=\"BBVA Bancomer modifica perspectiva de crecimiento para M\u00e9xico -\" \/>\n<meta property=\"og:description\" content=\"Tras concluir el 1er Trimestre de 2017 (1T2017), el Grupo Financiero BBVA-Bancomer modific\u00f3 sus pron\u00f3sticos de crecimiento para M\u00e9xico, y asegur\u00f3 que para 2017 y 2018, el pa\u00eds presentar\u00e1 resultados favorables de 1.6% y 2.0% respectivamente.\" \/>\n<meta property=\"og:url\" content=\"https:\/\/centrourbano.com\/revista\/actualidad\/bbva-bancomer-modifica-perspectiva-crecimiento-mexico\/\" \/>\n<meta property=\"og:site_name\" content=\"Centro Urbano\" \/>\n<meta property=\"article:publisher\" content=\"https:\/\/www.facebook.com\/portalcentrourbano\" \/>\n<meta property=\"article:published_time\" content=\"2017-04-20T23:21:17+00:00\" \/>\n<meta property=\"article:modified_time\" content=\"2017-04-20T23:23:59+00:00\" \/>\n<meta property=\"og:image\" content=\"https:\/\/centrourbano.com\/revista\/wp-content\/uploads\/Torre-BBVA-Bancomer.jpg\" \/>\n\t<meta property=\"og:image:width\" content=\"500\" \/>\n\t<meta property=\"og:image:height\" content=\"420\" \/>\n\t<meta property=\"og:image:type\" content=\"image\/jpeg\" \/>\n<meta name=\"author\" content=\"Edgar Rosas\" \/>\n<meta name=\"twitter:card\" content=\"summary_large_image\" \/>\n<meta name=\"twitter:creator\" content=\"@https:\/\/twitter.com\/ERosasCU?s=09\" \/>\n<meta name=\"twitter:site\" content=\"@CentroUrbano\" \/>\n<meta name=\"twitter:label1\" content=\"Escrito por\" \/>\n\t<meta name=\"twitter:data1\" content=\"Edgar Rosas\" \/>\n\t<meta name=\"twitter:label2\" content=\"Tiempo de lectura\" \/>\n\t<meta name=\"twitter:data2\" content=\"1 minuto\" \/>\n<script type=\"application\/ld+json\" class=\"yoast-schema-graph\">{\"@context\":\"https:\\\/\\\/schema.org\",\"@graph\":[{\"@type\":\"Article\",\"@id\":\"https:\\\/\\\/centrourbano.com\\\/revista\\\/actualidad\\\/bbva-bancomer-modifica-perspectiva-crecimiento-mexico\\\/#article\",\"isPartOf\":{\"@id\":\"https:\\\/\\\/centrourbano.com\\\/revista\\\/actualidad\\\/bbva-bancomer-modifica-perspectiva-crecimiento-mexico\\\/\"},\"author\":{\"name\":\"Edgar Rosas\",\"@id\":\"https:\\\/\\\/centrourbano.com\\\/revista\\\/#\\\/schema\\\/person\\\/ff3c00651ce5b1630479d2cd0c2e3ac0\"},\"headline\":\"BBVA Bancomer modifica perspectiva de crecimiento para M\u00e9xico\",\"datePublished\":\"2017-04-20T23:21:17+00:00\",\"dateModified\":\"2017-04-20T23:23:59+00:00\",\"mainEntityOfPage\":{\"@id\":\"https:\\\/\\\/centrourbano.com\\\/revista\\\/actualidad\\\/bbva-bancomer-modifica-perspectiva-crecimiento-mexico\\\/\"},\"wordCount\":303,\"commentCount\":0,\"publisher\":{\"@id\":\"https:\\\/\\\/centrourbano.com\\\/revista\\\/#organization\"},\"image\":{\"@id\":\"https:\\\/\\\/centrourbano.com\\\/revista\\\/actualidad\\\/bbva-bancomer-modifica-perspectiva-crecimiento-mexico\\\/#primaryimage\"},\"thumbnailUrl\":\"https:\\\/\\\/centrourbano.com\\\/revista\\\/wp-content\\\/uploads\\\/Torre-BBVA-Bancomer.jpg\",\"keywords\":[\"BBVA Bancomer\",\"Crecimiento\",\"M\u00e9xico\"],\"articleSection\":[\"Actualidad\"],\"inLanguage\":\"es\",\"potentialAction\":[{\"@type\":\"CommentAction\",\"name\":\"Comment\",\"target\":[\"https:\\\/\\\/centrourbano.com\\\/revista\\\/actualidad\\\/bbva-bancomer-modifica-perspectiva-crecimiento-mexico\\\/#respond\"]}]},{\"@type\":\"WebPage\",\"@id\":\"https:\\\/\\\/centrourbano.com\\\/revista\\\/actualidad\\\/bbva-bancomer-modifica-perspectiva-crecimiento-mexico\\\/\",\"url\":\"https:\\\/\\\/centrourbano.com\\\/revista\\\/actualidad\\\/bbva-bancomer-modifica-perspectiva-crecimiento-mexico\\\/\",\"name\":\"BBVA Bancomer modifica perspectiva de crecimiento para M\u00e9xico -\",\"isPartOf\":{\"@id\":\"https:\\\/\\\/centrourbano.com\\\/revista\\\/#website\"},\"primaryImageOfPage\":{\"@id\":\"https:\\\/\\\/centrourbano.com\\\/revista\\\/actualidad\\\/bbva-bancomer-modifica-perspectiva-crecimiento-mexico\\\/#primaryimage\"},\"image\":{\"@id\":\"https:\\\/\\\/centrourbano.com\\\/revista\\\/actualidad\\\/bbva-bancomer-modifica-perspectiva-crecimiento-mexico\\\/#primaryimage\"},\"thumbnailUrl\":\"https:\\\/\\\/centrourbano.com\\\/revista\\\/wp-content\\\/uploads\\\/Torre-BBVA-Bancomer.jpg\",\"datePublished\":\"2017-04-20T23:21:17+00:00\",\"dateModified\":\"2017-04-20T23:23:59+00:00\",\"description\":\"Tras concluir el 1er Trimestre de 2017 (1T2017), el Grupo Financiero BBVA-Bancomer modific\u00f3 sus pron\u00f3sticos de crecimiento para M\u00e9xico, y asegur\u00f3 que para 2017 y 2018, el pa\u00eds presentar\u00e1 resultados favorables de 1.6% y 2.0% respectivamente.\",\"breadcrumb\":{\"@id\":\"https:\\\/\\\/centrourbano.com\\\/revista\\\/actualidad\\\/bbva-bancomer-modifica-perspectiva-crecimiento-mexico\\\/#breadcrumb\"},\"inLanguage\":\"es\",\"potentialAction\":[{\"@type\":\"ReadAction\",\"target\":[\"https:\\\/\\\/centrourbano.com\\\/revista\\\/actualidad\\\/bbva-bancomer-modifica-perspectiva-crecimiento-mexico\\\/\"]}]},{\"@type\":\"ImageObject\",\"inLanguage\":\"es\",\"@id\":\"https:\\\/\\\/centrourbano.com\\\/revista\\\/actualidad\\\/bbva-bancomer-modifica-perspectiva-crecimiento-mexico\\\/#primaryimage\",\"url\":\"https:\\\/\\\/centrourbano.com\\\/revista\\\/wp-content\\\/uploads\\\/Torre-BBVA-Bancomer.jpg\",\"contentUrl\":\"https:\\\/\\\/centrourbano.com\\\/revista\\\/wp-content\\\/uploads\\\/Torre-BBVA-Bancomer.jpg\",\"width\":500,\"height\":420},{\"@type\":\"BreadcrumbList\",\"@id\":\"https:\\\/\\\/centrourbano.com\\\/revista\\\/actualidad\\\/bbva-bancomer-modifica-perspectiva-crecimiento-mexico\\\/#breadcrumb\",\"itemListElement\":[{\"@type\":\"ListItem\",\"position\":1,\"name\":\"Portada\",\"item\":\"https:\\\/\\\/centrourbano.com\\\/revista\\\/\"},{\"@type\":\"ListItem\",\"position\":2,\"name\":\"BBVA Bancomer modifica perspectiva de crecimiento para M\u00e9xico\"}]},{\"@type\":\"WebSite\",\"@id\":\"https:\\\/\\\/centrourbano.com\\\/revista\\\/#website\",\"url\":\"https:\\\/\\\/centrourbano.com\\\/revista\\\/\",\"name\":\"Centro Urbano\",\"description\":\"Medio especializado en los sectores vivienda, inmobiliario, construcci\u00f3n, arquitectura y urbanismo.\",\"publisher\":{\"@id\":\"https:\\\/\\\/centrourbano.com\\\/revista\\\/#organization\"},\"potentialAction\":[{\"@type\":\"SearchAction\",\"target\":{\"@type\":\"EntryPoint\",\"urlTemplate\":\"https:\\\/\\\/centrourbano.com\\\/revista\\\/?s={search_term_string}\"},\"query-input\":{\"@type\":\"PropertyValueSpecification\",\"valueRequired\":true,\"valueName\":\"search_term_string\"}}],\"inLanguage\":\"es\"},{\"@type\":\"Organization\",\"@id\":\"https:\\\/\\\/centrourbano.com\\\/revista\\\/#organization\",\"name\":\"Centro Urbano\",\"url\":\"https:\\\/\\\/centrourbano.com\\\/revista\\\/\",\"logo\":{\"@type\":\"ImageObject\",\"inLanguage\":\"es\",\"@id\":\"https:\\\/\\\/centrourbano.com\\\/revista\\\/#\\\/schema\\\/logo\\\/image\\\/\",\"url\":\"https:\\\/\\\/centrourbano.com\\\/revista\\\/wp-content\\\/uploads\\\/web_CU_logo-1.png\",\"contentUrl\":\"https:\\\/\\\/centrourbano.com\\\/revista\\\/wp-content\\\/uploads\\\/web_CU_logo-1.png\",\"width\":350,\"height\":91,\"caption\":\"Centro Urbano\"},\"image\":{\"@id\":\"https:\\\/\\\/centrourbano.com\\\/revista\\\/#\\\/schema\\\/logo\\\/image\\\/\"},\"sameAs\":[\"https:\\\/\\\/www.facebook.com\\\/portalcentrourbano\",\"https:\\\/\\\/x.com\\\/CentroUrbano\",\"https:\\\/\\\/www.instagram.com\\\/centro_urbano\\\/\",\"https:\\\/\\\/www.linkedin.com\\\/company\\\/centro-urbano\\\/\",\"http:\\\/\\\/www.youtube.com\\\/user\\\/portalcentrourbano\"]},{\"@type\":\"Person\",\"@id\":\"https:\\\/\\\/centrourbano.com\\\/revista\\\/#\\\/schema\\\/person\\\/ff3c00651ce5b1630479d2cd0c2e3ac0\",\"name\":\"Edgar Rosas\",\"image\":{\"@type\":\"ImageObject\",\"inLanguage\":\"es\",\"@id\":\"https:\\\/\\\/secure.gravatar.com\\\/avatar\\\/94440c4283495211faa5300bf85e80061036b83fced868c3783aa1310b350d9c?s=96&d=mm&r=g\",\"url\":\"https:\\\/\\\/secure.gravatar.com\\\/avatar\\\/94440c4283495211faa5300bf85e80061036b83fced868c3783aa1310b350d9c?s=96&d=mm&r=g\",\"contentUrl\":\"https:\\\/\\\/secure.gravatar.com\\\/avatar\\\/94440c4283495211faa5300bf85e80061036b83fced868c3783aa1310b350d9c?s=96&d=mm&r=g\",\"caption\":\"Edgar Rosas\"},\"description\":\"Editor en Jefe de Centro Urbano. Egresado de la maestr\u00eda en Periodismo Pol\u00edtico de la Escuela de Periodismo Carlos Septi\u00e9n Garc\u00eda (EPCSG). Estudi\u00f3 la licenciatura en Comunicaci\u00f3n en la Universidad Mexicana. Amante de la cr\u00f3nica y el reportaje. Admirador de Vicente Le\u00f1ero y Miguel \u00c1ngel Granados Chapa.\",\"sameAs\":[\"https:\\\/\\\/x.com\\\/https:\\\/\\\/twitter.com\\\/ERosasCU?s=09\"],\"url\":\"https:\\\/\\\/centrourbano.com\\\/revista\\\/author\\\/edgar-rosas\\\/\"}]}<\/script>\n<!-- \/ Yoast SEO plugin. -->","yoast_head_json":{"title":"BBVA Bancomer modifica perspectiva de crecimiento para M\u00e9xico -","description":"Tras concluir el 1er Trimestre de 2017 (1T2017), el Grupo Financiero BBVA-Bancomer modific\u00f3 sus pron\u00f3sticos de crecimiento para M\u00e9xico, y asegur\u00f3 que para 2017 y 2018, el pa\u00eds presentar\u00e1 resultados favorables de 1.6% y 2.0% respectivamente.","robots":{"index":"index","follow":"follow","max-snippet":"max-snippet:-1","max-image-preview":"max-image-preview:large","max-video-preview":"max-video-preview:-1"},"canonical":"https:\/\/centrourbano.com\/revista\/actualidad\/bbva-bancomer-modifica-perspectiva-crecimiento-mexico\/","og_locale":"es_ES","og_type":"article","og_title":"BBVA Bancomer modifica perspectiva de crecimiento para M\u00e9xico -","og_description":"Tras concluir el 1er Trimestre de 2017 (1T2017), el Grupo Financiero BBVA-Bancomer modific\u00f3 sus pron\u00f3sticos de crecimiento para M\u00e9xico, y asegur\u00f3 que para 2017 y 2018, el pa\u00eds presentar\u00e1 resultados favorables de 1.6% y 2.0% respectivamente.","og_url":"https:\/\/centrourbano.com\/revista\/actualidad\/bbva-bancomer-modifica-perspectiva-crecimiento-mexico\/","og_site_name":"Centro Urbano","article_publisher":"https:\/\/www.facebook.com\/portalcentrourbano","article_published_time":"2017-04-20T23:21:17+00:00","article_modified_time":"2017-04-20T23:23:59+00:00","og_image":[{"width":500,"height":420,"url":"https:\/\/centrourbano.com\/revista\/wp-content\/uploads\/Torre-BBVA-Bancomer.jpg","type":"image\/jpeg"}],"author":"Edgar Rosas","twitter_card":"summary_large_image","twitter_creator":"@https:\/\/twitter.com\/ERosasCU?s=09","twitter_site":"@CentroUrbano","twitter_misc":{"Escrito por":"Edgar Rosas","Tiempo de lectura":"1 minuto"},"schema":{"@context":"https:\/\/schema.org","@graph":[{"@type":"Article","@id":"https:\/\/centrourbano.com\/revista\/actualidad\/bbva-bancomer-modifica-perspectiva-crecimiento-mexico\/#article","isPartOf":{"@id":"https:\/\/centrourbano.com\/revista\/actualidad\/bbva-bancomer-modifica-perspectiva-crecimiento-mexico\/"},"author":{"name":"Edgar Rosas","@id":"https:\/\/centrourbano.com\/revista\/#\/schema\/person\/ff3c00651ce5b1630479d2cd0c2e3ac0"},"headline":"BBVA Bancomer modifica perspectiva de crecimiento para M\u00e9xico","datePublished":"2017-04-20T23:21:17+00:00","dateModified":"2017-04-20T23:23:59+00:00","mainEntityOfPage":{"@id":"https:\/\/centrourbano.com\/revista\/actualidad\/bbva-bancomer-modifica-perspectiva-crecimiento-mexico\/"},"wordCount":303,"commentCount":0,"publisher":{"@id":"https:\/\/centrourbano.com\/revista\/#organization"},"image":{"@id":"https:\/\/centrourbano.com\/revista\/actualidad\/bbva-bancomer-modifica-perspectiva-crecimiento-mexico\/#primaryimage"},"thumbnailUrl":"https:\/\/centrourbano.com\/revista\/wp-content\/uploads\/Torre-BBVA-Bancomer.jpg","keywords":["BBVA Bancomer","Crecimiento","M\u00e9xico"],"articleSection":["Actualidad"],"inLanguage":"es","potentialAction":[{"@type":"CommentAction","name":"Comment","target":["https:\/\/centrourbano.com\/revista\/actualidad\/bbva-bancomer-modifica-perspectiva-crecimiento-mexico\/#respond"]}]},{"@type":"WebPage","@id":"https:\/\/centrourbano.com\/revista\/actualidad\/bbva-bancomer-modifica-perspectiva-crecimiento-mexico\/","url":"https:\/\/centrourbano.com\/revista\/actualidad\/bbva-bancomer-modifica-perspectiva-crecimiento-mexico\/","name":"BBVA Bancomer modifica perspectiva de crecimiento para M\u00e9xico -","isPartOf":{"@id":"https:\/\/centrourbano.com\/revista\/#website"},"primaryImageOfPage":{"@id":"https:\/\/centrourbano.com\/revista\/actualidad\/bbva-bancomer-modifica-perspectiva-crecimiento-mexico\/#primaryimage"},"image":{"@id":"https:\/\/centrourbano.com\/revista\/actualidad\/bbva-bancomer-modifica-perspectiva-crecimiento-mexico\/#primaryimage"},"thumbnailUrl":"https:\/\/centrourbano.com\/revista\/wp-content\/uploads\/Torre-BBVA-Bancomer.jpg","datePublished":"2017-04-20T23:21:17+00:00","dateModified":"2017-04-20T23:23:59+00:00","description":"Tras concluir el 1er Trimestre de 2017 (1T2017), el Grupo Financiero BBVA-Bancomer modific\u00f3 sus pron\u00f3sticos de crecimiento para M\u00e9xico, y asegur\u00f3 que para 2017 y 2018, el pa\u00eds presentar\u00e1 resultados favorables de 1.6% y 2.0% respectivamente.","breadcrumb":{"@id":"https:\/\/centrourbano.com\/revista\/actualidad\/bbva-bancomer-modifica-perspectiva-crecimiento-mexico\/#breadcrumb"},"inLanguage":"es","potentialAction":[{"@type":"ReadAction","target":["https:\/\/centrourbano.com\/revista\/actualidad\/bbva-bancomer-modifica-perspectiva-crecimiento-mexico\/"]}]},{"@type":"ImageObject","inLanguage":"es","@id":"https:\/\/centrourbano.com\/revista\/actualidad\/bbva-bancomer-modifica-perspectiva-crecimiento-mexico\/#primaryimage","url":"https:\/\/centrourbano.com\/revista\/wp-content\/uploads\/Torre-BBVA-Bancomer.jpg","contentUrl":"https:\/\/centrourbano.com\/revista\/wp-content\/uploads\/Torre-BBVA-Bancomer.jpg","width":500,"height":420},{"@type":"BreadcrumbList","@id":"https:\/\/centrourbano.com\/revista\/actualidad\/bbva-bancomer-modifica-perspectiva-crecimiento-mexico\/#breadcrumb","itemListElement":[{"@type":"ListItem","position":1,"name":"Portada","item":"https:\/\/centrourbano.com\/revista\/"},{"@type":"ListItem","position":2,"name":"BBVA Bancomer modifica perspectiva de crecimiento para M\u00e9xico"}]},{"@type":"WebSite","@id":"https:\/\/centrourbano.com\/revista\/#website","url":"https:\/\/centrourbano.com\/revista\/","name":"Centro Urbano","description":"Medio especializado en los sectores vivienda, inmobiliario, construcci\u00f3n, arquitectura y urbanismo.","publisher":{"@id":"https:\/\/centrourbano.com\/revista\/#organization"},"potentialAction":[{"@type":"SearchAction","target":{"@type":"EntryPoint","urlTemplate":"https:\/\/centrourbano.com\/revista\/?s={search_term_string}"},"query-input":{"@type":"PropertyValueSpecification","valueRequired":true,"valueName":"search_term_string"}}],"inLanguage":"es"},{"@type":"Organization","@id":"https:\/\/centrourbano.com\/revista\/#organization","name":"Centro Urbano","url":"https:\/\/centrourbano.com\/revista\/","logo":{"@type":"ImageObject","inLanguage":"es","@id":"https:\/\/centrourbano.com\/revista\/#\/schema\/logo\/image\/","url":"https:\/\/centrourbano.com\/revista\/wp-content\/uploads\/web_CU_logo-1.png","contentUrl":"https:\/\/centrourbano.com\/revista\/wp-content\/uploads\/web_CU_logo-1.png","width":350,"height":91,"caption":"Centro Urbano"},"image":{"@id":"https:\/\/centrourbano.com\/revista\/#\/schema\/logo\/image\/"},"sameAs":["https:\/\/www.facebook.com\/portalcentrourbano","https:\/\/x.com\/CentroUrbano","https:\/\/www.instagram.com\/centro_urbano\/","https:\/\/www.linkedin.com\/company\/centro-urbano\/","http:\/\/www.youtube.com\/user\/portalcentrourbano"]},{"@type":"Person","@id":"https:\/\/centrourbano.com\/revista\/#\/schema\/person\/ff3c00651ce5b1630479d2cd0c2e3ac0","name":"Edgar Rosas","image":{"@type":"ImageObject","inLanguage":"es","@id":"https:\/\/secure.gravatar.com\/avatar\/94440c4283495211faa5300bf85e80061036b83fced868c3783aa1310b350d9c?s=96&d=mm&r=g","url":"https:\/\/secure.gravatar.com\/avatar\/94440c4283495211faa5300bf85e80061036b83fced868c3783aa1310b350d9c?s=96&d=mm&r=g","contentUrl":"https:\/\/secure.gravatar.com\/avatar\/94440c4283495211faa5300bf85e80061036b83fced868c3783aa1310b350d9c?s=96&d=mm&r=g","caption":"Edgar Rosas"},"description":"Editor en Jefe de Centro Urbano. Egresado de la maestr\u00eda en Periodismo Pol\u00edtico de la Escuela de Periodismo Carlos Septi\u00e9n Garc\u00eda (EPCSG). Estudi\u00f3 la licenciatura en Comunicaci\u00f3n en la Universidad Mexicana. Amante de la cr\u00f3nica y el reportaje. Admirador de Vicente Le\u00f1ero y Miguel \u00c1ngel Granados Chapa.","sameAs":["https:\/\/x.com\/https:\/\/twitter.com\/ERosasCU?s=09"],"url":"https:\/\/centrourbano.com\/revista\/author\/edgar-rosas\/"}]}},"_links":{"self":[{"href":"https:\/\/centrourbano.com\/revista\/wp-json\/wp\/v2\/posts\/52211","targetHints":{"allow":["GET"]}}],"collection":[{"href":"https:\/\/centrourbano.com\/revista\/wp-json\/wp\/v2\/posts"}],"about":[{"href":"https:\/\/centrourbano.com\/revista\/wp-json\/wp\/v2\/types\/post"}],"author":[{"embeddable":true,"href":"https:\/\/centrourbano.com\/revista\/wp-json\/wp\/v2\/users\/47"}],"replies":[{"embeddable":true,"href":"https:\/\/centrourbano.com\/revista\/wp-json\/wp\/v2\/comments?post=52211"}],"version-history":[{"count":0,"href":"https:\/\/centrourbano.com\/revista\/wp-json\/wp\/v2\/posts\/52211\/revisions"}],"wp:featuredmedia":[{"embeddable":true,"href":"https:\/\/centrourbano.com\/revista\/wp-json\/wp\/v2\/media\/26973"}],"wp:attachment":[{"href":"https:\/\/centrourbano.com\/revista\/wp-json\/wp\/v2\/media?parent=52211"}],"wp:term":[{"taxonomy":"category","embeddable":true,"href":"https:\/\/centrourbano.com\/revista\/wp-json\/wp\/v2\/categories?post=52211"},{"taxonomy":"post_tag","embeddable":true,"href":"https:\/\/centrourbano.com\/revista\/wp-json\/wp\/v2\/tags?post=52211"}],"curies":[{"name":"wp","href":"https:\/\/api.w.org\/{rel}","templated":true}]}}