{"id":52154,"date":"2017-04-20T11:14:31","date_gmt":"2017-04-20T16:14:31","guid":{"rendered":"https:\/\/centrourbano.com\/?p=52154"},"modified":"2017-04-20T11:20:34","modified_gmt":"2017-04-20T16:20:34","slug":"fovissste-impulsa-vivienda-sustentable-godina","status":"publish","type":"post","link":"https:\/\/centrourbano.com\/revista\/vivienda\/fovissste-impulsa-vivienda-sustentable-godina\/","title":{"rendered":"Fovissste impulsa vivienda sustentable: Godina"},"content":{"rendered":"<p><em>El Vocal Ejecutivo del Fondo destac\u00f3 que el organismo modific\u00f3 criterios en el otorgamiento de financiamiento para promover la construcci\u00f3n de vivienda sustentable  <\/em><!--more--><\/p>\n<p>El Fondo de la Vivienda del Issste (Fovissste) ha impulsado mecanismos que fomentan la adquisici\u00f3n de vivienda sustentable y de calidad, asegur\u00f3 Luis Antonio Godina Herrera, vocal ejecutivo del organismo. <\/p>\n<p>En el marco de la Mesa Transversal de Vivienda Sustentable, que busca la implementaci\u00f3n de la Estrategia Nacional de Vivienda Sustentable y la homologaci\u00f3n de los criterios en la materia, Godina Herrera destac\u00f3 que el Fovissste prioriza la atenci\u00f3n de solicitudes de cr\u00e9dito para la adquisici\u00f3n de vivienda sustentable, con lo que busca contribuir a mitigar los efectos del cambio clim\u00e1tico. <\/p>\n<p>Ante titulares de los diversos organismos nacionales de vivienda, Godina Herrera a\u00f1adi\u00f3 que el Fondo busca la coordinaci\u00f3n con otros organismos para promover alianzas y consolidar las mejores pr\u00e1cticas en la materia. Adem\u00e1s, dijo que con el Issste promueve una alianza para otorgar cr\u00e9ditos personales para el equipamiento de casas sustentables.<\/p>\n<p>Aunado a lo anterior, sostuvo que desde 2012 el fondo modific\u00f3 las reglas en el otorgamiento de cr\u00e9ditos, con lo que se establece la necesidad que las viviendas nuevas cuentan con criterios de sustentabilidad y contar con elementos que permitan un uso eficiente de los recursos, particularmente del agua y la energ\u00eda el\u00e9ctrica.<\/p>\n<p>\u201cEl Fovissste adopt\u00f3 un Paquete B\u00e1sico de ecotecnolog\u00edas (\u2026) Dicho paquete de ecotecnolog\u00edas contempla la instalaci\u00f3n de inodoros con descarga m\u00e1xima de cinco litros, regaderas con grado ecol\u00f3gico y v\u00e1lvulas de seccionamiento para el ahorro de agua, as\u00ed como calentadores de paso instant\u00e1neo o de paso de r\u00e1pida recuperaci\u00f3n para eficientar el uso del gas\u201d, explic\u00f3. <\/p>\n","protected":false},"excerpt":{"rendered":"<p>El Vocal Ejecutivo del Fondo destac\u00f3 que el organismo modific\u00f3 criterios en el otorgamiento de financiamiento para promover la construcci\u00f3n de vivienda sustentable<\/p>\n","protected":false},"author":47,"featured_media":47527,"comment_status":"open","ping_status":"closed","sticky":false,"template":"","format":"standard","meta":{"om_disable_all_campaigns":false,"inline_featured_image":false,"_monsterinsights_skip_tracking":false,"_monsterinsights_sitenote_active":false,"_monsterinsights_sitenote_note":"","_monsterinsights_sitenote_category":0,"footnotes":""},"categories":[12],"tags":[642,155,6765,60],"class_list":["post-52154","post","type-post","status-publish","format-standard","has-post-thumbnail","hentry","category-vivienda","tag-creditos","tag-fovissste","tag-luis-antonio-godina-herrera","tag-vivienda-2"],"yoast_head":"<!-- This site is optimized with the Yoast SEO plugin v27.5 - https:\/\/yoast.com\/product\/yoast-seo-wordpress\/ -->\n<title>Fovissste impulsa vivienda sustentable: Godina -<\/title>\n<meta name=\"description\" content=\"El Fondo de la Vivienda del Issste (Fovissste) ha impulsado mecanismos que fomentan la adquisici\u00f3n de vivienda sustentable y de calidad, asegur\u00f3 Luis Antonio Godina Herrera, vocal ejecutivo del organismo.\" \/>\n<meta name=\"robots\" content=\"index, follow, max-snippet:-1, max-image-preview:large, max-video-preview:-1\" \/>\n<link rel=\"canonical\" href=\"https:\/\/centrourbano.com\/revista\/vivienda\/fovissste-impulsa-vivienda-sustentable-godina\/\" \/>\n<meta property=\"og:locale\" content=\"es_ES\" \/>\n<meta property=\"og:type\" content=\"article\" \/>\n<meta property=\"og:title\" content=\"Fovissste impulsa vivienda sustentable: Godina -\" \/>\n<meta property=\"og:description\" content=\"El Fondo de la Vivienda del Issste (Fovissste) ha impulsado mecanismos que fomentan la adquisici\u00f3n de vivienda sustentable y de calidad, asegur\u00f3 Luis Antonio Godina Herrera, vocal ejecutivo del organismo.\" \/>\n<meta property=\"og:url\" content=\"https:\/\/centrourbano.com\/revista\/vivienda\/fovissste-impulsa-vivienda-sustentable-godina\/\" \/>\n<meta property=\"og:site_name\" content=\"Centro Urbano\" \/>\n<meta property=\"article:publisher\" content=\"https:\/\/www.facebook.com\/portalcentrourbano\" \/>\n<meta property=\"article:published_time\" content=\"2017-04-20T16:14:31+00:00\" \/>\n<meta property=\"article:modified_time\" content=\"2017-04-20T16:20:34+00:00\" \/>\n<meta property=\"og:image\" content=\"https:\/\/centrourbano.com\/revista\/wp-content\/uploads\/Godina_Fovissste.jpeg\" \/>\n\t<meta property=\"og:image:width\" content=\"800\" \/>\n\t<meta property=\"og:image:height\" content=\"533\" \/>\n\t<meta property=\"og:image:type\" content=\"image\/jpeg\" \/>\n<meta name=\"author\" content=\"Edgar Rosas\" \/>\n<meta name=\"twitter:card\" content=\"summary_large_image\" \/>\n<meta name=\"twitter:creator\" content=\"@https:\/\/twitter.com\/ERosasCU?s=09\" \/>\n<meta name=\"twitter:site\" content=\"@CentroUrbano\" \/>\n<meta name=\"twitter:label1\" content=\"Escrito por\" \/>\n\t<meta name=\"twitter:data1\" content=\"Edgar Rosas\" \/>\n\t<meta name=\"twitter:label2\" content=\"Tiempo de lectura\" \/>\n\t<meta name=\"twitter:data2\" content=\"1 minuto\" \/>\n<script type=\"application\/ld+json\" class=\"yoast-schema-graph\">{\"@context\":\"https:\\\/\\\/schema.org\",\"@graph\":[{\"@type\":\"Article\",\"@id\":\"https:\\\/\\\/centrourbano.com\\\/revista\\\/vivienda\\\/fovissste-impulsa-vivienda-sustentable-godina\\\/#article\",\"isPartOf\":{\"@id\":\"https:\\\/\\\/centrourbano.com\\\/revista\\\/vivienda\\\/fovissste-impulsa-vivienda-sustentable-godina\\\/\"},\"author\":{\"name\":\"Edgar Rosas\",\"@id\":\"https:\\\/\\\/centrourbano.com\\\/revista\\\/#\\\/schema\\\/person\\\/ff3c00651ce5b1630479d2cd0c2e3ac0\"},\"headline\":\"Fovissste impulsa vivienda sustentable: Godina\",\"datePublished\":\"2017-04-20T16:14:31+00:00\",\"dateModified\":\"2017-04-20T16:20:34+00:00\",\"mainEntityOfPage\":{\"@id\":\"https:\\\/\\\/centrourbano.com\\\/revista\\\/vivienda\\\/fovissste-impulsa-vivienda-sustentable-godina\\\/\"},\"wordCount\":303,\"commentCount\":0,\"publisher\":{\"@id\":\"https:\\\/\\\/centrourbano.com\\\/revista\\\/#organization\"},\"image\":{\"@id\":\"https:\\\/\\\/centrourbano.com\\\/revista\\\/vivienda\\\/fovissste-impulsa-vivienda-sustentable-godina\\\/#primaryimage\"},\"thumbnailUrl\":\"https:\\\/\\\/centrourbano.com\\\/revista\\\/wp-content\\\/uploads\\\/Godina_Fovissste.jpeg\",\"keywords\":[\"Cr\u00e9ditos\",\"Fovissste\",\"Luis Antonio Godina Herrera\",\"vivienda\"],\"articleSection\":[\"Vivienda\"],\"inLanguage\":\"es\",\"potentialAction\":[{\"@type\":\"CommentAction\",\"name\":\"Comment\",\"target\":[\"https:\\\/\\\/centrourbano.com\\\/revista\\\/vivienda\\\/fovissste-impulsa-vivienda-sustentable-godina\\\/#respond\"]}]},{\"@type\":\"WebPage\",\"@id\":\"https:\\\/\\\/centrourbano.com\\\/revista\\\/vivienda\\\/fovissste-impulsa-vivienda-sustentable-godina\\\/\",\"url\":\"https:\\\/\\\/centrourbano.com\\\/revista\\\/vivienda\\\/fovissste-impulsa-vivienda-sustentable-godina\\\/\",\"name\":\"Fovissste impulsa vivienda sustentable: Godina -\",\"isPartOf\":{\"@id\":\"https:\\\/\\\/centrourbano.com\\\/revista\\\/#website\"},\"primaryImageOfPage\":{\"@id\":\"https:\\\/\\\/centrourbano.com\\\/revista\\\/vivienda\\\/fovissste-impulsa-vivienda-sustentable-godina\\\/#primaryimage\"},\"image\":{\"@id\":\"https:\\\/\\\/centrourbano.com\\\/revista\\\/vivienda\\\/fovissste-impulsa-vivienda-sustentable-godina\\\/#primaryimage\"},\"thumbnailUrl\":\"https:\\\/\\\/centrourbano.com\\\/revista\\\/wp-content\\\/uploads\\\/Godina_Fovissste.jpeg\",\"datePublished\":\"2017-04-20T16:14:31+00:00\",\"dateModified\":\"2017-04-20T16:20:34+00:00\",\"description\":\"El Fondo de la Vivienda del Issste (Fovissste) ha impulsado mecanismos que fomentan la adquisici\u00f3n de vivienda sustentable y de calidad, asegur\u00f3 Luis Antonio Godina Herrera, vocal ejecutivo del organismo.\",\"breadcrumb\":{\"@id\":\"https:\\\/\\\/centrourbano.com\\\/revista\\\/vivienda\\\/fovissste-impulsa-vivienda-sustentable-godina\\\/#breadcrumb\"},\"inLanguage\":\"es\",\"potentialAction\":[{\"@type\":\"ReadAction\",\"target\":[\"https:\\\/\\\/centrourbano.com\\\/revista\\\/vivienda\\\/fovissste-impulsa-vivienda-sustentable-godina\\\/\"]}]},{\"@type\":\"ImageObject\",\"inLanguage\":\"es\",\"@id\":\"https:\\\/\\\/centrourbano.com\\\/revista\\\/vivienda\\\/fovissste-impulsa-vivienda-sustentable-godina\\\/#primaryimage\",\"url\":\"https:\\\/\\\/centrourbano.com\\\/revista\\\/wp-content\\\/uploads\\\/Godina_Fovissste.jpeg\",\"contentUrl\":\"https:\\\/\\\/centrourbano.com\\\/revista\\\/wp-content\\\/uploads\\\/Godina_Fovissste.jpeg\",\"width\":800,\"height\":533,\"caption\":\"La instituci\u00f3n tambi\u00e9n implement\u00f3 un programa para ayudar a damnificados por fen\u00f3menos naturales\"},{\"@type\":\"BreadcrumbList\",\"@id\":\"https:\\\/\\\/centrourbano.com\\\/revista\\\/vivienda\\\/fovissste-impulsa-vivienda-sustentable-godina\\\/#breadcrumb\",\"itemListElement\":[{\"@type\":\"ListItem\",\"position\":1,\"name\":\"Portada\",\"item\":\"https:\\\/\\\/centrourbano.com\\\/revista\\\/\"},{\"@type\":\"ListItem\",\"position\":2,\"name\":\"Fovissste impulsa vivienda sustentable: Godina\"}]},{\"@type\":\"WebSite\",\"@id\":\"https:\\\/\\\/centrourbano.com\\\/revista\\\/#website\",\"url\":\"https:\\\/\\\/centrourbano.com\\\/revista\\\/\",\"name\":\"Centro Urbano\",\"description\":\"Medio especializado en los sectores vivienda, inmobiliario, construcci\u00f3n, arquitectura y urbanismo.\",\"publisher\":{\"@id\":\"https:\\\/\\\/centrourbano.com\\\/revista\\\/#organization\"},\"potentialAction\":[{\"@type\":\"SearchAction\",\"target\":{\"@type\":\"EntryPoint\",\"urlTemplate\":\"https:\\\/\\\/centrourbano.com\\\/revista\\\/?s={search_term_string}\"},\"query-input\":{\"@type\":\"PropertyValueSpecification\",\"valueRequired\":true,\"valueName\":\"search_term_string\"}}],\"inLanguage\":\"es\"},{\"@type\":\"Organization\",\"@id\":\"https:\\\/\\\/centrourbano.com\\\/revista\\\/#organization\",\"name\":\"Centro Urbano\",\"url\":\"https:\\\/\\\/centrourbano.com\\\/revista\\\/\",\"logo\":{\"@type\":\"ImageObject\",\"inLanguage\":\"es\",\"@id\":\"https:\\\/\\\/centrourbano.com\\\/revista\\\/#\\\/schema\\\/logo\\\/image\\\/\",\"url\":\"https:\\\/\\\/centrourbano.com\\\/revista\\\/wp-content\\\/uploads\\\/web_CU_logo-1.png\",\"contentUrl\":\"https:\\\/\\\/centrourbano.com\\\/revista\\\/wp-content\\\/uploads\\\/web_CU_logo-1.png\",\"width\":350,\"height\":91,\"caption\":\"Centro Urbano\"},\"image\":{\"@id\":\"https:\\\/\\\/centrourbano.com\\\/revista\\\/#\\\/schema\\\/logo\\\/image\\\/\"},\"sameAs\":[\"https:\\\/\\\/www.facebook.com\\\/portalcentrourbano\",\"https:\\\/\\\/x.com\\\/CentroUrbano\",\"https:\\\/\\\/www.instagram.com\\\/centro_urbano\\\/\",\"https:\\\/\\\/www.linkedin.com\\\/company\\\/centro-urbano\\\/\",\"http:\\\/\\\/www.youtube.com\\\/user\\\/portalcentrourbano\"]},{\"@type\":\"Person\",\"@id\":\"https:\\\/\\\/centrourbano.com\\\/revista\\\/#\\\/schema\\\/person\\\/ff3c00651ce5b1630479d2cd0c2e3ac0\",\"name\":\"Edgar Rosas\",\"image\":{\"@type\":\"ImageObject\",\"inLanguage\":\"es\",\"@id\":\"https:\\\/\\\/secure.gravatar.com\\\/avatar\\\/94440c4283495211faa5300bf85e80061036b83fced868c3783aa1310b350d9c?s=96&d=mm&r=g\",\"url\":\"https:\\\/\\\/secure.gravatar.com\\\/avatar\\\/94440c4283495211faa5300bf85e80061036b83fced868c3783aa1310b350d9c?s=96&d=mm&r=g\",\"contentUrl\":\"https:\\\/\\\/secure.gravatar.com\\\/avatar\\\/94440c4283495211faa5300bf85e80061036b83fced868c3783aa1310b350d9c?s=96&d=mm&r=g\",\"caption\":\"Edgar Rosas\"},\"description\":\"Editor en Jefe de Centro Urbano. Egresado de la maestr\u00eda en Periodismo Pol\u00edtico de la Escuela de Periodismo Carlos Septi\u00e9n Garc\u00eda (EPCSG). Estudi\u00f3 la licenciatura en Comunicaci\u00f3n en la Universidad Mexicana. Amante de la cr\u00f3nica y el reportaje. Admirador de Vicente Le\u00f1ero y Miguel \u00c1ngel Granados Chapa.\",\"sameAs\":[\"https:\\\/\\\/x.com\\\/https:\\\/\\\/twitter.com\\\/ERosasCU?s=09\"],\"url\":\"https:\\\/\\\/centrourbano.com\\\/revista\\\/author\\\/edgar-rosas\\\/\"}]}<\/script>\n<!-- \/ Yoast SEO plugin. -->","yoast_head_json":{"title":"Fovissste impulsa vivienda sustentable: Godina -","description":"El Fondo de la Vivienda del Issste (Fovissste) ha impulsado mecanismos que fomentan la adquisici\u00f3n de vivienda sustentable y de calidad, asegur\u00f3 Luis Antonio Godina Herrera, vocal ejecutivo del organismo.","robots":{"index":"index","follow":"follow","max-snippet":"max-snippet:-1","max-image-preview":"max-image-preview:large","max-video-preview":"max-video-preview:-1"},"canonical":"https:\/\/centrourbano.com\/revista\/vivienda\/fovissste-impulsa-vivienda-sustentable-godina\/","og_locale":"es_ES","og_type":"article","og_title":"Fovissste impulsa vivienda sustentable: Godina -","og_description":"El Fondo de la Vivienda del Issste (Fovissste) ha impulsado mecanismos que fomentan la adquisici\u00f3n de vivienda sustentable y de calidad, asegur\u00f3 Luis Antonio Godina Herrera, vocal ejecutivo del organismo.","og_url":"https:\/\/centrourbano.com\/revista\/vivienda\/fovissste-impulsa-vivienda-sustentable-godina\/","og_site_name":"Centro Urbano","article_publisher":"https:\/\/www.facebook.com\/portalcentrourbano","article_published_time":"2017-04-20T16:14:31+00:00","article_modified_time":"2017-04-20T16:20:34+00:00","og_image":[{"width":800,"height":533,"url":"https:\/\/centrourbano.com\/revista\/wp-content\/uploads\/Godina_Fovissste.jpeg","type":"image\/jpeg"}],"author":"Edgar Rosas","twitter_card":"summary_large_image","twitter_creator":"@https:\/\/twitter.com\/ERosasCU?s=09","twitter_site":"@CentroUrbano","twitter_misc":{"Escrito por":"Edgar Rosas","Tiempo de lectura":"1 minuto"},"schema":{"@context":"https:\/\/schema.org","@graph":[{"@type":"Article","@id":"https:\/\/centrourbano.com\/revista\/vivienda\/fovissste-impulsa-vivienda-sustentable-godina\/#article","isPartOf":{"@id":"https:\/\/centrourbano.com\/revista\/vivienda\/fovissste-impulsa-vivienda-sustentable-godina\/"},"author":{"name":"Edgar Rosas","@id":"https:\/\/centrourbano.com\/revista\/#\/schema\/person\/ff3c00651ce5b1630479d2cd0c2e3ac0"},"headline":"Fovissste impulsa vivienda sustentable: Godina","datePublished":"2017-04-20T16:14:31+00:00","dateModified":"2017-04-20T16:20:34+00:00","mainEntityOfPage":{"@id":"https:\/\/centrourbano.com\/revista\/vivienda\/fovissste-impulsa-vivienda-sustentable-godina\/"},"wordCount":303,"commentCount":0,"publisher":{"@id":"https:\/\/centrourbano.com\/revista\/#organization"},"image":{"@id":"https:\/\/centrourbano.com\/revista\/vivienda\/fovissste-impulsa-vivienda-sustentable-godina\/#primaryimage"},"thumbnailUrl":"https:\/\/centrourbano.com\/revista\/wp-content\/uploads\/Godina_Fovissste.jpeg","keywords":["Cr\u00e9ditos","Fovissste","Luis Antonio Godina Herrera","vivienda"],"articleSection":["Vivienda"],"inLanguage":"es","potentialAction":[{"@type":"CommentAction","name":"Comment","target":["https:\/\/centrourbano.com\/revista\/vivienda\/fovissste-impulsa-vivienda-sustentable-godina\/#respond"]}]},{"@type":"WebPage","@id":"https:\/\/centrourbano.com\/revista\/vivienda\/fovissste-impulsa-vivienda-sustentable-godina\/","url":"https:\/\/centrourbano.com\/revista\/vivienda\/fovissste-impulsa-vivienda-sustentable-godina\/","name":"Fovissste impulsa vivienda sustentable: Godina -","isPartOf":{"@id":"https:\/\/centrourbano.com\/revista\/#website"},"primaryImageOfPage":{"@id":"https:\/\/centrourbano.com\/revista\/vivienda\/fovissste-impulsa-vivienda-sustentable-godina\/#primaryimage"},"image":{"@id":"https:\/\/centrourbano.com\/revista\/vivienda\/fovissste-impulsa-vivienda-sustentable-godina\/#primaryimage"},"thumbnailUrl":"https:\/\/centrourbano.com\/revista\/wp-content\/uploads\/Godina_Fovissste.jpeg","datePublished":"2017-04-20T16:14:31+00:00","dateModified":"2017-04-20T16:20:34+00:00","description":"El Fondo de la Vivienda del Issste (Fovissste) ha impulsado mecanismos que fomentan la adquisici\u00f3n de vivienda sustentable y de calidad, asegur\u00f3 Luis Antonio Godina Herrera, vocal ejecutivo del organismo.","breadcrumb":{"@id":"https:\/\/centrourbano.com\/revista\/vivienda\/fovissste-impulsa-vivienda-sustentable-godina\/#breadcrumb"},"inLanguage":"es","potentialAction":[{"@type":"ReadAction","target":["https:\/\/centrourbano.com\/revista\/vivienda\/fovissste-impulsa-vivienda-sustentable-godina\/"]}]},{"@type":"ImageObject","inLanguage":"es","@id":"https:\/\/centrourbano.com\/revista\/vivienda\/fovissste-impulsa-vivienda-sustentable-godina\/#primaryimage","url":"https:\/\/centrourbano.com\/revista\/wp-content\/uploads\/Godina_Fovissste.jpeg","contentUrl":"https:\/\/centrourbano.com\/revista\/wp-content\/uploads\/Godina_Fovissste.jpeg","width":800,"height":533,"caption":"La instituci\u00f3n tambi\u00e9n implement\u00f3 un programa para ayudar a damnificados por fen\u00f3menos naturales"},{"@type":"BreadcrumbList","@id":"https:\/\/centrourbano.com\/revista\/vivienda\/fovissste-impulsa-vivienda-sustentable-godina\/#breadcrumb","itemListElement":[{"@type":"ListItem","position":1,"name":"Portada","item":"https:\/\/centrourbano.com\/revista\/"},{"@type":"ListItem","position":2,"name":"Fovissste impulsa vivienda sustentable: Godina"}]},{"@type":"WebSite","@id":"https:\/\/centrourbano.com\/revista\/#website","url":"https:\/\/centrourbano.com\/revista\/","name":"Centro Urbano","description":"Medio especializado en los sectores vivienda, inmobiliario, construcci\u00f3n, arquitectura y urbanismo.","publisher":{"@id":"https:\/\/centrourbano.com\/revista\/#organization"},"potentialAction":[{"@type":"SearchAction","target":{"@type":"EntryPoint","urlTemplate":"https:\/\/centrourbano.com\/revista\/?s={search_term_string}"},"query-input":{"@type":"PropertyValueSpecification","valueRequired":true,"valueName":"search_term_string"}}],"inLanguage":"es"},{"@type":"Organization","@id":"https:\/\/centrourbano.com\/revista\/#organization","name":"Centro Urbano","url":"https:\/\/centrourbano.com\/revista\/","logo":{"@type":"ImageObject","inLanguage":"es","@id":"https:\/\/centrourbano.com\/revista\/#\/schema\/logo\/image\/","url":"https:\/\/centrourbano.com\/revista\/wp-content\/uploads\/web_CU_logo-1.png","contentUrl":"https:\/\/centrourbano.com\/revista\/wp-content\/uploads\/web_CU_logo-1.png","width":350,"height":91,"caption":"Centro Urbano"},"image":{"@id":"https:\/\/centrourbano.com\/revista\/#\/schema\/logo\/image\/"},"sameAs":["https:\/\/www.facebook.com\/portalcentrourbano","https:\/\/x.com\/CentroUrbano","https:\/\/www.instagram.com\/centro_urbano\/","https:\/\/www.linkedin.com\/company\/centro-urbano\/","http:\/\/www.youtube.com\/user\/portalcentrourbano"]},{"@type":"Person","@id":"https:\/\/centrourbano.com\/revista\/#\/schema\/person\/ff3c00651ce5b1630479d2cd0c2e3ac0","name":"Edgar Rosas","image":{"@type":"ImageObject","inLanguage":"es","@id":"https:\/\/secure.gravatar.com\/avatar\/94440c4283495211faa5300bf85e80061036b83fced868c3783aa1310b350d9c?s=96&d=mm&r=g","url":"https:\/\/secure.gravatar.com\/avatar\/94440c4283495211faa5300bf85e80061036b83fced868c3783aa1310b350d9c?s=96&d=mm&r=g","contentUrl":"https:\/\/secure.gravatar.com\/avatar\/94440c4283495211faa5300bf85e80061036b83fced868c3783aa1310b350d9c?s=96&d=mm&r=g","caption":"Edgar Rosas"},"description":"Editor en Jefe de Centro Urbano. Egresado de la maestr\u00eda en Periodismo Pol\u00edtico de la Escuela de Periodismo Carlos Septi\u00e9n Garc\u00eda (EPCSG). Estudi\u00f3 la licenciatura en Comunicaci\u00f3n en la Universidad Mexicana. Amante de la cr\u00f3nica y el reportaje. Admirador de Vicente Le\u00f1ero y Miguel \u00c1ngel Granados Chapa.","sameAs":["https:\/\/x.com\/https:\/\/twitter.com\/ERosasCU?s=09"],"url":"https:\/\/centrourbano.com\/revista\/author\/edgar-rosas\/"}]}},"_links":{"self":[{"href":"https:\/\/centrourbano.com\/revista\/wp-json\/wp\/v2\/posts\/52154","targetHints":{"allow":["GET"]}}],"collection":[{"href":"https:\/\/centrourbano.com\/revista\/wp-json\/wp\/v2\/posts"}],"about":[{"href":"https:\/\/centrourbano.com\/revista\/wp-json\/wp\/v2\/types\/post"}],"author":[{"embeddable":true,"href":"https:\/\/centrourbano.com\/revista\/wp-json\/wp\/v2\/users\/47"}],"replies":[{"embeddable":true,"href":"https:\/\/centrourbano.com\/revista\/wp-json\/wp\/v2\/comments?post=52154"}],"version-history":[{"count":0,"href":"https:\/\/centrourbano.com\/revista\/wp-json\/wp\/v2\/posts\/52154\/revisions"}],"wp:featuredmedia":[{"embeddable":true,"href":"https:\/\/centrourbano.com\/revista\/wp-json\/wp\/v2\/media\/47527"}],"wp:attachment":[{"href":"https:\/\/centrourbano.com\/revista\/wp-json\/wp\/v2\/media?parent=52154"}],"wp:term":[{"taxonomy":"category","embeddable":true,"href":"https:\/\/centrourbano.com\/revista\/wp-json\/wp\/v2\/categories?post=52154"},{"taxonomy":"post_tag","embeddable":true,"href":"https:\/\/centrourbano.com\/revista\/wp-json\/wp\/v2\/tags?post=52154"}],"curies":[{"name":"wp","href":"https:\/\/api.w.org\/{rel}","templated":true}]}}