{"id":52138,"date":"2017-04-20T09:09:46","date_gmt":"2017-04-20T14:09:46","guid":{"rendered":"https:\/\/centrourbano.com\/?p=52138"},"modified":"2017-04-19T17:11:43","modified_gmt":"2017-04-19T22:11:43","slug":"presidira-mexico-conferencia-mundial-del-transporte-alemania","status":"publish","type":"post","link":"https:\/\/centrourbano.com\/revista\/construccion\/presidira-mexico-conferencia-mundial-del-transporte-alemania\/","title":{"rendered":"Presidir\u00e1 M\u00e9xico Conferencia Mundial del Transporte en Alemania"},"content":{"rendered":"<p><em>El evento se llevar\u00e1 a cabo del 31 de mayo al 2 de junio; ser\u00e1 dirigido por Gerardo Ruiz Esparza<\/em><!--more--><\/p>\n<p>El portavoz oficial de la Conferencia Mundial de los ministros del sector, Hans Michel Kloth, inform\u00f3 que el secretario de Comunicaciones y Transportes en M\u00e9xico, Gerardo Ruiz Esparza, dirigir\u00e1 el evento, el cual, se llevar\u00e1 a cabo del 31 de mayo al 2 de junio pr\u00f3ximo.<\/p>\n<p>M\u00e9xico tiene en 2017 la Presidencia del Foro Internacional de Transporte, que se enmarca en la Organizaci\u00f3n de Cooperaci\u00f3n y Desarrollo Econ\u00f3mico (OCDE), el cual es un organismo multilateral que tiene su sede en Par\u00eds, Francia. <\/p>\n<p>Los organizadores indicaron que en la edici\u00f3n de este a\u00f1o, la conferencia tiene el prop\u00f3sito de explorar las tendencias que se registran actualmente en la gobernanza del transporte, y se identificar\u00e1n los mayores desaf\u00edos a los que el sector es sometido.<\/p>\n<p>Algunos de sus temas son Infraestructura: para las necesidades de movilidad del ma\u00f1ana; Explorar: las tendencias que dan forma a la gobernanza del transporte; Acceso urbano para mejor movilidad; Conectividad: econom\u00eda global y sociedades incluyentes; y Regulaci\u00f3n para la innovaci\u00f3n. <\/p>\n<p>Participar\u00e1n seis oponentes, de los cuales dos son mexicanos; la primera es Patricia Espinosa, quien actualmente es la secretaria ejecutiva de la Convenci\u00f3n del Clima de la Organizaci\u00f3n de las Naciones Unidas.<\/p>\n<p>La acompa\u00f1ar\u00e1n Federico Pati\u00f1o, quien funge como director general del Grupo Aeroportuario de la Ciudad de M\u00e9xico; Xiaopeng Li, ministro del Transporte de China; Elisabeth Borne, presidenta del R\u00e9gimen Aut\u00f3nomi\u00f3 de los Transportes P\u00fablicos de Par\u00eds. <\/p>\n<p>Los otros ponentes ser\u00e1n Toomas Ilves, quien fue presidente de Estonia de 2006 a 2016; y Rajendra Rao, director general de Ford Smart Mobility, de Ford Motor Company.<\/p>\n","protected":false},"excerpt":{"rendered":"<p>El evento se llevar\u00e1 a cabo del 31 de mayo al 2 de junio; ser\u00e1 dirigido por Gerardo Ruiz Esparza<\/p>\n","protected":false},"author":42,"featured_media":45113,"comment_status":"open","ping_status":"closed","sticky":false,"template":"","format":"standard","meta":{"om_disable_all_campaigns":false,"inline_featured_image":false,"_monsterinsights_skip_tracking":false,"_monsterinsights_sitenote_active":false,"_monsterinsights_sitenote_note":"","_monsterinsights_sitenote_category":0,"footnotes":""},"categories":[14],"tags":[1032,8272,29],"class_list":["post-52138","post","type-post","status-publish","format-standard","has-post-thumbnail","hentry","category-construccion","tag-alemania","tag-ruiz-esparza","tag-sct"],"yoast_head":"<!-- This site is optimized with the Yoast SEO plugin v27.5 - https:\/\/yoast.com\/product\/yoast-seo-wordpress\/ -->\n<title>Presidir\u00e1 M\u00e9xico Conferencia Mundial del Transporte en Alemania -<\/title>\n<meta name=\"description\" content=\"El portavoz oficial de la Conferencia Mundial de los ministros del sector, Hans Michel Kloth, inform\u00f3 que el secretario de Comunicaciones y Transportes en M\u00e9xico, Gerardo Ruiz Esparza, dirigir\u00e1 el evento, el cual, se llevar\u00e1 a cabo del 31 de mayo al 2 de junio pr\u00f3ximo.\" \/>\n<meta name=\"robots\" content=\"index, follow, max-snippet:-1, max-image-preview:large, max-video-preview:-1\" \/>\n<link rel=\"canonical\" href=\"https:\/\/centrourbano.com\/revista\/construccion\/presidira-mexico-conferencia-mundial-del-transporte-alemania\/\" \/>\n<meta property=\"og:locale\" content=\"es_ES\" \/>\n<meta property=\"og:type\" content=\"article\" \/>\n<meta property=\"og:title\" content=\"Presidir\u00e1 M\u00e9xico Conferencia Mundial del Transporte en Alemania -\" \/>\n<meta property=\"og:description\" content=\"El portavoz oficial de la Conferencia Mundial de los ministros del sector, Hans Michel Kloth, inform\u00f3 que el secretario de Comunicaciones y Transportes en M\u00e9xico, Gerardo Ruiz Esparza, dirigir\u00e1 el evento, el cual, se llevar\u00e1 a cabo del 31 de mayo al 2 de junio pr\u00f3ximo.\" \/>\n<meta property=\"og:url\" content=\"https:\/\/centrourbano.com\/revista\/construccion\/presidira-mexico-conferencia-mundial-del-transporte-alemania\/\" \/>\n<meta property=\"og:site_name\" content=\"Centro Urbano\" \/>\n<meta property=\"article:publisher\" content=\"https:\/\/www.facebook.com\/portalcentrourbano\" \/>\n<meta property=\"article:published_time\" content=\"2017-04-20T14:09:46+00:00\" \/>\n<meta property=\"og:image\" content=\"https:\/\/centrourbano.com\/revista\/wp-content\/uploads\/Gerardo-Ruiz-Esparza-2.jpg\" \/>\n\t<meta property=\"og:image:width\" content=\"1280\" \/>\n\t<meta property=\"og:image:height\" content=\"800\" \/>\n\t<meta property=\"og:image:type\" content=\"image\/jpeg\" \/>\n<meta name=\"author\" content=\"Priscila D\u00edaz\" \/>\n<meta name=\"twitter:card\" content=\"summary_large_image\" \/>\n<meta name=\"twitter:creator\" content=\"@CentroUrbano\" \/>\n<meta name=\"twitter:site\" content=\"@CentroUrbano\" \/>\n<meta name=\"twitter:label1\" content=\"Escrito por\" \/>\n\t<meta name=\"twitter:data1\" content=\"Priscila D\u00edaz\" \/>\n\t<meta name=\"twitter:label2\" content=\"Tiempo de lectura\" \/>\n\t<meta name=\"twitter:data2\" content=\"2 minutos\" \/>\n<script type=\"application\/ld+json\" class=\"yoast-schema-graph\">{\"@context\":\"https:\\\/\\\/schema.org\",\"@graph\":[{\"@type\":\"Article\",\"@id\":\"https:\\\/\\\/centrourbano.com\\\/revista\\\/construccion\\\/presidira-mexico-conferencia-mundial-del-transporte-alemania\\\/#article\",\"isPartOf\":{\"@id\":\"https:\\\/\\\/centrourbano.com\\\/revista\\\/construccion\\\/presidira-mexico-conferencia-mundial-del-transporte-alemania\\\/\"},\"author\":{\"name\":\"Priscila D\u00edaz\",\"@id\":\"https:\\\/\\\/centrourbano.com\\\/revista\\\/#\\\/schema\\\/person\\\/97e0e5e1f84fc331e58993c6cb96c1ea\"},\"headline\":\"Presidir\u00e1 M\u00e9xico Conferencia Mundial del Transporte en Alemania\",\"datePublished\":\"2017-04-20T14:09:46+00:00\",\"mainEntityOfPage\":{\"@id\":\"https:\\\/\\\/centrourbano.com\\\/revista\\\/construccion\\\/presidira-mexico-conferencia-mundial-del-transporte-alemania\\\/\"},\"wordCount\":309,\"commentCount\":0,\"publisher\":{\"@id\":\"https:\\\/\\\/centrourbano.com\\\/revista\\\/#organization\"},\"image\":{\"@id\":\"https:\\\/\\\/centrourbano.com\\\/revista\\\/construccion\\\/presidira-mexico-conferencia-mundial-del-transporte-alemania\\\/#primaryimage\"},\"thumbnailUrl\":\"https:\\\/\\\/centrourbano.com\\\/revista\\\/wp-content\\\/uploads\\\/Gerardo-Ruiz-Esparza-2.jpg\",\"keywords\":[\"Alemania\",\"Ruiz Esparza\",\"SCT\"],\"articleSection\":[\"Construcci\u00f3n\"],\"inLanguage\":\"es\",\"potentialAction\":[{\"@type\":\"CommentAction\",\"name\":\"Comment\",\"target\":[\"https:\\\/\\\/centrourbano.com\\\/revista\\\/construccion\\\/presidira-mexico-conferencia-mundial-del-transporte-alemania\\\/#respond\"]}]},{\"@type\":\"WebPage\",\"@id\":\"https:\\\/\\\/centrourbano.com\\\/revista\\\/construccion\\\/presidira-mexico-conferencia-mundial-del-transporte-alemania\\\/\",\"url\":\"https:\\\/\\\/centrourbano.com\\\/revista\\\/construccion\\\/presidira-mexico-conferencia-mundial-del-transporte-alemania\\\/\",\"name\":\"Presidir\u00e1 M\u00e9xico Conferencia Mundial del Transporte en Alemania -\",\"isPartOf\":{\"@id\":\"https:\\\/\\\/centrourbano.com\\\/revista\\\/#website\"},\"primaryImageOfPage\":{\"@id\":\"https:\\\/\\\/centrourbano.com\\\/revista\\\/construccion\\\/presidira-mexico-conferencia-mundial-del-transporte-alemania\\\/#primaryimage\"},\"image\":{\"@id\":\"https:\\\/\\\/centrourbano.com\\\/revista\\\/construccion\\\/presidira-mexico-conferencia-mundial-del-transporte-alemania\\\/#primaryimage\"},\"thumbnailUrl\":\"https:\\\/\\\/centrourbano.com\\\/revista\\\/wp-content\\\/uploads\\\/Gerardo-Ruiz-Esparza-2.jpg\",\"datePublished\":\"2017-04-20T14:09:46+00:00\",\"description\":\"El portavoz oficial de la Conferencia Mundial de los ministros del sector, Hans Michel Kloth, inform\u00f3 que el secretario de Comunicaciones y Transportes en M\u00e9xico, Gerardo Ruiz Esparza, dirigir\u00e1 el evento, el cual, se llevar\u00e1 a cabo del 31 de mayo al 2 de junio pr\u00f3ximo.\",\"breadcrumb\":{\"@id\":\"https:\\\/\\\/centrourbano.com\\\/revista\\\/construccion\\\/presidira-mexico-conferencia-mundial-del-transporte-alemania\\\/#breadcrumb\"},\"inLanguage\":\"es\",\"potentialAction\":[{\"@type\":\"ReadAction\",\"target\":[\"https:\\\/\\\/centrourbano.com\\\/revista\\\/construccion\\\/presidira-mexico-conferencia-mundial-del-transporte-alemania\\\/\"]}]},{\"@type\":\"ImageObject\",\"inLanguage\":\"es\",\"@id\":\"https:\\\/\\\/centrourbano.com\\\/revista\\\/construccion\\\/presidira-mexico-conferencia-mundial-del-transporte-alemania\\\/#primaryimage\",\"url\":\"https:\\\/\\\/centrourbano.com\\\/revista\\\/wp-content\\\/uploads\\\/Gerardo-Ruiz-Esparza-2.jpg\",\"contentUrl\":\"https:\\\/\\\/centrourbano.com\\\/revista\\\/wp-content\\\/uploads\\\/Gerardo-Ruiz-Esparza-2.jpg\",\"width\":1280,\"height\":800},{\"@type\":\"BreadcrumbList\",\"@id\":\"https:\\\/\\\/centrourbano.com\\\/revista\\\/construccion\\\/presidira-mexico-conferencia-mundial-del-transporte-alemania\\\/#breadcrumb\",\"itemListElement\":[{\"@type\":\"ListItem\",\"position\":1,\"name\":\"Portada\",\"item\":\"https:\\\/\\\/centrourbano.com\\\/revista\\\/\"},{\"@type\":\"ListItem\",\"position\":2,\"name\":\"Presidir\u00e1 M\u00e9xico Conferencia Mundial del Transporte en Alemania\"}]},{\"@type\":\"WebSite\",\"@id\":\"https:\\\/\\\/centrourbano.com\\\/revista\\\/#website\",\"url\":\"https:\\\/\\\/centrourbano.com\\\/revista\\\/\",\"name\":\"Centro Urbano\",\"description\":\"Medio especializado en los sectores vivienda, inmobiliario, construcci\u00f3n, arquitectura y urbanismo.\",\"publisher\":{\"@id\":\"https:\\\/\\\/centrourbano.com\\\/revista\\\/#organization\"},\"potentialAction\":[{\"@type\":\"SearchAction\",\"target\":{\"@type\":\"EntryPoint\",\"urlTemplate\":\"https:\\\/\\\/centrourbano.com\\\/revista\\\/?s={search_term_string}\"},\"query-input\":{\"@type\":\"PropertyValueSpecification\",\"valueRequired\":true,\"valueName\":\"search_term_string\"}}],\"inLanguage\":\"es\"},{\"@type\":\"Organization\",\"@id\":\"https:\\\/\\\/centrourbano.com\\\/revista\\\/#organization\",\"name\":\"Centro Urbano\",\"url\":\"https:\\\/\\\/centrourbano.com\\\/revista\\\/\",\"logo\":{\"@type\":\"ImageObject\",\"inLanguage\":\"es\",\"@id\":\"https:\\\/\\\/centrourbano.com\\\/revista\\\/#\\\/schema\\\/logo\\\/image\\\/\",\"url\":\"https:\\\/\\\/centrourbano.com\\\/revista\\\/wp-content\\\/uploads\\\/web_CU_logo-1.png\",\"contentUrl\":\"https:\\\/\\\/centrourbano.com\\\/revista\\\/wp-content\\\/uploads\\\/web_CU_logo-1.png\",\"width\":350,\"height\":91,\"caption\":\"Centro Urbano\"},\"image\":{\"@id\":\"https:\\\/\\\/centrourbano.com\\\/revista\\\/#\\\/schema\\\/logo\\\/image\\\/\"},\"sameAs\":[\"https:\\\/\\\/www.facebook.com\\\/portalcentrourbano\",\"https:\\\/\\\/x.com\\\/CentroUrbano\",\"https:\\\/\\\/www.instagram.com\\\/centro_urbano\\\/\",\"https:\\\/\\\/www.linkedin.com\\\/company\\\/centro-urbano\\\/\",\"http:\\\/\\\/www.youtube.com\\\/user\\\/portalcentrourbano\"]},{\"@type\":\"Person\",\"@id\":\"https:\\\/\\\/centrourbano.com\\\/revista\\\/#\\\/schema\\\/person\\\/97e0e5e1f84fc331e58993c6cb96c1ea\",\"name\":\"Priscila D\u00edaz\",\"image\":{\"@type\":\"ImageObject\",\"inLanguage\":\"es\",\"@id\":\"https:\\\/\\\/secure.gravatar.com\\\/avatar\\\/bf28a62a51d45b542a0c3fe4c31a60c3887b5037867f58a6225cbf7479b56636?s=96&d=mm&r=g\",\"url\":\"https:\\\/\\\/secure.gravatar.com\\\/avatar\\\/bf28a62a51d45b542a0c3fe4c31a60c3887b5037867f58a6225cbf7479b56636?s=96&d=mm&r=g\",\"contentUrl\":\"https:\\\/\\\/secure.gravatar.com\\\/avatar\\\/bf28a62a51d45b542a0c3fe4c31a60c3887b5037867f58a6225cbf7479b56636?s=96&d=mm&r=g\",\"caption\":\"Priscila D\u00edaz\"},\"url\":\"https:\\\/\\\/centrourbano.com\\\/revista\\\/author\\\/priscila-diaz\\\/\"}]}<\/script>\n<!-- \/ Yoast SEO plugin. -->","yoast_head_json":{"title":"Presidir\u00e1 M\u00e9xico Conferencia Mundial del Transporte en Alemania -","description":"El portavoz oficial de la Conferencia Mundial de los ministros del sector, Hans Michel Kloth, inform\u00f3 que el secretario de Comunicaciones y Transportes en M\u00e9xico, Gerardo Ruiz Esparza, dirigir\u00e1 el evento, el cual, se llevar\u00e1 a cabo del 31 de mayo al 2 de junio pr\u00f3ximo.","robots":{"index":"index","follow":"follow","max-snippet":"max-snippet:-1","max-image-preview":"max-image-preview:large","max-video-preview":"max-video-preview:-1"},"canonical":"https:\/\/centrourbano.com\/revista\/construccion\/presidira-mexico-conferencia-mundial-del-transporte-alemania\/","og_locale":"es_ES","og_type":"article","og_title":"Presidir\u00e1 M\u00e9xico Conferencia Mundial del Transporte en Alemania -","og_description":"El portavoz oficial de la Conferencia Mundial de los ministros del sector, Hans Michel Kloth, inform\u00f3 que el secretario de Comunicaciones y Transportes en M\u00e9xico, Gerardo Ruiz Esparza, dirigir\u00e1 el evento, el cual, se llevar\u00e1 a cabo del 31 de mayo al 2 de junio pr\u00f3ximo.","og_url":"https:\/\/centrourbano.com\/revista\/construccion\/presidira-mexico-conferencia-mundial-del-transporte-alemania\/","og_site_name":"Centro Urbano","article_publisher":"https:\/\/www.facebook.com\/portalcentrourbano","article_published_time":"2017-04-20T14:09:46+00:00","og_image":[{"width":1280,"height":800,"url":"https:\/\/centrourbano.com\/revista\/wp-content\/uploads\/Gerardo-Ruiz-Esparza-2.jpg","type":"image\/jpeg"}],"author":"Priscila D\u00edaz","twitter_card":"summary_large_image","twitter_creator":"@CentroUrbano","twitter_site":"@CentroUrbano","twitter_misc":{"Escrito por":"Priscila D\u00edaz","Tiempo de lectura":"2 minutos"},"schema":{"@context":"https:\/\/schema.org","@graph":[{"@type":"Article","@id":"https:\/\/centrourbano.com\/revista\/construccion\/presidira-mexico-conferencia-mundial-del-transporte-alemania\/#article","isPartOf":{"@id":"https:\/\/centrourbano.com\/revista\/construccion\/presidira-mexico-conferencia-mundial-del-transporte-alemania\/"},"author":{"name":"Priscila D\u00edaz","@id":"https:\/\/centrourbano.com\/revista\/#\/schema\/person\/97e0e5e1f84fc331e58993c6cb96c1ea"},"headline":"Presidir\u00e1 M\u00e9xico Conferencia Mundial del Transporte en Alemania","datePublished":"2017-04-20T14:09:46+00:00","mainEntityOfPage":{"@id":"https:\/\/centrourbano.com\/revista\/construccion\/presidira-mexico-conferencia-mundial-del-transporte-alemania\/"},"wordCount":309,"commentCount":0,"publisher":{"@id":"https:\/\/centrourbano.com\/revista\/#organization"},"image":{"@id":"https:\/\/centrourbano.com\/revista\/construccion\/presidira-mexico-conferencia-mundial-del-transporte-alemania\/#primaryimage"},"thumbnailUrl":"https:\/\/centrourbano.com\/revista\/wp-content\/uploads\/Gerardo-Ruiz-Esparza-2.jpg","keywords":["Alemania","Ruiz Esparza","SCT"],"articleSection":["Construcci\u00f3n"],"inLanguage":"es","potentialAction":[{"@type":"CommentAction","name":"Comment","target":["https:\/\/centrourbano.com\/revista\/construccion\/presidira-mexico-conferencia-mundial-del-transporte-alemania\/#respond"]}]},{"@type":"WebPage","@id":"https:\/\/centrourbano.com\/revista\/construccion\/presidira-mexico-conferencia-mundial-del-transporte-alemania\/","url":"https:\/\/centrourbano.com\/revista\/construccion\/presidira-mexico-conferencia-mundial-del-transporte-alemania\/","name":"Presidir\u00e1 M\u00e9xico Conferencia Mundial del Transporte en Alemania -","isPartOf":{"@id":"https:\/\/centrourbano.com\/revista\/#website"},"primaryImageOfPage":{"@id":"https:\/\/centrourbano.com\/revista\/construccion\/presidira-mexico-conferencia-mundial-del-transporte-alemania\/#primaryimage"},"image":{"@id":"https:\/\/centrourbano.com\/revista\/construccion\/presidira-mexico-conferencia-mundial-del-transporte-alemania\/#primaryimage"},"thumbnailUrl":"https:\/\/centrourbano.com\/revista\/wp-content\/uploads\/Gerardo-Ruiz-Esparza-2.jpg","datePublished":"2017-04-20T14:09:46+00:00","description":"El portavoz oficial de la Conferencia Mundial de los ministros del sector, Hans Michel Kloth, inform\u00f3 que el secretario de Comunicaciones y Transportes en M\u00e9xico, Gerardo Ruiz Esparza, dirigir\u00e1 el evento, el cual, se llevar\u00e1 a cabo del 31 de mayo al 2 de junio pr\u00f3ximo.","breadcrumb":{"@id":"https:\/\/centrourbano.com\/revista\/construccion\/presidira-mexico-conferencia-mundial-del-transporte-alemania\/#breadcrumb"},"inLanguage":"es","potentialAction":[{"@type":"ReadAction","target":["https:\/\/centrourbano.com\/revista\/construccion\/presidira-mexico-conferencia-mundial-del-transporte-alemania\/"]}]},{"@type":"ImageObject","inLanguage":"es","@id":"https:\/\/centrourbano.com\/revista\/construccion\/presidira-mexico-conferencia-mundial-del-transporte-alemania\/#primaryimage","url":"https:\/\/centrourbano.com\/revista\/wp-content\/uploads\/Gerardo-Ruiz-Esparza-2.jpg","contentUrl":"https:\/\/centrourbano.com\/revista\/wp-content\/uploads\/Gerardo-Ruiz-Esparza-2.jpg","width":1280,"height":800},{"@type":"BreadcrumbList","@id":"https:\/\/centrourbano.com\/revista\/construccion\/presidira-mexico-conferencia-mundial-del-transporte-alemania\/#breadcrumb","itemListElement":[{"@type":"ListItem","position":1,"name":"Portada","item":"https:\/\/centrourbano.com\/revista\/"},{"@type":"ListItem","position":2,"name":"Presidir\u00e1 M\u00e9xico Conferencia Mundial del Transporte en Alemania"}]},{"@type":"WebSite","@id":"https:\/\/centrourbano.com\/revista\/#website","url":"https:\/\/centrourbano.com\/revista\/","name":"Centro Urbano","description":"Medio especializado en los sectores vivienda, inmobiliario, construcci\u00f3n, arquitectura y urbanismo.","publisher":{"@id":"https:\/\/centrourbano.com\/revista\/#organization"},"potentialAction":[{"@type":"SearchAction","target":{"@type":"EntryPoint","urlTemplate":"https:\/\/centrourbano.com\/revista\/?s={search_term_string}"},"query-input":{"@type":"PropertyValueSpecification","valueRequired":true,"valueName":"search_term_string"}}],"inLanguage":"es"},{"@type":"Organization","@id":"https:\/\/centrourbano.com\/revista\/#organization","name":"Centro Urbano","url":"https:\/\/centrourbano.com\/revista\/","logo":{"@type":"ImageObject","inLanguage":"es","@id":"https:\/\/centrourbano.com\/revista\/#\/schema\/logo\/image\/","url":"https:\/\/centrourbano.com\/revista\/wp-content\/uploads\/web_CU_logo-1.png","contentUrl":"https:\/\/centrourbano.com\/revista\/wp-content\/uploads\/web_CU_logo-1.png","width":350,"height":91,"caption":"Centro Urbano"},"image":{"@id":"https:\/\/centrourbano.com\/revista\/#\/schema\/logo\/image\/"},"sameAs":["https:\/\/www.facebook.com\/portalcentrourbano","https:\/\/x.com\/CentroUrbano","https:\/\/www.instagram.com\/centro_urbano\/","https:\/\/www.linkedin.com\/company\/centro-urbano\/","http:\/\/www.youtube.com\/user\/portalcentrourbano"]},{"@type":"Person","@id":"https:\/\/centrourbano.com\/revista\/#\/schema\/person\/97e0e5e1f84fc331e58993c6cb96c1ea","name":"Priscila D\u00edaz","image":{"@type":"ImageObject","inLanguage":"es","@id":"https:\/\/secure.gravatar.com\/avatar\/bf28a62a51d45b542a0c3fe4c31a60c3887b5037867f58a6225cbf7479b56636?s=96&d=mm&r=g","url":"https:\/\/secure.gravatar.com\/avatar\/bf28a62a51d45b542a0c3fe4c31a60c3887b5037867f58a6225cbf7479b56636?s=96&d=mm&r=g","contentUrl":"https:\/\/secure.gravatar.com\/avatar\/bf28a62a51d45b542a0c3fe4c31a60c3887b5037867f58a6225cbf7479b56636?s=96&d=mm&r=g","caption":"Priscila D\u00edaz"},"url":"https:\/\/centrourbano.com\/revista\/author\/priscila-diaz\/"}]}},"_links":{"self":[{"href":"https:\/\/centrourbano.com\/revista\/wp-json\/wp\/v2\/posts\/52138","targetHints":{"allow":["GET"]}}],"collection":[{"href":"https:\/\/centrourbano.com\/revista\/wp-json\/wp\/v2\/posts"}],"about":[{"href":"https:\/\/centrourbano.com\/revista\/wp-json\/wp\/v2\/types\/post"}],"author":[{"embeddable":true,"href":"https:\/\/centrourbano.com\/revista\/wp-json\/wp\/v2\/users\/42"}],"replies":[{"embeddable":true,"href":"https:\/\/centrourbano.com\/revista\/wp-json\/wp\/v2\/comments?post=52138"}],"version-history":[{"count":0,"href":"https:\/\/centrourbano.com\/revista\/wp-json\/wp\/v2\/posts\/52138\/revisions"}],"wp:featuredmedia":[{"embeddable":true,"href":"https:\/\/centrourbano.com\/revista\/wp-json\/wp\/v2\/media\/45113"}],"wp:attachment":[{"href":"https:\/\/centrourbano.com\/revista\/wp-json\/wp\/v2\/media?parent=52138"}],"wp:term":[{"taxonomy":"category","embeddable":true,"href":"https:\/\/centrourbano.com\/revista\/wp-json\/wp\/v2\/categories?post=52138"},{"taxonomy":"post_tag","embeddable":true,"href":"https:\/\/centrourbano.com\/revista\/wp-json\/wp\/v2\/tags?post=52138"}],"curies":[{"name":"wp","href":"https:\/\/api.w.org\/{rel}","templated":true}]}}