{"id":52050,"date":"2017-04-18T11:18:36","date_gmt":"2017-04-18T16:18:36","guid":{"rendered":"https:\/\/centrourbano.com\/?p=52050"},"modified":"2017-04-18T11:18:36","modified_gmt":"2017-04-18T16:18:36","slug":"rehabilitacion-calles-merida","status":"publish","type":"post","link":"https:\/\/centrourbano.com\/revista\/urbanismo\/rehabilitacion-calles-merida\/","title":{"rendered":"Contin\u00faan rehabilitaci\u00f3n de calles en M\u00e9rida"},"content":{"rendered":"<p><em>Muestran un avance del 54% en los primeros 100 kil\u00f3metros de calles que se intervienen de un total de 150 kil\u00f3metros que se rehabilitar\u00e1n en 2017<\/em><\/p>\n<p>&nbsp;<\/p>\n<p>El director de Obras P\u00fablicas en M\u00e9rida, Virgilio Crespo M\u00e9ndez, inform\u00f3 que, de un total de 59 tramos que se han intervenido en distintas vialidades de la ciudad, ya se han abierto a la circulaci\u00f3n 45.<\/p>\n<p>&nbsp;<\/p>\n<p>Esto representa un avance del 54% en los primeros 100 kil\u00f3metros de calles que se intervienen de un total de 150 kil\u00f3metros que se rehabilitar\u00e1n en 2017. Se consideran calles inauguradas a las que ya cuentan con banquetas y guarniciones reparadas, pintura, se\u00f1alamientos y pasos peatonales.<\/p>\n<p>&nbsp;<\/p>\n<p>El funcionario inform\u00f3 que, del total de los 445,000,000 de pesos destinados para dichas rehabilitaciones, ya se ha utilizado 21% de los recursos, alrededor de 104,000,000 de pesos, monto que record\u00f3, forma parte de los 1,000 millones anunciados este a\u00f1o que se que ejercer\u00e1n en obra p\u00fablica e infraestructura en el estado.<\/p>\n<p>&nbsp;<\/p>\n<p>Una semana antes de iniciar las obras, se env\u00edan oficios a funcionarios de la Secretar\u00eda de Seguridad P\u00fablica (SSP), la Junta de Agua Potable y Alcantarillado de Yucat\u00e1n (Japay) y la Direcci\u00f3n Estatal de Transporte la relaci\u00f3n de tramos y calles que se van a intervenir con el fin de que se detecten a tiempo posibles afectaciones a los ciudadanos y se notifique a los concesionarios de las rutas que puedan verse modificadas.<\/p>\n<p>&nbsp;<\/p>\n<p>Explic\u00f3 que la realizaci\u00f3n de los trabajos no ha requerido el cierre total de vialidades, pues se ha trabajado por calles en tramos de 300 o 400 metros, seg\u00fan del flujo vehicular, y se colocan se\u00f1alamientos 100 o 200 metros antes para que los automovilistas que utilizan normalmente esta calle utilicen v\u00edas alternas.<\/p>\n<p>&nbsp;<\/p>\n<p>Los primeros trabajos que se realizan en el tramo consisten en la aplicaci\u00f3n de material p\u00e9treo de banco, tendido, conformaci\u00f3n y compactaci\u00f3n de la base hidr\u00e1ulica; a esto se le conoce como \u201cporeo\u201d, pues tiene un acabado poroso, pero temporalmente permite que se pueda reanudar el tr\u00e1nsito, mientras se avanza en otro tramo.<\/p>\n<p>&nbsp;<\/p>\n<p>De igual forma, record\u00f3 que el alcalde Mauricio Vila Dosal ya inaugur\u00f3 las obras de rehabilitaci\u00f3n de la calle 83 de San Antonio Kaua, la tercera de las vialidades que entrega en M\u00e9rida, luego de la inauguraci\u00f3n en marzo pasado de las obras viales de Francisco de Montejo y Reparto Granjas, todas ellas con los trabajos complementarios.<\/p>\n<p>&nbsp;<\/p>\n<p>Con la entrega de la calle de San Antonio Kaua que va de Circuito Colonias hasta Perif\u00e9rico y abarca un tramo de 1.1 km, ya se entregaron m\u00e1s de 4 kil\u00f3metros de calles rehabilitadas, las cuales ten\u00edan m\u00e1s de 20 a\u00f1os de antig\u00fcedad en promedio y que ahora benefician en su conjunto a 144,000 personas que a diario transitan en estos tres rumbos de la ciudad en poco m\u00e1s de 70,000 veh\u00edculos.<\/p>\n<p>&nbsp;<\/p>\n<p>Tambi\u00e9n se intervendr\u00e1 el tramo que va de la calle 60, entre 77 y 95, una de las calles m\u00e1s antiguas y representativas de M\u00e9rida.<\/p>\n<p>&nbsp;<\/p>\n","protected":false},"excerpt":{"rendered":"<p>Muestran un avance del 54% en los primeros 100 kil\u00f3metros de calles que se intervienen de un total de 150 kil\u00f3metros que se rehabilitar\u00e1n en 2017 &nbsp; El director de Obras P\u00fablicas en M\u00e9rida, Virgilio Crespo M\u00e9ndez, inform\u00f3 que, de un total de 59 tramos que se han intervenido en distintas vialidades de la ciudad, [&hellip;]<\/p>\n","protected":false},"author":45,"featured_media":52051,"comment_status":"open","ping_status":"closed","sticky":false,"template":"","format":"standard","meta":{"om_disable_all_campaigns":false,"inline_featured_image":false,"_monsterinsights_skip_tracking":false,"_monsterinsights_sitenote_active":false,"_monsterinsights_sitenote_note":"","_monsterinsights_sitenote_category":0,"footnotes":""},"categories":[82],"tags":[7382,59,158],"class_list":["post-52050","post","type-post","status-publish","format-standard","has-post-thumbnail","hentry","category-urbanismo","tag-calles","tag-merida","tag-rehabilitacion"],"yoast_head":"<!-- This site is optimized with the Yoast SEO plugin v27.5 - https:\/\/yoast.com\/product\/yoast-seo-wordpress\/ -->\n<title>Contin\u00faan rehabilitaci\u00f3n de calles en M\u00e9rida -<\/title>\n<meta name=\"description\" content=\"Muestran un avance del 54% en los primeros 100 kil\u00f3metros de calles que se intervienen de un total de 150 kil\u00f3metros que se rehabilitar\u00e1n en 2017\" \/>\n<meta name=\"robots\" content=\"index, follow, max-snippet:-1, max-image-preview:large, max-video-preview:-1\" \/>\n<link rel=\"canonical\" href=\"https:\/\/centrourbano.com\/revista\/urbanismo\/rehabilitacion-calles-merida\/\" \/>\n<meta property=\"og:locale\" content=\"es_ES\" \/>\n<meta property=\"og:type\" content=\"article\" \/>\n<meta property=\"og:title\" content=\"Contin\u00faan rehabilitaci\u00f3n de calles en M\u00e9rida -\" \/>\n<meta property=\"og:description\" content=\"Muestran un avance del 54% en los primeros 100 kil\u00f3metros de calles que se intervienen de un total de 150 kil\u00f3metros que se rehabilitar\u00e1n en 2017\" \/>\n<meta property=\"og:url\" content=\"https:\/\/centrourbano.com\/revista\/urbanismo\/rehabilitacion-calles-merida\/\" \/>\n<meta property=\"og:site_name\" content=\"Centro Urbano\" \/>\n<meta property=\"article:publisher\" content=\"https:\/\/www.facebook.com\/portalcentrourbano\" \/>\n<meta property=\"article:published_time\" content=\"2017-04-18T16:18:36+00:00\" \/>\n<meta property=\"og:image\" content=\"https:\/\/centrourbano.com\/revista\/wp-content\/uploads\/calles-M\u00e9rida.jpg\" \/>\n\t<meta property=\"og:image:width\" content=\"620\" \/>\n\t<meta property=\"og:image:height\" content=\"414\" \/>\n\t<meta property=\"og:image:type\" content=\"image\/jpeg\" \/>\n<meta name=\"author\" content=\"Hanae Pacheco\" \/>\n<meta name=\"twitter:card\" content=\"summary_large_image\" \/>\n<meta name=\"twitter:creator\" content=\"@CentroUrbano\" \/>\n<meta name=\"twitter:site\" content=\"@CentroUrbano\" \/>\n<meta name=\"twitter:label1\" content=\"Escrito por\" \/>\n\t<meta name=\"twitter:data1\" content=\"Hanae Pacheco\" \/>\n\t<meta name=\"twitter:label2\" content=\"Tiempo de lectura\" \/>\n\t<meta name=\"twitter:data2\" content=\"3 minutos\" \/>\n<script type=\"application\/ld+json\" class=\"yoast-schema-graph\">{\"@context\":\"https:\\\/\\\/schema.org\",\"@graph\":[{\"@type\":\"Article\",\"@id\":\"https:\\\/\\\/centrourbano.com\\\/revista\\\/urbanismo\\\/rehabilitacion-calles-merida\\\/#article\",\"isPartOf\":{\"@id\":\"https:\\\/\\\/centrourbano.com\\\/revista\\\/urbanismo\\\/rehabilitacion-calles-merida\\\/\"},\"author\":{\"name\":\"Hanae Pacheco\",\"@id\":\"https:\\\/\\\/centrourbano.com\\\/revista\\\/#\\\/schema\\\/person\\\/e8e98aef19f73a60695de7576d34c43c\"},\"headline\":\"Contin\u00faan rehabilitaci\u00f3n de calles en M\u00e9rida\",\"datePublished\":\"2017-04-18T16:18:36+00:00\",\"mainEntityOfPage\":{\"@id\":\"https:\\\/\\\/centrourbano.com\\\/revista\\\/urbanismo\\\/rehabilitacion-calles-merida\\\/\"},\"wordCount\":530,\"commentCount\":0,\"publisher\":{\"@id\":\"https:\\\/\\\/centrourbano.com\\\/revista\\\/#organization\"},\"image\":{\"@id\":\"https:\\\/\\\/centrourbano.com\\\/revista\\\/urbanismo\\\/rehabilitacion-calles-merida\\\/#primaryimage\"},\"thumbnailUrl\":\"https:\\\/\\\/centrourbano.com\\\/revista\\\/wp-content\\\/uploads\\\/calles-M\u00e9rida.jpg\",\"keywords\":[\"Calles\",\"M\u00e9rida\",\"Rehabilitaci\u00f3n\"],\"articleSection\":[\"Urbanismo\"],\"inLanguage\":\"es\",\"potentialAction\":[{\"@type\":\"CommentAction\",\"name\":\"Comment\",\"target\":[\"https:\\\/\\\/centrourbano.com\\\/revista\\\/urbanismo\\\/rehabilitacion-calles-merida\\\/#respond\"]}]},{\"@type\":\"WebPage\",\"@id\":\"https:\\\/\\\/centrourbano.com\\\/revista\\\/urbanismo\\\/rehabilitacion-calles-merida\\\/\",\"url\":\"https:\\\/\\\/centrourbano.com\\\/revista\\\/urbanismo\\\/rehabilitacion-calles-merida\\\/\",\"name\":\"Contin\u00faan rehabilitaci\u00f3n de calles en M\u00e9rida -\",\"isPartOf\":{\"@id\":\"https:\\\/\\\/centrourbano.com\\\/revista\\\/#website\"},\"primaryImageOfPage\":{\"@id\":\"https:\\\/\\\/centrourbano.com\\\/revista\\\/urbanismo\\\/rehabilitacion-calles-merida\\\/#primaryimage\"},\"image\":{\"@id\":\"https:\\\/\\\/centrourbano.com\\\/revista\\\/urbanismo\\\/rehabilitacion-calles-merida\\\/#primaryimage\"},\"thumbnailUrl\":\"https:\\\/\\\/centrourbano.com\\\/revista\\\/wp-content\\\/uploads\\\/calles-M\u00e9rida.jpg\",\"datePublished\":\"2017-04-18T16:18:36+00:00\",\"description\":\"Muestran un avance del 54% en los primeros 100 kil\u00f3metros de calles que se intervienen de un total de 150 kil\u00f3metros que se rehabilitar\u00e1n en 2017\",\"breadcrumb\":{\"@id\":\"https:\\\/\\\/centrourbano.com\\\/revista\\\/urbanismo\\\/rehabilitacion-calles-merida\\\/#breadcrumb\"},\"inLanguage\":\"es\",\"potentialAction\":[{\"@type\":\"ReadAction\",\"target\":[\"https:\\\/\\\/centrourbano.com\\\/revista\\\/urbanismo\\\/rehabilitacion-calles-merida\\\/\"]}]},{\"@type\":\"ImageObject\",\"inLanguage\":\"es\",\"@id\":\"https:\\\/\\\/centrourbano.com\\\/revista\\\/urbanismo\\\/rehabilitacion-calles-merida\\\/#primaryimage\",\"url\":\"https:\\\/\\\/centrourbano.com\\\/revista\\\/wp-content\\\/uploads\\\/calles-M\u00e9rida.jpg\",\"contentUrl\":\"https:\\\/\\\/centrourbano.com\\\/revista\\\/wp-content\\\/uploads\\\/calles-M\u00e9rida.jpg\",\"width\":620,\"height\":414,\"caption\":\"Muestran un avance del 54% en los primeros 100 kil\u00f3metros de calles que se intervienen de un total de 150 kil\u00f3metros que se rehabilitar\u00e1n en 2017\"},{\"@type\":\"BreadcrumbList\",\"@id\":\"https:\\\/\\\/centrourbano.com\\\/revista\\\/urbanismo\\\/rehabilitacion-calles-merida\\\/#breadcrumb\",\"itemListElement\":[{\"@type\":\"ListItem\",\"position\":1,\"name\":\"Portada\",\"item\":\"https:\\\/\\\/centrourbano.com\\\/revista\\\/\"},{\"@type\":\"ListItem\",\"position\":2,\"name\":\"Contin\u00faan rehabilitaci\u00f3n de calles en M\u00e9rida\"}]},{\"@type\":\"WebSite\",\"@id\":\"https:\\\/\\\/centrourbano.com\\\/revista\\\/#website\",\"url\":\"https:\\\/\\\/centrourbano.com\\\/revista\\\/\",\"name\":\"Centro Urbano\",\"description\":\"Medio especializado en los sectores vivienda, inmobiliario, construcci\u00f3n, arquitectura y urbanismo.\",\"publisher\":{\"@id\":\"https:\\\/\\\/centrourbano.com\\\/revista\\\/#organization\"},\"potentialAction\":[{\"@type\":\"SearchAction\",\"target\":{\"@type\":\"EntryPoint\",\"urlTemplate\":\"https:\\\/\\\/centrourbano.com\\\/revista\\\/?s={search_term_string}\"},\"query-input\":{\"@type\":\"PropertyValueSpecification\",\"valueRequired\":true,\"valueName\":\"search_term_string\"}}],\"inLanguage\":\"es\"},{\"@type\":\"Organization\",\"@id\":\"https:\\\/\\\/centrourbano.com\\\/revista\\\/#organization\",\"name\":\"Centro Urbano\",\"url\":\"https:\\\/\\\/centrourbano.com\\\/revista\\\/\",\"logo\":{\"@type\":\"ImageObject\",\"inLanguage\":\"es\",\"@id\":\"https:\\\/\\\/centrourbano.com\\\/revista\\\/#\\\/schema\\\/logo\\\/image\\\/\",\"url\":\"https:\\\/\\\/centrourbano.com\\\/revista\\\/wp-content\\\/uploads\\\/web_CU_logo-1.png\",\"contentUrl\":\"https:\\\/\\\/centrourbano.com\\\/revista\\\/wp-content\\\/uploads\\\/web_CU_logo-1.png\",\"width\":350,\"height\":91,\"caption\":\"Centro Urbano\"},\"image\":{\"@id\":\"https:\\\/\\\/centrourbano.com\\\/revista\\\/#\\\/schema\\\/logo\\\/image\\\/\"},\"sameAs\":[\"https:\\\/\\\/www.facebook.com\\\/portalcentrourbano\",\"https:\\\/\\\/x.com\\\/CentroUrbano\",\"https:\\\/\\\/www.instagram.com\\\/centro_urbano\\\/\",\"https:\\\/\\\/www.linkedin.com\\\/company\\\/centro-urbano\\\/\",\"http:\\\/\\\/www.youtube.com\\\/user\\\/portalcentrourbano\"]},{\"@type\":\"Person\",\"@id\":\"https:\\\/\\\/centrourbano.com\\\/revista\\\/#\\\/schema\\\/person\\\/e8e98aef19f73a60695de7576d34c43c\",\"name\":\"Hanae Pacheco\",\"image\":{\"@type\":\"ImageObject\",\"inLanguage\":\"es\",\"@id\":\"https:\\\/\\\/secure.gravatar.com\\\/avatar\\\/85378918db488c7c72bd7acaea6909bbfd5df076ffaf5e56cf397f98ef67f72d?s=96&d=mm&r=g\",\"url\":\"https:\\\/\\\/secure.gravatar.com\\\/avatar\\\/85378918db488c7c72bd7acaea6909bbfd5df076ffaf5e56cf397f98ef67f72d?s=96&d=mm&r=g\",\"contentUrl\":\"https:\\\/\\\/secure.gravatar.com\\\/avatar\\\/85378918db488c7c72bd7acaea6909bbfd5df076ffaf5e56cf397f98ef67f72d?s=96&d=mm&r=g\",\"caption\":\"Hanae Pacheco\"},\"url\":\"https:\\\/\\\/centrourbano.com\\\/revista\\\/author\\\/hanae-pacheco\\\/\"}]}<\/script>\n<!-- \/ Yoast SEO plugin. -->","yoast_head_json":{"title":"Contin\u00faan rehabilitaci\u00f3n de calles en M\u00e9rida -","description":"Muestran un avance del 54% en los primeros 100 kil\u00f3metros de calles que se intervienen de un total de 150 kil\u00f3metros que se rehabilitar\u00e1n en 2017","robots":{"index":"index","follow":"follow","max-snippet":"max-snippet:-1","max-image-preview":"max-image-preview:large","max-video-preview":"max-video-preview:-1"},"canonical":"https:\/\/centrourbano.com\/revista\/urbanismo\/rehabilitacion-calles-merida\/","og_locale":"es_ES","og_type":"article","og_title":"Contin\u00faan rehabilitaci\u00f3n de calles en M\u00e9rida -","og_description":"Muestran un avance del 54% en los primeros 100 kil\u00f3metros de calles que se intervienen de un total de 150 kil\u00f3metros que se rehabilitar\u00e1n en 2017","og_url":"https:\/\/centrourbano.com\/revista\/urbanismo\/rehabilitacion-calles-merida\/","og_site_name":"Centro Urbano","article_publisher":"https:\/\/www.facebook.com\/portalcentrourbano","article_published_time":"2017-04-18T16:18:36+00:00","og_image":[{"width":620,"height":414,"url":"https:\/\/centrourbano.com\/revista\/wp-content\/uploads\/calles-M\u00e9rida.jpg","type":"image\/jpeg"}],"author":"Hanae Pacheco","twitter_card":"summary_large_image","twitter_creator":"@CentroUrbano","twitter_site":"@CentroUrbano","twitter_misc":{"Escrito por":"Hanae Pacheco","Tiempo de lectura":"3 minutos"},"schema":{"@context":"https:\/\/schema.org","@graph":[{"@type":"Article","@id":"https:\/\/centrourbano.com\/revista\/urbanismo\/rehabilitacion-calles-merida\/#article","isPartOf":{"@id":"https:\/\/centrourbano.com\/revista\/urbanismo\/rehabilitacion-calles-merida\/"},"author":{"name":"Hanae Pacheco","@id":"https:\/\/centrourbano.com\/revista\/#\/schema\/person\/e8e98aef19f73a60695de7576d34c43c"},"headline":"Contin\u00faan rehabilitaci\u00f3n de calles en M\u00e9rida","datePublished":"2017-04-18T16:18:36+00:00","mainEntityOfPage":{"@id":"https:\/\/centrourbano.com\/revista\/urbanismo\/rehabilitacion-calles-merida\/"},"wordCount":530,"commentCount":0,"publisher":{"@id":"https:\/\/centrourbano.com\/revista\/#organization"},"image":{"@id":"https:\/\/centrourbano.com\/revista\/urbanismo\/rehabilitacion-calles-merida\/#primaryimage"},"thumbnailUrl":"https:\/\/centrourbano.com\/revista\/wp-content\/uploads\/calles-M\u00e9rida.jpg","keywords":["Calles","M\u00e9rida","Rehabilitaci\u00f3n"],"articleSection":["Urbanismo"],"inLanguage":"es","potentialAction":[{"@type":"CommentAction","name":"Comment","target":["https:\/\/centrourbano.com\/revista\/urbanismo\/rehabilitacion-calles-merida\/#respond"]}]},{"@type":"WebPage","@id":"https:\/\/centrourbano.com\/revista\/urbanismo\/rehabilitacion-calles-merida\/","url":"https:\/\/centrourbano.com\/revista\/urbanismo\/rehabilitacion-calles-merida\/","name":"Contin\u00faan rehabilitaci\u00f3n de calles en M\u00e9rida -","isPartOf":{"@id":"https:\/\/centrourbano.com\/revista\/#website"},"primaryImageOfPage":{"@id":"https:\/\/centrourbano.com\/revista\/urbanismo\/rehabilitacion-calles-merida\/#primaryimage"},"image":{"@id":"https:\/\/centrourbano.com\/revista\/urbanismo\/rehabilitacion-calles-merida\/#primaryimage"},"thumbnailUrl":"https:\/\/centrourbano.com\/revista\/wp-content\/uploads\/calles-M\u00e9rida.jpg","datePublished":"2017-04-18T16:18:36+00:00","description":"Muestran un avance del 54% en los primeros 100 kil\u00f3metros de calles que se intervienen de un total de 150 kil\u00f3metros que se rehabilitar\u00e1n en 2017","breadcrumb":{"@id":"https:\/\/centrourbano.com\/revista\/urbanismo\/rehabilitacion-calles-merida\/#breadcrumb"},"inLanguage":"es","potentialAction":[{"@type":"ReadAction","target":["https:\/\/centrourbano.com\/revista\/urbanismo\/rehabilitacion-calles-merida\/"]}]},{"@type":"ImageObject","inLanguage":"es","@id":"https:\/\/centrourbano.com\/revista\/urbanismo\/rehabilitacion-calles-merida\/#primaryimage","url":"https:\/\/centrourbano.com\/revista\/wp-content\/uploads\/calles-M\u00e9rida.jpg","contentUrl":"https:\/\/centrourbano.com\/revista\/wp-content\/uploads\/calles-M\u00e9rida.jpg","width":620,"height":414,"caption":"Muestran un avance del 54% en los primeros 100 kil\u00f3metros de calles que se intervienen de un total de 150 kil\u00f3metros que se rehabilitar\u00e1n en 2017"},{"@type":"BreadcrumbList","@id":"https:\/\/centrourbano.com\/revista\/urbanismo\/rehabilitacion-calles-merida\/#breadcrumb","itemListElement":[{"@type":"ListItem","position":1,"name":"Portada","item":"https:\/\/centrourbano.com\/revista\/"},{"@type":"ListItem","position":2,"name":"Contin\u00faan rehabilitaci\u00f3n de calles en M\u00e9rida"}]},{"@type":"WebSite","@id":"https:\/\/centrourbano.com\/revista\/#website","url":"https:\/\/centrourbano.com\/revista\/","name":"Centro Urbano","description":"Medio especializado en los sectores vivienda, inmobiliario, construcci\u00f3n, arquitectura y urbanismo.","publisher":{"@id":"https:\/\/centrourbano.com\/revista\/#organization"},"potentialAction":[{"@type":"SearchAction","target":{"@type":"EntryPoint","urlTemplate":"https:\/\/centrourbano.com\/revista\/?s={search_term_string}"},"query-input":{"@type":"PropertyValueSpecification","valueRequired":true,"valueName":"search_term_string"}}],"inLanguage":"es"},{"@type":"Organization","@id":"https:\/\/centrourbano.com\/revista\/#organization","name":"Centro Urbano","url":"https:\/\/centrourbano.com\/revista\/","logo":{"@type":"ImageObject","inLanguage":"es","@id":"https:\/\/centrourbano.com\/revista\/#\/schema\/logo\/image\/","url":"https:\/\/centrourbano.com\/revista\/wp-content\/uploads\/web_CU_logo-1.png","contentUrl":"https:\/\/centrourbano.com\/revista\/wp-content\/uploads\/web_CU_logo-1.png","width":350,"height":91,"caption":"Centro Urbano"},"image":{"@id":"https:\/\/centrourbano.com\/revista\/#\/schema\/logo\/image\/"},"sameAs":["https:\/\/www.facebook.com\/portalcentrourbano","https:\/\/x.com\/CentroUrbano","https:\/\/www.instagram.com\/centro_urbano\/","https:\/\/www.linkedin.com\/company\/centro-urbano\/","http:\/\/www.youtube.com\/user\/portalcentrourbano"]},{"@type":"Person","@id":"https:\/\/centrourbano.com\/revista\/#\/schema\/person\/e8e98aef19f73a60695de7576d34c43c","name":"Hanae Pacheco","image":{"@type":"ImageObject","inLanguage":"es","@id":"https:\/\/secure.gravatar.com\/avatar\/85378918db488c7c72bd7acaea6909bbfd5df076ffaf5e56cf397f98ef67f72d?s=96&d=mm&r=g","url":"https:\/\/secure.gravatar.com\/avatar\/85378918db488c7c72bd7acaea6909bbfd5df076ffaf5e56cf397f98ef67f72d?s=96&d=mm&r=g","contentUrl":"https:\/\/secure.gravatar.com\/avatar\/85378918db488c7c72bd7acaea6909bbfd5df076ffaf5e56cf397f98ef67f72d?s=96&d=mm&r=g","caption":"Hanae Pacheco"},"url":"https:\/\/centrourbano.com\/revista\/author\/hanae-pacheco\/"}]}},"_links":{"self":[{"href":"https:\/\/centrourbano.com\/revista\/wp-json\/wp\/v2\/posts\/52050","targetHints":{"allow":["GET"]}}],"collection":[{"href":"https:\/\/centrourbano.com\/revista\/wp-json\/wp\/v2\/posts"}],"about":[{"href":"https:\/\/centrourbano.com\/revista\/wp-json\/wp\/v2\/types\/post"}],"author":[{"embeddable":true,"href":"https:\/\/centrourbano.com\/revista\/wp-json\/wp\/v2\/users\/45"}],"replies":[{"embeddable":true,"href":"https:\/\/centrourbano.com\/revista\/wp-json\/wp\/v2\/comments?post=52050"}],"version-history":[{"count":0,"href":"https:\/\/centrourbano.com\/revista\/wp-json\/wp\/v2\/posts\/52050\/revisions"}],"wp:featuredmedia":[{"embeddable":true,"href":"https:\/\/centrourbano.com\/revista\/wp-json\/wp\/v2\/media\/52051"}],"wp:attachment":[{"href":"https:\/\/centrourbano.com\/revista\/wp-json\/wp\/v2\/media?parent=52050"}],"wp:term":[{"taxonomy":"category","embeddable":true,"href":"https:\/\/centrourbano.com\/revista\/wp-json\/wp\/v2\/categories?post=52050"},{"taxonomy":"post_tag","embeddable":true,"href":"https:\/\/centrourbano.com\/revista\/wp-json\/wp\/v2\/tags?post=52050"}],"curies":[{"name":"wp","href":"https:\/\/api.w.org\/{rel}","templated":true}]}}