{"id":51898,"date":"2017-04-11T16:00:20","date_gmt":"2017-04-11T21:00:20","guid":{"rendered":"https:\/\/centrourbano.com\/?p=51898"},"modified":"2017-04-12T13:36:23","modified_gmt":"2017-04-12T18:36:23","slug":"instituto-planeacion-generar-urbanismo-adecuado","status":"publish","type":"post","link":"https:\/\/centrourbano.com\/revista\/entrevistas\/instituto-planeacion-generar-urbanismo-adecuado\/","title":{"rendered":"Instituto de Planeaci\u00f3n debe generar urbanismo adecuado"},"content":{"rendered":"<p><em>Grupo Copri mantiene dinamismo en su marca Reside en varios puntos de la Ciudad de M\u00e9xico<\/em><br \/>\n<!--more--><\/p>\n<p>El funcionamiento del Instituto de Planeaci\u00f3n Democr\u00e1tica y Perspectiva de la Ciudad de M\u00e9xico, que empezar\u00e1 a funcionar en la capital a partir de la entrada en vigor de la Constituci\u00f3n, debe permanecer independiente de las alcald\u00edas y del gobernante en turno para que beneficie a la poblaci\u00f3n y al sector inmobiliario, as\u00ed lo consider\u00f3 Alejandro Ballesteros, director de Desarrollos Comerciales y Marketing de Grupo Copri. <\/p>\n<p>\u201cCreo que debe ser una instituci\u00f3n que ayude mucho a la ciudad, que haya m\u00e1s derechos para los ciudadanos. Y, en particular para el tema inmobiliario, me da mucho gusto lo del Instituto, su independencia de las administraciones de la Ciudad de M\u00e9xico, de las alcald\u00edas, para que se pueda generar esta visi\u00f3n a 20 a\u00f1os y sea revisable cada 5, me parece excelente\u201d. <\/p>\n<p>Asimismo, consider\u00f3 que en lo que respecta al combate a la corrupci\u00f3n, esto debe ser fundamental para que los usos de suelo est\u00e9n bien dirigidos, que no sea posible hacer cambios en \u00e9stos, con lo que perjudicar\u00edan un crecimiento arm\u00f3nico de la capital.  <\/p>\n<p>Tambi\u00e9n consider\u00f3 que la participaci\u00f3n de distintos sectores de la sociedad debe aportar para que este organismo funcione adecuadamente, para que cuando funcione plenamente en 2020 se gener\u00e9 un buen desarrollo urbano. <\/p>\n<p>\u201cNecesitamos trabajar hacia all\u00e1, que se hagan bien las cosas en la ciudad, que se crezca arm\u00f3nicamente y que no sean decisiones de los alcaldes y gobernantes, sino que la ciudad se construya de acuerdo con la necesidades de la gente, de las demandas de la ciudad\u201d. <\/p>\n<p><strong>Proyectos 2017<\/strong><\/p>\n<p>Sobre los proyectos m\u00e1s recientes que tiene la compa\u00f1\u00eda, dijo que son del sector vivienda, en Santa Fe y San \u00c1ngel, en la Ciudad de M\u00e9xico; as\u00ed como de oficinas, tambi\u00e9n en Santa Fe. Proyectos en los que se tiene distintos tipos de avance, tanto en construcci\u00f3n como en preventas. <\/p>\n<p>En El Encinar, explic\u00f3, se realiz\u00f3 la preventa de la primera torre que est\u00e1 en proceso de obra, mientras que la segunda est\u00e1 en proceso de preventa. En tanto, en Residencial Las Flores, que es una obra que se desarrolla en 2 etapas, tambi\u00e9n est\u00e1 en proceso de preventa. <\/p>\n<p>\u201cEn residencial medio, estamos con la \u00faltima torre de Parque San Antonio, tuvimos una ceremonia hace un par de meses que colamos la \u00faltima losa, fue un proyecto que nos llev\u00f3 casi 10 a\u00f1os, 2,500 viviendas y un centro comercial. Fue un festejo muy importante para nosotros, estamos ya casi cerrando ese proyecto\u201d, detall\u00f3 Ballesteros. <\/p>\n<p>Adem\u00e1s, en Azcapotzalco, est\u00e1n a punto de concluir la cuarta torre de Parque Jard\u00edn de 10 que se tienen proyectadas. En el caso de Parque Sur, que contempla 600 departamentos y est\u00e1 por concluir la construcci\u00f3n de la cuarta torre. <\/p>\n<p>\u201cEn Residencial Toreo estamos igual avanzados en obra y queriendo entregar la primera torre en un par de meses, ah\u00ed se contempla la construcci\u00f3n de 800 departamentos, estamos muy activos en Reside. <\/p>\n<p>\u201cEn el mercado comercial, tenemos un sky offices, es un proyecto de oficinas sobre Vasco de Quiroga, en Santa Fe, el piso t\u00edpico es de 1,000 metros cuadrados en total vamos a hacer 23,000 metros cuadrados, de \u00e9stos entre 90 y 95% ser\u00e1n oficinas y lo dem\u00e1s comercial\u201d, concluy\u00f3. <\/p>\n","protected":false},"excerpt":{"rendered":"<p>Grupo Copri mantiene dinamismo en su marca Reside en varios puntos de la Ciudad de M\u00e9xico<\/p>\n","protected":false},"author":37,"featured_media":51914,"comment_status":"open","ping_status":"closed","sticky":false,"template":"","format":"standard","meta":{"om_disable_all_campaigns":false,"inline_featured_image":false,"_monsterinsights_skip_tracking":false,"_monsterinsights_sitenote_active":false,"_monsterinsights_sitenote_note":"","_monsterinsights_sitenote_category":0,"footnotes":""},"categories":[13],"tags":[],"class_list":["post-51898","post","type-post","status-publish","format-standard","has-post-thumbnail","hentry","category-entrevistas"],"yoast_head":"<!-- This site is optimized with the Yoast SEO plugin v27.4 - https:\/\/yoast.com\/product\/yoast-seo-wordpress\/ -->\n<title>Instituto de Planeaci\u00f3n debe generar urbanismo adecuado -<\/title>\n<meta name=\"description\" content=\"El funcionamiento del Instituto de Planeaci\u00f3n Democr\u00e1tica y Perspectiva de la Ciudad de M\u00e9xico, que empezar\u00e1 a funcionar en la capital a partir de la entrada en vigor de la Constituci\u00f3n, debe permanecer independiente de las alcald\u00edas y del gobernante en turno para beneficie a la poblaci\u00f3n y al sector inmobiliario, as\u00ed lo consider\u00f3 Alejandro Ballesteros, director de Desarrollos Comerciales y Marketing de Grupo Copri.\" \/>\n<meta name=\"robots\" content=\"index, follow, max-snippet:-1, max-image-preview:large, max-video-preview:-1\" \/>\n<link rel=\"canonical\" href=\"https:\/\/centrourbano.com\/revista\/entrevistas\/instituto-planeacion-generar-urbanismo-adecuado\/\" \/>\n<meta property=\"og:locale\" content=\"es_ES\" \/>\n<meta property=\"og:type\" content=\"article\" \/>\n<meta property=\"og:title\" content=\"Instituto de Planeaci\u00f3n debe generar urbanismo adecuado -\" \/>\n<meta property=\"og:description\" content=\"El funcionamiento del Instituto de Planeaci\u00f3n Democr\u00e1tica y Perspectiva de la Ciudad de M\u00e9xico, que empezar\u00e1 a funcionar en la capital a partir de la entrada en vigor de la Constituci\u00f3n, debe permanecer independiente de las alcald\u00edas y del gobernante en turno para beneficie a la poblaci\u00f3n y al sector inmobiliario, as\u00ed lo consider\u00f3 Alejandro Ballesteros, director de Desarrollos Comerciales y Marketing de Grupo Copri.\" \/>\n<meta property=\"og:url\" content=\"https:\/\/centrourbano.com\/revista\/entrevistas\/instituto-planeacion-generar-urbanismo-adecuado\/\" \/>\n<meta property=\"og:site_name\" content=\"Centro Urbano\" \/>\n<meta property=\"article:publisher\" content=\"https:\/\/www.facebook.com\/portalcentrourbano\" \/>\n<meta property=\"article:published_time\" content=\"2017-04-11T21:00:20+00:00\" \/>\n<meta property=\"article:modified_time\" content=\"2017-04-12T18:36:23+00:00\" \/>\n<meta property=\"og:image\" content=\"https:\/\/centrourbano.com\/revista\/wp-content\/uploads\/Ballesteros-Copri-e1523646497980.jpg\" \/>\n\t<meta property=\"og:image:width\" content=\"800\" \/>\n\t<meta property=\"og:image:height\" content=\"600\" \/>\n\t<meta property=\"og:image:type\" content=\"image\/jpeg\" \/>\n<meta name=\"author\" content=\"Diego Rodr\u00edguez\" \/>\n<meta name=\"twitter:card\" content=\"summary_large_image\" \/>\n<meta name=\"twitter:creator\" content=\"@CentroUrbano\" \/>\n<meta name=\"twitter:site\" content=\"@CentroUrbano\" \/>\n<meta name=\"twitter:label1\" content=\"Escrito por\" \/>\n\t<meta name=\"twitter:data1\" content=\"Diego Rodr\u00edguez\" \/>\n\t<meta name=\"twitter:label2\" content=\"Tiempo de lectura\" \/>\n\t<meta name=\"twitter:data2\" content=\"3 minutos\" \/>\n<script type=\"application\/ld+json\" class=\"yoast-schema-graph\">{\"@context\":\"https:\\\/\\\/schema.org\",\"@graph\":[{\"@type\":\"Article\",\"@id\":\"https:\\\/\\\/centrourbano.com\\\/revista\\\/entrevistas\\\/instituto-planeacion-generar-urbanismo-adecuado\\\/#article\",\"isPartOf\":{\"@id\":\"https:\\\/\\\/centrourbano.com\\\/revista\\\/entrevistas\\\/instituto-planeacion-generar-urbanismo-adecuado\\\/\"},\"author\":{\"name\":\"Diego Rodr\u00edguez\",\"@id\":\"https:\\\/\\\/centrourbano.com\\\/revista\\\/#\\\/schema\\\/person\\\/b50192a3cd0e680841b45dc537f53970\"},\"headline\":\"Instituto de Planeaci\u00f3n debe generar urbanismo adecuado\",\"datePublished\":\"2017-04-11T21:00:20+00:00\",\"dateModified\":\"2017-04-12T18:36:23+00:00\",\"mainEntityOfPage\":{\"@id\":\"https:\\\/\\\/centrourbano.com\\\/revista\\\/entrevistas\\\/instituto-planeacion-generar-urbanismo-adecuado\\\/\"},\"wordCount\":574,\"commentCount\":0,\"publisher\":{\"@id\":\"https:\\\/\\\/centrourbano.com\\\/revista\\\/#organization\"},\"image\":{\"@id\":\"https:\\\/\\\/centrourbano.com\\\/revista\\\/entrevistas\\\/instituto-planeacion-generar-urbanismo-adecuado\\\/#primaryimage\"},\"thumbnailUrl\":\"https:\\\/\\\/centrourbano.com\\\/revista\\\/wp-content\\\/uploads\\\/Ballesteros-Copri-e1523646497980.jpg\",\"articleSection\":[\"Entrevistas\"],\"inLanguage\":\"es\",\"potentialAction\":[{\"@type\":\"CommentAction\",\"name\":\"Comment\",\"target\":[\"https:\\\/\\\/centrourbano.com\\\/revista\\\/entrevistas\\\/instituto-planeacion-generar-urbanismo-adecuado\\\/#respond\"]}]},{\"@type\":\"WebPage\",\"@id\":\"https:\\\/\\\/centrourbano.com\\\/revista\\\/entrevistas\\\/instituto-planeacion-generar-urbanismo-adecuado\\\/\",\"url\":\"https:\\\/\\\/centrourbano.com\\\/revista\\\/entrevistas\\\/instituto-planeacion-generar-urbanismo-adecuado\\\/\",\"name\":\"Instituto de Planeaci\u00f3n debe generar urbanismo adecuado -\",\"isPartOf\":{\"@id\":\"https:\\\/\\\/centrourbano.com\\\/revista\\\/#website\"},\"primaryImageOfPage\":{\"@id\":\"https:\\\/\\\/centrourbano.com\\\/revista\\\/entrevistas\\\/instituto-planeacion-generar-urbanismo-adecuado\\\/#primaryimage\"},\"image\":{\"@id\":\"https:\\\/\\\/centrourbano.com\\\/revista\\\/entrevistas\\\/instituto-planeacion-generar-urbanismo-adecuado\\\/#primaryimage\"},\"thumbnailUrl\":\"https:\\\/\\\/centrourbano.com\\\/revista\\\/wp-content\\\/uploads\\\/Ballesteros-Copri-e1523646497980.jpg\",\"datePublished\":\"2017-04-11T21:00:20+00:00\",\"dateModified\":\"2017-04-12T18:36:23+00:00\",\"description\":\"El funcionamiento del Instituto de Planeaci\u00f3n Democr\u00e1tica y Perspectiva de la Ciudad de M\u00e9xico, que empezar\u00e1 a funcionar en la capital a partir de la entrada en vigor de la Constituci\u00f3n, debe permanecer independiente de las alcald\u00edas y del gobernante en turno para beneficie a la poblaci\u00f3n y al sector inmobiliario, as\u00ed lo consider\u00f3 Alejandro Ballesteros, director de Desarrollos Comerciales y Marketing de Grupo Copri.\",\"breadcrumb\":{\"@id\":\"https:\\\/\\\/centrourbano.com\\\/revista\\\/entrevistas\\\/instituto-planeacion-generar-urbanismo-adecuado\\\/#breadcrumb\"},\"inLanguage\":\"es\",\"potentialAction\":[{\"@type\":\"ReadAction\",\"target\":[\"https:\\\/\\\/centrourbano.com\\\/revista\\\/entrevistas\\\/instituto-planeacion-generar-urbanismo-adecuado\\\/\"]}]},{\"@type\":\"ImageObject\",\"inLanguage\":\"es\",\"@id\":\"https:\\\/\\\/centrourbano.com\\\/revista\\\/entrevistas\\\/instituto-planeacion-generar-urbanismo-adecuado\\\/#primaryimage\",\"url\":\"https:\\\/\\\/centrourbano.com\\\/revista\\\/wp-content\\\/uploads\\\/Ballesteros-Copri-e1523646497980.jpg\",\"contentUrl\":\"https:\\\/\\\/centrourbano.com\\\/revista\\\/wp-content\\\/uploads\\\/Ballesteros-Copri-e1523646497980.jpg\",\"width\":800,\"height\":600,\"caption\":\"Grupo Copri consolidar\u00e1 varios de sus proyectos a lo largo de este a\u00f1o en varios puntos de la Ciudad de M\u00e9xico\"},{\"@type\":\"BreadcrumbList\",\"@id\":\"https:\\\/\\\/centrourbano.com\\\/revista\\\/entrevistas\\\/instituto-planeacion-generar-urbanismo-adecuado\\\/#breadcrumb\",\"itemListElement\":[{\"@type\":\"ListItem\",\"position\":1,\"name\":\"Portada\",\"item\":\"https:\\\/\\\/centrourbano.com\\\/revista\\\/\"},{\"@type\":\"ListItem\",\"position\":2,\"name\":\"Instituto de Planeaci\u00f3n debe generar urbanismo adecuado\"}]},{\"@type\":\"WebSite\",\"@id\":\"https:\\\/\\\/centrourbano.com\\\/revista\\\/#website\",\"url\":\"https:\\\/\\\/centrourbano.com\\\/revista\\\/\",\"name\":\"Centro Urbano\",\"description\":\"Medio especializado en los sectores vivienda, inmobiliario, construcci\u00f3n, arquitectura y urbanismo.\",\"publisher\":{\"@id\":\"https:\\\/\\\/centrourbano.com\\\/revista\\\/#organization\"},\"potentialAction\":[{\"@type\":\"SearchAction\",\"target\":{\"@type\":\"EntryPoint\",\"urlTemplate\":\"https:\\\/\\\/centrourbano.com\\\/revista\\\/?s={search_term_string}\"},\"query-input\":{\"@type\":\"PropertyValueSpecification\",\"valueRequired\":true,\"valueName\":\"search_term_string\"}}],\"inLanguage\":\"es\"},{\"@type\":\"Organization\",\"@id\":\"https:\\\/\\\/centrourbano.com\\\/revista\\\/#organization\",\"name\":\"Centro Urbano\",\"url\":\"https:\\\/\\\/centrourbano.com\\\/revista\\\/\",\"logo\":{\"@type\":\"ImageObject\",\"inLanguage\":\"es\",\"@id\":\"https:\\\/\\\/centrourbano.com\\\/revista\\\/#\\\/schema\\\/logo\\\/image\\\/\",\"url\":\"https:\\\/\\\/centrourbano.com\\\/revista\\\/wp-content\\\/uploads\\\/web_CU_logo-1.png\",\"contentUrl\":\"https:\\\/\\\/centrourbano.com\\\/revista\\\/wp-content\\\/uploads\\\/web_CU_logo-1.png\",\"width\":350,\"height\":91,\"caption\":\"Centro Urbano\"},\"image\":{\"@id\":\"https:\\\/\\\/centrourbano.com\\\/revista\\\/#\\\/schema\\\/logo\\\/image\\\/\"},\"sameAs\":[\"https:\\\/\\\/www.facebook.com\\\/portalcentrourbano\",\"https:\\\/\\\/x.com\\\/CentroUrbano\",\"https:\\\/\\\/www.instagram.com\\\/centro_urbano\\\/\",\"https:\\\/\\\/www.linkedin.com\\\/company\\\/centro-urbano\\\/\",\"http:\\\/\\\/www.youtube.com\\\/user\\\/portalcentrourbano\"]},{\"@type\":\"Person\",\"@id\":\"https:\\\/\\\/centrourbano.com\\\/revista\\\/#\\\/schema\\\/person\\\/b50192a3cd0e680841b45dc537f53970\",\"name\":\"Diego Rodr\u00edguez\",\"image\":{\"@type\":\"ImageObject\",\"inLanguage\":\"es\",\"@id\":\"https:\\\/\\\/secure.gravatar.com\\\/avatar\\\/d217565525df2df5d4e7265d47758506f41845ed9529510921a7625d8365789d?s=96&d=mm&r=g\",\"url\":\"https:\\\/\\\/secure.gravatar.com\\\/avatar\\\/d217565525df2df5d4e7265d47758506f41845ed9529510921a7625d8365789d?s=96&d=mm&r=g\",\"contentUrl\":\"https:\\\/\\\/secure.gravatar.com\\\/avatar\\\/d217565525df2df5d4e7265d47758506f41845ed9529510921a7625d8365789d?s=96&d=mm&r=g\",\"caption\":\"Diego Rodr\u00edguez\"},\"description\":\"Egresado de la Facultad de Estudios Superiores Acatl\u00e1n de la carrera en Comunicaci\u00f3n, con especialidad en medios escritos. Reportero del desaparecido peri\u00f3dico Nuestro M\u00e9xico, en donde cubri\u00f3 las fuentes delegacionales y Asamblea Legislativa. Tambi\u00e9n trabaj\u00f3 en la Coordinaci\u00f3n de Comunicaci\u00f3n Social en la delegaci\u00f3n \u00c1lvaro Obreg\u00f3n. Le gusta leer novelas y cuentos.\",\"url\":\"https:\\\/\\\/centrourbano.com\\\/revista\\\/author\\\/diegorodriguez\\\/\"}]}<\/script>\n<!-- \/ Yoast SEO plugin. -->","yoast_head_json":{"title":"Instituto de Planeaci\u00f3n debe generar urbanismo adecuado -","description":"El funcionamiento del Instituto de Planeaci\u00f3n Democr\u00e1tica y Perspectiva de la Ciudad de M\u00e9xico, que empezar\u00e1 a funcionar en la capital a partir de la entrada en vigor de la Constituci\u00f3n, debe permanecer independiente de las alcald\u00edas y del gobernante en turno para beneficie a la poblaci\u00f3n y al sector inmobiliario, as\u00ed lo consider\u00f3 Alejandro Ballesteros, director de Desarrollos Comerciales y Marketing de Grupo Copri.","robots":{"index":"index","follow":"follow","max-snippet":"max-snippet:-1","max-image-preview":"max-image-preview:large","max-video-preview":"max-video-preview:-1"},"canonical":"https:\/\/centrourbano.com\/revista\/entrevistas\/instituto-planeacion-generar-urbanismo-adecuado\/","og_locale":"es_ES","og_type":"article","og_title":"Instituto de Planeaci\u00f3n debe generar urbanismo adecuado -","og_description":"El funcionamiento del Instituto de Planeaci\u00f3n Democr\u00e1tica y Perspectiva de la Ciudad de M\u00e9xico, que empezar\u00e1 a funcionar en la capital a partir de la entrada en vigor de la Constituci\u00f3n, debe permanecer independiente de las alcald\u00edas y del gobernante en turno para beneficie a la poblaci\u00f3n y al sector inmobiliario, as\u00ed lo consider\u00f3 Alejandro Ballesteros, director de Desarrollos Comerciales y Marketing de Grupo Copri.","og_url":"https:\/\/centrourbano.com\/revista\/entrevistas\/instituto-planeacion-generar-urbanismo-adecuado\/","og_site_name":"Centro Urbano","article_publisher":"https:\/\/www.facebook.com\/portalcentrourbano","article_published_time":"2017-04-11T21:00:20+00:00","article_modified_time":"2017-04-12T18:36:23+00:00","og_image":[{"width":800,"height":600,"url":"https:\/\/centrourbano.com\/revista\/wp-content\/uploads\/Ballesteros-Copri-e1523646497980.jpg","type":"image\/jpeg"}],"author":"Diego Rodr\u00edguez","twitter_card":"summary_large_image","twitter_creator":"@CentroUrbano","twitter_site":"@CentroUrbano","twitter_misc":{"Escrito por":"Diego Rodr\u00edguez","Tiempo de lectura":"3 minutos"},"schema":{"@context":"https:\/\/schema.org","@graph":[{"@type":"Article","@id":"https:\/\/centrourbano.com\/revista\/entrevistas\/instituto-planeacion-generar-urbanismo-adecuado\/#article","isPartOf":{"@id":"https:\/\/centrourbano.com\/revista\/entrevistas\/instituto-planeacion-generar-urbanismo-adecuado\/"},"author":{"name":"Diego Rodr\u00edguez","@id":"https:\/\/centrourbano.com\/revista\/#\/schema\/person\/b50192a3cd0e680841b45dc537f53970"},"headline":"Instituto de Planeaci\u00f3n debe generar urbanismo adecuado","datePublished":"2017-04-11T21:00:20+00:00","dateModified":"2017-04-12T18:36:23+00:00","mainEntityOfPage":{"@id":"https:\/\/centrourbano.com\/revista\/entrevistas\/instituto-planeacion-generar-urbanismo-adecuado\/"},"wordCount":574,"commentCount":0,"publisher":{"@id":"https:\/\/centrourbano.com\/revista\/#organization"},"image":{"@id":"https:\/\/centrourbano.com\/revista\/entrevistas\/instituto-planeacion-generar-urbanismo-adecuado\/#primaryimage"},"thumbnailUrl":"https:\/\/centrourbano.com\/revista\/wp-content\/uploads\/Ballesteros-Copri-e1523646497980.jpg","articleSection":["Entrevistas"],"inLanguage":"es","potentialAction":[{"@type":"CommentAction","name":"Comment","target":["https:\/\/centrourbano.com\/revista\/entrevistas\/instituto-planeacion-generar-urbanismo-adecuado\/#respond"]}]},{"@type":"WebPage","@id":"https:\/\/centrourbano.com\/revista\/entrevistas\/instituto-planeacion-generar-urbanismo-adecuado\/","url":"https:\/\/centrourbano.com\/revista\/entrevistas\/instituto-planeacion-generar-urbanismo-adecuado\/","name":"Instituto de Planeaci\u00f3n debe generar urbanismo adecuado -","isPartOf":{"@id":"https:\/\/centrourbano.com\/revista\/#website"},"primaryImageOfPage":{"@id":"https:\/\/centrourbano.com\/revista\/entrevistas\/instituto-planeacion-generar-urbanismo-adecuado\/#primaryimage"},"image":{"@id":"https:\/\/centrourbano.com\/revista\/entrevistas\/instituto-planeacion-generar-urbanismo-adecuado\/#primaryimage"},"thumbnailUrl":"https:\/\/centrourbano.com\/revista\/wp-content\/uploads\/Ballesteros-Copri-e1523646497980.jpg","datePublished":"2017-04-11T21:00:20+00:00","dateModified":"2017-04-12T18:36:23+00:00","description":"El funcionamiento del Instituto de Planeaci\u00f3n Democr\u00e1tica y Perspectiva de la Ciudad de M\u00e9xico, que empezar\u00e1 a funcionar en la capital a partir de la entrada en vigor de la Constituci\u00f3n, debe permanecer independiente de las alcald\u00edas y del gobernante en turno para beneficie a la poblaci\u00f3n y al sector inmobiliario, as\u00ed lo consider\u00f3 Alejandro Ballesteros, director de Desarrollos Comerciales y Marketing de Grupo Copri.","breadcrumb":{"@id":"https:\/\/centrourbano.com\/revista\/entrevistas\/instituto-planeacion-generar-urbanismo-adecuado\/#breadcrumb"},"inLanguage":"es","potentialAction":[{"@type":"ReadAction","target":["https:\/\/centrourbano.com\/revista\/entrevistas\/instituto-planeacion-generar-urbanismo-adecuado\/"]}]},{"@type":"ImageObject","inLanguage":"es","@id":"https:\/\/centrourbano.com\/revista\/entrevistas\/instituto-planeacion-generar-urbanismo-adecuado\/#primaryimage","url":"https:\/\/centrourbano.com\/revista\/wp-content\/uploads\/Ballesteros-Copri-e1523646497980.jpg","contentUrl":"https:\/\/centrourbano.com\/revista\/wp-content\/uploads\/Ballesteros-Copri-e1523646497980.jpg","width":800,"height":600,"caption":"Grupo Copri consolidar\u00e1 varios de sus proyectos a lo largo de este a\u00f1o en varios puntos de la Ciudad de M\u00e9xico"},{"@type":"BreadcrumbList","@id":"https:\/\/centrourbano.com\/revista\/entrevistas\/instituto-planeacion-generar-urbanismo-adecuado\/#breadcrumb","itemListElement":[{"@type":"ListItem","position":1,"name":"Portada","item":"https:\/\/centrourbano.com\/revista\/"},{"@type":"ListItem","position":2,"name":"Instituto de Planeaci\u00f3n debe generar urbanismo adecuado"}]},{"@type":"WebSite","@id":"https:\/\/centrourbano.com\/revista\/#website","url":"https:\/\/centrourbano.com\/revista\/","name":"Centro Urbano","description":"Medio especializado en los sectores vivienda, inmobiliario, construcci\u00f3n, arquitectura y urbanismo.","publisher":{"@id":"https:\/\/centrourbano.com\/revista\/#organization"},"potentialAction":[{"@type":"SearchAction","target":{"@type":"EntryPoint","urlTemplate":"https:\/\/centrourbano.com\/revista\/?s={search_term_string}"},"query-input":{"@type":"PropertyValueSpecification","valueRequired":true,"valueName":"search_term_string"}}],"inLanguage":"es"},{"@type":"Organization","@id":"https:\/\/centrourbano.com\/revista\/#organization","name":"Centro Urbano","url":"https:\/\/centrourbano.com\/revista\/","logo":{"@type":"ImageObject","inLanguage":"es","@id":"https:\/\/centrourbano.com\/revista\/#\/schema\/logo\/image\/","url":"https:\/\/centrourbano.com\/revista\/wp-content\/uploads\/web_CU_logo-1.png","contentUrl":"https:\/\/centrourbano.com\/revista\/wp-content\/uploads\/web_CU_logo-1.png","width":350,"height":91,"caption":"Centro Urbano"},"image":{"@id":"https:\/\/centrourbano.com\/revista\/#\/schema\/logo\/image\/"},"sameAs":["https:\/\/www.facebook.com\/portalcentrourbano","https:\/\/x.com\/CentroUrbano","https:\/\/www.instagram.com\/centro_urbano\/","https:\/\/www.linkedin.com\/company\/centro-urbano\/","http:\/\/www.youtube.com\/user\/portalcentrourbano"]},{"@type":"Person","@id":"https:\/\/centrourbano.com\/revista\/#\/schema\/person\/b50192a3cd0e680841b45dc537f53970","name":"Diego Rodr\u00edguez","image":{"@type":"ImageObject","inLanguage":"es","@id":"https:\/\/secure.gravatar.com\/avatar\/d217565525df2df5d4e7265d47758506f41845ed9529510921a7625d8365789d?s=96&d=mm&r=g","url":"https:\/\/secure.gravatar.com\/avatar\/d217565525df2df5d4e7265d47758506f41845ed9529510921a7625d8365789d?s=96&d=mm&r=g","contentUrl":"https:\/\/secure.gravatar.com\/avatar\/d217565525df2df5d4e7265d47758506f41845ed9529510921a7625d8365789d?s=96&d=mm&r=g","caption":"Diego Rodr\u00edguez"},"description":"Egresado de la Facultad de Estudios Superiores Acatl\u00e1n de la carrera en Comunicaci\u00f3n, con especialidad en medios escritos. Reportero del desaparecido peri\u00f3dico Nuestro M\u00e9xico, en donde cubri\u00f3 las fuentes delegacionales y Asamblea Legislativa. Tambi\u00e9n trabaj\u00f3 en la Coordinaci\u00f3n de Comunicaci\u00f3n Social en la delegaci\u00f3n \u00c1lvaro Obreg\u00f3n. Le gusta leer novelas y cuentos.","url":"https:\/\/centrourbano.com\/revista\/author\/diegorodriguez\/"}]}},"_links":{"self":[{"href":"https:\/\/centrourbano.com\/revista\/wp-json\/wp\/v2\/posts\/51898","targetHints":{"allow":["GET"]}}],"collection":[{"href":"https:\/\/centrourbano.com\/revista\/wp-json\/wp\/v2\/posts"}],"about":[{"href":"https:\/\/centrourbano.com\/revista\/wp-json\/wp\/v2\/types\/post"}],"author":[{"embeddable":true,"href":"https:\/\/centrourbano.com\/revista\/wp-json\/wp\/v2\/users\/37"}],"replies":[{"embeddable":true,"href":"https:\/\/centrourbano.com\/revista\/wp-json\/wp\/v2\/comments?post=51898"}],"version-history":[{"count":0,"href":"https:\/\/centrourbano.com\/revista\/wp-json\/wp\/v2\/posts\/51898\/revisions"}],"wp:featuredmedia":[{"embeddable":true,"href":"https:\/\/centrourbano.com\/revista\/wp-json\/wp\/v2\/media\/51914"}],"wp:attachment":[{"href":"https:\/\/centrourbano.com\/revista\/wp-json\/wp\/v2\/media?parent=51898"}],"wp:term":[{"taxonomy":"category","embeddable":true,"href":"https:\/\/centrourbano.com\/revista\/wp-json\/wp\/v2\/categories?post=51898"},{"taxonomy":"post_tag","embeddable":true,"href":"https:\/\/centrourbano.com\/revista\/wp-json\/wp\/v2\/tags?post=51898"}],"curies":[{"name":"wp","href":"https:\/\/api.w.org\/{rel}","templated":true}]}}