{"id":51545,"date":"2017-04-04T13:53:17","date_gmt":"2017-04-04T18:53:17","guid":{"rendered":"http:\/\/centrourbano.com\/?p=51545"},"modified":"2017-04-04T13:57:01","modified_gmt":"2017-04-04T18:57:01","slug":"presenta-san-ildefonso-fotografia-arquitectonica-candida-hofer","status":"publish","type":"post","link":"https:\/\/centrourbano.com\/revista\/arquitectura-2\/presenta-san-ildefonso-fotografia-arquitectonica-candida-hofer\/","title":{"rendered":"Presenta San Ildefonso fotograf\u00eda arquitect\u00f3nica de Candida H\u00f6fer"},"content":{"rendered":"<p><em>La exposici\u00f3n contempla 38 im\u00e1genes de edificios emblem\u00e1ticos mexicanos <\/em><!--more--><\/p>\n<p>A partir de este 4 de abril, en el marco de las celebraciones del a\u00f1o dual M\u00e9xico-Alemania, el Antiguo Colegio de San Ildefonso presentar\u00e1 la exposici\u00f3n \u201cCandida H\u00f6fer en M\u00e9xico\u201d, en donde se mostrar\u00e1n 25 fotograf\u00edas de gran formato y 13 en peque\u00f1o formato, que la fot\u00f3grafa realiz\u00f3 de edificios emblem\u00e1ticos de M\u00e9xico.<\/p>\n<p>La muestra, aseguran sus promotores, busca generar el espacio para que el p\u00fablico \u201caprecie y revalorice el rico patrimonio arquitect\u00f3nico de nuestro pa\u00eds\u201d. Entre las im\u00e1genes captada por la fot\u00f3grafa se destaca el Hospicio Caba\u00f1as de Guadalajara, el Convento de San Jer\u00f3nimo de Oaxaca, as\u00ed como el Museo Nacional de Antropolog\u00eda ubicado en la ciudad de M\u00e9xico.  <\/p>\n<p>\u201cLas fotograf\u00edas de H\u00f6fer se han caracterizado por acercar al observador a la vida inaccesible y privada de los edificios que, al pasar a trav\u00e9s de las dificultades inherentes de la percepci\u00f3n de la arquitectura, brindan im\u00e1genes que devuelven a los espacios p\u00fablicos el aura de obras de arte \u00fanicas\u201d, detall\u00f3 el Colegio de San Ildefonso. <\/p>\n<p>La exposici\u00f3n estar\u00e1 disponible hasta el 30 de julio de este a\u00f1o. <\/p>\n","protected":false},"excerpt":{"rendered":"<p>La exposici\u00f3n contempla 38 im\u00e1genes de edificios emblem\u00e1ticos mexicanos<\/p>\n","protected":false},"author":47,"featured_media":51546,"comment_status":"open","ping_status":"closed","sticky":false,"template":"","format":"standard","meta":{"om_disable_all_campaigns":false,"inline_featured_image":false,"_monsterinsights_skip_tracking":false,"_monsterinsights_sitenote_active":false,"_monsterinsights_sitenote_note":"","_monsterinsights_sitenote_category":0,"footnotes":""},"categories":[81],"tags":[4849,9906,9907],"class_list":["post-51545","post","type-post","status-publish","format-standard","has-post-thumbnail","hentry","category-arquitectura-2","tag-antiguo-palacio-de-san-ildefonso","tag-candida-hofer","tag-fotografia-arquitectonica"],"yoast_head":"<!-- This site is optimized with the Yoast SEO plugin v27.4 - https:\/\/yoast.com\/product\/yoast-seo-wordpress\/ -->\n<title>Presenta San Ildefonso fotograf\u00eda arquitect\u00f3nica de Candida H\u00f6fer -<\/title>\n<meta name=\"description\" content=\"A partir de este 4 de abril, en el marco de las celebraciones del a\u00f1o dual M\u00e9xico-Alemania, el Antiguo Colegio de San Ildefonso presentar\u00e1 la exposici\u00f3n \u201cCandida H\u00f6fer en M\u00e9xico\u201d, en donde se mostrar\u00e1n 25 fotograf\u00edas de gran formato y 13 en peque\u00f1o formato, que la fot\u00f3grafa realiz\u00f3 de edificios emblem\u00e1ticos de M\u00e9xico.\" \/>\n<meta name=\"robots\" content=\"index, follow, max-snippet:-1, max-image-preview:large, max-video-preview:-1\" \/>\n<link rel=\"canonical\" href=\"https:\/\/centrourbano.com\/revista\/arquitectura-2\/presenta-san-ildefonso-fotografia-arquitectonica-candida-hofer\/\" \/>\n<meta property=\"og:locale\" content=\"es_ES\" \/>\n<meta property=\"og:type\" content=\"article\" \/>\n<meta property=\"og:title\" content=\"Presenta San Ildefonso fotograf\u00eda arquitect\u00f3nica de Candida H\u00f6fer -\" \/>\n<meta property=\"og:description\" content=\"A partir de este 4 de abril, en el marco de las celebraciones del a\u00f1o dual M\u00e9xico-Alemania, el Antiguo Colegio de San Ildefonso presentar\u00e1 la exposici\u00f3n \u201cCandida H\u00f6fer en M\u00e9xico\u201d, en donde se mostrar\u00e1n 25 fotograf\u00edas de gran formato y 13 en peque\u00f1o formato, que la fot\u00f3grafa realiz\u00f3 de edificios emblem\u00e1ticos de M\u00e9xico.\" \/>\n<meta property=\"og:url\" content=\"https:\/\/centrourbano.com\/revista\/arquitectura-2\/presenta-san-ildefonso-fotografia-arquitectonica-candida-hofer\/\" \/>\n<meta property=\"og:site_name\" content=\"Centro Urbano\" \/>\n<meta property=\"article:publisher\" content=\"https:\/\/www.facebook.com\/portalcentrourbano\" \/>\n<meta property=\"article:published_time\" content=\"2017-04-04T18:53:17+00:00\" \/>\n<meta property=\"article:modified_time\" content=\"2017-04-04T18:57:01+00:00\" \/>\n<meta property=\"og:image\" content=\"https:\/\/centrourbano.com\/revista\/wp-content\/uploads\/Candida-H\u00f6fer.png\" \/>\n\t<meta property=\"og:image:width\" content=\"750\" \/>\n\t<meta property=\"og:image:height\" content=\"450\" \/>\n\t<meta property=\"og:image:type\" content=\"image\/png\" \/>\n<meta name=\"author\" content=\"Edgar Rosas\" \/>\n<meta name=\"twitter:card\" content=\"summary_large_image\" \/>\n<meta name=\"twitter:creator\" content=\"@https:\/\/twitter.com\/ERosasCU?s=09\" \/>\n<meta name=\"twitter:site\" content=\"@CentroUrbano\" \/>\n<meta name=\"twitter:label1\" content=\"Escrito por\" \/>\n\t<meta name=\"twitter:data1\" content=\"Edgar Rosas\" \/>\n\t<meta name=\"twitter:label2\" content=\"Tiempo de lectura\" \/>\n\t<meta name=\"twitter:data2\" content=\"1 minuto\" \/>\n<script type=\"application\/ld+json\" class=\"yoast-schema-graph\">{\"@context\":\"https:\\\/\\\/schema.org\",\"@graph\":[{\"@type\":\"Article\",\"@id\":\"https:\\\/\\\/centrourbano.com\\\/revista\\\/arquitectura-2\\\/presenta-san-ildefonso-fotografia-arquitectonica-candida-hofer\\\/#article\",\"isPartOf\":{\"@id\":\"https:\\\/\\\/centrourbano.com\\\/revista\\\/arquitectura-2\\\/presenta-san-ildefonso-fotografia-arquitectonica-candida-hofer\\\/\"},\"author\":{\"name\":\"Edgar Rosas\",\"@id\":\"https:\\\/\\\/centrourbano.com\\\/revista\\\/#\\\/schema\\\/person\\\/ff3c00651ce5b1630479d2cd0c2e3ac0\"},\"headline\":\"Presenta San Ildefonso fotograf\u00eda arquitect\u00f3nica de Candida H\u00f6fer\",\"datePublished\":\"2017-04-04T18:53:17+00:00\",\"dateModified\":\"2017-04-04T18:57:01+00:00\",\"mainEntityOfPage\":{\"@id\":\"https:\\\/\\\/centrourbano.com\\\/revista\\\/arquitectura-2\\\/presenta-san-ildefonso-fotografia-arquitectonica-candida-hofer\\\/\"},\"wordCount\":224,\"commentCount\":0,\"publisher\":{\"@id\":\"https:\\\/\\\/centrourbano.com\\\/revista\\\/#organization\"},\"image\":{\"@id\":\"https:\\\/\\\/centrourbano.com\\\/revista\\\/arquitectura-2\\\/presenta-san-ildefonso-fotografia-arquitectonica-candida-hofer\\\/#primaryimage\"},\"thumbnailUrl\":\"https:\\\/\\\/centrourbano.com\\\/revista\\\/wp-content\\\/uploads\\\/Candida-H\u00f6fer.png\",\"keywords\":[\"Antiguo Palacio de San Ildefonso\",\"Candida H\u00f6fer\",\"fotograf\u00eda arquitect\u00f3nica\"],\"articleSection\":[\"Arquitectura\"],\"inLanguage\":\"es\",\"potentialAction\":[{\"@type\":\"CommentAction\",\"name\":\"Comment\",\"target\":[\"https:\\\/\\\/centrourbano.com\\\/revista\\\/arquitectura-2\\\/presenta-san-ildefonso-fotografia-arquitectonica-candida-hofer\\\/#respond\"]}]},{\"@type\":\"WebPage\",\"@id\":\"https:\\\/\\\/centrourbano.com\\\/revista\\\/arquitectura-2\\\/presenta-san-ildefonso-fotografia-arquitectonica-candida-hofer\\\/\",\"url\":\"https:\\\/\\\/centrourbano.com\\\/revista\\\/arquitectura-2\\\/presenta-san-ildefonso-fotografia-arquitectonica-candida-hofer\\\/\",\"name\":\"Presenta San Ildefonso fotograf\u00eda arquitect\u00f3nica de Candida H\u00f6fer -\",\"isPartOf\":{\"@id\":\"https:\\\/\\\/centrourbano.com\\\/revista\\\/#website\"},\"primaryImageOfPage\":{\"@id\":\"https:\\\/\\\/centrourbano.com\\\/revista\\\/arquitectura-2\\\/presenta-san-ildefonso-fotografia-arquitectonica-candida-hofer\\\/#primaryimage\"},\"image\":{\"@id\":\"https:\\\/\\\/centrourbano.com\\\/revista\\\/arquitectura-2\\\/presenta-san-ildefonso-fotografia-arquitectonica-candida-hofer\\\/#primaryimage\"},\"thumbnailUrl\":\"https:\\\/\\\/centrourbano.com\\\/revista\\\/wp-content\\\/uploads\\\/Candida-H\u00f6fer.png\",\"datePublished\":\"2017-04-04T18:53:17+00:00\",\"dateModified\":\"2017-04-04T18:57:01+00:00\",\"description\":\"A partir de este 4 de abril, en el marco de las celebraciones del a\u00f1o dual M\u00e9xico-Alemania, el Antiguo Colegio de San Ildefonso presentar\u00e1 la exposici\u00f3n \u201cCandida H\u00f6fer en M\u00e9xico\u201d, en donde se mostrar\u00e1n 25 fotograf\u00edas de gran formato y 13 en peque\u00f1o formato, que la fot\u00f3grafa realiz\u00f3 de edificios emblem\u00e1ticos de M\u00e9xico.\",\"breadcrumb\":{\"@id\":\"https:\\\/\\\/centrourbano.com\\\/revista\\\/arquitectura-2\\\/presenta-san-ildefonso-fotografia-arquitectonica-candida-hofer\\\/#breadcrumb\"},\"inLanguage\":\"es\",\"potentialAction\":[{\"@type\":\"ReadAction\",\"target\":[\"https:\\\/\\\/centrourbano.com\\\/revista\\\/arquitectura-2\\\/presenta-san-ildefonso-fotografia-arquitectonica-candida-hofer\\\/\"]}]},{\"@type\":\"ImageObject\",\"inLanguage\":\"es\",\"@id\":\"https:\\\/\\\/centrourbano.com\\\/revista\\\/arquitectura-2\\\/presenta-san-ildefonso-fotografia-arquitectonica-candida-hofer\\\/#primaryimage\",\"url\":\"https:\\\/\\\/centrourbano.com\\\/revista\\\/wp-content\\\/uploads\\\/Candida-H\u00f6fer.png\",\"contentUrl\":\"https:\\\/\\\/centrourbano.com\\\/revista\\\/wp-content\\\/uploads\\\/Candida-H\u00f6fer.png\",\"width\":750,\"height\":450,\"caption\":\"La exposici\u00f3n contempla 38 im\u00e1genes de edificios emblem\u00e1ticos mexicanos\"},{\"@type\":\"BreadcrumbList\",\"@id\":\"https:\\\/\\\/centrourbano.com\\\/revista\\\/arquitectura-2\\\/presenta-san-ildefonso-fotografia-arquitectonica-candida-hofer\\\/#breadcrumb\",\"itemListElement\":[{\"@type\":\"ListItem\",\"position\":1,\"name\":\"Portada\",\"item\":\"https:\\\/\\\/centrourbano.com\\\/revista\\\/\"},{\"@type\":\"ListItem\",\"position\":2,\"name\":\"Presenta San Ildefonso fotograf\u00eda arquitect\u00f3nica de Candida H\u00f6fer\"}]},{\"@type\":\"WebSite\",\"@id\":\"https:\\\/\\\/centrourbano.com\\\/revista\\\/#website\",\"url\":\"https:\\\/\\\/centrourbano.com\\\/revista\\\/\",\"name\":\"Centro Urbano\",\"description\":\"Medio especializado en los sectores vivienda, inmobiliario, construcci\u00f3n, arquitectura y urbanismo.\",\"publisher\":{\"@id\":\"https:\\\/\\\/centrourbano.com\\\/revista\\\/#organization\"},\"potentialAction\":[{\"@type\":\"SearchAction\",\"target\":{\"@type\":\"EntryPoint\",\"urlTemplate\":\"https:\\\/\\\/centrourbano.com\\\/revista\\\/?s={search_term_string}\"},\"query-input\":{\"@type\":\"PropertyValueSpecification\",\"valueRequired\":true,\"valueName\":\"search_term_string\"}}],\"inLanguage\":\"es\"},{\"@type\":\"Organization\",\"@id\":\"https:\\\/\\\/centrourbano.com\\\/revista\\\/#organization\",\"name\":\"Centro Urbano\",\"url\":\"https:\\\/\\\/centrourbano.com\\\/revista\\\/\",\"logo\":{\"@type\":\"ImageObject\",\"inLanguage\":\"es\",\"@id\":\"https:\\\/\\\/centrourbano.com\\\/revista\\\/#\\\/schema\\\/logo\\\/image\\\/\",\"url\":\"https:\\\/\\\/centrourbano.com\\\/revista\\\/wp-content\\\/uploads\\\/web_CU_logo-1.png\",\"contentUrl\":\"https:\\\/\\\/centrourbano.com\\\/revista\\\/wp-content\\\/uploads\\\/web_CU_logo-1.png\",\"width\":350,\"height\":91,\"caption\":\"Centro Urbano\"},\"image\":{\"@id\":\"https:\\\/\\\/centrourbano.com\\\/revista\\\/#\\\/schema\\\/logo\\\/image\\\/\"},\"sameAs\":[\"https:\\\/\\\/www.facebook.com\\\/portalcentrourbano\",\"https:\\\/\\\/x.com\\\/CentroUrbano\",\"https:\\\/\\\/www.instagram.com\\\/centro_urbano\\\/\",\"https:\\\/\\\/www.linkedin.com\\\/company\\\/centro-urbano\\\/\",\"http:\\\/\\\/www.youtube.com\\\/user\\\/portalcentrourbano\"]},{\"@type\":\"Person\",\"@id\":\"https:\\\/\\\/centrourbano.com\\\/revista\\\/#\\\/schema\\\/person\\\/ff3c00651ce5b1630479d2cd0c2e3ac0\",\"name\":\"Edgar Rosas\",\"image\":{\"@type\":\"ImageObject\",\"inLanguage\":\"es\",\"@id\":\"https:\\\/\\\/secure.gravatar.com\\\/avatar\\\/94440c4283495211faa5300bf85e80061036b83fced868c3783aa1310b350d9c?s=96&d=mm&r=g\",\"url\":\"https:\\\/\\\/secure.gravatar.com\\\/avatar\\\/94440c4283495211faa5300bf85e80061036b83fced868c3783aa1310b350d9c?s=96&d=mm&r=g\",\"contentUrl\":\"https:\\\/\\\/secure.gravatar.com\\\/avatar\\\/94440c4283495211faa5300bf85e80061036b83fced868c3783aa1310b350d9c?s=96&d=mm&r=g\",\"caption\":\"Edgar Rosas\"},\"description\":\"Editor en Jefe de Centro Urbano. Egresado de la maestr\u00eda en Periodismo Pol\u00edtico de la Escuela de Periodismo Carlos Septi\u00e9n Garc\u00eda (EPCSG). Estudi\u00f3 la licenciatura en Comunicaci\u00f3n en la Universidad Mexicana. Amante de la cr\u00f3nica y el reportaje. Admirador de Vicente Le\u00f1ero y Miguel \u00c1ngel Granados Chapa.\",\"sameAs\":[\"https:\\\/\\\/x.com\\\/https:\\\/\\\/twitter.com\\\/ERosasCU?s=09\"],\"url\":\"https:\\\/\\\/centrourbano.com\\\/revista\\\/author\\\/edgar-rosas\\\/\"}]}<\/script>\n<!-- \/ Yoast SEO plugin. -->","yoast_head_json":{"title":"Presenta San Ildefonso fotograf\u00eda arquitect\u00f3nica de Candida H\u00f6fer -","description":"A partir de este 4 de abril, en el marco de las celebraciones del a\u00f1o dual M\u00e9xico-Alemania, el Antiguo Colegio de San Ildefonso presentar\u00e1 la exposici\u00f3n \u201cCandida H\u00f6fer en M\u00e9xico\u201d, en donde se mostrar\u00e1n 25 fotograf\u00edas de gran formato y 13 en peque\u00f1o formato, que la fot\u00f3grafa realiz\u00f3 de edificios emblem\u00e1ticos de M\u00e9xico.","robots":{"index":"index","follow":"follow","max-snippet":"max-snippet:-1","max-image-preview":"max-image-preview:large","max-video-preview":"max-video-preview:-1"},"canonical":"https:\/\/centrourbano.com\/revista\/arquitectura-2\/presenta-san-ildefonso-fotografia-arquitectonica-candida-hofer\/","og_locale":"es_ES","og_type":"article","og_title":"Presenta San Ildefonso fotograf\u00eda arquitect\u00f3nica de Candida H\u00f6fer -","og_description":"A partir de este 4 de abril, en el marco de las celebraciones del a\u00f1o dual M\u00e9xico-Alemania, el Antiguo Colegio de San Ildefonso presentar\u00e1 la exposici\u00f3n \u201cCandida H\u00f6fer en M\u00e9xico\u201d, en donde se mostrar\u00e1n 25 fotograf\u00edas de gran formato y 13 en peque\u00f1o formato, que la fot\u00f3grafa realiz\u00f3 de edificios emblem\u00e1ticos de M\u00e9xico.","og_url":"https:\/\/centrourbano.com\/revista\/arquitectura-2\/presenta-san-ildefonso-fotografia-arquitectonica-candida-hofer\/","og_site_name":"Centro Urbano","article_publisher":"https:\/\/www.facebook.com\/portalcentrourbano","article_published_time":"2017-04-04T18:53:17+00:00","article_modified_time":"2017-04-04T18:57:01+00:00","og_image":[{"width":750,"height":450,"url":"https:\/\/centrourbano.com\/revista\/wp-content\/uploads\/Candida-H\u00f6fer.png","type":"image\/png"}],"author":"Edgar Rosas","twitter_card":"summary_large_image","twitter_creator":"@https:\/\/twitter.com\/ERosasCU?s=09","twitter_site":"@CentroUrbano","twitter_misc":{"Escrito por":"Edgar Rosas","Tiempo de lectura":"1 minuto"},"schema":{"@context":"https:\/\/schema.org","@graph":[{"@type":"Article","@id":"https:\/\/centrourbano.com\/revista\/arquitectura-2\/presenta-san-ildefonso-fotografia-arquitectonica-candida-hofer\/#article","isPartOf":{"@id":"https:\/\/centrourbano.com\/revista\/arquitectura-2\/presenta-san-ildefonso-fotografia-arquitectonica-candida-hofer\/"},"author":{"name":"Edgar Rosas","@id":"https:\/\/centrourbano.com\/revista\/#\/schema\/person\/ff3c00651ce5b1630479d2cd0c2e3ac0"},"headline":"Presenta San Ildefonso fotograf\u00eda arquitect\u00f3nica de Candida H\u00f6fer","datePublished":"2017-04-04T18:53:17+00:00","dateModified":"2017-04-04T18:57:01+00:00","mainEntityOfPage":{"@id":"https:\/\/centrourbano.com\/revista\/arquitectura-2\/presenta-san-ildefonso-fotografia-arquitectonica-candida-hofer\/"},"wordCount":224,"commentCount":0,"publisher":{"@id":"https:\/\/centrourbano.com\/revista\/#organization"},"image":{"@id":"https:\/\/centrourbano.com\/revista\/arquitectura-2\/presenta-san-ildefonso-fotografia-arquitectonica-candida-hofer\/#primaryimage"},"thumbnailUrl":"https:\/\/centrourbano.com\/revista\/wp-content\/uploads\/Candida-H\u00f6fer.png","keywords":["Antiguo Palacio de San Ildefonso","Candida H\u00f6fer","fotograf\u00eda arquitect\u00f3nica"],"articleSection":["Arquitectura"],"inLanguage":"es","potentialAction":[{"@type":"CommentAction","name":"Comment","target":["https:\/\/centrourbano.com\/revista\/arquitectura-2\/presenta-san-ildefonso-fotografia-arquitectonica-candida-hofer\/#respond"]}]},{"@type":"WebPage","@id":"https:\/\/centrourbano.com\/revista\/arquitectura-2\/presenta-san-ildefonso-fotografia-arquitectonica-candida-hofer\/","url":"https:\/\/centrourbano.com\/revista\/arquitectura-2\/presenta-san-ildefonso-fotografia-arquitectonica-candida-hofer\/","name":"Presenta San Ildefonso fotograf\u00eda arquitect\u00f3nica de Candida H\u00f6fer -","isPartOf":{"@id":"https:\/\/centrourbano.com\/revista\/#website"},"primaryImageOfPage":{"@id":"https:\/\/centrourbano.com\/revista\/arquitectura-2\/presenta-san-ildefonso-fotografia-arquitectonica-candida-hofer\/#primaryimage"},"image":{"@id":"https:\/\/centrourbano.com\/revista\/arquitectura-2\/presenta-san-ildefonso-fotografia-arquitectonica-candida-hofer\/#primaryimage"},"thumbnailUrl":"https:\/\/centrourbano.com\/revista\/wp-content\/uploads\/Candida-H\u00f6fer.png","datePublished":"2017-04-04T18:53:17+00:00","dateModified":"2017-04-04T18:57:01+00:00","description":"A partir de este 4 de abril, en el marco de las celebraciones del a\u00f1o dual M\u00e9xico-Alemania, el Antiguo Colegio de San Ildefonso presentar\u00e1 la exposici\u00f3n \u201cCandida H\u00f6fer en M\u00e9xico\u201d, en donde se mostrar\u00e1n 25 fotograf\u00edas de gran formato y 13 en peque\u00f1o formato, que la fot\u00f3grafa realiz\u00f3 de edificios emblem\u00e1ticos de M\u00e9xico.","breadcrumb":{"@id":"https:\/\/centrourbano.com\/revista\/arquitectura-2\/presenta-san-ildefonso-fotografia-arquitectonica-candida-hofer\/#breadcrumb"},"inLanguage":"es","potentialAction":[{"@type":"ReadAction","target":["https:\/\/centrourbano.com\/revista\/arquitectura-2\/presenta-san-ildefonso-fotografia-arquitectonica-candida-hofer\/"]}]},{"@type":"ImageObject","inLanguage":"es","@id":"https:\/\/centrourbano.com\/revista\/arquitectura-2\/presenta-san-ildefonso-fotografia-arquitectonica-candida-hofer\/#primaryimage","url":"https:\/\/centrourbano.com\/revista\/wp-content\/uploads\/Candida-H\u00f6fer.png","contentUrl":"https:\/\/centrourbano.com\/revista\/wp-content\/uploads\/Candida-H\u00f6fer.png","width":750,"height":450,"caption":"La exposici\u00f3n contempla 38 im\u00e1genes de edificios emblem\u00e1ticos mexicanos"},{"@type":"BreadcrumbList","@id":"https:\/\/centrourbano.com\/revista\/arquitectura-2\/presenta-san-ildefonso-fotografia-arquitectonica-candida-hofer\/#breadcrumb","itemListElement":[{"@type":"ListItem","position":1,"name":"Portada","item":"https:\/\/centrourbano.com\/revista\/"},{"@type":"ListItem","position":2,"name":"Presenta San Ildefonso fotograf\u00eda arquitect\u00f3nica de Candida H\u00f6fer"}]},{"@type":"WebSite","@id":"https:\/\/centrourbano.com\/revista\/#website","url":"https:\/\/centrourbano.com\/revista\/","name":"Centro Urbano","description":"Medio especializado en los sectores vivienda, inmobiliario, construcci\u00f3n, arquitectura y urbanismo.","publisher":{"@id":"https:\/\/centrourbano.com\/revista\/#organization"},"potentialAction":[{"@type":"SearchAction","target":{"@type":"EntryPoint","urlTemplate":"https:\/\/centrourbano.com\/revista\/?s={search_term_string}"},"query-input":{"@type":"PropertyValueSpecification","valueRequired":true,"valueName":"search_term_string"}}],"inLanguage":"es"},{"@type":"Organization","@id":"https:\/\/centrourbano.com\/revista\/#organization","name":"Centro Urbano","url":"https:\/\/centrourbano.com\/revista\/","logo":{"@type":"ImageObject","inLanguage":"es","@id":"https:\/\/centrourbano.com\/revista\/#\/schema\/logo\/image\/","url":"https:\/\/centrourbano.com\/revista\/wp-content\/uploads\/web_CU_logo-1.png","contentUrl":"https:\/\/centrourbano.com\/revista\/wp-content\/uploads\/web_CU_logo-1.png","width":350,"height":91,"caption":"Centro Urbano"},"image":{"@id":"https:\/\/centrourbano.com\/revista\/#\/schema\/logo\/image\/"},"sameAs":["https:\/\/www.facebook.com\/portalcentrourbano","https:\/\/x.com\/CentroUrbano","https:\/\/www.instagram.com\/centro_urbano\/","https:\/\/www.linkedin.com\/company\/centro-urbano\/","http:\/\/www.youtube.com\/user\/portalcentrourbano"]},{"@type":"Person","@id":"https:\/\/centrourbano.com\/revista\/#\/schema\/person\/ff3c00651ce5b1630479d2cd0c2e3ac0","name":"Edgar Rosas","image":{"@type":"ImageObject","inLanguage":"es","@id":"https:\/\/secure.gravatar.com\/avatar\/94440c4283495211faa5300bf85e80061036b83fced868c3783aa1310b350d9c?s=96&d=mm&r=g","url":"https:\/\/secure.gravatar.com\/avatar\/94440c4283495211faa5300bf85e80061036b83fced868c3783aa1310b350d9c?s=96&d=mm&r=g","contentUrl":"https:\/\/secure.gravatar.com\/avatar\/94440c4283495211faa5300bf85e80061036b83fced868c3783aa1310b350d9c?s=96&d=mm&r=g","caption":"Edgar Rosas"},"description":"Editor en Jefe de Centro Urbano. Egresado de la maestr\u00eda en Periodismo Pol\u00edtico de la Escuela de Periodismo Carlos Septi\u00e9n Garc\u00eda (EPCSG). Estudi\u00f3 la licenciatura en Comunicaci\u00f3n en la Universidad Mexicana. Amante de la cr\u00f3nica y el reportaje. Admirador de Vicente Le\u00f1ero y Miguel \u00c1ngel Granados Chapa.","sameAs":["https:\/\/x.com\/https:\/\/twitter.com\/ERosasCU?s=09"],"url":"https:\/\/centrourbano.com\/revista\/author\/edgar-rosas\/"}]}},"_links":{"self":[{"href":"https:\/\/centrourbano.com\/revista\/wp-json\/wp\/v2\/posts\/51545","targetHints":{"allow":["GET"]}}],"collection":[{"href":"https:\/\/centrourbano.com\/revista\/wp-json\/wp\/v2\/posts"}],"about":[{"href":"https:\/\/centrourbano.com\/revista\/wp-json\/wp\/v2\/types\/post"}],"author":[{"embeddable":true,"href":"https:\/\/centrourbano.com\/revista\/wp-json\/wp\/v2\/users\/47"}],"replies":[{"embeddable":true,"href":"https:\/\/centrourbano.com\/revista\/wp-json\/wp\/v2\/comments?post=51545"}],"version-history":[{"count":0,"href":"https:\/\/centrourbano.com\/revista\/wp-json\/wp\/v2\/posts\/51545\/revisions"}],"wp:featuredmedia":[{"embeddable":true,"href":"https:\/\/centrourbano.com\/revista\/wp-json\/wp\/v2\/media\/51546"}],"wp:attachment":[{"href":"https:\/\/centrourbano.com\/revista\/wp-json\/wp\/v2\/media?parent=51545"}],"wp:term":[{"taxonomy":"category","embeddable":true,"href":"https:\/\/centrourbano.com\/revista\/wp-json\/wp\/v2\/categories?post=51545"},{"taxonomy":"post_tag","embeddable":true,"href":"https:\/\/centrourbano.com\/revista\/wp-json\/wp\/v2\/tags?post=51545"}],"curies":[{"name":"wp","href":"https:\/\/api.w.org\/{rel}","templated":true}]}}