{"id":51447,"date":"2017-04-03T12:42:31","date_gmt":"2017-04-03T17:42:31","guid":{"rendered":"https:\/\/centrourbano.com\/?p=51447"},"modified":"2017-04-03T13:18:59","modified_gmt":"2017-04-03T18:18:59","slug":"barcelona-circulacion-contaminantes","status":"publish","type":"post","link":"https:\/\/centrourbano.com\/revista\/urbanismo\/barcelona-circulacion-contaminantes\/","title":{"rendered":"Barcelona prohibir\u00e1 la circulaci\u00f3n de veh\u00edculos contaminantes"},"content":{"rendered":"<p><em>Buscan reducir las emisiones contaminantes de los autom\u00f3viles 30% durante los pr\u00f3ximos 15 a\u00f1os<\/em><\/p>\n<p><em>\u00a0<\/em><\/p>\n<p>Barcelona se ha unido al grupo de ciudades que buscan liberar los centros urbanos de autom\u00f3viles, con un Plan Contra la Contaminaci\u00f3n del Aire que contempla 58 medidas para promover la movilidad sustentable y mejorar la calidad de vida de sus habitantes.<\/p>\n<p>&nbsp;<\/p>\n<p>Departamento de Ecolog\u00eda, Urbanismo y Movilidad del Ayuntamiento de Barcelona, indic\u00f3 que en este plan se considera la restricci\u00f3n vehicular para los autom\u00f3viles m\u00e1s contaminantes, que corresponden a furgonetas matriculadas antes de octubre de 1994 y los turismos matriculados antes de 1997.<\/p>\n<p>&nbsp;<\/p>\n<p>Dichas medidas est\u00e1n contempladas para que inicien el 1 de enero de 2019 y dise\u00f1adas para los 40 municipios del \u00e1rea metropolitana.<\/p>\n<p>&nbsp;<\/p>\n<p>Durante este a\u00f1o se busca generar un protocolo sobre las medidas a implementar en cada municipio durante las alertas, como utilizar una tarjeta para el transporte p\u00fablico, incentivar la renovaci\u00f3n del parque vehicular por veh\u00edculos de bajas emisiones, as\u00ed como mantener informada a la ciudadan\u00eda sobre la importancia de modificar cotidianos para trasladarse.<\/p>\n<p>&nbsp;<\/p>\n<p>Con esto se pretende reducir las emisiones contaminantes de los autom\u00f3viles 30% durante los pr\u00f3ximos 15 a\u00f1os para mejorar la calidad del aire, ya que el principal factor de su contaminaci\u00f3n son los veh\u00edculos motorizados.<\/p>\n<p>&nbsp;<\/p>\n<p>Otras medidas que se han tomado alrededor del mundo, como en Atenas, es restringir la circulaci\u00f3n de los autos de di\u00e9sel por el centro de la ciudad cuando la calidad del aire es mala; en Hamburgo se planea conectar la mayor cantidad de \u00e1reas verdes para facilitar los desplazamientos a pie o en bicicleta, mientras que en Madrid buscan liberar Gran V\u00eda de autos privados en 2019.<\/p>\n<p>&nbsp;<\/p>\n<p>&nbsp;<\/p>\n","protected":false},"excerpt":{"rendered":"<p>Buscan reducir las emisiones contaminantes de los autom\u00f3viles 30% durante los pr\u00f3ximos 15 a\u00f1os \u00a0 Barcelona se ha unido al grupo de ciudades que buscan liberar los centros urbanos de autom\u00f3viles, con un Plan Contra la Contaminaci\u00f3n del Aire que contempla 58 medidas para promover la movilidad sustentable y mejorar la calidad de vida de [&hellip;]<\/p>\n","protected":false},"author":45,"featured_media":51449,"comment_status":"open","ping_status":"closed","sticky":false,"template":"","format":"standard","meta":{"om_disable_all_campaigns":false,"inline_featured_image":false,"_monsterinsights_skip_tracking":false,"_monsterinsights_sitenote_active":false,"_monsterinsights_sitenote_note":"","_monsterinsights_sitenote_category":0,"footnotes":""},"categories":[82],"tags":[9895,2182,2081,487,9896,6156],"class_list":["post-51447","post","type-post","status-publish","format-standard","has-post-thumbnail","hentry","category-urbanismo","tag-automoviles","tag-barcelona","tag-ecologia","tag-movilidad","tag-plan-contra-la-contaminacion-del-aire","tag-urbanismo"],"yoast_head":"<!-- This site is optimized with the Yoast SEO plugin v27.5 - https:\/\/yoast.com\/product\/yoast-seo-wordpress\/ -->\n<title>Barcelona prohibir\u00e1 la circulaci\u00f3n de veh\u00edculos contaminantes -<\/title>\n<meta name=\"description\" content=\"Buscan reducir las emisiones contaminantes de los autom\u00f3viles 30% durante los pr\u00f3ximos 15 a\u00f1os\" \/>\n<meta name=\"robots\" content=\"index, follow, max-snippet:-1, max-image-preview:large, max-video-preview:-1\" \/>\n<link rel=\"canonical\" href=\"https:\/\/centrourbano.com\/revista\/urbanismo\/barcelona-circulacion-contaminantes\/\" \/>\n<meta property=\"og:locale\" content=\"es_ES\" \/>\n<meta property=\"og:type\" content=\"article\" \/>\n<meta property=\"og:title\" content=\"Barcelona prohibir\u00e1 la circulaci\u00f3n de veh\u00edculos contaminantes -\" \/>\n<meta property=\"og:description\" content=\"Buscan reducir las emisiones contaminantes de los autom\u00f3viles 30% durante los pr\u00f3ximos 15 a\u00f1os\" \/>\n<meta property=\"og:url\" content=\"https:\/\/centrourbano.com\/revista\/urbanismo\/barcelona-circulacion-contaminantes\/\" \/>\n<meta property=\"og:site_name\" content=\"Centro Urbano\" \/>\n<meta property=\"article:publisher\" content=\"https:\/\/www.facebook.com\/portalcentrourbano\" \/>\n<meta property=\"article:published_time\" content=\"2017-04-03T17:42:31+00:00\" \/>\n<meta property=\"article:modified_time\" content=\"2017-04-03T18:18:59+00:00\" \/>\n<meta property=\"og:image\" content=\"https:\/\/centrourbano.com\/revista\/wp-content\/uploads\/barcelona-1.jpg\" \/>\n\t<meta property=\"og:image:width\" content=\"580\" \/>\n\t<meta property=\"og:image:height\" content=\"385\" \/>\n\t<meta property=\"og:image:type\" content=\"image\/jpeg\" \/>\n<meta name=\"author\" content=\"Hanae Pacheco\" \/>\n<meta name=\"twitter:card\" content=\"summary_large_image\" \/>\n<meta name=\"twitter:creator\" content=\"@CentroUrbano\" \/>\n<meta name=\"twitter:site\" content=\"@CentroUrbano\" \/>\n<meta name=\"twitter:label1\" content=\"Escrito por\" \/>\n\t<meta name=\"twitter:data1\" content=\"Hanae Pacheco\" \/>\n\t<meta name=\"twitter:label2\" content=\"Tiempo de lectura\" \/>\n\t<meta name=\"twitter:data2\" content=\"1 minuto\" \/>\n<script type=\"application\/ld+json\" class=\"yoast-schema-graph\">{\"@context\":\"https:\\\/\\\/schema.org\",\"@graph\":[{\"@type\":\"Article\",\"@id\":\"https:\\\/\\\/centrourbano.com\\\/revista\\\/urbanismo\\\/barcelona-circulacion-contaminantes\\\/#article\",\"isPartOf\":{\"@id\":\"https:\\\/\\\/centrourbano.com\\\/revista\\\/urbanismo\\\/barcelona-circulacion-contaminantes\\\/\"},\"author\":{\"name\":\"Hanae Pacheco\",\"@id\":\"https:\\\/\\\/centrourbano.com\\\/revista\\\/#\\\/schema\\\/person\\\/db5aba19153b4dc77f48808c4c2e7027\"},\"headline\":\"Barcelona prohibir\u00e1 la circulaci\u00f3n de veh\u00edculos contaminantes\",\"datePublished\":\"2017-04-03T17:42:31+00:00\",\"dateModified\":\"2017-04-03T18:18:59+00:00\",\"mainEntityOfPage\":{\"@id\":\"https:\\\/\\\/centrourbano.com\\\/revista\\\/urbanismo\\\/barcelona-circulacion-contaminantes\\\/\"},\"wordCount\":304,\"commentCount\":0,\"publisher\":{\"@id\":\"https:\\\/\\\/centrourbano.com\\\/revista\\\/#organization\"},\"image\":{\"@id\":\"https:\\\/\\\/centrourbano.com\\\/revista\\\/urbanismo\\\/barcelona-circulacion-contaminantes\\\/#primaryimage\"},\"thumbnailUrl\":\"https:\\\/\\\/centrourbano.com\\\/revista\\\/wp-content\\\/uploads\\\/barcelona-1.jpg\",\"keywords\":[\"autom\u00f3viles\",\"Barcelona\",\"ecolog\u00eda\",\"movilidad\",\"Plan COntra la CONtaminaci\u00f3n del Aire\",\"Urbanismo\"],\"articleSection\":[\"Urbanismo\"],\"inLanguage\":\"es\",\"potentialAction\":[{\"@type\":\"CommentAction\",\"name\":\"Comment\",\"target\":[\"https:\\\/\\\/centrourbano.com\\\/revista\\\/urbanismo\\\/barcelona-circulacion-contaminantes\\\/#respond\"]}]},{\"@type\":\"WebPage\",\"@id\":\"https:\\\/\\\/centrourbano.com\\\/revista\\\/urbanismo\\\/barcelona-circulacion-contaminantes\\\/\",\"url\":\"https:\\\/\\\/centrourbano.com\\\/revista\\\/urbanismo\\\/barcelona-circulacion-contaminantes\\\/\",\"name\":\"Barcelona prohibir\u00e1 la circulaci\u00f3n de veh\u00edculos contaminantes -\",\"isPartOf\":{\"@id\":\"https:\\\/\\\/centrourbano.com\\\/revista\\\/#website\"},\"primaryImageOfPage\":{\"@id\":\"https:\\\/\\\/centrourbano.com\\\/revista\\\/urbanismo\\\/barcelona-circulacion-contaminantes\\\/#primaryimage\"},\"image\":{\"@id\":\"https:\\\/\\\/centrourbano.com\\\/revista\\\/urbanismo\\\/barcelona-circulacion-contaminantes\\\/#primaryimage\"},\"thumbnailUrl\":\"https:\\\/\\\/centrourbano.com\\\/revista\\\/wp-content\\\/uploads\\\/barcelona-1.jpg\",\"datePublished\":\"2017-04-03T17:42:31+00:00\",\"dateModified\":\"2017-04-03T18:18:59+00:00\",\"description\":\"Buscan reducir las emisiones contaminantes de los autom\u00f3viles 30% durante los pr\u00f3ximos 15 a\u00f1os\",\"breadcrumb\":{\"@id\":\"https:\\\/\\\/centrourbano.com\\\/revista\\\/urbanismo\\\/barcelona-circulacion-contaminantes\\\/#breadcrumb\"},\"inLanguage\":\"es\",\"potentialAction\":[{\"@type\":\"ReadAction\",\"target\":[\"https:\\\/\\\/centrourbano.com\\\/revista\\\/urbanismo\\\/barcelona-circulacion-contaminantes\\\/\"]}]},{\"@type\":\"ImageObject\",\"inLanguage\":\"es\",\"@id\":\"https:\\\/\\\/centrourbano.com\\\/revista\\\/urbanismo\\\/barcelona-circulacion-contaminantes\\\/#primaryimage\",\"url\":\"https:\\\/\\\/centrourbano.com\\\/revista\\\/wp-content\\\/uploads\\\/barcelona-1.jpg\",\"contentUrl\":\"https:\\\/\\\/centrourbano.com\\\/revista\\\/wp-content\\\/uploads\\\/barcelona-1.jpg\",\"width\":580,\"height\":385,\"caption\":\"Buscan reducir las emisiones contaminantes de los autom\u00f3viles 30% durante los pr\u00f3ximos 15 a\u00f1os\"},{\"@type\":\"BreadcrumbList\",\"@id\":\"https:\\\/\\\/centrourbano.com\\\/revista\\\/urbanismo\\\/barcelona-circulacion-contaminantes\\\/#breadcrumb\",\"itemListElement\":[{\"@type\":\"ListItem\",\"position\":1,\"name\":\"Portada\",\"item\":\"https:\\\/\\\/centrourbano.com\\\/revista\\\/\"},{\"@type\":\"ListItem\",\"position\":2,\"name\":\"Barcelona prohibir\u00e1 la circulaci\u00f3n de veh\u00edculos contaminantes\"}]},{\"@type\":\"WebSite\",\"@id\":\"https:\\\/\\\/centrourbano.com\\\/revista\\\/#website\",\"url\":\"https:\\\/\\\/centrourbano.com\\\/revista\\\/\",\"name\":\"Centro Urbano\",\"description\":\"Medio especializado en los sectores vivienda, inmobiliario, construcci\u00f3n, arquitectura y urbanismo.\",\"publisher\":{\"@id\":\"https:\\\/\\\/centrourbano.com\\\/revista\\\/#organization\"},\"potentialAction\":[{\"@type\":\"SearchAction\",\"target\":{\"@type\":\"EntryPoint\",\"urlTemplate\":\"https:\\\/\\\/centrourbano.com\\\/revista\\\/?s={search_term_string}\"},\"query-input\":{\"@type\":\"PropertyValueSpecification\",\"valueRequired\":true,\"valueName\":\"search_term_string\"}}],\"inLanguage\":\"es\"},{\"@type\":\"Organization\",\"@id\":\"https:\\\/\\\/centrourbano.com\\\/revista\\\/#organization\",\"name\":\"Centro Urbano\",\"url\":\"https:\\\/\\\/centrourbano.com\\\/revista\\\/\",\"logo\":{\"@type\":\"ImageObject\",\"inLanguage\":\"es\",\"@id\":\"https:\\\/\\\/centrourbano.com\\\/revista\\\/#\\\/schema\\\/logo\\\/image\\\/\",\"url\":\"https:\\\/\\\/centrourbano.com\\\/revista\\\/wp-content\\\/uploads\\\/web_CU_logo-1.png\",\"contentUrl\":\"https:\\\/\\\/centrourbano.com\\\/revista\\\/wp-content\\\/uploads\\\/web_CU_logo-1.png\",\"width\":350,\"height\":91,\"caption\":\"Centro Urbano\"},\"image\":{\"@id\":\"https:\\\/\\\/centrourbano.com\\\/revista\\\/#\\\/schema\\\/logo\\\/image\\\/\"},\"sameAs\":[\"https:\\\/\\\/www.facebook.com\\\/portalcentrourbano\",\"https:\\\/\\\/x.com\\\/CentroUrbano\",\"https:\\\/\\\/www.instagram.com\\\/centro_urbano\\\/\",\"https:\\\/\\\/www.linkedin.com\\\/company\\\/centro-urbano\\\/\",\"http:\\\/\\\/www.youtube.com\\\/user\\\/portalcentrourbano\"]},{\"@type\":\"Person\",\"@id\":\"https:\\\/\\\/centrourbano.com\\\/revista\\\/#\\\/schema\\\/person\\\/db5aba19153b4dc77f48808c4c2e7027\",\"name\":\"Hanae Pacheco\",\"image\":{\"@type\":\"ImageObject\",\"inLanguage\":\"es\",\"@id\":\"https:\\\/\\\/secure.gravatar.com\\\/avatar\\\/85378918db488c7c72bd7acaea6909bbfd5df076ffaf5e56cf397f98ef67f72d?s=96&d=mm&r=g\",\"url\":\"https:\\\/\\\/secure.gravatar.com\\\/avatar\\\/85378918db488c7c72bd7acaea6909bbfd5df076ffaf5e56cf397f98ef67f72d?s=96&d=mm&r=g\",\"contentUrl\":\"https:\\\/\\\/secure.gravatar.com\\\/avatar\\\/85378918db488c7c72bd7acaea6909bbfd5df076ffaf5e56cf397f98ef67f72d?s=96&d=mm&r=g\",\"caption\":\"Hanae Pacheco\"},\"url\":\"https:\\\/\\\/centrourbano.com\\\/revista\\\/author\\\/hanae-pacheco\\\/\"}]}<\/script>\n<!-- \/ Yoast SEO plugin. -->","yoast_head_json":{"title":"Barcelona prohibir\u00e1 la circulaci\u00f3n de veh\u00edculos contaminantes -","description":"Buscan reducir las emisiones contaminantes de los autom\u00f3viles 30% durante los pr\u00f3ximos 15 a\u00f1os","robots":{"index":"index","follow":"follow","max-snippet":"max-snippet:-1","max-image-preview":"max-image-preview:large","max-video-preview":"max-video-preview:-1"},"canonical":"https:\/\/centrourbano.com\/revista\/urbanismo\/barcelona-circulacion-contaminantes\/","og_locale":"es_ES","og_type":"article","og_title":"Barcelona prohibir\u00e1 la circulaci\u00f3n de veh\u00edculos contaminantes -","og_description":"Buscan reducir las emisiones contaminantes de los autom\u00f3viles 30% durante los pr\u00f3ximos 15 a\u00f1os","og_url":"https:\/\/centrourbano.com\/revista\/urbanismo\/barcelona-circulacion-contaminantes\/","og_site_name":"Centro Urbano","article_publisher":"https:\/\/www.facebook.com\/portalcentrourbano","article_published_time":"2017-04-03T17:42:31+00:00","article_modified_time":"2017-04-03T18:18:59+00:00","og_image":[{"width":580,"height":385,"url":"https:\/\/centrourbano.com\/revista\/wp-content\/uploads\/barcelona-1.jpg","type":"image\/jpeg"}],"author":"Hanae Pacheco","twitter_card":"summary_large_image","twitter_creator":"@CentroUrbano","twitter_site":"@CentroUrbano","twitter_misc":{"Escrito por":"Hanae Pacheco","Tiempo de lectura":"1 minuto"},"schema":{"@context":"https:\/\/schema.org","@graph":[{"@type":"Article","@id":"https:\/\/centrourbano.com\/revista\/urbanismo\/barcelona-circulacion-contaminantes\/#article","isPartOf":{"@id":"https:\/\/centrourbano.com\/revista\/urbanismo\/barcelona-circulacion-contaminantes\/"},"author":{"name":"Hanae Pacheco","@id":"https:\/\/centrourbano.com\/revista\/#\/schema\/person\/db5aba19153b4dc77f48808c4c2e7027"},"headline":"Barcelona prohibir\u00e1 la circulaci\u00f3n de veh\u00edculos contaminantes","datePublished":"2017-04-03T17:42:31+00:00","dateModified":"2017-04-03T18:18:59+00:00","mainEntityOfPage":{"@id":"https:\/\/centrourbano.com\/revista\/urbanismo\/barcelona-circulacion-contaminantes\/"},"wordCount":304,"commentCount":0,"publisher":{"@id":"https:\/\/centrourbano.com\/revista\/#organization"},"image":{"@id":"https:\/\/centrourbano.com\/revista\/urbanismo\/barcelona-circulacion-contaminantes\/#primaryimage"},"thumbnailUrl":"https:\/\/centrourbano.com\/revista\/wp-content\/uploads\/barcelona-1.jpg","keywords":["autom\u00f3viles","Barcelona","ecolog\u00eda","movilidad","Plan COntra la CONtaminaci\u00f3n del Aire","Urbanismo"],"articleSection":["Urbanismo"],"inLanguage":"es","potentialAction":[{"@type":"CommentAction","name":"Comment","target":["https:\/\/centrourbano.com\/revista\/urbanismo\/barcelona-circulacion-contaminantes\/#respond"]}]},{"@type":"WebPage","@id":"https:\/\/centrourbano.com\/revista\/urbanismo\/barcelona-circulacion-contaminantes\/","url":"https:\/\/centrourbano.com\/revista\/urbanismo\/barcelona-circulacion-contaminantes\/","name":"Barcelona prohibir\u00e1 la circulaci\u00f3n de veh\u00edculos contaminantes -","isPartOf":{"@id":"https:\/\/centrourbano.com\/revista\/#website"},"primaryImageOfPage":{"@id":"https:\/\/centrourbano.com\/revista\/urbanismo\/barcelona-circulacion-contaminantes\/#primaryimage"},"image":{"@id":"https:\/\/centrourbano.com\/revista\/urbanismo\/barcelona-circulacion-contaminantes\/#primaryimage"},"thumbnailUrl":"https:\/\/centrourbano.com\/revista\/wp-content\/uploads\/barcelona-1.jpg","datePublished":"2017-04-03T17:42:31+00:00","dateModified":"2017-04-03T18:18:59+00:00","description":"Buscan reducir las emisiones contaminantes de los autom\u00f3viles 30% durante los pr\u00f3ximos 15 a\u00f1os","breadcrumb":{"@id":"https:\/\/centrourbano.com\/revista\/urbanismo\/barcelona-circulacion-contaminantes\/#breadcrumb"},"inLanguage":"es","potentialAction":[{"@type":"ReadAction","target":["https:\/\/centrourbano.com\/revista\/urbanismo\/barcelona-circulacion-contaminantes\/"]}]},{"@type":"ImageObject","inLanguage":"es","@id":"https:\/\/centrourbano.com\/revista\/urbanismo\/barcelona-circulacion-contaminantes\/#primaryimage","url":"https:\/\/centrourbano.com\/revista\/wp-content\/uploads\/barcelona-1.jpg","contentUrl":"https:\/\/centrourbano.com\/revista\/wp-content\/uploads\/barcelona-1.jpg","width":580,"height":385,"caption":"Buscan reducir las emisiones contaminantes de los autom\u00f3viles 30% durante los pr\u00f3ximos 15 a\u00f1os"},{"@type":"BreadcrumbList","@id":"https:\/\/centrourbano.com\/revista\/urbanismo\/barcelona-circulacion-contaminantes\/#breadcrumb","itemListElement":[{"@type":"ListItem","position":1,"name":"Portada","item":"https:\/\/centrourbano.com\/revista\/"},{"@type":"ListItem","position":2,"name":"Barcelona prohibir\u00e1 la circulaci\u00f3n de veh\u00edculos contaminantes"}]},{"@type":"WebSite","@id":"https:\/\/centrourbano.com\/revista\/#website","url":"https:\/\/centrourbano.com\/revista\/","name":"Centro Urbano","description":"Medio especializado en los sectores vivienda, inmobiliario, construcci\u00f3n, arquitectura y urbanismo.","publisher":{"@id":"https:\/\/centrourbano.com\/revista\/#organization"},"potentialAction":[{"@type":"SearchAction","target":{"@type":"EntryPoint","urlTemplate":"https:\/\/centrourbano.com\/revista\/?s={search_term_string}"},"query-input":{"@type":"PropertyValueSpecification","valueRequired":true,"valueName":"search_term_string"}}],"inLanguage":"es"},{"@type":"Organization","@id":"https:\/\/centrourbano.com\/revista\/#organization","name":"Centro Urbano","url":"https:\/\/centrourbano.com\/revista\/","logo":{"@type":"ImageObject","inLanguage":"es","@id":"https:\/\/centrourbano.com\/revista\/#\/schema\/logo\/image\/","url":"https:\/\/centrourbano.com\/revista\/wp-content\/uploads\/web_CU_logo-1.png","contentUrl":"https:\/\/centrourbano.com\/revista\/wp-content\/uploads\/web_CU_logo-1.png","width":350,"height":91,"caption":"Centro Urbano"},"image":{"@id":"https:\/\/centrourbano.com\/revista\/#\/schema\/logo\/image\/"},"sameAs":["https:\/\/www.facebook.com\/portalcentrourbano","https:\/\/x.com\/CentroUrbano","https:\/\/www.instagram.com\/centro_urbano\/","https:\/\/www.linkedin.com\/company\/centro-urbano\/","http:\/\/www.youtube.com\/user\/portalcentrourbano"]},{"@type":"Person","@id":"https:\/\/centrourbano.com\/revista\/#\/schema\/person\/db5aba19153b4dc77f48808c4c2e7027","name":"Hanae Pacheco","image":{"@type":"ImageObject","inLanguage":"es","@id":"https:\/\/secure.gravatar.com\/avatar\/85378918db488c7c72bd7acaea6909bbfd5df076ffaf5e56cf397f98ef67f72d?s=96&d=mm&r=g","url":"https:\/\/secure.gravatar.com\/avatar\/85378918db488c7c72bd7acaea6909bbfd5df076ffaf5e56cf397f98ef67f72d?s=96&d=mm&r=g","contentUrl":"https:\/\/secure.gravatar.com\/avatar\/85378918db488c7c72bd7acaea6909bbfd5df076ffaf5e56cf397f98ef67f72d?s=96&d=mm&r=g","caption":"Hanae Pacheco"},"url":"https:\/\/centrourbano.com\/revista\/author\/hanae-pacheco\/"}]}},"_links":{"self":[{"href":"https:\/\/centrourbano.com\/revista\/wp-json\/wp\/v2\/posts\/51447","targetHints":{"allow":["GET"]}}],"collection":[{"href":"https:\/\/centrourbano.com\/revista\/wp-json\/wp\/v2\/posts"}],"about":[{"href":"https:\/\/centrourbano.com\/revista\/wp-json\/wp\/v2\/types\/post"}],"author":[{"embeddable":true,"href":"https:\/\/centrourbano.com\/revista\/wp-json\/wp\/v2\/users\/45"}],"replies":[{"embeddable":true,"href":"https:\/\/centrourbano.com\/revista\/wp-json\/wp\/v2\/comments?post=51447"}],"version-history":[{"count":0,"href":"https:\/\/centrourbano.com\/revista\/wp-json\/wp\/v2\/posts\/51447\/revisions"}],"wp:featuredmedia":[{"embeddable":true,"href":"https:\/\/centrourbano.com\/revista\/wp-json\/wp\/v2\/media\/51449"}],"wp:attachment":[{"href":"https:\/\/centrourbano.com\/revista\/wp-json\/wp\/v2\/media?parent=51447"}],"wp:term":[{"taxonomy":"category","embeddable":true,"href":"https:\/\/centrourbano.com\/revista\/wp-json\/wp\/v2\/categories?post=51447"},{"taxonomy":"post_tag","embeddable":true,"href":"https:\/\/centrourbano.com\/revista\/wp-json\/wp\/v2\/tags?post=51447"}],"curies":[{"name":"wp","href":"https:\/\/api.w.org\/{rel}","templated":true}]}}