{"id":51427,"date":"2017-04-03T09:58:27","date_gmt":"2017-04-03T14:58:27","guid":{"rendered":"https:\/\/centrourbano.com\/?p=51427"},"modified":"2017-04-03T16:36:29","modified_gmt":"2017-04-03T21:36:29","slug":"inah-zacatecas-impulsaran-al-instituto-regional-patrimonio-mundial","status":"publish","type":"post","link":"https:\/\/centrourbano.com\/revista\/arquitectura-2\/inah-zacatecas-impulsaran-al-instituto-regional-patrimonio-mundial\/","title":{"rendered":"El INAH y Zacatecas impulsar\u00e1n al Instituto Regional de Patrimonio Mundial"},"content":{"rendered":"<p><em>Fue creado para la protecci\u00f3n, conservaci\u00f3n y salvaguardia del patrimonio cultural y natural de la subregi\u00f3n de M\u00e9xico, Centroam\u00e9rica y el Caribe<\/em><!--more--><\/p>\n<p>Esta semana el director general del Instituto Nacional de Antropolog\u00eda e Historia (INAH), Diego Prieto Hern\u00e1ndez, y el gobernador de Zacatecas, Alejandro Tello Cristerna, firmaron un convenio de colaboraci\u00f3n para impulsar la operaci\u00f3n y el funcionamiento del Instituto Regional de Patrimonio Mundial, Categor\u00eda 2 de la UNESCO.<\/p>\n<p>Mediante un comunicado el INAH inform\u00f3 que este recinto con sede en dicha entidad, fue creado para la protecci\u00f3n, conservaci\u00f3n y salvaguardia del patrimonio cultural y natural de la subregi\u00f3n de M\u00e9xico, Centroam\u00e9rica y el Caribe.<\/p>\n<p>Adem\u00e1s, con este acuerdo se establece el compromiso de sumar esfuerzos, recursos y capacidades en el \u00e1mbito de sus respectivas competencias y de conformidad con lo previsto por la normatividad vigente.<\/p>\n<p>Esto, a fin de establecer las bases que coadyuvar\u00e1n a la definici\u00f3n y planeaci\u00f3n de los programas que ejecutar\u00e1 el Instituto Regional, cuyos prop\u00f3sitos son la investigaci\u00f3n, conservaci\u00f3n y difusi\u00f3n de los sitios inscritos en la Lista de Patrimonio Mundial de la UNESCO, localizados en M\u00e9xico y los Estados miembros de la subregi\u00f3n de Centroam\u00e9rica y el Caribe.<\/p>\n<p>Al respecto, el titular del INAH se\u00f1al\u00f3 que el convenio da testimonio perdurable de los compromisos que ambos asumieron y que deber\u00e1n poner en marcha para conseguir los objetivos del Instituto Regional, vinculados con la implementaci\u00f3n de la Convenci\u00f3n de Patrimonio Mundial creada en 1972, particularmente en acciones de asesoramiento, capacitaci\u00f3n, investigaci\u00f3n, difusi\u00f3n y gesti\u00f3n de sitios declarados por la UNESCO; intercambio de informaci\u00f3n y experiencias, as\u00ed como el mejoramiento de habilidades para la preparaci\u00f3n de nominaciones a la Lista de Patrimonio Mundial.<\/p>\n<p>Cabe recordar que fue en a\u00f1o 2009 cuando se aprob\u00f3 la creaci\u00f3n de once centros Categor\u00eda 2 en el mundo, siendo Zacatecas el capetado como sede para la atenci\u00f3n del Patrimonio Mundial del \u00e1rea de M\u00e9xico, Centroam\u00e9rica y el Caribe, tras una votaci\u00f3n un\u00e1nime de los 197 Estados que integraron la Comisi\u00f3n de Cultura en dicha reuni\u00f3n.<\/p>\n<p>Diego Prieto record\u00f3 que M\u00e9xico posee un rico y extenso legado cultural, y ocupa un lugar distinguido en el concierto de naciones en cuanto a bienes inscritos en la Lista de Patrimonio Mundial, siendo el pa\u00eds del continente americano con mayor n\u00famero de sitios, mismos que se encuentra entre los diez primeros a nivel mundial con 34 declarados, de los cuales 27 son culturales, seis naturales, y uno mixto.<\/p>\n<p>Adem\u00e1s, destac\u00f3 que Zacatecas cuenta con dos distinciones como Patrimonio Mundial: la primera data de 1993, cuando se inscribi\u00f3 a su Centro Hist\u00f3rico, y la segunda de 2010, como parte del Camino Real de Tierra Adentro en la categor\u00eda de Itinerario Cultural, que incluye nuevamente al Centro Hist\u00f3rico y al Colegio de Nuestra Se\u00f1ora de Guadalupe de Propaganda Fide, actualmente sede del Museo de Guadalupe.<\/p>\n<p>Por su parte, el gobernador de Zacatecas, Alejandro Tello Cristerna, refrend\u00f3 su compromiso de convertir a la entidad en ejemplo y referente mundial en conservaci\u00f3n y protecci\u00f3n del patrimonio cultural.<\/p>\n<p>Para ello, dijo, es necesario contar con elementos que permitan definir la operaci\u00f3n del Instituto Regional, as\u00ed como emitir un reglamento interno que estructure su funcionamiento, prop\u00f3sito por el cual se suscribe el convenio, que ser\u00e1 un instrumento jur\u00eddico que permitir\u00e1 la colaboraci\u00f3n entre el INAH y el Gobierno del Estado de Zacatecas.<\/p>\n","protected":false},"excerpt":{"rendered":"<p>Fue creado para la protecci\u00f3n, conservaci\u00f3n y salvaguardia del patrimonio cultural y natural de la subregi\u00f3n de M\u00e9xico, Centroam\u00e9rica y el Caribe<\/p>\n","protected":false},"author":9,"featured_media":51428,"comment_status":"open","ping_status":"closed","sticky":false,"template":"","format":"standard","meta":{"om_disable_all_campaigns":false,"inline_featured_image":false,"_monsterinsights_skip_tracking":false,"_monsterinsights_sitenote_active":false,"_monsterinsights_sitenote_note":"","_monsterinsights_sitenote_category":0,"footnotes":""},"categories":[81],"tags":[671,3263,659],"class_list":["post-51427","post","type-post","status-publish","format-standard","has-post-thumbnail","hentry","category-arquitectura-2","tag-inah","tag-patrimonio","tag-zacatecas"],"yoast_head":"<!-- This site is optimized with the Yoast SEO plugin v27.4 - https:\/\/yoast.com\/product\/yoast-seo-wordpress\/ -->\n<title>El INAH y Zacatecas impulsar\u00e1n al Instituto Regional de Patrimonio Mundial<\/title>\n<meta name=\"description\" content=\"Fue creado para la protecci\u00f3n, conservaci\u00f3n y salvaguardia del patrimonio cultural y natural de la subregi\u00f3n de M\u00e9xico, Centroam\u00e9rica y el Caribe Esta\" \/>\n<meta name=\"robots\" content=\"index, follow, max-snippet:-1, max-image-preview:large, max-video-preview:-1\" \/>\n<link rel=\"canonical\" href=\"https:\/\/centrourbano.com\/revista\/arquitectura-2\/inah-zacatecas-impulsaran-al-instituto-regional-patrimonio-mundial\/\" \/>\n<meta property=\"og:locale\" content=\"es_ES\" \/>\n<meta property=\"og:type\" content=\"article\" \/>\n<meta property=\"og:title\" content=\"El INAH y Zacatecas impulsar\u00e1n al Instituto Regional de Patrimonio Mundial\" \/>\n<meta property=\"og:description\" content=\"Fue creado para la protecci\u00f3n, conservaci\u00f3n y salvaguardia del patrimonio cultural y natural de la subregi\u00f3n de M\u00e9xico, Centroam\u00e9rica y el Caribe Esta\" \/>\n<meta property=\"og:url\" content=\"https:\/\/centrourbano.com\/revista\/arquitectura-2\/inah-zacatecas-impulsaran-al-instituto-regional-patrimonio-mundial\/\" \/>\n<meta property=\"og:site_name\" content=\"Centro Urbano\" \/>\n<meta property=\"article:publisher\" content=\"https:\/\/www.facebook.com\/portalcentrourbano\" \/>\n<meta property=\"article:published_time\" content=\"2017-04-03T14:58:27+00:00\" \/>\n<meta property=\"article:modified_time\" content=\"2017-04-03T21:36:29+00:00\" \/>\n<meta property=\"og:image\" content=\"https:\/\/centrourbano.com\/revista\/wp-content\/uploads\/foto_home-9.jpg\" \/>\n\t<meta property=\"og:image:width\" content=\"1500\" \/>\n\t<meta property=\"og:image:height\" content=\"1346\" \/>\n\t<meta property=\"og:image:type\" content=\"image\/jpeg\" \/>\n<meta name=\"author\" content=\"Dinorah Nava\" \/>\n<meta name=\"twitter:card\" content=\"summary_large_image\" \/>\n<meta name=\"twitter:creator\" content=\"@https:\/\/twitter.com\/Dinorah_Nava28\" \/>\n<meta name=\"twitter:site\" content=\"@CentroUrbano\" \/>\n<meta name=\"twitter:label1\" content=\"Escrito por\" \/>\n\t<meta name=\"twitter:data1\" content=\"Dinorah Nava\" \/>\n\t<meta name=\"twitter:label2\" content=\"Tiempo de lectura\" \/>\n\t<meta name=\"twitter:data2\" content=\"3 minutos\" \/>\n<script type=\"application\/ld+json\" class=\"yoast-schema-graph\">{\"@context\":\"https:\\\/\\\/schema.org\",\"@graph\":[{\"@type\":\"Article\",\"@id\":\"https:\\\/\\\/centrourbano.com\\\/revista\\\/arquitectura-2\\\/inah-zacatecas-impulsaran-al-instituto-regional-patrimonio-mundial\\\/#article\",\"isPartOf\":{\"@id\":\"https:\\\/\\\/centrourbano.com\\\/revista\\\/arquitectura-2\\\/inah-zacatecas-impulsaran-al-instituto-regional-patrimonio-mundial\\\/\"},\"author\":{\"name\":\"Dinorah Nava\",\"@id\":\"https:\\\/\\\/centrourbano.com\\\/revista\\\/#\\\/schema\\\/person\\\/b45db815d96831257ba428a3d5a5fbdc\"},\"headline\":\"El INAH y Zacatecas impulsar\u00e1n al Instituto Regional de Patrimonio Mundial\",\"datePublished\":\"2017-04-03T14:58:27+00:00\",\"dateModified\":\"2017-04-03T21:36:29+00:00\",\"mainEntityOfPage\":{\"@id\":\"https:\\\/\\\/centrourbano.com\\\/revista\\\/arquitectura-2\\\/inah-zacatecas-impulsaran-al-instituto-regional-patrimonio-mundial\\\/\"},\"wordCount\":614,\"commentCount\":0,\"publisher\":{\"@id\":\"https:\\\/\\\/centrourbano.com\\\/revista\\\/#organization\"},\"image\":{\"@id\":\"https:\\\/\\\/centrourbano.com\\\/revista\\\/arquitectura-2\\\/inah-zacatecas-impulsaran-al-instituto-regional-patrimonio-mundial\\\/#primaryimage\"},\"thumbnailUrl\":\"https:\\\/\\\/centrourbano.com\\\/revista\\\/wp-content\\\/uploads\\\/foto_home-9.jpg\",\"keywords\":[\"INAH\",\"patrimonio\",\"Zacatecas\"],\"articleSection\":[\"Arquitectura\"],\"inLanguage\":\"es\",\"potentialAction\":[{\"@type\":\"CommentAction\",\"name\":\"Comment\",\"target\":[\"https:\\\/\\\/centrourbano.com\\\/revista\\\/arquitectura-2\\\/inah-zacatecas-impulsaran-al-instituto-regional-patrimonio-mundial\\\/#respond\"]}]},{\"@type\":\"WebPage\",\"@id\":\"https:\\\/\\\/centrourbano.com\\\/revista\\\/arquitectura-2\\\/inah-zacatecas-impulsaran-al-instituto-regional-patrimonio-mundial\\\/\",\"url\":\"https:\\\/\\\/centrourbano.com\\\/revista\\\/arquitectura-2\\\/inah-zacatecas-impulsaran-al-instituto-regional-patrimonio-mundial\\\/\",\"name\":\"El INAH y Zacatecas impulsar\u00e1n al Instituto Regional de Patrimonio Mundial\",\"isPartOf\":{\"@id\":\"https:\\\/\\\/centrourbano.com\\\/revista\\\/#website\"},\"primaryImageOfPage\":{\"@id\":\"https:\\\/\\\/centrourbano.com\\\/revista\\\/arquitectura-2\\\/inah-zacatecas-impulsaran-al-instituto-regional-patrimonio-mundial\\\/#primaryimage\"},\"image\":{\"@id\":\"https:\\\/\\\/centrourbano.com\\\/revista\\\/arquitectura-2\\\/inah-zacatecas-impulsaran-al-instituto-regional-patrimonio-mundial\\\/#primaryimage\"},\"thumbnailUrl\":\"https:\\\/\\\/centrourbano.com\\\/revista\\\/wp-content\\\/uploads\\\/foto_home-9.jpg\",\"datePublished\":\"2017-04-03T14:58:27+00:00\",\"dateModified\":\"2017-04-03T21:36:29+00:00\",\"description\":\"Fue creado para la protecci\u00f3n, conservaci\u00f3n y salvaguardia del patrimonio cultural y natural de la subregi\u00f3n de M\u00e9xico, Centroam\u00e9rica y el Caribe Esta\",\"breadcrumb\":{\"@id\":\"https:\\\/\\\/centrourbano.com\\\/revista\\\/arquitectura-2\\\/inah-zacatecas-impulsaran-al-instituto-regional-patrimonio-mundial\\\/#breadcrumb\"},\"inLanguage\":\"es\",\"potentialAction\":[{\"@type\":\"ReadAction\",\"target\":[\"https:\\\/\\\/centrourbano.com\\\/revista\\\/arquitectura-2\\\/inah-zacatecas-impulsaran-al-instituto-regional-patrimonio-mundial\\\/\"]}]},{\"@type\":\"ImageObject\",\"inLanguage\":\"es\",\"@id\":\"https:\\\/\\\/centrourbano.com\\\/revista\\\/arquitectura-2\\\/inah-zacatecas-impulsaran-al-instituto-regional-patrimonio-mundial\\\/#primaryimage\",\"url\":\"https:\\\/\\\/centrourbano.com\\\/revista\\\/wp-content\\\/uploads\\\/foto_home-9.jpg\",\"contentUrl\":\"https:\\\/\\\/centrourbano.com\\\/revista\\\/wp-content\\\/uploads\\\/foto_home-9.jpg\",\"width\":1500,\"height\":1346,\"caption\":\"El INAH y Zacatecas impulsar\u00e1n al Instituto Regional de Patrimonio Mundial\"},{\"@type\":\"BreadcrumbList\",\"@id\":\"https:\\\/\\\/centrourbano.com\\\/revista\\\/arquitectura-2\\\/inah-zacatecas-impulsaran-al-instituto-regional-patrimonio-mundial\\\/#breadcrumb\",\"itemListElement\":[{\"@type\":\"ListItem\",\"position\":1,\"name\":\"Portada\",\"item\":\"https:\\\/\\\/centrourbano.com\\\/revista\\\/\"},{\"@type\":\"ListItem\",\"position\":2,\"name\":\"El INAH y Zacatecas impulsar\u00e1n al Instituto Regional de Patrimonio Mundial\"}]},{\"@type\":\"WebSite\",\"@id\":\"https:\\\/\\\/centrourbano.com\\\/revista\\\/#website\",\"url\":\"https:\\\/\\\/centrourbano.com\\\/revista\\\/\",\"name\":\"Centro Urbano\",\"description\":\"Medio especializado en los sectores vivienda, inmobiliario, construcci\u00f3n, arquitectura y urbanismo.\",\"publisher\":{\"@id\":\"https:\\\/\\\/centrourbano.com\\\/revista\\\/#organization\"},\"potentialAction\":[{\"@type\":\"SearchAction\",\"target\":{\"@type\":\"EntryPoint\",\"urlTemplate\":\"https:\\\/\\\/centrourbano.com\\\/revista\\\/?s={search_term_string}\"},\"query-input\":{\"@type\":\"PropertyValueSpecification\",\"valueRequired\":true,\"valueName\":\"search_term_string\"}}],\"inLanguage\":\"es\"},{\"@type\":\"Organization\",\"@id\":\"https:\\\/\\\/centrourbano.com\\\/revista\\\/#organization\",\"name\":\"Centro Urbano\",\"url\":\"https:\\\/\\\/centrourbano.com\\\/revista\\\/\",\"logo\":{\"@type\":\"ImageObject\",\"inLanguage\":\"es\",\"@id\":\"https:\\\/\\\/centrourbano.com\\\/revista\\\/#\\\/schema\\\/logo\\\/image\\\/\",\"url\":\"https:\\\/\\\/centrourbano.com\\\/revista\\\/wp-content\\\/uploads\\\/web_CU_logo-1.png\",\"contentUrl\":\"https:\\\/\\\/centrourbano.com\\\/revista\\\/wp-content\\\/uploads\\\/web_CU_logo-1.png\",\"width\":350,\"height\":91,\"caption\":\"Centro Urbano\"},\"image\":{\"@id\":\"https:\\\/\\\/centrourbano.com\\\/revista\\\/#\\\/schema\\\/logo\\\/image\\\/\"},\"sameAs\":[\"https:\\\/\\\/www.facebook.com\\\/portalcentrourbano\",\"https:\\\/\\\/x.com\\\/CentroUrbano\",\"https:\\\/\\\/www.instagram.com\\\/centro_urbano\\\/\",\"https:\\\/\\\/www.linkedin.com\\\/company\\\/centro-urbano\\\/\",\"http:\\\/\\\/www.youtube.com\\\/user\\\/portalcentrourbano\"]},{\"@type\":\"Person\",\"@id\":\"https:\\\/\\\/centrourbano.com\\\/revista\\\/#\\\/schema\\\/person\\\/b45db815d96831257ba428a3d5a5fbdc\",\"name\":\"Dinorah Nava\",\"image\":{\"@type\":\"ImageObject\",\"inLanguage\":\"es\",\"@id\":\"https:\\\/\\\/secure.gravatar.com\\\/avatar\\\/f6ca6430c51d147f363940f84e1225aa4b8183885c11802cc3b042305a4ecc1a?s=96&d=mm&r=g\",\"url\":\"https:\\\/\\\/secure.gravatar.com\\\/avatar\\\/f6ca6430c51d147f363940f84e1225aa4b8183885c11802cc3b042305a4ecc1a?s=96&d=mm&r=g\",\"contentUrl\":\"https:\\\/\\\/secure.gravatar.com\\\/avatar\\\/f6ca6430c51d147f363940f84e1225aa4b8183885c11802cc3b042305a4ecc1a?s=96&d=mm&r=g\",\"caption\":\"Dinorah Nava\"},\"description\":\"Editora de Contenidos y Estrategias Digitales en Centro Urbano y Coeditora en Peri\u00f3dico Mi Casa. Egresada de la licenciatura en Comunicaci\u00f3n y Periodismo de la Facultad de Estudios Superiores Arag\u00f3n (UNAM). Amante de la edici\u00f3n y correcci\u00f3n de estilo, las redes sociales y el mundo digital. Especialista en temas son arquitectura, inmobiliario y urbanismo.\",\"sameAs\":[\"linkedin.com\\\/in\\\/dinorah-nava\",\"https:\\\/\\\/x.com\\\/https:\\\/\\\/twitter.com\\\/Dinorah_Nava28\"],\"url\":\"https:\\\/\\\/centrourbano.com\\\/revista\\\/author\\\/dinorah-nava\\\/\"}]}<\/script>\n<!-- \/ Yoast SEO plugin. -->","yoast_head_json":{"title":"El INAH y Zacatecas impulsar\u00e1n al Instituto Regional de Patrimonio Mundial","description":"Fue creado para la protecci\u00f3n, conservaci\u00f3n y salvaguardia del patrimonio cultural y natural de la subregi\u00f3n de M\u00e9xico, Centroam\u00e9rica y el Caribe Esta","robots":{"index":"index","follow":"follow","max-snippet":"max-snippet:-1","max-image-preview":"max-image-preview:large","max-video-preview":"max-video-preview:-1"},"canonical":"https:\/\/centrourbano.com\/revista\/arquitectura-2\/inah-zacatecas-impulsaran-al-instituto-regional-patrimonio-mundial\/","og_locale":"es_ES","og_type":"article","og_title":"El INAH y Zacatecas impulsar\u00e1n al Instituto Regional de Patrimonio Mundial","og_description":"Fue creado para la protecci\u00f3n, conservaci\u00f3n y salvaguardia del patrimonio cultural y natural de la subregi\u00f3n de M\u00e9xico, Centroam\u00e9rica y el Caribe Esta","og_url":"https:\/\/centrourbano.com\/revista\/arquitectura-2\/inah-zacatecas-impulsaran-al-instituto-regional-patrimonio-mundial\/","og_site_name":"Centro Urbano","article_publisher":"https:\/\/www.facebook.com\/portalcentrourbano","article_published_time":"2017-04-03T14:58:27+00:00","article_modified_time":"2017-04-03T21:36:29+00:00","og_image":[{"width":1500,"height":1346,"url":"https:\/\/centrourbano.com\/revista\/wp-content\/uploads\/foto_home-9.jpg","type":"image\/jpeg"}],"author":"Dinorah Nava","twitter_card":"summary_large_image","twitter_creator":"@https:\/\/twitter.com\/Dinorah_Nava28","twitter_site":"@CentroUrbano","twitter_misc":{"Escrito por":"Dinorah Nava","Tiempo de lectura":"3 minutos"},"schema":{"@context":"https:\/\/schema.org","@graph":[{"@type":"Article","@id":"https:\/\/centrourbano.com\/revista\/arquitectura-2\/inah-zacatecas-impulsaran-al-instituto-regional-patrimonio-mundial\/#article","isPartOf":{"@id":"https:\/\/centrourbano.com\/revista\/arquitectura-2\/inah-zacatecas-impulsaran-al-instituto-regional-patrimonio-mundial\/"},"author":{"name":"Dinorah Nava","@id":"https:\/\/centrourbano.com\/revista\/#\/schema\/person\/b45db815d96831257ba428a3d5a5fbdc"},"headline":"El INAH y Zacatecas impulsar\u00e1n al Instituto Regional de Patrimonio Mundial","datePublished":"2017-04-03T14:58:27+00:00","dateModified":"2017-04-03T21:36:29+00:00","mainEntityOfPage":{"@id":"https:\/\/centrourbano.com\/revista\/arquitectura-2\/inah-zacatecas-impulsaran-al-instituto-regional-patrimonio-mundial\/"},"wordCount":614,"commentCount":0,"publisher":{"@id":"https:\/\/centrourbano.com\/revista\/#organization"},"image":{"@id":"https:\/\/centrourbano.com\/revista\/arquitectura-2\/inah-zacatecas-impulsaran-al-instituto-regional-patrimonio-mundial\/#primaryimage"},"thumbnailUrl":"https:\/\/centrourbano.com\/revista\/wp-content\/uploads\/foto_home-9.jpg","keywords":["INAH","patrimonio","Zacatecas"],"articleSection":["Arquitectura"],"inLanguage":"es","potentialAction":[{"@type":"CommentAction","name":"Comment","target":["https:\/\/centrourbano.com\/revista\/arquitectura-2\/inah-zacatecas-impulsaran-al-instituto-regional-patrimonio-mundial\/#respond"]}]},{"@type":"WebPage","@id":"https:\/\/centrourbano.com\/revista\/arquitectura-2\/inah-zacatecas-impulsaran-al-instituto-regional-patrimonio-mundial\/","url":"https:\/\/centrourbano.com\/revista\/arquitectura-2\/inah-zacatecas-impulsaran-al-instituto-regional-patrimonio-mundial\/","name":"El INAH y Zacatecas impulsar\u00e1n al Instituto Regional de Patrimonio Mundial","isPartOf":{"@id":"https:\/\/centrourbano.com\/revista\/#website"},"primaryImageOfPage":{"@id":"https:\/\/centrourbano.com\/revista\/arquitectura-2\/inah-zacatecas-impulsaran-al-instituto-regional-patrimonio-mundial\/#primaryimage"},"image":{"@id":"https:\/\/centrourbano.com\/revista\/arquitectura-2\/inah-zacatecas-impulsaran-al-instituto-regional-patrimonio-mundial\/#primaryimage"},"thumbnailUrl":"https:\/\/centrourbano.com\/revista\/wp-content\/uploads\/foto_home-9.jpg","datePublished":"2017-04-03T14:58:27+00:00","dateModified":"2017-04-03T21:36:29+00:00","description":"Fue creado para la protecci\u00f3n, conservaci\u00f3n y salvaguardia del patrimonio cultural y natural de la subregi\u00f3n de M\u00e9xico, Centroam\u00e9rica y el Caribe Esta","breadcrumb":{"@id":"https:\/\/centrourbano.com\/revista\/arquitectura-2\/inah-zacatecas-impulsaran-al-instituto-regional-patrimonio-mundial\/#breadcrumb"},"inLanguage":"es","potentialAction":[{"@type":"ReadAction","target":["https:\/\/centrourbano.com\/revista\/arquitectura-2\/inah-zacatecas-impulsaran-al-instituto-regional-patrimonio-mundial\/"]}]},{"@type":"ImageObject","inLanguage":"es","@id":"https:\/\/centrourbano.com\/revista\/arquitectura-2\/inah-zacatecas-impulsaran-al-instituto-regional-patrimonio-mundial\/#primaryimage","url":"https:\/\/centrourbano.com\/revista\/wp-content\/uploads\/foto_home-9.jpg","contentUrl":"https:\/\/centrourbano.com\/revista\/wp-content\/uploads\/foto_home-9.jpg","width":1500,"height":1346,"caption":"El INAH y Zacatecas impulsar\u00e1n al Instituto Regional de Patrimonio Mundial"},{"@type":"BreadcrumbList","@id":"https:\/\/centrourbano.com\/revista\/arquitectura-2\/inah-zacatecas-impulsaran-al-instituto-regional-patrimonio-mundial\/#breadcrumb","itemListElement":[{"@type":"ListItem","position":1,"name":"Portada","item":"https:\/\/centrourbano.com\/revista\/"},{"@type":"ListItem","position":2,"name":"El INAH y Zacatecas impulsar\u00e1n al Instituto Regional de Patrimonio Mundial"}]},{"@type":"WebSite","@id":"https:\/\/centrourbano.com\/revista\/#website","url":"https:\/\/centrourbano.com\/revista\/","name":"Centro Urbano","description":"Medio especializado en los sectores vivienda, inmobiliario, construcci\u00f3n, arquitectura y urbanismo.","publisher":{"@id":"https:\/\/centrourbano.com\/revista\/#organization"},"potentialAction":[{"@type":"SearchAction","target":{"@type":"EntryPoint","urlTemplate":"https:\/\/centrourbano.com\/revista\/?s={search_term_string}"},"query-input":{"@type":"PropertyValueSpecification","valueRequired":true,"valueName":"search_term_string"}}],"inLanguage":"es"},{"@type":"Organization","@id":"https:\/\/centrourbano.com\/revista\/#organization","name":"Centro Urbano","url":"https:\/\/centrourbano.com\/revista\/","logo":{"@type":"ImageObject","inLanguage":"es","@id":"https:\/\/centrourbano.com\/revista\/#\/schema\/logo\/image\/","url":"https:\/\/centrourbano.com\/revista\/wp-content\/uploads\/web_CU_logo-1.png","contentUrl":"https:\/\/centrourbano.com\/revista\/wp-content\/uploads\/web_CU_logo-1.png","width":350,"height":91,"caption":"Centro Urbano"},"image":{"@id":"https:\/\/centrourbano.com\/revista\/#\/schema\/logo\/image\/"},"sameAs":["https:\/\/www.facebook.com\/portalcentrourbano","https:\/\/x.com\/CentroUrbano","https:\/\/www.instagram.com\/centro_urbano\/","https:\/\/www.linkedin.com\/company\/centro-urbano\/","http:\/\/www.youtube.com\/user\/portalcentrourbano"]},{"@type":"Person","@id":"https:\/\/centrourbano.com\/revista\/#\/schema\/person\/b45db815d96831257ba428a3d5a5fbdc","name":"Dinorah Nava","image":{"@type":"ImageObject","inLanguage":"es","@id":"https:\/\/secure.gravatar.com\/avatar\/f6ca6430c51d147f363940f84e1225aa4b8183885c11802cc3b042305a4ecc1a?s=96&d=mm&r=g","url":"https:\/\/secure.gravatar.com\/avatar\/f6ca6430c51d147f363940f84e1225aa4b8183885c11802cc3b042305a4ecc1a?s=96&d=mm&r=g","contentUrl":"https:\/\/secure.gravatar.com\/avatar\/f6ca6430c51d147f363940f84e1225aa4b8183885c11802cc3b042305a4ecc1a?s=96&d=mm&r=g","caption":"Dinorah Nava"},"description":"Editora de Contenidos y Estrategias Digitales en Centro Urbano y Coeditora en Peri\u00f3dico Mi Casa. Egresada de la licenciatura en Comunicaci\u00f3n y Periodismo de la Facultad de Estudios Superiores Arag\u00f3n (UNAM). Amante de la edici\u00f3n y correcci\u00f3n de estilo, las redes sociales y el mundo digital. Especialista en temas son arquitectura, inmobiliario y urbanismo.","sameAs":["linkedin.com\/in\/dinorah-nava","https:\/\/x.com\/https:\/\/twitter.com\/Dinorah_Nava28"],"url":"https:\/\/centrourbano.com\/revista\/author\/dinorah-nava\/"}]}},"_links":{"self":[{"href":"https:\/\/centrourbano.com\/revista\/wp-json\/wp\/v2\/posts\/51427","targetHints":{"allow":["GET"]}}],"collection":[{"href":"https:\/\/centrourbano.com\/revista\/wp-json\/wp\/v2\/posts"}],"about":[{"href":"https:\/\/centrourbano.com\/revista\/wp-json\/wp\/v2\/types\/post"}],"author":[{"embeddable":true,"href":"https:\/\/centrourbano.com\/revista\/wp-json\/wp\/v2\/users\/9"}],"replies":[{"embeddable":true,"href":"https:\/\/centrourbano.com\/revista\/wp-json\/wp\/v2\/comments?post=51427"}],"version-history":[{"count":0,"href":"https:\/\/centrourbano.com\/revista\/wp-json\/wp\/v2\/posts\/51427\/revisions"}],"wp:featuredmedia":[{"embeddable":true,"href":"https:\/\/centrourbano.com\/revista\/wp-json\/wp\/v2\/media\/51428"}],"wp:attachment":[{"href":"https:\/\/centrourbano.com\/revista\/wp-json\/wp\/v2\/media?parent=51427"}],"wp:term":[{"taxonomy":"category","embeddable":true,"href":"https:\/\/centrourbano.com\/revista\/wp-json\/wp\/v2\/categories?post=51427"},{"taxonomy":"post_tag","embeddable":true,"href":"https:\/\/centrourbano.com\/revista\/wp-json\/wp\/v2\/tags?post=51427"}],"curies":[{"name":"wp","href":"https:\/\/api.w.org\/{rel}","templated":true}]}}