{"id":51228,"date":"2017-03-29T15:00:32","date_gmt":"2017-03-29T21:00:32","guid":{"rendered":"https:\/\/centrourbano.com\/?p=51228"},"modified":"2017-03-29T16:57:37","modified_gmt":"2017-03-29T22:57:37","slug":"cdmx-nueva-ley-vivienda-reportaje-centro-urbano-radio","status":"publish","type":"post","link":"https:\/\/centrourbano.com\/revista\/reportajes\/cdmx-nueva-ley-vivienda-reportaje-centro-urbano-radio\/","title":{"rendered":"CDMX tiene nueva Ley de Vivienda-Reportaje Centro Urbano Radio"},"content":{"rendered":"<p><iframe loading=\"lazy\" title=\"Promulgaci\u00f3n de la Ley de Vivienda\" width=\"500\" height=\"281\" src=\"https:\/\/www.youtube.com\/embed\/jeVCRpBtz6E?feature=oembed\" frameborder=\"0\" allow=\"accelerometer; autoplay; clipboard-write; encrypted-media; gyroscope; picture-in-picture; web-share\" referrerpolicy=\"strict-origin-when-cross-origin\" allowfullscreen><\/iframe><\/p>\n<p>Escuchanos todos los martes de 5 a 6 de la tarde \u00a1No te lo pierdas!<\/p>\n<p>Conoce m\u00e1s en nuestra publicaci\u00f3n digital<br \/>\n[button_link size=\u00bbmedium\u00bb src=\u00bbhttps:\/\/centrourbano.com\/suscripciones\u00bb]suscr\u00edbete aqu\u00ed[\/button_link]<\/p>\n","protected":false},"excerpt":{"rendered":"<p>Escuchanos todos los martes de 5 a 6 de la tarde \u00a1No te lo pierdas! Conoce m\u00e1s en nuestra publicaci\u00f3n digital [button_link size=\u00bbmedium\u00bb src=\u00bbhttps:\/\/centrourbano.com\/suscripciones\u00bb]suscr\u00edbete aqu\u00ed[\/button_link]<\/p>\n","protected":false},"author":47,"featured_media":51214,"comment_status":"open","ping_status":"closed","sticky":false,"template":"","format":"standard","meta":{"om_disable_all_campaigns":false,"inline_featured_image":false,"_monsterinsights_skip_tracking":false,"_monsterinsights_sitenote_active":false,"_monsterinsights_sitenote_note":"","_monsterinsights_sitenote_category":0,"footnotes":""},"categories":[16],"tags":[],"class_list":["post-51228","post","type-post","status-publish","format-standard","has-post-thumbnail","hentry","category-reportajes"],"yoast_head":"<!-- This site is optimized with the Yoast SEO plugin v27.4 - https:\/\/yoast.com\/product\/yoast-seo-wordpress\/ -->\n<title>CDMX tiene nueva Ley de Vivienda-Reportaje Centro Urbano Radio -<\/title>\n<meta name=\"description\" content=\"Escuchanos todos los martes de 5 a 6 de la tarde \u00a1No te lo pierdas!  Conoce m\u00e1s en nuestra publicaci\u00f3n digital suscr\u00edbete aqu\u00ed\" \/>\n<meta name=\"robots\" content=\"index, follow, max-snippet:-1, max-image-preview:large, max-video-preview:-1\" \/>\n<link rel=\"canonical\" href=\"https:\/\/centrourbano.com\/revista\/reportajes\/cdmx-nueva-ley-vivienda-reportaje-centro-urbano-radio\/\" \/>\n<meta property=\"og:locale\" content=\"es_ES\" \/>\n<meta property=\"og:type\" content=\"article\" \/>\n<meta property=\"og:title\" content=\"CDMX tiene nueva Ley de Vivienda-Reportaje Centro Urbano Radio -\" \/>\n<meta property=\"og:description\" content=\"Escuchanos todos los martes de 5 a 6 de la tarde \u00a1No te lo pierdas!  Conoce m\u00e1s en nuestra publicaci\u00f3n digital suscr\u00edbete aqu\u00ed\" \/>\n<meta property=\"og:url\" content=\"https:\/\/centrourbano.com\/revista\/reportajes\/cdmx-nueva-ley-vivienda-reportaje-centro-urbano-radio\/\" \/>\n<meta property=\"og:site_name\" content=\"Centro Urbano\" \/>\n<meta property=\"article:publisher\" content=\"https:\/\/www.facebook.com\/portalcentrourbano\" \/>\n<meta property=\"article:published_time\" content=\"2017-03-29T21:00:32+00:00\" \/>\n<meta property=\"article:modified_time\" content=\"2017-03-29T22:57:37+00:00\" \/>\n<meta property=\"og:image\" content=\"https:\/\/centrourbano.com\/revista\/wp-content\/uploads\/LeyVivienda_Mancera_CU.jpeg\" \/>\n\t<meta property=\"og:image:width\" content=\"800\" \/>\n\t<meta property=\"og:image:height\" content=\"533\" \/>\n\t<meta property=\"og:image:type\" content=\"image\/jpeg\" \/>\n<meta name=\"author\" content=\"Edgar Rosas\" \/>\n<meta name=\"twitter:card\" content=\"summary_large_image\" \/>\n<meta name=\"twitter:creator\" content=\"@https:\/\/twitter.com\/ERosasCU?s=09\" \/>\n<meta name=\"twitter:site\" content=\"@CentroUrbano\" \/>\n<meta name=\"twitter:label1\" content=\"Escrito por\" \/>\n\t<meta name=\"twitter:data1\" content=\"Edgar Rosas\" \/>\n<script type=\"application\/ld+json\" class=\"yoast-schema-graph\">{\"@context\":\"https:\\\/\\\/schema.org\",\"@graph\":[{\"@type\":\"Article\",\"@id\":\"https:\\\/\\\/centrourbano.com\\\/revista\\\/reportajes\\\/cdmx-nueva-ley-vivienda-reportaje-centro-urbano-radio\\\/#article\",\"isPartOf\":{\"@id\":\"https:\\\/\\\/centrourbano.com\\\/revista\\\/reportajes\\\/cdmx-nueva-ley-vivienda-reportaje-centro-urbano-radio\\\/\"},\"author\":{\"name\":\"Edgar Rosas\",\"@id\":\"https:\\\/\\\/centrourbano.com\\\/revista\\\/#\\\/schema\\\/person\\\/ff3c00651ce5b1630479d2cd0c2e3ac0\"},\"headline\":\"CDMX tiene nueva Ley de Vivienda-Reportaje Centro Urbano Radio\",\"datePublished\":\"2017-03-29T21:00:32+00:00\",\"dateModified\":\"2017-03-29T22:57:37+00:00\",\"mainEntityOfPage\":{\"@id\":\"https:\\\/\\\/centrourbano.com\\\/revista\\\/reportajes\\\/cdmx-nueva-ley-vivienda-reportaje-centro-urbano-radio\\\/\"},\"wordCount\":57,\"commentCount\":0,\"publisher\":{\"@id\":\"https:\\\/\\\/centrourbano.com\\\/revista\\\/#organization\"},\"image\":{\"@id\":\"https:\\\/\\\/centrourbano.com\\\/revista\\\/reportajes\\\/cdmx-nueva-ley-vivienda-reportaje-centro-urbano-radio\\\/#primaryimage\"},\"thumbnailUrl\":\"https:\\\/\\\/centrourbano.com\\\/revista\\\/wp-content\\\/uploads\\\/LeyVivienda_Mancera_CU.jpeg\",\"articleSection\":[\"Reportajes\"],\"inLanguage\":\"es\",\"potentialAction\":[{\"@type\":\"CommentAction\",\"name\":\"Comment\",\"target\":[\"https:\\\/\\\/centrourbano.com\\\/revista\\\/reportajes\\\/cdmx-nueva-ley-vivienda-reportaje-centro-urbano-radio\\\/#respond\"]}]},{\"@type\":\"WebPage\",\"@id\":\"https:\\\/\\\/centrourbano.com\\\/revista\\\/reportajes\\\/cdmx-nueva-ley-vivienda-reportaje-centro-urbano-radio\\\/\",\"url\":\"https:\\\/\\\/centrourbano.com\\\/revista\\\/reportajes\\\/cdmx-nueva-ley-vivienda-reportaje-centro-urbano-radio\\\/\",\"name\":\"CDMX tiene nueva Ley de Vivienda-Reportaje Centro Urbano Radio -\",\"isPartOf\":{\"@id\":\"https:\\\/\\\/centrourbano.com\\\/revista\\\/#website\"},\"primaryImageOfPage\":{\"@id\":\"https:\\\/\\\/centrourbano.com\\\/revista\\\/reportajes\\\/cdmx-nueva-ley-vivienda-reportaje-centro-urbano-radio\\\/#primaryimage\"},\"image\":{\"@id\":\"https:\\\/\\\/centrourbano.com\\\/revista\\\/reportajes\\\/cdmx-nueva-ley-vivienda-reportaje-centro-urbano-radio\\\/#primaryimage\"},\"thumbnailUrl\":\"https:\\\/\\\/centrourbano.com\\\/revista\\\/wp-content\\\/uploads\\\/LeyVivienda_Mancera_CU.jpeg\",\"datePublished\":\"2017-03-29T21:00:32+00:00\",\"dateModified\":\"2017-03-29T22:57:37+00:00\",\"description\":\"Escuchanos todos los martes de 5 a 6 de la tarde \u00a1No te lo pierdas! Conoce m\u00e1s en nuestra publicaci\u00f3n digital suscr\u00edbete aqu\u00ed\",\"breadcrumb\":{\"@id\":\"https:\\\/\\\/centrourbano.com\\\/revista\\\/reportajes\\\/cdmx-nueva-ley-vivienda-reportaje-centro-urbano-radio\\\/#breadcrumb\"},\"inLanguage\":\"es\",\"potentialAction\":[{\"@type\":\"ReadAction\",\"target\":[\"https:\\\/\\\/centrourbano.com\\\/revista\\\/reportajes\\\/cdmx-nueva-ley-vivienda-reportaje-centro-urbano-radio\\\/\"]}]},{\"@type\":\"ImageObject\",\"inLanguage\":\"es\",\"@id\":\"https:\\\/\\\/centrourbano.com\\\/revista\\\/reportajes\\\/cdmx-nueva-ley-vivienda-reportaje-centro-urbano-radio\\\/#primaryimage\",\"url\":\"https:\\\/\\\/centrourbano.com\\\/revista\\\/wp-content\\\/uploads\\\/LeyVivienda_Mancera_CU.jpeg\",\"contentUrl\":\"https:\\\/\\\/centrourbano.com\\\/revista\\\/wp-content\\\/uploads\\\/LeyVivienda_Mancera_CU.jpeg\",\"width\":800,\"height\":533,\"caption\":\"Luego de un largo proceso legislativo, el jefe de gobierno de la Ciudad de M\u00e9xico promulg\u00f3 la nueva legislaci\u00f3n que busca ordenar la pol\u00edtica de vivienda en la materia y ofrecer soluciones habitacionales a la poblaci\u00f3n capitalina\"},{\"@type\":\"BreadcrumbList\",\"@id\":\"https:\\\/\\\/centrourbano.com\\\/revista\\\/reportajes\\\/cdmx-nueva-ley-vivienda-reportaje-centro-urbano-radio\\\/#breadcrumb\",\"itemListElement\":[{\"@type\":\"ListItem\",\"position\":1,\"name\":\"Portada\",\"item\":\"https:\\\/\\\/centrourbano.com\\\/revista\\\/\"},{\"@type\":\"ListItem\",\"position\":2,\"name\":\"CDMX tiene nueva Ley de Vivienda-Reportaje Centro Urbano Radio\"}]},{\"@type\":\"WebSite\",\"@id\":\"https:\\\/\\\/centrourbano.com\\\/revista\\\/#website\",\"url\":\"https:\\\/\\\/centrourbano.com\\\/revista\\\/\",\"name\":\"Centro Urbano\",\"description\":\"Medio especializado en los sectores vivienda, inmobiliario, construcci\u00f3n, arquitectura y urbanismo.\",\"publisher\":{\"@id\":\"https:\\\/\\\/centrourbano.com\\\/revista\\\/#organization\"},\"potentialAction\":[{\"@type\":\"SearchAction\",\"target\":{\"@type\":\"EntryPoint\",\"urlTemplate\":\"https:\\\/\\\/centrourbano.com\\\/revista\\\/?s={search_term_string}\"},\"query-input\":{\"@type\":\"PropertyValueSpecification\",\"valueRequired\":true,\"valueName\":\"search_term_string\"}}],\"inLanguage\":\"es\"},{\"@type\":\"Organization\",\"@id\":\"https:\\\/\\\/centrourbano.com\\\/revista\\\/#organization\",\"name\":\"Centro Urbano\",\"url\":\"https:\\\/\\\/centrourbano.com\\\/revista\\\/\",\"logo\":{\"@type\":\"ImageObject\",\"inLanguage\":\"es\",\"@id\":\"https:\\\/\\\/centrourbano.com\\\/revista\\\/#\\\/schema\\\/logo\\\/image\\\/\",\"url\":\"https:\\\/\\\/centrourbano.com\\\/revista\\\/wp-content\\\/uploads\\\/web_CU_logo-1.png\",\"contentUrl\":\"https:\\\/\\\/centrourbano.com\\\/revista\\\/wp-content\\\/uploads\\\/web_CU_logo-1.png\",\"width\":350,\"height\":91,\"caption\":\"Centro Urbano\"},\"image\":{\"@id\":\"https:\\\/\\\/centrourbano.com\\\/revista\\\/#\\\/schema\\\/logo\\\/image\\\/\"},\"sameAs\":[\"https:\\\/\\\/www.facebook.com\\\/portalcentrourbano\",\"https:\\\/\\\/x.com\\\/CentroUrbano\",\"https:\\\/\\\/www.instagram.com\\\/centro_urbano\\\/\",\"https:\\\/\\\/www.linkedin.com\\\/company\\\/centro-urbano\\\/\",\"http:\\\/\\\/www.youtube.com\\\/user\\\/portalcentrourbano\"]},{\"@type\":\"Person\",\"@id\":\"https:\\\/\\\/centrourbano.com\\\/revista\\\/#\\\/schema\\\/person\\\/ff3c00651ce5b1630479d2cd0c2e3ac0\",\"name\":\"Edgar Rosas\",\"image\":{\"@type\":\"ImageObject\",\"inLanguage\":\"es\",\"@id\":\"https:\\\/\\\/secure.gravatar.com\\\/avatar\\\/94440c4283495211faa5300bf85e80061036b83fced868c3783aa1310b350d9c?s=96&d=mm&r=g\",\"url\":\"https:\\\/\\\/secure.gravatar.com\\\/avatar\\\/94440c4283495211faa5300bf85e80061036b83fced868c3783aa1310b350d9c?s=96&d=mm&r=g\",\"contentUrl\":\"https:\\\/\\\/secure.gravatar.com\\\/avatar\\\/94440c4283495211faa5300bf85e80061036b83fced868c3783aa1310b350d9c?s=96&d=mm&r=g\",\"caption\":\"Edgar Rosas\"},\"description\":\"Editor en Jefe de Centro Urbano. Egresado de la maestr\u00eda en Periodismo Pol\u00edtico de la Escuela de Periodismo Carlos Septi\u00e9n Garc\u00eda (EPCSG). Estudi\u00f3 la licenciatura en Comunicaci\u00f3n en la Universidad Mexicana. Amante de la cr\u00f3nica y el reportaje. Admirador de Vicente Le\u00f1ero y Miguel \u00c1ngel Granados Chapa.\",\"sameAs\":[\"https:\\\/\\\/x.com\\\/https:\\\/\\\/twitter.com\\\/ERosasCU?s=09\"],\"url\":\"https:\\\/\\\/centrourbano.com\\\/revista\\\/author\\\/edgar-rosas\\\/\"}]}<\/script>\n<!-- \/ Yoast SEO plugin. -->","yoast_head_json":{"title":"CDMX tiene nueva Ley de Vivienda-Reportaje Centro Urbano Radio -","description":"Escuchanos todos los martes de 5 a 6 de la tarde \u00a1No te lo pierdas!  Conoce m\u00e1s en nuestra publicaci\u00f3n digital suscr\u00edbete aqu\u00ed","robots":{"index":"index","follow":"follow","max-snippet":"max-snippet:-1","max-image-preview":"max-image-preview:large","max-video-preview":"max-video-preview:-1"},"canonical":"https:\/\/centrourbano.com\/revista\/reportajes\/cdmx-nueva-ley-vivienda-reportaje-centro-urbano-radio\/","og_locale":"es_ES","og_type":"article","og_title":"CDMX tiene nueva Ley de Vivienda-Reportaje Centro Urbano Radio -","og_description":"Escuchanos todos los martes de 5 a 6 de la tarde \u00a1No te lo pierdas!  Conoce m\u00e1s en nuestra publicaci\u00f3n digital suscr\u00edbete aqu\u00ed","og_url":"https:\/\/centrourbano.com\/revista\/reportajes\/cdmx-nueva-ley-vivienda-reportaje-centro-urbano-radio\/","og_site_name":"Centro Urbano","article_publisher":"https:\/\/www.facebook.com\/portalcentrourbano","article_published_time":"2017-03-29T21:00:32+00:00","article_modified_time":"2017-03-29T22:57:37+00:00","og_image":[{"width":800,"height":533,"url":"https:\/\/centrourbano.com\/revista\/wp-content\/uploads\/LeyVivienda_Mancera_CU.jpeg","type":"image\/jpeg"}],"author":"Edgar Rosas","twitter_card":"summary_large_image","twitter_creator":"@https:\/\/twitter.com\/ERosasCU?s=09","twitter_site":"@CentroUrbano","twitter_misc":{"Escrito por":"Edgar Rosas"},"schema":{"@context":"https:\/\/schema.org","@graph":[{"@type":"Article","@id":"https:\/\/centrourbano.com\/revista\/reportajes\/cdmx-nueva-ley-vivienda-reportaje-centro-urbano-radio\/#article","isPartOf":{"@id":"https:\/\/centrourbano.com\/revista\/reportajes\/cdmx-nueva-ley-vivienda-reportaje-centro-urbano-radio\/"},"author":{"name":"Edgar Rosas","@id":"https:\/\/centrourbano.com\/revista\/#\/schema\/person\/ff3c00651ce5b1630479d2cd0c2e3ac0"},"headline":"CDMX tiene nueva Ley de Vivienda-Reportaje Centro Urbano Radio","datePublished":"2017-03-29T21:00:32+00:00","dateModified":"2017-03-29T22:57:37+00:00","mainEntityOfPage":{"@id":"https:\/\/centrourbano.com\/revista\/reportajes\/cdmx-nueva-ley-vivienda-reportaje-centro-urbano-radio\/"},"wordCount":57,"commentCount":0,"publisher":{"@id":"https:\/\/centrourbano.com\/revista\/#organization"},"image":{"@id":"https:\/\/centrourbano.com\/revista\/reportajes\/cdmx-nueva-ley-vivienda-reportaje-centro-urbano-radio\/#primaryimage"},"thumbnailUrl":"https:\/\/centrourbano.com\/revista\/wp-content\/uploads\/LeyVivienda_Mancera_CU.jpeg","articleSection":["Reportajes"],"inLanguage":"es","potentialAction":[{"@type":"CommentAction","name":"Comment","target":["https:\/\/centrourbano.com\/revista\/reportajes\/cdmx-nueva-ley-vivienda-reportaje-centro-urbano-radio\/#respond"]}]},{"@type":"WebPage","@id":"https:\/\/centrourbano.com\/revista\/reportajes\/cdmx-nueva-ley-vivienda-reportaje-centro-urbano-radio\/","url":"https:\/\/centrourbano.com\/revista\/reportajes\/cdmx-nueva-ley-vivienda-reportaje-centro-urbano-radio\/","name":"CDMX tiene nueva Ley de Vivienda-Reportaje Centro Urbano Radio -","isPartOf":{"@id":"https:\/\/centrourbano.com\/revista\/#website"},"primaryImageOfPage":{"@id":"https:\/\/centrourbano.com\/revista\/reportajes\/cdmx-nueva-ley-vivienda-reportaje-centro-urbano-radio\/#primaryimage"},"image":{"@id":"https:\/\/centrourbano.com\/revista\/reportajes\/cdmx-nueva-ley-vivienda-reportaje-centro-urbano-radio\/#primaryimage"},"thumbnailUrl":"https:\/\/centrourbano.com\/revista\/wp-content\/uploads\/LeyVivienda_Mancera_CU.jpeg","datePublished":"2017-03-29T21:00:32+00:00","dateModified":"2017-03-29T22:57:37+00:00","description":"Escuchanos todos los martes de 5 a 6 de la tarde \u00a1No te lo pierdas! Conoce m\u00e1s en nuestra publicaci\u00f3n digital suscr\u00edbete aqu\u00ed","breadcrumb":{"@id":"https:\/\/centrourbano.com\/revista\/reportajes\/cdmx-nueva-ley-vivienda-reportaje-centro-urbano-radio\/#breadcrumb"},"inLanguage":"es","potentialAction":[{"@type":"ReadAction","target":["https:\/\/centrourbano.com\/revista\/reportajes\/cdmx-nueva-ley-vivienda-reportaje-centro-urbano-radio\/"]}]},{"@type":"ImageObject","inLanguage":"es","@id":"https:\/\/centrourbano.com\/revista\/reportajes\/cdmx-nueva-ley-vivienda-reportaje-centro-urbano-radio\/#primaryimage","url":"https:\/\/centrourbano.com\/revista\/wp-content\/uploads\/LeyVivienda_Mancera_CU.jpeg","contentUrl":"https:\/\/centrourbano.com\/revista\/wp-content\/uploads\/LeyVivienda_Mancera_CU.jpeg","width":800,"height":533,"caption":"Luego de un largo proceso legislativo, el jefe de gobierno de la Ciudad de M\u00e9xico promulg\u00f3 la nueva legislaci\u00f3n que busca ordenar la pol\u00edtica de vivienda en la materia y ofrecer soluciones habitacionales a la poblaci\u00f3n capitalina"},{"@type":"BreadcrumbList","@id":"https:\/\/centrourbano.com\/revista\/reportajes\/cdmx-nueva-ley-vivienda-reportaje-centro-urbano-radio\/#breadcrumb","itemListElement":[{"@type":"ListItem","position":1,"name":"Portada","item":"https:\/\/centrourbano.com\/revista\/"},{"@type":"ListItem","position":2,"name":"CDMX tiene nueva Ley de Vivienda-Reportaje Centro Urbano Radio"}]},{"@type":"WebSite","@id":"https:\/\/centrourbano.com\/revista\/#website","url":"https:\/\/centrourbano.com\/revista\/","name":"Centro Urbano","description":"Medio especializado en los sectores vivienda, inmobiliario, construcci\u00f3n, arquitectura y urbanismo.","publisher":{"@id":"https:\/\/centrourbano.com\/revista\/#organization"},"potentialAction":[{"@type":"SearchAction","target":{"@type":"EntryPoint","urlTemplate":"https:\/\/centrourbano.com\/revista\/?s={search_term_string}"},"query-input":{"@type":"PropertyValueSpecification","valueRequired":true,"valueName":"search_term_string"}}],"inLanguage":"es"},{"@type":"Organization","@id":"https:\/\/centrourbano.com\/revista\/#organization","name":"Centro Urbano","url":"https:\/\/centrourbano.com\/revista\/","logo":{"@type":"ImageObject","inLanguage":"es","@id":"https:\/\/centrourbano.com\/revista\/#\/schema\/logo\/image\/","url":"https:\/\/centrourbano.com\/revista\/wp-content\/uploads\/web_CU_logo-1.png","contentUrl":"https:\/\/centrourbano.com\/revista\/wp-content\/uploads\/web_CU_logo-1.png","width":350,"height":91,"caption":"Centro Urbano"},"image":{"@id":"https:\/\/centrourbano.com\/revista\/#\/schema\/logo\/image\/"},"sameAs":["https:\/\/www.facebook.com\/portalcentrourbano","https:\/\/x.com\/CentroUrbano","https:\/\/www.instagram.com\/centro_urbano\/","https:\/\/www.linkedin.com\/company\/centro-urbano\/","http:\/\/www.youtube.com\/user\/portalcentrourbano"]},{"@type":"Person","@id":"https:\/\/centrourbano.com\/revista\/#\/schema\/person\/ff3c00651ce5b1630479d2cd0c2e3ac0","name":"Edgar Rosas","image":{"@type":"ImageObject","inLanguage":"es","@id":"https:\/\/secure.gravatar.com\/avatar\/94440c4283495211faa5300bf85e80061036b83fced868c3783aa1310b350d9c?s=96&d=mm&r=g","url":"https:\/\/secure.gravatar.com\/avatar\/94440c4283495211faa5300bf85e80061036b83fced868c3783aa1310b350d9c?s=96&d=mm&r=g","contentUrl":"https:\/\/secure.gravatar.com\/avatar\/94440c4283495211faa5300bf85e80061036b83fced868c3783aa1310b350d9c?s=96&d=mm&r=g","caption":"Edgar Rosas"},"description":"Editor en Jefe de Centro Urbano. Egresado de la maestr\u00eda en Periodismo Pol\u00edtico de la Escuela de Periodismo Carlos Septi\u00e9n Garc\u00eda (EPCSG). Estudi\u00f3 la licenciatura en Comunicaci\u00f3n en la Universidad Mexicana. Amante de la cr\u00f3nica y el reportaje. Admirador de Vicente Le\u00f1ero y Miguel \u00c1ngel Granados Chapa.","sameAs":["https:\/\/x.com\/https:\/\/twitter.com\/ERosasCU?s=09"],"url":"https:\/\/centrourbano.com\/revista\/author\/edgar-rosas\/"}]}},"_links":{"self":[{"href":"https:\/\/centrourbano.com\/revista\/wp-json\/wp\/v2\/posts\/51228","targetHints":{"allow":["GET"]}}],"collection":[{"href":"https:\/\/centrourbano.com\/revista\/wp-json\/wp\/v2\/posts"}],"about":[{"href":"https:\/\/centrourbano.com\/revista\/wp-json\/wp\/v2\/types\/post"}],"author":[{"embeddable":true,"href":"https:\/\/centrourbano.com\/revista\/wp-json\/wp\/v2\/users\/47"}],"replies":[{"embeddable":true,"href":"https:\/\/centrourbano.com\/revista\/wp-json\/wp\/v2\/comments?post=51228"}],"version-history":[{"count":0,"href":"https:\/\/centrourbano.com\/revista\/wp-json\/wp\/v2\/posts\/51228\/revisions"}],"wp:featuredmedia":[{"embeddable":true,"href":"https:\/\/centrourbano.com\/revista\/wp-json\/wp\/v2\/media\/51214"}],"wp:attachment":[{"href":"https:\/\/centrourbano.com\/revista\/wp-json\/wp\/v2\/media?parent=51228"}],"wp:term":[{"taxonomy":"category","embeddable":true,"href":"https:\/\/centrourbano.com\/revista\/wp-json\/wp\/v2\/categories?post=51228"},{"taxonomy":"post_tag","embeddable":true,"href":"https:\/\/centrourbano.com\/revista\/wp-json\/wp\/v2\/tags?post=51228"}],"curies":[{"name":"wp","href":"https:\/\/api.w.org\/{rel}","templated":true}]}}