{"id":51189,"date":"2017-03-28T19:00:58","date_gmt":"2017-03-29T01:00:58","guid":{"rendered":"https:\/\/centrourbano.com\/?p=51189"},"modified":"2017-03-29T13:53:21","modified_gmt":"2017-03-29T19:53:21","slug":"nuevo-estadio-los-raiders-disenado-manica-architecture","status":"publish","type":"post","link":"https:\/\/centrourbano.com\/revista\/arquitectura-2\/nuevo-estadio-los-raiders-disenado-manica-architecture\/","title":{"rendered":"Nuevo estadio de los Raiders, dise\u00f1ado por Manica Architecture"},"content":{"rendered":"<p><em>El proyecto contempla espacio para usos mixtos <\/em><!--more--><\/p>\n<p>Techo transparente, capacidad para 65,000 asistentes, y c\u00e9sped retr\u00e1ctil, son las caracter\u00edsticas del inmueble que ser\u00e1 la nueva casa de los Raiders, en las Vegas, Nevada, proyecto dise\u00f1ado por la firma Manica Architecture. <\/p>\n<p>La construcci\u00f3n del inmueble costar\u00e1 1,900 millones de d\u00f3lares y contar\u00e1 con aire acondicionado, adem\u00e1s de un sistema de asientos en forma de herradura que permitir\u00e1 ofrecr una vista de la ciudad por el extremo norte del estadio. <\/p>\n<p>El complejo abovedado contar\u00e1 con una torre de aproximadamente 36 metros de altura en donde se colocar\u00e1 un caldero, elemento que servir\u00e1 para honrar a Al David, ex entrenador y propietario de este equipo. <\/p>\n<p>El inmueble podr\u00e1 albergar hasta 8,000 autos y contar\u00e1 con espacio de usos mixtos. <\/p>\n<p>Cabe mencionar que la firma es la responsable del proyecto de remodelaci\u00f3n del estadio del Barcelona, as\u00ed como el proyecto del estadio de San Diego, casa de los Cargadores. <\/p>\n","protected":false},"excerpt":{"rendered":"<p>El proyecto contempla espacio para usos mixtos<\/p>\n","protected":false},"author":47,"featured_media":51208,"comment_status":"open","ping_status":"closed","sticky":false,"template":"","format":"standard","meta":{"om_disable_all_campaigns":false,"inline_featured_image":false,"_monsterinsights_skip_tracking":false,"_monsterinsights_sitenote_active":false,"_monsterinsights_sitenote_note":"","_monsterinsights_sitenote_category":0,"footnotes":""},"categories":[81],"tags":[9865,9864],"class_list":["post-51189","post","type-post","status-publish","format-standard","has-post-thumbnail","hentry","category-arquitectura-2","tag-manica-architecture","tag-raider"],"yoast_head":"<!-- This site is optimized with the Yoast SEO plugin v27.4 - https:\/\/yoast.com\/product\/yoast-seo-wordpress\/ -->\n<title>Nuevo estadio de los Raiders, dise\u00f1ado por Manica Architecture -<\/title>\n<meta name=\"description\" content=\"El proyecto contempla espacio para usos mixtos Techo transparente, capacidad para 65,000 asistentes, y c\u00e9sped retr\u00e1ctil, son las caracter\u00edsticas del\" \/>\n<meta name=\"robots\" content=\"index, follow, max-snippet:-1, max-image-preview:large, max-video-preview:-1\" \/>\n<link rel=\"canonical\" href=\"https:\/\/centrourbano.com\/revista\/arquitectura-2\/nuevo-estadio-los-raiders-disenado-manica-architecture\/\" \/>\n<meta property=\"og:locale\" content=\"es_ES\" \/>\n<meta property=\"og:type\" content=\"article\" \/>\n<meta property=\"og:title\" content=\"Nuevo estadio de los Raiders, dise\u00f1ado por Manica Architecture -\" \/>\n<meta property=\"og:description\" content=\"El proyecto contempla espacio para usos mixtos Techo transparente, capacidad para 65,000 asistentes, y c\u00e9sped retr\u00e1ctil, son las caracter\u00edsticas del\" \/>\n<meta property=\"og:url\" content=\"https:\/\/centrourbano.com\/revista\/arquitectura-2\/nuevo-estadio-los-raiders-disenado-manica-architecture\/\" \/>\n<meta property=\"og:site_name\" content=\"Centro Urbano\" \/>\n<meta property=\"article:publisher\" content=\"https:\/\/www.facebook.com\/portalcentrourbano\" \/>\n<meta property=\"article:published_time\" content=\"2017-03-29T01:00:58+00:00\" \/>\n<meta property=\"article:modified_time\" content=\"2017-03-29T19:53:21+00:00\" \/>\n<meta property=\"og:image\" content=\"https:\/\/centrourbano.com\/revista\/wp-content\/uploads\/estadio-raiders20170328140335.jpg\" \/>\n\t<meta property=\"og:image:width\" content=\"659\" \/>\n\t<meta property=\"og:image:height\" content=\"462\" \/>\n\t<meta property=\"og:image:type\" content=\"image\/jpeg\" \/>\n<meta name=\"author\" content=\"Edgar Rosas\" \/>\n<meta name=\"twitter:card\" content=\"summary_large_image\" \/>\n<meta name=\"twitter:creator\" content=\"@https:\/\/twitter.com\/ERosasCU?s=09\" \/>\n<meta name=\"twitter:site\" content=\"@CentroUrbano\" \/>\n<meta name=\"twitter:label1\" content=\"Escrito por\" \/>\n\t<meta name=\"twitter:data1\" content=\"Edgar Rosas\" \/>\n\t<meta name=\"twitter:label2\" content=\"Tiempo de lectura\" \/>\n\t<meta name=\"twitter:data2\" content=\"1 minuto\" \/>\n<script type=\"application\/ld+json\" class=\"yoast-schema-graph\">{\"@context\":\"https:\\\/\\\/schema.org\",\"@graph\":[{\"@type\":\"Article\",\"@id\":\"https:\\\/\\\/centrourbano.com\\\/revista\\\/arquitectura-2\\\/nuevo-estadio-los-raiders-disenado-manica-architecture\\\/#article\",\"isPartOf\":{\"@id\":\"https:\\\/\\\/centrourbano.com\\\/revista\\\/arquitectura-2\\\/nuevo-estadio-los-raiders-disenado-manica-architecture\\\/\"},\"author\":{\"name\":\"Edgar Rosas\",\"@id\":\"https:\\\/\\\/centrourbano.com\\\/revista\\\/#\\\/schema\\\/person\\\/ff3c00651ce5b1630479d2cd0c2e3ac0\"},\"headline\":\"Nuevo estadio de los Raiders, dise\u00f1ado por Manica Architecture\",\"datePublished\":\"2017-03-29T01:00:58+00:00\",\"dateModified\":\"2017-03-29T19:53:21+00:00\",\"mainEntityOfPage\":{\"@id\":\"https:\\\/\\\/centrourbano.com\\\/revista\\\/arquitectura-2\\\/nuevo-estadio-los-raiders-disenado-manica-architecture\\\/\"},\"wordCount\":169,\"commentCount\":0,\"publisher\":{\"@id\":\"https:\\\/\\\/centrourbano.com\\\/revista\\\/#organization\"},\"image\":{\"@id\":\"https:\\\/\\\/centrourbano.com\\\/revista\\\/arquitectura-2\\\/nuevo-estadio-los-raiders-disenado-manica-architecture\\\/#primaryimage\"},\"thumbnailUrl\":\"https:\\\/\\\/centrourbano.com\\\/revista\\\/wp-content\\\/uploads\\\/estadio-raiders20170328140335.jpg\",\"keywords\":[\"Manica Architecture\",\"Raider\"],\"articleSection\":[\"Arquitectura\"],\"inLanguage\":\"es\",\"potentialAction\":[{\"@type\":\"CommentAction\",\"name\":\"Comment\",\"target\":[\"https:\\\/\\\/centrourbano.com\\\/revista\\\/arquitectura-2\\\/nuevo-estadio-los-raiders-disenado-manica-architecture\\\/#respond\"]}]},{\"@type\":\"WebPage\",\"@id\":\"https:\\\/\\\/centrourbano.com\\\/revista\\\/arquitectura-2\\\/nuevo-estadio-los-raiders-disenado-manica-architecture\\\/\",\"url\":\"https:\\\/\\\/centrourbano.com\\\/revista\\\/arquitectura-2\\\/nuevo-estadio-los-raiders-disenado-manica-architecture\\\/\",\"name\":\"Nuevo estadio de los Raiders, dise\u00f1ado por Manica Architecture -\",\"isPartOf\":{\"@id\":\"https:\\\/\\\/centrourbano.com\\\/revista\\\/#website\"},\"primaryImageOfPage\":{\"@id\":\"https:\\\/\\\/centrourbano.com\\\/revista\\\/arquitectura-2\\\/nuevo-estadio-los-raiders-disenado-manica-architecture\\\/#primaryimage\"},\"image\":{\"@id\":\"https:\\\/\\\/centrourbano.com\\\/revista\\\/arquitectura-2\\\/nuevo-estadio-los-raiders-disenado-manica-architecture\\\/#primaryimage\"},\"thumbnailUrl\":\"https:\\\/\\\/centrourbano.com\\\/revista\\\/wp-content\\\/uploads\\\/estadio-raiders20170328140335.jpg\",\"datePublished\":\"2017-03-29T01:00:58+00:00\",\"dateModified\":\"2017-03-29T19:53:21+00:00\",\"description\":\"El proyecto contempla espacio para usos mixtos Techo transparente, capacidad para 65,000 asistentes, y c\u00e9sped retr\u00e1ctil, son las caracter\u00edsticas del\",\"breadcrumb\":{\"@id\":\"https:\\\/\\\/centrourbano.com\\\/revista\\\/arquitectura-2\\\/nuevo-estadio-los-raiders-disenado-manica-architecture\\\/#breadcrumb\"},\"inLanguage\":\"es\",\"potentialAction\":[{\"@type\":\"ReadAction\",\"target\":[\"https:\\\/\\\/centrourbano.com\\\/revista\\\/arquitectura-2\\\/nuevo-estadio-los-raiders-disenado-manica-architecture\\\/\"]}]},{\"@type\":\"ImageObject\",\"inLanguage\":\"es\",\"@id\":\"https:\\\/\\\/centrourbano.com\\\/revista\\\/arquitectura-2\\\/nuevo-estadio-los-raiders-disenado-manica-architecture\\\/#primaryimage\",\"url\":\"https:\\\/\\\/centrourbano.com\\\/revista\\\/wp-content\\\/uploads\\\/estadio-raiders20170328140335.jpg\",\"contentUrl\":\"https:\\\/\\\/centrourbano.com\\\/revista\\\/wp-content\\\/uploads\\\/estadio-raiders20170328140335.jpg\",\"width\":659,\"height\":462,\"caption\":\"Nuevo estadio de los Raiders, dise\u00f1ado por Manica Architecture\"},{\"@type\":\"BreadcrumbList\",\"@id\":\"https:\\\/\\\/centrourbano.com\\\/revista\\\/arquitectura-2\\\/nuevo-estadio-los-raiders-disenado-manica-architecture\\\/#breadcrumb\",\"itemListElement\":[{\"@type\":\"ListItem\",\"position\":1,\"name\":\"Portada\",\"item\":\"https:\\\/\\\/centrourbano.com\\\/revista\\\/\"},{\"@type\":\"ListItem\",\"position\":2,\"name\":\"Nuevo estadio de los Raiders, dise\u00f1ado por Manica Architecture\"}]},{\"@type\":\"WebSite\",\"@id\":\"https:\\\/\\\/centrourbano.com\\\/revista\\\/#website\",\"url\":\"https:\\\/\\\/centrourbano.com\\\/revista\\\/\",\"name\":\"Centro Urbano\",\"description\":\"Medio especializado en los sectores vivienda, inmobiliario, construcci\u00f3n, arquitectura y urbanismo.\",\"publisher\":{\"@id\":\"https:\\\/\\\/centrourbano.com\\\/revista\\\/#organization\"},\"potentialAction\":[{\"@type\":\"SearchAction\",\"target\":{\"@type\":\"EntryPoint\",\"urlTemplate\":\"https:\\\/\\\/centrourbano.com\\\/revista\\\/?s={search_term_string}\"},\"query-input\":{\"@type\":\"PropertyValueSpecification\",\"valueRequired\":true,\"valueName\":\"search_term_string\"}}],\"inLanguage\":\"es\"},{\"@type\":\"Organization\",\"@id\":\"https:\\\/\\\/centrourbano.com\\\/revista\\\/#organization\",\"name\":\"Centro Urbano\",\"url\":\"https:\\\/\\\/centrourbano.com\\\/revista\\\/\",\"logo\":{\"@type\":\"ImageObject\",\"inLanguage\":\"es\",\"@id\":\"https:\\\/\\\/centrourbano.com\\\/revista\\\/#\\\/schema\\\/logo\\\/image\\\/\",\"url\":\"https:\\\/\\\/centrourbano.com\\\/revista\\\/wp-content\\\/uploads\\\/web_CU_logo-1.png\",\"contentUrl\":\"https:\\\/\\\/centrourbano.com\\\/revista\\\/wp-content\\\/uploads\\\/web_CU_logo-1.png\",\"width\":350,\"height\":91,\"caption\":\"Centro Urbano\"},\"image\":{\"@id\":\"https:\\\/\\\/centrourbano.com\\\/revista\\\/#\\\/schema\\\/logo\\\/image\\\/\"},\"sameAs\":[\"https:\\\/\\\/www.facebook.com\\\/portalcentrourbano\",\"https:\\\/\\\/x.com\\\/CentroUrbano\",\"https:\\\/\\\/www.instagram.com\\\/centro_urbano\\\/\",\"https:\\\/\\\/www.linkedin.com\\\/company\\\/centro-urbano\\\/\",\"http:\\\/\\\/www.youtube.com\\\/user\\\/portalcentrourbano\"]},{\"@type\":\"Person\",\"@id\":\"https:\\\/\\\/centrourbano.com\\\/revista\\\/#\\\/schema\\\/person\\\/ff3c00651ce5b1630479d2cd0c2e3ac0\",\"name\":\"Edgar Rosas\",\"image\":{\"@type\":\"ImageObject\",\"inLanguage\":\"es\",\"@id\":\"https:\\\/\\\/secure.gravatar.com\\\/avatar\\\/94440c4283495211faa5300bf85e80061036b83fced868c3783aa1310b350d9c?s=96&d=mm&r=g\",\"url\":\"https:\\\/\\\/secure.gravatar.com\\\/avatar\\\/94440c4283495211faa5300bf85e80061036b83fced868c3783aa1310b350d9c?s=96&d=mm&r=g\",\"contentUrl\":\"https:\\\/\\\/secure.gravatar.com\\\/avatar\\\/94440c4283495211faa5300bf85e80061036b83fced868c3783aa1310b350d9c?s=96&d=mm&r=g\",\"caption\":\"Edgar Rosas\"},\"description\":\"Editor en Jefe de Centro Urbano. Egresado de la maestr\u00eda en Periodismo Pol\u00edtico de la Escuela de Periodismo Carlos Septi\u00e9n Garc\u00eda (EPCSG). Estudi\u00f3 la licenciatura en Comunicaci\u00f3n en la Universidad Mexicana. Amante de la cr\u00f3nica y el reportaje. Admirador de Vicente Le\u00f1ero y Miguel \u00c1ngel Granados Chapa.\",\"sameAs\":[\"https:\\\/\\\/x.com\\\/https:\\\/\\\/twitter.com\\\/ERosasCU?s=09\"],\"url\":\"https:\\\/\\\/centrourbano.com\\\/revista\\\/author\\\/edgar-rosas\\\/\"}]}<\/script>\n<!-- \/ Yoast SEO plugin. -->","yoast_head_json":{"title":"Nuevo estadio de los Raiders, dise\u00f1ado por Manica Architecture -","description":"El proyecto contempla espacio para usos mixtos Techo transparente, capacidad para 65,000 asistentes, y c\u00e9sped retr\u00e1ctil, son las caracter\u00edsticas del","robots":{"index":"index","follow":"follow","max-snippet":"max-snippet:-1","max-image-preview":"max-image-preview:large","max-video-preview":"max-video-preview:-1"},"canonical":"https:\/\/centrourbano.com\/revista\/arquitectura-2\/nuevo-estadio-los-raiders-disenado-manica-architecture\/","og_locale":"es_ES","og_type":"article","og_title":"Nuevo estadio de los Raiders, dise\u00f1ado por Manica Architecture -","og_description":"El proyecto contempla espacio para usos mixtos Techo transparente, capacidad para 65,000 asistentes, y c\u00e9sped retr\u00e1ctil, son las caracter\u00edsticas del","og_url":"https:\/\/centrourbano.com\/revista\/arquitectura-2\/nuevo-estadio-los-raiders-disenado-manica-architecture\/","og_site_name":"Centro Urbano","article_publisher":"https:\/\/www.facebook.com\/portalcentrourbano","article_published_time":"2017-03-29T01:00:58+00:00","article_modified_time":"2017-03-29T19:53:21+00:00","og_image":[{"width":659,"height":462,"url":"https:\/\/centrourbano.com\/revista\/wp-content\/uploads\/estadio-raiders20170328140335.jpg","type":"image\/jpeg"}],"author":"Edgar Rosas","twitter_card":"summary_large_image","twitter_creator":"@https:\/\/twitter.com\/ERosasCU?s=09","twitter_site":"@CentroUrbano","twitter_misc":{"Escrito por":"Edgar Rosas","Tiempo de lectura":"1 minuto"},"schema":{"@context":"https:\/\/schema.org","@graph":[{"@type":"Article","@id":"https:\/\/centrourbano.com\/revista\/arquitectura-2\/nuevo-estadio-los-raiders-disenado-manica-architecture\/#article","isPartOf":{"@id":"https:\/\/centrourbano.com\/revista\/arquitectura-2\/nuevo-estadio-los-raiders-disenado-manica-architecture\/"},"author":{"name":"Edgar Rosas","@id":"https:\/\/centrourbano.com\/revista\/#\/schema\/person\/ff3c00651ce5b1630479d2cd0c2e3ac0"},"headline":"Nuevo estadio de los Raiders, dise\u00f1ado por Manica Architecture","datePublished":"2017-03-29T01:00:58+00:00","dateModified":"2017-03-29T19:53:21+00:00","mainEntityOfPage":{"@id":"https:\/\/centrourbano.com\/revista\/arquitectura-2\/nuevo-estadio-los-raiders-disenado-manica-architecture\/"},"wordCount":169,"commentCount":0,"publisher":{"@id":"https:\/\/centrourbano.com\/revista\/#organization"},"image":{"@id":"https:\/\/centrourbano.com\/revista\/arquitectura-2\/nuevo-estadio-los-raiders-disenado-manica-architecture\/#primaryimage"},"thumbnailUrl":"https:\/\/centrourbano.com\/revista\/wp-content\/uploads\/estadio-raiders20170328140335.jpg","keywords":["Manica Architecture","Raider"],"articleSection":["Arquitectura"],"inLanguage":"es","potentialAction":[{"@type":"CommentAction","name":"Comment","target":["https:\/\/centrourbano.com\/revista\/arquitectura-2\/nuevo-estadio-los-raiders-disenado-manica-architecture\/#respond"]}]},{"@type":"WebPage","@id":"https:\/\/centrourbano.com\/revista\/arquitectura-2\/nuevo-estadio-los-raiders-disenado-manica-architecture\/","url":"https:\/\/centrourbano.com\/revista\/arquitectura-2\/nuevo-estadio-los-raiders-disenado-manica-architecture\/","name":"Nuevo estadio de los Raiders, dise\u00f1ado por Manica Architecture -","isPartOf":{"@id":"https:\/\/centrourbano.com\/revista\/#website"},"primaryImageOfPage":{"@id":"https:\/\/centrourbano.com\/revista\/arquitectura-2\/nuevo-estadio-los-raiders-disenado-manica-architecture\/#primaryimage"},"image":{"@id":"https:\/\/centrourbano.com\/revista\/arquitectura-2\/nuevo-estadio-los-raiders-disenado-manica-architecture\/#primaryimage"},"thumbnailUrl":"https:\/\/centrourbano.com\/revista\/wp-content\/uploads\/estadio-raiders20170328140335.jpg","datePublished":"2017-03-29T01:00:58+00:00","dateModified":"2017-03-29T19:53:21+00:00","description":"El proyecto contempla espacio para usos mixtos Techo transparente, capacidad para 65,000 asistentes, y c\u00e9sped retr\u00e1ctil, son las caracter\u00edsticas del","breadcrumb":{"@id":"https:\/\/centrourbano.com\/revista\/arquitectura-2\/nuevo-estadio-los-raiders-disenado-manica-architecture\/#breadcrumb"},"inLanguage":"es","potentialAction":[{"@type":"ReadAction","target":["https:\/\/centrourbano.com\/revista\/arquitectura-2\/nuevo-estadio-los-raiders-disenado-manica-architecture\/"]}]},{"@type":"ImageObject","inLanguage":"es","@id":"https:\/\/centrourbano.com\/revista\/arquitectura-2\/nuevo-estadio-los-raiders-disenado-manica-architecture\/#primaryimage","url":"https:\/\/centrourbano.com\/revista\/wp-content\/uploads\/estadio-raiders20170328140335.jpg","contentUrl":"https:\/\/centrourbano.com\/revista\/wp-content\/uploads\/estadio-raiders20170328140335.jpg","width":659,"height":462,"caption":"Nuevo estadio de los Raiders, dise\u00f1ado por Manica Architecture"},{"@type":"BreadcrumbList","@id":"https:\/\/centrourbano.com\/revista\/arquitectura-2\/nuevo-estadio-los-raiders-disenado-manica-architecture\/#breadcrumb","itemListElement":[{"@type":"ListItem","position":1,"name":"Portada","item":"https:\/\/centrourbano.com\/revista\/"},{"@type":"ListItem","position":2,"name":"Nuevo estadio de los Raiders, dise\u00f1ado por Manica Architecture"}]},{"@type":"WebSite","@id":"https:\/\/centrourbano.com\/revista\/#website","url":"https:\/\/centrourbano.com\/revista\/","name":"Centro Urbano","description":"Medio especializado en los sectores vivienda, inmobiliario, construcci\u00f3n, arquitectura y urbanismo.","publisher":{"@id":"https:\/\/centrourbano.com\/revista\/#organization"},"potentialAction":[{"@type":"SearchAction","target":{"@type":"EntryPoint","urlTemplate":"https:\/\/centrourbano.com\/revista\/?s={search_term_string}"},"query-input":{"@type":"PropertyValueSpecification","valueRequired":true,"valueName":"search_term_string"}}],"inLanguage":"es"},{"@type":"Organization","@id":"https:\/\/centrourbano.com\/revista\/#organization","name":"Centro Urbano","url":"https:\/\/centrourbano.com\/revista\/","logo":{"@type":"ImageObject","inLanguage":"es","@id":"https:\/\/centrourbano.com\/revista\/#\/schema\/logo\/image\/","url":"https:\/\/centrourbano.com\/revista\/wp-content\/uploads\/web_CU_logo-1.png","contentUrl":"https:\/\/centrourbano.com\/revista\/wp-content\/uploads\/web_CU_logo-1.png","width":350,"height":91,"caption":"Centro Urbano"},"image":{"@id":"https:\/\/centrourbano.com\/revista\/#\/schema\/logo\/image\/"},"sameAs":["https:\/\/www.facebook.com\/portalcentrourbano","https:\/\/x.com\/CentroUrbano","https:\/\/www.instagram.com\/centro_urbano\/","https:\/\/www.linkedin.com\/company\/centro-urbano\/","http:\/\/www.youtube.com\/user\/portalcentrourbano"]},{"@type":"Person","@id":"https:\/\/centrourbano.com\/revista\/#\/schema\/person\/ff3c00651ce5b1630479d2cd0c2e3ac0","name":"Edgar Rosas","image":{"@type":"ImageObject","inLanguage":"es","@id":"https:\/\/secure.gravatar.com\/avatar\/94440c4283495211faa5300bf85e80061036b83fced868c3783aa1310b350d9c?s=96&d=mm&r=g","url":"https:\/\/secure.gravatar.com\/avatar\/94440c4283495211faa5300bf85e80061036b83fced868c3783aa1310b350d9c?s=96&d=mm&r=g","contentUrl":"https:\/\/secure.gravatar.com\/avatar\/94440c4283495211faa5300bf85e80061036b83fced868c3783aa1310b350d9c?s=96&d=mm&r=g","caption":"Edgar Rosas"},"description":"Editor en Jefe de Centro Urbano. Egresado de la maestr\u00eda en Periodismo Pol\u00edtico de la Escuela de Periodismo Carlos Septi\u00e9n Garc\u00eda (EPCSG). Estudi\u00f3 la licenciatura en Comunicaci\u00f3n en la Universidad Mexicana. Amante de la cr\u00f3nica y el reportaje. Admirador de Vicente Le\u00f1ero y Miguel \u00c1ngel Granados Chapa.","sameAs":["https:\/\/x.com\/https:\/\/twitter.com\/ERosasCU?s=09"],"url":"https:\/\/centrourbano.com\/revista\/author\/edgar-rosas\/"}]}},"_links":{"self":[{"href":"https:\/\/centrourbano.com\/revista\/wp-json\/wp\/v2\/posts\/51189","targetHints":{"allow":["GET"]}}],"collection":[{"href":"https:\/\/centrourbano.com\/revista\/wp-json\/wp\/v2\/posts"}],"about":[{"href":"https:\/\/centrourbano.com\/revista\/wp-json\/wp\/v2\/types\/post"}],"author":[{"embeddable":true,"href":"https:\/\/centrourbano.com\/revista\/wp-json\/wp\/v2\/users\/47"}],"replies":[{"embeddable":true,"href":"https:\/\/centrourbano.com\/revista\/wp-json\/wp\/v2\/comments?post=51189"}],"version-history":[{"count":0,"href":"https:\/\/centrourbano.com\/revista\/wp-json\/wp\/v2\/posts\/51189\/revisions"}],"wp:featuredmedia":[{"embeddable":true,"href":"https:\/\/centrourbano.com\/revista\/wp-json\/wp\/v2\/media\/51208"}],"wp:attachment":[{"href":"https:\/\/centrourbano.com\/revista\/wp-json\/wp\/v2\/media?parent=51189"}],"wp:term":[{"taxonomy":"category","embeddable":true,"href":"https:\/\/centrourbano.com\/revista\/wp-json\/wp\/v2\/categories?post=51189"},{"taxonomy":"post_tag","embeddable":true,"href":"https:\/\/centrourbano.com\/revista\/wp-json\/wp\/v2\/tags?post=51189"}],"curies":[{"name":"wp","href":"https:\/\/api.w.org\/{rel}","templated":true}]}}