{"id":5112,"date":"2014-03-21T10:36:10","date_gmt":"2014-03-21T16:36:10","guid":{"rendered":"http:\/\/centrourbano.com\/?p=5112"},"modified":"2014-03-21T10:55:09","modified_gmt":"2014-03-21T16:55:09","slug":"marco-abre-exposicion-de-mario-pani","status":"publish","type":"post","link":"https:\/\/centrourbano.com\/revista\/arquitectura-2\/marco-abre-exposicion-de-mario-pani\/","title":{"rendered":"Marco abre exposici\u00f3n de Mario Pani"},"content":{"rendered":"<p><i>El arquitecto y urbanista fallecido en 1993 es recordado a trav\u00e9s de sus obras en la ciudad de Monterrey<\/i><\/p>\n<p><!--more--><\/p>\n<p>La muestra denominada \u00abMario Pani. Arquitectura en proceso\u00bb, abre hoy sus puertas en el Museo\u00a0de Arte Contempor\u00e1neo, tambi\u00e9n conocido por su acr\u00f3nimo\u00a0Marco en la ciudad de Monterrey.<\/p>\n<p>\u00abDej\u00f3 marca de c\u00f3mo se hace la arquitectura en el Pa\u00eds\u00bb, expres\u00f3 Pablo Landa, antrop\u00f3logo y curador de la muestra luego de comentar que Pani no s\u00f3lo introdujo multifamiliares, sino que adem\u00e1s hizo el primer condominio de M\u00e9xico llamado Condominio Reforma, en 1956.<\/p>\n<p>Entre sus obras el arquitecto cuenta con el primer hotel moderno y de lujo a nivel nacional, el Hotel Reforma (1935), mismo que fue uno de sus primeros proyectos.<\/p>\n<p>Nacido en 1911 Pani estudi\u00f3 arquitectura en la \u00c9cole des Beaux-Arts de Par\u00eds iniciando su carrera a los 24 a\u00f1os, una trayectoria que acumul\u00f3 m\u00e1s de 136 proyectos, desde escuelas, edificios p\u00fablicos y comerciales hasta aeropuertos.<\/p>\n<p>De estas manera la Biblioteca Cervantina del Tec de Monterrey con un archivo integrado por planos originales y fotograf\u00edas presenta junto el Marco la trayectoria del arquitecto y urbanista a trav\u00e9s de sus obras, escenarios de la vida cotidiana de quienes las habitan.<\/p>\n<p>Obras monumentales como La Escuela Normal de Maestros (1945), el Conservatorio Nacional de M\u00fasica (1946) y la emblem\u00e1tica Ciudad Universitaria con tres planos (1947, 1951 y 1952) y fotos de la construcci\u00f3n, son parte de esta exposici\u00f3n.<\/p>\n<p>\u00abMario Pani. Arquitectura en proceso\u00bb, pensada para quienes tienen conocimiento o inter\u00e9s por la arquitectura, estar\u00e1 abierta hasta el 27 de julio en planta baja de este recinto.<\/p>\n","protected":false},"excerpt":{"rendered":"<p>El arquitecto y urbanista fallecido en 1993 es recordado a trav\u00e9s de sus obras en la ciudad de Monterrey<\/p>\n","protected":false},"author":14,"featured_media":0,"comment_status":"open","ping_status":"closed","sticky":false,"template":"","format":"standard","meta":{"om_disable_all_campaigns":false,"inline_featured_image":false,"_monsterinsights_skip_tracking":false,"_monsterinsights_sitenote_active":false,"_monsterinsights_sitenote_note":"","_monsterinsights_sitenote_category":0,"footnotes":""},"categories":[81],"tags":[1287,1200],"class_list":["post-5112","post","type-post","status-publish","format-standard","hentry","category-arquitectura-2","tag-marco","tag-mario-pani"],"yoast_head":"<!-- This site is optimized with the Yoast SEO plugin v27.4 - https:\/\/yoast.com\/product\/yoast-seo-wordpress\/ -->\n<title>Marco abre exposici\u00f3n de Mario Pani -<\/title>\n<meta name=\"description\" content=\"El arquitecto y urbanista fallecido en 1993 es recordado a trav\u00e9s de sus obras en la ciudad de Monterrey La muestra denominada &quot;Mario Pani. Arquitectura\" \/>\n<meta name=\"robots\" content=\"index, follow, max-snippet:-1, max-image-preview:large, max-video-preview:-1\" \/>\n<link rel=\"canonical\" href=\"https:\/\/centrourbano.com\/revista\/arquitectura-2\/marco-abre-exposicion-de-mario-pani\/\" \/>\n<meta property=\"og:locale\" content=\"es_ES\" \/>\n<meta property=\"og:type\" content=\"article\" \/>\n<meta property=\"og:title\" content=\"Marco abre exposici\u00f3n de Mario Pani -\" \/>\n<meta property=\"og:description\" content=\"El arquitecto y urbanista fallecido en 1993 es recordado a trav\u00e9s de sus obras en la ciudad de Monterrey La muestra denominada &quot;Mario Pani. Arquitectura\" \/>\n<meta property=\"og:url\" content=\"https:\/\/centrourbano.com\/revista\/arquitectura-2\/marco-abre-exposicion-de-mario-pani\/\" \/>\n<meta property=\"og:site_name\" content=\"Centro Urbano\" \/>\n<meta property=\"article:publisher\" content=\"https:\/\/www.facebook.com\/portalcentrourbano\" \/>\n<meta property=\"article:published_time\" content=\"2014-03-21T16:36:10+00:00\" \/>\n<meta property=\"article:modified_time\" content=\"2014-03-21T16:55:09+00:00\" \/>\n<meta property=\"og:image\" content=\"https:\/\/centrourbano.com\/revista\/wp-content\/uploads\/CU-logo.png\" \/>\n\t<meta property=\"og:image:width\" content=\"350\" \/>\n\t<meta property=\"og:image:height\" content=\"91\" \/>\n\t<meta property=\"og:image:type\" content=\"image\/png\" \/>\n<meta name=\"author\" content=\"Redacci\u00f3n Centro Urbano\" \/>\n<meta name=\"twitter:card\" content=\"summary_large_image\" \/>\n<meta name=\"twitter:creator\" content=\"@CentroUrbano\" \/>\n<meta name=\"twitter:site\" content=\"@CentroUrbano\" \/>\n<meta name=\"twitter:label1\" content=\"Escrito por\" \/>\n\t<meta name=\"twitter:data1\" content=\"Redacci\u00f3n Centro Urbano\" \/>\n\t<meta name=\"twitter:label2\" content=\"Tiempo de lectura\" \/>\n\t<meta name=\"twitter:data2\" content=\"1 minuto\" \/>\n<script type=\"application\/ld+json\" class=\"yoast-schema-graph\">{\"@context\":\"https:\\\/\\\/schema.org\",\"@graph\":[{\"@type\":\"Article\",\"@id\":\"https:\\\/\\\/centrourbano.com\\\/revista\\\/arquitectura-2\\\/marco-abre-exposicion-de-mario-pani\\\/#article\",\"isPartOf\":{\"@id\":\"https:\\\/\\\/centrourbano.com\\\/revista\\\/arquitectura-2\\\/marco-abre-exposicion-de-mario-pani\\\/\"},\"author\":{\"name\":\"Redacci\u00f3n Centro Urbano\",\"@id\":\"https:\\\/\\\/centrourbano.com\\\/revista\\\/#\\\/schema\\\/person\\\/680e7c50f9d6e917e416c9efdc26f996\"},\"headline\":\"Marco abre exposici\u00f3n de Mario Pani\",\"datePublished\":\"2014-03-21T16:36:10+00:00\",\"dateModified\":\"2014-03-21T16:55:09+00:00\",\"mainEntityOfPage\":{\"@id\":\"https:\\\/\\\/centrourbano.com\\\/revista\\\/arquitectura-2\\\/marco-abre-exposicion-de-mario-pani\\\/\"},\"wordCount\":280,\"commentCount\":0,\"publisher\":{\"@id\":\"https:\\\/\\\/centrourbano.com\\\/revista\\\/#organization\"},\"keywords\":[\"Marco\",\"Mario Pani\"],\"articleSection\":[\"Arquitectura\"],\"inLanguage\":\"es\",\"potentialAction\":[{\"@type\":\"CommentAction\",\"name\":\"Comment\",\"target\":[\"https:\\\/\\\/centrourbano.com\\\/revista\\\/arquitectura-2\\\/marco-abre-exposicion-de-mario-pani\\\/#respond\"]}]},{\"@type\":\"WebPage\",\"@id\":\"https:\\\/\\\/centrourbano.com\\\/revista\\\/arquitectura-2\\\/marco-abre-exposicion-de-mario-pani\\\/\",\"url\":\"https:\\\/\\\/centrourbano.com\\\/revista\\\/arquitectura-2\\\/marco-abre-exposicion-de-mario-pani\\\/\",\"name\":\"Marco abre exposici\u00f3n de Mario Pani -\",\"isPartOf\":{\"@id\":\"https:\\\/\\\/centrourbano.com\\\/revista\\\/#website\"},\"datePublished\":\"2014-03-21T16:36:10+00:00\",\"dateModified\":\"2014-03-21T16:55:09+00:00\",\"description\":\"El arquitecto y urbanista fallecido en 1993 es recordado a trav\u00e9s de sus obras en la ciudad de Monterrey La muestra denominada \\\"Mario Pani. Arquitectura\",\"breadcrumb\":{\"@id\":\"https:\\\/\\\/centrourbano.com\\\/revista\\\/arquitectura-2\\\/marco-abre-exposicion-de-mario-pani\\\/#breadcrumb\"},\"inLanguage\":\"es\",\"potentialAction\":[{\"@type\":\"ReadAction\",\"target\":[\"https:\\\/\\\/centrourbano.com\\\/revista\\\/arquitectura-2\\\/marco-abre-exposicion-de-mario-pani\\\/\"]}]},{\"@type\":\"BreadcrumbList\",\"@id\":\"https:\\\/\\\/centrourbano.com\\\/revista\\\/arquitectura-2\\\/marco-abre-exposicion-de-mario-pani\\\/#breadcrumb\",\"itemListElement\":[{\"@type\":\"ListItem\",\"position\":1,\"name\":\"Portada\",\"item\":\"https:\\\/\\\/centrourbano.com\\\/revista\\\/\"},{\"@type\":\"ListItem\",\"position\":2,\"name\":\"Marco abre exposici\u00f3n de Mario Pani\"}]},{\"@type\":\"WebSite\",\"@id\":\"https:\\\/\\\/centrourbano.com\\\/revista\\\/#website\",\"url\":\"https:\\\/\\\/centrourbano.com\\\/revista\\\/\",\"name\":\"Centro Urbano\",\"description\":\"Medio especializado en los sectores vivienda, inmobiliario, construcci\u00f3n, arquitectura y urbanismo.\",\"publisher\":{\"@id\":\"https:\\\/\\\/centrourbano.com\\\/revista\\\/#organization\"},\"potentialAction\":[{\"@type\":\"SearchAction\",\"target\":{\"@type\":\"EntryPoint\",\"urlTemplate\":\"https:\\\/\\\/centrourbano.com\\\/revista\\\/?s={search_term_string}\"},\"query-input\":{\"@type\":\"PropertyValueSpecification\",\"valueRequired\":true,\"valueName\":\"search_term_string\"}}],\"inLanguage\":\"es\"},{\"@type\":\"Organization\",\"@id\":\"https:\\\/\\\/centrourbano.com\\\/revista\\\/#organization\",\"name\":\"Centro Urbano\",\"url\":\"https:\\\/\\\/centrourbano.com\\\/revista\\\/\",\"logo\":{\"@type\":\"ImageObject\",\"inLanguage\":\"es\",\"@id\":\"https:\\\/\\\/centrourbano.com\\\/revista\\\/#\\\/schema\\\/logo\\\/image\\\/\",\"url\":\"https:\\\/\\\/centrourbano.com\\\/revista\\\/wp-content\\\/uploads\\\/web_CU_logo-1.png\",\"contentUrl\":\"https:\\\/\\\/centrourbano.com\\\/revista\\\/wp-content\\\/uploads\\\/web_CU_logo-1.png\",\"width\":350,\"height\":91,\"caption\":\"Centro Urbano\"},\"image\":{\"@id\":\"https:\\\/\\\/centrourbano.com\\\/revista\\\/#\\\/schema\\\/logo\\\/image\\\/\"},\"sameAs\":[\"https:\\\/\\\/www.facebook.com\\\/portalcentrourbano\",\"https:\\\/\\\/x.com\\\/CentroUrbano\",\"https:\\\/\\\/www.instagram.com\\\/centro_urbano\\\/\",\"https:\\\/\\\/www.linkedin.com\\\/company\\\/centro-urbano\\\/\",\"http:\\\/\\\/www.youtube.com\\\/user\\\/portalcentrourbano\"]},{\"@type\":\"Person\",\"@id\":\"https:\\\/\\\/centrourbano.com\\\/revista\\\/#\\\/schema\\\/person\\\/680e7c50f9d6e917e416c9efdc26f996\",\"name\":\"Redacci\u00f3n Centro Urbano\",\"image\":{\"@type\":\"ImageObject\",\"inLanguage\":\"es\",\"@id\":\"https:\\\/\\\/secure.gravatar.com\\\/avatar\\\/15a789f894398c0f311f3a7a2ee28032bbc0483098539da66b6a045aa810bf35?s=96&d=mm&r=g\",\"url\":\"https:\\\/\\\/secure.gravatar.com\\\/avatar\\\/15a789f894398c0f311f3a7a2ee28032bbc0483098539da66b6a045aa810bf35?s=96&d=mm&r=g\",\"contentUrl\":\"https:\\\/\\\/secure.gravatar.com\\\/avatar\\\/15a789f894398c0f311f3a7a2ee28032bbc0483098539da66b6a045aa810bf35?s=96&d=mm&r=g\",\"caption\":\"Redacci\u00f3n Centro Urbano\"},\"url\":\"https:\\\/\\\/centrourbano.com\\\/revista\\\/author\\\/editorial\\\/\"}]}<\/script>\n<!-- \/ Yoast SEO plugin. -->","yoast_head_json":{"title":"Marco abre exposici\u00f3n de Mario Pani -","description":"El arquitecto y urbanista fallecido en 1993 es recordado a trav\u00e9s de sus obras en la ciudad de Monterrey La muestra denominada \"Mario Pani. Arquitectura","robots":{"index":"index","follow":"follow","max-snippet":"max-snippet:-1","max-image-preview":"max-image-preview:large","max-video-preview":"max-video-preview:-1"},"canonical":"https:\/\/centrourbano.com\/revista\/arquitectura-2\/marco-abre-exposicion-de-mario-pani\/","og_locale":"es_ES","og_type":"article","og_title":"Marco abre exposici\u00f3n de Mario Pani -","og_description":"El arquitecto y urbanista fallecido en 1993 es recordado a trav\u00e9s de sus obras en la ciudad de Monterrey La muestra denominada \"Mario Pani. Arquitectura","og_url":"https:\/\/centrourbano.com\/revista\/arquitectura-2\/marco-abre-exposicion-de-mario-pani\/","og_site_name":"Centro Urbano","article_publisher":"https:\/\/www.facebook.com\/portalcentrourbano","article_published_time":"2014-03-21T16:36:10+00:00","article_modified_time":"2014-03-21T16:55:09+00:00","og_image":[{"width":350,"height":91,"url":"https:\/\/centrourbano.com\/revista\/wp-content\/uploads\/CU-logo.png","type":"image\/png"}],"author":"Redacci\u00f3n Centro Urbano","twitter_card":"summary_large_image","twitter_creator":"@CentroUrbano","twitter_site":"@CentroUrbano","twitter_misc":{"Escrito por":"Redacci\u00f3n Centro Urbano","Tiempo de lectura":"1 minuto"},"schema":{"@context":"https:\/\/schema.org","@graph":[{"@type":"Article","@id":"https:\/\/centrourbano.com\/revista\/arquitectura-2\/marco-abre-exposicion-de-mario-pani\/#article","isPartOf":{"@id":"https:\/\/centrourbano.com\/revista\/arquitectura-2\/marco-abre-exposicion-de-mario-pani\/"},"author":{"name":"Redacci\u00f3n Centro Urbano","@id":"https:\/\/centrourbano.com\/revista\/#\/schema\/person\/680e7c50f9d6e917e416c9efdc26f996"},"headline":"Marco abre exposici\u00f3n de Mario Pani","datePublished":"2014-03-21T16:36:10+00:00","dateModified":"2014-03-21T16:55:09+00:00","mainEntityOfPage":{"@id":"https:\/\/centrourbano.com\/revista\/arquitectura-2\/marco-abre-exposicion-de-mario-pani\/"},"wordCount":280,"commentCount":0,"publisher":{"@id":"https:\/\/centrourbano.com\/revista\/#organization"},"keywords":["Marco","Mario Pani"],"articleSection":["Arquitectura"],"inLanguage":"es","potentialAction":[{"@type":"CommentAction","name":"Comment","target":["https:\/\/centrourbano.com\/revista\/arquitectura-2\/marco-abre-exposicion-de-mario-pani\/#respond"]}]},{"@type":"WebPage","@id":"https:\/\/centrourbano.com\/revista\/arquitectura-2\/marco-abre-exposicion-de-mario-pani\/","url":"https:\/\/centrourbano.com\/revista\/arquitectura-2\/marco-abre-exposicion-de-mario-pani\/","name":"Marco abre exposici\u00f3n de Mario Pani -","isPartOf":{"@id":"https:\/\/centrourbano.com\/revista\/#website"},"datePublished":"2014-03-21T16:36:10+00:00","dateModified":"2014-03-21T16:55:09+00:00","description":"El arquitecto y urbanista fallecido en 1993 es recordado a trav\u00e9s de sus obras en la ciudad de Monterrey La muestra denominada \"Mario Pani. Arquitectura","breadcrumb":{"@id":"https:\/\/centrourbano.com\/revista\/arquitectura-2\/marco-abre-exposicion-de-mario-pani\/#breadcrumb"},"inLanguage":"es","potentialAction":[{"@type":"ReadAction","target":["https:\/\/centrourbano.com\/revista\/arquitectura-2\/marco-abre-exposicion-de-mario-pani\/"]}]},{"@type":"BreadcrumbList","@id":"https:\/\/centrourbano.com\/revista\/arquitectura-2\/marco-abre-exposicion-de-mario-pani\/#breadcrumb","itemListElement":[{"@type":"ListItem","position":1,"name":"Portada","item":"https:\/\/centrourbano.com\/revista\/"},{"@type":"ListItem","position":2,"name":"Marco abre exposici\u00f3n de Mario Pani"}]},{"@type":"WebSite","@id":"https:\/\/centrourbano.com\/revista\/#website","url":"https:\/\/centrourbano.com\/revista\/","name":"Centro Urbano","description":"Medio especializado en los sectores vivienda, inmobiliario, construcci\u00f3n, arquitectura y urbanismo.","publisher":{"@id":"https:\/\/centrourbano.com\/revista\/#organization"},"potentialAction":[{"@type":"SearchAction","target":{"@type":"EntryPoint","urlTemplate":"https:\/\/centrourbano.com\/revista\/?s={search_term_string}"},"query-input":{"@type":"PropertyValueSpecification","valueRequired":true,"valueName":"search_term_string"}}],"inLanguage":"es"},{"@type":"Organization","@id":"https:\/\/centrourbano.com\/revista\/#organization","name":"Centro Urbano","url":"https:\/\/centrourbano.com\/revista\/","logo":{"@type":"ImageObject","inLanguage":"es","@id":"https:\/\/centrourbano.com\/revista\/#\/schema\/logo\/image\/","url":"https:\/\/centrourbano.com\/revista\/wp-content\/uploads\/web_CU_logo-1.png","contentUrl":"https:\/\/centrourbano.com\/revista\/wp-content\/uploads\/web_CU_logo-1.png","width":350,"height":91,"caption":"Centro Urbano"},"image":{"@id":"https:\/\/centrourbano.com\/revista\/#\/schema\/logo\/image\/"},"sameAs":["https:\/\/www.facebook.com\/portalcentrourbano","https:\/\/x.com\/CentroUrbano","https:\/\/www.instagram.com\/centro_urbano\/","https:\/\/www.linkedin.com\/company\/centro-urbano\/","http:\/\/www.youtube.com\/user\/portalcentrourbano"]},{"@type":"Person","@id":"https:\/\/centrourbano.com\/revista\/#\/schema\/person\/680e7c50f9d6e917e416c9efdc26f996","name":"Redacci\u00f3n Centro Urbano","image":{"@type":"ImageObject","inLanguage":"es","@id":"https:\/\/secure.gravatar.com\/avatar\/15a789f894398c0f311f3a7a2ee28032bbc0483098539da66b6a045aa810bf35?s=96&d=mm&r=g","url":"https:\/\/secure.gravatar.com\/avatar\/15a789f894398c0f311f3a7a2ee28032bbc0483098539da66b6a045aa810bf35?s=96&d=mm&r=g","contentUrl":"https:\/\/secure.gravatar.com\/avatar\/15a789f894398c0f311f3a7a2ee28032bbc0483098539da66b6a045aa810bf35?s=96&d=mm&r=g","caption":"Redacci\u00f3n Centro Urbano"},"url":"https:\/\/centrourbano.com\/revista\/author\/editorial\/"}]}},"_links":{"self":[{"href":"https:\/\/centrourbano.com\/revista\/wp-json\/wp\/v2\/posts\/5112","targetHints":{"allow":["GET"]}}],"collection":[{"href":"https:\/\/centrourbano.com\/revista\/wp-json\/wp\/v2\/posts"}],"about":[{"href":"https:\/\/centrourbano.com\/revista\/wp-json\/wp\/v2\/types\/post"}],"author":[{"embeddable":true,"href":"https:\/\/centrourbano.com\/revista\/wp-json\/wp\/v2\/users\/14"}],"replies":[{"embeddable":true,"href":"https:\/\/centrourbano.com\/revista\/wp-json\/wp\/v2\/comments?post=5112"}],"version-history":[{"count":0,"href":"https:\/\/centrourbano.com\/revista\/wp-json\/wp\/v2\/posts\/5112\/revisions"}],"wp:attachment":[{"href":"https:\/\/centrourbano.com\/revista\/wp-json\/wp\/v2\/media?parent=5112"}],"wp:term":[{"taxonomy":"category","embeddable":true,"href":"https:\/\/centrourbano.com\/revista\/wp-json\/wp\/v2\/categories?post=5112"},{"taxonomy":"post_tag","embeddable":true,"href":"https:\/\/centrourbano.com\/revista\/wp-json\/wp\/v2\/tags?post=5112"}],"curies":[{"name":"wp","href":"https:\/\/api.w.org\/{rel}","templated":true}]}}