{"id":5103,"date":"2014-03-21T09:02:09","date_gmt":"2014-03-21T15:02:09","guid":{"rendered":"http:\/\/centrourbano.com\/?p=5103"},"modified":"2014-03-21T10:45:22","modified_gmt":"2014-03-21T16:45:22","slug":"cmic-en-el-df-preve-crecimiento-de-6-5","status":"publish","type":"post","link":"https:\/\/centrourbano.com\/revista\/construccion\/cmic-en-el-df-preve-crecimiento-de-6-5\/","title":{"rendered":"CMIC en el DF prev\u00e9 crecimiento de 6.5% durante 2014"},"content":{"rendered":"<p><i>En 2013 el Distrito Federal registr\u00f3 n\u00fameros alentadores que permiten pronosticar que 2014 ser\u00e1 el a\u00f1o de la consolidaci\u00f3n de la industria en la Ciudad de M\u00e9xico<!--more--><\/i><\/p>\n<p>Gracias a las inversiones en obras anunciadas por los gobiernos Federal y local, que incidir\u00e1n en la actividad en la Ciudad de M\u00e9xico, la industria de la Construcci\u00f3n en dicha zona mantendr\u00e1 su ritmo ascendente en este a\u00f1o.<\/p>\n<p>Lo anterior resultar\u00eda en un crecimiento del 6.5%, seg\u00fan informes del presidente saliente de la C\u00e1mara Mexicana de la Industria de la Construcci\u00f3n (CMIC) en el D.F., Jorge Pineda Arenas.<\/p>\n<p>Al respecto, el titular de la c\u00e1mara explic\u00f3 que el Distrito Federal registr\u00f3 n\u00fameros alentadores que permiten pronosticar que 2014 ser\u00e1 el a\u00f1o de la consolidaci\u00f3n de la industria en la Ciudad de M\u00e9xico, con una importante participaci\u00f3n p\u00fablica que sumar\u00e1 los\u00a0 14 mil 88 millones de pesos.<\/p>\n<p>Se\u00f1al\u00f3 que en 2013 el D.F logr\u00f3 mantener el primer lugar en el PIB nacional y\u00a0 el primer lugar en el PIB nacional de construcci\u00f3n con un crecimiento del 5.6% anual, impulsado por la edificaci\u00f3n de proyectos inmobiliarios, donde la obra privada represent\u00f3 el 52% y la obra p\u00fablica el 48%, del valor total de\u00a0 producci\u00f3n generado por el sector en la capital del pa\u00eds\u201d.<\/p>\n<p>Agreg\u00f3 que en materia de empleos la Ciudad de M\u00e9xico se ubic\u00f3 en el\u00a0\u00a04\u00ba lugar como generador de fuentes de trabajo en la industria de la construcci\u00f3n, lo que representa el\u00a0\u00a05.7% del empleo total en la industria, es decir que hay\u00a0320 mil 007 personas ocupadas en este sector.<\/p>\n<p>Jorge Pineda Arenas destac\u00f3 que parte fundamental en el quehacer de la CMIC D.F. es la capacitaci\u00f3n por lo que tan solo en\u00a0 2013 se impartieron m\u00e1s de 500 horas de cursos cerrados a m\u00e1s de 50 empresas que los solicitaron.<\/p>\n<p>Adem\u00e1s, a trav\u00e9s del Instituto Tecnol\u00f3gico de Capacitaci\u00f3n (ITC), se llev\u00f3 a cabo el \u201cDiplomado de Apli\u00adcaci\u00f3n de la Ley de Obra P\u00fablica del Gobierno para el D.F.\u201d promo\u00advido por la Comisi\u00f3n Mixta conformada por la CMIC DF y la Direcci\u00f3n General de Obra P\u00fablica y se firmaron convenios con la delegaci\u00f3n Coyoac\u00e1n y est\u00e1n en proceso otros acuerdos similares.<\/p>\n<p>&nbsp;<\/p>\n<p>&nbsp;<\/p>\n","protected":false},"excerpt":{"rendered":"<p>En 2013 el Distrito Federal registr\u00f3 n\u00fameros alentadores que permiten pronosticar que 2014 ser\u00e1 el a\u00f1o de la consolidaci\u00f3n de la industria en la Ciudad de M\u00e9xico<\/p>\n","protected":false},"author":9,"featured_media":0,"comment_status":"open","ping_status":"closed","sticky":false,"template":"","format":"standard","meta":{"om_disable_all_campaigns":false,"inline_featured_image":false,"_monsterinsights_skip_tracking":false,"_monsterinsights_sitenote_active":false,"_monsterinsights_sitenote_note":"","_monsterinsights_sitenote_category":0,"footnotes":""},"categories":[14],"tags":[83,1281,22,503],"class_list":["post-5103","post","type-post","status-publish","format-standard","hentry","category-construccion","tag-cmic","tag-cmic-df","tag-construccion-2","tag-obras"],"yoast_head":"<!-- This site is optimized with the Yoast SEO plugin v27.4 - https:\/\/yoast.com\/product\/yoast-seo-wordpress\/ -->\n<title>CMIC en el DF prev\u00e9 crecimiento de 6.5% durante 2014 -<\/title>\n<meta name=\"description\" content=\"En 2013 el Distrito Federal registr\u00f3 n\u00fameros alentadores que permiten pronosticar que 2014 ser\u00e1 el a\u00f1o de la consolidaci\u00f3n de la industria en la Ciudad de\" \/>\n<meta name=\"robots\" content=\"index, follow, max-snippet:-1, max-image-preview:large, max-video-preview:-1\" \/>\n<link rel=\"canonical\" href=\"https:\/\/centrourbano.com\/revista\/construccion\/cmic-en-el-df-preve-crecimiento-de-6-5\/\" \/>\n<meta property=\"og:locale\" content=\"es_ES\" \/>\n<meta property=\"og:type\" content=\"article\" \/>\n<meta property=\"og:title\" content=\"CMIC en el DF prev\u00e9 crecimiento de 6.5% durante 2014 -\" \/>\n<meta property=\"og:description\" content=\"En 2013 el Distrito Federal registr\u00f3 n\u00fameros alentadores que permiten pronosticar que 2014 ser\u00e1 el a\u00f1o de la consolidaci\u00f3n de la industria en la Ciudad de\" \/>\n<meta property=\"og:url\" content=\"https:\/\/centrourbano.com\/revista\/construccion\/cmic-en-el-df-preve-crecimiento-de-6-5\/\" \/>\n<meta property=\"og:site_name\" content=\"Centro Urbano\" \/>\n<meta property=\"article:publisher\" content=\"https:\/\/www.facebook.com\/portalcentrourbano\" \/>\n<meta property=\"article:published_time\" content=\"2014-03-21T15:02:09+00:00\" \/>\n<meta property=\"article:modified_time\" content=\"2014-03-21T16:45:22+00:00\" \/>\n<meta property=\"og:image\" content=\"https:\/\/centrourbano.com\/revista\/wp-content\/uploads\/CU-logo.png\" \/>\n\t<meta property=\"og:image:width\" content=\"350\" \/>\n\t<meta property=\"og:image:height\" content=\"91\" \/>\n\t<meta property=\"og:image:type\" content=\"image\/png\" \/>\n<meta name=\"author\" content=\"Dinorah Nava\" \/>\n<meta name=\"twitter:card\" content=\"summary_large_image\" \/>\n<meta name=\"twitter:creator\" content=\"@https:\/\/twitter.com\/Dinorah_Nava28\" \/>\n<meta name=\"twitter:site\" content=\"@CentroUrbano\" \/>\n<meta name=\"twitter:label1\" content=\"Escrito por\" \/>\n\t<meta name=\"twitter:data1\" content=\"Dinorah Nava\" \/>\n\t<meta name=\"twitter:label2\" content=\"Tiempo de lectura\" \/>\n\t<meta name=\"twitter:data2\" content=\"2 minutos\" \/>\n<script type=\"application\/ld+json\" class=\"yoast-schema-graph\">{\"@context\":\"https:\\\/\\\/schema.org\",\"@graph\":[{\"@type\":\"Article\",\"@id\":\"https:\\\/\\\/centrourbano.com\\\/revista\\\/construccion\\\/cmic-en-el-df-preve-crecimiento-de-6-5\\\/#article\",\"isPartOf\":{\"@id\":\"https:\\\/\\\/centrourbano.com\\\/revista\\\/construccion\\\/cmic-en-el-df-preve-crecimiento-de-6-5\\\/\"},\"author\":{\"name\":\"Dinorah Nava\",\"@id\":\"https:\\\/\\\/centrourbano.com\\\/revista\\\/#\\\/schema\\\/person\\\/b45db815d96831257ba428a3d5a5fbdc\"},\"headline\":\"CMIC en el DF prev\u00e9 crecimiento de 6.5% durante 2014\",\"datePublished\":\"2014-03-21T15:02:09+00:00\",\"dateModified\":\"2014-03-21T16:45:22+00:00\",\"mainEntityOfPage\":{\"@id\":\"https:\\\/\\\/centrourbano.com\\\/revista\\\/construccion\\\/cmic-en-el-df-preve-crecimiento-de-6-5\\\/\"},\"wordCount\":401,\"commentCount\":0,\"publisher\":{\"@id\":\"https:\\\/\\\/centrourbano.com\\\/revista\\\/#organization\"},\"keywords\":[\"CMIC\",\"CMIC DF\",\"construcci\u00f3n\",\"Obras\"],\"articleSection\":[\"Construcci\u00f3n\"],\"inLanguage\":\"es\",\"potentialAction\":[{\"@type\":\"CommentAction\",\"name\":\"Comment\",\"target\":[\"https:\\\/\\\/centrourbano.com\\\/revista\\\/construccion\\\/cmic-en-el-df-preve-crecimiento-de-6-5\\\/#respond\"]}]},{\"@type\":\"WebPage\",\"@id\":\"https:\\\/\\\/centrourbano.com\\\/revista\\\/construccion\\\/cmic-en-el-df-preve-crecimiento-de-6-5\\\/\",\"url\":\"https:\\\/\\\/centrourbano.com\\\/revista\\\/construccion\\\/cmic-en-el-df-preve-crecimiento-de-6-5\\\/\",\"name\":\"CMIC en el DF prev\u00e9 crecimiento de 6.5% durante 2014 -\",\"isPartOf\":{\"@id\":\"https:\\\/\\\/centrourbano.com\\\/revista\\\/#website\"},\"datePublished\":\"2014-03-21T15:02:09+00:00\",\"dateModified\":\"2014-03-21T16:45:22+00:00\",\"description\":\"En 2013 el Distrito Federal registr\u00f3 n\u00fameros alentadores que permiten pronosticar que 2014 ser\u00e1 el a\u00f1o de la consolidaci\u00f3n de la industria en la Ciudad de\",\"breadcrumb\":{\"@id\":\"https:\\\/\\\/centrourbano.com\\\/revista\\\/construccion\\\/cmic-en-el-df-preve-crecimiento-de-6-5\\\/#breadcrumb\"},\"inLanguage\":\"es\",\"potentialAction\":[{\"@type\":\"ReadAction\",\"target\":[\"https:\\\/\\\/centrourbano.com\\\/revista\\\/construccion\\\/cmic-en-el-df-preve-crecimiento-de-6-5\\\/\"]}]},{\"@type\":\"BreadcrumbList\",\"@id\":\"https:\\\/\\\/centrourbano.com\\\/revista\\\/construccion\\\/cmic-en-el-df-preve-crecimiento-de-6-5\\\/#breadcrumb\",\"itemListElement\":[{\"@type\":\"ListItem\",\"position\":1,\"name\":\"Portada\",\"item\":\"https:\\\/\\\/centrourbano.com\\\/revista\\\/\"},{\"@type\":\"ListItem\",\"position\":2,\"name\":\"CMIC en el DF prev\u00e9 crecimiento de 6.5% durante 2014\"}]},{\"@type\":\"WebSite\",\"@id\":\"https:\\\/\\\/centrourbano.com\\\/revista\\\/#website\",\"url\":\"https:\\\/\\\/centrourbano.com\\\/revista\\\/\",\"name\":\"Centro Urbano\",\"description\":\"Medio especializado en los sectores vivienda, inmobiliario, construcci\u00f3n, arquitectura y urbanismo.\",\"publisher\":{\"@id\":\"https:\\\/\\\/centrourbano.com\\\/revista\\\/#organization\"},\"potentialAction\":[{\"@type\":\"SearchAction\",\"target\":{\"@type\":\"EntryPoint\",\"urlTemplate\":\"https:\\\/\\\/centrourbano.com\\\/revista\\\/?s={search_term_string}\"},\"query-input\":{\"@type\":\"PropertyValueSpecification\",\"valueRequired\":true,\"valueName\":\"search_term_string\"}}],\"inLanguage\":\"es\"},{\"@type\":\"Organization\",\"@id\":\"https:\\\/\\\/centrourbano.com\\\/revista\\\/#organization\",\"name\":\"Centro Urbano\",\"url\":\"https:\\\/\\\/centrourbano.com\\\/revista\\\/\",\"logo\":{\"@type\":\"ImageObject\",\"inLanguage\":\"es\",\"@id\":\"https:\\\/\\\/centrourbano.com\\\/revista\\\/#\\\/schema\\\/logo\\\/image\\\/\",\"url\":\"https:\\\/\\\/centrourbano.com\\\/revista\\\/wp-content\\\/uploads\\\/web_CU_logo-1.png\",\"contentUrl\":\"https:\\\/\\\/centrourbano.com\\\/revista\\\/wp-content\\\/uploads\\\/web_CU_logo-1.png\",\"width\":350,\"height\":91,\"caption\":\"Centro Urbano\"},\"image\":{\"@id\":\"https:\\\/\\\/centrourbano.com\\\/revista\\\/#\\\/schema\\\/logo\\\/image\\\/\"},\"sameAs\":[\"https:\\\/\\\/www.facebook.com\\\/portalcentrourbano\",\"https:\\\/\\\/x.com\\\/CentroUrbano\",\"https:\\\/\\\/www.instagram.com\\\/centro_urbano\\\/\",\"https:\\\/\\\/www.linkedin.com\\\/company\\\/centro-urbano\\\/\",\"http:\\\/\\\/www.youtube.com\\\/user\\\/portalcentrourbano\"]},{\"@type\":\"Person\",\"@id\":\"https:\\\/\\\/centrourbano.com\\\/revista\\\/#\\\/schema\\\/person\\\/b45db815d96831257ba428a3d5a5fbdc\",\"name\":\"Dinorah Nava\",\"image\":{\"@type\":\"ImageObject\",\"inLanguage\":\"es\",\"@id\":\"https:\\\/\\\/secure.gravatar.com\\\/avatar\\\/f6ca6430c51d147f363940f84e1225aa4b8183885c11802cc3b042305a4ecc1a?s=96&d=mm&r=g\",\"url\":\"https:\\\/\\\/secure.gravatar.com\\\/avatar\\\/f6ca6430c51d147f363940f84e1225aa4b8183885c11802cc3b042305a4ecc1a?s=96&d=mm&r=g\",\"contentUrl\":\"https:\\\/\\\/secure.gravatar.com\\\/avatar\\\/f6ca6430c51d147f363940f84e1225aa4b8183885c11802cc3b042305a4ecc1a?s=96&d=mm&r=g\",\"caption\":\"Dinorah Nava\"},\"description\":\"Editora de Contenidos y Estrategias Digitales en Centro Urbano y Coeditora en Peri\u00f3dico Mi Casa. Egresada de la licenciatura en Comunicaci\u00f3n y Periodismo de la Facultad de Estudios Superiores Arag\u00f3n (UNAM). Amante de la edici\u00f3n y correcci\u00f3n de estilo, las redes sociales y el mundo digital. Especialista en temas son arquitectura, inmobiliario y urbanismo.\",\"sameAs\":[\"linkedin.com\\\/in\\\/dinorah-nava\",\"https:\\\/\\\/x.com\\\/https:\\\/\\\/twitter.com\\\/Dinorah_Nava28\"],\"url\":\"https:\\\/\\\/centrourbano.com\\\/revista\\\/author\\\/dinorah-nava\\\/\"}]}<\/script>\n<!-- \/ Yoast SEO plugin. -->","yoast_head_json":{"title":"CMIC en el DF prev\u00e9 crecimiento de 6.5% durante 2014 -","description":"En 2013 el Distrito Federal registr\u00f3 n\u00fameros alentadores que permiten pronosticar que 2014 ser\u00e1 el a\u00f1o de la consolidaci\u00f3n de la industria en la Ciudad de","robots":{"index":"index","follow":"follow","max-snippet":"max-snippet:-1","max-image-preview":"max-image-preview:large","max-video-preview":"max-video-preview:-1"},"canonical":"https:\/\/centrourbano.com\/revista\/construccion\/cmic-en-el-df-preve-crecimiento-de-6-5\/","og_locale":"es_ES","og_type":"article","og_title":"CMIC en el DF prev\u00e9 crecimiento de 6.5% durante 2014 -","og_description":"En 2013 el Distrito Federal registr\u00f3 n\u00fameros alentadores que permiten pronosticar que 2014 ser\u00e1 el a\u00f1o de la consolidaci\u00f3n de la industria en la Ciudad de","og_url":"https:\/\/centrourbano.com\/revista\/construccion\/cmic-en-el-df-preve-crecimiento-de-6-5\/","og_site_name":"Centro Urbano","article_publisher":"https:\/\/www.facebook.com\/portalcentrourbano","article_published_time":"2014-03-21T15:02:09+00:00","article_modified_time":"2014-03-21T16:45:22+00:00","og_image":[{"width":350,"height":91,"url":"https:\/\/centrourbano.com\/revista\/wp-content\/uploads\/CU-logo.png","type":"image\/png"}],"author":"Dinorah Nava","twitter_card":"summary_large_image","twitter_creator":"@https:\/\/twitter.com\/Dinorah_Nava28","twitter_site":"@CentroUrbano","twitter_misc":{"Escrito por":"Dinorah Nava","Tiempo de lectura":"2 minutos"},"schema":{"@context":"https:\/\/schema.org","@graph":[{"@type":"Article","@id":"https:\/\/centrourbano.com\/revista\/construccion\/cmic-en-el-df-preve-crecimiento-de-6-5\/#article","isPartOf":{"@id":"https:\/\/centrourbano.com\/revista\/construccion\/cmic-en-el-df-preve-crecimiento-de-6-5\/"},"author":{"name":"Dinorah Nava","@id":"https:\/\/centrourbano.com\/revista\/#\/schema\/person\/b45db815d96831257ba428a3d5a5fbdc"},"headline":"CMIC en el DF prev\u00e9 crecimiento de 6.5% durante 2014","datePublished":"2014-03-21T15:02:09+00:00","dateModified":"2014-03-21T16:45:22+00:00","mainEntityOfPage":{"@id":"https:\/\/centrourbano.com\/revista\/construccion\/cmic-en-el-df-preve-crecimiento-de-6-5\/"},"wordCount":401,"commentCount":0,"publisher":{"@id":"https:\/\/centrourbano.com\/revista\/#organization"},"keywords":["CMIC","CMIC DF","construcci\u00f3n","Obras"],"articleSection":["Construcci\u00f3n"],"inLanguage":"es","potentialAction":[{"@type":"CommentAction","name":"Comment","target":["https:\/\/centrourbano.com\/revista\/construccion\/cmic-en-el-df-preve-crecimiento-de-6-5\/#respond"]}]},{"@type":"WebPage","@id":"https:\/\/centrourbano.com\/revista\/construccion\/cmic-en-el-df-preve-crecimiento-de-6-5\/","url":"https:\/\/centrourbano.com\/revista\/construccion\/cmic-en-el-df-preve-crecimiento-de-6-5\/","name":"CMIC en el DF prev\u00e9 crecimiento de 6.5% durante 2014 -","isPartOf":{"@id":"https:\/\/centrourbano.com\/revista\/#website"},"datePublished":"2014-03-21T15:02:09+00:00","dateModified":"2014-03-21T16:45:22+00:00","description":"En 2013 el Distrito Federal registr\u00f3 n\u00fameros alentadores que permiten pronosticar que 2014 ser\u00e1 el a\u00f1o de la consolidaci\u00f3n de la industria en la Ciudad de","breadcrumb":{"@id":"https:\/\/centrourbano.com\/revista\/construccion\/cmic-en-el-df-preve-crecimiento-de-6-5\/#breadcrumb"},"inLanguage":"es","potentialAction":[{"@type":"ReadAction","target":["https:\/\/centrourbano.com\/revista\/construccion\/cmic-en-el-df-preve-crecimiento-de-6-5\/"]}]},{"@type":"BreadcrumbList","@id":"https:\/\/centrourbano.com\/revista\/construccion\/cmic-en-el-df-preve-crecimiento-de-6-5\/#breadcrumb","itemListElement":[{"@type":"ListItem","position":1,"name":"Portada","item":"https:\/\/centrourbano.com\/revista\/"},{"@type":"ListItem","position":2,"name":"CMIC en el DF prev\u00e9 crecimiento de 6.5% durante 2014"}]},{"@type":"WebSite","@id":"https:\/\/centrourbano.com\/revista\/#website","url":"https:\/\/centrourbano.com\/revista\/","name":"Centro Urbano","description":"Medio especializado en los sectores vivienda, inmobiliario, construcci\u00f3n, arquitectura y urbanismo.","publisher":{"@id":"https:\/\/centrourbano.com\/revista\/#organization"},"potentialAction":[{"@type":"SearchAction","target":{"@type":"EntryPoint","urlTemplate":"https:\/\/centrourbano.com\/revista\/?s={search_term_string}"},"query-input":{"@type":"PropertyValueSpecification","valueRequired":true,"valueName":"search_term_string"}}],"inLanguage":"es"},{"@type":"Organization","@id":"https:\/\/centrourbano.com\/revista\/#organization","name":"Centro Urbano","url":"https:\/\/centrourbano.com\/revista\/","logo":{"@type":"ImageObject","inLanguage":"es","@id":"https:\/\/centrourbano.com\/revista\/#\/schema\/logo\/image\/","url":"https:\/\/centrourbano.com\/revista\/wp-content\/uploads\/web_CU_logo-1.png","contentUrl":"https:\/\/centrourbano.com\/revista\/wp-content\/uploads\/web_CU_logo-1.png","width":350,"height":91,"caption":"Centro Urbano"},"image":{"@id":"https:\/\/centrourbano.com\/revista\/#\/schema\/logo\/image\/"},"sameAs":["https:\/\/www.facebook.com\/portalcentrourbano","https:\/\/x.com\/CentroUrbano","https:\/\/www.instagram.com\/centro_urbano\/","https:\/\/www.linkedin.com\/company\/centro-urbano\/","http:\/\/www.youtube.com\/user\/portalcentrourbano"]},{"@type":"Person","@id":"https:\/\/centrourbano.com\/revista\/#\/schema\/person\/b45db815d96831257ba428a3d5a5fbdc","name":"Dinorah Nava","image":{"@type":"ImageObject","inLanguage":"es","@id":"https:\/\/secure.gravatar.com\/avatar\/f6ca6430c51d147f363940f84e1225aa4b8183885c11802cc3b042305a4ecc1a?s=96&d=mm&r=g","url":"https:\/\/secure.gravatar.com\/avatar\/f6ca6430c51d147f363940f84e1225aa4b8183885c11802cc3b042305a4ecc1a?s=96&d=mm&r=g","contentUrl":"https:\/\/secure.gravatar.com\/avatar\/f6ca6430c51d147f363940f84e1225aa4b8183885c11802cc3b042305a4ecc1a?s=96&d=mm&r=g","caption":"Dinorah Nava"},"description":"Editora de Contenidos y Estrategias Digitales en Centro Urbano y Coeditora en Peri\u00f3dico Mi Casa. Egresada de la licenciatura en Comunicaci\u00f3n y Periodismo de la Facultad de Estudios Superiores Arag\u00f3n (UNAM). Amante de la edici\u00f3n y correcci\u00f3n de estilo, las redes sociales y el mundo digital. Especialista en temas son arquitectura, inmobiliario y urbanismo.","sameAs":["linkedin.com\/in\/dinorah-nava","https:\/\/x.com\/https:\/\/twitter.com\/Dinorah_Nava28"],"url":"https:\/\/centrourbano.com\/revista\/author\/dinorah-nava\/"}]}},"_links":{"self":[{"href":"https:\/\/centrourbano.com\/revista\/wp-json\/wp\/v2\/posts\/5103","targetHints":{"allow":["GET"]}}],"collection":[{"href":"https:\/\/centrourbano.com\/revista\/wp-json\/wp\/v2\/posts"}],"about":[{"href":"https:\/\/centrourbano.com\/revista\/wp-json\/wp\/v2\/types\/post"}],"author":[{"embeddable":true,"href":"https:\/\/centrourbano.com\/revista\/wp-json\/wp\/v2\/users\/9"}],"replies":[{"embeddable":true,"href":"https:\/\/centrourbano.com\/revista\/wp-json\/wp\/v2\/comments?post=5103"}],"version-history":[{"count":0,"href":"https:\/\/centrourbano.com\/revista\/wp-json\/wp\/v2\/posts\/5103\/revisions"}],"wp:attachment":[{"href":"https:\/\/centrourbano.com\/revista\/wp-json\/wp\/v2\/media?parent=5103"}],"wp:term":[{"taxonomy":"category","embeddable":true,"href":"https:\/\/centrourbano.com\/revista\/wp-json\/wp\/v2\/categories?post=5103"},{"taxonomy":"post_tag","embeddable":true,"href":"https:\/\/centrourbano.com\/revista\/wp-json\/wp\/v2\/tags?post=5103"}],"curies":[{"name":"wp","href":"https:\/\/api.w.org\/{rel}","templated":true}]}}