{"id":50991,"date":"2017-03-24T15:45:51","date_gmt":"2017-03-24T21:45:51","guid":{"rendered":"https:\/\/centrourbano.com\/?p=50991"},"modified":"2017-03-29T12:59:30","modified_gmt":"2017-03-29T18:59:30","slug":"unam-crea-escuela-nacional-lenguas-linguistica-traduccion","status":"publish","type":"post","link":"https:\/\/centrourbano.com\/revista\/actualidad\/unam-crea-escuela-nacional-lenguas-linguistica-traduccion\/","title":{"rendered":"UNAM crea Escuela Nacional de Lenguas, Ling\u00fc\u00edstica y Traducci\u00f3n"},"content":{"rendered":"<p><em>El objetivo es responder a la creciente necesidad de formar profesionales en estos campos de estudio<\/em><!--more--><\/p>\n<p>El Centro de Ense\u00f1anza de Lenguas Extranjeras (CELE) de la Universidad Nacional Aut\u00f3noma de M\u00e9xico, ser\u00e1 transformado en la Escuela Nacional de Lenguas, Ling\u00fc\u00edstica y Traducci\u00f3n (ENALLT), luego de que el Consejo Universitario de la UNAM aprobara dicha acci\u00f3n.<\/p>\n<p>El objetivo es responder a la creciente necesidad de formar profesionales en estos campos de estudio ya que existe una movilidad inmersa en la gran diversidad ling\u00fc\u00edstica del mundo globalizado actual, en donde se hablan aproximadamente 6,000 lenguas entre internacionales, regionales, nacionales y locales, y m\u00e1s de la mitad de la humanidad es biling\u00fce.<\/p>\n<p>La escuela impartir\u00e1 dos nuevas licenciaturas: Traducci\u00f3n y Ling\u00fc\u00edstica Aplicada; adem\u00e1s, continuar\u00e1 ofreciendo cursos en 18 lenguas, y se mantendr\u00e1 como centro de certificaciones internacionales de seis idiomas: alem\u00e1n, chino, franc\u00e9s, ingl\u00e9s, italiano y portugu\u00e9s.<\/p>\n<p>El proyecto de creaci\u00f3n de la nueva entidad universitaria calcula que alrededor de 200,000,000 de personas viven fuera de su pa\u00eds natal, y se prev\u00e9 que esta cifra se quintuplique en 30 a\u00f1os.<\/p>\n<p>Adem\u00e1s, es innegable que hay una relaci\u00f3n directa entre la capacidad de los miembros de una sociedad para generar, transmitir y usar el conocimiento en varias lenguas, y el nivel de progreso del pa\u00eds al que pertenecen, lo que convierte el aprendizaje de idiomas en un factor de desarrollo y entendimiento entre las sociedades internacionalizadas.<\/p>\n<p>El documento destaca la necesidad de formar estudiantes con destrezas personales, sociales, culturales, acad\u00e9micas y profesionales, con competencias en su lengua materna, pero tambi\u00e9n en otros idiomas, apoyadas en el uso de las tecnolog\u00edas de la informaci\u00f3n y comunicaci\u00f3n.<\/p>\n<p>El dictamen de creaci\u00f3n de la ENALLT ya cuenta con la opini\u00f3n favorable de las comisiones del Consejo Universitario de Trabajo Acad\u00e9mico, Especial de Asesores, Permanente de Planeaci\u00f3n y Permanente de Asuntos Legislativos.<\/p>\n<p>En \u00e9l se indica que hoy en d\u00eda tambi\u00e9n se requiere de traductores profesionales que act\u00faen como mediadores culturales y participen de manera directa en la resoluci\u00f3n de conflictos en torno a la comunicaci\u00f3n intercultural, con \u00e9nfasis en aspectos legales, sanitarios, sociales, educativos y religiosos.<\/p>\n<p>El documento de la UNAM se\u00f1ala que la madurez del CELE le ha permitido convertirse en un paradigma para instituciones educativas, p\u00fablicas y privadas, en el \u00e1mbito de la ling\u00fc\u00edstica aplicada y la ense\u00f1anza de las lenguas y la cultura.<\/p>\n<p>Muestra de ello son, entre otros, el Curso de Formaci\u00f3n de Profesores de Lenguas-Cultura; los diplomados de Traducci\u00f3n y Actualizaci\u00f3n en Ling\u00fc\u00edstica Aplicada para Profesores de Lenguas, adem\u00e1s de las maestr\u00edas que imparte y que est\u00e1n inscritas en el Padr\u00f3n del Programa Nacional de Posgrados de Calidad del Conacyt.<\/p>\n<p><strong>Conoce m\u00e1s en nuestra publicaci\u00f3n digital<\/strong><br \/>\n[button_link size=\u00bbmedium\u00bb src=\u00bb<a href=\"https:\/\/centrourbano.com\/suscripciones\" target=\"_blank\" data-saferedirecturl=\"https:\/\/www.google.com\/url?hl=es&amp;q=https:\/\/centrourbano.com\/suscripciones&amp;source=gmail&amp;ust=1490897879346000&amp;usg=AFQjCNEZ4HVHFsCyp_EXYwaKRdZ9TcAVqw\">https:\/\/centrourbano.com\/<wbr \/><span class=\"il\">suscripciones<\/span><\/a>\u00ab]suscr\u00edbete\u00a0<strong>aqu\u00ed<\/strong><wbr \/>[\/button_link]<\/p>\n","protected":false},"excerpt":{"rendered":"<p>El objetivo es responder a la creciente necesidad de formar profesionales en estos campos de estudio<\/p>\n","protected":false},"author":9,"featured_media":50992,"comment_status":"open","ping_status":"closed","sticky":false,"template":"","format":"standard","meta":{"om_disable_all_campaigns":false,"inline_featured_image":false,"_monsterinsights_skip_tracking":false,"_monsterinsights_sitenote_active":false,"_monsterinsights_sitenote_note":"","_monsterinsights_sitenote_category":0,"footnotes":""},"categories":[80],"tags":[9846,9841,9843,9844,9842,9845,244],"class_list":["post-50991","post","type-post","status-publish","format-standard","has-post-thumbnail","hentry","category-actualidad","tag-cele","tag-escuela-nacional-de-lenguas","tag-lenguas","tag-linguistica","tag-linguistica-y-traduccion","tag-traduccion","tag-unam"],"yoast_head":"<!-- This site is optimized with the Yoast SEO plugin v27.4 - https:\/\/yoast.com\/product\/yoast-seo-wordpress\/ -->\n<title>UNAM crea Escuela Nacional de Lenguas, Ling\u00fc\u00edstica y Traducci\u00f3n<\/title>\n<meta name=\"description\" content=\"El objetivo es responder a la creciente necesidad de formar profesionales en estos campos de estudio\" \/>\n<meta name=\"robots\" content=\"index, follow, max-snippet:-1, max-image-preview:large, max-video-preview:-1\" \/>\n<link rel=\"canonical\" href=\"https:\/\/centrourbano.com\/revista\/actualidad\/unam-crea-escuela-nacional-lenguas-linguistica-traduccion\/\" \/>\n<meta property=\"og:locale\" content=\"es_ES\" \/>\n<meta property=\"og:type\" content=\"article\" \/>\n<meta property=\"og:title\" content=\"UNAM crea Escuela Nacional de Lenguas, Ling\u00fc\u00edstica y Traducci\u00f3n\" \/>\n<meta property=\"og:description\" content=\"El objetivo es responder a la creciente necesidad de formar profesionales en estos campos de estudio\" \/>\n<meta property=\"og:url\" content=\"https:\/\/centrourbano.com\/revista\/actualidad\/unam-crea-escuela-nacional-lenguas-linguistica-traduccion\/\" \/>\n<meta property=\"og:site_name\" content=\"Centro Urbano\" \/>\n<meta property=\"article:publisher\" content=\"https:\/\/www.facebook.com\/portalcentrourbano\" \/>\n<meta property=\"article:published_time\" content=\"2017-03-24T21:45:51+00:00\" \/>\n<meta property=\"article:modified_time\" content=\"2017-03-29T18:59:30+00:00\" \/>\n<meta property=\"og:image\" content=\"https:\/\/centrourbano.com\/revista\/wp-content\/uploads\/UNAM-crea-Escuela-Nacional-de-Lenguas-Ling\u00fc\u00edstica-y-Traducci\u00f3n-scaled.jpg\" \/>\n\t<meta property=\"og:image:width\" content=\"2560\" \/>\n\t<meta property=\"og:image:height\" content=\"1592\" \/>\n\t<meta property=\"og:image:type\" content=\"image\/jpeg\" \/>\n<meta name=\"author\" content=\"Dinorah Nava\" \/>\n<meta name=\"twitter:card\" content=\"summary_large_image\" \/>\n<meta name=\"twitter:creator\" content=\"@https:\/\/twitter.com\/Dinorah_Nava28\" \/>\n<meta name=\"twitter:site\" content=\"@CentroUrbano\" \/>\n<meta name=\"twitter:label1\" content=\"Escrito por\" \/>\n\t<meta name=\"twitter:data1\" content=\"Dinorah Nava\" \/>\n\t<meta name=\"twitter:label2\" content=\"Tiempo de lectura\" \/>\n\t<meta name=\"twitter:data2\" content=\"3 minutos\" \/>\n<script type=\"application\/ld+json\" class=\"yoast-schema-graph\">{\"@context\":\"https:\\\/\\\/schema.org\",\"@graph\":[{\"@type\":\"Article\",\"@id\":\"https:\\\/\\\/centrourbano.com\\\/revista\\\/actualidad\\\/unam-crea-escuela-nacional-lenguas-linguistica-traduccion\\\/#article\",\"isPartOf\":{\"@id\":\"https:\\\/\\\/centrourbano.com\\\/revista\\\/actualidad\\\/unam-crea-escuela-nacional-lenguas-linguistica-traduccion\\\/\"},\"author\":{\"name\":\"Dinorah Nava\",\"@id\":\"https:\\\/\\\/centrourbano.com\\\/revista\\\/#\\\/schema\\\/person\\\/b45db815d96831257ba428a3d5a5fbdc\"},\"headline\":\"UNAM crea Escuela Nacional de Lenguas, Ling\u00fc\u00edstica y Traducci\u00f3n\",\"datePublished\":\"2017-03-24T21:45:51+00:00\",\"dateModified\":\"2017-03-29T18:59:30+00:00\",\"mainEntityOfPage\":{\"@id\":\"https:\\\/\\\/centrourbano.com\\\/revista\\\/actualidad\\\/unam-crea-escuela-nacional-lenguas-linguistica-traduccion\\\/\"},\"wordCount\":515,\"commentCount\":0,\"publisher\":{\"@id\":\"https:\\\/\\\/centrourbano.com\\\/revista\\\/#organization\"},\"image\":{\"@id\":\"https:\\\/\\\/centrourbano.com\\\/revista\\\/actualidad\\\/unam-crea-escuela-nacional-lenguas-linguistica-traduccion\\\/#primaryimage\"},\"thumbnailUrl\":\"https:\\\/\\\/centrourbano.com\\\/revista\\\/wp-content\\\/uploads\\\/UNAM-crea-Escuela-Nacional-de-Lenguas-Ling\u00fc\u00edstica-y-Traducci\u00f3n-scaled.jpg\",\"keywords\":[\"CELE\",\"Escuela Nacional de Lenguas\",\"Lenguas\",\"Ling\u00fc\u00edstica\",\"Ling\u00fc\u00edstica y Traducci\u00f3n\",\"Traducci\u00f3n\",\"UNAM\"],\"articleSection\":[\"Actualidad\"],\"inLanguage\":\"es\",\"potentialAction\":[{\"@type\":\"CommentAction\",\"name\":\"Comment\",\"target\":[\"https:\\\/\\\/centrourbano.com\\\/revista\\\/actualidad\\\/unam-crea-escuela-nacional-lenguas-linguistica-traduccion\\\/#respond\"]}]},{\"@type\":\"WebPage\",\"@id\":\"https:\\\/\\\/centrourbano.com\\\/revista\\\/actualidad\\\/unam-crea-escuela-nacional-lenguas-linguistica-traduccion\\\/\",\"url\":\"https:\\\/\\\/centrourbano.com\\\/revista\\\/actualidad\\\/unam-crea-escuela-nacional-lenguas-linguistica-traduccion\\\/\",\"name\":\"UNAM crea Escuela Nacional de Lenguas, Ling\u00fc\u00edstica y Traducci\u00f3n\",\"isPartOf\":{\"@id\":\"https:\\\/\\\/centrourbano.com\\\/revista\\\/#website\"},\"primaryImageOfPage\":{\"@id\":\"https:\\\/\\\/centrourbano.com\\\/revista\\\/actualidad\\\/unam-crea-escuela-nacional-lenguas-linguistica-traduccion\\\/#primaryimage\"},\"image\":{\"@id\":\"https:\\\/\\\/centrourbano.com\\\/revista\\\/actualidad\\\/unam-crea-escuela-nacional-lenguas-linguistica-traduccion\\\/#primaryimage\"},\"thumbnailUrl\":\"https:\\\/\\\/centrourbano.com\\\/revista\\\/wp-content\\\/uploads\\\/UNAM-crea-Escuela-Nacional-de-Lenguas-Ling\u00fc\u00edstica-y-Traducci\u00f3n-scaled.jpg\",\"datePublished\":\"2017-03-24T21:45:51+00:00\",\"dateModified\":\"2017-03-29T18:59:30+00:00\",\"description\":\"El objetivo es responder a la creciente necesidad de formar profesionales en estos campos de estudio\",\"breadcrumb\":{\"@id\":\"https:\\\/\\\/centrourbano.com\\\/revista\\\/actualidad\\\/unam-crea-escuela-nacional-lenguas-linguistica-traduccion\\\/#breadcrumb\"},\"inLanguage\":\"es\",\"potentialAction\":[{\"@type\":\"ReadAction\",\"target\":[\"https:\\\/\\\/centrourbano.com\\\/revista\\\/actualidad\\\/unam-crea-escuela-nacional-lenguas-linguistica-traduccion\\\/\"]}]},{\"@type\":\"ImageObject\",\"inLanguage\":\"es\",\"@id\":\"https:\\\/\\\/centrourbano.com\\\/revista\\\/actualidad\\\/unam-crea-escuela-nacional-lenguas-linguistica-traduccion\\\/#primaryimage\",\"url\":\"https:\\\/\\\/centrourbano.com\\\/revista\\\/wp-content\\\/uploads\\\/UNAM-crea-Escuela-Nacional-de-Lenguas-Ling\u00fc\u00edstica-y-Traducci\u00f3n-scaled.jpg\",\"contentUrl\":\"https:\\\/\\\/centrourbano.com\\\/revista\\\/wp-content\\\/uploads\\\/UNAM-crea-Escuela-Nacional-de-Lenguas-Ling\u00fc\u00edstica-y-Traducci\u00f3n-scaled.jpg\",\"width\":2560,\"height\":1592,\"caption\":\"El objetivo es responder a la creciente necesidad de formar profesionales en estos campos de estudio\"},{\"@type\":\"BreadcrumbList\",\"@id\":\"https:\\\/\\\/centrourbano.com\\\/revista\\\/actualidad\\\/unam-crea-escuela-nacional-lenguas-linguistica-traduccion\\\/#breadcrumb\",\"itemListElement\":[{\"@type\":\"ListItem\",\"position\":1,\"name\":\"Portada\",\"item\":\"https:\\\/\\\/centrourbano.com\\\/revista\\\/\"},{\"@type\":\"ListItem\",\"position\":2,\"name\":\"UNAM crea Escuela Nacional de Lenguas, Ling\u00fc\u00edstica y Traducci\u00f3n\"}]},{\"@type\":\"WebSite\",\"@id\":\"https:\\\/\\\/centrourbano.com\\\/revista\\\/#website\",\"url\":\"https:\\\/\\\/centrourbano.com\\\/revista\\\/\",\"name\":\"Centro Urbano\",\"description\":\"Medio especializado en los sectores vivienda, inmobiliario, construcci\u00f3n, arquitectura y urbanismo.\",\"publisher\":{\"@id\":\"https:\\\/\\\/centrourbano.com\\\/revista\\\/#organization\"},\"potentialAction\":[{\"@type\":\"SearchAction\",\"target\":{\"@type\":\"EntryPoint\",\"urlTemplate\":\"https:\\\/\\\/centrourbano.com\\\/revista\\\/?s={search_term_string}\"},\"query-input\":{\"@type\":\"PropertyValueSpecification\",\"valueRequired\":true,\"valueName\":\"search_term_string\"}}],\"inLanguage\":\"es\"},{\"@type\":\"Organization\",\"@id\":\"https:\\\/\\\/centrourbano.com\\\/revista\\\/#organization\",\"name\":\"Centro Urbano\",\"url\":\"https:\\\/\\\/centrourbano.com\\\/revista\\\/\",\"logo\":{\"@type\":\"ImageObject\",\"inLanguage\":\"es\",\"@id\":\"https:\\\/\\\/centrourbano.com\\\/revista\\\/#\\\/schema\\\/logo\\\/image\\\/\",\"url\":\"https:\\\/\\\/centrourbano.com\\\/revista\\\/wp-content\\\/uploads\\\/web_CU_logo-1.png\",\"contentUrl\":\"https:\\\/\\\/centrourbano.com\\\/revista\\\/wp-content\\\/uploads\\\/web_CU_logo-1.png\",\"width\":350,\"height\":91,\"caption\":\"Centro Urbano\"},\"image\":{\"@id\":\"https:\\\/\\\/centrourbano.com\\\/revista\\\/#\\\/schema\\\/logo\\\/image\\\/\"},\"sameAs\":[\"https:\\\/\\\/www.facebook.com\\\/portalcentrourbano\",\"https:\\\/\\\/x.com\\\/CentroUrbano\",\"https:\\\/\\\/www.instagram.com\\\/centro_urbano\\\/\",\"https:\\\/\\\/www.linkedin.com\\\/company\\\/centro-urbano\\\/\",\"http:\\\/\\\/www.youtube.com\\\/user\\\/portalcentrourbano\"]},{\"@type\":\"Person\",\"@id\":\"https:\\\/\\\/centrourbano.com\\\/revista\\\/#\\\/schema\\\/person\\\/b45db815d96831257ba428a3d5a5fbdc\",\"name\":\"Dinorah Nava\",\"image\":{\"@type\":\"ImageObject\",\"inLanguage\":\"es\",\"@id\":\"https:\\\/\\\/secure.gravatar.com\\\/avatar\\\/f6ca6430c51d147f363940f84e1225aa4b8183885c11802cc3b042305a4ecc1a?s=96&d=mm&r=g\",\"url\":\"https:\\\/\\\/secure.gravatar.com\\\/avatar\\\/f6ca6430c51d147f363940f84e1225aa4b8183885c11802cc3b042305a4ecc1a?s=96&d=mm&r=g\",\"contentUrl\":\"https:\\\/\\\/secure.gravatar.com\\\/avatar\\\/f6ca6430c51d147f363940f84e1225aa4b8183885c11802cc3b042305a4ecc1a?s=96&d=mm&r=g\",\"caption\":\"Dinorah Nava\"},\"description\":\"Editora de Contenidos y Estrategias Digitales en Centro Urbano y Coeditora en Peri\u00f3dico Mi Casa. Egresada de la licenciatura en Comunicaci\u00f3n y Periodismo de la Facultad de Estudios Superiores Arag\u00f3n (UNAM). Amante de la edici\u00f3n y correcci\u00f3n de estilo, las redes sociales y el mundo digital. Especialista en temas son arquitectura, inmobiliario y urbanismo.\",\"sameAs\":[\"linkedin.com\\\/in\\\/dinorah-nava\",\"https:\\\/\\\/x.com\\\/https:\\\/\\\/twitter.com\\\/Dinorah_Nava28\"],\"url\":\"https:\\\/\\\/centrourbano.com\\\/revista\\\/author\\\/dinorah-nava\\\/\"}]}<\/script>\n<!-- \/ Yoast SEO plugin. -->","yoast_head_json":{"title":"UNAM crea Escuela Nacional de Lenguas, Ling\u00fc\u00edstica y Traducci\u00f3n","description":"El objetivo es responder a la creciente necesidad de formar profesionales en estos campos de estudio","robots":{"index":"index","follow":"follow","max-snippet":"max-snippet:-1","max-image-preview":"max-image-preview:large","max-video-preview":"max-video-preview:-1"},"canonical":"https:\/\/centrourbano.com\/revista\/actualidad\/unam-crea-escuela-nacional-lenguas-linguistica-traduccion\/","og_locale":"es_ES","og_type":"article","og_title":"UNAM crea Escuela Nacional de Lenguas, Ling\u00fc\u00edstica y Traducci\u00f3n","og_description":"El objetivo es responder a la creciente necesidad de formar profesionales en estos campos de estudio","og_url":"https:\/\/centrourbano.com\/revista\/actualidad\/unam-crea-escuela-nacional-lenguas-linguistica-traduccion\/","og_site_name":"Centro Urbano","article_publisher":"https:\/\/www.facebook.com\/portalcentrourbano","article_published_time":"2017-03-24T21:45:51+00:00","article_modified_time":"2017-03-29T18:59:30+00:00","og_image":[{"width":2560,"height":1592,"url":"https:\/\/centrourbano.com\/revista\/wp-content\/uploads\/UNAM-crea-Escuela-Nacional-de-Lenguas-Ling\u00fc\u00edstica-y-Traducci\u00f3n-scaled.jpg","type":"image\/jpeg"}],"author":"Dinorah Nava","twitter_card":"summary_large_image","twitter_creator":"@https:\/\/twitter.com\/Dinorah_Nava28","twitter_site":"@CentroUrbano","twitter_misc":{"Escrito por":"Dinorah Nava","Tiempo de lectura":"3 minutos"},"schema":{"@context":"https:\/\/schema.org","@graph":[{"@type":"Article","@id":"https:\/\/centrourbano.com\/revista\/actualidad\/unam-crea-escuela-nacional-lenguas-linguistica-traduccion\/#article","isPartOf":{"@id":"https:\/\/centrourbano.com\/revista\/actualidad\/unam-crea-escuela-nacional-lenguas-linguistica-traduccion\/"},"author":{"name":"Dinorah Nava","@id":"https:\/\/centrourbano.com\/revista\/#\/schema\/person\/b45db815d96831257ba428a3d5a5fbdc"},"headline":"UNAM crea Escuela Nacional de Lenguas, Ling\u00fc\u00edstica y Traducci\u00f3n","datePublished":"2017-03-24T21:45:51+00:00","dateModified":"2017-03-29T18:59:30+00:00","mainEntityOfPage":{"@id":"https:\/\/centrourbano.com\/revista\/actualidad\/unam-crea-escuela-nacional-lenguas-linguistica-traduccion\/"},"wordCount":515,"commentCount":0,"publisher":{"@id":"https:\/\/centrourbano.com\/revista\/#organization"},"image":{"@id":"https:\/\/centrourbano.com\/revista\/actualidad\/unam-crea-escuela-nacional-lenguas-linguistica-traduccion\/#primaryimage"},"thumbnailUrl":"https:\/\/centrourbano.com\/revista\/wp-content\/uploads\/UNAM-crea-Escuela-Nacional-de-Lenguas-Ling\u00fc\u00edstica-y-Traducci\u00f3n-scaled.jpg","keywords":["CELE","Escuela Nacional de Lenguas","Lenguas","Ling\u00fc\u00edstica","Ling\u00fc\u00edstica y Traducci\u00f3n","Traducci\u00f3n","UNAM"],"articleSection":["Actualidad"],"inLanguage":"es","potentialAction":[{"@type":"CommentAction","name":"Comment","target":["https:\/\/centrourbano.com\/revista\/actualidad\/unam-crea-escuela-nacional-lenguas-linguistica-traduccion\/#respond"]}]},{"@type":"WebPage","@id":"https:\/\/centrourbano.com\/revista\/actualidad\/unam-crea-escuela-nacional-lenguas-linguistica-traduccion\/","url":"https:\/\/centrourbano.com\/revista\/actualidad\/unam-crea-escuela-nacional-lenguas-linguistica-traduccion\/","name":"UNAM crea Escuela Nacional de Lenguas, Ling\u00fc\u00edstica y Traducci\u00f3n","isPartOf":{"@id":"https:\/\/centrourbano.com\/revista\/#website"},"primaryImageOfPage":{"@id":"https:\/\/centrourbano.com\/revista\/actualidad\/unam-crea-escuela-nacional-lenguas-linguistica-traduccion\/#primaryimage"},"image":{"@id":"https:\/\/centrourbano.com\/revista\/actualidad\/unam-crea-escuela-nacional-lenguas-linguistica-traduccion\/#primaryimage"},"thumbnailUrl":"https:\/\/centrourbano.com\/revista\/wp-content\/uploads\/UNAM-crea-Escuela-Nacional-de-Lenguas-Ling\u00fc\u00edstica-y-Traducci\u00f3n-scaled.jpg","datePublished":"2017-03-24T21:45:51+00:00","dateModified":"2017-03-29T18:59:30+00:00","description":"El objetivo es responder a la creciente necesidad de formar profesionales en estos campos de estudio","breadcrumb":{"@id":"https:\/\/centrourbano.com\/revista\/actualidad\/unam-crea-escuela-nacional-lenguas-linguistica-traduccion\/#breadcrumb"},"inLanguage":"es","potentialAction":[{"@type":"ReadAction","target":["https:\/\/centrourbano.com\/revista\/actualidad\/unam-crea-escuela-nacional-lenguas-linguistica-traduccion\/"]}]},{"@type":"ImageObject","inLanguage":"es","@id":"https:\/\/centrourbano.com\/revista\/actualidad\/unam-crea-escuela-nacional-lenguas-linguistica-traduccion\/#primaryimage","url":"https:\/\/centrourbano.com\/revista\/wp-content\/uploads\/UNAM-crea-Escuela-Nacional-de-Lenguas-Ling\u00fc\u00edstica-y-Traducci\u00f3n-scaled.jpg","contentUrl":"https:\/\/centrourbano.com\/revista\/wp-content\/uploads\/UNAM-crea-Escuela-Nacional-de-Lenguas-Ling\u00fc\u00edstica-y-Traducci\u00f3n-scaled.jpg","width":2560,"height":1592,"caption":"El objetivo es responder a la creciente necesidad de formar profesionales en estos campos de estudio"},{"@type":"BreadcrumbList","@id":"https:\/\/centrourbano.com\/revista\/actualidad\/unam-crea-escuela-nacional-lenguas-linguistica-traduccion\/#breadcrumb","itemListElement":[{"@type":"ListItem","position":1,"name":"Portada","item":"https:\/\/centrourbano.com\/revista\/"},{"@type":"ListItem","position":2,"name":"UNAM crea Escuela Nacional de Lenguas, Ling\u00fc\u00edstica y Traducci\u00f3n"}]},{"@type":"WebSite","@id":"https:\/\/centrourbano.com\/revista\/#website","url":"https:\/\/centrourbano.com\/revista\/","name":"Centro Urbano","description":"Medio especializado en los sectores vivienda, inmobiliario, construcci\u00f3n, arquitectura y urbanismo.","publisher":{"@id":"https:\/\/centrourbano.com\/revista\/#organization"},"potentialAction":[{"@type":"SearchAction","target":{"@type":"EntryPoint","urlTemplate":"https:\/\/centrourbano.com\/revista\/?s={search_term_string}"},"query-input":{"@type":"PropertyValueSpecification","valueRequired":true,"valueName":"search_term_string"}}],"inLanguage":"es"},{"@type":"Organization","@id":"https:\/\/centrourbano.com\/revista\/#organization","name":"Centro Urbano","url":"https:\/\/centrourbano.com\/revista\/","logo":{"@type":"ImageObject","inLanguage":"es","@id":"https:\/\/centrourbano.com\/revista\/#\/schema\/logo\/image\/","url":"https:\/\/centrourbano.com\/revista\/wp-content\/uploads\/web_CU_logo-1.png","contentUrl":"https:\/\/centrourbano.com\/revista\/wp-content\/uploads\/web_CU_logo-1.png","width":350,"height":91,"caption":"Centro Urbano"},"image":{"@id":"https:\/\/centrourbano.com\/revista\/#\/schema\/logo\/image\/"},"sameAs":["https:\/\/www.facebook.com\/portalcentrourbano","https:\/\/x.com\/CentroUrbano","https:\/\/www.instagram.com\/centro_urbano\/","https:\/\/www.linkedin.com\/company\/centro-urbano\/","http:\/\/www.youtube.com\/user\/portalcentrourbano"]},{"@type":"Person","@id":"https:\/\/centrourbano.com\/revista\/#\/schema\/person\/b45db815d96831257ba428a3d5a5fbdc","name":"Dinorah Nava","image":{"@type":"ImageObject","inLanguage":"es","@id":"https:\/\/secure.gravatar.com\/avatar\/f6ca6430c51d147f363940f84e1225aa4b8183885c11802cc3b042305a4ecc1a?s=96&d=mm&r=g","url":"https:\/\/secure.gravatar.com\/avatar\/f6ca6430c51d147f363940f84e1225aa4b8183885c11802cc3b042305a4ecc1a?s=96&d=mm&r=g","contentUrl":"https:\/\/secure.gravatar.com\/avatar\/f6ca6430c51d147f363940f84e1225aa4b8183885c11802cc3b042305a4ecc1a?s=96&d=mm&r=g","caption":"Dinorah Nava"},"description":"Editora de Contenidos y Estrategias Digitales en Centro Urbano y Coeditora en Peri\u00f3dico Mi Casa. Egresada de la licenciatura en Comunicaci\u00f3n y Periodismo de la Facultad de Estudios Superiores Arag\u00f3n (UNAM). Amante de la edici\u00f3n y correcci\u00f3n de estilo, las redes sociales y el mundo digital. Especialista en temas son arquitectura, inmobiliario y urbanismo.","sameAs":["linkedin.com\/in\/dinorah-nava","https:\/\/x.com\/https:\/\/twitter.com\/Dinorah_Nava28"],"url":"https:\/\/centrourbano.com\/revista\/author\/dinorah-nava\/"}]}},"_links":{"self":[{"href":"https:\/\/centrourbano.com\/revista\/wp-json\/wp\/v2\/posts\/50991","targetHints":{"allow":["GET"]}}],"collection":[{"href":"https:\/\/centrourbano.com\/revista\/wp-json\/wp\/v2\/posts"}],"about":[{"href":"https:\/\/centrourbano.com\/revista\/wp-json\/wp\/v2\/types\/post"}],"author":[{"embeddable":true,"href":"https:\/\/centrourbano.com\/revista\/wp-json\/wp\/v2\/users\/9"}],"replies":[{"embeddable":true,"href":"https:\/\/centrourbano.com\/revista\/wp-json\/wp\/v2\/comments?post=50991"}],"version-history":[{"count":0,"href":"https:\/\/centrourbano.com\/revista\/wp-json\/wp\/v2\/posts\/50991\/revisions"}],"wp:featuredmedia":[{"embeddable":true,"href":"https:\/\/centrourbano.com\/revista\/wp-json\/wp\/v2\/media\/50992"}],"wp:attachment":[{"href":"https:\/\/centrourbano.com\/revista\/wp-json\/wp\/v2\/media?parent=50991"}],"wp:term":[{"taxonomy":"category","embeddable":true,"href":"https:\/\/centrourbano.com\/revista\/wp-json\/wp\/v2\/categories?post=50991"},{"taxonomy":"post_tag","embeddable":true,"href":"https:\/\/centrourbano.com\/revista\/wp-json\/wp\/v2\/tags?post=50991"}],"curies":[{"name":"wp","href":"https:\/\/api.w.org\/{rel}","templated":true}]}}