{"id":50987,"date":"2017-03-24T15:03:20","date_gmt":"2017-03-24T21:03:20","guid":{"rendered":"https:\/\/centrourbano.com\/?p=50987"},"modified":"2017-03-29T12:59:52","modified_gmt":"2017-03-29T18:59:52","slug":"proyectos-espacios-verdes-paris","status":"publish","type":"post","link":"https:\/\/centrourbano.com\/revista\/urbanismo\/proyectos-espacios-verdes-paris\/","title":{"rendered":"Crean proyectos para generar espacios verdes en Par\u00eds"},"content":{"rendered":"<p><em>Autoridades buscan incluir a la poblaci\u00f3n en el desarrollo de \u00e1reas verdes en azoteas, fachadas y espacios p\u00fablicos<\/em><\/p>\n<p>&nbsp;<\/p>\n<p>Con el objetivo de enfrentar sus problemas ambientales, las autoridades de Par\u00eds han creado iniciativas para crear una ciudad m\u00e1s verde; uno de ellos es el programa \u201cVerde cerca de m\u00ed\u201d, que permite a los vecinos ser jardineros en sus barrios.<\/p>\n<p>El programa ha entregado m\u00e1s de 1,400 licencias de jardiner\u00eda a sus habitantes para que planten al pie de los \u00e1rboles o construyan jardineras m\u00f3viles, seg\u00fan los espacios autorizados.<\/p>\n<p>&nbsp;<\/p>\n<p>Otro proyecto es como el plan \u201cParisculteurs\u201d, que busca crear 100 hect\u00e1reas verdes en azoteas y fachadas; \u00e9ste anunci\u00f3 a 33 ganadores de 100 proyectos que participaron con opciones para generar m\u00e1s espacios verdes.<\/p>\n<p>&nbsp;<\/p>\n<p>La convocatoria \u201cParisculteurs 2\u201d est\u00e1 prevista para este a\u00f1o, y en esta ocasi\u00f3n considerar\u00e1 nuevos ejes como orientar los proyectos de plantaci\u00f3n en los condominios y lograr que los agricultores participen en proyectos para las \u00e1reas urbanas.<\/p>\n<p>&nbsp;<\/p>\n<p>El proyecto \u201cCrecer en la ciudad\u201d fue uno de los m\u00e1s apoyados por los habitantes a trav\u00e9s de del Presupuesto Participativo, y considera crear 20 jardines compartidos durante este a\u00f1o en diferentes sectores de la ciudad que se sumar\u00e1n a otros 119 jardines ya construidos<\/p>\n<p>&nbsp;<\/p>\n<p>Otra iniciativa es impulsar la agricultura urbana para contribuir con la disminuci\u00f3n al impacto ambiental de la cadena de producci\u00f3n y distribuci\u00f3n de alimentos en la capital francesa debido a que un 36% de las emisiones de gases de efecto invernadero proviene de este sector.<\/p>\n<p>&nbsp;<\/p>\n<p>Respecto a esta situaci\u00f3n, la Estrategia Alimentaria Territorial considera realizar una consulta con los actores involucrados desde las asociaciones regionales de las industrias alimentarias, representantes de los agricultores, distribuidores correspondientes a los mercados y comerciantes, y los consumidores, para ver c\u00f3mo la mencionada cadena se pueda llevar hacia una transici\u00f3n ecol\u00f3gica.<\/p>\n<p>&nbsp;<\/p>\n<p>A su vez, se busca afianzar el v\u00ednculo entre los agricultores de zonas rurales con los de \u00e1reas urbanas mediante encuentros en que puedan intercambiar conocimientos y pr\u00e1cticas con el objetivo de ver c\u00f3mo sus proyectos pueden alcanzar el equilibrio econ\u00f3mico, as\u00ed como brindar espacios a los agricultores de zonas rurales en el centro de la ciudad.<\/p>\n<p>&nbsp;<\/p>\n<p>Tambi\u00e9n est\u00e1 el Plan de Abono con miras al 2020, que busca triplicar el n\u00fameros de sitios para el compostaje en edificio y producir 30,000 toneladas de composta al a\u00f1o con residuos de alimentos para abastecer a los agricultores; el municipio tambi\u00e9n comprende apoyar la creaci\u00f3n de una planta de biog\u00e1s.<\/p>\n<p><strong>Conoce m\u00e1s en nuestra publicaci\u00f3n digital<\/strong><br \/>\n[button_link size=\u00bbmedium\u00bb src=\u00bb<a href=\"https:\/\/centrourbano.com\/suscripciones\" target=\"_blank\" data-saferedirecturl=\"https:\/\/www.google.com\/url?hl=es&amp;q=https:\/\/centrourbano.com\/suscripciones&amp;source=gmail&amp;ust=1490897879346000&amp;usg=AFQjCNEZ4HVHFsCyp_EXYwaKRdZ9TcAVqw\">https:\/\/centrourbano.com\/<wbr \/><span class=\"il\">suscripciones<\/span><\/a>\u00ab]suscr\u00edbete\u00a0<strong>aqu\u00ed<\/strong><wbr \/>[\/button_link]<\/p>\n<p>&nbsp;<\/p>\n<p>Conoce m\u00e1s en nuestra publicaci\u00f3n digital<br \/>\n[button_link size=\u00bbmedium\u00bb src=\u00bbhttps:\/\/centrourbano.com\/suscripciones\u00bb]suscr\u00edbete aqu\u00ed[\/button_link]<\/p>\n","protected":false},"excerpt":{"rendered":"<p>Autoridades buscan incluir a la poblaci\u00f3n en el desarrollo de \u00e1reas verdes en azoteas, fachadas y espacios p\u00fablicos &nbsp; Con el objetivo de enfrentar sus problemas ambientales, las autoridades de Par\u00eds han creado iniciativas para crear una ciudad m\u00e1s verde; uno de ellos es el programa \u201cVerde cerca de m\u00ed\u201d, que permite a los vecinos [&hellip;]<\/p>\n","protected":false},"author":45,"featured_media":50988,"comment_status":"open","ping_status":"closed","sticky":false,"template":"","format":"standard","meta":{"om_disable_all_campaigns":false,"inline_featured_image":false,"_monsterinsights_skip_tracking":false,"_monsterinsights_sitenote_active":false,"_monsterinsights_sitenote_note":"","_monsterinsights_sitenote_category":0,"footnotes":""},"categories":[82],"tags":[],"class_list":["post-50987","post","type-post","status-publish","format-standard","has-post-thumbnail","hentry","category-urbanismo"],"yoast_head":"<!-- This site is optimized with the Yoast SEO plugin v27.4 - https:\/\/yoast.com\/product\/yoast-seo-wordpress\/ -->\n<title>Crean proyectos para generar espacios verdes en Par\u00eds -<\/title>\n<meta name=\"description\" content=\"Autoridades buscan incluir a la poblaci\u00f3n en el desarrollo de \u00e1reas verdes en azoteas, fachadas y espacios p\u00fablicos\" \/>\n<meta name=\"robots\" content=\"index, follow, max-snippet:-1, max-image-preview:large, max-video-preview:-1\" \/>\n<link rel=\"canonical\" href=\"https:\/\/centrourbano.com\/revista\/urbanismo\/proyectos-espacios-verdes-paris\/\" \/>\n<meta property=\"og:locale\" content=\"es_ES\" \/>\n<meta property=\"og:type\" content=\"article\" \/>\n<meta property=\"og:title\" content=\"Crean proyectos para generar espacios verdes en Par\u00eds -\" \/>\n<meta property=\"og:description\" content=\"Autoridades buscan incluir a la poblaci\u00f3n en el desarrollo de \u00e1reas verdes en azoteas, fachadas y espacios p\u00fablicos\" \/>\n<meta property=\"og:url\" content=\"https:\/\/centrourbano.com\/revista\/urbanismo\/proyectos-espacios-verdes-paris\/\" \/>\n<meta property=\"og:site_name\" content=\"Centro Urbano\" \/>\n<meta property=\"article:publisher\" content=\"https:\/\/www.facebook.com\/portalcentrourbano\" \/>\n<meta property=\"article:published_time\" content=\"2017-03-24T21:03:20+00:00\" \/>\n<meta property=\"article:modified_time\" content=\"2017-03-29T18:59:52+00:00\" \/>\n<meta property=\"og:image\" content=\"https:\/\/centrourbano.com\/revista\/wp-content\/uploads\/francia.jpg\" \/>\n\t<meta property=\"og:image:width\" content=\"1000\" \/>\n\t<meta property=\"og:image:height\" content=\"750\" \/>\n\t<meta property=\"og:image:type\" content=\"image\/jpeg\" \/>\n<meta name=\"author\" content=\"Hanae Pacheco\" \/>\n<meta name=\"twitter:card\" content=\"summary_large_image\" \/>\n<meta name=\"twitter:creator\" content=\"@CentroUrbano\" \/>\n<meta name=\"twitter:site\" content=\"@CentroUrbano\" \/>\n<meta name=\"twitter:label1\" content=\"Escrito por\" \/>\n\t<meta name=\"twitter:data1\" content=\"Hanae Pacheco\" \/>\n\t<meta name=\"twitter:label2\" content=\"Tiempo de lectura\" \/>\n\t<meta name=\"twitter:data2\" content=\"2 minutos\" \/>\n<script type=\"application\/ld+json\" class=\"yoast-schema-graph\">{\"@context\":\"https:\\\/\\\/schema.org\",\"@graph\":[{\"@type\":\"Article\",\"@id\":\"https:\\\/\\\/centrourbano.com\\\/revista\\\/urbanismo\\\/proyectos-espacios-verdes-paris\\\/#article\",\"isPartOf\":{\"@id\":\"https:\\\/\\\/centrourbano.com\\\/revista\\\/urbanismo\\\/proyectos-espacios-verdes-paris\\\/\"},\"author\":{\"name\":\"Hanae Pacheco\",\"@id\":\"https:\\\/\\\/centrourbano.com\\\/revista\\\/#\\\/schema\\\/person\\\/db5aba19153b4dc77f48808c4c2e7027\"},\"headline\":\"Crean proyectos para generar espacios verdes en Par\u00eds\",\"datePublished\":\"2017-03-24T21:03:20+00:00\",\"dateModified\":\"2017-03-29T18:59:52+00:00\",\"mainEntityOfPage\":{\"@id\":\"https:\\\/\\\/centrourbano.com\\\/revista\\\/urbanismo\\\/proyectos-espacios-verdes-paris\\\/\"},\"wordCount\":494,\"commentCount\":0,\"publisher\":{\"@id\":\"https:\\\/\\\/centrourbano.com\\\/revista\\\/#organization\"},\"image\":{\"@id\":\"https:\\\/\\\/centrourbano.com\\\/revista\\\/urbanismo\\\/proyectos-espacios-verdes-paris\\\/#primaryimage\"},\"thumbnailUrl\":\"https:\\\/\\\/centrourbano.com\\\/revista\\\/wp-content\\\/uploads\\\/francia.jpg\",\"articleSection\":[\"Urbanismo\"],\"inLanguage\":\"es\",\"potentialAction\":[{\"@type\":\"CommentAction\",\"name\":\"Comment\",\"target\":[\"https:\\\/\\\/centrourbano.com\\\/revista\\\/urbanismo\\\/proyectos-espacios-verdes-paris\\\/#respond\"]}]},{\"@type\":\"WebPage\",\"@id\":\"https:\\\/\\\/centrourbano.com\\\/revista\\\/urbanismo\\\/proyectos-espacios-verdes-paris\\\/\",\"url\":\"https:\\\/\\\/centrourbano.com\\\/revista\\\/urbanismo\\\/proyectos-espacios-verdes-paris\\\/\",\"name\":\"Crean proyectos para generar espacios verdes en Par\u00eds -\",\"isPartOf\":{\"@id\":\"https:\\\/\\\/centrourbano.com\\\/revista\\\/#website\"},\"primaryImageOfPage\":{\"@id\":\"https:\\\/\\\/centrourbano.com\\\/revista\\\/urbanismo\\\/proyectos-espacios-verdes-paris\\\/#primaryimage\"},\"image\":{\"@id\":\"https:\\\/\\\/centrourbano.com\\\/revista\\\/urbanismo\\\/proyectos-espacios-verdes-paris\\\/#primaryimage\"},\"thumbnailUrl\":\"https:\\\/\\\/centrourbano.com\\\/revista\\\/wp-content\\\/uploads\\\/francia.jpg\",\"datePublished\":\"2017-03-24T21:03:20+00:00\",\"dateModified\":\"2017-03-29T18:59:52+00:00\",\"description\":\"Autoridades buscan incluir a la poblaci\u00f3n en el desarrollo de \u00e1reas verdes en azoteas, fachadas y espacios p\u00fablicos\",\"breadcrumb\":{\"@id\":\"https:\\\/\\\/centrourbano.com\\\/revista\\\/urbanismo\\\/proyectos-espacios-verdes-paris\\\/#breadcrumb\"},\"inLanguage\":\"es\",\"potentialAction\":[{\"@type\":\"ReadAction\",\"target\":[\"https:\\\/\\\/centrourbano.com\\\/revista\\\/urbanismo\\\/proyectos-espacios-verdes-paris\\\/\"]}]},{\"@type\":\"ImageObject\",\"inLanguage\":\"es\",\"@id\":\"https:\\\/\\\/centrourbano.com\\\/revista\\\/urbanismo\\\/proyectos-espacios-verdes-paris\\\/#primaryimage\",\"url\":\"https:\\\/\\\/centrourbano.com\\\/revista\\\/wp-content\\\/uploads\\\/francia.jpg\",\"contentUrl\":\"https:\\\/\\\/centrourbano.com\\\/revista\\\/wp-content\\\/uploads\\\/francia.jpg\",\"width\":1000,\"height\":750,\"caption\":\"Autoridades buscan incluir a la poblaci\u00f3n en el desarrollo de \u00e1reas verdes en azoteas, fachadas y espacios p\u00fablicos\"},{\"@type\":\"BreadcrumbList\",\"@id\":\"https:\\\/\\\/centrourbano.com\\\/revista\\\/urbanismo\\\/proyectos-espacios-verdes-paris\\\/#breadcrumb\",\"itemListElement\":[{\"@type\":\"ListItem\",\"position\":1,\"name\":\"Portada\",\"item\":\"https:\\\/\\\/centrourbano.com\\\/revista\\\/\"},{\"@type\":\"ListItem\",\"position\":2,\"name\":\"Crean proyectos para generar espacios verdes en Par\u00eds\"}]},{\"@type\":\"WebSite\",\"@id\":\"https:\\\/\\\/centrourbano.com\\\/revista\\\/#website\",\"url\":\"https:\\\/\\\/centrourbano.com\\\/revista\\\/\",\"name\":\"Centro Urbano\",\"description\":\"Medio especializado en los sectores vivienda, inmobiliario, construcci\u00f3n, arquitectura y urbanismo.\",\"publisher\":{\"@id\":\"https:\\\/\\\/centrourbano.com\\\/revista\\\/#organization\"},\"potentialAction\":[{\"@type\":\"SearchAction\",\"target\":{\"@type\":\"EntryPoint\",\"urlTemplate\":\"https:\\\/\\\/centrourbano.com\\\/revista\\\/?s={search_term_string}\"},\"query-input\":{\"@type\":\"PropertyValueSpecification\",\"valueRequired\":true,\"valueName\":\"search_term_string\"}}],\"inLanguage\":\"es\"},{\"@type\":\"Organization\",\"@id\":\"https:\\\/\\\/centrourbano.com\\\/revista\\\/#organization\",\"name\":\"Centro Urbano\",\"url\":\"https:\\\/\\\/centrourbano.com\\\/revista\\\/\",\"logo\":{\"@type\":\"ImageObject\",\"inLanguage\":\"es\",\"@id\":\"https:\\\/\\\/centrourbano.com\\\/revista\\\/#\\\/schema\\\/logo\\\/image\\\/\",\"url\":\"https:\\\/\\\/centrourbano.com\\\/revista\\\/wp-content\\\/uploads\\\/web_CU_logo-1.png\",\"contentUrl\":\"https:\\\/\\\/centrourbano.com\\\/revista\\\/wp-content\\\/uploads\\\/web_CU_logo-1.png\",\"width\":350,\"height\":91,\"caption\":\"Centro Urbano\"},\"image\":{\"@id\":\"https:\\\/\\\/centrourbano.com\\\/revista\\\/#\\\/schema\\\/logo\\\/image\\\/\"},\"sameAs\":[\"https:\\\/\\\/www.facebook.com\\\/portalcentrourbano\",\"https:\\\/\\\/x.com\\\/CentroUrbano\",\"https:\\\/\\\/www.instagram.com\\\/centro_urbano\\\/\",\"https:\\\/\\\/www.linkedin.com\\\/company\\\/centro-urbano\\\/\",\"http:\\\/\\\/www.youtube.com\\\/user\\\/portalcentrourbano\"]},{\"@type\":\"Person\",\"@id\":\"https:\\\/\\\/centrourbano.com\\\/revista\\\/#\\\/schema\\\/person\\\/db5aba19153b4dc77f48808c4c2e7027\",\"name\":\"Hanae Pacheco\",\"image\":{\"@type\":\"ImageObject\",\"inLanguage\":\"es\",\"@id\":\"https:\\\/\\\/secure.gravatar.com\\\/avatar\\\/85378918db488c7c72bd7acaea6909bbfd5df076ffaf5e56cf397f98ef67f72d?s=96&d=mm&r=g\",\"url\":\"https:\\\/\\\/secure.gravatar.com\\\/avatar\\\/85378918db488c7c72bd7acaea6909bbfd5df076ffaf5e56cf397f98ef67f72d?s=96&d=mm&r=g\",\"contentUrl\":\"https:\\\/\\\/secure.gravatar.com\\\/avatar\\\/85378918db488c7c72bd7acaea6909bbfd5df076ffaf5e56cf397f98ef67f72d?s=96&d=mm&r=g\",\"caption\":\"Hanae Pacheco\"},\"url\":\"https:\\\/\\\/centrourbano.com\\\/revista\\\/author\\\/hanae-pacheco\\\/\"}]}<\/script>\n<!-- \/ Yoast SEO plugin. -->","yoast_head_json":{"title":"Crean proyectos para generar espacios verdes en Par\u00eds -","description":"Autoridades buscan incluir a la poblaci\u00f3n en el desarrollo de \u00e1reas verdes en azoteas, fachadas y espacios p\u00fablicos","robots":{"index":"index","follow":"follow","max-snippet":"max-snippet:-1","max-image-preview":"max-image-preview:large","max-video-preview":"max-video-preview:-1"},"canonical":"https:\/\/centrourbano.com\/revista\/urbanismo\/proyectos-espacios-verdes-paris\/","og_locale":"es_ES","og_type":"article","og_title":"Crean proyectos para generar espacios verdes en Par\u00eds -","og_description":"Autoridades buscan incluir a la poblaci\u00f3n en el desarrollo de \u00e1reas verdes en azoteas, fachadas y espacios p\u00fablicos","og_url":"https:\/\/centrourbano.com\/revista\/urbanismo\/proyectos-espacios-verdes-paris\/","og_site_name":"Centro Urbano","article_publisher":"https:\/\/www.facebook.com\/portalcentrourbano","article_published_time":"2017-03-24T21:03:20+00:00","article_modified_time":"2017-03-29T18:59:52+00:00","og_image":[{"width":1000,"height":750,"url":"https:\/\/centrourbano.com\/revista\/wp-content\/uploads\/francia.jpg","type":"image\/jpeg"}],"author":"Hanae Pacheco","twitter_card":"summary_large_image","twitter_creator":"@CentroUrbano","twitter_site":"@CentroUrbano","twitter_misc":{"Escrito por":"Hanae Pacheco","Tiempo de lectura":"2 minutos"},"schema":{"@context":"https:\/\/schema.org","@graph":[{"@type":"Article","@id":"https:\/\/centrourbano.com\/revista\/urbanismo\/proyectos-espacios-verdes-paris\/#article","isPartOf":{"@id":"https:\/\/centrourbano.com\/revista\/urbanismo\/proyectos-espacios-verdes-paris\/"},"author":{"name":"Hanae Pacheco","@id":"https:\/\/centrourbano.com\/revista\/#\/schema\/person\/db5aba19153b4dc77f48808c4c2e7027"},"headline":"Crean proyectos para generar espacios verdes en Par\u00eds","datePublished":"2017-03-24T21:03:20+00:00","dateModified":"2017-03-29T18:59:52+00:00","mainEntityOfPage":{"@id":"https:\/\/centrourbano.com\/revista\/urbanismo\/proyectos-espacios-verdes-paris\/"},"wordCount":494,"commentCount":0,"publisher":{"@id":"https:\/\/centrourbano.com\/revista\/#organization"},"image":{"@id":"https:\/\/centrourbano.com\/revista\/urbanismo\/proyectos-espacios-verdes-paris\/#primaryimage"},"thumbnailUrl":"https:\/\/centrourbano.com\/revista\/wp-content\/uploads\/francia.jpg","articleSection":["Urbanismo"],"inLanguage":"es","potentialAction":[{"@type":"CommentAction","name":"Comment","target":["https:\/\/centrourbano.com\/revista\/urbanismo\/proyectos-espacios-verdes-paris\/#respond"]}]},{"@type":"WebPage","@id":"https:\/\/centrourbano.com\/revista\/urbanismo\/proyectos-espacios-verdes-paris\/","url":"https:\/\/centrourbano.com\/revista\/urbanismo\/proyectos-espacios-verdes-paris\/","name":"Crean proyectos para generar espacios verdes en Par\u00eds -","isPartOf":{"@id":"https:\/\/centrourbano.com\/revista\/#website"},"primaryImageOfPage":{"@id":"https:\/\/centrourbano.com\/revista\/urbanismo\/proyectos-espacios-verdes-paris\/#primaryimage"},"image":{"@id":"https:\/\/centrourbano.com\/revista\/urbanismo\/proyectos-espacios-verdes-paris\/#primaryimage"},"thumbnailUrl":"https:\/\/centrourbano.com\/revista\/wp-content\/uploads\/francia.jpg","datePublished":"2017-03-24T21:03:20+00:00","dateModified":"2017-03-29T18:59:52+00:00","description":"Autoridades buscan incluir a la poblaci\u00f3n en el desarrollo de \u00e1reas verdes en azoteas, fachadas y espacios p\u00fablicos","breadcrumb":{"@id":"https:\/\/centrourbano.com\/revista\/urbanismo\/proyectos-espacios-verdes-paris\/#breadcrumb"},"inLanguage":"es","potentialAction":[{"@type":"ReadAction","target":["https:\/\/centrourbano.com\/revista\/urbanismo\/proyectos-espacios-verdes-paris\/"]}]},{"@type":"ImageObject","inLanguage":"es","@id":"https:\/\/centrourbano.com\/revista\/urbanismo\/proyectos-espacios-verdes-paris\/#primaryimage","url":"https:\/\/centrourbano.com\/revista\/wp-content\/uploads\/francia.jpg","contentUrl":"https:\/\/centrourbano.com\/revista\/wp-content\/uploads\/francia.jpg","width":1000,"height":750,"caption":"Autoridades buscan incluir a la poblaci\u00f3n en el desarrollo de \u00e1reas verdes en azoteas, fachadas y espacios p\u00fablicos"},{"@type":"BreadcrumbList","@id":"https:\/\/centrourbano.com\/revista\/urbanismo\/proyectos-espacios-verdes-paris\/#breadcrumb","itemListElement":[{"@type":"ListItem","position":1,"name":"Portada","item":"https:\/\/centrourbano.com\/revista\/"},{"@type":"ListItem","position":2,"name":"Crean proyectos para generar espacios verdes en Par\u00eds"}]},{"@type":"WebSite","@id":"https:\/\/centrourbano.com\/revista\/#website","url":"https:\/\/centrourbano.com\/revista\/","name":"Centro Urbano","description":"Medio especializado en los sectores vivienda, inmobiliario, construcci\u00f3n, arquitectura y urbanismo.","publisher":{"@id":"https:\/\/centrourbano.com\/revista\/#organization"},"potentialAction":[{"@type":"SearchAction","target":{"@type":"EntryPoint","urlTemplate":"https:\/\/centrourbano.com\/revista\/?s={search_term_string}"},"query-input":{"@type":"PropertyValueSpecification","valueRequired":true,"valueName":"search_term_string"}}],"inLanguage":"es"},{"@type":"Organization","@id":"https:\/\/centrourbano.com\/revista\/#organization","name":"Centro Urbano","url":"https:\/\/centrourbano.com\/revista\/","logo":{"@type":"ImageObject","inLanguage":"es","@id":"https:\/\/centrourbano.com\/revista\/#\/schema\/logo\/image\/","url":"https:\/\/centrourbano.com\/revista\/wp-content\/uploads\/web_CU_logo-1.png","contentUrl":"https:\/\/centrourbano.com\/revista\/wp-content\/uploads\/web_CU_logo-1.png","width":350,"height":91,"caption":"Centro Urbano"},"image":{"@id":"https:\/\/centrourbano.com\/revista\/#\/schema\/logo\/image\/"},"sameAs":["https:\/\/www.facebook.com\/portalcentrourbano","https:\/\/x.com\/CentroUrbano","https:\/\/www.instagram.com\/centro_urbano\/","https:\/\/www.linkedin.com\/company\/centro-urbano\/","http:\/\/www.youtube.com\/user\/portalcentrourbano"]},{"@type":"Person","@id":"https:\/\/centrourbano.com\/revista\/#\/schema\/person\/db5aba19153b4dc77f48808c4c2e7027","name":"Hanae Pacheco","image":{"@type":"ImageObject","inLanguage":"es","@id":"https:\/\/secure.gravatar.com\/avatar\/85378918db488c7c72bd7acaea6909bbfd5df076ffaf5e56cf397f98ef67f72d?s=96&d=mm&r=g","url":"https:\/\/secure.gravatar.com\/avatar\/85378918db488c7c72bd7acaea6909bbfd5df076ffaf5e56cf397f98ef67f72d?s=96&d=mm&r=g","contentUrl":"https:\/\/secure.gravatar.com\/avatar\/85378918db488c7c72bd7acaea6909bbfd5df076ffaf5e56cf397f98ef67f72d?s=96&d=mm&r=g","caption":"Hanae Pacheco"},"url":"https:\/\/centrourbano.com\/revista\/author\/hanae-pacheco\/"}]}},"_links":{"self":[{"href":"https:\/\/centrourbano.com\/revista\/wp-json\/wp\/v2\/posts\/50987","targetHints":{"allow":["GET"]}}],"collection":[{"href":"https:\/\/centrourbano.com\/revista\/wp-json\/wp\/v2\/posts"}],"about":[{"href":"https:\/\/centrourbano.com\/revista\/wp-json\/wp\/v2\/types\/post"}],"author":[{"embeddable":true,"href":"https:\/\/centrourbano.com\/revista\/wp-json\/wp\/v2\/users\/45"}],"replies":[{"embeddable":true,"href":"https:\/\/centrourbano.com\/revista\/wp-json\/wp\/v2\/comments?post=50987"}],"version-history":[{"count":0,"href":"https:\/\/centrourbano.com\/revista\/wp-json\/wp\/v2\/posts\/50987\/revisions"}],"wp:featuredmedia":[{"embeddable":true,"href":"https:\/\/centrourbano.com\/revista\/wp-json\/wp\/v2\/media\/50988"}],"wp:attachment":[{"href":"https:\/\/centrourbano.com\/revista\/wp-json\/wp\/v2\/media?parent=50987"}],"wp:term":[{"taxonomy":"category","embeddable":true,"href":"https:\/\/centrourbano.com\/revista\/wp-json\/wp\/v2\/categories?post=50987"},{"taxonomy":"post_tag","embeddable":true,"href":"https:\/\/centrourbano.com\/revista\/wp-json\/wp\/v2\/tags?post=50987"}],"curies":[{"name":"wp","href":"https:\/\/api.w.org\/{rel}","templated":true}]}}