{"id":50881,"date":"2017-03-24T08:00:06","date_gmt":"2017-03-24T14:00:06","guid":{"rendered":"https:\/\/centrourbano.com\/?p=50881"},"modified":"2017-03-24T12:05:27","modified_gmt":"2017-03-24T18:05:27","slug":"enero-febrero-744-7-mdp-subsidio-conavi","status":"publish","type":"post","link":"https:\/\/centrourbano.com\/revista\/vivienda\/enero-febrero-744-7-mdp-subsidio-conavi\/","title":{"rendered":"Entre enero y febrero, 744.7 mdp para subsidio: Conavi"},"content":{"rendered":"<p><em>De acuerdo con el organismo, durante los primeros 2 meses del a\u00f1o se logr\u00f3 atender a 12.2 mil hogares son subsidio  <\/em><!--more--><\/p>\n<p>Al cierre de febrero, la Secretar\u00eda de Desarrollo Agrario, Territorial y Urbano (Sedatu), a trav\u00e9s del Programa de Acceso al Financiamiento para Soluciones Habitacionales que opera la Comisi\u00f3n Nacional de Vivienda (Conavi), dispers\u00f3 744.7 millones de pesos para la entrega de subsidio.<\/p>\n<p>As\u00ed lo dio a conocer la Conavi, quien detall\u00f3 que de acuerdo con cifras preliminares, al t\u00e9rmino del 2do mes del a\u00f1o, se logr\u00f3 atender a 12.2 mil hogares con alg\u00fan subsidio. <\/p>\n<p>\u201cLa totalidad de los subsidios otorgados en los primeros 2 meses del a\u00f1o se ejerci\u00f3 en la modalidad de adquisici\u00f3n de vivienda nueva. Cabe destacar que el 98.2% de los subsidios otorgados entre enero y febrero de 2017 beneficiaron a personas con ingresos menores a 4 veces el salario m\u00ednimo (vsm), lo cual muestra una convergencia anticipada del sector con los nuevos criterios de acceso al subsidio. En 2016, los subsidios para vivienda nueva otorgados a personas con ingresos mayores a 4 vsm representaron el 6.2 por ciento del total\u201d, detall\u00f3 Conavi. <\/p>\n<p>La Comisi\u00f3n record\u00f3 que para el a\u00f1o, se cuenta con un presupuesto de 6,315 millones de pesos para la entrega de subsidio, con lo que se busca realizar 130,000 acciones. <\/p>\n<p>La Conavi a\u00f1adi\u00f3 que los principales destinos del financiamiento ser\u00e1n la adquisici\u00f3n de vivienda nueva a trav\u00e9s de Infonavit y la autoproducci\u00f3n de vivienda, con 76.2% y 9.5% de los recursos respectivamente.<\/p>\n<p>Conoce m\u00e1s en nuestra publicaci\u00f3n digital<br \/>\n[button_link size=\u00bbmedium\u00bb src=\u00bbhttps:\/\/centrourbano.com\/suscripciones\u00bb]suscr\u00edbete aqu\u00ed[\/button_link]<\/p>\n","protected":false},"excerpt":{"rendered":"<p>De acuerdo con el organismo, durante los primeros 2 meses del a\u00f1o se logr\u00f3 atender a 12.2 mil hogares son subsidio<\/p>\n","protected":false},"author":47,"featured_media":47560,"comment_status":"open","ping_status":"closed","sticky":false,"template":"","format":"standard","meta":{"om_disable_all_campaigns":false,"inline_featured_image":false,"_monsterinsights_skip_tracking":false,"_monsterinsights_sitenote_active":false,"_monsterinsights_sitenote_note":"","_monsterinsights_sitenote_category":0,"footnotes":""},"categories":[12],"tags":[376,3166,60],"class_list":["post-50881","post","type-post","status-publish","format-standard","has-post-thumbnail","hentry","category-vivienda","tag-conavi","tag-subsidio","tag-vivienda-2"],"yoast_head":"<!-- This site is optimized with the Yoast SEO plugin v27.4 - https:\/\/yoast.com\/product\/yoast-seo-wordpress\/ -->\n<title>Entre enero y febrero, 744.7 mdp para subsidio: Conavi -<\/title>\n<meta name=\"description\" content=\"Al cierre de febrero, la Secretar\u00eda de Desarrollo Agrario, Territorial y Urbano (Sdatu), a trav\u00e9s del Programa de Acceso al Financiamiento para Soluciones Habitacionales que opera la Comisi\u00f3n Nacional de Vivienda (Conavi), dispers\u00f3 744.7 millones de pesos para la entrega de subsidio.\" \/>\n<meta name=\"robots\" content=\"index, follow, max-snippet:-1, max-image-preview:large, max-video-preview:-1\" \/>\n<link rel=\"canonical\" href=\"https:\/\/centrourbano.com\/revista\/vivienda\/enero-febrero-744-7-mdp-subsidio-conavi\/\" \/>\n<meta property=\"og:locale\" content=\"es_ES\" \/>\n<meta property=\"og:type\" content=\"article\" \/>\n<meta property=\"og:title\" content=\"Entre enero y febrero, 744.7 mdp para subsidio: Conavi -\" \/>\n<meta property=\"og:description\" content=\"Al cierre de febrero, la Secretar\u00eda de Desarrollo Agrario, Territorial y Urbano (Sdatu), a trav\u00e9s del Programa de Acceso al Financiamiento para Soluciones Habitacionales que opera la Comisi\u00f3n Nacional de Vivienda (Conavi), dispers\u00f3 744.7 millones de pesos para la entrega de subsidio.\" \/>\n<meta property=\"og:url\" content=\"https:\/\/centrourbano.com\/revista\/vivienda\/enero-febrero-744-7-mdp-subsidio-conavi\/\" \/>\n<meta property=\"og:site_name\" content=\"Centro Urbano\" \/>\n<meta property=\"article:publisher\" content=\"https:\/\/www.facebook.com\/portalcentrourbano\" \/>\n<meta property=\"article:published_time\" content=\"2017-03-24T14:00:06+00:00\" \/>\n<meta property=\"article:modified_time\" content=\"2017-03-24T18:05:27+00:00\" \/>\n<meta property=\"og:image\" content=\"https:\/\/centrourbano.com\/revista\/wp-content\/uploads\/Wolpert_Conavi-Centro-Urbano.jpeg\" \/>\n\t<meta property=\"og:image:width\" content=\"800\" \/>\n\t<meta property=\"og:image:height\" content=\"533\" \/>\n\t<meta property=\"og:image:type\" content=\"image\/jpeg\" \/>\n<meta name=\"author\" content=\"Edgar Rosas\" \/>\n<meta name=\"twitter:card\" content=\"summary_large_image\" \/>\n<meta name=\"twitter:creator\" content=\"@https:\/\/twitter.com\/ERosasCU?s=09\" \/>\n<meta name=\"twitter:site\" content=\"@CentroUrbano\" \/>\n<meta name=\"twitter:label1\" content=\"Escrito por\" \/>\n\t<meta name=\"twitter:data1\" content=\"Edgar Rosas\" \/>\n\t<meta name=\"twitter:label2\" content=\"Tiempo de lectura\" \/>\n\t<meta name=\"twitter:data2\" content=\"1 minuto\" \/>\n<script type=\"application\/ld+json\" class=\"yoast-schema-graph\">{\"@context\":\"https:\\\/\\\/schema.org\",\"@graph\":[{\"@type\":\"Article\",\"@id\":\"https:\\\/\\\/centrourbano.com\\\/revista\\\/vivienda\\\/enero-febrero-744-7-mdp-subsidio-conavi\\\/#article\",\"isPartOf\":{\"@id\":\"https:\\\/\\\/centrourbano.com\\\/revista\\\/vivienda\\\/enero-febrero-744-7-mdp-subsidio-conavi\\\/\"},\"author\":{\"name\":\"Edgar Rosas\",\"@id\":\"https:\\\/\\\/centrourbano.com\\\/revista\\\/#\\\/schema\\\/person\\\/ff3c00651ce5b1630479d2cd0c2e3ac0\"},\"headline\":\"Entre enero y febrero, 744.7 mdp para subsidio: Conavi\",\"datePublished\":\"2017-03-24T14:00:06+00:00\",\"dateModified\":\"2017-03-24T18:05:27+00:00\",\"mainEntityOfPage\":{\"@id\":\"https:\\\/\\\/centrourbano.com\\\/revista\\\/vivienda\\\/enero-febrero-744-7-mdp-subsidio-conavi\\\/\"},\"wordCount\":281,\"commentCount\":0,\"publisher\":{\"@id\":\"https:\\\/\\\/centrourbano.com\\\/revista\\\/#organization\"},\"image\":{\"@id\":\"https:\\\/\\\/centrourbano.com\\\/revista\\\/vivienda\\\/enero-febrero-744-7-mdp-subsidio-conavi\\\/#primaryimage\"},\"thumbnailUrl\":\"https:\\\/\\\/centrourbano.com\\\/revista\\\/wp-content\\\/uploads\\\/Wolpert_Conavi-Centro-Urbano.jpeg\",\"keywords\":[\"Conavi\",\"subsidio\",\"vivienda\"],\"articleSection\":[\"Vivienda\"],\"inLanguage\":\"es\",\"potentialAction\":[{\"@type\":\"CommentAction\",\"name\":\"Comment\",\"target\":[\"https:\\\/\\\/centrourbano.com\\\/revista\\\/vivienda\\\/enero-febrero-744-7-mdp-subsidio-conavi\\\/#respond\"]}]},{\"@type\":\"WebPage\",\"@id\":\"https:\\\/\\\/centrourbano.com\\\/revista\\\/vivienda\\\/enero-febrero-744-7-mdp-subsidio-conavi\\\/\",\"url\":\"https:\\\/\\\/centrourbano.com\\\/revista\\\/vivienda\\\/enero-febrero-744-7-mdp-subsidio-conavi\\\/\",\"name\":\"Entre enero y febrero, 744.7 mdp para subsidio: Conavi -\",\"isPartOf\":{\"@id\":\"https:\\\/\\\/centrourbano.com\\\/revista\\\/#website\"},\"primaryImageOfPage\":{\"@id\":\"https:\\\/\\\/centrourbano.com\\\/revista\\\/vivienda\\\/enero-febrero-744-7-mdp-subsidio-conavi\\\/#primaryimage\"},\"image\":{\"@id\":\"https:\\\/\\\/centrourbano.com\\\/revista\\\/vivienda\\\/enero-febrero-744-7-mdp-subsidio-conavi\\\/#primaryimage\"},\"thumbnailUrl\":\"https:\\\/\\\/centrourbano.com\\\/revista\\\/wp-content\\\/uploads\\\/Wolpert_Conavi-Centro-Urbano.jpeg\",\"datePublished\":\"2017-03-24T14:00:06+00:00\",\"dateModified\":\"2017-03-24T18:05:27+00:00\",\"description\":\"Al cierre de febrero, la Secretar\u00eda de Desarrollo Agrario, Territorial y Urbano (Sdatu), a trav\u00e9s del Programa de Acceso al Financiamiento para Soluciones Habitacionales que opera la Comisi\u00f3n Nacional de Vivienda (Conavi), dispers\u00f3 744.7 millones de pesos para la entrega de subsidio.\",\"breadcrumb\":{\"@id\":\"https:\\\/\\\/centrourbano.com\\\/revista\\\/vivienda\\\/enero-febrero-744-7-mdp-subsidio-conavi\\\/#breadcrumb\"},\"inLanguage\":\"es\",\"potentialAction\":[{\"@type\":\"ReadAction\",\"target\":[\"https:\\\/\\\/centrourbano.com\\\/revista\\\/vivienda\\\/enero-febrero-744-7-mdp-subsidio-conavi\\\/\"]}]},{\"@type\":\"ImageObject\",\"inLanguage\":\"es\",\"@id\":\"https:\\\/\\\/centrourbano.com\\\/revista\\\/vivienda\\\/enero-febrero-744-7-mdp-subsidio-conavi\\\/#primaryimage\",\"url\":\"https:\\\/\\\/centrourbano.com\\\/revista\\\/wp-content\\\/uploads\\\/Wolpert_Conavi-Centro-Urbano.jpeg\",\"contentUrl\":\"https:\\\/\\\/centrourbano.com\\\/revista\\\/wp-content\\\/uploads\\\/Wolpert_Conavi-Centro-Urbano.jpeg\",\"width\":800,\"height\":533,\"caption\":\"El director general de Conavi asegur\u00f3 que para este a\u00f1o la industria mantendr\u00e1 su avance y ser\u00e1 parte fundamental para impulsar la econom\u00eda\"},{\"@type\":\"BreadcrumbList\",\"@id\":\"https:\\\/\\\/centrourbano.com\\\/revista\\\/vivienda\\\/enero-febrero-744-7-mdp-subsidio-conavi\\\/#breadcrumb\",\"itemListElement\":[{\"@type\":\"ListItem\",\"position\":1,\"name\":\"Portada\",\"item\":\"https:\\\/\\\/centrourbano.com\\\/revista\\\/\"},{\"@type\":\"ListItem\",\"position\":2,\"name\":\"Entre enero y febrero, 744.7 mdp para subsidio: Conavi\"}]},{\"@type\":\"WebSite\",\"@id\":\"https:\\\/\\\/centrourbano.com\\\/revista\\\/#website\",\"url\":\"https:\\\/\\\/centrourbano.com\\\/revista\\\/\",\"name\":\"Centro Urbano\",\"description\":\"Medio especializado en los sectores vivienda, inmobiliario, construcci\u00f3n, arquitectura y urbanismo.\",\"publisher\":{\"@id\":\"https:\\\/\\\/centrourbano.com\\\/revista\\\/#organization\"},\"potentialAction\":[{\"@type\":\"SearchAction\",\"target\":{\"@type\":\"EntryPoint\",\"urlTemplate\":\"https:\\\/\\\/centrourbano.com\\\/revista\\\/?s={search_term_string}\"},\"query-input\":{\"@type\":\"PropertyValueSpecification\",\"valueRequired\":true,\"valueName\":\"search_term_string\"}}],\"inLanguage\":\"es\"},{\"@type\":\"Organization\",\"@id\":\"https:\\\/\\\/centrourbano.com\\\/revista\\\/#organization\",\"name\":\"Centro Urbano\",\"url\":\"https:\\\/\\\/centrourbano.com\\\/revista\\\/\",\"logo\":{\"@type\":\"ImageObject\",\"inLanguage\":\"es\",\"@id\":\"https:\\\/\\\/centrourbano.com\\\/revista\\\/#\\\/schema\\\/logo\\\/image\\\/\",\"url\":\"https:\\\/\\\/centrourbano.com\\\/revista\\\/wp-content\\\/uploads\\\/web_CU_logo-1.png\",\"contentUrl\":\"https:\\\/\\\/centrourbano.com\\\/revista\\\/wp-content\\\/uploads\\\/web_CU_logo-1.png\",\"width\":350,\"height\":91,\"caption\":\"Centro Urbano\"},\"image\":{\"@id\":\"https:\\\/\\\/centrourbano.com\\\/revista\\\/#\\\/schema\\\/logo\\\/image\\\/\"},\"sameAs\":[\"https:\\\/\\\/www.facebook.com\\\/portalcentrourbano\",\"https:\\\/\\\/x.com\\\/CentroUrbano\",\"https:\\\/\\\/www.instagram.com\\\/centro_urbano\\\/\",\"https:\\\/\\\/www.linkedin.com\\\/company\\\/centro-urbano\\\/\",\"http:\\\/\\\/www.youtube.com\\\/user\\\/portalcentrourbano\"]},{\"@type\":\"Person\",\"@id\":\"https:\\\/\\\/centrourbano.com\\\/revista\\\/#\\\/schema\\\/person\\\/ff3c00651ce5b1630479d2cd0c2e3ac0\",\"name\":\"Edgar Rosas\",\"image\":{\"@type\":\"ImageObject\",\"inLanguage\":\"es\",\"@id\":\"https:\\\/\\\/secure.gravatar.com\\\/avatar\\\/94440c4283495211faa5300bf85e80061036b83fced868c3783aa1310b350d9c?s=96&d=mm&r=g\",\"url\":\"https:\\\/\\\/secure.gravatar.com\\\/avatar\\\/94440c4283495211faa5300bf85e80061036b83fced868c3783aa1310b350d9c?s=96&d=mm&r=g\",\"contentUrl\":\"https:\\\/\\\/secure.gravatar.com\\\/avatar\\\/94440c4283495211faa5300bf85e80061036b83fced868c3783aa1310b350d9c?s=96&d=mm&r=g\",\"caption\":\"Edgar Rosas\"},\"description\":\"Editor en Jefe de Centro Urbano. Egresado de la maestr\u00eda en Periodismo Pol\u00edtico de la Escuela de Periodismo Carlos Septi\u00e9n Garc\u00eda (EPCSG). Estudi\u00f3 la licenciatura en Comunicaci\u00f3n en la Universidad Mexicana. Amante de la cr\u00f3nica y el reportaje. Admirador de Vicente Le\u00f1ero y Miguel \u00c1ngel Granados Chapa.\",\"sameAs\":[\"https:\\\/\\\/x.com\\\/https:\\\/\\\/twitter.com\\\/ERosasCU?s=09\"],\"url\":\"https:\\\/\\\/centrourbano.com\\\/revista\\\/author\\\/edgar-rosas\\\/\"}]}<\/script>\n<!-- \/ Yoast SEO plugin. -->","yoast_head_json":{"title":"Entre enero y febrero, 744.7 mdp para subsidio: Conavi -","description":"Al cierre de febrero, la Secretar\u00eda de Desarrollo Agrario, Territorial y Urbano (Sdatu), a trav\u00e9s del Programa de Acceso al Financiamiento para Soluciones Habitacionales que opera la Comisi\u00f3n Nacional de Vivienda (Conavi), dispers\u00f3 744.7 millones de pesos para la entrega de subsidio.","robots":{"index":"index","follow":"follow","max-snippet":"max-snippet:-1","max-image-preview":"max-image-preview:large","max-video-preview":"max-video-preview:-1"},"canonical":"https:\/\/centrourbano.com\/revista\/vivienda\/enero-febrero-744-7-mdp-subsidio-conavi\/","og_locale":"es_ES","og_type":"article","og_title":"Entre enero y febrero, 744.7 mdp para subsidio: Conavi -","og_description":"Al cierre de febrero, la Secretar\u00eda de Desarrollo Agrario, Territorial y Urbano (Sdatu), a trav\u00e9s del Programa de Acceso al Financiamiento para Soluciones Habitacionales que opera la Comisi\u00f3n Nacional de Vivienda (Conavi), dispers\u00f3 744.7 millones de pesos para la entrega de subsidio.","og_url":"https:\/\/centrourbano.com\/revista\/vivienda\/enero-febrero-744-7-mdp-subsidio-conavi\/","og_site_name":"Centro Urbano","article_publisher":"https:\/\/www.facebook.com\/portalcentrourbano","article_published_time":"2017-03-24T14:00:06+00:00","article_modified_time":"2017-03-24T18:05:27+00:00","og_image":[{"width":800,"height":533,"url":"https:\/\/centrourbano.com\/revista\/wp-content\/uploads\/Wolpert_Conavi-Centro-Urbano.jpeg","type":"image\/jpeg"}],"author":"Edgar Rosas","twitter_card":"summary_large_image","twitter_creator":"@https:\/\/twitter.com\/ERosasCU?s=09","twitter_site":"@CentroUrbano","twitter_misc":{"Escrito por":"Edgar Rosas","Tiempo de lectura":"1 minuto"},"schema":{"@context":"https:\/\/schema.org","@graph":[{"@type":"Article","@id":"https:\/\/centrourbano.com\/revista\/vivienda\/enero-febrero-744-7-mdp-subsidio-conavi\/#article","isPartOf":{"@id":"https:\/\/centrourbano.com\/revista\/vivienda\/enero-febrero-744-7-mdp-subsidio-conavi\/"},"author":{"name":"Edgar Rosas","@id":"https:\/\/centrourbano.com\/revista\/#\/schema\/person\/ff3c00651ce5b1630479d2cd0c2e3ac0"},"headline":"Entre enero y febrero, 744.7 mdp para subsidio: Conavi","datePublished":"2017-03-24T14:00:06+00:00","dateModified":"2017-03-24T18:05:27+00:00","mainEntityOfPage":{"@id":"https:\/\/centrourbano.com\/revista\/vivienda\/enero-febrero-744-7-mdp-subsidio-conavi\/"},"wordCount":281,"commentCount":0,"publisher":{"@id":"https:\/\/centrourbano.com\/revista\/#organization"},"image":{"@id":"https:\/\/centrourbano.com\/revista\/vivienda\/enero-febrero-744-7-mdp-subsidio-conavi\/#primaryimage"},"thumbnailUrl":"https:\/\/centrourbano.com\/revista\/wp-content\/uploads\/Wolpert_Conavi-Centro-Urbano.jpeg","keywords":["Conavi","subsidio","vivienda"],"articleSection":["Vivienda"],"inLanguage":"es","potentialAction":[{"@type":"CommentAction","name":"Comment","target":["https:\/\/centrourbano.com\/revista\/vivienda\/enero-febrero-744-7-mdp-subsidio-conavi\/#respond"]}]},{"@type":"WebPage","@id":"https:\/\/centrourbano.com\/revista\/vivienda\/enero-febrero-744-7-mdp-subsidio-conavi\/","url":"https:\/\/centrourbano.com\/revista\/vivienda\/enero-febrero-744-7-mdp-subsidio-conavi\/","name":"Entre enero y febrero, 744.7 mdp para subsidio: Conavi -","isPartOf":{"@id":"https:\/\/centrourbano.com\/revista\/#website"},"primaryImageOfPage":{"@id":"https:\/\/centrourbano.com\/revista\/vivienda\/enero-febrero-744-7-mdp-subsidio-conavi\/#primaryimage"},"image":{"@id":"https:\/\/centrourbano.com\/revista\/vivienda\/enero-febrero-744-7-mdp-subsidio-conavi\/#primaryimage"},"thumbnailUrl":"https:\/\/centrourbano.com\/revista\/wp-content\/uploads\/Wolpert_Conavi-Centro-Urbano.jpeg","datePublished":"2017-03-24T14:00:06+00:00","dateModified":"2017-03-24T18:05:27+00:00","description":"Al cierre de febrero, la Secretar\u00eda de Desarrollo Agrario, Territorial y Urbano (Sdatu), a trav\u00e9s del Programa de Acceso al Financiamiento para Soluciones Habitacionales que opera la Comisi\u00f3n Nacional de Vivienda (Conavi), dispers\u00f3 744.7 millones de pesos para la entrega de subsidio.","breadcrumb":{"@id":"https:\/\/centrourbano.com\/revista\/vivienda\/enero-febrero-744-7-mdp-subsidio-conavi\/#breadcrumb"},"inLanguage":"es","potentialAction":[{"@type":"ReadAction","target":["https:\/\/centrourbano.com\/revista\/vivienda\/enero-febrero-744-7-mdp-subsidio-conavi\/"]}]},{"@type":"ImageObject","inLanguage":"es","@id":"https:\/\/centrourbano.com\/revista\/vivienda\/enero-febrero-744-7-mdp-subsidio-conavi\/#primaryimage","url":"https:\/\/centrourbano.com\/revista\/wp-content\/uploads\/Wolpert_Conavi-Centro-Urbano.jpeg","contentUrl":"https:\/\/centrourbano.com\/revista\/wp-content\/uploads\/Wolpert_Conavi-Centro-Urbano.jpeg","width":800,"height":533,"caption":"El director general de Conavi asegur\u00f3 que para este a\u00f1o la industria mantendr\u00e1 su avance y ser\u00e1 parte fundamental para impulsar la econom\u00eda"},{"@type":"BreadcrumbList","@id":"https:\/\/centrourbano.com\/revista\/vivienda\/enero-febrero-744-7-mdp-subsidio-conavi\/#breadcrumb","itemListElement":[{"@type":"ListItem","position":1,"name":"Portada","item":"https:\/\/centrourbano.com\/revista\/"},{"@type":"ListItem","position":2,"name":"Entre enero y febrero, 744.7 mdp para subsidio: Conavi"}]},{"@type":"WebSite","@id":"https:\/\/centrourbano.com\/revista\/#website","url":"https:\/\/centrourbano.com\/revista\/","name":"Centro Urbano","description":"Medio especializado en los sectores vivienda, inmobiliario, construcci\u00f3n, arquitectura y urbanismo.","publisher":{"@id":"https:\/\/centrourbano.com\/revista\/#organization"},"potentialAction":[{"@type":"SearchAction","target":{"@type":"EntryPoint","urlTemplate":"https:\/\/centrourbano.com\/revista\/?s={search_term_string}"},"query-input":{"@type":"PropertyValueSpecification","valueRequired":true,"valueName":"search_term_string"}}],"inLanguage":"es"},{"@type":"Organization","@id":"https:\/\/centrourbano.com\/revista\/#organization","name":"Centro Urbano","url":"https:\/\/centrourbano.com\/revista\/","logo":{"@type":"ImageObject","inLanguage":"es","@id":"https:\/\/centrourbano.com\/revista\/#\/schema\/logo\/image\/","url":"https:\/\/centrourbano.com\/revista\/wp-content\/uploads\/web_CU_logo-1.png","contentUrl":"https:\/\/centrourbano.com\/revista\/wp-content\/uploads\/web_CU_logo-1.png","width":350,"height":91,"caption":"Centro Urbano"},"image":{"@id":"https:\/\/centrourbano.com\/revista\/#\/schema\/logo\/image\/"},"sameAs":["https:\/\/www.facebook.com\/portalcentrourbano","https:\/\/x.com\/CentroUrbano","https:\/\/www.instagram.com\/centro_urbano\/","https:\/\/www.linkedin.com\/company\/centro-urbano\/","http:\/\/www.youtube.com\/user\/portalcentrourbano"]},{"@type":"Person","@id":"https:\/\/centrourbano.com\/revista\/#\/schema\/person\/ff3c00651ce5b1630479d2cd0c2e3ac0","name":"Edgar Rosas","image":{"@type":"ImageObject","inLanguage":"es","@id":"https:\/\/secure.gravatar.com\/avatar\/94440c4283495211faa5300bf85e80061036b83fced868c3783aa1310b350d9c?s=96&d=mm&r=g","url":"https:\/\/secure.gravatar.com\/avatar\/94440c4283495211faa5300bf85e80061036b83fced868c3783aa1310b350d9c?s=96&d=mm&r=g","contentUrl":"https:\/\/secure.gravatar.com\/avatar\/94440c4283495211faa5300bf85e80061036b83fced868c3783aa1310b350d9c?s=96&d=mm&r=g","caption":"Edgar Rosas"},"description":"Editor en Jefe de Centro Urbano. Egresado de la maestr\u00eda en Periodismo Pol\u00edtico de la Escuela de Periodismo Carlos Septi\u00e9n Garc\u00eda (EPCSG). Estudi\u00f3 la licenciatura en Comunicaci\u00f3n en la Universidad Mexicana. Amante de la cr\u00f3nica y el reportaje. Admirador de Vicente Le\u00f1ero y Miguel \u00c1ngel Granados Chapa.","sameAs":["https:\/\/x.com\/https:\/\/twitter.com\/ERosasCU?s=09"],"url":"https:\/\/centrourbano.com\/revista\/author\/edgar-rosas\/"}]}},"_links":{"self":[{"href":"https:\/\/centrourbano.com\/revista\/wp-json\/wp\/v2\/posts\/50881","targetHints":{"allow":["GET"]}}],"collection":[{"href":"https:\/\/centrourbano.com\/revista\/wp-json\/wp\/v2\/posts"}],"about":[{"href":"https:\/\/centrourbano.com\/revista\/wp-json\/wp\/v2\/types\/post"}],"author":[{"embeddable":true,"href":"https:\/\/centrourbano.com\/revista\/wp-json\/wp\/v2\/users\/47"}],"replies":[{"embeddable":true,"href":"https:\/\/centrourbano.com\/revista\/wp-json\/wp\/v2\/comments?post=50881"}],"version-history":[{"count":0,"href":"https:\/\/centrourbano.com\/revista\/wp-json\/wp\/v2\/posts\/50881\/revisions"}],"wp:featuredmedia":[{"embeddable":true,"href":"https:\/\/centrourbano.com\/revista\/wp-json\/wp\/v2\/media\/47560"}],"wp:attachment":[{"href":"https:\/\/centrourbano.com\/revista\/wp-json\/wp\/v2\/media?parent=50881"}],"wp:term":[{"taxonomy":"category","embeddable":true,"href":"https:\/\/centrourbano.com\/revista\/wp-json\/wp\/v2\/categories?post=50881"},{"taxonomy":"post_tag","embeddable":true,"href":"https:\/\/centrourbano.com\/revista\/wp-json\/wp\/v2\/tags?post=50881"}],"curies":[{"name":"wp","href":"https:\/\/api.w.org\/{rel}","templated":true}]}}