{"id":50807,"date":"2017-03-23T15:30:19","date_gmt":"2017-03-23T21:30:19","guid":{"rendered":"https:\/\/centrourbano.com\/?p=50807"},"modified":"2017-03-23T15:30:19","modified_gmt":"2017-03-23T21:30:19","slug":"equipo-carlos-medina-continua-al-frente-la-canadevi","status":"publish","type":"post","link":"https:\/\/centrourbano.com\/revista\/vivienda\/equipo-carlos-medina-continua-al-frente-la-canadevi\/","title":{"rendered":"Equipo de Carlos Medina contin\u00faa al frente de la Canadevi"},"content":{"rendered":"<p><em>Continuar\u00e1n fortaleciendo al sector a trav\u00e9s de la coordinaci\u00f3n con autoridades y el impulso a programas que consoliden a la vivienda como motor de la econom\u00eda nacional<\/em><!--more--><\/p>\n<p>La C\u00e1mara Nacional de la Industria de Desarrollo y Promoci\u00f3n de Vivienda (Canadevi), realiz\u00f3 su Asamblea General Ordinaria, en la que se llev\u00f3 a cabo el proceso de elecciones para renovar el Consejo Directivo.<\/p>\n<p>De esta manera, las 34 delegaciones reunidas refrendaron al equipo del presidente nacional de la istituci\u00f3n, Carlos Medina, para continuar al frente de la C\u00e1mara, misma que representa a m\u00e1s de 1,000 desarrolladores de vivienda<\/p>\n<p>El equipo dar\u00e1 continuidad al fortalecimiento del sector a trav\u00e9s de la coordinaci\u00f3n con autoridades y el impulso a programas que consoliden a la vivienda como motor de la econom\u00eda nacional.<\/p>\n<p>Al respecto, Carlos Medina se\u00f1al\u00f3 sentirse muy orgulloso del equipo que ha trabajado durante un a\u00f1o en el Consejo, ya que han conseguido acuerdos importantes para el sector que tienen que ver con la actualizaci\u00f3n de los per\u00edmetros de contenci\u00f3n, el incremento en la capacidad de compra del Infonavit, est\u00edmulos fiscales que aumenten el desarrollo y financiamiento de la vivienda, as\u00ed como la implementaci\u00f3n de instrumentos regulatorios que vigilen la competitividad de los precios de los insumos, entre otros.<\/p>\n<p>Asimismo, han trabajado en identificar los temas prioritarios y estrategicos en cada comisi\u00f3n y con cada organismo, lo que ha propidicado que la C\u00e1mara sea referente en el sector y emita opiniones a favor de la industria.<\/p>\n<p>Dentro de las propuestas que el equipo de Medina continuar\u00e1 impulsando destaca la ampliaci\u00f3n al presupuesto para el Programa de Consolidaci\u00f3n de Reservas Urbanas (PCRU); la participaci\u00f3n en la correcta lectura y aplicaci\u00f3n de la Ley General de Asentamientos Humanos, Ordenamiento Territorial y Desarrollo Urbano por las autoridades locales.<\/p>\n<p>Adem\u00e1s, el presupuesto y operaci\u00f3n del Programa de Esquemas de Financiamiento y Subsidio Federal para la Vivienda; las mejoras a la cobertura de calidad e incorporaci\u00f3n de nuevas empresas aseguradoras; la homologaci\u00f3n de criterios de vivienda sustentable; el impulso de nuevos productos de cr\u00e9dito Fovissste; el financiamiento para la industria; as\u00ed como los convenios con ISSFAM, CFE y RUV. <\/p>\n<p>Aunado a esto, el Presidente de la Canadevi asegur\u00f3 que continuar\u00e1n  trabajando para mantener el impulso al programa de subsidio para vivienda nueva, logrando as\u00ed beneficiar a los mexicanos de menores ingresos.<\/p>\n<p>Para ello, continuar\u00e1n de la mano con las autoridades federales y locales, la Secretar\u00eda de desarrollo territorial y urbano (Sedatu), Organismos Nacionales de Vivienda, la banca de desarrollo y la privada y, por supuesto, con la Conavi para continuar enfocando a la industria hacia un desarrollo urbano sustentable, ordenado e inteligente.<\/p>\n<p>Adem\u00e1s, Carlos Medina destac\u00f3 la firma del Acuerdo Nacional del Fortalecimiento de la Vivienda, el cual se suma al Acuerdo de Fortalecimiento Econ\u00f3mico y la Protecci\u00f3n de la Econom\u00eda Familiar. <\/p>\n<p>En \u00e9ste se reconoce la relevancia del sector vivienda como motor econ\u00f3mico de M\u00e9xico y tiene como objetivo brindar certidumbre a la inversi\u00f3n y al consumo, fomentar el empleo y continuar atendiendo el ritmo de la demanda de vivienda de las familias mexicanas, as\u00ed como fortalecer la transparencia en los recursos y procesos.<\/p>\n<p>Durante el evento, el presidente de la Canadevi aprovech\u00f3 para informar sobre la situaci\u00f3n actual de la vivienda, se\u00f1alando que el crecimiento econ\u00f3mico del sector de la construcci\u00f3n present\u00f3 un desempe\u00f1o por arriba del promedio de todos los sectores, siendo que el n\u00famero de trabajadores dedicados a esta industria increment\u00f3 a un ritmo superior a 6% en promedio, mientras que la producci\u00f3n de vivienda medida a trav\u00e9s el Registro \u00danico de Vivienda registr\u00f3 un total de 305.3 mil viviendas durante 2016 y las viviendas tipo medio y residencial incrementaron 7%, y la vivienda tradicional aument\u00f3 un 21.6% aproximadamente.<\/p>\n","protected":false},"excerpt":{"rendered":"<p>Continuar\u00e1n fortaleciendo al sector a trav\u00e9s de la coordinaci\u00f3n con autoridades y el impulso a programas que consoliden a la vivienda como motor de la econom\u00eda nacional<\/p>\n","protected":false},"author":9,"featured_media":35922,"comment_status":"open","ping_status":"closed","sticky":false,"template":"","format":"standard","meta":{"om_disable_all_campaigns":false,"inline_featured_image":false,"_monsterinsights_skip_tracking":false,"_monsterinsights_sitenote_active":false,"_monsterinsights_sitenote_note":"","_monsterinsights_sitenote_category":0,"footnotes":""},"categories":[12],"tags":[9278,99,9071,60],"class_list":["post-50807","post","type-post","status-publish","format-standard","has-post-thumbnail","hentry","category-vivienda","tag-camara-nacional-de-la-industria-de-desarrollo-y-promocion-de-vivienda","tag-canadevi","tag-carlos-medina","tag-vivienda-2"],"yoast_head":"<!-- This site is optimized with the Yoast SEO plugin v27.4 - https:\/\/yoast.com\/product\/yoast-seo-wordpress\/ -->\n<title>Equipo de Carlos Medina contin\u00faa al frente de la Canadevi<\/title>\n<meta name=\"description\" content=\"Continuar\u00e1n fortaleciendo al sector a trav\u00e9s de la coordinaci\u00f3n con autoridades y el impulso a programas que consoliden a la vivienda como motor de la econom\u00eda nacional\" \/>\n<meta name=\"robots\" content=\"index, follow, max-snippet:-1, max-image-preview:large, max-video-preview:-1\" \/>\n<link rel=\"canonical\" href=\"https:\/\/centrourbano.com\/revista\/vivienda\/equipo-carlos-medina-continua-al-frente-la-canadevi\/\" \/>\n<meta property=\"og:locale\" content=\"es_ES\" \/>\n<meta property=\"og:type\" content=\"article\" \/>\n<meta property=\"og:title\" content=\"Equipo de Carlos Medina contin\u00faa al frente de la Canadevi\" \/>\n<meta property=\"og:description\" content=\"Continuar\u00e1n fortaleciendo al sector a trav\u00e9s de la coordinaci\u00f3n con autoridades y el impulso a programas que consoliden a la vivienda como motor de la econom\u00eda nacional\" \/>\n<meta property=\"og:url\" content=\"https:\/\/centrourbano.com\/revista\/vivienda\/equipo-carlos-medina-continua-al-frente-la-canadevi\/\" \/>\n<meta property=\"og:site_name\" content=\"Centro Urbano\" \/>\n<meta property=\"article:publisher\" content=\"https:\/\/www.facebook.com\/portalcentrourbano\" \/>\n<meta property=\"article:published_time\" content=\"2017-03-23T21:30:19+00:00\" \/>\n<meta property=\"og:image\" content=\"https:\/\/centrourbano.com\/revista\/wp-content\/uploads\/Carlos-Medina-1-1.jpg\" \/>\n\t<meta property=\"og:image:width\" content=\"840\" \/>\n\t<meta property=\"og:image:height\" content=\"644\" \/>\n\t<meta property=\"og:image:type\" content=\"image\/jpeg\" \/>\n<meta name=\"author\" content=\"Dinorah Nava\" \/>\n<meta name=\"twitter:card\" content=\"summary_large_image\" \/>\n<meta name=\"twitter:creator\" content=\"@https:\/\/twitter.com\/Dinorah_Nava28\" \/>\n<meta name=\"twitter:site\" content=\"@CentroUrbano\" \/>\n<meta name=\"twitter:label1\" content=\"Escrito por\" \/>\n\t<meta name=\"twitter:data1\" content=\"Dinorah Nava\" \/>\n\t<meta name=\"twitter:label2\" content=\"Tiempo de lectura\" \/>\n\t<meta name=\"twitter:data2\" content=\"3 minutos\" \/>\n<script type=\"application\/ld+json\" class=\"yoast-schema-graph\">{\"@context\":\"https:\\\/\\\/schema.org\",\"@graph\":[{\"@type\":\"Article\",\"@id\":\"https:\\\/\\\/centrourbano.com\\\/revista\\\/vivienda\\\/equipo-carlos-medina-continua-al-frente-la-canadevi\\\/#article\",\"isPartOf\":{\"@id\":\"https:\\\/\\\/centrourbano.com\\\/revista\\\/vivienda\\\/equipo-carlos-medina-continua-al-frente-la-canadevi\\\/\"},\"author\":{\"name\":\"Dinorah Nava\",\"@id\":\"https:\\\/\\\/centrourbano.com\\\/revista\\\/#\\\/schema\\\/person\\\/b45db815d96831257ba428a3d5a5fbdc\"},\"headline\":\"Equipo de Carlos Medina contin\u00faa al frente de la Canadevi\",\"datePublished\":\"2017-03-23T21:30:19+00:00\",\"mainEntityOfPage\":{\"@id\":\"https:\\\/\\\/centrourbano.com\\\/revista\\\/vivienda\\\/equipo-carlos-medina-continua-al-frente-la-canadevi\\\/\"},\"wordCount\":667,\"commentCount\":0,\"publisher\":{\"@id\":\"https:\\\/\\\/centrourbano.com\\\/revista\\\/#organization\"},\"image\":{\"@id\":\"https:\\\/\\\/centrourbano.com\\\/revista\\\/vivienda\\\/equipo-carlos-medina-continua-al-frente-la-canadevi\\\/#primaryimage\"},\"thumbnailUrl\":\"https:\\\/\\\/centrourbano.com\\\/revista\\\/wp-content\\\/uploads\\\/Carlos-Medina-1-1.jpg\",\"keywords\":[\"Camara nacional de la INdustria de Desarrollo y Promoci\u00f3n de vivienda\",\"Canadevi\",\"Carlos Medina\",\"vivienda\"],\"articleSection\":[\"Vivienda\"],\"inLanguage\":\"es\",\"potentialAction\":[{\"@type\":\"CommentAction\",\"name\":\"Comment\",\"target\":[\"https:\\\/\\\/centrourbano.com\\\/revista\\\/vivienda\\\/equipo-carlos-medina-continua-al-frente-la-canadevi\\\/#respond\"]}]},{\"@type\":\"WebPage\",\"@id\":\"https:\\\/\\\/centrourbano.com\\\/revista\\\/vivienda\\\/equipo-carlos-medina-continua-al-frente-la-canadevi\\\/\",\"url\":\"https:\\\/\\\/centrourbano.com\\\/revista\\\/vivienda\\\/equipo-carlos-medina-continua-al-frente-la-canadevi\\\/\",\"name\":\"Equipo de Carlos Medina contin\u00faa al frente de la Canadevi\",\"isPartOf\":{\"@id\":\"https:\\\/\\\/centrourbano.com\\\/revista\\\/#website\"},\"primaryImageOfPage\":{\"@id\":\"https:\\\/\\\/centrourbano.com\\\/revista\\\/vivienda\\\/equipo-carlos-medina-continua-al-frente-la-canadevi\\\/#primaryimage\"},\"image\":{\"@id\":\"https:\\\/\\\/centrourbano.com\\\/revista\\\/vivienda\\\/equipo-carlos-medina-continua-al-frente-la-canadevi\\\/#primaryimage\"},\"thumbnailUrl\":\"https:\\\/\\\/centrourbano.com\\\/revista\\\/wp-content\\\/uploads\\\/Carlos-Medina-1-1.jpg\",\"datePublished\":\"2017-03-23T21:30:19+00:00\",\"description\":\"Continuar\u00e1n fortaleciendo al sector a trav\u00e9s de la coordinaci\u00f3n con autoridades y el impulso a programas que consoliden a la vivienda como motor de la econom\u00eda nacional\",\"breadcrumb\":{\"@id\":\"https:\\\/\\\/centrourbano.com\\\/revista\\\/vivienda\\\/equipo-carlos-medina-continua-al-frente-la-canadevi\\\/#breadcrumb\"},\"inLanguage\":\"es\",\"potentialAction\":[{\"@type\":\"ReadAction\",\"target\":[\"https:\\\/\\\/centrourbano.com\\\/revista\\\/vivienda\\\/equipo-carlos-medina-continua-al-frente-la-canadevi\\\/\"]}]},{\"@type\":\"ImageObject\",\"inLanguage\":\"es\",\"@id\":\"https:\\\/\\\/centrourbano.com\\\/revista\\\/vivienda\\\/equipo-carlos-medina-continua-al-frente-la-canadevi\\\/#primaryimage\",\"url\":\"https:\\\/\\\/centrourbano.com\\\/revista\\\/wp-content\\\/uploads\\\/Carlos-Medina-1-1.jpg\",\"contentUrl\":\"https:\\\/\\\/centrourbano.com\\\/revista\\\/wp-content\\\/uploads\\\/Carlos-Medina-1-1.jpg\",\"width\":840,\"height\":644,\"caption\":\"\u201cNo se trata s\u00f3lo del polvo del cemento que se usa en la vivienda, sino de todos los materiales que se hacen con \u00e9l\u201d, Carlos Medina\"},{\"@type\":\"BreadcrumbList\",\"@id\":\"https:\\\/\\\/centrourbano.com\\\/revista\\\/vivienda\\\/equipo-carlos-medina-continua-al-frente-la-canadevi\\\/#breadcrumb\",\"itemListElement\":[{\"@type\":\"ListItem\",\"position\":1,\"name\":\"Portada\",\"item\":\"https:\\\/\\\/centrourbano.com\\\/revista\\\/\"},{\"@type\":\"ListItem\",\"position\":2,\"name\":\"Equipo de Carlos Medina contin\u00faa al frente de la Canadevi\"}]},{\"@type\":\"WebSite\",\"@id\":\"https:\\\/\\\/centrourbano.com\\\/revista\\\/#website\",\"url\":\"https:\\\/\\\/centrourbano.com\\\/revista\\\/\",\"name\":\"Centro Urbano\",\"description\":\"Medio especializado en los sectores vivienda, inmobiliario, construcci\u00f3n, arquitectura y urbanismo.\",\"publisher\":{\"@id\":\"https:\\\/\\\/centrourbano.com\\\/revista\\\/#organization\"},\"potentialAction\":[{\"@type\":\"SearchAction\",\"target\":{\"@type\":\"EntryPoint\",\"urlTemplate\":\"https:\\\/\\\/centrourbano.com\\\/revista\\\/?s={search_term_string}\"},\"query-input\":{\"@type\":\"PropertyValueSpecification\",\"valueRequired\":true,\"valueName\":\"search_term_string\"}}],\"inLanguage\":\"es\"},{\"@type\":\"Organization\",\"@id\":\"https:\\\/\\\/centrourbano.com\\\/revista\\\/#organization\",\"name\":\"Centro Urbano\",\"url\":\"https:\\\/\\\/centrourbano.com\\\/revista\\\/\",\"logo\":{\"@type\":\"ImageObject\",\"inLanguage\":\"es\",\"@id\":\"https:\\\/\\\/centrourbano.com\\\/revista\\\/#\\\/schema\\\/logo\\\/image\\\/\",\"url\":\"https:\\\/\\\/centrourbano.com\\\/revista\\\/wp-content\\\/uploads\\\/web_CU_logo-1.png\",\"contentUrl\":\"https:\\\/\\\/centrourbano.com\\\/revista\\\/wp-content\\\/uploads\\\/web_CU_logo-1.png\",\"width\":350,\"height\":91,\"caption\":\"Centro Urbano\"},\"image\":{\"@id\":\"https:\\\/\\\/centrourbano.com\\\/revista\\\/#\\\/schema\\\/logo\\\/image\\\/\"},\"sameAs\":[\"https:\\\/\\\/www.facebook.com\\\/portalcentrourbano\",\"https:\\\/\\\/x.com\\\/CentroUrbano\",\"https:\\\/\\\/www.instagram.com\\\/centro_urbano\\\/\",\"https:\\\/\\\/www.linkedin.com\\\/company\\\/centro-urbano\\\/\",\"http:\\\/\\\/www.youtube.com\\\/user\\\/portalcentrourbano\"]},{\"@type\":\"Person\",\"@id\":\"https:\\\/\\\/centrourbano.com\\\/revista\\\/#\\\/schema\\\/person\\\/b45db815d96831257ba428a3d5a5fbdc\",\"name\":\"Dinorah Nava\",\"image\":{\"@type\":\"ImageObject\",\"inLanguage\":\"es\",\"@id\":\"https:\\\/\\\/secure.gravatar.com\\\/avatar\\\/f6ca6430c51d147f363940f84e1225aa4b8183885c11802cc3b042305a4ecc1a?s=96&d=mm&r=g\",\"url\":\"https:\\\/\\\/secure.gravatar.com\\\/avatar\\\/f6ca6430c51d147f363940f84e1225aa4b8183885c11802cc3b042305a4ecc1a?s=96&d=mm&r=g\",\"contentUrl\":\"https:\\\/\\\/secure.gravatar.com\\\/avatar\\\/f6ca6430c51d147f363940f84e1225aa4b8183885c11802cc3b042305a4ecc1a?s=96&d=mm&r=g\",\"caption\":\"Dinorah Nava\"},\"description\":\"Editora de Contenidos y Estrategias Digitales en Centro Urbano y Coeditora en Peri\u00f3dico Mi Casa. Egresada de la licenciatura en Comunicaci\u00f3n y Periodismo de la Facultad de Estudios Superiores Arag\u00f3n (UNAM). Amante de la edici\u00f3n y correcci\u00f3n de estilo, las redes sociales y el mundo digital. Especialista en temas son arquitectura, inmobiliario y urbanismo.\",\"sameAs\":[\"linkedin.com\\\/in\\\/dinorah-nava\",\"https:\\\/\\\/x.com\\\/https:\\\/\\\/twitter.com\\\/Dinorah_Nava28\"],\"url\":\"https:\\\/\\\/centrourbano.com\\\/revista\\\/author\\\/dinorah-nava\\\/\"}]}<\/script>\n<!-- \/ Yoast SEO plugin. -->","yoast_head_json":{"title":"Equipo de Carlos Medina contin\u00faa al frente de la Canadevi","description":"Continuar\u00e1n fortaleciendo al sector a trav\u00e9s de la coordinaci\u00f3n con autoridades y el impulso a programas que consoliden a la vivienda como motor de la econom\u00eda nacional","robots":{"index":"index","follow":"follow","max-snippet":"max-snippet:-1","max-image-preview":"max-image-preview:large","max-video-preview":"max-video-preview:-1"},"canonical":"https:\/\/centrourbano.com\/revista\/vivienda\/equipo-carlos-medina-continua-al-frente-la-canadevi\/","og_locale":"es_ES","og_type":"article","og_title":"Equipo de Carlos Medina contin\u00faa al frente de la Canadevi","og_description":"Continuar\u00e1n fortaleciendo al sector a trav\u00e9s de la coordinaci\u00f3n con autoridades y el impulso a programas que consoliden a la vivienda como motor de la econom\u00eda nacional","og_url":"https:\/\/centrourbano.com\/revista\/vivienda\/equipo-carlos-medina-continua-al-frente-la-canadevi\/","og_site_name":"Centro Urbano","article_publisher":"https:\/\/www.facebook.com\/portalcentrourbano","article_published_time":"2017-03-23T21:30:19+00:00","og_image":[{"width":840,"height":644,"url":"https:\/\/centrourbano.com\/revista\/wp-content\/uploads\/Carlos-Medina-1-1.jpg","type":"image\/jpeg"}],"author":"Dinorah Nava","twitter_card":"summary_large_image","twitter_creator":"@https:\/\/twitter.com\/Dinorah_Nava28","twitter_site":"@CentroUrbano","twitter_misc":{"Escrito por":"Dinorah Nava","Tiempo de lectura":"3 minutos"},"schema":{"@context":"https:\/\/schema.org","@graph":[{"@type":"Article","@id":"https:\/\/centrourbano.com\/revista\/vivienda\/equipo-carlos-medina-continua-al-frente-la-canadevi\/#article","isPartOf":{"@id":"https:\/\/centrourbano.com\/revista\/vivienda\/equipo-carlos-medina-continua-al-frente-la-canadevi\/"},"author":{"name":"Dinorah Nava","@id":"https:\/\/centrourbano.com\/revista\/#\/schema\/person\/b45db815d96831257ba428a3d5a5fbdc"},"headline":"Equipo de Carlos Medina contin\u00faa al frente de la Canadevi","datePublished":"2017-03-23T21:30:19+00:00","mainEntityOfPage":{"@id":"https:\/\/centrourbano.com\/revista\/vivienda\/equipo-carlos-medina-continua-al-frente-la-canadevi\/"},"wordCount":667,"commentCount":0,"publisher":{"@id":"https:\/\/centrourbano.com\/revista\/#organization"},"image":{"@id":"https:\/\/centrourbano.com\/revista\/vivienda\/equipo-carlos-medina-continua-al-frente-la-canadevi\/#primaryimage"},"thumbnailUrl":"https:\/\/centrourbano.com\/revista\/wp-content\/uploads\/Carlos-Medina-1-1.jpg","keywords":["Camara nacional de la INdustria de Desarrollo y Promoci\u00f3n de vivienda","Canadevi","Carlos Medina","vivienda"],"articleSection":["Vivienda"],"inLanguage":"es","potentialAction":[{"@type":"CommentAction","name":"Comment","target":["https:\/\/centrourbano.com\/revista\/vivienda\/equipo-carlos-medina-continua-al-frente-la-canadevi\/#respond"]}]},{"@type":"WebPage","@id":"https:\/\/centrourbano.com\/revista\/vivienda\/equipo-carlos-medina-continua-al-frente-la-canadevi\/","url":"https:\/\/centrourbano.com\/revista\/vivienda\/equipo-carlos-medina-continua-al-frente-la-canadevi\/","name":"Equipo de Carlos Medina contin\u00faa al frente de la Canadevi","isPartOf":{"@id":"https:\/\/centrourbano.com\/revista\/#website"},"primaryImageOfPage":{"@id":"https:\/\/centrourbano.com\/revista\/vivienda\/equipo-carlos-medina-continua-al-frente-la-canadevi\/#primaryimage"},"image":{"@id":"https:\/\/centrourbano.com\/revista\/vivienda\/equipo-carlos-medina-continua-al-frente-la-canadevi\/#primaryimage"},"thumbnailUrl":"https:\/\/centrourbano.com\/revista\/wp-content\/uploads\/Carlos-Medina-1-1.jpg","datePublished":"2017-03-23T21:30:19+00:00","description":"Continuar\u00e1n fortaleciendo al sector a trav\u00e9s de la coordinaci\u00f3n con autoridades y el impulso a programas que consoliden a la vivienda como motor de la econom\u00eda nacional","breadcrumb":{"@id":"https:\/\/centrourbano.com\/revista\/vivienda\/equipo-carlos-medina-continua-al-frente-la-canadevi\/#breadcrumb"},"inLanguage":"es","potentialAction":[{"@type":"ReadAction","target":["https:\/\/centrourbano.com\/revista\/vivienda\/equipo-carlos-medina-continua-al-frente-la-canadevi\/"]}]},{"@type":"ImageObject","inLanguage":"es","@id":"https:\/\/centrourbano.com\/revista\/vivienda\/equipo-carlos-medina-continua-al-frente-la-canadevi\/#primaryimage","url":"https:\/\/centrourbano.com\/revista\/wp-content\/uploads\/Carlos-Medina-1-1.jpg","contentUrl":"https:\/\/centrourbano.com\/revista\/wp-content\/uploads\/Carlos-Medina-1-1.jpg","width":840,"height":644,"caption":"\u201cNo se trata s\u00f3lo del polvo del cemento que se usa en la vivienda, sino de todos los materiales que se hacen con \u00e9l\u201d, Carlos Medina"},{"@type":"BreadcrumbList","@id":"https:\/\/centrourbano.com\/revista\/vivienda\/equipo-carlos-medina-continua-al-frente-la-canadevi\/#breadcrumb","itemListElement":[{"@type":"ListItem","position":1,"name":"Portada","item":"https:\/\/centrourbano.com\/revista\/"},{"@type":"ListItem","position":2,"name":"Equipo de Carlos Medina contin\u00faa al frente de la Canadevi"}]},{"@type":"WebSite","@id":"https:\/\/centrourbano.com\/revista\/#website","url":"https:\/\/centrourbano.com\/revista\/","name":"Centro Urbano","description":"Medio especializado en los sectores vivienda, inmobiliario, construcci\u00f3n, arquitectura y urbanismo.","publisher":{"@id":"https:\/\/centrourbano.com\/revista\/#organization"},"potentialAction":[{"@type":"SearchAction","target":{"@type":"EntryPoint","urlTemplate":"https:\/\/centrourbano.com\/revista\/?s={search_term_string}"},"query-input":{"@type":"PropertyValueSpecification","valueRequired":true,"valueName":"search_term_string"}}],"inLanguage":"es"},{"@type":"Organization","@id":"https:\/\/centrourbano.com\/revista\/#organization","name":"Centro Urbano","url":"https:\/\/centrourbano.com\/revista\/","logo":{"@type":"ImageObject","inLanguage":"es","@id":"https:\/\/centrourbano.com\/revista\/#\/schema\/logo\/image\/","url":"https:\/\/centrourbano.com\/revista\/wp-content\/uploads\/web_CU_logo-1.png","contentUrl":"https:\/\/centrourbano.com\/revista\/wp-content\/uploads\/web_CU_logo-1.png","width":350,"height":91,"caption":"Centro Urbano"},"image":{"@id":"https:\/\/centrourbano.com\/revista\/#\/schema\/logo\/image\/"},"sameAs":["https:\/\/www.facebook.com\/portalcentrourbano","https:\/\/x.com\/CentroUrbano","https:\/\/www.instagram.com\/centro_urbano\/","https:\/\/www.linkedin.com\/company\/centro-urbano\/","http:\/\/www.youtube.com\/user\/portalcentrourbano"]},{"@type":"Person","@id":"https:\/\/centrourbano.com\/revista\/#\/schema\/person\/b45db815d96831257ba428a3d5a5fbdc","name":"Dinorah Nava","image":{"@type":"ImageObject","inLanguage":"es","@id":"https:\/\/secure.gravatar.com\/avatar\/f6ca6430c51d147f363940f84e1225aa4b8183885c11802cc3b042305a4ecc1a?s=96&d=mm&r=g","url":"https:\/\/secure.gravatar.com\/avatar\/f6ca6430c51d147f363940f84e1225aa4b8183885c11802cc3b042305a4ecc1a?s=96&d=mm&r=g","contentUrl":"https:\/\/secure.gravatar.com\/avatar\/f6ca6430c51d147f363940f84e1225aa4b8183885c11802cc3b042305a4ecc1a?s=96&d=mm&r=g","caption":"Dinorah Nava"},"description":"Editora de Contenidos y Estrategias Digitales en Centro Urbano y Coeditora en Peri\u00f3dico Mi Casa. Egresada de la licenciatura en Comunicaci\u00f3n y Periodismo de la Facultad de Estudios Superiores Arag\u00f3n (UNAM). Amante de la edici\u00f3n y correcci\u00f3n de estilo, las redes sociales y el mundo digital. Especialista en temas son arquitectura, inmobiliario y urbanismo.","sameAs":["linkedin.com\/in\/dinorah-nava","https:\/\/x.com\/https:\/\/twitter.com\/Dinorah_Nava28"],"url":"https:\/\/centrourbano.com\/revista\/author\/dinorah-nava\/"}]}},"_links":{"self":[{"href":"https:\/\/centrourbano.com\/revista\/wp-json\/wp\/v2\/posts\/50807","targetHints":{"allow":["GET"]}}],"collection":[{"href":"https:\/\/centrourbano.com\/revista\/wp-json\/wp\/v2\/posts"}],"about":[{"href":"https:\/\/centrourbano.com\/revista\/wp-json\/wp\/v2\/types\/post"}],"author":[{"embeddable":true,"href":"https:\/\/centrourbano.com\/revista\/wp-json\/wp\/v2\/users\/9"}],"replies":[{"embeddable":true,"href":"https:\/\/centrourbano.com\/revista\/wp-json\/wp\/v2\/comments?post=50807"}],"version-history":[{"count":0,"href":"https:\/\/centrourbano.com\/revista\/wp-json\/wp\/v2\/posts\/50807\/revisions"}],"wp:featuredmedia":[{"embeddable":true,"href":"https:\/\/centrourbano.com\/revista\/wp-json\/wp\/v2\/media\/35922"}],"wp:attachment":[{"href":"https:\/\/centrourbano.com\/revista\/wp-json\/wp\/v2\/media?parent=50807"}],"wp:term":[{"taxonomy":"category","embeddable":true,"href":"https:\/\/centrourbano.com\/revista\/wp-json\/wp\/v2\/categories?post=50807"},{"taxonomy":"post_tag","embeddable":true,"href":"https:\/\/centrourbano.com\/revista\/wp-json\/wp\/v2\/tags?post=50807"}],"curies":[{"name":"wp","href":"https:\/\/api.w.org\/{rel}","templated":true}]}}