{"id":50803,"date":"2017-03-23T14:51:45","date_gmt":"2017-03-23T20:51:45","guid":{"rendered":"https:\/\/centrourbano.com\/?p=50803"},"modified":"2017-03-23T14:51:45","modified_gmt":"2017-03-23T20:51:45","slug":"colegio-arquitectos-queretaro-celebra-xlv-aniversario","status":"publish","type":"post","link":"https:\/\/centrourbano.com\/revista\/arquitectura-2\/colegio-arquitectos-queretaro-celebra-xlv-aniversario\/","title":{"rendered":"Colegio de Arquitectos de Quer\u00e9taro celebra su XLV aniversario"},"content":{"rendered":"<p><em>Jos\u00e9 Luis Cort\u00e9s Delgado, presidente de la FCARM, reconoci\u00f3 la colaboraci\u00f3n del gobierno y el colegio para afrontar los retos que representa el crecimiento del estado<\/em><!--more--><\/p>\n<p>Se llev\u00f3 a cabo una ceremonia para conmemorar el XLV aniversario del Colegio de Arquitectos del Estado de Quer\u00e9taro, evento que encabez\u00f3 el Gobernador del Estado Francisco Dom\u00ednguez Servi\u00e9n.<\/p>\n<p>Durante el acto, el mandatario estatal reconoci\u00f3 el trabajo que los agremiados realizan desde 1972, tiempo en el que han cimentado las bases para el desarrollo de la entidad.<\/p>\n<p>Asimismo, el funcionario destac\u00f3 el prestigio que el Colegio ha forjado durante 45 a\u00f1os, el cual es resultado de la visi\u00f3n y el liderazgo de varias generaciones de arquitectos.<\/p>\n<p>En ese sentido, resalt\u00f3 la importancia de que el gobierno estatal colabore con el Colegio, ya que eso da certeza y movilidad social; adem\u00e1s, hizo un llamado a esta organizaci\u00f3n a colocar a la persona como eje en todas las decisiones, obras y acciones para generar espacios de convivencia que integren comunidades y promuevan el desarrollo de la ni\u00f1ez.<\/p>\n<p>Dom\u00ednguez Servi\u00e9n se\u00f1al\u00f3 que en lo que va de la actual administraci\u00f3n se han invertido m\u00e1s de 6,000 millones de pesos en obras entregadas y en proceso de ejecuci\u00f3n, entre las que destacan centros de salud, obras de seguridad y procuraci\u00f3n de justicia, conexiones carreteras, plantas de tratamiento e infraestructura hidr\u00e1ulica, obras de accesibilidad universal en el Centro Hist\u00f3rico y restauraciones de sitios y monumentos; as\u00ed como obras para el transporte p\u00fablico y de conservaci\u00f3n de patrimonio y fomento tur\u00edstico en las regiones Sur, Semidesierto y Sierra Gorda.<\/p>\n<p>Estas acciones reiteran que la movilidad y el desarrollo urbano son dos grandes retos para la administraci\u00f3n, por lo cual es de vital importancia el apoyo del Colegio de Arquitectos.<\/p>\n<p>En su participaci\u00f3n, Jos\u00e9 Luis Cort\u00e9s Delgado, presidente de la Federaci\u00f3n de Colegios de Arquitectos de la Rep\u00fablica Mexicana (FCARM), dijo que las ciudades juegan un papel relevante en el desarrollo de los pa\u00edses y ciudades, como es el caso de Quer\u00e9taro, una de las zonas emblem\u00e1ticas m\u00e1s importantes en el pa\u00eds por su historia, desarrollo econ\u00f3mico, social, localizaci\u00f3n geogr\u00e1fica, entre otras cualidades. <\/p>\n<p>Por ello, reconoci\u00f3 la colaboraci\u00f3n de los gobiernos estatal y municipal con los colegios para afrontar los retos que representa el crecimiento del estado, y adelant\u00f3 que en noviembre de este a\u00f1o se llevar\u00e1 a cabo una asamblea nacional en la que se podr\u00e1 mostrar a los colegas lo que es Quer\u00e9taro hoy y lo que puede llegar a ser en el futuro.<\/p>\n<p>En tanto, la presidenta del XXIII Consejo Directivo del Colegio de Arquitectos del Estado de Quer\u00e9taro, Zasha Lezama Lomel\u00ed, reconoci\u00f3 la aportaci\u00f3n de sus colegas a la sociedad, toda vez que han sido tomados en cuenta por lo que pidi\u00f3 a los miembros del Colegio a madurar sus inquietudes, intercambiar experiencias y servir al estado. <\/p>\n<p>Por tal motivo, propuso incluir en las leyes y reglamentos un principio para la reestructuraci\u00f3n territorial-urbana para el estado de Quer\u00e9taro, a fin de lograr un balance \u00f3ptimo integral, de poblaci\u00f3n e infraestructura de desarrollo y servicios para una interrelaci\u00f3n equilibrada enfocada a restituir el futuro social de la poblaci\u00f3n.<\/p>\n","protected":false},"excerpt":{"rendered":"<p>Jos\u00e9 Luis Cort\u00e9s Delgado, presidente de la FCARM, reconoci\u00f3 la colaboraci\u00f3n del gobierno y el colegio para afrontar los retos que representa el crecimiento del estado<\/p>\n","protected":false},"author":9,"featured_media":50804,"comment_status":"open","ping_status":"closed","sticky":false,"template":"","format":"standard","meta":{"om_disable_all_campaigns":false,"inline_featured_image":false,"_monsterinsights_skip_tracking":false,"_monsterinsights_sitenote_active":false,"_monsterinsights_sitenote_note":"","_monsterinsights_sitenote_category":0,"footnotes":""},"categories":[81],"tags":[1273,9834,3752,9833,5288,8824,1640,221],"class_list":["post-50803","post","type-post","status-publish","format-standard","has-post-thumbnail","hentry","category-arquitectura-2","tag-arquitectos","tag-arquitectura-a","tag-colegio-de-arquitectos","tag-colegio-de-arquitectos-de-queretaro","tag-fcarm","tag-federacion-de-colegios-de-arquitectos-de-la-republica-mexicana","tag-jose-luis-cortes-delgado","tag-queretaro"],"yoast_head":"<!-- This site is optimized with the Yoast SEO plugin v27.5 - https:\/\/yoast.com\/product\/yoast-seo-wordpress\/ -->\n<title>Colegio de Arquitectos de Quer\u00e9taro celebra su XLV aniversario<\/title>\n<meta name=\"description\" content=\"Jos\u00e9 Luis Cort\u00e9s Delgado, presidente de la FCARM, reconoci\u00f3 la colaboraci\u00f3n del gobierno y el colegio para afrontar los retos que representa el crecimiento del estado\" \/>\n<meta name=\"robots\" content=\"index, follow, max-snippet:-1, max-image-preview:large, max-video-preview:-1\" \/>\n<link rel=\"canonical\" href=\"https:\/\/centrourbano.com\/revista\/arquitectura-2\/colegio-arquitectos-queretaro-celebra-xlv-aniversario\/\" \/>\n<meta property=\"og:locale\" content=\"es_ES\" \/>\n<meta property=\"og:type\" content=\"article\" \/>\n<meta property=\"og:title\" content=\"Colegio de Arquitectos de Quer\u00e9taro celebra su XLV aniversario\" \/>\n<meta property=\"og:description\" content=\"Jos\u00e9 Luis Cort\u00e9s Delgado, presidente de la FCARM, reconoci\u00f3 la colaboraci\u00f3n del gobierno y el colegio para afrontar los retos que representa el crecimiento del estado\" \/>\n<meta property=\"og:url\" content=\"https:\/\/centrourbano.com\/revista\/arquitectura-2\/colegio-arquitectos-queretaro-celebra-xlv-aniversario\/\" \/>\n<meta property=\"og:site_name\" content=\"Centro Urbano\" \/>\n<meta property=\"article:publisher\" content=\"https:\/\/www.facebook.com\/portalcentrourbano\" \/>\n<meta property=\"article:published_time\" content=\"2017-03-23T20:51:45+00:00\" \/>\n<meta property=\"og:image\" content=\"https:\/\/centrourbano.com\/revista\/wp-content\/uploads\/17493036_1315505028537884_5882482653602136605_o.jpg\" \/>\n\t<meta property=\"og:image:width\" content=\"1100\" \/>\n\t<meta property=\"og:image:height\" content=\"733\" \/>\n\t<meta property=\"og:image:type\" content=\"image\/jpeg\" \/>\n<meta name=\"author\" content=\"Dinorah Nava\" \/>\n<meta name=\"twitter:card\" content=\"summary_large_image\" \/>\n<meta name=\"twitter:creator\" content=\"@https:\/\/twitter.com\/Dinorah_Nava28\" \/>\n<meta name=\"twitter:site\" content=\"@CentroUrbano\" \/>\n<meta name=\"twitter:label1\" content=\"Escrito por\" \/>\n\t<meta name=\"twitter:data1\" content=\"Dinorah Nava\" \/>\n\t<meta name=\"twitter:label2\" content=\"Tiempo de lectura\" \/>\n\t<meta name=\"twitter:data2\" content=\"3 minutos\" \/>\n<script type=\"application\/ld+json\" class=\"yoast-schema-graph\">{\"@context\":\"https:\\\/\\\/schema.org\",\"@graph\":[{\"@type\":\"Article\",\"@id\":\"https:\\\/\\\/centrourbano.com\\\/revista\\\/arquitectura-2\\\/colegio-arquitectos-queretaro-celebra-xlv-aniversario\\\/#article\",\"isPartOf\":{\"@id\":\"https:\\\/\\\/centrourbano.com\\\/revista\\\/arquitectura-2\\\/colegio-arquitectos-queretaro-celebra-xlv-aniversario\\\/\"},\"author\":{\"name\":\"Dinorah Nava\",\"@id\":\"https:\\\/\\\/centrourbano.com\\\/revista\\\/#\\\/schema\\\/person\\\/baa9e569588d5544150642a11ad28b8b\"},\"headline\":\"Colegio de Arquitectos de Quer\u00e9taro celebra su XLV aniversario\",\"datePublished\":\"2017-03-23T20:51:45+00:00\",\"mainEntityOfPage\":{\"@id\":\"https:\\\/\\\/centrourbano.com\\\/revista\\\/arquitectura-2\\\/colegio-arquitectos-queretaro-celebra-xlv-aniversario\\\/\"},\"wordCount\":573,\"commentCount\":0,\"publisher\":{\"@id\":\"https:\\\/\\\/centrourbano.com\\\/revista\\\/#organization\"},\"image\":{\"@id\":\"https:\\\/\\\/centrourbano.com\\\/revista\\\/arquitectura-2\\\/colegio-arquitectos-queretaro-celebra-xlv-aniversario\\\/#primaryimage\"},\"thumbnailUrl\":\"https:\\\/\\\/centrourbano.com\\\/revista\\\/wp-content\\\/uploads\\\/17493036_1315505028537884_5882482653602136605_o.jpg\",\"keywords\":[\"arquitectos\",\"arquitectura a\",\"Colegio de Arquitectos\",\"Colegio de Arquitectos de Quer\u00e9taro\",\"FCARM\",\"Federaci\u00f3n de Colegios de Arquitectos de la Rep\u00fablica Mexicana\",\"Jose Luis Cort\u00e9s Delgado\",\"Quer\u00e9taro\"],\"articleSection\":[\"Arquitectura\"],\"inLanguage\":\"es\",\"potentialAction\":[{\"@type\":\"CommentAction\",\"name\":\"Comment\",\"target\":[\"https:\\\/\\\/centrourbano.com\\\/revista\\\/arquitectura-2\\\/colegio-arquitectos-queretaro-celebra-xlv-aniversario\\\/#respond\"]}]},{\"@type\":\"WebPage\",\"@id\":\"https:\\\/\\\/centrourbano.com\\\/revista\\\/arquitectura-2\\\/colegio-arquitectos-queretaro-celebra-xlv-aniversario\\\/\",\"url\":\"https:\\\/\\\/centrourbano.com\\\/revista\\\/arquitectura-2\\\/colegio-arquitectos-queretaro-celebra-xlv-aniversario\\\/\",\"name\":\"Colegio de Arquitectos de Quer\u00e9taro celebra su XLV aniversario\",\"isPartOf\":{\"@id\":\"https:\\\/\\\/centrourbano.com\\\/revista\\\/#website\"},\"primaryImageOfPage\":{\"@id\":\"https:\\\/\\\/centrourbano.com\\\/revista\\\/arquitectura-2\\\/colegio-arquitectos-queretaro-celebra-xlv-aniversario\\\/#primaryimage\"},\"image\":{\"@id\":\"https:\\\/\\\/centrourbano.com\\\/revista\\\/arquitectura-2\\\/colegio-arquitectos-queretaro-celebra-xlv-aniversario\\\/#primaryimage\"},\"thumbnailUrl\":\"https:\\\/\\\/centrourbano.com\\\/revista\\\/wp-content\\\/uploads\\\/17493036_1315505028537884_5882482653602136605_o.jpg\",\"datePublished\":\"2017-03-23T20:51:45+00:00\",\"description\":\"Jos\u00e9 Luis Cort\u00e9s Delgado, presidente de la FCARM, reconoci\u00f3 la colaboraci\u00f3n del gobierno y el colegio para afrontar los retos que representa el crecimiento del estado\",\"breadcrumb\":{\"@id\":\"https:\\\/\\\/centrourbano.com\\\/revista\\\/arquitectura-2\\\/colegio-arquitectos-queretaro-celebra-xlv-aniversario\\\/#breadcrumb\"},\"inLanguage\":\"es\",\"potentialAction\":[{\"@type\":\"ReadAction\",\"target\":[\"https:\\\/\\\/centrourbano.com\\\/revista\\\/arquitectura-2\\\/colegio-arquitectos-queretaro-celebra-xlv-aniversario\\\/\"]}]},{\"@type\":\"ImageObject\",\"inLanguage\":\"es\",\"@id\":\"https:\\\/\\\/centrourbano.com\\\/revista\\\/arquitectura-2\\\/colegio-arquitectos-queretaro-celebra-xlv-aniversario\\\/#primaryimage\",\"url\":\"https:\\\/\\\/centrourbano.com\\\/revista\\\/wp-content\\\/uploads\\\/17493036_1315505028537884_5882482653602136605_o.jpg\",\"contentUrl\":\"https:\\\/\\\/centrourbano.com\\\/revista\\\/wp-content\\\/uploads\\\/17493036_1315505028537884_5882482653602136605_o.jpg\",\"width\":1100,\"height\":733,\"caption\":\"Jos\u00e9 Luis Cort\u00e9s Delgado, presidente de la FCARM, reconoci\u00f3 la colaboraci\u00f3n del gobierno y el colegio para afrontar los retos que representa el crecimiento del estado\"},{\"@type\":\"BreadcrumbList\",\"@id\":\"https:\\\/\\\/centrourbano.com\\\/revista\\\/arquitectura-2\\\/colegio-arquitectos-queretaro-celebra-xlv-aniversario\\\/#breadcrumb\",\"itemListElement\":[{\"@type\":\"ListItem\",\"position\":1,\"name\":\"Portada\",\"item\":\"https:\\\/\\\/centrourbano.com\\\/revista\\\/\"},{\"@type\":\"ListItem\",\"position\":2,\"name\":\"Colegio de Arquitectos de Quer\u00e9taro celebra su XLV aniversario\"}]},{\"@type\":\"WebSite\",\"@id\":\"https:\\\/\\\/centrourbano.com\\\/revista\\\/#website\",\"url\":\"https:\\\/\\\/centrourbano.com\\\/revista\\\/\",\"name\":\"Centro Urbano\",\"description\":\"Medio especializado en los sectores vivienda, inmobiliario, construcci\u00f3n, arquitectura y urbanismo.\",\"publisher\":{\"@id\":\"https:\\\/\\\/centrourbano.com\\\/revista\\\/#organization\"},\"potentialAction\":[{\"@type\":\"SearchAction\",\"target\":{\"@type\":\"EntryPoint\",\"urlTemplate\":\"https:\\\/\\\/centrourbano.com\\\/revista\\\/?s={search_term_string}\"},\"query-input\":{\"@type\":\"PropertyValueSpecification\",\"valueRequired\":true,\"valueName\":\"search_term_string\"}}],\"inLanguage\":\"es\"},{\"@type\":\"Organization\",\"@id\":\"https:\\\/\\\/centrourbano.com\\\/revista\\\/#organization\",\"name\":\"Centro Urbano\",\"url\":\"https:\\\/\\\/centrourbano.com\\\/revista\\\/\",\"logo\":{\"@type\":\"ImageObject\",\"inLanguage\":\"es\",\"@id\":\"https:\\\/\\\/centrourbano.com\\\/revista\\\/#\\\/schema\\\/logo\\\/image\\\/\",\"url\":\"https:\\\/\\\/centrourbano.com\\\/revista\\\/wp-content\\\/uploads\\\/web_CU_logo-1.png\",\"contentUrl\":\"https:\\\/\\\/centrourbano.com\\\/revista\\\/wp-content\\\/uploads\\\/web_CU_logo-1.png\",\"width\":350,\"height\":91,\"caption\":\"Centro Urbano\"},\"image\":{\"@id\":\"https:\\\/\\\/centrourbano.com\\\/revista\\\/#\\\/schema\\\/logo\\\/image\\\/\"},\"sameAs\":[\"https:\\\/\\\/www.facebook.com\\\/portalcentrourbano\",\"https:\\\/\\\/x.com\\\/CentroUrbano\",\"https:\\\/\\\/www.instagram.com\\\/centro_urbano\\\/\",\"https:\\\/\\\/www.linkedin.com\\\/company\\\/centro-urbano\\\/\",\"http:\\\/\\\/www.youtube.com\\\/user\\\/portalcentrourbano\"]},{\"@type\":\"Person\",\"@id\":\"https:\\\/\\\/centrourbano.com\\\/revista\\\/#\\\/schema\\\/person\\\/baa9e569588d5544150642a11ad28b8b\",\"name\":\"Dinorah Nava\",\"image\":{\"@type\":\"ImageObject\",\"inLanguage\":\"es\",\"@id\":\"https:\\\/\\\/secure.gravatar.com\\\/avatar\\\/f6ca6430c51d147f363940f84e1225aa4b8183885c11802cc3b042305a4ecc1a?s=96&d=mm&r=g\",\"url\":\"https:\\\/\\\/secure.gravatar.com\\\/avatar\\\/f6ca6430c51d147f363940f84e1225aa4b8183885c11802cc3b042305a4ecc1a?s=96&d=mm&r=g\",\"contentUrl\":\"https:\\\/\\\/secure.gravatar.com\\\/avatar\\\/f6ca6430c51d147f363940f84e1225aa4b8183885c11802cc3b042305a4ecc1a?s=96&d=mm&r=g\",\"caption\":\"Dinorah Nava\"},\"description\":\"Editora de Contenidos y Estrategias Digitales en Centro Urbano y Coeditora en Peri\u00f3dico Mi Casa. Egresada de la licenciatura en Comunicaci\u00f3n y Periodismo de la Facultad de Estudios Superiores Arag\u00f3n (UNAM). Amante de la edici\u00f3n y correcci\u00f3n de estilo, las redes sociales y el mundo digital. Especialista en temas son arquitectura, inmobiliario y urbanismo.\",\"sameAs\":[\"linkedin.com\\\/in\\\/dinorah-nava\",\"https:\\\/\\\/x.com\\\/https:\\\/\\\/twitter.com\\\/Dinorah_Nava28\"],\"url\":\"https:\\\/\\\/centrourbano.com\\\/revista\\\/author\\\/dinorah-nava\\\/\"}]}<\/script>\n<!-- \/ Yoast SEO plugin. -->","yoast_head_json":{"title":"Colegio de Arquitectos de Quer\u00e9taro celebra su XLV aniversario","description":"Jos\u00e9 Luis Cort\u00e9s Delgado, presidente de la FCARM, reconoci\u00f3 la colaboraci\u00f3n del gobierno y el colegio para afrontar los retos que representa el crecimiento del estado","robots":{"index":"index","follow":"follow","max-snippet":"max-snippet:-1","max-image-preview":"max-image-preview:large","max-video-preview":"max-video-preview:-1"},"canonical":"https:\/\/centrourbano.com\/revista\/arquitectura-2\/colegio-arquitectos-queretaro-celebra-xlv-aniversario\/","og_locale":"es_ES","og_type":"article","og_title":"Colegio de Arquitectos de Quer\u00e9taro celebra su XLV aniversario","og_description":"Jos\u00e9 Luis Cort\u00e9s Delgado, presidente de la FCARM, reconoci\u00f3 la colaboraci\u00f3n del gobierno y el colegio para afrontar los retos que representa el crecimiento del estado","og_url":"https:\/\/centrourbano.com\/revista\/arquitectura-2\/colegio-arquitectos-queretaro-celebra-xlv-aniversario\/","og_site_name":"Centro Urbano","article_publisher":"https:\/\/www.facebook.com\/portalcentrourbano","article_published_time":"2017-03-23T20:51:45+00:00","og_image":[{"width":1100,"height":733,"url":"https:\/\/centrourbano.com\/revista\/wp-content\/uploads\/17493036_1315505028537884_5882482653602136605_o.jpg","type":"image\/jpeg"}],"author":"Dinorah Nava","twitter_card":"summary_large_image","twitter_creator":"@https:\/\/twitter.com\/Dinorah_Nava28","twitter_site":"@CentroUrbano","twitter_misc":{"Escrito por":"Dinorah Nava","Tiempo de lectura":"3 minutos"},"schema":{"@context":"https:\/\/schema.org","@graph":[{"@type":"Article","@id":"https:\/\/centrourbano.com\/revista\/arquitectura-2\/colegio-arquitectos-queretaro-celebra-xlv-aniversario\/#article","isPartOf":{"@id":"https:\/\/centrourbano.com\/revista\/arquitectura-2\/colegio-arquitectos-queretaro-celebra-xlv-aniversario\/"},"author":{"name":"Dinorah Nava","@id":"https:\/\/centrourbano.com\/revista\/#\/schema\/person\/baa9e569588d5544150642a11ad28b8b"},"headline":"Colegio de Arquitectos de Quer\u00e9taro celebra su XLV aniversario","datePublished":"2017-03-23T20:51:45+00:00","mainEntityOfPage":{"@id":"https:\/\/centrourbano.com\/revista\/arquitectura-2\/colegio-arquitectos-queretaro-celebra-xlv-aniversario\/"},"wordCount":573,"commentCount":0,"publisher":{"@id":"https:\/\/centrourbano.com\/revista\/#organization"},"image":{"@id":"https:\/\/centrourbano.com\/revista\/arquitectura-2\/colegio-arquitectos-queretaro-celebra-xlv-aniversario\/#primaryimage"},"thumbnailUrl":"https:\/\/centrourbano.com\/revista\/wp-content\/uploads\/17493036_1315505028537884_5882482653602136605_o.jpg","keywords":["arquitectos","arquitectura a","Colegio de Arquitectos","Colegio de Arquitectos de Quer\u00e9taro","FCARM","Federaci\u00f3n de Colegios de Arquitectos de la Rep\u00fablica Mexicana","Jose Luis Cort\u00e9s Delgado","Quer\u00e9taro"],"articleSection":["Arquitectura"],"inLanguage":"es","potentialAction":[{"@type":"CommentAction","name":"Comment","target":["https:\/\/centrourbano.com\/revista\/arquitectura-2\/colegio-arquitectos-queretaro-celebra-xlv-aniversario\/#respond"]}]},{"@type":"WebPage","@id":"https:\/\/centrourbano.com\/revista\/arquitectura-2\/colegio-arquitectos-queretaro-celebra-xlv-aniversario\/","url":"https:\/\/centrourbano.com\/revista\/arquitectura-2\/colegio-arquitectos-queretaro-celebra-xlv-aniversario\/","name":"Colegio de Arquitectos de Quer\u00e9taro celebra su XLV aniversario","isPartOf":{"@id":"https:\/\/centrourbano.com\/revista\/#website"},"primaryImageOfPage":{"@id":"https:\/\/centrourbano.com\/revista\/arquitectura-2\/colegio-arquitectos-queretaro-celebra-xlv-aniversario\/#primaryimage"},"image":{"@id":"https:\/\/centrourbano.com\/revista\/arquitectura-2\/colegio-arquitectos-queretaro-celebra-xlv-aniversario\/#primaryimage"},"thumbnailUrl":"https:\/\/centrourbano.com\/revista\/wp-content\/uploads\/17493036_1315505028537884_5882482653602136605_o.jpg","datePublished":"2017-03-23T20:51:45+00:00","description":"Jos\u00e9 Luis Cort\u00e9s Delgado, presidente de la FCARM, reconoci\u00f3 la colaboraci\u00f3n del gobierno y el colegio para afrontar los retos que representa el crecimiento del estado","breadcrumb":{"@id":"https:\/\/centrourbano.com\/revista\/arquitectura-2\/colegio-arquitectos-queretaro-celebra-xlv-aniversario\/#breadcrumb"},"inLanguage":"es","potentialAction":[{"@type":"ReadAction","target":["https:\/\/centrourbano.com\/revista\/arquitectura-2\/colegio-arquitectos-queretaro-celebra-xlv-aniversario\/"]}]},{"@type":"ImageObject","inLanguage":"es","@id":"https:\/\/centrourbano.com\/revista\/arquitectura-2\/colegio-arquitectos-queretaro-celebra-xlv-aniversario\/#primaryimage","url":"https:\/\/centrourbano.com\/revista\/wp-content\/uploads\/17493036_1315505028537884_5882482653602136605_o.jpg","contentUrl":"https:\/\/centrourbano.com\/revista\/wp-content\/uploads\/17493036_1315505028537884_5882482653602136605_o.jpg","width":1100,"height":733,"caption":"Jos\u00e9 Luis Cort\u00e9s Delgado, presidente de la FCARM, reconoci\u00f3 la colaboraci\u00f3n del gobierno y el colegio para afrontar los retos que representa el crecimiento del estado"},{"@type":"BreadcrumbList","@id":"https:\/\/centrourbano.com\/revista\/arquitectura-2\/colegio-arquitectos-queretaro-celebra-xlv-aniversario\/#breadcrumb","itemListElement":[{"@type":"ListItem","position":1,"name":"Portada","item":"https:\/\/centrourbano.com\/revista\/"},{"@type":"ListItem","position":2,"name":"Colegio de Arquitectos de Quer\u00e9taro celebra su XLV aniversario"}]},{"@type":"WebSite","@id":"https:\/\/centrourbano.com\/revista\/#website","url":"https:\/\/centrourbano.com\/revista\/","name":"Centro Urbano","description":"Medio especializado en los sectores vivienda, inmobiliario, construcci\u00f3n, arquitectura y urbanismo.","publisher":{"@id":"https:\/\/centrourbano.com\/revista\/#organization"},"potentialAction":[{"@type":"SearchAction","target":{"@type":"EntryPoint","urlTemplate":"https:\/\/centrourbano.com\/revista\/?s={search_term_string}"},"query-input":{"@type":"PropertyValueSpecification","valueRequired":true,"valueName":"search_term_string"}}],"inLanguage":"es"},{"@type":"Organization","@id":"https:\/\/centrourbano.com\/revista\/#organization","name":"Centro Urbano","url":"https:\/\/centrourbano.com\/revista\/","logo":{"@type":"ImageObject","inLanguage":"es","@id":"https:\/\/centrourbano.com\/revista\/#\/schema\/logo\/image\/","url":"https:\/\/centrourbano.com\/revista\/wp-content\/uploads\/web_CU_logo-1.png","contentUrl":"https:\/\/centrourbano.com\/revista\/wp-content\/uploads\/web_CU_logo-1.png","width":350,"height":91,"caption":"Centro Urbano"},"image":{"@id":"https:\/\/centrourbano.com\/revista\/#\/schema\/logo\/image\/"},"sameAs":["https:\/\/www.facebook.com\/portalcentrourbano","https:\/\/x.com\/CentroUrbano","https:\/\/www.instagram.com\/centro_urbano\/","https:\/\/www.linkedin.com\/company\/centro-urbano\/","http:\/\/www.youtube.com\/user\/portalcentrourbano"]},{"@type":"Person","@id":"https:\/\/centrourbano.com\/revista\/#\/schema\/person\/baa9e569588d5544150642a11ad28b8b","name":"Dinorah Nava","image":{"@type":"ImageObject","inLanguage":"es","@id":"https:\/\/secure.gravatar.com\/avatar\/f6ca6430c51d147f363940f84e1225aa4b8183885c11802cc3b042305a4ecc1a?s=96&d=mm&r=g","url":"https:\/\/secure.gravatar.com\/avatar\/f6ca6430c51d147f363940f84e1225aa4b8183885c11802cc3b042305a4ecc1a?s=96&d=mm&r=g","contentUrl":"https:\/\/secure.gravatar.com\/avatar\/f6ca6430c51d147f363940f84e1225aa4b8183885c11802cc3b042305a4ecc1a?s=96&d=mm&r=g","caption":"Dinorah Nava"},"description":"Editora de Contenidos y Estrategias Digitales en Centro Urbano y Coeditora en Peri\u00f3dico Mi Casa. Egresada de la licenciatura en Comunicaci\u00f3n y Periodismo de la Facultad de Estudios Superiores Arag\u00f3n (UNAM). Amante de la edici\u00f3n y correcci\u00f3n de estilo, las redes sociales y el mundo digital. Especialista en temas son arquitectura, inmobiliario y urbanismo.","sameAs":["linkedin.com\/in\/dinorah-nava","https:\/\/x.com\/https:\/\/twitter.com\/Dinorah_Nava28"],"url":"https:\/\/centrourbano.com\/revista\/author\/dinorah-nava\/"}]}},"_links":{"self":[{"href":"https:\/\/centrourbano.com\/revista\/wp-json\/wp\/v2\/posts\/50803","targetHints":{"allow":["GET"]}}],"collection":[{"href":"https:\/\/centrourbano.com\/revista\/wp-json\/wp\/v2\/posts"}],"about":[{"href":"https:\/\/centrourbano.com\/revista\/wp-json\/wp\/v2\/types\/post"}],"author":[{"embeddable":true,"href":"https:\/\/centrourbano.com\/revista\/wp-json\/wp\/v2\/users\/9"}],"replies":[{"embeddable":true,"href":"https:\/\/centrourbano.com\/revista\/wp-json\/wp\/v2\/comments?post=50803"}],"version-history":[{"count":0,"href":"https:\/\/centrourbano.com\/revista\/wp-json\/wp\/v2\/posts\/50803\/revisions"}],"wp:featuredmedia":[{"embeddable":true,"href":"https:\/\/centrourbano.com\/revista\/wp-json\/wp\/v2\/media\/50804"}],"wp:attachment":[{"href":"https:\/\/centrourbano.com\/revista\/wp-json\/wp\/v2\/media?parent=50803"}],"wp:term":[{"taxonomy":"category","embeddable":true,"href":"https:\/\/centrourbano.com\/revista\/wp-json\/wp\/v2\/categories?post=50803"},{"taxonomy":"post_tag","embeddable":true,"href":"https:\/\/centrourbano.com\/revista\/wp-json\/wp\/v2\/tags?post=50803"}],"curies":[{"name":"wp","href":"https:\/\/api.w.org\/{rel}","templated":true}]}}