{"id":50772,"date":"2017-03-23T13:59:43","date_gmt":"2017-03-23T19:59:43","guid":{"rendered":"https:\/\/centrourbano.com\/?p=50772"},"modified":"2017-03-23T13:59:43","modified_gmt":"2017-03-23T19:59:43","slug":"inba-naucalpan-restauraran-torres-satelite","status":"publish","type":"post","link":"https:\/\/centrourbano.com\/revista\/urbanismo\/inba-naucalpan-restauraran-torres-satelite\/","title":{"rendered":"INBA y Naucalpan restaurar\u00e1n Torres de Sat\u00e9lite"},"content":{"rendered":"<p><em>El municipio mexiquense aporta 44,000 pesos y el apoyo t\u00e9cnico corresponder\u00e1 al Instituto<\/em><br \/>\n<!--more--><\/p>\n<p>El gobierno municipal de Naucalpan inform\u00f3 que trabaja en coordinaci\u00f3n con el Instituto Nacional de Bellas Artes (INBA) para colocar un sistema de iluminaci\u00f3n en las Torres de Sat\u00e9lite, el cual contempla la instalaci\u00f3n de luminarias LED.<\/p>\n<p>\u201cEstas acciones se realizan para la conservaci\u00f3n y embellecimiento de un \u00edcono que da identidad y pertenencia a los habitantes de la demarcaci\u00f3n, como lo son las Torres de Sat\u00e9lite\u201d, explic\u00f3 el gobierno local en un comunicado. <\/p>\n<p>Adem\u00e1s, desde principios de este mes se trabaja en la restauraci\u00f3n de la torre azul, ya que fue pintada con aerosol. Estos trabajos se realizan baj\u00f3 la supervisi\u00f3n del Instituto y de la Secretar\u00eda de Cultura.   <\/p>\n<p>El gobierno municipal contribuy\u00f3 con 44,000 pesos, mientras que las instituciones aportaron el apoyo t\u00e9cnico necesario. <\/p>\n<p>\u201cLos trabajos se realizar\u00e1n por 4 restauradores adscritos al Taller de Escultura del Centro Nacional de Conservaci\u00f3n y Registro del Patrimonio Art\u00edstico Mueble (CENCROPAM) del INBA, quienes aplicar\u00e1n productos de limpieza especializados a fin de retirar \u00fanicamente la pintura en aerosol sin afectar la capa pict\u00f3rica que recubre a toda la torre, esto de acuerdo con los procedimientos y normas establecidas para tal fin\u201d.<\/p>\n<p>El Taller de Escultura del Cencropam es coordinado por Carlos Iv\u00e1n Herrera y el encargado del proyecto de limpieza de la torre azul de Sat\u00e9lite es Enrique P\u00e9rez Santiba\u00f1ez.<\/p>\n","protected":false},"excerpt":{"rendered":"<p>El municipio mexiquense aporta 44,000 pesos y el apoyo t\u00e9cnico corresponder\u00e1 al Instituto<\/p>\n","protected":false},"author":37,"featured_media":50780,"comment_status":"open","ping_status":"closed","sticky":false,"template":"","format":"standard","meta":{"om_disable_all_campaigns":false,"inline_featured_image":false,"_monsterinsights_skip_tracking":false,"_monsterinsights_sitenote_active":false,"_monsterinsights_sitenote_note":"","_monsterinsights_sitenote_category":0,"footnotes":""},"categories":[82],"tags":[],"class_list":["post-50772","post","type-post","status-publish","format-standard","has-post-thumbnail","hentry","category-urbanismo"],"yoast_head":"<!-- This site is optimized with the Yoast SEO plugin v27.4 - https:\/\/yoast.com\/product\/yoast-seo-wordpress\/ -->\n<title>INBA y Naucalpan restaurar\u00e1n Torres de Sat\u00e9lite -<\/title>\n<meta name=\"description\" content=\"El gobierno municipal de Naucalpan inform\u00f3 que trabaja en coordinaci\u00f3n con el Instituto Nacional de Bellas Artes (INBA) para colocar un sistema de iluminaci\u00f3n en las Torres de Sat\u00e9lite, el cual contempla la instalaci\u00f3n de luminarias LED.\" \/>\n<meta name=\"robots\" content=\"index, follow, max-snippet:-1, max-image-preview:large, max-video-preview:-1\" \/>\n<link rel=\"canonical\" href=\"https:\/\/centrourbano.com\/revista\/urbanismo\/inba-naucalpan-restauraran-torres-satelite\/\" \/>\n<meta property=\"og:locale\" content=\"es_ES\" \/>\n<meta property=\"og:type\" content=\"article\" \/>\n<meta property=\"og:title\" content=\"INBA y Naucalpan restaurar\u00e1n Torres de Sat\u00e9lite -\" \/>\n<meta property=\"og:description\" content=\"El gobierno municipal de Naucalpan inform\u00f3 que trabaja en coordinaci\u00f3n con el Instituto Nacional de Bellas Artes (INBA) para colocar un sistema de iluminaci\u00f3n en las Torres de Sat\u00e9lite, el cual contempla la instalaci\u00f3n de luminarias LED.\" \/>\n<meta property=\"og:url\" content=\"https:\/\/centrourbano.com\/revista\/urbanismo\/inba-naucalpan-restauraran-torres-satelite\/\" \/>\n<meta property=\"og:site_name\" content=\"Centro Urbano\" \/>\n<meta property=\"article:publisher\" content=\"https:\/\/www.facebook.com\/portalcentrourbano\" \/>\n<meta property=\"article:published_time\" content=\"2017-03-23T19:59:43+00:00\" \/>\n<meta property=\"og:image\" content=\"https:\/\/centrourbano.com\/revista\/wp-content\/uploads\/Torres.jpg\" \/>\n\t<meta property=\"og:image:width\" content=\"960\" \/>\n\t<meta property=\"og:image:height\" content=\"640\" \/>\n\t<meta property=\"og:image:type\" content=\"image\/jpeg\" \/>\n<meta name=\"author\" content=\"Diego Rodr\u00edguez\" \/>\n<meta name=\"twitter:card\" content=\"summary_large_image\" \/>\n<meta name=\"twitter:creator\" content=\"@CentroUrbano\" \/>\n<meta name=\"twitter:site\" content=\"@CentroUrbano\" \/>\n<meta name=\"twitter:label1\" content=\"Escrito por\" \/>\n\t<meta name=\"twitter:data1\" content=\"Diego Rodr\u00edguez\" \/>\n\t<meta name=\"twitter:label2\" content=\"Tiempo de lectura\" \/>\n\t<meta name=\"twitter:data2\" content=\"1 minuto\" \/>\n<script type=\"application\/ld+json\" class=\"yoast-schema-graph\">{\"@context\":\"https:\\\/\\\/schema.org\",\"@graph\":[{\"@type\":\"Article\",\"@id\":\"https:\\\/\\\/centrourbano.com\\\/revista\\\/urbanismo\\\/inba-naucalpan-restauraran-torres-satelite\\\/#article\",\"isPartOf\":{\"@id\":\"https:\\\/\\\/centrourbano.com\\\/revista\\\/urbanismo\\\/inba-naucalpan-restauraran-torres-satelite\\\/\"},\"author\":{\"name\":\"Diego Rodr\u00edguez\",\"@id\":\"https:\\\/\\\/centrourbano.com\\\/revista\\\/#\\\/schema\\\/person\\\/b50192a3cd0e680841b45dc537f53970\"},\"headline\":\"INBA y Naucalpan restaurar\u00e1n Torres de Sat\u00e9lite\",\"datePublished\":\"2017-03-23T19:59:43+00:00\",\"mainEntityOfPage\":{\"@id\":\"https:\\\/\\\/centrourbano.com\\\/revista\\\/urbanismo\\\/inba-naucalpan-restauraran-torres-satelite\\\/\"},\"wordCount\":260,\"commentCount\":0,\"publisher\":{\"@id\":\"https:\\\/\\\/centrourbano.com\\\/revista\\\/#organization\"},\"image\":{\"@id\":\"https:\\\/\\\/centrourbano.com\\\/revista\\\/urbanismo\\\/inba-naucalpan-restauraran-torres-satelite\\\/#primaryimage\"},\"thumbnailUrl\":\"https:\\\/\\\/centrourbano.com\\\/revista\\\/wp-content\\\/uploads\\\/Torres.jpg\",\"articleSection\":[\"Urbanismo\"],\"inLanguage\":\"es\",\"potentialAction\":[{\"@type\":\"CommentAction\",\"name\":\"Comment\",\"target\":[\"https:\\\/\\\/centrourbano.com\\\/revista\\\/urbanismo\\\/inba-naucalpan-restauraran-torres-satelite\\\/#respond\"]}]},{\"@type\":\"WebPage\",\"@id\":\"https:\\\/\\\/centrourbano.com\\\/revista\\\/urbanismo\\\/inba-naucalpan-restauraran-torres-satelite\\\/\",\"url\":\"https:\\\/\\\/centrourbano.com\\\/revista\\\/urbanismo\\\/inba-naucalpan-restauraran-torres-satelite\\\/\",\"name\":\"INBA y Naucalpan restaurar\u00e1n Torres de Sat\u00e9lite -\",\"isPartOf\":{\"@id\":\"https:\\\/\\\/centrourbano.com\\\/revista\\\/#website\"},\"primaryImageOfPage\":{\"@id\":\"https:\\\/\\\/centrourbano.com\\\/revista\\\/urbanismo\\\/inba-naucalpan-restauraran-torres-satelite\\\/#primaryimage\"},\"image\":{\"@id\":\"https:\\\/\\\/centrourbano.com\\\/revista\\\/urbanismo\\\/inba-naucalpan-restauraran-torres-satelite\\\/#primaryimage\"},\"thumbnailUrl\":\"https:\\\/\\\/centrourbano.com\\\/revista\\\/wp-content\\\/uploads\\\/Torres.jpg\",\"datePublished\":\"2017-03-23T19:59:43+00:00\",\"description\":\"El gobierno municipal de Naucalpan inform\u00f3 que trabaja en coordinaci\u00f3n con el Instituto Nacional de Bellas Artes (INBA) para colocar un sistema de iluminaci\u00f3n en las Torres de Sat\u00e9lite, el cual contempla la instalaci\u00f3n de luminarias LED.\",\"breadcrumb\":{\"@id\":\"https:\\\/\\\/centrourbano.com\\\/revista\\\/urbanismo\\\/inba-naucalpan-restauraran-torres-satelite\\\/#breadcrumb\"},\"inLanguage\":\"es\",\"potentialAction\":[{\"@type\":\"ReadAction\",\"target\":[\"https:\\\/\\\/centrourbano.com\\\/revista\\\/urbanismo\\\/inba-naucalpan-restauraran-torres-satelite\\\/\"]}]},{\"@type\":\"ImageObject\",\"inLanguage\":\"es\",\"@id\":\"https:\\\/\\\/centrourbano.com\\\/revista\\\/urbanismo\\\/inba-naucalpan-restauraran-torres-satelite\\\/#primaryimage\",\"url\":\"https:\\\/\\\/centrourbano.com\\\/revista\\\/wp-content\\\/uploads\\\/Torres.jpg\",\"contentUrl\":\"https:\\\/\\\/centrourbano.com\\\/revista\\\/wp-content\\\/uploads\\\/Torres.jpg\",\"width\":960,\"height\":640,\"caption\":\"El municipio mexiquense aporta 44,000 pesos y el apoyo t\u00e9cnico corresponder\u00e1 al Instituto\"},{\"@type\":\"BreadcrumbList\",\"@id\":\"https:\\\/\\\/centrourbano.com\\\/revista\\\/urbanismo\\\/inba-naucalpan-restauraran-torres-satelite\\\/#breadcrumb\",\"itemListElement\":[{\"@type\":\"ListItem\",\"position\":1,\"name\":\"Portada\",\"item\":\"https:\\\/\\\/centrourbano.com\\\/revista\\\/\"},{\"@type\":\"ListItem\",\"position\":2,\"name\":\"INBA y Naucalpan restaurar\u00e1n Torres de Sat\u00e9lite\"}]},{\"@type\":\"WebSite\",\"@id\":\"https:\\\/\\\/centrourbano.com\\\/revista\\\/#website\",\"url\":\"https:\\\/\\\/centrourbano.com\\\/revista\\\/\",\"name\":\"Centro Urbano\",\"description\":\"Medio especializado en los sectores vivienda, inmobiliario, construcci\u00f3n, arquitectura y urbanismo.\",\"publisher\":{\"@id\":\"https:\\\/\\\/centrourbano.com\\\/revista\\\/#organization\"},\"potentialAction\":[{\"@type\":\"SearchAction\",\"target\":{\"@type\":\"EntryPoint\",\"urlTemplate\":\"https:\\\/\\\/centrourbano.com\\\/revista\\\/?s={search_term_string}\"},\"query-input\":{\"@type\":\"PropertyValueSpecification\",\"valueRequired\":true,\"valueName\":\"search_term_string\"}}],\"inLanguage\":\"es\"},{\"@type\":\"Organization\",\"@id\":\"https:\\\/\\\/centrourbano.com\\\/revista\\\/#organization\",\"name\":\"Centro Urbano\",\"url\":\"https:\\\/\\\/centrourbano.com\\\/revista\\\/\",\"logo\":{\"@type\":\"ImageObject\",\"inLanguage\":\"es\",\"@id\":\"https:\\\/\\\/centrourbano.com\\\/revista\\\/#\\\/schema\\\/logo\\\/image\\\/\",\"url\":\"https:\\\/\\\/centrourbano.com\\\/revista\\\/wp-content\\\/uploads\\\/web_CU_logo-1.png\",\"contentUrl\":\"https:\\\/\\\/centrourbano.com\\\/revista\\\/wp-content\\\/uploads\\\/web_CU_logo-1.png\",\"width\":350,\"height\":91,\"caption\":\"Centro Urbano\"},\"image\":{\"@id\":\"https:\\\/\\\/centrourbano.com\\\/revista\\\/#\\\/schema\\\/logo\\\/image\\\/\"},\"sameAs\":[\"https:\\\/\\\/www.facebook.com\\\/portalcentrourbano\",\"https:\\\/\\\/x.com\\\/CentroUrbano\",\"https:\\\/\\\/www.instagram.com\\\/centro_urbano\\\/\",\"https:\\\/\\\/www.linkedin.com\\\/company\\\/centro-urbano\\\/\",\"http:\\\/\\\/www.youtube.com\\\/user\\\/portalcentrourbano\"]},{\"@type\":\"Person\",\"@id\":\"https:\\\/\\\/centrourbano.com\\\/revista\\\/#\\\/schema\\\/person\\\/b50192a3cd0e680841b45dc537f53970\",\"name\":\"Diego Rodr\u00edguez\",\"image\":{\"@type\":\"ImageObject\",\"inLanguage\":\"es\",\"@id\":\"https:\\\/\\\/secure.gravatar.com\\\/avatar\\\/d217565525df2df5d4e7265d47758506f41845ed9529510921a7625d8365789d?s=96&d=mm&r=g\",\"url\":\"https:\\\/\\\/secure.gravatar.com\\\/avatar\\\/d217565525df2df5d4e7265d47758506f41845ed9529510921a7625d8365789d?s=96&d=mm&r=g\",\"contentUrl\":\"https:\\\/\\\/secure.gravatar.com\\\/avatar\\\/d217565525df2df5d4e7265d47758506f41845ed9529510921a7625d8365789d?s=96&d=mm&r=g\",\"caption\":\"Diego Rodr\u00edguez\"},\"description\":\"Egresado de la Facultad de Estudios Superiores Acatl\u00e1n de la carrera en Comunicaci\u00f3n, con especialidad en medios escritos. Reportero del desaparecido peri\u00f3dico Nuestro M\u00e9xico, en donde cubri\u00f3 las fuentes delegacionales y Asamblea Legislativa. Tambi\u00e9n trabaj\u00f3 en la Coordinaci\u00f3n de Comunicaci\u00f3n Social en la delegaci\u00f3n \u00c1lvaro Obreg\u00f3n. Le gusta leer novelas y cuentos.\",\"url\":\"https:\\\/\\\/centrourbano.com\\\/revista\\\/author\\\/diegorodriguez\\\/\"}]}<\/script>\n<!-- \/ Yoast SEO plugin. -->","yoast_head_json":{"title":"INBA y Naucalpan restaurar\u00e1n Torres de Sat\u00e9lite -","description":"El gobierno municipal de Naucalpan inform\u00f3 que trabaja en coordinaci\u00f3n con el Instituto Nacional de Bellas Artes (INBA) para colocar un sistema de iluminaci\u00f3n en las Torres de Sat\u00e9lite, el cual contempla la instalaci\u00f3n de luminarias LED.","robots":{"index":"index","follow":"follow","max-snippet":"max-snippet:-1","max-image-preview":"max-image-preview:large","max-video-preview":"max-video-preview:-1"},"canonical":"https:\/\/centrourbano.com\/revista\/urbanismo\/inba-naucalpan-restauraran-torres-satelite\/","og_locale":"es_ES","og_type":"article","og_title":"INBA y Naucalpan restaurar\u00e1n Torres de Sat\u00e9lite -","og_description":"El gobierno municipal de Naucalpan inform\u00f3 que trabaja en coordinaci\u00f3n con el Instituto Nacional de Bellas Artes (INBA) para colocar un sistema de iluminaci\u00f3n en las Torres de Sat\u00e9lite, el cual contempla la instalaci\u00f3n de luminarias LED.","og_url":"https:\/\/centrourbano.com\/revista\/urbanismo\/inba-naucalpan-restauraran-torres-satelite\/","og_site_name":"Centro Urbano","article_publisher":"https:\/\/www.facebook.com\/portalcentrourbano","article_published_time":"2017-03-23T19:59:43+00:00","og_image":[{"width":960,"height":640,"url":"https:\/\/centrourbano.com\/revista\/wp-content\/uploads\/Torres.jpg","type":"image\/jpeg"}],"author":"Diego Rodr\u00edguez","twitter_card":"summary_large_image","twitter_creator":"@CentroUrbano","twitter_site":"@CentroUrbano","twitter_misc":{"Escrito por":"Diego Rodr\u00edguez","Tiempo de lectura":"1 minuto"},"schema":{"@context":"https:\/\/schema.org","@graph":[{"@type":"Article","@id":"https:\/\/centrourbano.com\/revista\/urbanismo\/inba-naucalpan-restauraran-torres-satelite\/#article","isPartOf":{"@id":"https:\/\/centrourbano.com\/revista\/urbanismo\/inba-naucalpan-restauraran-torres-satelite\/"},"author":{"name":"Diego Rodr\u00edguez","@id":"https:\/\/centrourbano.com\/revista\/#\/schema\/person\/b50192a3cd0e680841b45dc537f53970"},"headline":"INBA y Naucalpan restaurar\u00e1n Torres de Sat\u00e9lite","datePublished":"2017-03-23T19:59:43+00:00","mainEntityOfPage":{"@id":"https:\/\/centrourbano.com\/revista\/urbanismo\/inba-naucalpan-restauraran-torres-satelite\/"},"wordCount":260,"commentCount":0,"publisher":{"@id":"https:\/\/centrourbano.com\/revista\/#organization"},"image":{"@id":"https:\/\/centrourbano.com\/revista\/urbanismo\/inba-naucalpan-restauraran-torres-satelite\/#primaryimage"},"thumbnailUrl":"https:\/\/centrourbano.com\/revista\/wp-content\/uploads\/Torres.jpg","articleSection":["Urbanismo"],"inLanguage":"es","potentialAction":[{"@type":"CommentAction","name":"Comment","target":["https:\/\/centrourbano.com\/revista\/urbanismo\/inba-naucalpan-restauraran-torres-satelite\/#respond"]}]},{"@type":"WebPage","@id":"https:\/\/centrourbano.com\/revista\/urbanismo\/inba-naucalpan-restauraran-torres-satelite\/","url":"https:\/\/centrourbano.com\/revista\/urbanismo\/inba-naucalpan-restauraran-torres-satelite\/","name":"INBA y Naucalpan restaurar\u00e1n Torres de Sat\u00e9lite -","isPartOf":{"@id":"https:\/\/centrourbano.com\/revista\/#website"},"primaryImageOfPage":{"@id":"https:\/\/centrourbano.com\/revista\/urbanismo\/inba-naucalpan-restauraran-torres-satelite\/#primaryimage"},"image":{"@id":"https:\/\/centrourbano.com\/revista\/urbanismo\/inba-naucalpan-restauraran-torres-satelite\/#primaryimage"},"thumbnailUrl":"https:\/\/centrourbano.com\/revista\/wp-content\/uploads\/Torres.jpg","datePublished":"2017-03-23T19:59:43+00:00","description":"El gobierno municipal de Naucalpan inform\u00f3 que trabaja en coordinaci\u00f3n con el Instituto Nacional de Bellas Artes (INBA) para colocar un sistema de iluminaci\u00f3n en las Torres de Sat\u00e9lite, el cual contempla la instalaci\u00f3n de luminarias LED.","breadcrumb":{"@id":"https:\/\/centrourbano.com\/revista\/urbanismo\/inba-naucalpan-restauraran-torres-satelite\/#breadcrumb"},"inLanguage":"es","potentialAction":[{"@type":"ReadAction","target":["https:\/\/centrourbano.com\/revista\/urbanismo\/inba-naucalpan-restauraran-torres-satelite\/"]}]},{"@type":"ImageObject","inLanguage":"es","@id":"https:\/\/centrourbano.com\/revista\/urbanismo\/inba-naucalpan-restauraran-torres-satelite\/#primaryimage","url":"https:\/\/centrourbano.com\/revista\/wp-content\/uploads\/Torres.jpg","contentUrl":"https:\/\/centrourbano.com\/revista\/wp-content\/uploads\/Torres.jpg","width":960,"height":640,"caption":"El municipio mexiquense aporta 44,000 pesos y el apoyo t\u00e9cnico corresponder\u00e1 al Instituto"},{"@type":"BreadcrumbList","@id":"https:\/\/centrourbano.com\/revista\/urbanismo\/inba-naucalpan-restauraran-torres-satelite\/#breadcrumb","itemListElement":[{"@type":"ListItem","position":1,"name":"Portada","item":"https:\/\/centrourbano.com\/revista\/"},{"@type":"ListItem","position":2,"name":"INBA y Naucalpan restaurar\u00e1n Torres de Sat\u00e9lite"}]},{"@type":"WebSite","@id":"https:\/\/centrourbano.com\/revista\/#website","url":"https:\/\/centrourbano.com\/revista\/","name":"Centro Urbano","description":"Medio especializado en los sectores vivienda, inmobiliario, construcci\u00f3n, arquitectura y urbanismo.","publisher":{"@id":"https:\/\/centrourbano.com\/revista\/#organization"},"potentialAction":[{"@type":"SearchAction","target":{"@type":"EntryPoint","urlTemplate":"https:\/\/centrourbano.com\/revista\/?s={search_term_string}"},"query-input":{"@type":"PropertyValueSpecification","valueRequired":true,"valueName":"search_term_string"}}],"inLanguage":"es"},{"@type":"Organization","@id":"https:\/\/centrourbano.com\/revista\/#organization","name":"Centro Urbano","url":"https:\/\/centrourbano.com\/revista\/","logo":{"@type":"ImageObject","inLanguage":"es","@id":"https:\/\/centrourbano.com\/revista\/#\/schema\/logo\/image\/","url":"https:\/\/centrourbano.com\/revista\/wp-content\/uploads\/web_CU_logo-1.png","contentUrl":"https:\/\/centrourbano.com\/revista\/wp-content\/uploads\/web_CU_logo-1.png","width":350,"height":91,"caption":"Centro Urbano"},"image":{"@id":"https:\/\/centrourbano.com\/revista\/#\/schema\/logo\/image\/"},"sameAs":["https:\/\/www.facebook.com\/portalcentrourbano","https:\/\/x.com\/CentroUrbano","https:\/\/www.instagram.com\/centro_urbano\/","https:\/\/www.linkedin.com\/company\/centro-urbano\/","http:\/\/www.youtube.com\/user\/portalcentrourbano"]},{"@type":"Person","@id":"https:\/\/centrourbano.com\/revista\/#\/schema\/person\/b50192a3cd0e680841b45dc537f53970","name":"Diego Rodr\u00edguez","image":{"@type":"ImageObject","inLanguage":"es","@id":"https:\/\/secure.gravatar.com\/avatar\/d217565525df2df5d4e7265d47758506f41845ed9529510921a7625d8365789d?s=96&d=mm&r=g","url":"https:\/\/secure.gravatar.com\/avatar\/d217565525df2df5d4e7265d47758506f41845ed9529510921a7625d8365789d?s=96&d=mm&r=g","contentUrl":"https:\/\/secure.gravatar.com\/avatar\/d217565525df2df5d4e7265d47758506f41845ed9529510921a7625d8365789d?s=96&d=mm&r=g","caption":"Diego Rodr\u00edguez"},"description":"Egresado de la Facultad de Estudios Superiores Acatl\u00e1n de la carrera en Comunicaci\u00f3n, con especialidad en medios escritos. Reportero del desaparecido peri\u00f3dico Nuestro M\u00e9xico, en donde cubri\u00f3 las fuentes delegacionales y Asamblea Legislativa. Tambi\u00e9n trabaj\u00f3 en la Coordinaci\u00f3n de Comunicaci\u00f3n Social en la delegaci\u00f3n \u00c1lvaro Obreg\u00f3n. Le gusta leer novelas y cuentos.","url":"https:\/\/centrourbano.com\/revista\/author\/diegorodriguez\/"}]}},"_links":{"self":[{"href":"https:\/\/centrourbano.com\/revista\/wp-json\/wp\/v2\/posts\/50772","targetHints":{"allow":["GET"]}}],"collection":[{"href":"https:\/\/centrourbano.com\/revista\/wp-json\/wp\/v2\/posts"}],"about":[{"href":"https:\/\/centrourbano.com\/revista\/wp-json\/wp\/v2\/types\/post"}],"author":[{"embeddable":true,"href":"https:\/\/centrourbano.com\/revista\/wp-json\/wp\/v2\/users\/37"}],"replies":[{"embeddable":true,"href":"https:\/\/centrourbano.com\/revista\/wp-json\/wp\/v2\/comments?post=50772"}],"version-history":[{"count":0,"href":"https:\/\/centrourbano.com\/revista\/wp-json\/wp\/v2\/posts\/50772\/revisions"}],"wp:featuredmedia":[{"embeddable":true,"href":"https:\/\/centrourbano.com\/revista\/wp-json\/wp\/v2\/media\/50780"}],"wp:attachment":[{"href":"https:\/\/centrourbano.com\/revista\/wp-json\/wp\/v2\/media?parent=50772"}],"wp:term":[{"taxonomy":"category","embeddable":true,"href":"https:\/\/centrourbano.com\/revista\/wp-json\/wp\/v2\/categories?post=50772"},{"taxonomy":"post_tag","embeddable":true,"href":"https:\/\/centrourbano.com\/revista\/wp-json\/wp\/v2\/tags?post=50772"}],"curies":[{"name":"wp","href":"https:\/\/api.w.org\/{rel}","templated":true}]}}