{"id":50669,"date":"2017-03-21T16:17:05","date_gmt":"2017-03-21T22:17:05","guid":{"rendered":"https:\/\/centrourbano.com\/?p=50669"},"modified":"2017-03-21T16:17:06","modified_gmt":"2017-03-21T22:17:06","slug":"crean-primer-semaforo-piso-argentina","status":"publish","type":"post","link":"https:\/\/centrourbano.com\/revista\/urbanismo\/crean-primer-semaforo-piso-argentina\/","title":{"rendered":"Crean primer sem\u00e1foro de piso en Argentina"},"content":{"rendered":"<p>Se pondr\u00e1 en marcha el primer sem\u00e1foro horizontal para peatones de la ciudad en la intersecci\u00f3n de C\u00f3rdoba y Corrientes. Es el primero de este tipo en todo el pa\u00eds y aparece como un elemento fundamental en el entorno urbano para contribuir a la seguridad peatonal. Ser\u00e1n 10 los que se coloquen a lo largo de todo el a\u00f1o en Rosario, Argentina.<\/p>\n<p>La Secretar\u00eda de Ambiente y Espacio P\u00fablico junto al Ente de la Movilidad pondr\u00e1n en marcha esta primera se\u00f1alizaci\u00f3n horizontal en Argentina, que parte tambi\u00e9n de un proyecto del concejal de la ciudad, Horacio Ghirardi. La instalaci\u00f3n de este tipo de dispositivos responde a comportamientos de los peatones vinculados a la tecnolog\u00eda.<\/p>\n<p><a href=\"https:\/\/centrourbano.com\/revista\/wp-content\/uploads\/DSC_0107.jpg\"><img loading=\"lazy\" decoding=\"async\" class=\"aligncenter wp-image-50672 size-full\" src=\"https:\/\/centrourbano.com\/revista\/wp-content\/uploads\/DSC_0107.jpg\" alt=\"\" width=\"450\" height=\"299\" srcset=\"https:\/\/centrourbano.com\/revista\/wp-content\/uploads\/DSC_0107.jpg 450w, https:\/\/centrourbano.com\/revista\/wp-content\/uploads\/DSC_0107-300x199.jpg 300w\" sizes=\"auto, (max-width: 450px) 100vw, 450px\" \/><\/a><br \/>\n\u201cEl peat\u00f3n es el individuo a priorizar en la ciudad. Por ello, ponerlos en el centro de la escena y dar herramientas para la auto-protecci\u00f3n es fundamental. La idea del sistema de luces en el pavimento es advertir el peligro a los transe\u00fantes, colocando la luz estrat\u00e9gicamente en el mismo sitio donde est\u00e1n mirando, por ejemplo, el celular\u201d, dijo la secretaria de Ambiente y Espacio P\u00fablico, Marina Borgatello.<\/p>\n<p>Esta herramienta se coloca a nivel del piso y trabaja en sincron\u00eda con los sem\u00e1foros peatonales tradicionales. Posee luces LED que son f\u00e1cilmente distinguibles tanto de d\u00eda como de noche y su consumo energ\u00e9tico es m\u00e1s eficiente. Adem\u00e1s, est\u00e1 construido en acr\u00edlico sellado lo que impide el ingreso del agua y sus terminaciones est\u00e1n hechas en aluminio.<\/p>\n<p>\u201cEste sem\u00e1foro funciona como un accesorio m\u00e1s para poder contribuir en la se\u00f1alizaci\u00f3n y generar entornos viales m\u00e1s seguros. Proteger y privilegiar al peat\u00f3n es una b\u00fasqueda constante, y lograr una correcta percepci\u00f3n del riesgo y promover conductas seguras van de la mano con estas propuestas\u201d,puntualiz\u00f3 Borgatello.<\/p>\n","protected":false},"excerpt":{"rendered":"<p>Se pondr\u00e1 en marcha el primer sem\u00e1foro horizontal para peatones de la ciudad en la intersecci\u00f3n de C\u00f3rdoba y Corrientes. Es el primero de este tipo en todo el pa\u00eds y aparece como un elemento fundamental en el entorno urbano para contribuir a la seguridad peatonal. Ser\u00e1n 10 los que se coloquen a lo largo [&hellip;]<\/p>\n","protected":false},"author":48,"featured_media":50671,"comment_status":"open","ping_status":"closed","sticky":false,"template":"","format":"standard","meta":{"om_disable_all_campaigns":false,"inline_featured_image":false,"_monsterinsights_skip_tracking":false,"_monsterinsights_sitenote_active":false,"_monsterinsights_sitenote_note":"","_monsterinsights_sitenote_category":0,"footnotes":""},"categories":[82],"tags":[],"class_list":["post-50669","post","type-post","status-publish","format-standard","has-post-thumbnail","hentry","category-urbanismo"],"yoast_head":"<!-- This site is optimized with the Yoast SEO plugin v27.4 - https:\/\/yoast.com\/product\/yoast-seo-wordpress\/ -->\n<title>Crean primer sem\u00e1foro de piso en Argentina -<\/title>\n<meta name=\"description\" content=\"Se pondr\u00e1 en marcha el primer sem\u00e1foro horizontal para peatones de la ciudad en la intersecci\u00f3n de C\u00f3rdoba y Corrientes. Es el primero de este tipo en\" \/>\n<meta name=\"robots\" content=\"index, follow, max-snippet:-1, max-image-preview:large, max-video-preview:-1\" \/>\n<link rel=\"canonical\" href=\"https:\/\/centrourbano.com\/revista\/urbanismo\/crean-primer-semaforo-piso-argentina\/\" \/>\n<meta property=\"og:locale\" content=\"es_ES\" \/>\n<meta property=\"og:type\" content=\"article\" \/>\n<meta property=\"og:title\" content=\"Crean primer sem\u00e1foro de piso en Argentina -\" \/>\n<meta property=\"og:description\" content=\"Se pondr\u00e1 en marcha el primer sem\u00e1foro horizontal para peatones de la ciudad en la intersecci\u00f3n de C\u00f3rdoba y Corrientes. Es el primero de este tipo en\" \/>\n<meta property=\"og:url\" content=\"https:\/\/centrourbano.com\/revista\/urbanismo\/crean-primer-semaforo-piso-argentina\/\" \/>\n<meta property=\"og:site_name\" content=\"Centro Urbano\" \/>\n<meta property=\"article:publisher\" content=\"https:\/\/www.facebook.com\/portalcentrourbano\" \/>\n<meta property=\"article:published_time\" content=\"2017-03-21T22:17:05+00:00\" \/>\n<meta property=\"article:modified_time\" content=\"2017-03-21T22:17:06+00:00\" \/>\n<meta property=\"og:image\" content=\"https:\/\/centrourbano.com\/revista\/wp-content\/uploads\/DSC_0070-1.jpg\" \/>\n\t<meta property=\"og:image:width\" content=\"450\" \/>\n\t<meta property=\"og:image:height\" content=\"300\" \/>\n\t<meta property=\"og:image:type\" content=\"image\/jpeg\" \/>\n<meta name=\"author\" content=\"Karen Romero\" \/>\n<meta name=\"twitter:card\" content=\"summary_large_image\" \/>\n<meta name=\"twitter:creator\" content=\"@CentroUrbano\" \/>\n<meta name=\"twitter:site\" content=\"@CentroUrbano\" \/>\n<meta name=\"twitter:label1\" content=\"Escrito por\" \/>\n\t<meta name=\"twitter:data1\" content=\"Karen Romero\" \/>\n\t<meta name=\"twitter:label2\" content=\"Tiempo de lectura\" \/>\n\t<meta name=\"twitter:data2\" content=\"2 minutos\" \/>\n<script type=\"application\/ld+json\" class=\"yoast-schema-graph\">{\"@context\":\"https:\\\/\\\/schema.org\",\"@graph\":[{\"@type\":\"Article\",\"@id\":\"https:\\\/\\\/centrourbano.com\\\/revista\\\/urbanismo\\\/crean-primer-semaforo-piso-argentina\\\/#article\",\"isPartOf\":{\"@id\":\"https:\\\/\\\/centrourbano.com\\\/revista\\\/urbanismo\\\/crean-primer-semaforo-piso-argentina\\\/\"},\"author\":{\"name\":\"Karen Romero\",\"@id\":\"https:\\\/\\\/centrourbano.com\\\/revista\\\/#\\\/schema\\\/person\\\/fabae71f13578ba90183557757e26fd6\"},\"headline\":\"Crean primer sem\u00e1foro de piso en Argentina\",\"datePublished\":\"2017-03-21T22:17:05+00:00\",\"dateModified\":\"2017-03-21T22:17:06+00:00\",\"mainEntityOfPage\":{\"@id\":\"https:\\\/\\\/centrourbano.com\\\/revista\\\/urbanismo\\\/crean-primer-semaforo-piso-argentina\\\/\"},\"wordCount\":331,\"commentCount\":0,\"publisher\":{\"@id\":\"https:\\\/\\\/centrourbano.com\\\/revista\\\/#organization\"},\"image\":{\"@id\":\"https:\\\/\\\/centrourbano.com\\\/revista\\\/urbanismo\\\/crean-primer-semaforo-piso-argentina\\\/#primaryimage\"},\"thumbnailUrl\":\"https:\\\/\\\/centrourbano.com\\\/revista\\\/wp-content\\\/uploads\\\/DSC_0070-1.jpg\",\"articleSection\":[\"Urbanismo\"],\"inLanguage\":\"es\",\"potentialAction\":[{\"@type\":\"CommentAction\",\"name\":\"Comment\",\"target\":[\"https:\\\/\\\/centrourbano.com\\\/revista\\\/urbanismo\\\/crean-primer-semaforo-piso-argentina\\\/#respond\"]}]},{\"@type\":\"WebPage\",\"@id\":\"https:\\\/\\\/centrourbano.com\\\/revista\\\/urbanismo\\\/crean-primer-semaforo-piso-argentina\\\/\",\"url\":\"https:\\\/\\\/centrourbano.com\\\/revista\\\/urbanismo\\\/crean-primer-semaforo-piso-argentina\\\/\",\"name\":\"Crean primer sem\u00e1foro de piso en Argentina -\",\"isPartOf\":{\"@id\":\"https:\\\/\\\/centrourbano.com\\\/revista\\\/#website\"},\"primaryImageOfPage\":{\"@id\":\"https:\\\/\\\/centrourbano.com\\\/revista\\\/urbanismo\\\/crean-primer-semaforo-piso-argentina\\\/#primaryimage\"},\"image\":{\"@id\":\"https:\\\/\\\/centrourbano.com\\\/revista\\\/urbanismo\\\/crean-primer-semaforo-piso-argentina\\\/#primaryimage\"},\"thumbnailUrl\":\"https:\\\/\\\/centrourbano.com\\\/revista\\\/wp-content\\\/uploads\\\/DSC_0070-1.jpg\",\"datePublished\":\"2017-03-21T22:17:05+00:00\",\"dateModified\":\"2017-03-21T22:17:06+00:00\",\"description\":\"Se pondr\u00e1 en marcha el primer sem\u00e1foro horizontal para peatones de la ciudad en la intersecci\u00f3n de C\u00f3rdoba y Corrientes. Es el primero de este tipo en\",\"breadcrumb\":{\"@id\":\"https:\\\/\\\/centrourbano.com\\\/revista\\\/urbanismo\\\/crean-primer-semaforo-piso-argentina\\\/#breadcrumb\"},\"inLanguage\":\"es\",\"potentialAction\":[{\"@type\":\"ReadAction\",\"target\":[\"https:\\\/\\\/centrourbano.com\\\/revista\\\/urbanismo\\\/crean-primer-semaforo-piso-argentina\\\/\"]}]},{\"@type\":\"ImageObject\",\"inLanguage\":\"es\",\"@id\":\"https:\\\/\\\/centrourbano.com\\\/revista\\\/urbanismo\\\/crean-primer-semaforo-piso-argentina\\\/#primaryimage\",\"url\":\"https:\\\/\\\/centrourbano.com\\\/revista\\\/wp-content\\\/uploads\\\/DSC_0070-1.jpg\",\"contentUrl\":\"https:\\\/\\\/centrourbano.com\\\/revista\\\/wp-content\\\/uploads\\\/DSC_0070-1.jpg\",\"width\":450,\"height\":300},{\"@type\":\"BreadcrumbList\",\"@id\":\"https:\\\/\\\/centrourbano.com\\\/revista\\\/urbanismo\\\/crean-primer-semaforo-piso-argentina\\\/#breadcrumb\",\"itemListElement\":[{\"@type\":\"ListItem\",\"position\":1,\"name\":\"Portada\",\"item\":\"https:\\\/\\\/centrourbano.com\\\/revista\\\/\"},{\"@type\":\"ListItem\",\"position\":2,\"name\":\"Crean primer sem\u00e1foro de piso en Argentina\"}]},{\"@type\":\"WebSite\",\"@id\":\"https:\\\/\\\/centrourbano.com\\\/revista\\\/#website\",\"url\":\"https:\\\/\\\/centrourbano.com\\\/revista\\\/\",\"name\":\"Centro Urbano\",\"description\":\"Medio especializado en los sectores vivienda, inmobiliario, construcci\u00f3n, arquitectura y urbanismo.\",\"publisher\":{\"@id\":\"https:\\\/\\\/centrourbano.com\\\/revista\\\/#organization\"},\"potentialAction\":[{\"@type\":\"SearchAction\",\"target\":{\"@type\":\"EntryPoint\",\"urlTemplate\":\"https:\\\/\\\/centrourbano.com\\\/revista\\\/?s={search_term_string}\"},\"query-input\":{\"@type\":\"PropertyValueSpecification\",\"valueRequired\":true,\"valueName\":\"search_term_string\"}}],\"inLanguage\":\"es\"},{\"@type\":\"Organization\",\"@id\":\"https:\\\/\\\/centrourbano.com\\\/revista\\\/#organization\",\"name\":\"Centro Urbano\",\"url\":\"https:\\\/\\\/centrourbano.com\\\/revista\\\/\",\"logo\":{\"@type\":\"ImageObject\",\"inLanguage\":\"es\",\"@id\":\"https:\\\/\\\/centrourbano.com\\\/revista\\\/#\\\/schema\\\/logo\\\/image\\\/\",\"url\":\"https:\\\/\\\/centrourbano.com\\\/revista\\\/wp-content\\\/uploads\\\/web_CU_logo-1.png\",\"contentUrl\":\"https:\\\/\\\/centrourbano.com\\\/revista\\\/wp-content\\\/uploads\\\/web_CU_logo-1.png\",\"width\":350,\"height\":91,\"caption\":\"Centro Urbano\"},\"image\":{\"@id\":\"https:\\\/\\\/centrourbano.com\\\/revista\\\/#\\\/schema\\\/logo\\\/image\\\/\"},\"sameAs\":[\"https:\\\/\\\/www.facebook.com\\\/portalcentrourbano\",\"https:\\\/\\\/x.com\\\/CentroUrbano\",\"https:\\\/\\\/www.instagram.com\\\/centro_urbano\\\/\",\"https:\\\/\\\/www.linkedin.com\\\/company\\\/centro-urbano\\\/\",\"http:\\\/\\\/www.youtube.com\\\/user\\\/portalcentrourbano\"]},{\"@type\":\"Person\",\"@id\":\"https:\\\/\\\/centrourbano.com\\\/revista\\\/#\\\/schema\\\/person\\\/fabae71f13578ba90183557757e26fd6\",\"name\":\"Karen Romero\",\"image\":{\"@type\":\"ImageObject\",\"inLanguage\":\"es\",\"@id\":\"https:\\\/\\\/secure.gravatar.com\\\/avatar\\\/4bf369b19245debf8e54c1f2b5a8393db1fc34cb54c9e6c3cb4ef4ab65ab59c3?s=96&d=mm&r=g\",\"url\":\"https:\\\/\\\/secure.gravatar.com\\\/avatar\\\/4bf369b19245debf8e54c1f2b5a8393db1fc34cb54c9e6c3cb4ef4ab65ab59c3?s=96&d=mm&r=g\",\"contentUrl\":\"https:\\\/\\\/secure.gravatar.com\\\/avatar\\\/4bf369b19245debf8e54c1f2b5a8393db1fc34cb54c9e6c3cb4ef4ab65ab59c3?s=96&d=mm&r=g\",\"caption\":\"Karen Romero\"},\"description\":\"Egresada de la Escuela de Periodismo Carlos Septi\u00e9n Garc\u00eda, con un diplomado en Periodismo Econ\u00f3mico, por la misma instituci\u00f3n, con gusto por los medios impresos especializados y programas de radio. Coordinadora de informaci\u00f3n editorial de Centro Urbano y colaboradora para otros medios de comunicaci\u00f3n en el \u00e1rea de redacci\u00f3n y edici\u00f3n de video. Interesada por la investigaci\u00f3n y seguidora de temas hist\u00f3ricos, adem\u00e1s de tener cierta fascinaci\u00f3n por los temas paranormales. Le gusta leer, cantar, bailar, viajar y escuchar m\u00fasica.\",\"url\":\"https:\\\/\\\/centrourbano.com\\\/revista\\\/author\\\/karen-romero\\\/\"}]}<\/script>\n<!-- \/ Yoast SEO plugin. -->","yoast_head_json":{"title":"Crean primer sem\u00e1foro de piso en Argentina -","description":"Se pondr\u00e1 en marcha el primer sem\u00e1foro horizontal para peatones de la ciudad en la intersecci\u00f3n de C\u00f3rdoba y Corrientes. Es el primero de este tipo en","robots":{"index":"index","follow":"follow","max-snippet":"max-snippet:-1","max-image-preview":"max-image-preview:large","max-video-preview":"max-video-preview:-1"},"canonical":"https:\/\/centrourbano.com\/revista\/urbanismo\/crean-primer-semaforo-piso-argentina\/","og_locale":"es_ES","og_type":"article","og_title":"Crean primer sem\u00e1foro de piso en Argentina -","og_description":"Se pondr\u00e1 en marcha el primer sem\u00e1foro horizontal para peatones de la ciudad en la intersecci\u00f3n de C\u00f3rdoba y Corrientes. Es el primero de este tipo en","og_url":"https:\/\/centrourbano.com\/revista\/urbanismo\/crean-primer-semaforo-piso-argentina\/","og_site_name":"Centro Urbano","article_publisher":"https:\/\/www.facebook.com\/portalcentrourbano","article_published_time":"2017-03-21T22:17:05+00:00","article_modified_time":"2017-03-21T22:17:06+00:00","og_image":[{"width":450,"height":300,"url":"https:\/\/centrourbano.com\/revista\/wp-content\/uploads\/DSC_0070-1.jpg","type":"image\/jpeg"}],"author":"Karen Romero","twitter_card":"summary_large_image","twitter_creator":"@CentroUrbano","twitter_site":"@CentroUrbano","twitter_misc":{"Escrito por":"Karen Romero","Tiempo de lectura":"2 minutos"},"schema":{"@context":"https:\/\/schema.org","@graph":[{"@type":"Article","@id":"https:\/\/centrourbano.com\/revista\/urbanismo\/crean-primer-semaforo-piso-argentina\/#article","isPartOf":{"@id":"https:\/\/centrourbano.com\/revista\/urbanismo\/crean-primer-semaforo-piso-argentina\/"},"author":{"name":"Karen Romero","@id":"https:\/\/centrourbano.com\/revista\/#\/schema\/person\/fabae71f13578ba90183557757e26fd6"},"headline":"Crean primer sem\u00e1foro de piso en Argentina","datePublished":"2017-03-21T22:17:05+00:00","dateModified":"2017-03-21T22:17:06+00:00","mainEntityOfPage":{"@id":"https:\/\/centrourbano.com\/revista\/urbanismo\/crean-primer-semaforo-piso-argentina\/"},"wordCount":331,"commentCount":0,"publisher":{"@id":"https:\/\/centrourbano.com\/revista\/#organization"},"image":{"@id":"https:\/\/centrourbano.com\/revista\/urbanismo\/crean-primer-semaforo-piso-argentina\/#primaryimage"},"thumbnailUrl":"https:\/\/centrourbano.com\/revista\/wp-content\/uploads\/DSC_0070-1.jpg","articleSection":["Urbanismo"],"inLanguage":"es","potentialAction":[{"@type":"CommentAction","name":"Comment","target":["https:\/\/centrourbano.com\/revista\/urbanismo\/crean-primer-semaforo-piso-argentina\/#respond"]}]},{"@type":"WebPage","@id":"https:\/\/centrourbano.com\/revista\/urbanismo\/crean-primer-semaforo-piso-argentina\/","url":"https:\/\/centrourbano.com\/revista\/urbanismo\/crean-primer-semaforo-piso-argentina\/","name":"Crean primer sem\u00e1foro de piso en Argentina -","isPartOf":{"@id":"https:\/\/centrourbano.com\/revista\/#website"},"primaryImageOfPage":{"@id":"https:\/\/centrourbano.com\/revista\/urbanismo\/crean-primer-semaforo-piso-argentina\/#primaryimage"},"image":{"@id":"https:\/\/centrourbano.com\/revista\/urbanismo\/crean-primer-semaforo-piso-argentina\/#primaryimage"},"thumbnailUrl":"https:\/\/centrourbano.com\/revista\/wp-content\/uploads\/DSC_0070-1.jpg","datePublished":"2017-03-21T22:17:05+00:00","dateModified":"2017-03-21T22:17:06+00:00","description":"Se pondr\u00e1 en marcha el primer sem\u00e1foro horizontal para peatones de la ciudad en la intersecci\u00f3n de C\u00f3rdoba y Corrientes. Es el primero de este tipo en","breadcrumb":{"@id":"https:\/\/centrourbano.com\/revista\/urbanismo\/crean-primer-semaforo-piso-argentina\/#breadcrumb"},"inLanguage":"es","potentialAction":[{"@type":"ReadAction","target":["https:\/\/centrourbano.com\/revista\/urbanismo\/crean-primer-semaforo-piso-argentina\/"]}]},{"@type":"ImageObject","inLanguage":"es","@id":"https:\/\/centrourbano.com\/revista\/urbanismo\/crean-primer-semaforo-piso-argentina\/#primaryimage","url":"https:\/\/centrourbano.com\/revista\/wp-content\/uploads\/DSC_0070-1.jpg","contentUrl":"https:\/\/centrourbano.com\/revista\/wp-content\/uploads\/DSC_0070-1.jpg","width":450,"height":300},{"@type":"BreadcrumbList","@id":"https:\/\/centrourbano.com\/revista\/urbanismo\/crean-primer-semaforo-piso-argentina\/#breadcrumb","itemListElement":[{"@type":"ListItem","position":1,"name":"Portada","item":"https:\/\/centrourbano.com\/revista\/"},{"@type":"ListItem","position":2,"name":"Crean primer sem\u00e1foro de piso en Argentina"}]},{"@type":"WebSite","@id":"https:\/\/centrourbano.com\/revista\/#website","url":"https:\/\/centrourbano.com\/revista\/","name":"Centro Urbano","description":"Medio especializado en los sectores vivienda, inmobiliario, construcci\u00f3n, arquitectura y urbanismo.","publisher":{"@id":"https:\/\/centrourbano.com\/revista\/#organization"},"potentialAction":[{"@type":"SearchAction","target":{"@type":"EntryPoint","urlTemplate":"https:\/\/centrourbano.com\/revista\/?s={search_term_string}"},"query-input":{"@type":"PropertyValueSpecification","valueRequired":true,"valueName":"search_term_string"}}],"inLanguage":"es"},{"@type":"Organization","@id":"https:\/\/centrourbano.com\/revista\/#organization","name":"Centro Urbano","url":"https:\/\/centrourbano.com\/revista\/","logo":{"@type":"ImageObject","inLanguage":"es","@id":"https:\/\/centrourbano.com\/revista\/#\/schema\/logo\/image\/","url":"https:\/\/centrourbano.com\/revista\/wp-content\/uploads\/web_CU_logo-1.png","contentUrl":"https:\/\/centrourbano.com\/revista\/wp-content\/uploads\/web_CU_logo-1.png","width":350,"height":91,"caption":"Centro Urbano"},"image":{"@id":"https:\/\/centrourbano.com\/revista\/#\/schema\/logo\/image\/"},"sameAs":["https:\/\/www.facebook.com\/portalcentrourbano","https:\/\/x.com\/CentroUrbano","https:\/\/www.instagram.com\/centro_urbano\/","https:\/\/www.linkedin.com\/company\/centro-urbano\/","http:\/\/www.youtube.com\/user\/portalcentrourbano"]},{"@type":"Person","@id":"https:\/\/centrourbano.com\/revista\/#\/schema\/person\/fabae71f13578ba90183557757e26fd6","name":"Karen Romero","image":{"@type":"ImageObject","inLanguage":"es","@id":"https:\/\/secure.gravatar.com\/avatar\/4bf369b19245debf8e54c1f2b5a8393db1fc34cb54c9e6c3cb4ef4ab65ab59c3?s=96&d=mm&r=g","url":"https:\/\/secure.gravatar.com\/avatar\/4bf369b19245debf8e54c1f2b5a8393db1fc34cb54c9e6c3cb4ef4ab65ab59c3?s=96&d=mm&r=g","contentUrl":"https:\/\/secure.gravatar.com\/avatar\/4bf369b19245debf8e54c1f2b5a8393db1fc34cb54c9e6c3cb4ef4ab65ab59c3?s=96&d=mm&r=g","caption":"Karen Romero"},"description":"Egresada de la Escuela de Periodismo Carlos Septi\u00e9n Garc\u00eda, con un diplomado en Periodismo Econ\u00f3mico, por la misma instituci\u00f3n, con gusto por los medios impresos especializados y programas de radio. Coordinadora de informaci\u00f3n editorial de Centro Urbano y colaboradora para otros medios de comunicaci\u00f3n en el \u00e1rea de redacci\u00f3n y edici\u00f3n de video. Interesada por la investigaci\u00f3n y seguidora de temas hist\u00f3ricos, adem\u00e1s de tener cierta fascinaci\u00f3n por los temas paranormales. Le gusta leer, cantar, bailar, viajar y escuchar m\u00fasica.","url":"https:\/\/centrourbano.com\/revista\/author\/karen-romero\/"}]}},"_links":{"self":[{"href":"https:\/\/centrourbano.com\/revista\/wp-json\/wp\/v2\/posts\/50669","targetHints":{"allow":["GET"]}}],"collection":[{"href":"https:\/\/centrourbano.com\/revista\/wp-json\/wp\/v2\/posts"}],"about":[{"href":"https:\/\/centrourbano.com\/revista\/wp-json\/wp\/v2\/types\/post"}],"author":[{"embeddable":true,"href":"https:\/\/centrourbano.com\/revista\/wp-json\/wp\/v2\/users\/48"}],"replies":[{"embeddable":true,"href":"https:\/\/centrourbano.com\/revista\/wp-json\/wp\/v2\/comments?post=50669"}],"version-history":[{"count":0,"href":"https:\/\/centrourbano.com\/revista\/wp-json\/wp\/v2\/posts\/50669\/revisions"}],"wp:featuredmedia":[{"embeddable":true,"href":"https:\/\/centrourbano.com\/revista\/wp-json\/wp\/v2\/media\/50671"}],"wp:attachment":[{"href":"https:\/\/centrourbano.com\/revista\/wp-json\/wp\/v2\/media?parent=50669"}],"wp:term":[{"taxonomy":"category","embeddable":true,"href":"https:\/\/centrourbano.com\/revista\/wp-json\/wp\/v2\/categories?post=50669"},{"taxonomy":"post_tag","embeddable":true,"href":"https:\/\/centrourbano.com\/revista\/wp-json\/wp\/v2\/tags?post=50669"}],"curies":[{"name":"wp","href":"https:\/\/api.w.org\/{rel}","templated":true}]}}