{"id":50465,"date":"2017-03-16T08:00:09","date_gmt":"2017-03-16T14:00:09","guid":{"rendered":"https:\/\/centrourbano.com\/?p=50465"},"modified":"2017-03-16T09:09:16","modified_gmt":"2017-03-16T15:09:16","slug":"ivem-beneficiara-800-familias-mejoras-vivienda","status":"publish","type":"post","link":"https:\/\/centrourbano.com\/revista\/vivienda\/ivem-beneficiara-800-familias-mejoras-vivienda\/","title":{"rendered":"IVEM beneficiar\u00e1 a 800 familias con mejoras de vivienda"},"content":{"rendered":"<p><em>El Instituto atender\u00e1 a los habitantes de 28 municipios con el Programa de Mejoramiento de Vivienda Rural y Urbana <\/em><!--more--><\/p>\n<p>El Instituto de Vivienda del Estado de Michoac\u00e1n (IVEM) beneficiar\u00e1 a m\u00e1s de 800 familias con la entrega de apoyos para el mejoramiento de sus hogares. <\/p>\n<p>El organismo anunci\u00f3 que en los pr\u00f3ximos meses se atender\u00e1n a familias de escasos recursos de 28 municipios, acci\u00f3n enmarcada en el Programa de Mejoramiento de Vivienda Rural y Urbana. <\/p>\n<p>De acuerdo con el IVEM, la intenci\u00f3n de dispersar los apoyos es \u201cmejorar la calidad de vida, ampliando el patrimonio de las familias\u201d. Detall\u00f3 que se beneficiar\u00e1 a madres solteras y adultos de la tercera edad, preferentemente. <\/p>\n<p>El Instituto explic\u00f3 que acorde a las necesidades de cada hogar, se entregar\u00e1n apoyos en efectivo para acciones como: colocar piso de concreto, construir cuartos adicionales,sanitarios, techos de losa, \u201centre otras mejoras que permitan a las familias contar con una casa digna\u201d.<\/p>\n<p>Entre los municipios en los que se beneficiar\u00e1 a los habitantes se encuentra: Apatzing\u00e1n, Maravat\u00edo, Ario, Cher\u00e1n, M\u00fagica, Chilchota, Nahuatzen, Numar\u00e1n, Panind\u00edcuaro, Paracho. <\/p>\n","protected":false},"excerpt":{"rendered":"<p>El Instituto atender\u00e1 a los habitantes de 28 municipios con el Programa de Mejoramiento de Vivienda Rural y Urbana<\/p>\n","protected":false},"author":47,"featured_media":50466,"comment_status":"open","ping_status":"closed","sticky":false,"template":"","format":"standard","meta":{"om_disable_all_campaigns":false,"inline_featured_image":false,"_monsterinsights_skip_tracking":false,"_monsterinsights_sitenote_active":false,"_monsterinsights_sitenote_note":"","_monsterinsights_sitenote_category":0,"footnotes":""},"categories":[12],"tags":[8358,9802,995],"class_list":["post-50465","post","type-post","status-publish","format-standard","has-post-thumbnail","hentry","category-vivienda","tag-ivem","tag-mejoras-de-vivienda","tag-michoacan"],"yoast_head":"<!-- This site is optimized with the Yoast SEO plugin v27.4 - https:\/\/yoast.com\/product\/yoast-seo-wordpress\/ -->\n<title>IVEM beneficiar\u00e1 a 800 familias con mejoras de vivienda -<\/title>\n<meta name=\"description\" content=\"El Instituto de Vivienda del Estado de Michoac\u00e1n (IVEM) beneficiar\u00e1 a m\u00e1s de 800 familias con la entrega de apoyos para el mejoramiento de sus hogares.\" \/>\n<meta name=\"robots\" content=\"index, follow, max-snippet:-1, max-image-preview:large, max-video-preview:-1\" \/>\n<link rel=\"canonical\" href=\"https:\/\/centrourbano.com\/revista\/vivienda\/ivem-beneficiara-800-familias-mejoras-vivienda\/\" \/>\n<meta property=\"og:locale\" content=\"es_ES\" \/>\n<meta property=\"og:type\" content=\"article\" \/>\n<meta property=\"og:title\" content=\"IVEM beneficiar\u00e1 a 800 familias con mejoras de vivienda -\" \/>\n<meta property=\"og:description\" content=\"El Instituto de Vivienda del Estado de Michoac\u00e1n (IVEM) beneficiar\u00e1 a m\u00e1s de 800 familias con la entrega de apoyos para el mejoramiento de sus hogares.\" \/>\n<meta property=\"og:url\" content=\"https:\/\/centrourbano.com\/revista\/vivienda\/ivem-beneficiara-800-familias-mejoras-vivienda\/\" \/>\n<meta property=\"og:site_name\" content=\"Centro Urbano\" \/>\n<meta property=\"article:publisher\" content=\"https:\/\/www.facebook.com\/portalcentrourbano\" \/>\n<meta property=\"article:published_time\" content=\"2017-03-16T14:00:09+00:00\" \/>\n<meta property=\"article:modified_time\" content=\"2017-03-16T15:09:16+00:00\" \/>\n<meta property=\"og:image\" content=\"https:\/\/centrourbano.com\/revista\/wp-content\/uploads\/IVEM_Mejoras.jpeg\" \/>\n\t<meta property=\"og:image:width\" content=\"800\" \/>\n\t<meta property=\"og:image:height\" content=\"533\" \/>\n\t<meta property=\"og:image:type\" content=\"image\/jpeg\" \/>\n<meta name=\"author\" content=\"Edgar Rosas\" \/>\n<meta name=\"twitter:card\" content=\"summary_large_image\" \/>\n<meta name=\"twitter:creator\" content=\"@https:\/\/twitter.com\/ERosasCU?s=09\" \/>\n<meta name=\"twitter:site\" content=\"@CentroUrbano\" \/>\n<meta name=\"twitter:label1\" content=\"Escrito por\" \/>\n\t<meta name=\"twitter:data1\" content=\"Edgar Rosas\" \/>\n\t<meta name=\"twitter:label2\" content=\"Tiempo de lectura\" \/>\n\t<meta name=\"twitter:data2\" content=\"1 minuto\" \/>\n<script type=\"application\/ld+json\" class=\"yoast-schema-graph\">{\"@context\":\"https:\\\/\\\/schema.org\",\"@graph\":[{\"@type\":\"Article\",\"@id\":\"https:\\\/\\\/centrourbano.com\\\/revista\\\/vivienda\\\/ivem-beneficiara-800-familias-mejoras-vivienda\\\/#article\",\"isPartOf\":{\"@id\":\"https:\\\/\\\/centrourbano.com\\\/revista\\\/vivienda\\\/ivem-beneficiara-800-familias-mejoras-vivienda\\\/\"},\"author\":{\"name\":\"Edgar Rosas\",\"@id\":\"https:\\\/\\\/centrourbano.com\\\/revista\\\/#\\\/schema\\\/person\\\/ff3c00651ce5b1630479d2cd0c2e3ac0\"},\"headline\":\"IVEM beneficiar\u00e1 a 800 familias con mejoras de vivienda\",\"datePublished\":\"2017-03-16T14:00:09+00:00\",\"dateModified\":\"2017-03-16T15:09:16+00:00\",\"mainEntityOfPage\":{\"@id\":\"https:\\\/\\\/centrourbano.com\\\/revista\\\/vivienda\\\/ivem-beneficiara-800-familias-mejoras-vivienda\\\/\"},\"wordCount\":196,\"commentCount\":0,\"publisher\":{\"@id\":\"https:\\\/\\\/centrourbano.com\\\/revista\\\/#organization\"},\"image\":{\"@id\":\"https:\\\/\\\/centrourbano.com\\\/revista\\\/vivienda\\\/ivem-beneficiara-800-familias-mejoras-vivienda\\\/#primaryimage\"},\"thumbnailUrl\":\"https:\\\/\\\/centrourbano.com\\\/revista\\\/wp-content\\\/uploads\\\/IVEM_Mejoras.jpeg\",\"keywords\":[\"IVEM\",\"Mejoras de vivienda\",\"Michoac\u00e1n\"],\"articleSection\":[\"Vivienda\"],\"inLanguage\":\"es\",\"potentialAction\":[{\"@type\":\"CommentAction\",\"name\":\"Comment\",\"target\":[\"https:\\\/\\\/centrourbano.com\\\/revista\\\/vivienda\\\/ivem-beneficiara-800-familias-mejoras-vivienda\\\/#respond\"]}]},{\"@type\":\"WebPage\",\"@id\":\"https:\\\/\\\/centrourbano.com\\\/revista\\\/vivienda\\\/ivem-beneficiara-800-familias-mejoras-vivienda\\\/\",\"url\":\"https:\\\/\\\/centrourbano.com\\\/revista\\\/vivienda\\\/ivem-beneficiara-800-familias-mejoras-vivienda\\\/\",\"name\":\"IVEM beneficiar\u00e1 a 800 familias con mejoras de vivienda -\",\"isPartOf\":{\"@id\":\"https:\\\/\\\/centrourbano.com\\\/revista\\\/#website\"},\"primaryImageOfPage\":{\"@id\":\"https:\\\/\\\/centrourbano.com\\\/revista\\\/vivienda\\\/ivem-beneficiara-800-familias-mejoras-vivienda\\\/#primaryimage\"},\"image\":{\"@id\":\"https:\\\/\\\/centrourbano.com\\\/revista\\\/vivienda\\\/ivem-beneficiara-800-familias-mejoras-vivienda\\\/#primaryimage\"},\"thumbnailUrl\":\"https:\\\/\\\/centrourbano.com\\\/revista\\\/wp-content\\\/uploads\\\/IVEM_Mejoras.jpeg\",\"datePublished\":\"2017-03-16T14:00:09+00:00\",\"dateModified\":\"2017-03-16T15:09:16+00:00\",\"description\":\"El Instituto de Vivienda del Estado de Michoac\u00e1n (IVEM) beneficiar\u00e1 a m\u00e1s de 800 familias con la entrega de apoyos para el mejoramiento de sus hogares.\",\"breadcrumb\":{\"@id\":\"https:\\\/\\\/centrourbano.com\\\/revista\\\/vivienda\\\/ivem-beneficiara-800-familias-mejoras-vivienda\\\/#breadcrumb\"},\"inLanguage\":\"es\",\"potentialAction\":[{\"@type\":\"ReadAction\",\"target\":[\"https:\\\/\\\/centrourbano.com\\\/revista\\\/vivienda\\\/ivem-beneficiara-800-familias-mejoras-vivienda\\\/\"]}]},{\"@type\":\"ImageObject\",\"inLanguage\":\"es\",\"@id\":\"https:\\\/\\\/centrourbano.com\\\/revista\\\/vivienda\\\/ivem-beneficiara-800-familias-mejoras-vivienda\\\/#primaryimage\",\"url\":\"https:\\\/\\\/centrourbano.com\\\/revista\\\/wp-content\\\/uploads\\\/IVEM_Mejoras.jpeg\",\"contentUrl\":\"https:\\\/\\\/centrourbano.com\\\/revista\\\/wp-content\\\/uploads\\\/IVEM_Mejoras.jpeg\",\"width\":800,\"height\":533,\"caption\":\"El Instituto atender\u00e1 a los habitantes de 28 municipios con el Programa de Mejoramiento de Vivienda rural y Urbana\"},{\"@type\":\"BreadcrumbList\",\"@id\":\"https:\\\/\\\/centrourbano.com\\\/revista\\\/vivienda\\\/ivem-beneficiara-800-familias-mejoras-vivienda\\\/#breadcrumb\",\"itemListElement\":[{\"@type\":\"ListItem\",\"position\":1,\"name\":\"Portada\",\"item\":\"https:\\\/\\\/centrourbano.com\\\/revista\\\/\"},{\"@type\":\"ListItem\",\"position\":2,\"name\":\"IVEM beneficiar\u00e1 a 800 familias con mejoras de vivienda\"}]},{\"@type\":\"WebSite\",\"@id\":\"https:\\\/\\\/centrourbano.com\\\/revista\\\/#website\",\"url\":\"https:\\\/\\\/centrourbano.com\\\/revista\\\/\",\"name\":\"Centro Urbano\",\"description\":\"Medio especializado en los sectores vivienda, inmobiliario, construcci\u00f3n, arquitectura y urbanismo.\",\"publisher\":{\"@id\":\"https:\\\/\\\/centrourbano.com\\\/revista\\\/#organization\"},\"potentialAction\":[{\"@type\":\"SearchAction\",\"target\":{\"@type\":\"EntryPoint\",\"urlTemplate\":\"https:\\\/\\\/centrourbano.com\\\/revista\\\/?s={search_term_string}\"},\"query-input\":{\"@type\":\"PropertyValueSpecification\",\"valueRequired\":true,\"valueName\":\"search_term_string\"}}],\"inLanguage\":\"es\"},{\"@type\":\"Organization\",\"@id\":\"https:\\\/\\\/centrourbano.com\\\/revista\\\/#organization\",\"name\":\"Centro Urbano\",\"url\":\"https:\\\/\\\/centrourbano.com\\\/revista\\\/\",\"logo\":{\"@type\":\"ImageObject\",\"inLanguage\":\"es\",\"@id\":\"https:\\\/\\\/centrourbano.com\\\/revista\\\/#\\\/schema\\\/logo\\\/image\\\/\",\"url\":\"https:\\\/\\\/centrourbano.com\\\/revista\\\/wp-content\\\/uploads\\\/web_CU_logo-1.png\",\"contentUrl\":\"https:\\\/\\\/centrourbano.com\\\/revista\\\/wp-content\\\/uploads\\\/web_CU_logo-1.png\",\"width\":350,\"height\":91,\"caption\":\"Centro Urbano\"},\"image\":{\"@id\":\"https:\\\/\\\/centrourbano.com\\\/revista\\\/#\\\/schema\\\/logo\\\/image\\\/\"},\"sameAs\":[\"https:\\\/\\\/www.facebook.com\\\/portalcentrourbano\",\"https:\\\/\\\/x.com\\\/CentroUrbano\",\"https:\\\/\\\/www.instagram.com\\\/centro_urbano\\\/\",\"https:\\\/\\\/www.linkedin.com\\\/company\\\/centro-urbano\\\/\",\"http:\\\/\\\/www.youtube.com\\\/user\\\/portalcentrourbano\"]},{\"@type\":\"Person\",\"@id\":\"https:\\\/\\\/centrourbano.com\\\/revista\\\/#\\\/schema\\\/person\\\/ff3c00651ce5b1630479d2cd0c2e3ac0\",\"name\":\"Edgar Rosas\",\"image\":{\"@type\":\"ImageObject\",\"inLanguage\":\"es\",\"@id\":\"https:\\\/\\\/secure.gravatar.com\\\/avatar\\\/94440c4283495211faa5300bf85e80061036b83fced868c3783aa1310b350d9c?s=96&d=mm&r=g\",\"url\":\"https:\\\/\\\/secure.gravatar.com\\\/avatar\\\/94440c4283495211faa5300bf85e80061036b83fced868c3783aa1310b350d9c?s=96&d=mm&r=g\",\"contentUrl\":\"https:\\\/\\\/secure.gravatar.com\\\/avatar\\\/94440c4283495211faa5300bf85e80061036b83fced868c3783aa1310b350d9c?s=96&d=mm&r=g\",\"caption\":\"Edgar Rosas\"},\"description\":\"Editor en Jefe de Centro Urbano. Egresado de la maestr\u00eda en Periodismo Pol\u00edtico de la Escuela de Periodismo Carlos Septi\u00e9n Garc\u00eda (EPCSG). Estudi\u00f3 la licenciatura en Comunicaci\u00f3n en la Universidad Mexicana. Amante de la cr\u00f3nica y el reportaje. Admirador de Vicente Le\u00f1ero y Miguel \u00c1ngel Granados Chapa.\",\"sameAs\":[\"https:\\\/\\\/x.com\\\/https:\\\/\\\/twitter.com\\\/ERosasCU?s=09\"],\"url\":\"https:\\\/\\\/centrourbano.com\\\/revista\\\/author\\\/edgar-rosas\\\/\"}]}<\/script>\n<!-- \/ Yoast SEO plugin. -->","yoast_head_json":{"title":"IVEM beneficiar\u00e1 a 800 familias con mejoras de vivienda -","description":"El Instituto de Vivienda del Estado de Michoac\u00e1n (IVEM) beneficiar\u00e1 a m\u00e1s de 800 familias con la entrega de apoyos para el mejoramiento de sus hogares.","robots":{"index":"index","follow":"follow","max-snippet":"max-snippet:-1","max-image-preview":"max-image-preview:large","max-video-preview":"max-video-preview:-1"},"canonical":"https:\/\/centrourbano.com\/revista\/vivienda\/ivem-beneficiara-800-familias-mejoras-vivienda\/","og_locale":"es_ES","og_type":"article","og_title":"IVEM beneficiar\u00e1 a 800 familias con mejoras de vivienda -","og_description":"El Instituto de Vivienda del Estado de Michoac\u00e1n (IVEM) beneficiar\u00e1 a m\u00e1s de 800 familias con la entrega de apoyos para el mejoramiento de sus hogares.","og_url":"https:\/\/centrourbano.com\/revista\/vivienda\/ivem-beneficiara-800-familias-mejoras-vivienda\/","og_site_name":"Centro Urbano","article_publisher":"https:\/\/www.facebook.com\/portalcentrourbano","article_published_time":"2017-03-16T14:00:09+00:00","article_modified_time":"2017-03-16T15:09:16+00:00","og_image":[{"width":800,"height":533,"url":"https:\/\/centrourbano.com\/revista\/wp-content\/uploads\/IVEM_Mejoras.jpeg","type":"image\/jpeg"}],"author":"Edgar Rosas","twitter_card":"summary_large_image","twitter_creator":"@https:\/\/twitter.com\/ERosasCU?s=09","twitter_site":"@CentroUrbano","twitter_misc":{"Escrito por":"Edgar Rosas","Tiempo de lectura":"1 minuto"},"schema":{"@context":"https:\/\/schema.org","@graph":[{"@type":"Article","@id":"https:\/\/centrourbano.com\/revista\/vivienda\/ivem-beneficiara-800-familias-mejoras-vivienda\/#article","isPartOf":{"@id":"https:\/\/centrourbano.com\/revista\/vivienda\/ivem-beneficiara-800-familias-mejoras-vivienda\/"},"author":{"name":"Edgar Rosas","@id":"https:\/\/centrourbano.com\/revista\/#\/schema\/person\/ff3c00651ce5b1630479d2cd0c2e3ac0"},"headline":"IVEM beneficiar\u00e1 a 800 familias con mejoras de vivienda","datePublished":"2017-03-16T14:00:09+00:00","dateModified":"2017-03-16T15:09:16+00:00","mainEntityOfPage":{"@id":"https:\/\/centrourbano.com\/revista\/vivienda\/ivem-beneficiara-800-familias-mejoras-vivienda\/"},"wordCount":196,"commentCount":0,"publisher":{"@id":"https:\/\/centrourbano.com\/revista\/#organization"},"image":{"@id":"https:\/\/centrourbano.com\/revista\/vivienda\/ivem-beneficiara-800-familias-mejoras-vivienda\/#primaryimage"},"thumbnailUrl":"https:\/\/centrourbano.com\/revista\/wp-content\/uploads\/IVEM_Mejoras.jpeg","keywords":["IVEM","Mejoras de vivienda","Michoac\u00e1n"],"articleSection":["Vivienda"],"inLanguage":"es","potentialAction":[{"@type":"CommentAction","name":"Comment","target":["https:\/\/centrourbano.com\/revista\/vivienda\/ivem-beneficiara-800-familias-mejoras-vivienda\/#respond"]}]},{"@type":"WebPage","@id":"https:\/\/centrourbano.com\/revista\/vivienda\/ivem-beneficiara-800-familias-mejoras-vivienda\/","url":"https:\/\/centrourbano.com\/revista\/vivienda\/ivem-beneficiara-800-familias-mejoras-vivienda\/","name":"IVEM beneficiar\u00e1 a 800 familias con mejoras de vivienda -","isPartOf":{"@id":"https:\/\/centrourbano.com\/revista\/#website"},"primaryImageOfPage":{"@id":"https:\/\/centrourbano.com\/revista\/vivienda\/ivem-beneficiara-800-familias-mejoras-vivienda\/#primaryimage"},"image":{"@id":"https:\/\/centrourbano.com\/revista\/vivienda\/ivem-beneficiara-800-familias-mejoras-vivienda\/#primaryimage"},"thumbnailUrl":"https:\/\/centrourbano.com\/revista\/wp-content\/uploads\/IVEM_Mejoras.jpeg","datePublished":"2017-03-16T14:00:09+00:00","dateModified":"2017-03-16T15:09:16+00:00","description":"El Instituto de Vivienda del Estado de Michoac\u00e1n (IVEM) beneficiar\u00e1 a m\u00e1s de 800 familias con la entrega de apoyos para el mejoramiento de sus hogares.","breadcrumb":{"@id":"https:\/\/centrourbano.com\/revista\/vivienda\/ivem-beneficiara-800-familias-mejoras-vivienda\/#breadcrumb"},"inLanguage":"es","potentialAction":[{"@type":"ReadAction","target":["https:\/\/centrourbano.com\/revista\/vivienda\/ivem-beneficiara-800-familias-mejoras-vivienda\/"]}]},{"@type":"ImageObject","inLanguage":"es","@id":"https:\/\/centrourbano.com\/revista\/vivienda\/ivem-beneficiara-800-familias-mejoras-vivienda\/#primaryimage","url":"https:\/\/centrourbano.com\/revista\/wp-content\/uploads\/IVEM_Mejoras.jpeg","contentUrl":"https:\/\/centrourbano.com\/revista\/wp-content\/uploads\/IVEM_Mejoras.jpeg","width":800,"height":533,"caption":"El Instituto atender\u00e1 a los habitantes de 28 municipios con el Programa de Mejoramiento de Vivienda rural y Urbana"},{"@type":"BreadcrumbList","@id":"https:\/\/centrourbano.com\/revista\/vivienda\/ivem-beneficiara-800-familias-mejoras-vivienda\/#breadcrumb","itemListElement":[{"@type":"ListItem","position":1,"name":"Portada","item":"https:\/\/centrourbano.com\/revista\/"},{"@type":"ListItem","position":2,"name":"IVEM beneficiar\u00e1 a 800 familias con mejoras de vivienda"}]},{"@type":"WebSite","@id":"https:\/\/centrourbano.com\/revista\/#website","url":"https:\/\/centrourbano.com\/revista\/","name":"Centro Urbano","description":"Medio especializado en los sectores vivienda, inmobiliario, construcci\u00f3n, arquitectura y urbanismo.","publisher":{"@id":"https:\/\/centrourbano.com\/revista\/#organization"},"potentialAction":[{"@type":"SearchAction","target":{"@type":"EntryPoint","urlTemplate":"https:\/\/centrourbano.com\/revista\/?s={search_term_string}"},"query-input":{"@type":"PropertyValueSpecification","valueRequired":true,"valueName":"search_term_string"}}],"inLanguage":"es"},{"@type":"Organization","@id":"https:\/\/centrourbano.com\/revista\/#organization","name":"Centro Urbano","url":"https:\/\/centrourbano.com\/revista\/","logo":{"@type":"ImageObject","inLanguage":"es","@id":"https:\/\/centrourbano.com\/revista\/#\/schema\/logo\/image\/","url":"https:\/\/centrourbano.com\/revista\/wp-content\/uploads\/web_CU_logo-1.png","contentUrl":"https:\/\/centrourbano.com\/revista\/wp-content\/uploads\/web_CU_logo-1.png","width":350,"height":91,"caption":"Centro Urbano"},"image":{"@id":"https:\/\/centrourbano.com\/revista\/#\/schema\/logo\/image\/"},"sameAs":["https:\/\/www.facebook.com\/portalcentrourbano","https:\/\/x.com\/CentroUrbano","https:\/\/www.instagram.com\/centro_urbano\/","https:\/\/www.linkedin.com\/company\/centro-urbano\/","http:\/\/www.youtube.com\/user\/portalcentrourbano"]},{"@type":"Person","@id":"https:\/\/centrourbano.com\/revista\/#\/schema\/person\/ff3c00651ce5b1630479d2cd0c2e3ac0","name":"Edgar Rosas","image":{"@type":"ImageObject","inLanguage":"es","@id":"https:\/\/secure.gravatar.com\/avatar\/94440c4283495211faa5300bf85e80061036b83fced868c3783aa1310b350d9c?s=96&d=mm&r=g","url":"https:\/\/secure.gravatar.com\/avatar\/94440c4283495211faa5300bf85e80061036b83fced868c3783aa1310b350d9c?s=96&d=mm&r=g","contentUrl":"https:\/\/secure.gravatar.com\/avatar\/94440c4283495211faa5300bf85e80061036b83fced868c3783aa1310b350d9c?s=96&d=mm&r=g","caption":"Edgar Rosas"},"description":"Editor en Jefe de Centro Urbano. Egresado de la maestr\u00eda en Periodismo Pol\u00edtico de la Escuela de Periodismo Carlos Septi\u00e9n Garc\u00eda (EPCSG). Estudi\u00f3 la licenciatura en Comunicaci\u00f3n en la Universidad Mexicana. Amante de la cr\u00f3nica y el reportaje. Admirador de Vicente Le\u00f1ero y Miguel \u00c1ngel Granados Chapa.","sameAs":["https:\/\/x.com\/https:\/\/twitter.com\/ERosasCU?s=09"],"url":"https:\/\/centrourbano.com\/revista\/author\/edgar-rosas\/"}]}},"_links":{"self":[{"href":"https:\/\/centrourbano.com\/revista\/wp-json\/wp\/v2\/posts\/50465","targetHints":{"allow":["GET"]}}],"collection":[{"href":"https:\/\/centrourbano.com\/revista\/wp-json\/wp\/v2\/posts"}],"about":[{"href":"https:\/\/centrourbano.com\/revista\/wp-json\/wp\/v2\/types\/post"}],"author":[{"embeddable":true,"href":"https:\/\/centrourbano.com\/revista\/wp-json\/wp\/v2\/users\/47"}],"replies":[{"embeddable":true,"href":"https:\/\/centrourbano.com\/revista\/wp-json\/wp\/v2\/comments?post=50465"}],"version-history":[{"count":0,"href":"https:\/\/centrourbano.com\/revista\/wp-json\/wp\/v2\/posts\/50465\/revisions"}],"wp:featuredmedia":[{"embeddable":true,"href":"https:\/\/centrourbano.com\/revista\/wp-json\/wp\/v2\/media\/50466"}],"wp:attachment":[{"href":"https:\/\/centrourbano.com\/revista\/wp-json\/wp\/v2\/media?parent=50465"}],"wp:term":[{"taxonomy":"category","embeddable":true,"href":"https:\/\/centrourbano.com\/revista\/wp-json\/wp\/v2\/categories?post=50465"},{"taxonomy":"post_tag","embeddable":true,"href":"https:\/\/centrourbano.com\/revista\/wp-json\/wp\/v2\/tags?post=50465"}],"curies":[{"name":"wp","href":"https:\/\/api.w.org\/{rel}","templated":true}]}}