{"id":50385,"date":"2017-03-15T09:50:49","date_gmt":"2017-03-15T15:50:49","guid":{"rendered":"https:\/\/centrourbano.com\/?p=50385"},"modified":"2017-03-15T10:41:16","modified_gmt":"2017-03-15T16:41:16","slug":"arturo-bautista-nuevo-presidente-cmic-ciudad-de-mexico","status":"publish","type":"post","link":"https:\/\/centrourbano.com\/revista\/construccion\/arturo-bautista-nuevo-presidente-cmic-ciudad-de-mexico\/","title":{"rendered":"Arturo Bautista, nuevo presidente CMIC Ciudad de M\u00e9xico"},"content":{"rendered":"<p><em>El Ingeniero Civil estar\u00e1 al frente de la organizaci\u00f3n por los pr\u00f3ximos 2 a\u00f1os <\/em><!--more--><\/p>\n<p>La C\u00e1mara Mexicana de la Industria de la Construcci\u00f3n (CMIC) delegaci\u00f3n Ciudad de M\u00e9xico design\u00f3 al Ing. Arturo Bautista Lozano como nuevo presidente de la organizaci\u00f3n, quien estar\u00e1 en el cargo durante el periodo 2017-2019.<\/p>\n<p>Bajo el liderazgo de Bautista Lozano, explic\u00f3 la CMIC, la organizaci\u00f3n continuar\u00e1 con el apoyo a las empresas afiliadas, quienes, \u201chan sido las responsables de atender las necesidades de construcci\u00f3n y servicios de infraestructura que demanda esta gran metr\u00f3poli\u201d.<\/p>\n<p>El Ing. Arturo Bautista es egresado de la Universidad Iberoamericana, en donde obtuvo el t\u00edtulo de Ingeniero Civil. Adem\u00e1s, el ahora presidente de la CMIC Ciudad de M\u00e9xico cuenta con un Master en Desarrollo Inmobiliario y Administraci\u00f3n de Empresas Constructoras (MDI) por el Instituto Tecnol\u00f3gico Aut\u00f3nomo de M\u00e9xico (ITAM) en conjunto con la Universidad Polit\u00e9cnica de Madrid.<\/p>\n<p>Cabe mencionar que, a la fecha, el Ing. Bautista Lozano es director general de la empresa Kapra Edificaciones.<\/p>\n<p>\u201cLa agenda es ambiciosa y el equipo que acompa\u00f1ar\u00e1 para el periodo 2017-2019 en este plan de trabajo lo integran 10 vicepresidencias enfocadas en los rubros de Obra P\u00fablica, Secretar\u00eda de Obras, Servicios Afiliados, Servicios Profesionales, Instituciones, Desarrollo Urbano, Normatividad, Sector Infraestructura Hidr\u00e1ulica, Proyectos estrat\u00e9gicos y Obra Privada, que beneficiar\u00e1 e impactar\u00e1 a los afiliados\u201d, detall\u00f3 la CMIC.<\/p>\n<p>&nbsp;<\/p>\n<a href=\"https:\/\/centrourbano.com\/revista\/wp-content\/uploads\/Arturo_CMIC_CDMX.jpg\"><img loading=\"lazy\" decoding=\"async\" class=\"size-full wp-image-50386 aligncenter\" src=\"https:\/\/centrourbano.com\/revista\/wp-content\/uploads\/Arturo_CMIC_CDMX.jpg\" alt=\"\" width=\"216\" height=\"325\" srcset=\"https:\/\/centrourbano.com\/revista\/wp-content\/uploads\/Arturo_CMIC_CDMX.jpg 216w, https:\/\/centrourbano.com\/revista\/wp-content\/uploads\/Arturo_CMIC_CDMX-199x300.jpg 199w\" sizes=\"auto, (max-width: 216px) 100vw, 216px\" \/><\/a>\n","protected":false},"excerpt":{"rendered":"<p>El Ingeniero Civil estar\u00e1 al frente de la organizaci\u00f3n por los pr\u00f3ximos 2 a\u00f1os<\/p>\n","protected":false},"author":47,"featured_media":3558,"comment_status":"open","ping_status":"closed","sticky":false,"template":"","format":"standard","meta":{"om_disable_all_campaigns":false,"inline_featured_image":false,"_monsterinsights_skip_tracking":false,"_monsterinsights_sitenote_active":false,"_monsterinsights_sitenote_note":"","_monsterinsights_sitenote_category":0,"footnotes":""},"categories":[14],"tags":[9785,9784,7601],"class_list":["post-50385","post","type-post","status-publish","format-standard","has-post-thumbnail","hentry","category-construccion","tag-arturo-bautista","tag-cmic-cdmx","tag-presidente"],"yoast_head":"<!-- This site is optimized with the Yoast SEO plugin v27.4 - https:\/\/yoast.com\/product\/yoast-seo-wordpress\/ -->\n<title>Arturo Bautista, nuevo presidente CMIC Ciudad de M\u00e9xico -<\/title>\n<meta name=\"description\" content=\"La C\u00e1mara Mexicana de la Industria de la Construcci\u00f3n (CMIC) delegaci\u00f3n Ciudad de M\u00e9xico design\u00f3 al Ing. Arturo Bautista Lozano como nuevo presidente de la organizaci\u00f3n, quien estar\u00e1 en el cargo durante el periodo 2017-2019.\" \/>\n<meta name=\"robots\" content=\"index, follow, max-snippet:-1, max-image-preview:large, max-video-preview:-1\" \/>\n<link rel=\"canonical\" href=\"https:\/\/centrourbano.com\/revista\/construccion\/arturo-bautista-nuevo-presidente-cmic-ciudad-de-mexico\/\" \/>\n<meta property=\"og:locale\" content=\"es_ES\" \/>\n<meta property=\"og:type\" content=\"article\" \/>\n<meta property=\"og:title\" content=\"Arturo Bautista, nuevo presidente CMIC Ciudad de M\u00e9xico -\" \/>\n<meta property=\"og:description\" content=\"La C\u00e1mara Mexicana de la Industria de la Construcci\u00f3n (CMIC) delegaci\u00f3n Ciudad de M\u00e9xico design\u00f3 al Ing. Arturo Bautista Lozano como nuevo presidente de la organizaci\u00f3n, quien estar\u00e1 en el cargo durante el periodo 2017-2019.\" \/>\n<meta property=\"og:url\" content=\"https:\/\/centrourbano.com\/revista\/construccion\/arturo-bautista-nuevo-presidente-cmic-ciudad-de-mexico\/\" \/>\n<meta property=\"og:site_name\" content=\"Centro Urbano\" \/>\n<meta property=\"article:publisher\" content=\"https:\/\/www.facebook.com\/portalcentrourbano\" \/>\n<meta property=\"article:published_time\" content=\"2017-03-15T15:50:49+00:00\" \/>\n<meta property=\"article:modified_time\" content=\"2017-03-15T16:41:16+00:00\" \/>\n<meta property=\"og:image\" content=\"https:\/\/centrourbano.com\/revista\/wp-content\/uploads\/cmic1.jpg\" \/>\n\t<meta property=\"og:image:width\" content=\"581\" \/>\n\t<meta property=\"og:image:height\" content=\"427\" \/>\n\t<meta property=\"og:image:type\" content=\"image\/jpeg\" \/>\n<meta name=\"author\" content=\"Edgar Rosas\" \/>\n<meta name=\"twitter:card\" content=\"summary_large_image\" \/>\n<meta name=\"twitter:creator\" content=\"@https:\/\/twitter.com\/ERosasCU?s=09\" \/>\n<meta name=\"twitter:site\" content=\"@CentroUrbano\" \/>\n<meta name=\"twitter:label1\" content=\"Escrito por\" \/>\n\t<meta name=\"twitter:data1\" content=\"Edgar Rosas\" \/>\n\t<meta name=\"twitter:label2\" content=\"Tiempo de lectura\" \/>\n\t<meta name=\"twitter:data2\" content=\"1 minuto\" \/>\n<script type=\"application\/ld+json\" class=\"yoast-schema-graph\">{\"@context\":\"https:\\\/\\\/schema.org\",\"@graph\":[{\"@type\":\"Article\",\"@id\":\"https:\\\/\\\/centrourbano.com\\\/revista\\\/construccion\\\/arturo-bautista-nuevo-presidente-cmic-ciudad-de-mexico\\\/#article\",\"isPartOf\":{\"@id\":\"https:\\\/\\\/centrourbano.com\\\/revista\\\/construccion\\\/arturo-bautista-nuevo-presidente-cmic-ciudad-de-mexico\\\/\"},\"author\":{\"name\":\"Edgar Rosas\",\"@id\":\"https:\\\/\\\/centrourbano.com\\\/revista\\\/#\\\/schema\\\/person\\\/ff3c00651ce5b1630479d2cd0c2e3ac0\"},\"headline\":\"Arturo Bautista, nuevo presidente CMIC Ciudad de M\u00e9xico\",\"datePublished\":\"2017-03-15T15:50:49+00:00\",\"dateModified\":\"2017-03-15T16:41:16+00:00\",\"mainEntityOfPage\":{\"@id\":\"https:\\\/\\\/centrourbano.com\\\/revista\\\/construccion\\\/arturo-bautista-nuevo-presidente-cmic-ciudad-de-mexico\\\/\"},\"wordCount\":253,\"commentCount\":0,\"publisher\":{\"@id\":\"https:\\\/\\\/centrourbano.com\\\/revista\\\/#organization\"},\"image\":{\"@id\":\"https:\\\/\\\/centrourbano.com\\\/revista\\\/construccion\\\/arturo-bautista-nuevo-presidente-cmic-ciudad-de-mexico\\\/#primaryimage\"},\"thumbnailUrl\":\"https:\\\/\\\/centrourbano.com\\\/revista\\\/wp-content\\\/uploads\\\/cmic1.jpg\",\"keywords\":[\"Arturo Bautista\",\"CMIC CDMX\",\"presidente\"],\"articleSection\":[\"Construcci\u00f3n\"],\"inLanguage\":\"es\",\"potentialAction\":[{\"@type\":\"CommentAction\",\"name\":\"Comment\",\"target\":[\"https:\\\/\\\/centrourbano.com\\\/revista\\\/construccion\\\/arturo-bautista-nuevo-presidente-cmic-ciudad-de-mexico\\\/#respond\"]}]},{\"@type\":\"WebPage\",\"@id\":\"https:\\\/\\\/centrourbano.com\\\/revista\\\/construccion\\\/arturo-bautista-nuevo-presidente-cmic-ciudad-de-mexico\\\/\",\"url\":\"https:\\\/\\\/centrourbano.com\\\/revista\\\/construccion\\\/arturo-bautista-nuevo-presidente-cmic-ciudad-de-mexico\\\/\",\"name\":\"Arturo Bautista, nuevo presidente CMIC Ciudad de M\u00e9xico -\",\"isPartOf\":{\"@id\":\"https:\\\/\\\/centrourbano.com\\\/revista\\\/#website\"},\"primaryImageOfPage\":{\"@id\":\"https:\\\/\\\/centrourbano.com\\\/revista\\\/construccion\\\/arturo-bautista-nuevo-presidente-cmic-ciudad-de-mexico\\\/#primaryimage\"},\"image\":{\"@id\":\"https:\\\/\\\/centrourbano.com\\\/revista\\\/construccion\\\/arturo-bautista-nuevo-presidente-cmic-ciudad-de-mexico\\\/#primaryimage\"},\"thumbnailUrl\":\"https:\\\/\\\/centrourbano.com\\\/revista\\\/wp-content\\\/uploads\\\/cmic1.jpg\",\"datePublished\":\"2017-03-15T15:50:49+00:00\",\"dateModified\":\"2017-03-15T16:41:16+00:00\",\"description\":\"La C\u00e1mara Mexicana de la Industria de la Construcci\u00f3n (CMIC) delegaci\u00f3n Ciudad de M\u00e9xico design\u00f3 al Ing. Arturo Bautista Lozano como nuevo presidente de la organizaci\u00f3n, quien estar\u00e1 en el cargo durante el periodo 2017-2019.\",\"breadcrumb\":{\"@id\":\"https:\\\/\\\/centrourbano.com\\\/revista\\\/construccion\\\/arturo-bautista-nuevo-presidente-cmic-ciudad-de-mexico\\\/#breadcrumb\"},\"inLanguage\":\"es\",\"potentialAction\":[{\"@type\":\"ReadAction\",\"target\":[\"https:\\\/\\\/centrourbano.com\\\/revista\\\/construccion\\\/arturo-bautista-nuevo-presidente-cmic-ciudad-de-mexico\\\/\"]}]},{\"@type\":\"ImageObject\",\"inLanguage\":\"es\",\"@id\":\"https:\\\/\\\/centrourbano.com\\\/revista\\\/construccion\\\/arturo-bautista-nuevo-presidente-cmic-ciudad-de-mexico\\\/#primaryimage\",\"url\":\"https:\\\/\\\/centrourbano.com\\\/revista\\\/wp-content\\\/uploads\\\/cmic1.jpg\",\"contentUrl\":\"https:\\\/\\\/centrourbano.com\\\/revista\\\/wp-content\\\/uploads\\\/cmic1.jpg\",\"width\":581,\"height\":427,\"caption\":\"CMIC y Edomex capacitar\u00e1n a trabajadores de la construcci\u00f3n\"},{\"@type\":\"BreadcrumbList\",\"@id\":\"https:\\\/\\\/centrourbano.com\\\/revista\\\/construccion\\\/arturo-bautista-nuevo-presidente-cmic-ciudad-de-mexico\\\/#breadcrumb\",\"itemListElement\":[{\"@type\":\"ListItem\",\"position\":1,\"name\":\"Portada\",\"item\":\"https:\\\/\\\/centrourbano.com\\\/revista\\\/\"},{\"@type\":\"ListItem\",\"position\":2,\"name\":\"Arturo Bautista, nuevo presidente CMIC Ciudad de M\u00e9xico\"}]},{\"@type\":\"WebSite\",\"@id\":\"https:\\\/\\\/centrourbano.com\\\/revista\\\/#website\",\"url\":\"https:\\\/\\\/centrourbano.com\\\/revista\\\/\",\"name\":\"Centro Urbano\",\"description\":\"Medio especializado en los sectores vivienda, inmobiliario, construcci\u00f3n, arquitectura y urbanismo.\",\"publisher\":{\"@id\":\"https:\\\/\\\/centrourbano.com\\\/revista\\\/#organization\"},\"potentialAction\":[{\"@type\":\"SearchAction\",\"target\":{\"@type\":\"EntryPoint\",\"urlTemplate\":\"https:\\\/\\\/centrourbano.com\\\/revista\\\/?s={search_term_string}\"},\"query-input\":{\"@type\":\"PropertyValueSpecification\",\"valueRequired\":true,\"valueName\":\"search_term_string\"}}],\"inLanguage\":\"es\"},{\"@type\":\"Organization\",\"@id\":\"https:\\\/\\\/centrourbano.com\\\/revista\\\/#organization\",\"name\":\"Centro Urbano\",\"url\":\"https:\\\/\\\/centrourbano.com\\\/revista\\\/\",\"logo\":{\"@type\":\"ImageObject\",\"inLanguage\":\"es\",\"@id\":\"https:\\\/\\\/centrourbano.com\\\/revista\\\/#\\\/schema\\\/logo\\\/image\\\/\",\"url\":\"https:\\\/\\\/centrourbano.com\\\/revista\\\/wp-content\\\/uploads\\\/web_CU_logo-1.png\",\"contentUrl\":\"https:\\\/\\\/centrourbano.com\\\/revista\\\/wp-content\\\/uploads\\\/web_CU_logo-1.png\",\"width\":350,\"height\":91,\"caption\":\"Centro Urbano\"},\"image\":{\"@id\":\"https:\\\/\\\/centrourbano.com\\\/revista\\\/#\\\/schema\\\/logo\\\/image\\\/\"},\"sameAs\":[\"https:\\\/\\\/www.facebook.com\\\/portalcentrourbano\",\"https:\\\/\\\/x.com\\\/CentroUrbano\",\"https:\\\/\\\/www.instagram.com\\\/centro_urbano\\\/\",\"https:\\\/\\\/www.linkedin.com\\\/company\\\/centro-urbano\\\/\",\"http:\\\/\\\/www.youtube.com\\\/user\\\/portalcentrourbano\"]},{\"@type\":\"Person\",\"@id\":\"https:\\\/\\\/centrourbano.com\\\/revista\\\/#\\\/schema\\\/person\\\/ff3c00651ce5b1630479d2cd0c2e3ac0\",\"name\":\"Edgar Rosas\",\"image\":{\"@type\":\"ImageObject\",\"inLanguage\":\"es\",\"@id\":\"https:\\\/\\\/secure.gravatar.com\\\/avatar\\\/94440c4283495211faa5300bf85e80061036b83fced868c3783aa1310b350d9c?s=96&d=mm&r=g\",\"url\":\"https:\\\/\\\/secure.gravatar.com\\\/avatar\\\/94440c4283495211faa5300bf85e80061036b83fced868c3783aa1310b350d9c?s=96&d=mm&r=g\",\"contentUrl\":\"https:\\\/\\\/secure.gravatar.com\\\/avatar\\\/94440c4283495211faa5300bf85e80061036b83fced868c3783aa1310b350d9c?s=96&d=mm&r=g\",\"caption\":\"Edgar Rosas\"},\"description\":\"Editor en Jefe de Centro Urbano. Egresado de la maestr\u00eda en Periodismo Pol\u00edtico de la Escuela de Periodismo Carlos Septi\u00e9n Garc\u00eda (EPCSG). Estudi\u00f3 la licenciatura en Comunicaci\u00f3n en la Universidad Mexicana. Amante de la cr\u00f3nica y el reportaje. Admirador de Vicente Le\u00f1ero y Miguel \u00c1ngel Granados Chapa.\",\"sameAs\":[\"https:\\\/\\\/x.com\\\/https:\\\/\\\/twitter.com\\\/ERosasCU?s=09\"],\"url\":\"https:\\\/\\\/centrourbano.com\\\/revista\\\/author\\\/edgar-rosas\\\/\"}]}<\/script>\n<!-- \/ Yoast SEO plugin. -->","yoast_head_json":{"title":"Arturo Bautista, nuevo presidente CMIC Ciudad de M\u00e9xico -","description":"La C\u00e1mara Mexicana de la Industria de la Construcci\u00f3n (CMIC) delegaci\u00f3n Ciudad de M\u00e9xico design\u00f3 al Ing. Arturo Bautista Lozano como nuevo presidente de la organizaci\u00f3n, quien estar\u00e1 en el cargo durante el periodo 2017-2019.","robots":{"index":"index","follow":"follow","max-snippet":"max-snippet:-1","max-image-preview":"max-image-preview:large","max-video-preview":"max-video-preview:-1"},"canonical":"https:\/\/centrourbano.com\/revista\/construccion\/arturo-bautista-nuevo-presidente-cmic-ciudad-de-mexico\/","og_locale":"es_ES","og_type":"article","og_title":"Arturo Bautista, nuevo presidente CMIC Ciudad de M\u00e9xico -","og_description":"La C\u00e1mara Mexicana de la Industria de la Construcci\u00f3n (CMIC) delegaci\u00f3n Ciudad de M\u00e9xico design\u00f3 al Ing. Arturo Bautista Lozano como nuevo presidente de la organizaci\u00f3n, quien estar\u00e1 en el cargo durante el periodo 2017-2019.","og_url":"https:\/\/centrourbano.com\/revista\/construccion\/arturo-bautista-nuevo-presidente-cmic-ciudad-de-mexico\/","og_site_name":"Centro Urbano","article_publisher":"https:\/\/www.facebook.com\/portalcentrourbano","article_published_time":"2017-03-15T15:50:49+00:00","article_modified_time":"2017-03-15T16:41:16+00:00","og_image":[{"width":581,"height":427,"url":"https:\/\/centrourbano.com\/revista\/wp-content\/uploads\/cmic1.jpg","type":"image\/jpeg"}],"author":"Edgar Rosas","twitter_card":"summary_large_image","twitter_creator":"@https:\/\/twitter.com\/ERosasCU?s=09","twitter_site":"@CentroUrbano","twitter_misc":{"Escrito por":"Edgar Rosas","Tiempo de lectura":"1 minuto"},"schema":{"@context":"https:\/\/schema.org","@graph":[{"@type":"Article","@id":"https:\/\/centrourbano.com\/revista\/construccion\/arturo-bautista-nuevo-presidente-cmic-ciudad-de-mexico\/#article","isPartOf":{"@id":"https:\/\/centrourbano.com\/revista\/construccion\/arturo-bautista-nuevo-presidente-cmic-ciudad-de-mexico\/"},"author":{"name":"Edgar Rosas","@id":"https:\/\/centrourbano.com\/revista\/#\/schema\/person\/ff3c00651ce5b1630479d2cd0c2e3ac0"},"headline":"Arturo Bautista, nuevo presidente CMIC Ciudad de M\u00e9xico","datePublished":"2017-03-15T15:50:49+00:00","dateModified":"2017-03-15T16:41:16+00:00","mainEntityOfPage":{"@id":"https:\/\/centrourbano.com\/revista\/construccion\/arturo-bautista-nuevo-presidente-cmic-ciudad-de-mexico\/"},"wordCount":253,"commentCount":0,"publisher":{"@id":"https:\/\/centrourbano.com\/revista\/#organization"},"image":{"@id":"https:\/\/centrourbano.com\/revista\/construccion\/arturo-bautista-nuevo-presidente-cmic-ciudad-de-mexico\/#primaryimage"},"thumbnailUrl":"https:\/\/centrourbano.com\/revista\/wp-content\/uploads\/cmic1.jpg","keywords":["Arturo Bautista","CMIC CDMX","presidente"],"articleSection":["Construcci\u00f3n"],"inLanguage":"es","potentialAction":[{"@type":"CommentAction","name":"Comment","target":["https:\/\/centrourbano.com\/revista\/construccion\/arturo-bautista-nuevo-presidente-cmic-ciudad-de-mexico\/#respond"]}]},{"@type":"WebPage","@id":"https:\/\/centrourbano.com\/revista\/construccion\/arturo-bautista-nuevo-presidente-cmic-ciudad-de-mexico\/","url":"https:\/\/centrourbano.com\/revista\/construccion\/arturo-bautista-nuevo-presidente-cmic-ciudad-de-mexico\/","name":"Arturo Bautista, nuevo presidente CMIC Ciudad de M\u00e9xico -","isPartOf":{"@id":"https:\/\/centrourbano.com\/revista\/#website"},"primaryImageOfPage":{"@id":"https:\/\/centrourbano.com\/revista\/construccion\/arturo-bautista-nuevo-presidente-cmic-ciudad-de-mexico\/#primaryimage"},"image":{"@id":"https:\/\/centrourbano.com\/revista\/construccion\/arturo-bautista-nuevo-presidente-cmic-ciudad-de-mexico\/#primaryimage"},"thumbnailUrl":"https:\/\/centrourbano.com\/revista\/wp-content\/uploads\/cmic1.jpg","datePublished":"2017-03-15T15:50:49+00:00","dateModified":"2017-03-15T16:41:16+00:00","description":"La C\u00e1mara Mexicana de la Industria de la Construcci\u00f3n (CMIC) delegaci\u00f3n Ciudad de M\u00e9xico design\u00f3 al Ing. Arturo Bautista Lozano como nuevo presidente de la organizaci\u00f3n, quien estar\u00e1 en el cargo durante el periodo 2017-2019.","breadcrumb":{"@id":"https:\/\/centrourbano.com\/revista\/construccion\/arturo-bautista-nuevo-presidente-cmic-ciudad-de-mexico\/#breadcrumb"},"inLanguage":"es","potentialAction":[{"@type":"ReadAction","target":["https:\/\/centrourbano.com\/revista\/construccion\/arturo-bautista-nuevo-presidente-cmic-ciudad-de-mexico\/"]}]},{"@type":"ImageObject","inLanguage":"es","@id":"https:\/\/centrourbano.com\/revista\/construccion\/arturo-bautista-nuevo-presidente-cmic-ciudad-de-mexico\/#primaryimage","url":"https:\/\/centrourbano.com\/revista\/wp-content\/uploads\/cmic1.jpg","contentUrl":"https:\/\/centrourbano.com\/revista\/wp-content\/uploads\/cmic1.jpg","width":581,"height":427,"caption":"CMIC y Edomex capacitar\u00e1n a trabajadores de la construcci\u00f3n"},{"@type":"BreadcrumbList","@id":"https:\/\/centrourbano.com\/revista\/construccion\/arturo-bautista-nuevo-presidente-cmic-ciudad-de-mexico\/#breadcrumb","itemListElement":[{"@type":"ListItem","position":1,"name":"Portada","item":"https:\/\/centrourbano.com\/revista\/"},{"@type":"ListItem","position":2,"name":"Arturo Bautista, nuevo presidente CMIC Ciudad de M\u00e9xico"}]},{"@type":"WebSite","@id":"https:\/\/centrourbano.com\/revista\/#website","url":"https:\/\/centrourbano.com\/revista\/","name":"Centro Urbano","description":"Medio especializado en los sectores vivienda, inmobiliario, construcci\u00f3n, arquitectura y urbanismo.","publisher":{"@id":"https:\/\/centrourbano.com\/revista\/#organization"},"potentialAction":[{"@type":"SearchAction","target":{"@type":"EntryPoint","urlTemplate":"https:\/\/centrourbano.com\/revista\/?s={search_term_string}"},"query-input":{"@type":"PropertyValueSpecification","valueRequired":true,"valueName":"search_term_string"}}],"inLanguage":"es"},{"@type":"Organization","@id":"https:\/\/centrourbano.com\/revista\/#organization","name":"Centro Urbano","url":"https:\/\/centrourbano.com\/revista\/","logo":{"@type":"ImageObject","inLanguage":"es","@id":"https:\/\/centrourbano.com\/revista\/#\/schema\/logo\/image\/","url":"https:\/\/centrourbano.com\/revista\/wp-content\/uploads\/web_CU_logo-1.png","contentUrl":"https:\/\/centrourbano.com\/revista\/wp-content\/uploads\/web_CU_logo-1.png","width":350,"height":91,"caption":"Centro Urbano"},"image":{"@id":"https:\/\/centrourbano.com\/revista\/#\/schema\/logo\/image\/"},"sameAs":["https:\/\/www.facebook.com\/portalcentrourbano","https:\/\/x.com\/CentroUrbano","https:\/\/www.instagram.com\/centro_urbano\/","https:\/\/www.linkedin.com\/company\/centro-urbano\/","http:\/\/www.youtube.com\/user\/portalcentrourbano"]},{"@type":"Person","@id":"https:\/\/centrourbano.com\/revista\/#\/schema\/person\/ff3c00651ce5b1630479d2cd0c2e3ac0","name":"Edgar Rosas","image":{"@type":"ImageObject","inLanguage":"es","@id":"https:\/\/secure.gravatar.com\/avatar\/94440c4283495211faa5300bf85e80061036b83fced868c3783aa1310b350d9c?s=96&d=mm&r=g","url":"https:\/\/secure.gravatar.com\/avatar\/94440c4283495211faa5300bf85e80061036b83fced868c3783aa1310b350d9c?s=96&d=mm&r=g","contentUrl":"https:\/\/secure.gravatar.com\/avatar\/94440c4283495211faa5300bf85e80061036b83fced868c3783aa1310b350d9c?s=96&d=mm&r=g","caption":"Edgar Rosas"},"description":"Editor en Jefe de Centro Urbano. Egresado de la maestr\u00eda en Periodismo Pol\u00edtico de la Escuela de Periodismo Carlos Septi\u00e9n Garc\u00eda (EPCSG). Estudi\u00f3 la licenciatura en Comunicaci\u00f3n en la Universidad Mexicana. Amante de la cr\u00f3nica y el reportaje. Admirador de Vicente Le\u00f1ero y Miguel \u00c1ngel Granados Chapa.","sameAs":["https:\/\/x.com\/https:\/\/twitter.com\/ERosasCU?s=09"],"url":"https:\/\/centrourbano.com\/revista\/author\/edgar-rosas\/"}]}},"_links":{"self":[{"href":"https:\/\/centrourbano.com\/revista\/wp-json\/wp\/v2\/posts\/50385","targetHints":{"allow":["GET"]}}],"collection":[{"href":"https:\/\/centrourbano.com\/revista\/wp-json\/wp\/v2\/posts"}],"about":[{"href":"https:\/\/centrourbano.com\/revista\/wp-json\/wp\/v2\/types\/post"}],"author":[{"embeddable":true,"href":"https:\/\/centrourbano.com\/revista\/wp-json\/wp\/v2\/users\/47"}],"replies":[{"embeddable":true,"href":"https:\/\/centrourbano.com\/revista\/wp-json\/wp\/v2\/comments?post=50385"}],"version-history":[{"count":0,"href":"https:\/\/centrourbano.com\/revista\/wp-json\/wp\/v2\/posts\/50385\/revisions"}],"wp:featuredmedia":[{"embeddable":true,"href":"https:\/\/centrourbano.com\/revista\/wp-json\/wp\/v2\/media\/3558"}],"wp:attachment":[{"href":"https:\/\/centrourbano.com\/revista\/wp-json\/wp\/v2\/media?parent=50385"}],"wp:term":[{"taxonomy":"category","embeddable":true,"href":"https:\/\/centrourbano.com\/revista\/wp-json\/wp\/v2\/categories?post=50385"},{"taxonomy":"post_tag","embeddable":true,"href":"https:\/\/centrourbano.com\/revista\/wp-json\/wp\/v2\/tags?post=50385"}],"curies":[{"name":"wp","href":"https:\/\/api.w.org\/{rel}","templated":true}]}}