{"id":50358,"date":"2017-03-14T16:56:39","date_gmt":"2017-03-14T22:56:39","guid":{"rendered":"https:\/\/centrourbano.com\/?p=50358"},"modified":"2017-03-14T16:58:18","modified_gmt":"2017-03-14T22:58:18","slug":"tenemos-oportunidad-historica-construir-ciudad-ludlow","status":"publish","type":"post","link":"https:\/\/centrourbano.com\/revista\/urbanismo\/tenemos-oportunidad-historica-construir-ciudad-ludlow\/","title":{"rendered":"Tenemos oportunidad hist\u00f3rica para construir ciudad: Ludlow"},"content":{"rendered":"<p><em>La presidenta de la Comisi\u00f3n de Vivienda inaugur\u00f3 el Foro \u201cReflexiones en torno a la verdadera riqueza de la Ciudad de M\u00e9xico. Construyendo una Agenda Urbana\u201d<\/em><!--more--><\/p>\n<p>Tenemos una oportunidad hist\u00f3rica de sentar las bases que permitan construir la ciudad que queremos, asegur\u00f3 Dunia Ludlow, presidenta de la Comisi\u00f3n de Vivienda en la Asamblea Legislativa del Distrito Federal (ALDF). <\/p>\n<p>Al inaugurar el Foro \u201cReflexiones en torno a la verdadera riqueza de la Ciudad de M\u00e9xico. Construyendo una Agenda Urbana\u201d, la diputada subray\u00f3 la importancia de construir ciudad a partir de la participaci\u00f3n de todos. Record\u00f3 que a la fecha el reto no es menor, pues la tendencia se dirige a la concentraci\u00f3n de la poblaci\u00f3n en las ciudades. <\/p>\n<p>\u201cEn Am\u00e9rica Latina, el 75% de la poblaci\u00f3n habita en ciudades. La Ciudad de M\u00e9xico no detendr\u00e1 su crecimiento exponencial y ante esta circunstancia son necesarios espacios de discusi\u00f3n como este Foro, en los cuales se discuta la nueva agenda urbana\u201d, dijo. <\/p>\n<p>La legisladora subray\u00f3 que la capital del pa\u00eds atraviesa un momento inmejorable, pues est\u00e1 en puerta la discusi\u00f3n y aprobaci\u00f3n del Programa General de Desarrollo Urbano (PGDU) as\u00ed como el dise\u00f1o de leyes complementarias que derivan de la Constituci\u00f3n. <\/p>\n<p>\u201cEs decir, tenemos oportunidad de ahora s\u00ed profundizar en los temas que son relevantes para la ciudad, para dejar la maquinaria que hace ciudad, trabajando como un perfecto sistema. Y poner un alto a las ocurrencias que sobredensifican sin pensar en transporte p\u00fablico, o que fomentan el uso desproporcionados del autom\u00f3vil\u201d, destac\u00f3. <\/p>\n<p>La diputada a\u00f1adi\u00f3 que entre los problemas a resolver en la ciudad se encuentra: la vivienda para j\u00f3venes, el desarrollo no planeado, la falta de servicios, el desorden en la movilidad, as\u00ed como el financiamiento de los diferentes programas sociales para los habitantes de la urbe. <\/p>\n<p>\u201cPor eso la relevancia de este foro y de los muchos m\u00e1s talleres, seminarios, conferencias que se han venido organizando para poder construir una agenda urbana, no improvisada, ordenada. Y que ya lleva un camino importante\u201d, a\u00f1adi\u00f3. <\/p>\n","protected":false},"excerpt":{"rendered":"<p>La presidenta de la Comisi\u00f3n de Vivienda inaugur\u00f3 el Foro \u201cReflexiones en torno a la verdadera riqueza de la Ciudad de M\u00e9xico. Construyendo una Agenda Urbana\u201d<\/p>\n","protected":false},"author":47,"featured_media":50360,"comment_status":"open","ping_status":"closed","sticky":false,"template":"","format":"standard","meta":{"om_disable_all_campaigns":false,"inline_featured_image":false,"_monsterinsights_skip_tracking":false,"_monsterinsights_sitenote_active":false,"_monsterinsights_sitenote_note":"","_monsterinsights_sitenote_category":0,"footnotes":""},"categories":[82],"tags":[5033,7929,9782],"class_list":["post-50358","post","type-post","status-publish","format-standard","has-post-thumbnail","hentry","category-urbanismo","tag-agenda-urbana","tag-dunia-ludlow-deloya","tag-reflexiones-en-torno-a-la-verdadera-riqueza-de-la-ciudad-de-mexico-construyendo-una-agenda-urbana"],"yoast_head":"<!-- This site is optimized with the Yoast SEO plugin v27.4 - https:\/\/yoast.com\/product\/yoast-seo-wordpress\/ -->\n<title>Tenemos oportunidad hist\u00f3rica para construir ciudad: Ludlow -<\/title>\n<meta name=\"description\" content=\"Tenemos una oportunidad hist\u00f3rica de sentar las bases que permitan construir la ciudad que queremos, asegur\u00f3 Dunia Ludlow, presidenta de la Comisi\u00f3n de Vivienda en la Asamblea Legislativa del Distrito Federal (ALDF).\" \/>\n<meta name=\"robots\" content=\"index, follow, max-snippet:-1, max-image-preview:large, max-video-preview:-1\" \/>\n<link rel=\"canonical\" href=\"https:\/\/centrourbano.com\/revista\/urbanismo\/tenemos-oportunidad-historica-construir-ciudad-ludlow\/\" \/>\n<meta property=\"og:locale\" content=\"es_ES\" \/>\n<meta property=\"og:type\" content=\"article\" \/>\n<meta property=\"og:title\" content=\"Tenemos oportunidad hist\u00f3rica para construir ciudad: Ludlow -\" \/>\n<meta property=\"og:description\" content=\"Tenemos una oportunidad hist\u00f3rica de sentar las bases que permitan construir la ciudad que queremos, asegur\u00f3 Dunia Ludlow, presidenta de la Comisi\u00f3n de Vivienda en la Asamblea Legislativa del Distrito Federal (ALDF).\" \/>\n<meta property=\"og:url\" content=\"https:\/\/centrourbano.com\/revista\/urbanismo\/tenemos-oportunidad-historica-construir-ciudad-ludlow\/\" \/>\n<meta property=\"og:site_name\" content=\"Centro Urbano\" \/>\n<meta property=\"article:publisher\" content=\"https:\/\/www.facebook.com\/portalcentrourbano\" \/>\n<meta property=\"article:published_time\" content=\"2017-03-14T22:56:39+00:00\" \/>\n<meta property=\"article:modified_time\" content=\"2017-03-14T22:58:18+00:00\" \/>\n<meta property=\"og:image\" content=\"https:\/\/centrourbano.com\/revista\/wp-content\/uploads\/ForoAgendaUrbana_CentroUrbano.jpeg\" \/>\n\t<meta property=\"og:image:width\" content=\"800\" \/>\n\t<meta property=\"og:image:height\" content=\"600\" \/>\n\t<meta property=\"og:image:type\" content=\"image\/jpeg\" \/>\n<meta name=\"author\" content=\"Edgar Rosas\" \/>\n<meta name=\"twitter:card\" content=\"summary_large_image\" \/>\n<meta name=\"twitter:creator\" content=\"@https:\/\/twitter.com\/ERosasCU?s=09\" \/>\n<meta name=\"twitter:site\" content=\"@CentroUrbano\" \/>\n<meta name=\"twitter:label1\" content=\"Escrito por\" \/>\n\t<meta name=\"twitter:data1\" content=\"Edgar Rosas\" \/>\n\t<meta name=\"twitter:label2\" content=\"Tiempo de lectura\" \/>\n\t<meta name=\"twitter:data2\" content=\"2 minutos\" \/>\n<script type=\"application\/ld+json\" class=\"yoast-schema-graph\">{\"@context\":\"https:\\\/\\\/schema.org\",\"@graph\":[{\"@type\":\"Article\",\"@id\":\"https:\\\/\\\/centrourbano.com\\\/revista\\\/urbanismo\\\/tenemos-oportunidad-historica-construir-ciudad-ludlow\\\/#article\",\"isPartOf\":{\"@id\":\"https:\\\/\\\/centrourbano.com\\\/revista\\\/urbanismo\\\/tenemos-oportunidad-historica-construir-ciudad-ludlow\\\/\"},\"author\":{\"name\":\"Edgar Rosas\",\"@id\":\"https:\\\/\\\/centrourbano.com\\\/revista\\\/#\\\/schema\\\/person\\\/ff3c00651ce5b1630479d2cd0c2e3ac0\"},\"headline\":\"Tenemos oportunidad hist\u00f3rica para construir ciudad: Ludlow\",\"datePublished\":\"2017-03-14T22:56:39+00:00\",\"dateModified\":\"2017-03-14T22:58:18+00:00\",\"mainEntityOfPage\":{\"@id\":\"https:\\\/\\\/centrourbano.com\\\/revista\\\/urbanismo\\\/tenemos-oportunidad-historica-construir-ciudad-ludlow\\\/\"},\"wordCount\":363,\"commentCount\":0,\"publisher\":{\"@id\":\"https:\\\/\\\/centrourbano.com\\\/revista\\\/#organization\"},\"image\":{\"@id\":\"https:\\\/\\\/centrourbano.com\\\/revista\\\/urbanismo\\\/tenemos-oportunidad-historica-construir-ciudad-ludlow\\\/#primaryimage\"},\"thumbnailUrl\":\"https:\\\/\\\/centrourbano.com\\\/revista\\\/wp-content\\\/uploads\\\/ForoAgendaUrbana_CentroUrbano.jpeg\",\"keywords\":[\"Agenda Urbana\",\"Dunia Ludlow Deloya\",\"Reflexiones en torno a la verdadera riqueza de la Ciudad de M\u00e9xico. Construyendo una Agenda Urbana\"],\"articleSection\":[\"Urbanismo\"],\"inLanguage\":\"es\",\"potentialAction\":[{\"@type\":\"CommentAction\",\"name\":\"Comment\",\"target\":[\"https:\\\/\\\/centrourbano.com\\\/revista\\\/urbanismo\\\/tenemos-oportunidad-historica-construir-ciudad-ludlow\\\/#respond\"]}]},{\"@type\":\"WebPage\",\"@id\":\"https:\\\/\\\/centrourbano.com\\\/revista\\\/urbanismo\\\/tenemos-oportunidad-historica-construir-ciudad-ludlow\\\/\",\"url\":\"https:\\\/\\\/centrourbano.com\\\/revista\\\/urbanismo\\\/tenemos-oportunidad-historica-construir-ciudad-ludlow\\\/\",\"name\":\"Tenemos oportunidad hist\u00f3rica para construir ciudad: Ludlow -\",\"isPartOf\":{\"@id\":\"https:\\\/\\\/centrourbano.com\\\/revista\\\/#website\"},\"primaryImageOfPage\":{\"@id\":\"https:\\\/\\\/centrourbano.com\\\/revista\\\/urbanismo\\\/tenemos-oportunidad-historica-construir-ciudad-ludlow\\\/#primaryimage\"},\"image\":{\"@id\":\"https:\\\/\\\/centrourbano.com\\\/revista\\\/urbanismo\\\/tenemos-oportunidad-historica-construir-ciudad-ludlow\\\/#primaryimage\"},\"thumbnailUrl\":\"https:\\\/\\\/centrourbano.com\\\/revista\\\/wp-content\\\/uploads\\\/ForoAgendaUrbana_CentroUrbano.jpeg\",\"datePublished\":\"2017-03-14T22:56:39+00:00\",\"dateModified\":\"2017-03-14T22:58:18+00:00\",\"description\":\"Tenemos una oportunidad hist\u00f3rica de sentar las bases que permitan construir la ciudad que queremos, asegur\u00f3 Dunia Ludlow, presidenta de la Comisi\u00f3n de Vivienda en la Asamblea Legislativa del Distrito Federal (ALDF).\",\"breadcrumb\":{\"@id\":\"https:\\\/\\\/centrourbano.com\\\/revista\\\/urbanismo\\\/tenemos-oportunidad-historica-construir-ciudad-ludlow\\\/#breadcrumb\"},\"inLanguage\":\"es\",\"potentialAction\":[{\"@type\":\"ReadAction\",\"target\":[\"https:\\\/\\\/centrourbano.com\\\/revista\\\/urbanismo\\\/tenemos-oportunidad-historica-construir-ciudad-ludlow\\\/\"]}]},{\"@type\":\"ImageObject\",\"inLanguage\":\"es\",\"@id\":\"https:\\\/\\\/centrourbano.com\\\/revista\\\/urbanismo\\\/tenemos-oportunidad-historica-construir-ciudad-ludlow\\\/#primaryimage\",\"url\":\"https:\\\/\\\/centrourbano.com\\\/revista\\\/wp-content\\\/uploads\\\/ForoAgendaUrbana_CentroUrbano.jpeg\",\"contentUrl\":\"https:\\\/\\\/centrourbano.com\\\/revista\\\/wp-content\\\/uploads\\\/ForoAgendaUrbana_CentroUrbano.jpeg\",\"width\":800,\"height\":600,\"caption\":\"La presidenta de la Comisi\u00f3n de Vivienda in augur\u00f3 el Foro \u201cReflexiones en torno a la verdadera riqueza de la Ciudad de M\u00e9xico. Construyendo una Agenda Urbana\u201d\"},{\"@type\":\"BreadcrumbList\",\"@id\":\"https:\\\/\\\/centrourbano.com\\\/revista\\\/urbanismo\\\/tenemos-oportunidad-historica-construir-ciudad-ludlow\\\/#breadcrumb\",\"itemListElement\":[{\"@type\":\"ListItem\",\"position\":1,\"name\":\"Portada\",\"item\":\"https:\\\/\\\/centrourbano.com\\\/revista\\\/\"},{\"@type\":\"ListItem\",\"position\":2,\"name\":\"Tenemos oportunidad hist\u00f3rica para construir ciudad: Ludlow\"}]},{\"@type\":\"WebSite\",\"@id\":\"https:\\\/\\\/centrourbano.com\\\/revista\\\/#website\",\"url\":\"https:\\\/\\\/centrourbano.com\\\/revista\\\/\",\"name\":\"Centro Urbano\",\"description\":\"Medio especializado en los sectores vivienda, inmobiliario, construcci\u00f3n, arquitectura y urbanismo.\",\"publisher\":{\"@id\":\"https:\\\/\\\/centrourbano.com\\\/revista\\\/#organization\"},\"potentialAction\":[{\"@type\":\"SearchAction\",\"target\":{\"@type\":\"EntryPoint\",\"urlTemplate\":\"https:\\\/\\\/centrourbano.com\\\/revista\\\/?s={search_term_string}\"},\"query-input\":{\"@type\":\"PropertyValueSpecification\",\"valueRequired\":true,\"valueName\":\"search_term_string\"}}],\"inLanguage\":\"es\"},{\"@type\":\"Organization\",\"@id\":\"https:\\\/\\\/centrourbano.com\\\/revista\\\/#organization\",\"name\":\"Centro Urbano\",\"url\":\"https:\\\/\\\/centrourbano.com\\\/revista\\\/\",\"logo\":{\"@type\":\"ImageObject\",\"inLanguage\":\"es\",\"@id\":\"https:\\\/\\\/centrourbano.com\\\/revista\\\/#\\\/schema\\\/logo\\\/image\\\/\",\"url\":\"https:\\\/\\\/centrourbano.com\\\/revista\\\/wp-content\\\/uploads\\\/web_CU_logo-1.png\",\"contentUrl\":\"https:\\\/\\\/centrourbano.com\\\/revista\\\/wp-content\\\/uploads\\\/web_CU_logo-1.png\",\"width\":350,\"height\":91,\"caption\":\"Centro Urbano\"},\"image\":{\"@id\":\"https:\\\/\\\/centrourbano.com\\\/revista\\\/#\\\/schema\\\/logo\\\/image\\\/\"},\"sameAs\":[\"https:\\\/\\\/www.facebook.com\\\/portalcentrourbano\",\"https:\\\/\\\/x.com\\\/CentroUrbano\",\"https:\\\/\\\/www.instagram.com\\\/centro_urbano\\\/\",\"https:\\\/\\\/www.linkedin.com\\\/company\\\/centro-urbano\\\/\",\"http:\\\/\\\/www.youtube.com\\\/user\\\/portalcentrourbano\"]},{\"@type\":\"Person\",\"@id\":\"https:\\\/\\\/centrourbano.com\\\/revista\\\/#\\\/schema\\\/person\\\/ff3c00651ce5b1630479d2cd0c2e3ac0\",\"name\":\"Edgar Rosas\",\"image\":{\"@type\":\"ImageObject\",\"inLanguage\":\"es\",\"@id\":\"https:\\\/\\\/secure.gravatar.com\\\/avatar\\\/94440c4283495211faa5300bf85e80061036b83fced868c3783aa1310b350d9c?s=96&d=mm&r=g\",\"url\":\"https:\\\/\\\/secure.gravatar.com\\\/avatar\\\/94440c4283495211faa5300bf85e80061036b83fced868c3783aa1310b350d9c?s=96&d=mm&r=g\",\"contentUrl\":\"https:\\\/\\\/secure.gravatar.com\\\/avatar\\\/94440c4283495211faa5300bf85e80061036b83fced868c3783aa1310b350d9c?s=96&d=mm&r=g\",\"caption\":\"Edgar Rosas\"},\"description\":\"Editor en Jefe de Centro Urbano. Egresado de la maestr\u00eda en Periodismo Pol\u00edtico de la Escuela de Periodismo Carlos Septi\u00e9n Garc\u00eda (EPCSG). Estudi\u00f3 la licenciatura en Comunicaci\u00f3n en la Universidad Mexicana. Amante de la cr\u00f3nica y el reportaje. Admirador de Vicente Le\u00f1ero y Miguel \u00c1ngel Granados Chapa.\",\"sameAs\":[\"https:\\\/\\\/x.com\\\/https:\\\/\\\/twitter.com\\\/ERosasCU?s=09\"],\"url\":\"https:\\\/\\\/centrourbano.com\\\/revista\\\/author\\\/edgar-rosas\\\/\"}]}<\/script>\n<!-- \/ Yoast SEO plugin. -->","yoast_head_json":{"title":"Tenemos oportunidad hist\u00f3rica para construir ciudad: Ludlow -","description":"Tenemos una oportunidad hist\u00f3rica de sentar las bases que permitan construir la ciudad que queremos, asegur\u00f3 Dunia Ludlow, presidenta de la Comisi\u00f3n de Vivienda en la Asamblea Legislativa del Distrito Federal (ALDF).","robots":{"index":"index","follow":"follow","max-snippet":"max-snippet:-1","max-image-preview":"max-image-preview:large","max-video-preview":"max-video-preview:-1"},"canonical":"https:\/\/centrourbano.com\/revista\/urbanismo\/tenemos-oportunidad-historica-construir-ciudad-ludlow\/","og_locale":"es_ES","og_type":"article","og_title":"Tenemos oportunidad hist\u00f3rica para construir ciudad: Ludlow -","og_description":"Tenemos una oportunidad hist\u00f3rica de sentar las bases que permitan construir la ciudad que queremos, asegur\u00f3 Dunia Ludlow, presidenta de la Comisi\u00f3n de Vivienda en la Asamblea Legislativa del Distrito Federal (ALDF).","og_url":"https:\/\/centrourbano.com\/revista\/urbanismo\/tenemos-oportunidad-historica-construir-ciudad-ludlow\/","og_site_name":"Centro Urbano","article_publisher":"https:\/\/www.facebook.com\/portalcentrourbano","article_published_time":"2017-03-14T22:56:39+00:00","article_modified_time":"2017-03-14T22:58:18+00:00","og_image":[{"width":800,"height":600,"url":"https:\/\/centrourbano.com\/revista\/wp-content\/uploads\/ForoAgendaUrbana_CentroUrbano.jpeg","type":"image\/jpeg"}],"author":"Edgar Rosas","twitter_card":"summary_large_image","twitter_creator":"@https:\/\/twitter.com\/ERosasCU?s=09","twitter_site":"@CentroUrbano","twitter_misc":{"Escrito por":"Edgar Rosas","Tiempo de lectura":"2 minutos"},"schema":{"@context":"https:\/\/schema.org","@graph":[{"@type":"Article","@id":"https:\/\/centrourbano.com\/revista\/urbanismo\/tenemos-oportunidad-historica-construir-ciudad-ludlow\/#article","isPartOf":{"@id":"https:\/\/centrourbano.com\/revista\/urbanismo\/tenemos-oportunidad-historica-construir-ciudad-ludlow\/"},"author":{"name":"Edgar Rosas","@id":"https:\/\/centrourbano.com\/revista\/#\/schema\/person\/ff3c00651ce5b1630479d2cd0c2e3ac0"},"headline":"Tenemos oportunidad hist\u00f3rica para construir ciudad: Ludlow","datePublished":"2017-03-14T22:56:39+00:00","dateModified":"2017-03-14T22:58:18+00:00","mainEntityOfPage":{"@id":"https:\/\/centrourbano.com\/revista\/urbanismo\/tenemos-oportunidad-historica-construir-ciudad-ludlow\/"},"wordCount":363,"commentCount":0,"publisher":{"@id":"https:\/\/centrourbano.com\/revista\/#organization"},"image":{"@id":"https:\/\/centrourbano.com\/revista\/urbanismo\/tenemos-oportunidad-historica-construir-ciudad-ludlow\/#primaryimage"},"thumbnailUrl":"https:\/\/centrourbano.com\/revista\/wp-content\/uploads\/ForoAgendaUrbana_CentroUrbano.jpeg","keywords":["Agenda Urbana","Dunia Ludlow Deloya","Reflexiones en torno a la verdadera riqueza de la Ciudad de M\u00e9xico. Construyendo una Agenda Urbana"],"articleSection":["Urbanismo"],"inLanguage":"es","potentialAction":[{"@type":"CommentAction","name":"Comment","target":["https:\/\/centrourbano.com\/revista\/urbanismo\/tenemos-oportunidad-historica-construir-ciudad-ludlow\/#respond"]}]},{"@type":"WebPage","@id":"https:\/\/centrourbano.com\/revista\/urbanismo\/tenemos-oportunidad-historica-construir-ciudad-ludlow\/","url":"https:\/\/centrourbano.com\/revista\/urbanismo\/tenemos-oportunidad-historica-construir-ciudad-ludlow\/","name":"Tenemos oportunidad hist\u00f3rica para construir ciudad: Ludlow -","isPartOf":{"@id":"https:\/\/centrourbano.com\/revista\/#website"},"primaryImageOfPage":{"@id":"https:\/\/centrourbano.com\/revista\/urbanismo\/tenemos-oportunidad-historica-construir-ciudad-ludlow\/#primaryimage"},"image":{"@id":"https:\/\/centrourbano.com\/revista\/urbanismo\/tenemos-oportunidad-historica-construir-ciudad-ludlow\/#primaryimage"},"thumbnailUrl":"https:\/\/centrourbano.com\/revista\/wp-content\/uploads\/ForoAgendaUrbana_CentroUrbano.jpeg","datePublished":"2017-03-14T22:56:39+00:00","dateModified":"2017-03-14T22:58:18+00:00","description":"Tenemos una oportunidad hist\u00f3rica de sentar las bases que permitan construir la ciudad que queremos, asegur\u00f3 Dunia Ludlow, presidenta de la Comisi\u00f3n de Vivienda en la Asamblea Legislativa del Distrito Federal (ALDF).","breadcrumb":{"@id":"https:\/\/centrourbano.com\/revista\/urbanismo\/tenemos-oportunidad-historica-construir-ciudad-ludlow\/#breadcrumb"},"inLanguage":"es","potentialAction":[{"@type":"ReadAction","target":["https:\/\/centrourbano.com\/revista\/urbanismo\/tenemos-oportunidad-historica-construir-ciudad-ludlow\/"]}]},{"@type":"ImageObject","inLanguage":"es","@id":"https:\/\/centrourbano.com\/revista\/urbanismo\/tenemos-oportunidad-historica-construir-ciudad-ludlow\/#primaryimage","url":"https:\/\/centrourbano.com\/revista\/wp-content\/uploads\/ForoAgendaUrbana_CentroUrbano.jpeg","contentUrl":"https:\/\/centrourbano.com\/revista\/wp-content\/uploads\/ForoAgendaUrbana_CentroUrbano.jpeg","width":800,"height":600,"caption":"La presidenta de la Comisi\u00f3n de Vivienda in augur\u00f3 el Foro \u201cReflexiones en torno a la verdadera riqueza de la Ciudad de M\u00e9xico. Construyendo una Agenda Urbana\u201d"},{"@type":"BreadcrumbList","@id":"https:\/\/centrourbano.com\/revista\/urbanismo\/tenemos-oportunidad-historica-construir-ciudad-ludlow\/#breadcrumb","itemListElement":[{"@type":"ListItem","position":1,"name":"Portada","item":"https:\/\/centrourbano.com\/revista\/"},{"@type":"ListItem","position":2,"name":"Tenemos oportunidad hist\u00f3rica para construir ciudad: Ludlow"}]},{"@type":"WebSite","@id":"https:\/\/centrourbano.com\/revista\/#website","url":"https:\/\/centrourbano.com\/revista\/","name":"Centro Urbano","description":"Medio especializado en los sectores vivienda, inmobiliario, construcci\u00f3n, arquitectura y urbanismo.","publisher":{"@id":"https:\/\/centrourbano.com\/revista\/#organization"},"potentialAction":[{"@type":"SearchAction","target":{"@type":"EntryPoint","urlTemplate":"https:\/\/centrourbano.com\/revista\/?s={search_term_string}"},"query-input":{"@type":"PropertyValueSpecification","valueRequired":true,"valueName":"search_term_string"}}],"inLanguage":"es"},{"@type":"Organization","@id":"https:\/\/centrourbano.com\/revista\/#organization","name":"Centro Urbano","url":"https:\/\/centrourbano.com\/revista\/","logo":{"@type":"ImageObject","inLanguage":"es","@id":"https:\/\/centrourbano.com\/revista\/#\/schema\/logo\/image\/","url":"https:\/\/centrourbano.com\/revista\/wp-content\/uploads\/web_CU_logo-1.png","contentUrl":"https:\/\/centrourbano.com\/revista\/wp-content\/uploads\/web_CU_logo-1.png","width":350,"height":91,"caption":"Centro Urbano"},"image":{"@id":"https:\/\/centrourbano.com\/revista\/#\/schema\/logo\/image\/"},"sameAs":["https:\/\/www.facebook.com\/portalcentrourbano","https:\/\/x.com\/CentroUrbano","https:\/\/www.instagram.com\/centro_urbano\/","https:\/\/www.linkedin.com\/company\/centro-urbano\/","http:\/\/www.youtube.com\/user\/portalcentrourbano"]},{"@type":"Person","@id":"https:\/\/centrourbano.com\/revista\/#\/schema\/person\/ff3c00651ce5b1630479d2cd0c2e3ac0","name":"Edgar Rosas","image":{"@type":"ImageObject","inLanguage":"es","@id":"https:\/\/secure.gravatar.com\/avatar\/94440c4283495211faa5300bf85e80061036b83fced868c3783aa1310b350d9c?s=96&d=mm&r=g","url":"https:\/\/secure.gravatar.com\/avatar\/94440c4283495211faa5300bf85e80061036b83fced868c3783aa1310b350d9c?s=96&d=mm&r=g","contentUrl":"https:\/\/secure.gravatar.com\/avatar\/94440c4283495211faa5300bf85e80061036b83fced868c3783aa1310b350d9c?s=96&d=mm&r=g","caption":"Edgar Rosas"},"description":"Editor en Jefe de Centro Urbano. Egresado de la maestr\u00eda en Periodismo Pol\u00edtico de la Escuela de Periodismo Carlos Septi\u00e9n Garc\u00eda (EPCSG). Estudi\u00f3 la licenciatura en Comunicaci\u00f3n en la Universidad Mexicana. Amante de la cr\u00f3nica y el reportaje. Admirador de Vicente Le\u00f1ero y Miguel \u00c1ngel Granados Chapa.","sameAs":["https:\/\/x.com\/https:\/\/twitter.com\/ERosasCU?s=09"],"url":"https:\/\/centrourbano.com\/revista\/author\/edgar-rosas\/"}]}},"_links":{"self":[{"href":"https:\/\/centrourbano.com\/revista\/wp-json\/wp\/v2\/posts\/50358","targetHints":{"allow":["GET"]}}],"collection":[{"href":"https:\/\/centrourbano.com\/revista\/wp-json\/wp\/v2\/posts"}],"about":[{"href":"https:\/\/centrourbano.com\/revista\/wp-json\/wp\/v2\/types\/post"}],"author":[{"embeddable":true,"href":"https:\/\/centrourbano.com\/revista\/wp-json\/wp\/v2\/users\/47"}],"replies":[{"embeddable":true,"href":"https:\/\/centrourbano.com\/revista\/wp-json\/wp\/v2\/comments?post=50358"}],"version-history":[{"count":0,"href":"https:\/\/centrourbano.com\/revista\/wp-json\/wp\/v2\/posts\/50358\/revisions"}],"wp:featuredmedia":[{"embeddable":true,"href":"https:\/\/centrourbano.com\/revista\/wp-json\/wp\/v2\/media\/50360"}],"wp:attachment":[{"href":"https:\/\/centrourbano.com\/revista\/wp-json\/wp\/v2\/media?parent=50358"}],"wp:term":[{"taxonomy":"category","embeddable":true,"href":"https:\/\/centrourbano.com\/revista\/wp-json\/wp\/v2\/categories?post=50358"},{"taxonomy":"post_tag","embeddable":true,"href":"https:\/\/centrourbano.com\/revista\/wp-json\/wp\/v2\/tags?post=50358"}],"curies":[{"name":"wp","href":"https:\/\/api.w.org\/{rel}","templated":true}]}}