{"id":50342,"date":"2017-03-14T12:19:07","date_gmt":"2017-03-14T18:19:07","guid":{"rendered":"https:\/\/centrourbano.com\/?p=50342"},"modified":"2017-03-14T12:23:12","modified_gmt":"2017-03-14T18:23:12","slug":"anuncian-plan-maestro-bosque-chapultepec","status":"publish","type":"post","link":"https:\/\/centrourbano.com\/revista\/urbanismo\/anuncian-plan-maestro-bosque-chapultepec\/","title":{"rendered":"Anuncian Plan Maestro para el Bosque de Chapultepec"},"content":{"rendered":"<p><strong><em>Este proyecto est\u00e1 enfocado a la tercera secci\u00f3n y\u00a0permite dar seguimiento a los procesos de uso y conservaci\u00f3n de su infraestructura<\/em><\/strong><!--more--><\/p>\n<p>El Gobierno de la Ciudad de M\u00e9xico, a trav\u00e9s de la Secretar\u00eda del Medio Ambiente capitalina (SEDEMA), en conjunto con el Fideicomiso Pro Bosque de Chapultepec y en coordinaci\u00f3n con el Consejo Rector Ciudadano del Bosque de Chapultepec elaboran el\u00a0Plan Maestro para la Tercera Secci\u00f3n de este sitio.<\/p>\n<p>El objetivo del Plan es procurar la preservaci\u00f3n, rehabilitaci\u00f3n y remodelaci\u00f3n del bosque para uso y disfrute de familias mexicanas, as\u00ed mismo, el anuncio de \u00e9ste, permite dar seguimiento a los procesos de uso y conservaci\u00f3n de su infraestructura.\u00a0Desde 2004 hasta la fecha se ha invertido m\u00e1s de 376,000,000 de pesos en diferentes obras de la Primera y Segunda Secci\u00f3n del Bosque de Chapultepec.<\/p>\n<p>Mario Schjetnan, dirige este proyecto y cuenta con el apoyo de un grupo interdisciplinario de cient\u00edficos, especialistas y conservacionistas. El Plan Maestro, arrojar\u00e1 un diagn\u00f3stico claro y propicio para trabajar en esta \u00e1rea y permitir\u00e1 marcar prioridades a partir del an\u00e1lisis de las condiciones y problemas existentes.<\/p>\n<p>Con ello, se definir\u00e1n acciones para el\u00a0ordenamiento y rehabilitaci\u00f3n del espacio, y restituir su equilibrio y valores ambiental y cultural y se\u00a0espera contar con \u00e9l en tres meses, aproximadamente, a partir del martes 13 de marzo.<\/p>\n<a href=\"https:\/\/centrourbano.com\/revista\/wp-content\/uploads\/130317-FOTO-SEDEMA-REHABILITACI\u00d3N-TERCERA-SECCI\u00d3N-DEL-BOSQUE-DE-CHAPULTEPEC-4.jpg\"><img loading=\"lazy\" decoding=\"async\" class=\" wp-image-50344 aligncenter\" src=\"https:\/\/centrourbano.com\/revista\/wp-content\/uploads\/130317-FOTO-SEDEMA-REHABILITACI\u00d3N-TERCERA-SECCI\u00d3N-DEL-BOSQUE-DE-CHAPULTEPEC-4-300x200.jpg\" alt=\"\" width=\"407\" height=\"271\" srcset=\"https:\/\/centrourbano.com\/revista\/wp-content\/uploads\/130317-FOTO-SEDEMA-REHABILITACI\u00d3N-TERCERA-SECCI\u00d3N-DEL-BOSQUE-DE-CHAPULTEPEC-4-300x200.jpg 300w, https:\/\/centrourbano.com\/revista\/wp-content\/uploads\/130317-FOTO-SEDEMA-REHABILITACI\u00d3N-TERCERA-SECCI\u00d3N-DEL-BOSQUE-DE-CHAPULTEPEC-4-1000x666.jpg 1000w, https:\/\/centrourbano.com\/revista\/wp-content\/uploads\/130317-FOTO-SEDEMA-REHABILITACI\u00d3N-TERCERA-SECCI\u00d3N-DEL-BOSQUE-DE-CHAPULTEPEC-4-768x512.jpg 768w, https:\/\/centrourbano.com\/revista\/wp-content\/uploads\/130317-FOTO-SEDEMA-REHABILITACI\u00d3N-TERCERA-SECCI\u00d3N-DEL-BOSQUE-DE-CHAPULTEPEC-4.jpg 1280w\" sizes=\"auto, (max-width: 407px) 100vw, 407px\" \/><\/a>\n<p><strong>Sobre el Bosque de Chapultepec<\/strong><\/p>\n<ul>\n<li>Cuenta con m\u00e1s de 686 hect\u00e1reas es el pulm\u00f3n verde m\u00e1s importante de la Ciudad de M\u00e9xico.<\/li>\n<li>Chapultepec es el bosque m\u00e1s antiguo de Am\u00e9rica y uno de los de mayor tradici\u00f3n en el mundo.<\/li>\n<li>Ah\u00ed se ha tejido parte fundamental de la historia de M\u00e9xico: Nezahualc\u00f3yotl, Moctezuma, Hern\u00e1n Cort\u00e9s, Maximiliano, Porfirio D\u00edaz y L\u00e1zaro C\u00e1rdenas son algunos de los personajes vinculados directamente a su historia.<\/li>\n<li>El Bosque de Chapultepec es el coraz\u00f3n cultural de la ciudad, pues ah\u00ed se encuentran siete de los m\u00e1s importantes museos del pa\u00eds.<\/li>\n<li>Es visitado por 19 millones de personas al a\u00f1o.<\/li>\n<\/ul>\n<p>&nbsp;<\/p>\n","protected":false},"excerpt":{"rendered":"<p>Este proyecto est\u00e1 enfocado a la tercera secci\u00f3n y\u00a0permite dar seguimiento a los procesos de uso y conservaci\u00f3n de su infraestructura<\/p>\n","protected":false},"author":48,"featured_media":50343,"comment_status":"open","ping_status":"closed","sticky":false,"template":"","format":"standard","meta":{"om_disable_all_campaigns":false,"inline_featured_image":false,"_monsterinsights_skip_tracking":false,"_monsterinsights_sitenote_active":false,"_monsterinsights_sitenote_note":"","_monsterinsights_sitenote_category":0,"footnotes":""},"categories":[82],"tags":[341,5394,747,167],"class_list":["post-50342","post","type-post","status-publish","format-standard","has-post-thumbnail","hentry","category-urbanismo","tag-chapultepec","tag-mario-schjetnan","tag-plan-maestro","tag-sedema"],"yoast_head":"<!-- This site is optimized with the Yoast SEO plugin v27.4 - https:\/\/yoast.com\/product\/yoast-seo-wordpress\/ -->\n<title>Anuncian Plan Maestro para el Bosque de Chapultepec -<\/title>\n<meta name=\"description\" content=\"Este proyecto est\u00e1 enfocado a la tercera secci\u00f3n y\u00a0permite dar seguimiento a los procesos de uso y conservaci\u00f3n de su infraestructura El Gobierno de la\" \/>\n<meta name=\"robots\" content=\"index, follow, max-snippet:-1, max-image-preview:large, max-video-preview:-1\" \/>\n<link rel=\"canonical\" href=\"https:\/\/centrourbano.com\/revista\/urbanismo\/anuncian-plan-maestro-bosque-chapultepec\/\" \/>\n<meta property=\"og:locale\" content=\"es_ES\" \/>\n<meta property=\"og:type\" content=\"article\" \/>\n<meta property=\"og:title\" content=\"Anuncian Plan Maestro para el Bosque de Chapultepec -\" \/>\n<meta property=\"og:description\" content=\"Este proyecto est\u00e1 enfocado a la tercera secci\u00f3n y\u00a0permite dar seguimiento a los procesos de uso y conservaci\u00f3n de su infraestructura El Gobierno de la\" \/>\n<meta property=\"og:url\" content=\"https:\/\/centrourbano.com\/revista\/urbanismo\/anuncian-plan-maestro-bosque-chapultepec\/\" \/>\n<meta property=\"og:site_name\" content=\"Centro Urbano\" \/>\n<meta property=\"article:publisher\" content=\"https:\/\/www.facebook.com\/portalcentrourbano\" \/>\n<meta property=\"article:published_time\" content=\"2017-03-14T18:19:07+00:00\" \/>\n<meta property=\"article:modified_time\" content=\"2017-03-14T18:23:12+00:00\" \/>\n<meta property=\"og:image\" content=\"https:\/\/centrourbano.com\/revista\/wp-content\/uploads\/tercera.jpg\" \/>\n\t<meta property=\"og:image:width\" content=\"360\" \/>\n\t<meta property=\"og:image:height\" content=\"225\" \/>\n\t<meta property=\"og:image:type\" content=\"image\/jpeg\" \/>\n<meta name=\"author\" content=\"Karen Romero\" \/>\n<meta name=\"twitter:card\" content=\"summary_large_image\" \/>\n<meta name=\"twitter:creator\" content=\"@CentroUrbano\" \/>\n<meta name=\"twitter:site\" content=\"@CentroUrbano\" \/>\n<meta name=\"twitter:label1\" content=\"Escrito por\" \/>\n\t<meta name=\"twitter:data1\" content=\"Karen Romero\" \/>\n\t<meta name=\"twitter:label2\" content=\"Tiempo de lectura\" \/>\n\t<meta name=\"twitter:data2\" content=\"2 minutos\" \/>\n<script type=\"application\/ld+json\" class=\"yoast-schema-graph\">{\"@context\":\"https:\\\/\\\/schema.org\",\"@graph\":[{\"@type\":\"Article\",\"@id\":\"https:\\\/\\\/centrourbano.com\\\/revista\\\/urbanismo\\\/anuncian-plan-maestro-bosque-chapultepec\\\/#article\",\"isPartOf\":{\"@id\":\"https:\\\/\\\/centrourbano.com\\\/revista\\\/urbanismo\\\/anuncian-plan-maestro-bosque-chapultepec\\\/\"},\"author\":{\"name\":\"Karen Romero\",\"@id\":\"https:\\\/\\\/centrourbano.com\\\/revista\\\/#\\\/schema\\\/person\\\/fabae71f13578ba90183557757e26fd6\"},\"headline\":\"Anuncian Plan Maestro para el Bosque de Chapultepec\",\"datePublished\":\"2017-03-14T18:19:07+00:00\",\"dateModified\":\"2017-03-14T18:23:12+00:00\",\"mainEntityOfPage\":{\"@id\":\"https:\\\/\\\/centrourbano.com\\\/revista\\\/urbanismo\\\/anuncian-plan-maestro-bosque-chapultepec\\\/\"},\"wordCount\":365,\"commentCount\":0,\"publisher\":{\"@id\":\"https:\\\/\\\/centrourbano.com\\\/revista\\\/#organization\"},\"image\":{\"@id\":\"https:\\\/\\\/centrourbano.com\\\/revista\\\/urbanismo\\\/anuncian-plan-maestro-bosque-chapultepec\\\/#primaryimage\"},\"thumbnailUrl\":\"https:\\\/\\\/centrourbano.com\\\/revista\\\/wp-content\\\/uploads\\\/tercera.jpg\",\"keywords\":[\"Chapultepec\",\"Mario Schjetnan\",\"Plan Maestro\",\"Sedema\"],\"articleSection\":[\"Urbanismo\"],\"inLanguage\":\"es\",\"potentialAction\":[{\"@type\":\"CommentAction\",\"name\":\"Comment\",\"target\":[\"https:\\\/\\\/centrourbano.com\\\/revista\\\/urbanismo\\\/anuncian-plan-maestro-bosque-chapultepec\\\/#respond\"]}]},{\"@type\":\"WebPage\",\"@id\":\"https:\\\/\\\/centrourbano.com\\\/revista\\\/urbanismo\\\/anuncian-plan-maestro-bosque-chapultepec\\\/\",\"url\":\"https:\\\/\\\/centrourbano.com\\\/revista\\\/urbanismo\\\/anuncian-plan-maestro-bosque-chapultepec\\\/\",\"name\":\"Anuncian Plan Maestro para el Bosque de Chapultepec -\",\"isPartOf\":{\"@id\":\"https:\\\/\\\/centrourbano.com\\\/revista\\\/#website\"},\"primaryImageOfPage\":{\"@id\":\"https:\\\/\\\/centrourbano.com\\\/revista\\\/urbanismo\\\/anuncian-plan-maestro-bosque-chapultepec\\\/#primaryimage\"},\"image\":{\"@id\":\"https:\\\/\\\/centrourbano.com\\\/revista\\\/urbanismo\\\/anuncian-plan-maestro-bosque-chapultepec\\\/#primaryimage\"},\"thumbnailUrl\":\"https:\\\/\\\/centrourbano.com\\\/revista\\\/wp-content\\\/uploads\\\/tercera.jpg\",\"datePublished\":\"2017-03-14T18:19:07+00:00\",\"dateModified\":\"2017-03-14T18:23:12+00:00\",\"description\":\"Este proyecto est\u00e1 enfocado a la tercera secci\u00f3n y\u00a0permite dar seguimiento a los procesos de uso y conservaci\u00f3n de su infraestructura El Gobierno de la\",\"breadcrumb\":{\"@id\":\"https:\\\/\\\/centrourbano.com\\\/revista\\\/urbanismo\\\/anuncian-plan-maestro-bosque-chapultepec\\\/#breadcrumb\"},\"inLanguage\":\"es\",\"potentialAction\":[{\"@type\":\"ReadAction\",\"target\":[\"https:\\\/\\\/centrourbano.com\\\/revista\\\/urbanismo\\\/anuncian-plan-maestro-bosque-chapultepec\\\/\"]}]},{\"@type\":\"ImageObject\",\"inLanguage\":\"es\",\"@id\":\"https:\\\/\\\/centrourbano.com\\\/revista\\\/urbanismo\\\/anuncian-plan-maestro-bosque-chapultepec\\\/#primaryimage\",\"url\":\"https:\\\/\\\/centrourbano.com\\\/revista\\\/wp-content\\\/uploads\\\/tercera.jpg\",\"contentUrl\":\"https:\\\/\\\/centrourbano.com\\\/revista\\\/wp-content\\\/uploads\\\/tercera.jpg\",\"width\":360,\"height\":225},{\"@type\":\"BreadcrumbList\",\"@id\":\"https:\\\/\\\/centrourbano.com\\\/revista\\\/urbanismo\\\/anuncian-plan-maestro-bosque-chapultepec\\\/#breadcrumb\",\"itemListElement\":[{\"@type\":\"ListItem\",\"position\":1,\"name\":\"Portada\",\"item\":\"https:\\\/\\\/centrourbano.com\\\/revista\\\/\"},{\"@type\":\"ListItem\",\"position\":2,\"name\":\"Anuncian Plan Maestro para el Bosque de Chapultepec\"}]},{\"@type\":\"WebSite\",\"@id\":\"https:\\\/\\\/centrourbano.com\\\/revista\\\/#website\",\"url\":\"https:\\\/\\\/centrourbano.com\\\/revista\\\/\",\"name\":\"Centro Urbano\",\"description\":\"Medio especializado en los sectores vivienda, inmobiliario, construcci\u00f3n, arquitectura y urbanismo.\",\"publisher\":{\"@id\":\"https:\\\/\\\/centrourbano.com\\\/revista\\\/#organization\"},\"potentialAction\":[{\"@type\":\"SearchAction\",\"target\":{\"@type\":\"EntryPoint\",\"urlTemplate\":\"https:\\\/\\\/centrourbano.com\\\/revista\\\/?s={search_term_string}\"},\"query-input\":{\"@type\":\"PropertyValueSpecification\",\"valueRequired\":true,\"valueName\":\"search_term_string\"}}],\"inLanguage\":\"es\"},{\"@type\":\"Organization\",\"@id\":\"https:\\\/\\\/centrourbano.com\\\/revista\\\/#organization\",\"name\":\"Centro Urbano\",\"url\":\"https:\\\/\\\/centrourbano.com\\\/revista\\\/\",\"logo\":{\"@type\":\"ImageObject\",\"inLanguage\":\"es\",\"@id\":\"https:\\\/\\\/centrourbano.com\\\/revista\\\/#\\\/schema\\\/logo\\\/image\\\/\",\"url\":\"https:\\\/\\\/centrourbano.com\\\/revista\\\/wp-content\\\/uploads\\\/web_CU_logo-1.png\",\"contentUrl\":\"https:\\\/\\\/centrourbano.com\\\/revista\\\/wp-content\\\/uploads\\\/web_CU_logo-1.png\",\"width\":350,\"height\":91,\"caption\":\"Centro Urbano\"},\"image\":{\"@id\":\"https:\\\/\\\/centrourbano.com\\\/revista\\\/#\\\/schema\\\/logo\\\/image\\\/\"},\"sameAs\":[\"https:\\\/\\\/www.facebook.com\\\/portalcentrourbano\",\"https:\\\/\\\/x.com\\\/CentroUrbano\",\"https:\\\/\\\/www.instagram.com\\\/centro_urbano\\\/\",\"https:\\\/\\\/www.linkedin.com\\\/company\\\/centro-urbano\\\/\",\"http:\\\/\\\/www.youtube.com\\\/user\\\/portalcentrourbano\"]},{\"@type\":\"Person\",\"@id\":\"https:\\\/\\\/centrourbano.com\\\/revista\\\/#\\\/schema\\\/person\\\/fabae71f13578ba90183557757e26fd6\",\"name\":\"Karen Romero\",\"image\":{\"@type\":\"ImageObject\",\"inLanguage\":\"es\",\"@id\":\"https:\\\/\\\/secure.gravatar.com\\\/avatar\\\/4bf369b19245debf8e54c1f2b5a8393db1fc34cb54c9e6c3cb4ef4ab65ab59c3?s=96&d=mm&r=g\",\"url\":\"https:\\\/\\\/secure.gravatar.com\\\/avatar\\\/4bf369b19245debf8e54c1f2b5a8393db1fc34cb54c9e6c3cb4ef4ab65ab59c3?s=96&d=mm&r=g\",\"contentUrl\":\"https:\\\/\\\/secure.gravatar.com\\\/avatar\\\/4bf369b19245debf8e54c1f2b5a8393db1fc34cb54c9e6c3cb4ef4ab65ab59c3?s=96&d=mm&r=g\",\"caption\":\"Karen Romero\"},\"description\":\"Egresada de la Escuela de Periodismo Carlos Septi\u00e9n Garc\u00eda, con un diplomado en Periodismo Econ\u00f3mico, por la misma instituci\u00f3n, con gusto por los medios impresos especializados y programas de radio. Coordinadora de informaci\u00f3n editorial de Centro Urbano y colaboradora para otros medios de comunicaci\u00f3n en el \u00e1rea de redacci\u00f3n y edici\u00f3n de video. Interesada por la investigaci\u00f3n y seguidora de temas hist\u00f3ricos, adem\u00e1s de tener cierta fascinaci\u00f3n por los temas paranormales. Le gusta leer, cantar, bailar, viajar y escuchar m\u00fasica.\",\"url\":\"https:\\\/\\\/centrourbano.com\\\/revista\\\/author\\\/karen-romero\\\/\"}]}<\/script>\n<!-- \/ Yoast SEO plugin. -->","yoast_head_json":{"title":"Anuncian Plan Maestro para el Bosque de Chapultepec -","description":"Este proyecto est\u00e1 enfocado a la tercera secci\u00f3n y\u00a0permite dar seguimiento a los procesos de uso y conservaci\u00f3n de su infraestructura El Gobierno de la","robots":{"index":"index","follow":"follow","max-snippet":"max-snippet:-1","max-image-preview":"max-image-preview:large","max-video-preview":"max-video-preview:-1"},"canonical":"https:\/\/centrourbano.com\/revista\/urbanismo\/anuncian-plan-maestro-bosque-chapultepec\/","og_locale":"es_ES","og_type":"article","og_title":"Anuncian Plan Maestro para el Bosque de Chapultepec -","og_description":"Este proyecto est\u00e1 enfocado a la tercera secci\u00f3n y\u00a0permite dar seguimiento a los procesos de uso y conservaci\u00f3n de su infraestructura El Gobierno de la","og_url":"https:\/\/centrourbano.com\/revista\/urbanismo\/anuncian-plan-maestro-bosque-chapultepec\/","og_site_name":"Centro Urbano","article_publisher":"https:\/\/www.facebook.com\/portalcentrourbano","article_published_time":"2017-03-14T18:19:07+00:00","article_modified_time":"2017-03-14T18:23:12+00:00","og_image":[{"width":360,"height":225,"url":"https:\/\/centrourbano.com\/revista\/wp-content\/uploads\/tercera.jpg","type":"image\/jpeg"}],"author":"Karen Romero","twitter_card":"summary_large_image","twitter_creator":"@CentroUrbano","twitter_site":"@CentroUrbano","twitter_misc":{"Escrito por":"Karen Romero","Tiempo de lectura":"2 minutos"},"schema":{"@context":"https:\/\/schema.org","@graph":[{"@type":"Article","@id":"https:\/\/centrourbano.com\/revista\/urbanismo\/anuncian-plan-maestro-bosque-chapultepec\/#article","isPartOf":{"@id":"https:\/\/centrourbano.com\/revista\/urbanismo\/anuncian-plan-maestro-bosque-chapultepec\/"},"author":{"name":"Karen Romero","@id":"https:\/\/centrourbano.com\/revista\/#\/schema\/person\/fabae71f13578ba90183557757e26fd6"},"headline":"Anuncian Plan Maestro para el Bosque de Chapultepec","datePublished":"2017-03-14T18:19:07+00:00","dateModified":"2017-03-14T18:23:12+00:00","mainEntityOfPage":{"@id":"https:\/\/centrourbano.com\/revista\/urbanismo\/anuncian-plan-maestro-bosque-chapultepec\/"},"wordCount":365,"commentCount":0,"publisher":{"@id":"https:\/\/centrourbano.com\/revista\/#organization"},"image":{"@id":"https:\/\/centrourbano.com\/revista\/urbanismo\/anuncian-plan-maestro-bosque-chapultepec\/#primaryimage"},"thumbnailUrl":"https:\/\/centrourbano.com\/revista\/wp-content\/uploads\/tercera.jpg","keywords":["Chapultepec","Mario Schjetnan","Plan Maestro","Sedema"],"articleSection":["Urbanismo"],"inLanguage":"es","potentialAction":[{"@type":"CommentAction","name":"Comment","target":["https:\/\/centrourbano.com\/revista\/urbanismo\/anuncian-plan-maestro-bosque-chapultepec\/#respond"]}]},{"@type":"WebPage","@id":"https:\/\/centrourbano.com\/revista\/urbanismo\/anuncian-plan-maestro-bosque-chapultepec\/","url":"https:\/\/centrourbano.com\/revista\/urbanismo\/anuncian-plan-maestro-bosque-chapultepec\/","name":"Anuncian Plan Maestro para el Bosque de Chapultepec -","isPartOf":{"@id":"https:\/\/centrourbano.com\/revista\/#website"},"primaryImageOfPage":{"@id":"https:\/\/centrourbano.com\/revista\/urbanismo\/anuncian-plan-maestro-bosque-chapultepec\/#primaryimage"},"image":{"@id":"https:\/\/centrourbano.com\/revista\/urbanismo\/anuncian-plan-maestro-bosque-chapultepec\/#primaryimage"},"thumbnailUrl":"https:\/\/centrourbano.com\/revista\/wp-content\/uploads\/tercera.jpg","datePublished":"2017-03-14T18:19:07+00:00","dateModified":"2017-03-14T18:23:12+00:00","description":"Este proyecto est\u00e1 enfocado a la tercera secci\u00f3n y\u00a0permite dar seguimiento a los procesos de uso y conservaci\u00f3n de su infraestructura El Gobierno de la","breadcrumb":{"@id":"https:\/\/centrourbano.com\/revista\/urbanismo\/anuncian-plan-maestro-bosque-chapultepec\/#breadcrumb"},"inLanguage":"es","potentialAction":[{"@type":"ReadAction","target":["https:\/\/centrourbano.com\/revista\/urbanismo\/anuncian-plan-maestro-bosque-chapultepec\/"]}]},{"@type":"ImageObject","inLanguage":"es","@id":"https:\/\/centrourbano.com\/revista\/urbanismo\/anuncian-plan-maestro-bosque-chapultepec\/#primaryimage","url":"https:\/\/centrourbano.com\/revista\/wp-content\/uploads\/tercera.jpg","contentUrl":"https:\/\/centrourbano.com\/revista\/wp-content\/uploads\/tercera.jpg","width":360,"height":225},{"@type":"BreadcrumbList","@id":"https:\/\/centrourbano.com\/revista\/urbanismo\/anuncian-plan-maestro-bosque-chapultepec\/#breadcrumb","itemListElement":[{"@type":"ListItem","position":1,"name":"Portada","item":"https:\/\/centrourbano.com\/revista\/"},{"@type":"ListItem","position":2,"name":"Anuncian Plan Maestro para el Bosque de Chapultepec"}]},{"@type":"WebSite","@id":"https:\/\/centrourbano.com\/revista\/#website","url":"https:\/\/centrourbano.com\/revista\/","name":"Centro Urbano","description":"Medio especializado en los sectores vivienda, inmobiliario, construcci\u00f3n, arquitectura y urbanismo.","publisher":{"@id":"https:\/\/centrourbano.com\/revista\/#organization"},"potentialAction":[{"@type":"SearchAction","target":{"@type":"EntryPoint","urlTemplate":"https:\/\/centrourbano.com\/revista\/?s={search_term_string}"},"query-input":{"@type":"PropertyValueSpecification","valueRequired":true,"valueName":"search_term_string"}}],"inLanguage":"es"},{"@type":"Organization","@id":"https:\/\/centrourbano.com\/revista\/#organization","name":"Centro Urbano","url":"https:\/\/centrourbano.com\/revista\/","logo":{"@type":"ImageObject","inLanguage":"es","@id":"https:\/\/centrourbano.com\/revista\/#\/schema\/logo\/image\/","url":"https:\/\/centrourbano.com\/revista\/wp-content\/uploads\/web_CU_logo-1.png","contentUrl":"https:\/\/centrourbano.com\/revista\/wp-content\/uploads\/web_CU_logo-1.png","width":350,"height":91,"caption":"Centro Urbano"},"image":{"@id":"https:\/\/centrourbano.com\/revista\/#\/schema\/logo\/image\/"},"sameAs":["https:\/\/www.facebook.com\/portalcentrourbano","https:\/\/x.com\/CentroUrbano","https:\/\/www.instagram.com\/centro_urbano\/","https:\/\/www.linkedin.com\/company\/centro-urbano\/","http:\/\/www.youtube.com\/user\/portalcentrourbano"]},{"@type":"Person","@id":"https:\/\/centrourbano.com\/revista\/#\/schema\/person\/fabae71f13578ba90183557757e26fd6","name":"Karen Romero","image":{"@type":"ImageObject","inLanguage":"es","@id":"https:\/\/secure.gravatar.com\/avatar\/4bf369b19245debf8e54c1f2b5a8393db1fc34cb54c9e6c3cb4ef4ab65ab59c3?s=96&d=mm&r=g","url":"https:\/\/secure.gravatar.com\/avatar\/4bf369b19245debf8e54c1f2b5a8393db1fc34cb54c9e6c3cb4ef4ab65ab59c3?s=96&d=mm&r=g","contentUrl":"https:\/\/secure.gravatar.com\/avatar\/4bf369b19245debf8e54c1f2b5a8393db1fc34cb54c9e6c3cb4ef4ab65ab59c3?s=96&d=mm&r=g","caption":"Karen Romero"},"description":"Egresada de la Escuela de Periodismo Carlos Septi\u00e9n Garc\u00eda, con un diplomado en Periodismo Econ\u00f3mico, por la misma instituci\u00f3n, con gusto por los medios impresos especializados y programas de radio. Coordinadora de informaci\u00f3n editorial de Centro Urbano y colaboradora para otros medios de comunicaci\u00f3n en el \u00e1rea de redacci\u00f3n y edici\u00f3n de video. Interesada por la investigaci\u00f3n y seguidora de temas hist\u00f3ricos, adem\u00e1s de tener cierta fascinaci\u00f3n por los temas paranormales. Le gusta leer, cantar, bailar, viajar y escuchar m\u00fasica.","url":"https:\/\/centrourbano.com\/revista\/author\/karen-romero\/"}]}},"_links":{"self":[{"href":"https:\/\/centrourbano.com\/revista\/wp-json\/wp\/v2\/posts\/50342","targetHints":{"allow":["GET"]}}],"collection":[{"href":"https:\/\/centrourbano.com\/revista\/wp-json\/wp\/v2\/posts"}],"about":[{"href":"https:\/\/centrourbano.com\/revista\/wp-json\/wp\/v2\/types\/post"}],"author":[{"embeddable":true,"href":"https:\/\/centrourbano.com\/revista\/wp-json\/wp\/v2\/users\/48"}],"replies":[{"embeddable":true,"href":"https:\/\/centrourbano.com\/revista\/wp-json\/wp\/v2\/comments?post=50342"}],"version-history":[{"count":0,"href":"https:\/\/centrourbano.com\/revista\/wp-json\/wp\/v2\/posts\/50342\/revisions"}],"wp:featuredmedia":[{"embeddable":true,"href":"https:\/\/centrourbano.com\/revista\/wp-json\/wp\/v2\/media\/50343"}],"wp:attachment":[{"href":"https:\/\/centrourbano.com\/revista\/wp-json\/wp\/v2\/media?parent=50342"}],"wp:term":[{"taxonomy":"category","embeddable":true,"href":"https:\/\/centrourbano.com\/revista\/wp-json\/wp\/v2\/categories?post=50342"},{"taxonomy":"post_tag","embeddable":true,"href":"https:\/\/centrourbano.com\/revista\/wp-json\/wp\/v2\/tags?post=50342"}],"curies":[{"name":"wp","href":"https:\/\/api.w.org\/{rel}","templated":true}]}}