{"id":50324,"date":"2017-03-14T09:04:47","date_gmt":"2017-03-14T15:04:47","guid":{"rendered":"https:\/\/centrourbano.com\/?p=50324"},"modified":"2017-03-14T09:04:47","modified_gmt":"2017-03-14T15:04:47","slug":"50324-2","status":"publish","type":"post","link":"https:\/\/centrourbano.com\/revista\/arquitectura-2\/50324-2\/","title":{"rendered":"Preservar\u00e1n espacios ic\u00f3nicos del interior del Waldorf Astoria"},"content":{"rendered":"<p><em>La Comisi\u00f3n para la Conservaci\u00f3n de Lugares Emblem\u00e1ticos de Nueva design\u00f3 las salas m\u00e1s c\u00e9lebres del hotel, incluyendo el vest\u00edbulo de Park Avenue, el gran sal\u00f3n de baile y Galer\u00eda de plata<\/em><!--more--><\/p>\n<p>La Comisi\u00f3n para la Conservaci\u00f3n de Lugares Emblem\u00e1ticos de Nueva York  (New York City Landmarks Preservation Commission) vot\u00f3 por unanimidad para preservar espacios ic\u00ednicos del legendario hotel Waldorf Astoria de Nueva York, el cual cerr\u00f3 la semana pasada para iniciar una renovaci\u00f3n.<\/p>\n<p>El Waldorf Astoria en Manhattan, es considerado uno de los m\u00e1s prominentes e importantes lugares culturales de la Ciudad de Nueva York, dise\u00f1ado por Schultze y Weaver que abri\u00f3 en septiembre de 1931. Adem\u00e1s, desde 1933 el exterior del hotel se convirti\u00f3 en una referencia en la ciudad.<\/p>\n<p>La votaci\u00f3n proteger\u00e1 p\u00fablicamente al edificio y sus espacios interconectados, incluyendo habitaciones y pasillos de la planta, primero, segundo y tercer piso. La designaci\u00f3n eleva el n\u00famero de New York City Landmarks interiores a 119.<\/p>\n<p>El presidente de la Comisi\u00f3n de Meenakshi Srinivasan, destaca que el Waldorf Astoria dispone de algunas de las habitaciones m\u00e1s reconocidas internacionalmente en toda la Ciudad de Nueva York\u00bb, y estos espacios designados conectan sin problemas a partir de los vest\u00edbulos y los grupos de presi\u00f3n en la planta baja y primera a la gran sal\u00f3n de baile y otras salas p\u00fablicas en el tercer piso. <\/p>\n<p>Aclar\u00f3 que la decisi\u00f3n tomada no s\u00f3lo protege a las caracter\u00edsticas del dise\u00f1o art-deco enmarcados a detalle en los espacios p\u00fablicos interiores del hotel , sino que tambi\u00e9n preserva la experiencia \u00fanica de movimiento a trav\u00e9s de los variados interiores del hotel, que innumerables neoyorquinos y visitantes han disfrutado durante m\u00e1s de ocho d\u00e9cadas. <\/p>\n","protected":false},"excerpt":{"rendered":"<p>La Comisi\u00f3n para la Conservaci\u00f3n de Lugares Emblem\u00e1ticos de Nueva design\u00f3 las salas m\u00e1s c\u00e9lebres del hotel, incluyendo el vest\u00edbulo de Park Avenue, el gran sal\u00f3n de baile y Galer\u00eda de plata<\/p>\n","protected":false},"author":9,"featured_media":49629,"comment_status":"open","ping_status":"closed","sticky":false,"template":"","format":"standard","meta":{"om_disable_all_campaigns":false,"inline_featured_image":false,"_monsterinsights_skip_tracking":false,"_monsterinsights_sitenote_active":false,"_monsterinsights_sitenote_note":"","_monsterinsights_sitenote_category":0,"footnotes":""},"categories":[81],"tags":[20,791,3280],"class_list":["post-50324","post","type-post","status-publish","format-standard","has-post-thumbnail","hentry","category-arquitectura-2","tag-arquitectura","tag-nueva-york","tag-waldorf-astoria"],"yoast_head":"<!-- This site is optimized with the Yoast SEO plugin v27.4 - https:\/\/yoast.com\/product\/yoast-seo-wordpress\/ -->\n<title>Preservar\u00e1n espacios ic\u00f3nicos del interior del Waldorf Astoria<\/title>\n<meta name=\"description\" content=\"La Comisi\u00f3n para la Conservaci\u00f3n de Lugares Emblem\u00e1ticos de Nueva design\u00f3 las salas m\u00e1s c\u00e9lebres del hotel, incluyendo el vest\u00edbulo de Park Avenue, el gran sal\u00f3n de baile y Galer\u00eda de plata\" \/>\n<meta name=\"robots\" content=\"index, follow, max-snippet:-1, max-image-preview:large, max-video-preview:-1\" \/>\n<link rel=\"canonical\" href=\"https:\/\/centrourbano.com\/revista\/arquitectura-2\/50324-2\/\" \/>\n<meta property=\"og:locale\" content=\"es_ES\" \/>\n<meta property=\"og:type\" content=\"article\" \/>\n<meta property=\"og:title\" content=\"Preservar\u00e1n espacios ic\u00f3nicos del interior del Waldorf Astoria\" \/>\n<meta property=\"og:description\" content=\"La Comisi\u00f3n para la Conservaci\u00f3n de Lugares Emblem\u00e1ticos de Nueva design\u00f3 las salas m\u00e1s c\u00e9lebres del hotel, incluyendo el vest\u00edbulo de Park Avenue, el gran sal\u00f3n de baile y Galer\u00eda de plata\" \/>\n<meta property=\"og:url\" content=\"https:\/\/centrourbano.com\/revista\/arquitectura-2\/50324-2\/\" \/>\n<meta property=\"og:site_name\" content=\"Centro Urbano\" \/>\n<meta property=\"article:publisher\" content=\"https:\/\/www.facebook.com\/portalcentrourbano\" \/>\n<meta property=\"article:published_time\" content=\"2017-03-14T15:04:47+00:00\" \/>\n<meta property=\"og:image\" content=\"https:\/\/centrourbano.com\/revista\/wp-content\/uploads\/Legendario-hotel-Waldorf-Astoria-de-Nueva-York-sera\u0301-remodelado-.jpg\" \/>\n\t<meta property=\"og:image:width\" content=\"990\" \/>\n\t<meta property=\"og:image:height\" content=\"450\" \/>\n\t<meta property=\"og:image:type\" content=\"image\/jpeg\" \/>\n<meta name=\"author\" content=\"Dinorah Nava\" \/>\n<meta name=\"twitter:card\" content=\"summary_large_image\" \/>\n<meta name=\"twitter:creator\" content=\"@https:\/\/twitter.com\/Dinorah_Nava28\" \/>\n<meta name=\"twitter:site\" content=\"@CentroUrbano\" \/>\n<meta name=\"twitter:label1\" content=\"Escrito por\" \/>\n\t<meta name=\"twitter:data1\" content=\"Dinorah Nava\" \/>\n\t<meta name=\"twitter:label2\" content=\"Tiempo de lectura\" \/>\n\t<meta name=\"twitter:data2\" content=\"2 minutos\" \/>\n<script type=\"application\/ld+json\" class=\"yoast-schema-graph\">{\"@context\":\"https:\\\/\\\/schema.org\",\"@graph\":[{\"@type\":\"Article\",\"@id\":\"https:\\\/\\\/centrourbano.com\\\/revista\\\/arquitectura-2\\\/50324-2\\\/#article\",\"isPartOf\":{\"@id\":\"https:\\\/\\\/centrourbano.com\\\/revista\\\/arquitectura-2\\\/50324-2\\\/\"},\"author\":{\"name\":\"Dinorah Nava\",\"@id\":\"https:\\\/\\\/centrourbano.com\\\/revista\\\/#\\\/schema\\\/person\\\/b45db815d96831257ba428a3d5a5fbdc\"},\"headline\":\"Preservar\u00e1n espacios ic\u00f3nicos del interior del Waldorf Astoria\",\"datePublished\":\"2017-03-14T15:04:47+00:00\",\"mainEntityOfPage\":{\"@id\":\"https:\\\/\\\/centrourbano.com\\\/revista\\\/arquitectura-2\\\/50324-2\\\/\"},\"wordCount\":318,\"commentCount\":0,\"publisher\":{\"@id\":\"https:\\\/\\\/centrourbano.com\\\/revista\\\/#organization\"},\"image\":{\"@id\":\"https:\\\/\\\/centrourbano.com\\\/revista\\\/arquitectura-2\\\/50324-2\\\/#primaryimage\"},\"thumbnailUrl\":\"https:\\\/\\\/centrourbano.com\\\/revista\\\/wp-content\\\/uploads\\\/Legendario-hotel-Waldorf-Astoria-de-Nueva-York-sera\u0301-remodelado-.jpg\",\"keywords\":[\"arquitectura\",\"Nueva York\",\"Waldorf Astoria\"],\"articleSection\":[\"Arquitectura\"],\"inLanguage\":\"es\",\"potentialAction\":[{\"@type\":\"CommentAction\",\"name\":\"Comment\",\"target\":[\"https:\\\/\\\/centrourbano.com\\\/revista\\\/arquitectura-2\\\/50324-2\\\/#respond\"]}]},{\"@type\":\"WebPage\",\"@id\":\"https:\\\/\\\/centrourbano.com\\\/revista\\\/arquitectura-2\\\/50324-2\\\/\",\"url\":\"https:\\\/\\\/centrourbano.com\\\/revista\\\/arquitectura-2\\\/50324-2\\\/\",\"name\":\"Preservar\u00e1n espacios ic\u00f3nicos del interior del Waldorf Astoria\",\"isPartOf\":{\"@id\":\"https:\\\/\\\/centrourbano.com\\\/revista\\\/#website\"},\"primaryImageOfPage\":{\"@id\":\"https:\\\/\\\/centrourbano.com\\\/revista\\\/arquitectura-2\\\/50324-2\\\/#primaryimage\"},\"image\":{\"@id\":\"https:\\\/\\\/centrourbano.com\\\/revista\\\/arquitectura-2\\\/50324-2\\\/#primaryimage\"},\"thumbnailUrl\":\"https:\\\/\\\/centrourbano.com\\\/revista\\\/wp-content\\\/uploads\\\/Legendario-hotel-Waldorf-Astoria-de-Nueva-York-sera\u0301-remodelado-.jpg\",\"datePublished\":\"2017-03-14T15:04:47+00:00\",\"description\":\"La Comisi\u00f3n para la Conservaci\u00f3n de Lugares Emblem\u00e1ticos de Nueva design\u00f3 las salas m\u00e1s c\u00e9lebres del hotel, incluyendo el vest\u00edbulo de Park Avenue, el gran sal\u00f3n de baile y Galer\u00eda de plata\",\"breadcrumb\":{\"@id\":\"https:\\\/\\\/centrourbano.com\\\/revista\\\/arquitectura-2\\\/50324-2\\\/#breadcrumb\"},\"inLanguage\":\"es\",\"potentialAction\":[{\"@type\":\"ReadAction\",\"target\":[\"https:\\\/\\\/centrourbano.com\\\/revista\\\/arquitectura-2\\\/50324-2\\\/\"]}]},{\"@type\":\"ImageObject\",\"inLanguage\":\"es\",\"@id\":\"https:\\\/\\\/centrourbano.com\\\/revista\\\/arquitectura-2\\\/50324-2\\\/#primaryimage\",\"url\":\"https:\\\/\\\/centrourbano.com\\\/revista\\\/wp-content\\\/uploads\\\/Legendario-hotel-Waldorf-Astoria-de-Nueva-York-sera\u0301-remodelado-.jpg\",\"contentUrl\":\"https:\\\/\\\/centrourbano.com\\\/revista\\\/wp-content\\\/uploads\\\/Legendario-hotel-Waldorf-Astoria-de-Nueva-York-sera\u0301-remodelado-.jpg\",\"width\":990,\"height\":450,\"caption\":\"La Comisi\u00f3n para la Conservaci\u00f3n de Lugares Emblem\u00e1ticos de Nueva design\u00f3 las salas m\u00e1s c\u00e9lebres del hotel, incluyendo el vest\u00edbulo de Park Avenue, el gran sal\u00f3n de baile y Galer\u00eda de plata\"},{\"@type\":\"BreadcrumbList\",\"@id\":\"https:\\\/\\\/centrourbano.com\\\/revista\\\/arquitectura-2\\\/50324-2\\\/#breadcrumb\",\"itemListElement\":[{\"@type\":\"ListItem\",\"position\":1,\"name\":\"Portada\",\"item\":\"https:\\\/\\\/centrourbano.com\\\/revista\\\/\"},{\"@type\":\"ListItem\",\"position\":2,\"name\":\"Preservar\u00e1n espacios ic\u00f3nicos del interior del Waldorf Astoria\"}]},{\"@type\":\"WebSite\",\"@id\":\"https:\\\/\\\/centrourbano.com\\\/revista\\\/#website\",\"url\":\"https:\\\/\\\/centrourbano.com\\\/revista\\\/\",\"name\":\"Centro Urbano\",\"description\":\"Medio especializado en los sectores vivienda, inmobiliario, construcci\u00f3n, arquitectura y urbanismo.\",\"publisher\":{\"@id\":\"https:\\\/\\\/centrourbano.com\\\/revista\\\/#organization\"},\"potentialAction\":[{\"@type\":\"SearchAction\",\"target\":{\"@type\":\"EntryPoint\",\"urlTemplate\":\"https:\\\/\\\/centrourbano.com\\\/revista\\\/?s={search_term_string}\"},\"query-input\":{\"@type\":\"PropertyValueSpecification\",\"valueRequired\":true,\"valueName\":\"search_term_string\"}}],\"inLanguage\":\"es\"},{\"@type\":\"Organization\",\"@id\":\"https:\\\/\\\/centrourbano.com\\\/revista\\\/#organization\",\"name\":\"Centro Urbano\",\"url\":\"https:\\\/\\\/centrourbano.com\\\/revista\\\/\",\"logo\":{\"@type\":\"ImageObject\",\"inLanguage\":\"es\",\"@id\":\"https:\\\/\\\/centrourbano.com\\\/revista\\\/#\\\/schema\\\/logo\\\/image\\\/\",\"url\":\"https:\\\/\\\/centrourbano.com\\\/revista\\\/wp-content\\\/uploads\\\/web_CU_logo-1.png\",\"contentUrl\":\"https:\\\/\\\/centrourbano.com\\\/revista\\\/wp-content\\\/uploads\\\/web_CU_logo-1.png\",\"width\":350,\"height\":91,\"caption\":\"Centro Urbano\"},\"image\":{\"@id\":\"https:\\\/\\\/centrourbano.com\\\/revista\\\/#\\\/schema\\\/logo\\\/image\\\/\"},\"sameAs\":[\"https:\\\/\\\/www.facebook.com\\\/portalcentrourbano\",\"https:\\\/\\\/x.com\\\/CentroUrbano\",\"https:\\\/\\\/www.instagram.com\\\/centro_urbano\\\/\",\"https:\\\/\\\/www.linkedin.com\\\/company\\\/centro-urbano\\\/\",\"http:\\\/\\\/www.youtube.com\\\/user\\\/portalcentrourbano\"]},{\"@type\":\"Person\",\"@id\":\"https:\\\/\\\/centrourbano.com\\\/revista\\\/#\\\/schema\\\/person\\\/b45db815d96831257ba428a3d5a5fbdc\",\"name\":\"Dinorah Nava\",\"image\":{\"@type\":\"ImageObject\",\"inLanguage\":\"es\",\"@id\":\"https:\\\/\\\/secure.gravatar.com\\\/avatar\\\/f6ca6430c51d147f363940f84e1225aa4b8183885c11802cc3b042305a4ecc1a?s=96&d=mm&r=g\",\"url\":\"https:\\\/\\\/secure.gravatar.com\\\/avatar\\\/f6ca6430c51d147f363940f84e1225aa4b8183885c11802cc3b042305a4ecc1a?s=96&d=mm&r=g\",\"contentUrl\":\"https:\\\/\\\/secure.gravatar.com\\\/avatar\\\/f6ca6430c51d147f363940f84e1225aa4b8183885c11802cc3b042305a4ecc1a?s=96&d=mm&r=g\",\"caption\":\"Dinorah Nava\"},\"description\":\"Editora de Contenidos y Estrategias Digitales en Centro Urbano y Coeditora en Peri\u00f3dico Mi Casa. Egresada de la licenciatura en Comunicaci\u00f3n y Periodismo de la Facultad de Estudios Superiores Arag\u00f3n (UNAM). Amante de la edici\u00f3n y correcci\u00f3n de estilo, las redes sociales y el mundo digital. Especialista en temas son arquitectura, inmobiliario y urbanismo.\",\"sameAs\":[\"linkedin.com\\\/in\\\/dinorah-nava\",\"https:\\\/\\\/x.com\\\/https:\\\/\\\/twitter.com\\\/Dinorah_Nava28\"],\"url\":\"https:\\\/\\\/centrourbano.com\\\/revista\\\/author\\\/dinorah-nava\\\/\"}]}<\/script>\n<!-- \/ Yoast SEO plugin. -->","yoast_head_json":{"title":"Preservar\u00e1n espacios ic\u00f3nicos del interior del Waldorf Astoria","description":"La Comisi\u00f3n para la Conservaci\u00f3n de Lugares Emblem\u00e1ticos de Nueva design\u00f3 las salas m\u00e1s c\u00e9lebres del hotel, incluyendo el vest\u00edbulo de Park Avenue, el gran sal\u00f3n de baile y Galer\u00eda de plata","robots":{"index":"index","follow":"follow","max-snippet":"max-snippet:-1","max-image-preview":"max-image-preview:large","max-video-preview":"max-video-preview:-1"},"canonical":"https:\/\/centrourbano.com\/revista\/arquitectura-2\/50324-2\/","og_locale":"es_ES","og_type":"article","og_title":"Preservar\u00e1n espacios ic\u00f3nicos del interior del Waldorf Astoria","og_description":"La Comisi\u00f3n para la Conservaci\u00f3n de Lugares Emblem\u00e1ticos de Nueva design\u00f3 las salas m\u00e1s c\u00e9lebres del hotel, incluyendo el vest\u00edbulo de Park Avenue, el gran sal\u00f3n de baile y Galer\u00eda de plata","og_url":"https:\/\/centrourbano.com\/revista\/arquitectura-2\/50324-2\/","og_site_name":"Centro Urbano","article_publisher":"https:\/\/www.facebook.com\/portalcentrourbano","article_published_time":"2017-03-14T15:04:47+00:00","og_image":[{"width":990,"height":450,"url":"https:\/\/centrourbano.com\/revista\/wp-content\/uploads\/Legendario-hotel-Waldorf-Astoria-de-Nueva-York-sera\u0301-remodelado-.jpg","type":"image\/jpeg"}],"author":"Dinorah Nava","twitter_card":"summary_large_image","twitter_creator":"@https:\/\/twitter.com\/Dinorah_Nava28","twitter_site":"@CentroUrbano","twitter_misc":{"Escrito por":"Dinorah Nava","Tiempo de lectura":"2 minutos"},"schema":{"@context":"https:\/\/schema.org","@graph":[{"@type":"Article","@id":"https:\/\/centrourbano.com\/revista\/arquitectura-2\/50324-2\/#article","isPartOf":{"@id":"https:\/\/centrourbano.com\/revista\/arquitectura-2\/50324-2\/"},"author":{"name":"Dinorah Nava","@id":"https:\/\/centrourbano.com\/revista\/#\/schema\/person\/b45db815d96831257ba428a3d5a5fbdc"},"headline":"Preservar\u00e1n espacios ic\u00f3nicos del interior del Waldorf Astoria","datePublished":"2017-03-14T15:04:47+00:00","mainEntityOfPage":{"@id":"https:\/\/centrourbano.com\/revista\/arquitectura-2\/50324-2\/"},"wordCount":318,"commentCount":0,"publisher":{"@id":"https:\/\/centrourbano.com\/revista\/#organization"},"image":{"@id":"https:\/\/centrourbano.com\/revista\/arquitectura-2\/50324-2\/#primaryimage"},"thumbnailUrl":"https:\/\/centrourbano.com\/revista\/wp-content\/uploads\/Legendario-hotel-Waldorf-Astoria-de-Nueva-York-sera\u0301-remodelado-.jpg","keywords":["arquitectura","Nueva York","Waldorf Astoria"],"articleSection":["Arquitectura"],"inLanguage":"es","potentialAction":[{"@type":"CommentAction","name":"Comment","target":["https:\/\/centrourbano.com\/revista\/arquitectura-2\/50324-2\/#respond"]}]},{"@type":"WebPage","@id":"https:\/\/centrourbano.com\/revista\/arquitectura-2\/50324-2\/","url":"https:\/\/centrourbano.com\/revista\/arquitectura-2\/50324-2\/","name":"Preservar\u00e1n espacios ic\u00f3nicos del interior del Waldorf Astoria","isPartOf":{"@id":"https:\/\/centrourbano.com\/revista\/#website"},"primaryImageOfPage":{"@id":"https:\/\/centrourbano.com\/revista\/arquitectura-2\/50324-2\/#primaryimage"},"image":{"@id":"https:\/\/centrourbano.com\/revista\/arquitectura-2\/50324-2\/#primaryimage"},"thumbnailUrl":"https:\/\/centrourbano.com\/revista\/wp-content\/uploads\/Legendario-hotel-Waldorf-Astoria-de-Nueva-York-sera\u0301-remodelado-.jpg","datePublished":"2017-03-14T15:04:47+00:00","description":"La Comisi\u00f3n para la Conservaci\u00f3n de Lugares Emblem\u00e1ticos de Nueva design\u00f3 las salas m\u00e1s c\u00e9lebres del hotel, incluyendo el vest\u00edbulo de Park Avenue, el gran sal\u00f3n de baile y Galer\u00eda de plata","breadcrumb":{"@id":"https:\/\/centrourbano.com\/revista\/arquitectura-2\/50324-2\/#breadcrumb"},"inLanguage":"es","potentialAction":[{"@type":"ReadAction","target":["https:\/\/centrourbano.com\/revista\/arquitectura-2\/50324-2\/"]}]},{"@type":"ImageObject","inLanguage":"es","@id":"https:\/\/centrourbano.com\/revista\/arquitectura-2\/50324-2\/#primaryimage","url":"https:\/\/centrourbano.com\/revista\/wp-content\/uploads\/Legendario-hotel-Waldorf-Astoria-de-Nueva-York-sera\u0301-remodelado-.jpg","contentUrl":"https:\/\/centrourbano.com\/revista\/wp-content\/uploads\/Legendario-hotel-Waldorf-Astoria-de-Nueva-York-sera\u0301-remodelado-.jpg","width":990,"height":450,"caption":"La Comisi\u00f3n para la Conservaci\u00f3n de Lugares Emblem\u00e1ticos de Nueva design\u00f3 las salas m\u00e1s c\u00e9lebres del hotel, incluyendo el vest\u00edbulo de Park Avenue, el gran sal\u00f3n de baile y Galer\u00eda de plata"},{"@type":"BreadcrumbList","@id":"https:\/\/centrourbano.com\/revista\/arquitectura-2\/50324-2\/#breadcrumb","itemListElement":[{"@type":"ListItem","position":1,"name":"Portada","item":"https:\/\/centrourbano.com\/revista\/"},{"@type":"ListItem","position":2,"name":"Preservar\u00e1n espacios ic\u00f3nicos del interior del Waldorf Astoria"}]},{"@type":"WebSite","@id":"https:\/\/centrourbano.com\/revista\/#website","url":"https:\/\/centrourbano.com\/revista\/","name":"Centro Urbano","description":"Medio especializado en los sectores vivienda, inmobiliario, construcci\u00f3n, arquitectura y urbanismo.","publisher":{"@id":"https:\/\/centrourbano.com\/revista\/#organization"},"potentialAction":[{"@type":"SearchAction","target":{"@type":"EntryPoint","urlTemplate":"https:\/\/centrourbano.com\/revista\/?s={search_term_string}"},"query-input":{"@type":"PropertyValueSpecification","valueRequired":true,"valueName":"search_term_string"}}],"inLanguage":"es"},{"@type":"Organization","@id":"https:\/\/centrourbano.com\/revista\/#organization","name":"Centro Urbano","url":"https:\/\/centrourbano.com\/revista\/","logo":{"@type":"ImageObject","inLanguage":"es","@id":"https:\/\/centrourbano.com\/revista\/#\/schema\/logo\/image\/","url":"https:\/\/centrourbano.com\/revista\/wp-content\/uploads\/web_CU_logo-1.png","contentUrl":"https:\/\/centrourbano.com\/revista\/wp-content\/uploads\/web_CU_logo-1.png","width":350,"height":91,"caption":"Centro Urbano"},"image":{"@id":"https:\/\/centrourbano.com\/revista\/#\/schema\/logo\/image\/"},"sameAs":["https:\/\/www.facebook.com\/portalcentrourbano","https:\/\/x.com\/CentroUrbano","https:\/\/www.instagram.com\/centro_urbano\/","https:\/\/www.linkedin.com\/company\/centro-urbano\/","http:\/\/www.youtube.com\/user\/portalcentrourbano"]},{"@type":"Person","@id":"https:\/\/centrourbano.com\/revista\/#\/schema\/person\/b45db815d96831257ba428a3d5a5fbdc","name":"Dinorah Nava","image":{"@type":"ImageObject","inLanguage":"es","@id":"https:\/\/secure.gravatar.com\/avatar\/f6ca6430c51d147f363940f84e1225aa4b8183885c11802cc3b042305a4ecc1a?s=96&d=mm&r=g","url":"https:\/\/secure.gravatar.com\/avatar\/f6ca6430c51d147f363940f84e1225aa4b8183885c11802cc3b042305a4ecc1a?s=96&d=mm&r=g","contentUrl":"https:\/\/secure.gravatar.com\/avatar\/f6ca6430c51d147f363940f84e1225aa4b8183885c11802cc3b042305a4ecc1a?s=96&d=mm&r=g","caption":"Dinorah Nava"},"description":"Editora de Contenidos y Estrategias Digitales en Centro Urbano y Coeditora en Peri\u00f3dico Mi Casa. Egresada de la licenciatura en Comunicaci\u00f3n y Periodismo de la Facultad de Estudios Superiores Arag\u00f3n (UNAM). Amante de la edici\u00f3n y correcci\u00f3n de estilo, las redes sociales y el mundo digital. Especialista en temas son arquitectura, inmobiliario y urbanismo.","sameAs":["linkedin.com\/in\/dinorah-nava","https:\/\/x.com\/https:\/\/twitter.com\/Dinorah_Nava28"],"url":"https:\/\/centrourbano.com\/revista\/author\/dinorah-nava\/"}]}},"_links":{"self":[{"href":"https:\/\/centrourbano.com\/revista\/wp-json\/wp\/v2\/posts\/50324","targetHints":{"allow":["GET"]}}],"collection":[{"href":"https:\/\/centrourbano.com\/revista\/wp-json\/wp\/v2\/posts"}],"about":[{"href":"https:\/\/centrourbano.com\/revista\/wp-json\/wp\/v2\/types\/post"}],"author":[{"embeddable":true,"href":"https:\/\/centrourbano.com\/revista\/wp-json\/wp\/v2\/users\/9"}],"replies":[{"embeddable":true,"href":"https:\/\/centrourbano.com\/revista\/wp-json\/wp\/v2\/comments?post=50324"}],"version-history":[{"count":0,"href":"https:\/\/centrourbano.com\/revista\/wp-json\/wp\/v2\/posts\/50324\/revisions"}],"wp:featuredmedia":[{"embeddable":true,"href":"https:\/\/centrourbano.com\/revista\/wp-json\/wp\/v2\/media\/49629"}],"wp:attachment":[{"href":"https:\/\/centrourbano.com\/revista\/wp-json\/wp\/v2\/media?parent=50324"}],"wp:term":[{"taxonomy":"category","embeddable":true,"href":"https:\/\/centrourbano.com\/revista\/wp-json\/wp\/v2\/categories?post=50324"},{"taxonomy":"post_tag","embeddable":true,"href":"https:\/\/centrourbano.com\/revista\/wp-json\/wp\/v2\/tags?post=50324"}],"curies":[{"name":"wp","href":"https:\/\/api.w.org\/{rel}","templated":true}]}}