{"id":50320,"date":"2017-03-14T10:00:45","date_gmt":"2017-03-14T16:00:45","guid":{"rendered":"https:\/\/centrourbano.com\/?p=50320"},"modified":"2017-03-14T03:25:31","modified_gmt":"2017-03-14T09:25:31","slug":"entender-belleza-tratar-material","status":"publish","type":"post","link":"https:\/\/centrourbano.com\/revista\/arquitectura-2\/entender-belleza-tratar-material\/","title":{"rendered":"Entender la belleza y tratar con el material"},"content":{"rendered":"<p><em>Los arquitectos no necesitan corregir, sino entender las verdaderas necesidades para poder integrar nuevos elementos<\/em><\/p>\n<p>&nbsp;<\/p>\n<p>La arquitecta mexicana, Tatiana Bilbao, estuvo presente durante el evento de Mextr\u00f3poli 2017 para hablar sobre sus proyectos m\u00e1s representativos y las caracter\u00edsticas e innovaciones en ellos.<\/p>\n<p>&nbsp;<\/p>\n<p>El primero que mencion\u00f3 fue el de una casa de retiro en un bosque de Monterrey, sobre un terreno desigual, la cual se divide en tres pabellones principales y \u00a0donde se decidi\u00f3 simplificar la idea los materiales y utilizar solo tres: vidrio, madera y barro.<\/p>\n<p>&nbsp;<\/p>\n<p>Asegur\u00f3 que uno de sus objetivos en sus proyectos es \u201centender la belleza y tratar con el material\u201d. Algo esencial para implementar innovaciones es contar con un cliente que \u201cpermita experimentar con la naturaleza del lugar, y que permite contemplar el espacio como un espacio de contemplaci\u00f3n pero a la vez de vivencia\u201d, asegur\u00f3.<\/p>\n<p>&nbsp;<\/p>\n<p>Cont\u00f3 que otro reto a superar fue la construcci\u00f3n de una casa de un solo nivel sobre un terreno desigual, lo cual se solucion\u00f3 con la \u00a0creaci\u00f3n de un hex\u00e1gono y un pent\u00e1gono que se van adaptando a las condiciones del lugar y su topograf\u00eda.<\/p>\n<p>&nbsp;<\/p>\n<p>Uno de los proyectos m\u00e1s importantes en los que ha participado, ha sido el jard\u00edn Bot\u00e1nico de Culiac\u00e1n, el cual lleva m\u00e1s de treinta a\u00f1os de existencia y es un punto de encuentro para los habitantes del estado, adem\u00e1s de ser utilizado con fines educativos y recreativos.<\/p>\n<p>&nbsp;<\/p>\n<p>Bilbao indic\u00f3 que, como arquitectos, lo que buscaron al inicio era corregir lo que para ellos no era adecuado, sin embargo, al platicar con trabajadores del lugar y observar a las personas que frecuentan el lugar, notaron que lo necesario es entender las verdaderas necesidades y lo que el jard\u00edn ya ofrec\u00eda para entonces poder integrar nuevos elementos.<\/p>\n<p>&nbsp;<\/p>\n<p>Se colocaron bancas, hamacas y caminos para poder apreciar la vegetaci\u00f3n del lugar, as\u00ed como integrar las obras de alrededor de 50 artistas que se han integrado al entorno del jard\u00edn.<\/p>\n<p>&nbsp;<\/p>\n<p>Esto ha llevado a crear un museo con una gran muestra de arte contempor\u00e1neo, donde la gente ha creado un sentido de apropiaci\u00f3n, pues lo ve como elementos cotidianos de su d\u00eda a d\u00eda.<\/p>\n<p>&nbsp;<\/p>\n<p>Para espacios que se han implementado a lo largo del tiempo, han optado por crear pabellones que s\u00f3lo necesitaran del cascar\u00f3n de la estructura para sostenerse o delimitarse, pero a su vez que permitiera el contacto permanente con el exterior.<\/p>\n<p>&nbsp;<\/p>\n<p>Asegur\u00f3 que con este proyecto se ha demostrado que \u201cEl capital privado puede involucrarse en el espacio p\u00fablico y el espacio p\u00fablico puede tener un valor importante para la sociedad sin dejar de tenerlo aunque haya una inversi\u00f3n fuerte, entender como involucrar a la sociedad con el arte cuando no tienen dicha oportunidad\u201d.<\/p>\n<p>&nbsp;<\/p>\n<p>El objetivo de su organizaci\u00f3n es poder crear casas adaptables a cualquier medio, con espacios fluidos, delimitados con materiales adecuados para ello,\u00a0 donde las personas puedan crear un sentido de apropiaci\u00f3n y\u00a0 pertenencia.<\/p>\n<p>&nbsp;<\/p>\n<p>De igual forma inform\u00f3 que est\u00e1n por concluir algunos proyectos en el pa\u00eds, como una escuela en Monterrey, as\u00ed como un museo en Ar\u00e9valo, Espa\u00f1a donde se busca que la gente pueda integrarse al arte, al lugar y a su historia.<\/p>\n<p>&nbsp;<\/p>\n<p>Para poder crear mejores infraestructuras y espacios, el gremio busca hablar con la sociedad sobre el territorio abierto, por lo que, la arquitecta invit\u00f3 al p\u00fablico a participar en el proyecto a trav\u00e9s de las redes sociales a trav\u00e9s de los hasta #Americanos o #TerritorioAbierto.<\/p>\n<p>&nbsp;<\/p>\n<p>&nbsp;<\/p>\n","protected":false},"excerpt":{"rendered":"<p>Los arquitectos no necesitan corregir, sino entender las verdaderas necesidades para poder integrar nuevos elementos &nbsp; La arquitecta mexicana, Tatiana Bilbao, estuvo presente durante el evento de Mextr\u00f3poli 2017 para hablar sobre sus proyectos m\u00e1s representativos y las caracter\u00edsticas e innovaciones en ellos. &nbsp; El primero que mencion\u00f3 fue el de una casa de retiro [&hellip;]<\/p>\n","protected":false},"author":45,"featured_media":50321,"comment_status":"open","ping_status":"closed","sticky":false,"template":"","format":"standard","meta":{"om_disable_all_campaigns":false,"inline_featured_image":false,"_monsterinsights_skip_tracking":false,"_monsterinsights_sitenote_active":false,"_monsterinsights_sitenote_note":"","_monsterinsights_sitenote_category":0,"footnotes":""},"categories":[81],"tags":[],"class_list":["post-50320","post","type-post","status-publish","format-standard","has-post-thumbnail","hentry","category-arquitectura-2"],"yoast_head":"<!-- This site is optimized with the Yoast SEO plugin v27.4 - https:\/\/yoast.com\/product\/yoast-seo-wordpress\/ -->\n<title>Entender la belleza y tratar con el material -<\/title>\n<meta name=\"description\" content=\"Los arquitectos no necesitan corregir, sino entender las verdaderas necesidades para poder integrar nuevos elementos\" \/>\n<meta name=\"robots\" content=\"index, follow, max-snippet:-1, max-image-preview:large, max-video-preview:-1\" \/>\n<link rel=\"canonical\" href=\"https:\/\/centrourbano.com\/revista\/arquitectura-2\/entender-belleza-tratar-material\/\" \/>\n<meta property=\"og:locale\" content=\"es_ES\" \/>\n<meta property=\"og:type\" content=\"article\" \/>\n<meta property=\"og:title\" content=\"Entender la belleza y tratar con el material -\" \/>\n<meta property=\"og:description\" content=\"Los arquitectos no necesitan corregir, sino entender las verdaderas necesidades para poder integrar nuevos elementos\" \/>\n<meta property=\"og:url\" content=\"https:\/\/centrourbano.com\/revista\/arquitectura-2\/entender-belleza-tratar-material\/\" \/>\n<meta property=\"og:site_name\" content=\"Centro Urbano\" \/>\n<meta property=\"article:publisher\" content=\"https:\/\/www.facebook.com\/portalcentrourbano\" \/>\n<meta property=\"article:published_time\" content=\"2017-03-14T16:00:45+00:00\" \/>\n<meta property=\"og:image\" content=\"https:\/\/centrourbano.com\/revista\/wp-content\/uploads\/tatiana-bilboa.png\" \/>\n\t<meta property=\"og:image:width\" content=\"941\" \/>\n\t<meta property=\"og:image:height\" content=\"615\" \/>\n\t<meta property=\"og:image:type\" content=\"image\/png\" \/>\n<meta name=\"author\" content=\"Hanae Pacheco\" \/>\n<meta name=\"twitter:card\" content=\"summary_large_image\" \/>\n<meta name=\"twitter:creator\" content=\"@CentroUrbano\" \/>\n<meta name=\"twitter:site\" content=\"@CentroUrbano\" \/>\n<meta name=\"twitter:label1\" content=\"Escrito por\" \/>\n\t<meta name=\"twitter:data1\" content=\"Hanae Pacheco\" \/>\n\t<meta name=\"twitter:label2\" content=\"Tiempo de lectura\" \/>\n\t<meta name=\"twitter:data2\" content=\"3 minutos\" \/>\n<script type=\"application\/ld+json\" class=\"yoast-schema-graph\">{\"@context\":\"https:\\\/\\\/schema.org\",\"@graph\":[{\"@type\":\"Article\",\"@id\":\"https:\\\/\\\/centrourbano.com\\\/revista\\\/arquitectura-2\\\/entender-belleza-tratar-material\\\/#article\",\"isPartOf\":{\"@id\":\"https:\\\/\\\/centrourbano.com\\\/revista\\\/arquitectura-2\\\/entender-belleza-tratar-material\\\/\"},\"author\":{\"name\":\"Hanae Pacheco\",\"@id\":\"https:\\\/\\\/centrourbano.com\\\/revista\\\/#\\\/schema\\\/person\\\/db5aba19153b4dc77f48808c4c2e7027\"},\"headline\":\"Entender la belleza y tratar con el material\",\"datePublished\":\"2017-03-14T16:00:45+00:00\",\"mainEntityOfPage\":{\"@id\":\"https:\\\/\\\/centrourbano.com\\\/revista\\\/arquitectura-2\\\/entender-belleza-tratar-material\\\/\"},\"wordCount\":627,\"commentCount\":0,\"publisher\":{\"@id\":\"https:\\\/\\\/centrourbano.com\\\/revista\\\/#organization\"},\"image\":{\"@id\":\"https:\\\/\\\/centrourbano.com\\\/revista\\\/arquitectura-2\\\/entender-belleza-tratar-material\\\/#primaryimage\"},\"thumbnailUrl\":\"https:\\\/\\\/centrourbano.com\\\/revista\\\/wp-content\\\/uploads\\\/tatiana-bilboa.png\",\"articleSection\":[\"Arquitectura\"],\"inLanguage\":\"es\",\"potentialAction\":[{\"@type\":\"CommentAction\",\"name\":\"Comment\",\"target\":[\"https:\\\/\\\/centrourbano.com\\\/revista\\\/arquitectura-2\\\/entender-belleza-tratar-material\\\/#respond\"]}]},{\"@type\":\"WebPage\",\"@id\":\"https:\\\/\\\/centrourbano.com\\\/revista\\\/arquitectura-2\\\/entender-belleza-tratar-material\\\/\",\"url\":\"https:\\\/\\\/centrourbano.com\\\/revista\\\/arquitectura-2\\\/entender-belleza-tratar-material\\\/\",\"name\":\"Entender la belleza y tratar con el material -\",\"isPartOf\":{\"@id\":\"https:\\\/\\\/centrourbano.com\\\/revista\\\/#website\"},\"primaryImageOfPage\":{\"@id\":\"https:\\\/\\\/centrourbano.com\\\/revista\\\/arquitectura-2\\\/entender-belleza-tratar-material\\\/#primaryimage\"},\"image\":{\"@id\":\"https:\\\/\\\/centrourbano.com\\\/revista\\\/arquitectura-2\\\/entender-belleza-tratar-material\\\/#primaryimage\"},\"thumbnailUrl\":\"https:\\\/\\\/centrourbano.com\\\/revista\\\/wp-content\\\/uploads\\\/tatiana-bilboa.png\",\"datePublished\":\"2017-03-14T16:00:45+00:00\",\"description\":\"Los arquitectos no necesitan corregir, sino entender las verdaderas necesidades para poder integrar nuevos elementos\",\"breadcrumb\":{\"@id\":\"https:\\\/\\\/centrourbano.com\\\/revista\\\/arquitectura-2\\\/entender-belleza-tratar-material\\\/#breadcrumb\"},\"inLanguage\":\"es\",\"potentialAction\":[{\"@type\":\"ReadAction\",\"target\":[\"https:\\\/\\\/centrourbano.com\\\/revista\\\/arquitectura-2\\\/entender-belleza-tratar-material\\\/\"]}]},{\"@type\":\"ImageObject\",\"inLanguage\":\"es\",\"@id\":\"https:\\\/\\\/centrourbano.com\\\/revista\\\/arquitectura-2\\\/entender-belleza-tratar-material\\\/#primaryimage\",\"url\":\"https:\\\/\\\/centrourbano.com\\\/revista\\\/wp-content\\\/uploads\\\/tatiana-bilboa.png\",\"contentUrl\":\"https:\\\/\\\/centrourbano.com\\\/revista\\\/wp-content\\\/uploads\\\/tatiana-bilboa.png\",\"width\":941,\"height\":615,\"caption\":\"Entender la belleza y tratar con el material\"},{\"@type\":\"BreadcrumbList\",\"@id\":\"https:\\\/\\\/centrourbano.com\\\/revista\\\/arquitectura-2\\\/entender-belleza-tratar-material\\\/#breadcrumb\",\"itemListElement\":[{\"@type\":\"ListItem\",\"position\":1,\"name\":\"Portada\",\"item\":\"https:\\\/\\\/centrourbano.com\\\/revista\\\/\"},{\"@type\":\"ListItem\",\"position\":2,\"name\":\"Entender la belleza y tratar con el material\"}]},{\"@type\":\"WebSite\",\"@id\":\"https:\\\/\\\/centrourbano.com\\\/revista\\\/#website\",\"url\":\"https:\\\/\\\/centrourbano.com\\\/revista\\\/\",\"name\":\"Centro Urbano\",\"description\":\"Medio especializado en los sectores vivienda, inmobiliario, construcci\u00f3n, arquitectura y urbanismo.\",\"publisher\":{\"@id\":\"https:\\\/\\\/centrourbano.com\\\/revista\\\/#organization\"},\"potentialAction\":[{\"@type\":\"SearchAction\",\"target\":{\"@type\":\"EntryPoint\",\"urlTemplate\":\"https:\\\/\\\/centrourbano.com\\\/revista\\\/?s={search_term_string}\"},\"query-input\":{\"@type\":\"PropertyValueSpecification\",\"valueRequired\":true,\"valueName\":\"search_term_string\"}}],\"inLanguage\":\"es\"},{\"@type\":\"Organization\",\"@id\":\"https:\\\/\\\/centrourbano.com\\\/revista\\\/#organization\",\"name\":\"Centro Urbano\",\"url\":\"https:\\\/\\\/centrourbano.com\\\/revista\\\/\",\"logo\":{\"@type\":\"ImageObject\",\"inLanguage\":\"es\",\"@id\":\"https:\\\/\\\/centrourbano.com\\\/revista\\\/#\\\/schema\\\/logo\\\/image\\\/\",\"url\":\"https:\\\/\\\/centrourbano.com\\\/revista\\\/wp-content\\\/uploads\\\/web_CU_logo-1.png\",\"contentUrl\":\"https:\\\/\\\/centrourbano.com\\\/revista\\\/wp-content\\\/uploads\\\/web_CU_logo-1.png\",\"width\":350,\"height\":91,\"caption\":\"Centro Urbano\"},\"image\":{\"@id\":\"https:\\\/\\\/centrourbano.com\\\/revista\\\/#\\\/schema\\\/logo\\\/image\\\/\"},\"sameAs\":[\"https:\\\/\\\/www.facebook.com\\\/portalcentrourbano\",\"https:\\\/\\\/x.com\\\/CentroUrbano\",\"https:\\\/\\\/www.instagram.com\\\/centro_urbano\\\/\",\"https:\\\/\\\/www.linkedin.com\\\/company\\\/centro-urbano\\\/\",\"http:\\\/\\\/www.youtube.com\\\/user\\\/portalcentrourbano\"]},{\"@type\":\"Person\",\"@id\":\"https:\\\/\\\/centrourbano.com\\\/revista\\\/#\\\/schema\\\/person\\\/db5aba19153b4dc77f48808c4c2e7027\",\"name\":\"Hanae Pacheco\",\"image\":{\"@type\":\"ImageObject\",\"inLanguage\":\"es\",\"@id\":\"https:\\\/\\\/secure.gravatar.com\\\/avatar\\\/85378918db488c7c72bd7acaea6909bbfd5df076ffaf5e56cf397f98ef67f72d?s=96&d=mm&r=g\",\"url\":\"https:\\\/\\\/secure.gravatar.com\\\/avatar\\\/85378918db488c7c72bd7acaea6909bbfd5df076ffaf5e56cf397f98ef67f72d?s=96&d=mm&r=g\",\"contentUrl\":\"https:\\\/\\\/secure.gravatar.com\\\/avatar\\\/85378918db488c7c72bd7acaea6909bbfd5df076ffaf5e56cf397f98ef67f72d?s=96&d=mm&r=g\",\"caption\":\"Hanae Pacheco\"},\"url\":\"https:\\\/\\\/centrourbano.com\\\/revista\\\/author\\\/hanae-pacheco\\\/\"}]}<\/script>\n<!-- \/ Yoast SEO plugin. -->","yoast_head_json":{"title":"Entender la belleza y tratar con el material -","description":"Los arquitectos no necesitan corregir, sino entender las verdaderas necesidades para poder integrar nuevos elementos","robots":{"index":"index","follow":"follow","max-snippet":"max-snippet:-1","max-image-preview":"max-image-preview:large","max-video-preview":"max-video-preview:-1"},"canonical":"https:\/\/centrourbano.com\/revista\/arquitectura-2\/entender-belleza-tratar-material\/","og_locale":"es_ES","og_type":"article","og_title":"Entender la belleza y tratar con el material -","og_description":"Los arquitectos no necesitan corregir, sino entender las verdaderas necesidades para poder integrar nuevos elementos","og_url":"https:\/\/centrourbano.com\/revista\/arquitectura-2\/entender-belleza-tratar-material\/","og_site_name":"Centro Urbano","article_publisher":"https:\/\/www.facebook.com\/portalcentrourbano","article_published_time":"2017-03-14T16:00:45+00:00","og_image":[{"width":941,"height":615,"url":"https:\/\/centrourbano.com\/revista\/wp-content\/uploads\/tatiana-bilboa.png","type":"image\/png"}],"author":"Hanae Pacheco","twitter_card":"summary_large_image","twitter_creator":"@CentroUrbano","twitter_site":"@CentroUrbano","twitter_misc":{"Escrito por":"Hanae Pacheco","Tiempo de lectura":"3 minutos"},"schema":{"@context":"https:\/\/schema.org","@graph":[{"@type":"Article","@id":"https:\/\/centrourbano.com\/revista\/arquitectura-2\/entender-belleza-tratar-material\/#article","isPartOf":{"@id":"https:\/\/centrourbano.com\/revista\/arquitectura-2\/entender-belleza-tratar-material\/"},"author":{"name":"Hanae Pacheco","@id":"https:\/\/centrourbano.com\/revista\/#\/schema\/person\/db5aba19153b4dc77f48808c4c2e7027"},"headline":"Entender la belleza y tratar con el material","datePublished":"2017-03-14T16:00:45+00:00","mainEntityOfPage":{"@id":"https:\/\/centrourbano.com\/revista\/arquitectura-2\/entender-belleza-tratar-material\/"},"wordCount":627,"commentCount":0,"publisher":{"@id":"https:\/\/centrourbano.com\/revista\/#organization"},"image":{"@id":"https:\/\/centrourbano.com\/revista\/arquitectura-2\/entender-belleza-tratar-material\/#primaryimage"},"thumbnailUrl":"https:\/\/centrourbano.com\/revista\/wp-content\/uploads\/tatiana-bilboa.png","articleSection":["Arquitectura"],"inLanguage":"es","potentialAction":[{"@type":"CommentAction","name":"Comment","target":["https:\/\/centrourbano.com\/revista\/arquitectura-2\/entender-belleza-tratar-material\/#respond"]}]},{"@type":"WebPage","@id":"https:\/\/centrourbano.com\/revista\/arquitectura-2\/entender-belleza-tratar-material\/","url":"https:\/\/centrourbano.com\/revista\/arquitectura-2\/entender-belleza-tratar-material\/","name":"Entender la belleza y tratar con el material -","isPartOf":{"@id":"https:\/\/centrourbano.com\/revista\/#website"},"primaryImageOfPage":{"@id":"https:\/\/centrourbano.com\/revista\/arquitectura-2\/entender-belleza-tratar-material\/#primaryimage"},"image":{"@id":"https:\/\/centrourbano.com\/revista\/arquitectura-2\/entender-belleza-tratar-material\/#primaryimage"},"thumbnailUrl":"https:\/\/centrourbano.com\/revista\/wp-content\/uploads\/tatiana-bilboa.png","datePublished":"2017-03-14T16:00:45+00:00","description":"Los arquitectos no necesitan corregir, sino entender las verdaderas necesidades para poder integrar nuevos elementos","breadcrumb":{"@id":"https:\/\/centrourbano.com\/revista\/arquitectura-2\/entender-belleza-tratar-material\/#breadcrumb"},"inLanguage":"es","potentialAction":[{"@type":"ReadAction","target":["https:\/\/centrourbano.com\/revista\/arquitectura-2\/entender-belleza-tratar-material\/"]}]},{"@type":"ImageObject","inLanguage":"es","@id":"https:\/\/centrourbano.com\/revista\/arquitectura-2\/entender-belleza-tratar-material\/#primaryimage","url":"https:\/\/centrourbano.com\/revista\/wp-content\/uploads\/tatiana-bilboa.png","contentUrl":"https:\/\/centrourbano.com\/revista\/wp-content\/uploads\/tatiana-bilboa.png","width":941,"height":615,"caption":"Entender la belleza y tratar con el material"},{"@type":"BreadcrumbList","@id":"https:\/\/centrourbano.com\/revista\/arquitectura-2\/entender-belleza-tratar-material\/#breadcrumb","itemListElement":[{"@type":"ListItem","position":1,"name":"Portada","item":"https:\/\/centrourbano.com\/revista\/"},{"@type":"ListItem","position":2,"name":"Entender la belleza y tratar con el material"}]},{"@type":"WebSite","@id":"https:\/\/centrourbano.com\/revista\/#website","url":"https:\/\/centrourbano.com\/revista\/","name":"Centro Urbano","description":"Medio especializado en los sectores vivienda, inmobiliario, construcci\u00f3n, arquitectura y urbanismo.","publisher":{"@id":"https:\/\/centrourbano.com\/revista\/#organization"},"potentialAction":[{"@type":"SearchAction","target":{"@type":"EntryPoint","urlTemplate":"https:\/\/centrourbano.com\/revista\/?s={search_term_string}"},"query-input":{"@type":"PropertyValueSpecification","valueRequired":true,"valueName":"search_term_string"}}],"inLanguage":"es"},{"@type":"Organization","@id":"https:\/\/centrourbano.com\/revista\/#organization","name":"Centro Urbano","url":"https:\/\/centrourbano.com\/revista\/","logo":{"@type":"ImageObject","inLanguage":"es","@id":"https:\/\/centrourbano.com\/revista\/#\/schema\/logo\/image\/","url":"https:\/\/centrourbano.com\/revista\/wp-content\/uploads\/web_CU_logo-1.png","contentUrl":"https:\/\/centrourbano.com\/revista\/wp-content\/uploads\/web_CU_logo-1.png","width":350,"height":91,"caption":"Centro Urbano"},"image":{"@id":"https:\/\/centrourbano.com\/revista\/#\/schema\/logo\/image\/"},"sameAs":["https:\/\/www.facebook.com\/portalcentrourbano","https:\/\/x.com\/CentroUrbano","https:\/\/www.instagram.com\/centro_urbano\/","https:\/\/www.linkedin.com\/company\/centro-urbano\/","http:\/\/www.youtube.com\/user\/portalcentrourbano"]},{"@type":"Person","@id":"https:\/\/centrourbano.com\/revista\/#\/schema\/person\/db5aba19153b4dc77f48808c4c2e7027","name":"Hanae Pacheco","image":{"@type":"ImageObject","inLanguage":"es","@id":"https:\/\/secure.gravatar.com\/avatar\/85378918db488c7c72bd7acaea6909bbfd5df076ffaf5e56cf397f98ef67f72d?s=96&d=mm&r=g","url":"https:\/\/secure.gravatar.com\/avatar\/85378918db488c7c72bd7acaea6909bbfd5df076ffaf5e56cf397f98ef67f72d?s=96&d=mm&r=g","contentUrl":"https:\/\/secure.gravatar.com\/avatar\/85378918db488c7c72bd7acaea6909bbfd5df076ffaf5e56cf397f98ef67f72d?s=96&d=mm&r=g","caption":"Hanae Pacheco"},"url":"https:\/\/centrourbano.com\/revista\/author\/hanae-pacheco\/"}]}},"_links":{"self":[{"href":"https:\/\/centrourbano.com\/revista\/wp-json\/wp\/v2\/posts\/50320","targetHints":{"allow":["GET"]}}],"collection":[{"href":"https:\/\/centrourbano.com\/revista\/wp-json\/wp\/v2\/posts"}],"about":[{"href":"https:\/\/centrourbano.com\/revista\/wp-json\/wp\/v2\/types\/post"}],"author":[{"embeddable":true,"href":"https:\/\/centrourbano.com\/revista\/wp-json\/wp\/v2\/users\/45"}],"replies":[{"embeddable":true,"href":"https:\/\/centrourbano.com\/revista\/wp-json\/wp\/v2\/comments?post=50320"}],"version-history":[{"count":0,"href":"https:\/\/centrourbano.com\/revista\/wp-json\/wp\/v2\/posts\/50320\/revisions"}],"wp:featuredmedia":[{"embeddable":true,"href":"https:\/\/centrourbano.com\/revista\/wp-json\/wp\/v2\/media\/50321"}],"wp:attachment":[{"href":"https:\/\/centrourbano.com\/revista\/wp-json\/wp\/v2\/media?parent=50320"}],"wp:term":[{"taxonomy":"category","embeddable":true,"href":"https:\/\/centrourbano.com\/revista\/wp-json\/wp\/v2\/categories?post=50320"},{"taxonomy":"post_tag","embeddable":true,"href":"https:\/\/centrourbano.com\/revista\/wp-json\/wp\/v2\/tags?post=50320"}],"curies":[{"name":"wp","href":"https:\/\/api.w.org\/{rel}","templated":true}]}}