{"id":50298,"date":"2017-03-14T08:00:47","date_gmt":"2017-03-14T14:00:47","guid":{"rendered":"https:\/\/centrourbano.com\/?p=50298"},"modified":"2017-03-13T18:24:56","modified_gmt":"2017-03-14T00:24:56","slug":"vivienda-elemento-ordenador-ciudades-robles","status":"publish","type":"post","link":"https:\/\/centrourbano.com\/revista\/vivienda\/vivienda-elemento-ordenador-ciudades-robles\/","title":{"rendered":"Vivienda, elemento ordenador de ciudades: Robles"},"content":{"rendered":"<p><em>La titular de Sedatu se\u00f1al\u00f3 que se trabaja en la redensificaci\u00f3n y el aprovechamiento de zonas intraurbanas deshabitadas <\/em><!--more--><\/p>\n<p>La vivienda debe verse como el elemento ordenador en el desarrollo urbano sustentable e incluyente, asegur\u00f3 Rosario Robles Berlanga, titular de la Secretar\u00eda de Desarrollo Agrario, Territorial y Urbano (Sedatu). <\/p>\n<p>Al participar en la presentaci\u00f3n y entrega de los informes municipales del \u00cdndice de las Ciudades Pr\u00f3speras, la funcionaria reiter\u00f3 que desde Sedatu se trabaja en la redensificaci\u00f3n de las ciudades. <\/p>\n<p>\u201cEn el compromiso que firmamos a favor de la vivienda, el pasado viernes, ratificamos el compromiso del presidente Enrique Pe\u00f1a Nieto asumido desde el primer d\u00eda de su gobierno: que la vivienda tiene que ir dentro de los per\u00edmetros de contenci\u00f3n, que tenemos que redensificar nuestras ciudades y utilizar las zonas intraurbanas que tenemos deshabitadas\u201d, dijo. <\/p>\n<p>La secretaria se\u00f1al\u00f3 que el reto en los pr\u00f3ximos meses ser\u00e1 rehabilitar espacios urbanos que se han vuelto precarios; adem\u00e1s de desarrollare vivienda de mayor calidad. <\/p>\n<p>\u201cDebemos trabajar unidos los 3 \u00f3rdenes de gobierno para poder pensar y planear las ciudades del 20-30, porque todas las decisiones que estamos tomando hoy son decisiones que tienen consecuencias hacia dentro de 20 a\u00f1os\u201d, dijo. <\/p>\n<p>Por otro lado, encomi\u00f3 el trabajo que ha realizado el Infonavit, sobre todo al desarrollar, con ONU-H\u00e1bitat, el \u00edndice de ciudades Pr\u00f3speras. <\/p>\n<p>En lo referente asegur\u00f3 que el Instituto \u201cha asumido a plenitud la visi\u00f3n de la Nueva Agenda Urbana que ha trascendido la l\u00f3gica de que el Instituto, lo \u00fanico que tiene que hacer y generar es cr\u00e9ditos para las y los trabajadores sino en la perspectiva de asumir su rol como el principal motor de la vivienda en el pa\u00eds y en consecuencia c\u00f3mo estamos construyendo vivienda para construir ciudades\u201d. <\/p>\n","protected":false},"excerpt":{"rendered":"<p>La titular de Sedatu se\u00f1al\u00f3 que se trabaja en la redensificaci\u00f3n y el aprovechamiento de zonas intraurbanas deshabitadas<\/p>\n","protected":false},"author":47,"featured_media":50299,"comment_status":"open","ping_status":"closed","sticky":false,"template":"","format":"standard","meta":{"om_disable_all_campaigns":false,"inline_featured_image":false,"_monsterinsights_skip_tracking":false,"_monsterinsights_sitenote_active":false,"_monsterinsights_sitenote_note":"","_monsterinsights_sitenote_category":0,"footnotes":""},"categories":[12],"tags":[6255,105,60],"class_list":["post-50298","post","type-post","status-publish","format-standard","has-post-thumbnail","hentry","category-vivienda","tag-rosario-robles-berlanga","tag-sedatu","tag-vivienda-2"],"yoast_head":"<!-- This site is optimized with the Yoast SEO plugin v27.4 - https:\/\/yoast.com\/product\/yoast-seo-wordpress\/ -->\n<title>Vivienda, elemento ordenador de ciudades: Robles -<\/title>\n<meta name=\"description\" content=\"La vivienda debe verse como el elemento ordenador en el desarrollo urbano sustentable e incluyente, asegur\u00f3 Rosario Robles Berlanga, titular de la Secretar\u00eda de Desarrollo Agrario, Territorial y Urbano (Sedatu).\" \/>\n<meta name=\"robots\" content=\"index, follow, max-snippet:-1, max-image-preview:large, max-video-preview:-1\" \/>\n<link rel=\"canonical\" href=\"https:\/\/centrourbano.com\/revista\/vivienda\/vivienda-elemento-ordenador-ciudades-robles\/\" \/>\n<meta property=\"og:locale\" content=\"es_ES\" \/>\n<meta property=\"og:type\" content=\"article\" \/>\n<meta property=\"og:title\" content=\"Vivienda, elemento ordenador de ciudades: Robles -\" \/>\n<meta property=\"og:description\" content=\"La vivienda debe verse como el elemento ordenador en el desarrollo urbano sustentable e incluyente, asegur\u00f3 Rosario Robles Berlanga, titular de la Secretar\u00eda de Desarrollo Agrario, Territorial y Urbano (Sedatu).\" \/>\n<meta property=\"og:url\" content=\"https:\/\/centrourbano.com\/revista\/vivienda\/vivienda-elemento-ordenador-ciudades-robles\/\" \/>\n<meta property=\"og:site_name\" content=\"Centro Urbano\" \/>\n<meta property=\"article:publisher\" content=\"https:\/\/www.facebook.com\/portalcentrourbano\" \/>\n<meta property=\"article:published_time\" content=\"2017-03-14T14:00:47+00:00\" \/>\n<meta property=\"og:image\" content=\"https:\/\/centrourbano.com\/revista\/wp-content\/uploads\/RRB_CPI.jpeg\" \/>\n\t<meta property=\"og:image:width\" content=\"800\" \/>\n\t<meta property=\"og:image:height\" content=\"532\" \/>\n\t<meta property=\"og:image:type\" content=\"image\/jpeg\" \/>\n<meta name=\"author\" content=\"Edgar Rosas\" \/>\n<meta name=\"twitter:card\" content=\"summary_large_image\" \/>\n<meta name=\"twitter:creator\" content=\"@https:\/\/twitter.com\/ERosasCU?s=09\" \/>\n<meta name=\"twitter:site\" content=\"@CentroUrbano\" \/>\n<meta name=\"twitter:label1\" content=\"Escrito por\" \/>\n\t<meta name=\"twitter:data1\" content=\"Edgar Rosas\" \/>\n\t<meta name=\"twitter:label2\" content=\"Tiempo de lectura\" \/>\n\t<meta name=\"twitter:data2\" content=\"2 minutos\" \/>\n<script type=\"application\/ld+json\" class=\"yoast-schema-graph\">{\"@context\":\"https:\\\/\\\/schema.org\",\"@graph\":[{\"@type\":\"Article\",\"@id\":\"https:\\\/\\\/centrourbano.com\\\/revista\\\/vivienda\\\/vivienda-elemento-ordenador-ciudades-robles\\\/#article\",\"isPartOf\":{\"@id\":\"https:\\\/\\\/centrourbano.com\\\/revista\\\/vivienda\\\/vivienda-elemento-ordenador-ciudades-robles\\\/\"},\"author\":{\"name\":\"Edgar Rosas\",\"@id\":\"https:\\\/\\\/centrourbano.com\\\/revista\\\/#\\\/schema\\\/person\\\/ff3c00651ce5b1630479d2cd0c2e3ac0\"},\"headline\":\"Vivienda, elemento ordenador de ciudades: Robles\",\"datePublished\":\"2017-03-14T14:00:47+00:00\",\"mainEntityOfPage\":{\"@id\":\"https:\\\/\\\/centrourbano.com\\\/revista\\\/vivienda\\\/vivienda-elemento-ordenador-ciudades-robles\\\/\"},\"wordCount\":314,\"commentCount\":0,\"publisher\":{\"@id\":\"https:\\\/\\\/centrourbano.com\\\/revista\\\/#organization\"},\"image\":{\"@id\":\"https:\\\/\\\/centrourbano.com\\\/revista\\\/vivienda\\\/vivienda-elemento-ordenador-ciudades-robles\\\/#primaryimage\"},\"thumbnailUrl\":\"https:\\\/\\\/centrourbano.com\\\/revista\\\/wp-content\\\/uploads\\\/RRB_CPI.jpeg\",\"keywords\":[\"Rosario Robles Berlanga\",\"Sedatu\",\"vivienda\"],\"articleSection\":[\"Vivienda\"],\"inLanguage\":\"es\",\"potentialAction\":[{\"@type\":\"CommentAction\",\"name\":\"Comment\",\"target\":[\"https:\\\/\\\/centrourbano.com\\\/revista\\\/vivienda\\\/vivienda-elemento-ordenador-ciudades-robles\\\/#respond\"]}]},{\"@type\":\"WebPage\",\"@id\":\"https:\\\/\\\/centrourbano.com\\\/revista\\\/vivienda\\\/vivienda-elemento-ordenador-ciudades-robles\\\/\",\"url\":\"https:\\\/\\\/centrourbano.com\\\/revista\\\/vivienda\\\/vivienda-elemento-ordenador-ciudades-robles\\\/\",\"name\":\"Vivienda, elemento ordenador de ciudades: Robles -\",\"isPartOf\":{\"@id\":\"https:\\\/\\\/centrourbano.com\\\/revista\\\/#website\"},\"primaryImageOfPage\":{\"@id\":\"https:\\\/\\\/centrourbano.com\\\/revista\\\/vivienda\\\/vivienda-elemento-ordenador-ciudades-robles\\\/#primaryimage\"},\"image\":{\"@id\":\"https:\\\/\\\/centrourbano.com\\\/revista\\\/vivienda\\\/vivienda-elemento-ordenador-ciudades-robles\\\/#primaryimage\"},\"thumbnailUrl\":\"https:\\\/\\\/centrourbano.com\\\/revista\\\/wp-content\\\/uploads\\\/RRB_CPI.jpeg\",\"datePublished\":\"2017-03-14T14:00:47+00:00\",\"description\":\"La vivienda debe verse como el elemento ordenador en el desarrollo urbano sustentable e incluyente, asegur\u00f3 Rosario Robles Berlanga, titular de la Secretar\u00eda de Desarrollo Agrario, Territorial y Urbano (Sedatu).\",\"breadcrumb\":{\"@id\":\"https:\\\/\\\/centrourbano.com\\\/revista\\\/vivienda\\\/vivienda-elemento-ordenador-ciudades-robles\\\/#breadcrumb\"},\"inLanguage\":\"es\",\"potentialAction\":[{\"@type\":\"ReadAction\",\"target\":[\"https:\\\/\\\/centrourbano.com\\\/revista\\\/vivienda\\\/vivienda-elemento-ordenador-ciudades-robles\\\/\"]}]},{\"@type\":\"ImageObject\",\"inLanguage\":\"es\",\"@id\":\"https:\\\/\\\/centrourbano.com\\\/revista\\\/vivienda\\\/vivienda-elemento-ordenador-ciudades-robles\\\/#primaryimage\",\"url\":\"https:\\\/\\\/centrourbano.com\\\/revista\\\/wp-content\\\/uploads\\\/RRB_CPI.jpeg\",\"contentUrl\":\"https:\\\/\\\/centrourbano.com\\\/revista\\\/wp-content\\\/uploads\\\/RRB_CPI.jpeg\",\"width\":800,\"height\":532,\"caption\":\"La titular de Sedatu se\u00f1al\u00f3 que se trabaja en la redensificaci\u00f3n y el aprovechamiento de zonas intraurbanas deshabitadas\"},{\"@type\":\"BreadcrumbList\",\"@id\":\"https:\\\/\\\/centrourbano.com\\\/revista\\\/vivienda\\\/vivienda-elemento-ordenador-ciudades-robles\\\/#breadcrumb\",\"itemListElement\":[{\"@type\":\"ListItem\",\"position\":1,\"name\":\"Portada\",\"item\":\"https:\\\/\\\/centrourbano.com\\\/revista\\\/\"},{\"@type\":\"ListItem\",\"position\":2,\"name\":\"Vivienda, elemento ordenador de ciudades: Robles\"}]},{\"@type\":\"WebSite\",\"@id\":\"https:\\\/\\\/centrourbano.com\\\/revista\\\/#website\",\"url\":\"https:\\\/\\\/centrourbano.com\\\/revista\\\/\",\"name\":\"Centro Urbano\",\"description\":\"Medio especializado en los sectores vivienda, inmobiliario, construcci\u00f3n, arquitectura y urbanismo.\",\"publisher\":{\"@id\":\"https:\\\/\\\/centrourbano.com\\\/revista\\\/#organization\"},\"potentialAction\":[{\"@type\":\"SearchAction\",\"target\":{\"@type\":\"EntryPoint\",\"urlTemplate\":\"https:\\\/\\\/centrourbano.com\\\/revista\\\/?s={search_term_string}\"},\"query-input\":{\"@type\":\"PropertyValueSpecification\",\"valueRequired\":true,\"valueName\":\"search_term_string\"}}],\"inLanguage\":\"es\"},{\"@type\":\"Organization\",\"@id\":\"https:\\\/\\\/centrourbano.com\\\/revista\\\/#organization\",\"name\":\"Centro Urbano\",\"url\":\"https:\\\/\\\/centrourbano.com\\\/revista\\\/\",\"logo\":{\"@type\":\"ImageObject\",\"inLanguage\":\"es\",\"@id\":\"https:\\\/\\\/centrourbano.com\\\/revista\\\/#\\\/schema\\\/logo\\\/image\\\/\",\"url\":\"https:\\\/\\\/centrourbano.com\\\/revista\\\/wp-content\\\/uploads\\\/web_CU_logo-1.png\",\"contentUrl\":\"https:\\\/\\\/centrourbano.com\\\/revista\\\/wp-content\\\/uploads\\\/web_CU_logo-1.png\",\"width\":350,\"height\":91,\"caption\":\"Centro Urbano\"},\"image\":{\"@id\":\"https:\\\/\\\/centrourbano.com\\\/revista\\\/#\\\/schema\\\/logo\\\/image\\\/\"},\"sameAs\":[\"https:\\\/\\\/www.facebook.com\\\/portalcentrourbano\",\"https:\\\/\\\/x.com\\\/CentroUrbano\",\"https:\\\/\\\/www.instagram.com\\\/centro_urbano\\\/\",\"https:\\\/\\\/www.linkedin.com\\\/company\\\/centro-urbano\\\/\",\"http:\\\/\\\/www.youtube.com\\\/user\\\/portalcentrourbano\"]},{\"@type\":\"Person\",\"@id\":\"https:\\\/\\\/centrourbano.com\\\/revista\\\/#\\\/schema\\\/person\\\/ff3c00651ce5b1630479d2cd0c2e3ac0\",\"name\":\"Edgar Rosas\",\"image\":{\"@type\":\"ImageObject\",\"inLanguage\":\"es\",\"@id\":\"https:\\\/\\\/secure.gravatar.com\\\/avatar\\\/94440c4283495211faa5300bf85e80061036b83fced868c3783aa1310b350d9c?s=96&d=mm&r=g\",\"url\":\"https:\\\/\\\/secure.gravatar.com\\\/avatar\\\/94440c4283495211faa5300bf85e80061036b83fced868c3783aa1310b350d9c?s=96&d=mm&r=g\",\"contentUrl\":\"https:\\\/\\\/secure.gravatar.com\\\/avatar\\\/94440c4283495211faa5300bf85e80061036b83fced868c3783aa1310b350d9c?s=96&d=mm&r=g\",\"caption\":\"Edgar Rosas\"},\"description\":\"Editor en Jefe de Centro Urbano. Egresado de la maestr\u00eda en Periodismo Pol\u00edtico de la Escuela de Periodismo Carlos Septi\u00e9n Garc\u00eda (EPCSG). Estudi\u00f3 la licenciatura en Comunicaci\u00f3n en la Universidad Mexicana. Amante de la cr\u00f3nica y el reportaje. Admirador de Vicente Le\u00f1ero y Miguel \u00c1ngel Granados Chapa.\",\"sameAs\":[\"https:\\\/\\\/x.com\\\/https:\\\/\\\/twitter.com\\\/ERosasCU?s=09\"],\"url\":\"https:\\\/\\\/centrourbano.com\\\/revista\\\/author\\\/edgar-rosas\\\/\"}]}<\/script>\n<!-- \/ Yoast SEO plugin. -->","yoast_head_json":{"title":"Vivienda, elemento ordenador de ciudades: Robles -","description":"La vivienda debe verse como el elemento ordenador en el desarrollo urbano sustentable e incluyente, asegur\u00f3 Rosario Robles Berlanga, titular de la Secretar\u00eda de Desarrollo Agrario, Territorial y Urbano (Sedatu).","robots":{"index":"index","follow":"follow","max-snippet":"max-snippet:-1","max-image-preview":"max-image-preview:large","max-video-preview":"max-video-preview:-1"},"canonical":"https:\/\/centrourbano.com\/revista\/vivienda\/vivienda-elemento-ordenador-ciudades-robles\/","og_locale":"es_ES","og_type":"article","og_title":"Vivienda, elemento ordenador de ciudades: Robles -","og_description":"La vivienda debe verse como el elemento ordenador en el desarrollo urbano sustentable e incluyente, asegur\u00f3 Rosario Robles Berlanga, titular de la Secretar\u00eda de Desarrollo Agrario, Territorial y Urbano (Sedatu).","og_url":"https:\/\/centrourbano.com\/revista\/vivienda\/vivienda-elemento-ordenador-ciudades-robles\/","og_site_name":"Centro Urbano","article_publisher":"https:\/\/www.facebook.com\/portalcentrourbano","article_published_time":"2017-03-14T14:00:47+00:00","og_image":[{"width":800,"height":532,"url":"https:\/\/centrourbano.com\/revista\/wp-content\/uploads\/RRB_CPI.jpeg","type":"image\/jpeg"}],"author":"Edgar Rosas","twitter_card":"summary_large_image","twitter_creator":"@https:\/\/twitter.com\/ERosasCU?s=09","twitter_site":"@CentroUrbano","twitter_misc":{"Escrito por":"Edgar Rosas","Tiempo de lectura":"2 minutos"},"schema":{"@context":"https:\/\/schema.org","@graph":[{"@type":"Article","@id":"https:\/\/centrourbano.com\/revista\/vivienda\/vivienda-elemento-ordenador-ciudades-robles\/#article","isPartOf":{"@id":"https:\/\/centrourbano.com\/revista\/vivienda\/vivienda-elemento-ordenador-ciudades-robles\/"},"author":{"name":"Edgar Rosas","@id":"https:\/\/centrourbano.com\/revista\/#\/schema\/person\/ff3c00651ce5b1630479d2cd0c2e3ac0"},"headline":"Vivienda, elemento ordenador de ciudades: Robles","datePublished":"2017-03-14T14:00:47+00:00","mainEntityOfPage":{"@id":"https:\/\/centrourbano.com\/revista\/vivienda\/vivienda-elemento-ordenador-ciudades-robles\/"},"wordCount":314,"commentCount":0,"publisher":{"@id":"https:\/\/centrourbano.com\/revista\/#organization"},"image":{"@id":"https:\/\/centrourbano.com\/revista\/vivienda\/vivienda-elemento-ordenador-ciudades-robles\/#primaryimage"},"thumbnailUrl":"https:\/\/centrourbano.com\/revista\/wp-content\/uploads\/RRB_CPI.jpeg","keywords":["Rosario Robles Berlanga","Sedatu","vivienda"],"articleSection":["Vivienda"],"inLanguage":"es","potentialAction":[{"@type":"CommentAction","name":"Comment","target":["https:\/\/centrourbano.com\/revista\/vivienda\/vivienda-elemento-ordenador-ciudades-robles\/#respond"]}]},{"@type":"WebPage","@id":"https:\/\/centrourbano.com\/revista\/vivienda\/vivienda-elemento-ordenador-ciudades-robles\/","url":"https:\/\/centrourbano.com\/revista\/vivienda\/vivienda-elemento-ordenador-ciudades-robles\/","name":"Vivienda, elemento ordenador de ciudades: Robles -","isPartOf":{"@id":"https:\/\/centrourbano.com\/revista\/#website"},"primaryImageOfPage":{"@id":"https:\/\/centrourbano.com\/revista\/vivienda\/vivienda-elemento-ordenador-ciudades-robles\/#primaryimage"},"image":{"@id":"https:\/\/centrourbano.com\/revista\/vivienda\/vivienda-elemento-ordenador-ciudades-robles\/#primaryimage"},"thumbnailUrl":"https:\/\/centrourbano.com\/revista\/wp-content\/uploads\/RRB_CPI.jpeg","datePublished":"2017-03-14T14:00:47+00:00","description":"La vivienda debe verse como el elemento ordenador en el desarrollo urbano sustentable e incluyente, asegur\u00f3 Rosario Robles Berlanga, titular de la Secretar\u00eda de Desarrollo Agrario, Territorial y Urbano (Sedatu).","breadcrumb":{"@id":"https:\/\/centrourbano.com\/revista\/vivienda\/vivienda-elemento-ordenador-ciudades-robles\/#breadcrumb"},"inLanguage":"es","potentialAction":[{"@type":"ReadAction","target":["https:\/\/centrourbano.com\/revista\/vivienda\/vivienda-elemento-ordenador-ciudades-robles\/"]}]},{"@type":"ImageObject","inLanguage":"es","@id":"https:\/\/centrourbano.com\/revista\/vivienda\/vivienda-elemento-ordenador-ciudades-robles\/#primaryimage","url":"https:\/\/centrourbano.com\/revista\/wp-content\/uploads\/RRB_CPI.jpeg","contentUrl":"https:\/\/centrourbano.com\/revista\/wp-content\/uploads\/RRB_CPI.jpeg","width":800,"height":532,"caption":"La titular de Sedatu se\u00f1al\u00f3 que se trabaja en la redensificaci\u00f3n y el aprovechamiento de zonas intraurbanas deshabitadas"},{"@type":"BreadcrumbList","@id":"https:\/\/centrourbano.com\/revista\/vivienda\/vivienda-elemento-ordenador-ciudades-robles\/#breadcrumb","itemListElement":[{"@type":"ListItem","position":1,"name":"Portada","item":"https:\/\/centrourbano.com\/revista\/"},{"@type":"ListItem","position":2,"name":"Vivienda, elemento ordenador de ciudades: Robles"}]},{"@type":"WebSite","@id":"https:\/\/centrourbano.com\/revista\/#website","url":"https:\/\/centrourbano.com\/revista\/","name":"Centro Urbano","description":"Medio especializado en los sectores vivienda, inmobiliario, construcci\u00f3n, arquitectura y urbanismo.","publisher":{"@id":"https:\/\/centrourbano.com\/revista\/#organization"},"potentialAction":[{"@type":"SearchAction","target":{"@type":"EntryPoint","urlTemplate":"https:\/\/centrourbano.com\/revista\/?s={search_term_string}"},"query-input":{"@type":"PropertyValueSpecification","valueRequired":true,"valueName":"search_term_string"}}],"inLanguage":"es"},{"@type":"Organization","@id":"https:\/\/centrourbano.com\/revista\/#organization","name":"Centro Urbano","url":"https:\/\/centrourbano.com\/revista\/","logo":{"@type":"ImageObject","inLanguage":"es","@id":"https:\/\/centrourbano.com\/revista\/#\/schema\/logo\/image\/","url":"https:\/\/centrourbano.com\/revista\/wp-content\/uploads\/web_CU_logo-1.png","contentUrl":"https:\/\/centrourbano.com\/revista\/wp-content\/uploads\/web_CU_logo-1.png","width":350,"height":91,"caption":"Centro Urbano"},"image":{"@id":"https:\/\/centrourbano.com\/revista\/#\/schema\/logo\/image\/"},"sameAs":["https:\/\/www.facebook.com\/portalcentrourbano","https:\/\/x.com\/CentroUrbano","https:\/\/www.instagram.com\/centro_urbano\/","https:\/\/www.linkedin.com\/company\/centro-urbano\/","http:\/\/www.youtube.com\/user\/portalcentrourbano"]},{"@type":"Person","@id":"https:\/\/centrourbano.com\/revista\/#\/schema\/person\/ff3c00651ce5b1630479d2cd0c2e3ac0","name":"Edgar Rosas","image":{"@type":"ImageObject","inLanguage":"es","@id":"https:\/\/secure.gravatar.com\/avatar\/94440c4283495211faa5300bf85e80061036b83fced868c3783aa1310b350d9c?s=96&d=mm&r=g","url":"https:\/\/secure.gravatar.com\/avatar\/94440c4283495211faa5300bf85e80061036b83fced868c3783aa1310b350d9c?s=96&d=mm&r=g","contentUrl":"https:\/\/secure.gravatar.com\/avatar\/94440c4283495211faa5300bf85e80061036b83fced868c3783aa1310b350d9c?s=96&d=mm&r=g","caption":"Edgar Rosas"},"description":"Editor en Jefe de Centro Urbano. Egresado de la maestr\u00eda en Periodismo Pol\u00edtico de la Escuela de Periodismo Carlos Septi\u00e9n Garc\u00eda (EPCSG). Estudi\u00f3 la licenciatura en Comunicaci\u00f3n en la Universidad Mexicana. Amante de la cr\u00f3nica y el reportaje. Admirador de Vicente Le\u00f1ero y Miguel \u00c1ngel Granados Chapa.","sameAs":["https:\/\/x.com\/https:\/\/twitter.com\/ERosasCU?s=09"],"url":"https:\/\/centrourbano.com\/revista\/author\/edgar-rosas\/"}]}},"_links":{"self":[{"href":"https:\/\/centrourbano.com\/revista\/wp-json\/wp\/v2\/posts\/50298","targetHints":{"allow":["GET"]}}],"collection":[{"href":"https:\/\/centrourbano.com\/revista\/wp-json\/wp\/v2\/posts"}],"about":[{"href":"https:\/\/centrourbano.com\/revista\/wp-json\/wp\/v2\/types\/post"}],"author":[{"embeddable":true,"href":"https:\/\/centrourbano.com\/revista\/wp-json\/wp\/v2\/users\/47"}],"replies":[{"embeddable":true,"href":"https:\/\/centrourbano.com\/revista\/wp-json\/wp\/v2\/comments?post=50298"}],"version-history":[{"count":0,"href":"https:\/\/centrourbano.com\/revista\/wp-json\/wp\/v2\/posts\/50298\/revisions"}],"wp:featuredmedia":[{"embeddable":true,"href":"https:\/\/centrourbano.com\/revista\/wp-json\/wp\/v2\/media\/50299"}],"wp:attachment":[{"href":"https:\/\/centrourbano.com\/revista\/wp-json\/wp\/v2\/media?parent=50298"}],"wp:term":[{"taxonomy":"category","embeddable":true,"href":"https:\/\/centrourbano.com\/revista\/wp-json\/wp\/v2\/categories?post=50298"},{"taxonomy":"post_tag","embeddable":true,"href":"https:\/\/centrourbano.com\/revista\/wp-json\/wp\/v2\/tags?post=50298"}],"curies":[{"name":"wp","href":"https:\/\/api.w.org\/{rel}","templated":true}]}}