{"id":50127,"date":"2017-03-10T09:00:04","date_gmt":"2017-03-10T15:00:04","guid":{"rendered":"https:\/\/centrourbano.com\/?p=50127"},"modified":"2017-03-09T12:27:36","modified_gmt":"2017-03-09T18:27:36","slug":"inauguran-carretera-solar-francia","status":"publish","type":"post","link":"https:\/\/centrourbano.com\/revista\/urbanismo\/inauguran-carretera-solar-francia\/","title":{"rendered":"Inauguran carretera solar en Francia"},"content":{"rendered":"<p><em>Se invirtieron de 5,200,000 de d\u00f3lares para cubrir con 2,800 metros cuadrados de paneles solares una pista de un kil\u00f3metro de extensi\u00f3n <\/em><\/p>\n<p><strong>\u00a0<\/strong><\/p>\n<p>La ministra de Ecolog\u00eda y Energ\u00eda de Francia, S\u00e9gol\u00e8ne Royal, anunci\u00f3 a principios de 2016 los planes de pavimentar 1,000 kil\u00f3metros de carreteras con paneles solares en un plazo de cinco a\u00f1os.<\/p>\n<p>&nbsp;<\/p>\n<p>Con esto, el gobierno busca promover la energ\u00eda sustentable y aprovechar la tecnolog\u00eda para suministrar energ\u00eda a las viviendas o a los sistemas de infraestructura p\u00fablica, especialmente en aquellos sectores donde su distribuci\u00f3n es m\u00e1s compleja.<\/p>\n<p>&nbsp;<\/p>\n<p>A inicios de marzo de este a\u00f1o, se inaugur\u00f3 el primer tramo del proyecto en una carretera del pueblo de Tourouvre-au-Perche, en la Regi\u00f3n de Normand\u00eda, al norte de Francia.<\/p>\n<p>&nbsp;<\/p>\n<p>La pista tiene un kil\u00f3metro de extensi\u00f3n y est\u00e1 cubierta por 2,800 metros cuadrados de paneles solares que son capaces de generar la energ\u00eda necesaria para el funcionamiento del sistema de iluminaci\u00f3n p\u00fablica del pueblo en donde viven 3.400 personas.<\/p>\n<p>&nbsp;<\/p>\n<p>El proyecto cont\u00f3 con una inversi\u00f3n de 5,200,000 de d\u00f3lares y fue dise\u00f1ado y realizado por la l\u00ednea Colas de la firma Wattway; informaron que la producci\u00f3n anual estimada es de 280 MWh con un promedio diario de 767 kWh que puede alcanzar los 1,500 kWh por d\u00eda durante los meses de verano.<\/p>\n<p>&nbsp;<\/p>\n<p>De acuerdo al plan de la empresa, los pr\u00f3ximos dos a\u00f1os servir\u00e1n para medir la eficiencia y sustentabilidad del sistema que se estima recibir\u00e1 2,000 veh\u00edculos diarios.<\/p>\n<a href=\"https:\/\/centrourbano.com\/revista\/wp-content\/uploads\/carretera-paneles-solares2.jpg\"><img loading=\"lazy\" decoding=\"async\" class=\"aligncenter wp-image-50129\" src=\"https:\/\/centrourbano.com\/revista\/wp-content\/uploads\/carretera-paneles-solares2-300x200.jpg\" alt=\"Inauguran carretera solar en Francia\" width=\"500\" height=\"333\" srcset=\"https:\/\/centrourbano.com\/revista\/wp-content\/uploads\/carretera-paneles-solares2-300x200.jpg 300w, https:\/\/centrourbano.com\/revista\/wp-content\/uploads\/carretera-paneles-solares2-768x511.jpg 768w, https:\/\/centrourbano.com\/revista\/wp-content\/uploads\/carretera-paneles-solares2.jpg 1000w\" sizes=\"auto, (max-width: 500px) 100vw, 500px\" \/><\/a>\n","protected":false},"excerpt":{"rendered":"<p>Se invirtieron de 5,200,000 de d\u00f3lares para cubrir con 2,800 metros cuadrados de paneles solares una pista de un kil\u00f3metro de extensi\u00f3n \u00a0 La ministra de Ecolog\u00eda y Energ\u00eda de Francia, S\u00e9gol\u00e8ne Royal, anunci\u00f3 a principios de 2016 los planes de pavimentar 1,000 kil\u00f3metros de carreteras con paneles solares en un plazo de cinco a\u00f1os. [&hellip;]<\/p>\n","protected":false},"author":45,"featured_media":50128,"comment_status":"open","ping_status":"closed","sticky":false,"template":"","format":"standard","meta":{"om_disable_all_campaigns":false,"inline_featured_image":false,"_monsterinsights_skip_tracking":false,"_monsterinsights_sitenote_active":false,"_monsterinsights_sitenote_note":"","_monsterinsights_sitenote_category":0,"footnotes":""},"categories":[82],"tags":[9758,37,3610,165],"class_list":["post-50127","post","type-post","status-publish","format-standard","has-post-thumbnail","hentry","category-urbanismo","tag-carretera-solar","tag-francia","tag-paneles-solares","tag-sustentabilidad"],"yoast_head":"<!-- This site is optimized with the Yoast SEO plugin v27.5 - https:\/\/yoast.com\/product\/yoast-seo-wordpress\/ -->\n<title>Inauguran carretera solar en Francia -<\/title>\n<meta name=\"description\" content=\"Se invirtieron de 5,200,000 de d\u00f3lares para cubrir con 2,800 metros cuadrados de paneles solares una pista de un kil\u00f3metro de extensi\u00f3n\" \/>\n<meta name=\"robots\" content=\"index, follow, max-snippet:-1, max-image-preview:large, max-video-preview:-1\" \/>\n<link rel=\"canonical\" href=\"https:\/\/centrourbano.com\/revista\/urbanismo\/inauguran-carretera-solar-francia\/\" \/>\n<meta property=\"og:locale\" content=\"es_ES\" \/>\n<meta property=\"og:type\" content=\"article\" \/>\n<meta property=\"og:title\" content=\"Inauguran carretera solar en Francia -\" \/>\n<meta property=\"og:description\" content=\"Se invirtieron de 5,200,000 de d\u00f3lares para cubrir con 2,800 metros cuadrados de paneles solares una pista de un kil\u00f3metro de extensi\u00f3n\" \/>\n<meta property=\"og:url\" content=\"https:\/\/centrourbano.com\/revista\/urbanismo\/inauguran-carretera-solar-francia\/\" \/>\n<meta property=\"og:site_name\" content=\"Centro Urbano\" \/>\n<meta property=\"article:publisher\" content=\"https:\/\/www.facebook.com\/portalcentrourbano\" \/>\n<meta property=\"article:published_time\" content=\"2017-03-10T15:00:04+00:00\" \/>\n<meta property=\"og:image\" content=\"https:\/\/centrourbano.com\/revista\/wp-content\/uploads\/carretera-paneles-solares.jpg\" \/>\n\t<meta property=\"og:image:width\" content=\"580\" \/>\n\t<meta property=\"og:image:height\" content=\"380\" \/>\n\t<meta property=\"og:image:type\" content=\"image\/jpeg\" \/>\n<meta name=\"author\" content=\"Hanae Pacheco\" \/>\n<meta name=\"twitter:card\" content=\"summary_large_image\" \/>\n<meta name=\"twitter:creator\" content=\"@CentroUrbano\" \/>\n<meta name=\"twitter:site\" content=\"@CentroUrbano\" \/>\n<meta name=\"twitter:label1\" content=\"Escrito por\" \/>\n\t<meta name=\"twitter:data1\" content=\"Hanae Pacheco\" \/>\n\t<meta name=\"twitter:label2\" content=\"Tiempo de lectura\" \/>\n\t<meta name=\"twitter:data2\" content=\"1 minuto\" \/>\n<script type=\"application\/ld+json\" class=\"yoast-schema-graph\">{\"@context\":\"https:\\\/\\\/schema.org\",\"@graph\":[{\"@type\":\"Article\",\"@id\":\"https:\\\/\\\/centrourbano.com\\\/revista\\\/urbanismo\\\/inauguran-carretera-solar-francia\\\/#article\",\"isPartOf\":{\"@id\":\"https:\\\/\\\/centrourbano.com\\\/revista\\\/urbanismo\\\/inauguran-carretera-solar-francia\\\/\"},\"author\":{\"name\":\"Hanae Pacheco\",\"@id\":\"https:\\\/\\\/centrourbano.com\\\/revista\\\/#\\\/schema\\\/person\\\/db5aba19153b4dc77f48808c4c2e7027\"},\"headline\":\"Inauguran carretera solar en Francia\",\"datePublished\":\"2017-03-10T15:00:04+00:00\",\"mainEntityOfPage\":{\"@id\":\"https:\\\/\\\/centrourbano.com\\\/revista\\\/urbanismo\\\/inauguran-carretera-solar-francia\\\/\"},\"wordCount\":272,\"commentCount\":0,\"publisher\":{\"@id\":\"https:\\\/\\\/centrourbano.com\\\/revista\\\/#organization\"},\"image\":{\"@id\":\"https:\\\/\\\/centrourbano.com\\\/revista\\\/urbanismo\\\/inauguran-carretera-solar-francia\\\/#primaryimage\"},\"thumbnailUrl\":\"https:\\\/\\\/centrourbano.com\\\/revista\\\/wp-content\\\/uploads\\\/carretera-paneles-solares.jpg\",\"keywords\":[\"Carretera solar\",\"Francia\",\"paneles solares\",\"sustentabilidad\"],\"articleSection\":[\"Urbanismo\"],\"inLanguage\":\"es\",\"potentialAction\":[{\"@type\":\"CommentAction\",\"name\":\"Comment\",\"target\":[\"https:\\\/\\\/centrourbano.com\\\/revista\\\/urbanismo\\\/inauguran-carretera-solar-francia\\\/#respond\"]}]},{\"@type\":\"WebPage\",\"@id\":\"https:\\\/\\\/centrourbano.com\\\/revista\\\/urbanismo\\\/inauguran-carretera-solar-francia\\\/\",\"url\":\"https:\\\/\\\/centrourbano.com\\\/revista\\\/urbanismo\\\/inauguran-carretera-solar-francia\\\/\",\"name\":\"Inauguran carretera solar en Francia -\",\"isPartOf\":{\"@id\":\"https:\\\/\\\/centrourbano.com\\\/revista\\\/#website\"},\"primaryImageOfPage\":{\"@id\":\"https:\\\/\\\/centrourbano.com\\\/revista\\\/urbanismo\\\/inauguran-carretera-solar-francia\\\/#primaryimage\"},\"image\":{\"@id\":\"https:\\\/\\\/centrourbano.com\\\/revista\\\/urbanismo\\\/inauguran-carretera-solar-francia\\\/#primaryimage\"},\"thumbnailUrl\":\"https:\\\/\\\/centrourbano.com\\\/revista\\\/wp-content\\\/uploads\\\/carretera-paneles-solares.jpg\",\"datePublished\":\"2017-03-10T15:00:04+00:00\",\"description\":\"Se invirtieron de 5,200,000 de d\u00f3lares para cubrir con 2,800 metros cuadrados de paneles solares una pista de un kil\u00f3metro de extensi\u00f3n\",\"breadcrumb\":{\"@id\":\"https:\\\/\\\/centrourbano.com\\\/revista\\\/urbanismo\\\/inauguran-carretera-solar-francia\\\/#breadcrumb\"},\"inLanguage\":\"es\",\"potentialAction\":[{\"@type\":\"ReadAction\",\"target\":[\"https:\\\/\\\/centrourbano.com\\\/revista\\\/urbanismo\\\/inauguran-carretera-solar-francia\\\/\"]}]},{\"@type\":\"ImageObject\",\"inLanguage\":\"es\",\"@id\":\"https:\\\/\\\/centrourbano.com\\\/revista\\\/urbanismo\\\/inauguran-carretera-solar-francia\\\/#primaryimage\",\"url\":\"https:\\\/\\\/centrourbano.com\\\/revista\\\/wp-content\\\/uploads\\\/carretera-paneles-solares.jpg\",\"contentUrl\":\"https:\\\/\\\/centrourbano.com\\\/revista\\\/wp-content\\\/uploads\\\/carretera-paneles-solares.jpg\",\"width\":580,\"height\":380,\"caption\":\"Se invirtieron de 5,200,000 de d\u00f3lares para cubrir con 2,800 metros cuadrados de paneles solares una pista de un kil\u00f3metro de extensi\u00f3n\"},{\"@type\":\"BreadcrumbList\",\"@id\":\"https:\\\/\\\/centrourbano.com\\\/revista\\\/urbanismo\\\/inauguran-carretera-solar-francia\\\/#breadcrumb\",\"itemListElement\":[{\"@type\":\"ListItem\",\"position\":1,\"name\":\"Portada\",\"item\":\"https:\\\/\\\/centrourbano.com\\\/revista\\\/\"},{\"@type\":\"ListItem\",\"position\":2,\"name\":\"Inauguran carretera solar en Francia\"}]},{\"@type\":\"WebSite\",\"@id\":\"https:\\\/\\\/centrourbano.com\\\/revista\\\/#website\",\"url\":\"https:\\\/\\\/centrourbano.com\\\/revista\\\/\",\"name\":\"Centro Urbano\",\"description\":\"Medio especializado en los sectores vivienda, inmobiliario, construcci\u00f3n, arquitectura y urbanismo.\",\"publisher\":{\"@id\":\"https:\\\/\\\/centrourbano.com\\\/revista\\\/#organization\"},\"potentialAction\":[{\"@type\":\"SearchAction\",\"target\":{\"@type\":\"EntryPoint\",\"urlTemplate\":\"https:\\\/\\\/centrourbano.com\\\/revista\\\/?s={search_term_string}\"},\"query-input\":{\"@type\":\"PropertyValueSpecification\",\"valueRequired\":true,\"valueName\":\"search_term_string\"}}],\"inLanguage\":\"es\"},{\"@type\":\"Organization\",\"@id\":\"https:\\\/\\\/centrourbano.com\\\/revista\\\/#organization\",\"name\":\"Centro Urbano\",\"url\":\"https:\\\/\\\/centrourbano.com\\\/revista\\\/\",\"logo\":{\"@type\":\"ImageObject\",\"inLanguage\":\"es\",\"@id\":\"https:\\\/\\\/centrourbano.com\\\/revista\\\/#\\\/schema\\\/logo\\\/image\\\/\",\"url\":\"https:\\\/\\\/centrourbano.com\\\/revista\\\/wp-content\\\/uploads\\\/web_CU_logo-1.png\",\"contentUrl\":\"https:\\\/\\\/centrourbano.com\\\/revista\\\/wp-content\\\/uploads\\\/web_CU_logo-1.png\",\"width\":350,\"height\":91,\"caption\":\"Centro Urbano\"},\"image\":{\"@id\":\"https:\\\/\\\/centrourbano.com\\\/revista\\\/#\\\/schema\\\/logo\\\/image\\\/\"},\"sameAs\":[\"https:\\\/\\\/www.facebook.com\\\/portalcentrourbano\",\"https:\\\/\\\/x.com\\\/CentroUrbano\",\"https:\\\/\\\/www.instagram.com\\\/centro_urbano\\\/\",\"https:\\\/\\\/www.linkedin.com\\\/company\\\/centro-urbano\\\/\",\"http:\\\/\\\/www.youtube.com\\\/user\\\/portalcentrourbano\"]},{\"@type\":\"Person\",\"@id\":\"https:\\\/\\\/centrourbano.com\\\/revista\\\/#\\\/schema\\\/person\\\/db5aba19153b4dc77f48808c4c2e7027\",\"name\":\"Hanae Pacheco\",\"image\":{\"@type\":\"ImageObject\",\"inLanguage\":\"es\",\"@id\":\"https:\\\/\\\/secure.gravatar.com\\\/avatar\\\/85378918db488c7c72bd7acaea6909bbfd5df076ffaf5e56cf397f98ef67f72d?s=96&d=mm&r=g\",\"url\":\"https:\\\/\\\/secure.gravatar.com\\\/avatar\\\/85378918db488c7c72bd7acaea6909bbfd5df076ffaf5e56cf397f98ef67f72d?s=96&d=mm&r=g\",\"contentUrl\":\"https:\\\/\\\/secure.gravatar.com\\\/avatar\\\/85378918db488c7c72bd7acaea6909bbfd5df076ffaf5e56cf397f98ef67f72d?s=96&d=mm&r=g\",\"caption\":\"Hanae Pacheco\"},\"url\":\"https:\\\/\\\/centrourbano.com\\\/revista\\\/author\\\/hanae-pacheco\\\/\"}]}<\/script>\n<!-- \/ Yoast SEO plugin. -->","yoast_head_json":{"title":"Inauguran carretera solar en Francia -","description":"Se invirtieron de 5,200,000 de d\u00f3lares para cubrir con 2,800 metros cuadrados de paneles solares una pista de un kil\u00f3metro de extensi\u00f3n","robots":{"index":"index","follow":"follow","max-snippet":"max-snippet:-1","max-image-preview":"max-image-preview:large","max-video-preview":"max-video-preview:-1"},"canonical":"https:\/\/centrourbano.com\/revista\/urbanismo\/inauguran-carretera-solar-francia\/","og_locale":"es_ES","og_type":"article","og_title":"Inauguran carretera solar en Francia -","og_description":"Se invirtieron de 5,200,000 de d\u00f3lares para cubrir con 2,800 metros cuadrados de paneles solares una pista de un kil\u00f3metro de extensi\u00f3n","og_url":"https:\/\/centrourbano.com\/revista\/urbanismo\/inauguran-carretera-solar-francia\/","og_site_name":"Centro Urbano","article_publisher":"https:\/\/www.facebook.com\/portalcentrourbano","article_published_time":"2017-03-10T15:00:04+00:00","og_image":[{"width":580,"height":380,"url":"https:\/\/centrourbano.com\/revista\/wp-content\/uploads\/carretera-paneles-solares.jpg","type":"image\/jpeg"}],"author":"Hanae Pacheco","twitter_card":"summary_large_image","twitter_creator":"@CentroUrbano","twitter_site":"@CentroUrbano","twitter_misc":{"Escrito por":"Hanae Pacheco","Tiempo de lectura":"1 minuto"},"schema":{"@context":"https:\/\/schema.org","@graph":[{"@type":"Article","@id":"https:\/\/centrourbano.com\/revista\/urbanismo\/inauguran-carretera-solar-francia\/#article","isPartOf":{"@id":"https:\/\/centrourbano.com\/revista\/urbanismo\/inauguran-carretera-solar-francia\/"},"author":{"name":"Hanae Pacheco","@id":"https:\/\/centrourbano.com\/revista\/#\/schema\/person\/db5aba19153b4dc77f48808c4c2e7027"},"headline":"Inauguran carretera solar en Francia","datePublished":"2017-03-10T15:00:04+00:00","mainEntityOfPage":{"@id":"https:\/\/centrourbano.com\/revista\/urbanismo\/inauguran-carretera-solar-francia\/"},"wordCount":272,"commentCount":0,"publisher":{"@id":"https:\/\/centrourbano.com\/revista\/#organization"},"image":{"@id":"https:\/\/centrourbano.com\/revista\/urbanismo\/inauguran-carretera-solar-francia\/#primaryimage"},"thumbnailUrl":"https:\/\/centrourbano.com\/revista\/wp-content\/uploads\/carretera-paneles-solares.jpg","keywords":["Carretera solar","Francia","paneles solares","sustentabilidad"],"articleSection":["Urbanismo"],"inLanguage":"es","potentialAction":[{"@type":"CommentAction","name":"Comment","target":["https:\/\/centrourbano.com\/revista\/urbanismo\/inauguran-carretera-solar-francia\/#respond"]}]},{"@type":"WebPage","@id":"https:\/\/centrourbano.com\/revista\/urbanismo\/inauguran-carretera-solar-francia\/","url":"https:\/\/centrourbano.com\/revista\/urbanismo\/inauguran-carretera-solar-francia\/","name":"Inauguran carretera solar en Francia -","isPartOf":{"@id":"https:\/\/centrourbano.com\/revista\/#website"},"primaryImageOfPage":{"@id":"https:\/\/centrourbano.com\/revista\/urbanismo\/inauguran-carretera-solar-francia\/#primaryimage"},"image":{"@id":"https:\/\/centrourbano.com\/revista\/urbanismo\/inauguran-carretera-solar-francia\/#primaryimage"},"thumbnailUrl":"https:\/\/centrourbano.com\/revista\/wp-content\/uploads\/carretera-paneles-solares.jpg","datePublished":"2017-03-10T15:00:04+00:00","description":"Se invirtieron de 5,200,000 de d\u00f3lares para cubrir con 2,800 metros cuadrados de paneles solares una pista de un kil\u00f3metro de extensi\u00f3n","breadcrumb":{"@id":"https:\/\/centrourbano.com\/revista\/urbanismo\/inauguran-carretera-solar-francia\/#breadcrumb"},"inLanguage":"es","potentialAction":[{"@type":"ReadAction","target":["https:\/\/centrourbano.com\/revista\/urbanismo\/inauguran-carretera-solar-francia\/"]}]},{"@type":"ImageObject","inLanguage":"es","@id":"https:\/\/centrourbano.com\/revista\/urbanismo\/inauguran-carretera-solar-francia\/#primaryimage","url":"https:\/\/centrourbano.com\/revista\/wp-content\/uploads\/carretera-paneles-solares.jpg","contentUrl":"https:\/\/centrourbano.com\/revista\/wp-content\/uploads\/carretera-paneles-solares.jpg","width":580,"height":380,"caption":"Se invirtieron de 5,200,000 de d\u00f3lares para cubrir con 2,800 metros cuadrados de paneles solares una pista de un kil\u00f3metro de extensi\u00f3n"},{"@type":"BreadcrumbList","@id":"https:\/\/centrourbano.com\/revista\/urbanismo\/inauguran-carretera-solar-francia\/#breadcrumb","itemListElement":[{"@type":"ListItem","position":1,"name":"Portada","item":"https:\/\/centrourbano.com\/revista\/"},{"@type":"ListItem","position":2,"name":"Inauguran carretera solar en Francia"}]},{"@type":"WebSite","@id":"https:\/\/centrourbano.com\/revista\/#website","url":"https:\/\/centrourbano.com\/revista\/","name":"Centro Urbano","description":"Medio especializado en los sectores vivienda, inmobiliario, construcci\u00f3n, arquitectura y urbanismo.","publisher":{"@id":"https:\/\/centrourbano.com\/revista\/#organization"},"potentialAction":[{"@type":"SearchAction","target":{"@type":"EntryPoint","urlTemplate":"https:\/\/centrourbano.com\/revista\/?s={search_term_string}"},"query-input":{"@type":"PropertyValueSpecification","valueRequired":true,"valueName":"search_term_string"}}],"inLanguage":"es"},{"@type":"Organization","@id":"https:\/\/centrourbano.com\/revista\/#organization","name":"Centro Urbano","url":"https:\/\/centrourbano.com\/revista\/","logo":{"@type":"ImageObject","inLanguage":"es","@id":"https:\/\/centrourbano.com\/revista\/#\/schema\/logo\/image\/","url":"https:\/\/centrourbano.com\/revista\/wp-content\/uploads\/web_CU_logo-1.png","contentUrl":"https:\/\/centrourbano.com\/revista\/wp-content\/uploads\/web_CU_logo-1.png","width":350,"height":91,"caption":"Centro Urbano"},"image":{"@id":"https:\/\/centrourbano.com\/revista\/#\/schema\/logo\/image\/"},"sameAs":["https:\/\/www.facebook.com\/portalcentrourbano","https:\/\/x.com\/CentroUrbano","https:\/\/www.instagram.com\/centro_urbano\/","https:\/\/www.linkedin.com\/company\/centro-urbano\/","http:\/\/www.youtube.com\/user\/portalcentrourbano"]},{"@type":"Person","@id":"https:\/\/centrourbano.com\/revista\/#\/schema\/person\/db5aba19153b4dc77f48808c4c2e7027","name":"Hanae Pacheco","image":{"@type":"ImageObject","inLanguage":"es","@id":"https:\/\/secure.gravatar.com\/avatar\/85378918db488c7c72bd7acaea6909bbfd5df076ffaf5e56cf397f98ef67f72d?s=96&d=mm&r=g","url":"https:\/\/secure.gravatar.com\/avatar\/85378918db488c7c72bd7acaea6909bbfd5df076ffaf5e56cf397f98ef67f72d?s=96&d=mm&r=g","contentUrl":"https:\/\/secure.gravatar.com\/avatar\/85378918db488c7c72bd7acaea6909bbfd5df076ffaf5e56cf397f98ef67f72d?s=96&d=mm&r=g","caption":"Hanae Pacheco"},"url":"https:\/\/centrourbano.com\/revista\/author\/hanae-pacheco\/"}]}},"_links":{"self":[{"href":"https:\/\/centrourbano.com\/revista\/wp-json\/wp\/v2\/posts\/50127","targetHints":{"allow":["GET"]}}],"collection":[{"href":"https:\/\/centrourbano.com\/revista\/wp-json\/wp\/v2\/posts"}],"about":[{"href":"https:\/\/centrourbano.com\/revista\/wp-json\/wp\/v2\/types\/post"}],"author":[{"embeddable":true,"href":"https:\/\/centrourbano.com\/revista\/wp-json\/wp\/v2\/users\/45"}],"replies":[{"embeddable":true,"href":"https:\/\/centrourbano.com\/revista\/wp-json\/wp\/v2\/comments?post=50127"}],"version-history":[{"count":0,"href":"https:\/\/centrourbano.com\/revista\/wp-json\/wp\/v2\/posts\/50127\/revisions"}],"wp:featuredmedia":[{"embeddable":true,"href":"https:\/\/centrourbano.com\/revista\/wp-json\/wp\/v2\/media\/50128"}],"wp:attachment":[{"href":"https:\/\/centrourbano.com\/revista\/wp-json\/wp\/v2\/media?parent=50127"}],"wp:term":[{"taxonomy":"category","embeddable":true,"href":"https:\/\/centrourbano.com\/revista\/wp-json\/wp\/v2\/categories?post=50127"},{"taxonomy":"post_tag","embeddable":true,"href":"https:\/\/centrourbano.com\/revista\/wp-json\/wp\/v2\/tags?post=50127"}],"curies":[{"name":"wp","href":"https:\/\/api.w.org\/{rel}","templated":true}]}}