{"id":50088,"date":"2017-03-08T15:48:30","date_gmt":"2017-03-08T21:48:30","guid":{"rendered":"https:\/\/centrourbano.com\/?p=50088"},"modified":"2017-03-08T15:50:06","modified_gmt":"2017-03-08T21:50:06","slug":"mayo-abrira-museo-ciencias-miami","status":"publish","type":"post","link":"https:\/\/centrourbano.com\/revista\/arquitectura-2\/mayo-abrira-museo-ciencias-miami\/","title":{"rendered":"En mayo abrir\u00e1 el Museo de Ciencias de Miami"},"content":{"rendered":"<p><em>Destaca el planetario de observaci\u00f3n espacial con c\u00fapula de efecto 3D, dise\u00f1ado a medida con 250 asientos<\/em><!--more--><\/p>\n<p>Ya ha sido anunciada la fecha de apertura del nuevo Museo de Ciencias de Miami, cuya construcci\u00f3n ha estado a cargo, desde el a\u00f1o 2012, de la firma Grimshaw Architects.<\/p>\n<p>Ser\u00e1 el pr\u00f3ximo 8 de mayo cuando este recinto abra sus puertas, anticip\u00e1ndose como un centro de maravilla y la exploraci\u00f3n en el coraz\u00f3n de Miami de las Artes y el distrito de entretenimiento.<\/p>\n<p>La estructura en parte al aire libre ser\u00e1 el hogar de galer\u00edas de ciencia, un planetario y un n\u00facleo de estar, en donde destaca la combinaci\u00f3n de un acuario y centro de la vida silvestre que contiene un microcosmos de animales, peces y plantas de especies del sur de Florida.<\/p>\n<p>El n\u00facleo de estar ser\u00e1 el marco para el punto de partida de cada visita, proporcionando un contexto ambiental para los estudios del mundo social, tecnol\u00f3gico, f\u00edsico y natural que los rodea.<\/p>\n<p>Destaca el planetario de observaci\u00f3n espacial con c\u00fapula de efecto 3D, dise\u00f1ado a medida con 250 asientos que re\u00fanen confort, durabilidad y seguridad para optimizar la experiencia del visitante en este dram\u00e1tico espacio esf\u00e9rico.<\/p>\n<a href=\"https:\/\/centrourbano.com\/revista\/wp-content\/uploads\/MSM_Planetarium01.jpg\"><img loading=\"lazy\" decoding=\"async\" class=\"size-full wp-image-50090 aligncenter\" src=\"https:\/\/centrourbano.com\/revista\/wp-content\/uploads\/MSM_Planetarium01.jpg\" alt=\"\" width=\"600\" height=\"360\" srcset=\"https:\/\/centrourbano.com\/revista\/wp-content\/uploads\/MSM_Planetarium01.jpg 600w, https:\/\/centrourbano.com\/revista\/wp-content\/uploads\/MSM_Planetarium01-300x180.jpg 300w\" sizes=\"auto, (max-width: 600px) 100vw, 600px\" \/><\/a>\n<p>El moderno plantario cuenta con uno de los trece proyectores 8K que hay en el mundo, adem\u00e1s de una gran c\u00fapula de 20 metros; mientras que el acuario de tres niveles ofrecer\u00e1 una forma de cristal llena de tiburones, mantarayas y otros animales marinos.<\/p>\n<p>El concepto de dise\u00f1o clave es el edificio como exposici\u00f3n, es decir, el edificio vivo de Grimshaw que ser\u00e1 f\u00edsicamente y visiblemente para cambiar en respuesta al medio ambiente, los eventos y el estado de \u00e1nimo de la ciudad.<\/p>\n<p>Adem\u00e1s, los sistemas mec\u00e1nicos de alto rendimiento ser\u00e1n afinados para proporcionar una comodidad superior al baja energ\u00eda de los espacios interiores. Un tejado con vegetaci\u00f3n accesible estar\u00e1 acompa\u00f1ado de un humedal construido adyacente al edificio para el control de las aguas pluviales de escorrent\u00eda y potenciar la biodiversidad sitio.<\/p>\n<p>El nuevo Museo de Ciencias Phillip y Patricia Frost estar\u00e1 ubicado en el Parque de los Museos de Miami, frente a la Bah\u00eda de Vizcaya, sobre un terreno de 250,000 pies cuadrados.<\/p>\n","protected":false},"excerpt":{"rendered":"<p>Destaca el planetario de observaci\u00f3n espacial con c\u00fapula de efecto 3D, dise\u00f1ado a medida con 250 asientos<\/p>\n","protected":false},"author":9,"featured_media":50089,"comment_status":"open","ping_status":"closed","sticky":false,"template":"","format":"standard","meta":{"om_disable_all_campaigns":false,"inline_featured_image":false,"_monsterinsights_skip_tracking":false,"_monsterinsights_sitenote_active":false,"_monsterinsights_sitenote_note":"","_monsterinsights_sitenote_category":0,"footnotes":""},"categories":[81],"tags":[20,9749,2050,3449,9748],"class_list":["post-50088","post","type-post","status-publish","format-standard","has-post-thumbnail","hentry","category-arquitectura-2","tag-arquitectura","tag-grimshaw-architects","tag-miami","tag-museo","tag-museo-de-ciencias-de-miami"],"yoast_head":"<!-- This site is optimized with the Yoast SEO plugin v27.4 - https:\/\/yoast.com\/product\/yoast-seo-wordpress\/ -->\n<title>En mayo abrir\u00e1 el Museo de Ciencias de Miami<\/title>\n<meta name=\"description\" content=\"Destaca el planetario de observaci\u00f3n espacial con c\u00fapula de efecto 3D, dise\u00f1ado a medida con 250 asientos\" \/>\n<meta name=\"robots\" content=\"index, follow, max-snippet:-1, max-image-preview:large, max-video-preview:-1\" \/>\n<link rel=\"canonical\" href=\"https:\/\/centrourbano.com\/revista\/arquitectura-2\/mayo-abrira-museo-ciencias-miami\/\" \/>\n<meta property=\"og:locale\" content=\"es_ES\" \/>\n<meta property=\"og:type\" content=\"article\" \/>\n<meta property=\"og:title\" content=\"En mayo abrir\u00e1 el Museo de Ciencias de Miami\" \/>\n<meta property=\"og:description\" content=\"Destaca el planetario de observaci\u00f3n espacial con c\u00fapula de efecto 3D, dise\u00f1ado a medida con 250 asientos\" \/>\n<meta property=\"og:url\" content=\"https:\/\/centrourbano.com\/revista\/arquitectura-2\/mayo-abrira-museo-ciencias-miami\/\" \/>\n<meta property=\"og:site_name\" content=\"Centro Urbano\" \/>\n<meta property=\"article:publisher\" content=\"https:\/\/www.facebook.com\/portalcentrourbano\" \/>\n<meta property=\"article:published_time\" content=\"2017-03-08T21:48:30+00:00\" \/>\n<meta property=\"article:modified_time\" content=\"2017-03-08T21:50:06+00:00\" \/>\n<meta property=\"og:image\" content=\"https:\/\/centrourbano.com\/revista\/wp-content\/uploads\/En-mayo-abrir\u00e1-el-Museo-de-Ciencias-de-Miami.png\" \/>\n\t<meta property=\"og:image:width\" content=\"1082\" \/>\n\t<meta property=\"og:image:height\" content=\"617\" \/>\n\t<meta property=\"og:image:type\" content=\"image\/png\" \/>\n<meta name=\"author\" content=\"Dinorah Nava\" \/>\n<meta name=\"twitter:card\" content=\"summary_large_image\" \/>\n<meta name=\"twitter:creator\" content=\"@https:\/\/twitter.com\/Dinorah_Nava28\" \/>\n<meta name=\"twitter:site\" content=\"@CentroUrbano\" \/>\n<meta name=\"twitter:label1\" content=\"Escrito por\" \/>\n\t<meta name=\"twitter:data1\" content=\"Dinorah Nava\" \/>\n\t<meta name=\"twitter:label2\" content=\"Tiempo de lectura\" \/>\n\t<meta name=\"twitter:data2\" content=\"2 minutos\" \/>\n<script type=\"application\/ld+json\" class=\"yoast-schema-graph\">{\"@context\":\"https:\\\/\\\/schema.org\",\"@graph\":[{\"@type\":\"Article\",\"@id\":\"https:\\\/\\\/centrourbano.com\\\/revista\\\/arquitectura-2\\\/mayo-abrira-museo-ciencias-miami\\\/#article\",\"isPartOf\":{\"@id\":\"https:\\\/\\\/centrourbano.com\\\/revista\\\/arquitectura-2\\\/mayo-abrira-museo-ciencias-miami\\\/\"},\"author\":{\"name\":\"Dinorah Nava\",\"@id\":\"https:\\\/\\\/centrourbano.com\\\/revista\\\/#\\\/schema\\\/person\\\/b45db815d96831257ba428a3d5a5fbdc\"},\"headline\":\"En mayo abrir\u00e1 el Museo de Ciencias de Miami\",\"datePublished\":\"2017-03-08T21:48:30+00:00\",\"dateModified\":\"2017-03-08T21:50:06+00:00\",\"mainEntityOfPage\":{\"@id\":\"https:\\\/\\\/centrourbano.com\\\/revista\\\/arquitectura-2\\\/mayo-abrira-museo-ciencias-miami\\\/\"},\"wordCount\":398,\"commentCount\":0,\"publisher\":{\"@id\":\"https:\\\/\\\/centrourbano.com\\\/revista\\\/#organization\"},\"image\":{\"@id\":\"https:\\\/\\\/centrourbano.com\\\/revista\\\/arquitectura-2\\\/mayo-abrira-museo-ciencias-miami\\\/#primaryimage\"},\"thumbnailUrl\":\"https:\\\/\\\/centrourbano.com\\\/revista\\\/wp-content\\\/uploads\\\/En-mayo-abrir\u00e1-el-Museo-de-Ciencias-de-Miami.png\",\"keywords\":[\"arquitectura\",\"Grimshaw Architects\",\"Miami\",\"museo\",\"Museo de Ciencias de Miami\"],\"articleSection\":[\"Arquitectura\"],\"inLanguage\":\"es\",\"potentialAction\":[{\"@type\":\"CommentAction\",\"name\":\"Comment\",\"target\":[\"https:\\\/\\\/centrourbano.com\\\/revista\\\/arquitectura-2\\\/mayo-abrira-museo-ciencias-miami\\\/#respond\"]}]},{\"@type\":\"WebPage\",\"@id\":\"https:\\\/\\\/centrourbano.com\\\/revista\\\/arquitectura-2\\\/mayo-abrira-museo-ciencias-miami\\\/\",\"url\":\"https:\\\/\\\/centrourbano.com\\\/revista\\\/arquitectura-2\\\/mayo-abrira-museo-ciencias-miami\\\/\",\"name\":\"En mayo abrir\u00e1 el Museo de Ciencias de Miami\",\"isPartOf\":{\"@id\":\"https:\\\/\\\/centrourbano.com\\\/revista\\\/#website\"},\"primaryImageOfPage\":{\"@id\":\"https:\\\/\\\/centrourbano.com\\\/revista\\\/arquitectura-2\\\/mayo-abrira-museo-ciencias-miami\\\/#primaryimage\"},\"image\":{\"@id\":\"https:\\\/\\\/centrourbano.com\\\/revista\\\/arquitectura-2\\\/mayo-abrira-museo-ciencias-miami\\\/#primaryimage\"},\"thumbnailUrl\":\"https:\\\/\\\/centrourbano.com\\\/revista\\\/wp-content\\\/uploads\\\/En-mayo-abrir\u00e1-el-Museo-de-Ciencias-de-Miami.png\",\"datePublished\":\"2017-03-08T21:48:30+00:00\",\"dateModified\":\"2017-03-08T21:50:06+00:00\",\"description\":\"Destaca el planetario de observaci\u00f3n espacial con c\u00fapula de efecto 3D, dise\u00f1ado a medida con 250 asientos\",\"breadcrumb\":{\"@id\":\"https:\\\/\\\/centrourbano.com\\\/revista\\\/arquitectura-2\\\/mayo-abrira-museo-ciencias-miami\\\/#breadcrumb\"},\"inLanguage\":\"es\",\"potentialAction\":[{\"@type\":\"ReadAction\",\"target\":[\"https:\\\/\\\/centrourbano.com\\\/revista\\\/arquitectura-2\\\/mayo-abrira-museo-ciencias-miami\\\/\"]}]},{\"@type\":\"ImageObject\",\"inLanguage\":\"es\",\"@id\":\"https:\\\/\\\/centrourbano.com\\\/revista\\\/arquitectura-2\\\/mayo-abrira-museo-ciencias-miami\\\/#primaryimage\",\"url\":\"https:\\\/\\\/centrourbano.com\\\/revista\\\/wp-content\\\/uploads\\\/En-mayo-abrir\u00e1-el-Museo-de-Ciencias-de-Miami.png\",\"contentUrl\":\"https:\\\/\\\/centrourbano.com\\\/revista\\\/wp-content\\\/uploads\\\/En-mayo-abrir\u00e1-el-Museo-de-Ciencias-de-Miami.png\",\"width\":1082,\"height\":617,\"caption\":\"Destaca el planetario de observaci\u00f3n espacial con c\u00fapula de efecto 3D, dise\u00f1ado a medida con 250 asientos\"},{\"@type\":\"BreadcrumbList\",\"@id\":\"https:\\\/\\\/centrourbano.com\\\/revista\\\/arquitectura-2\\\/mayo-abrira-museo-ciencias-miami\\\/#breadcrumb\",\"itemListElement\":[{\"@type\":\"ListItem\",\"position\":1,\"name\":\"Portada\",\"item\":\"https:\\\/\\\/centrourbano.com\\\/revista\\\/\"},{\"@type\":\"ListItem\",\"position\":2,\"name\":\"En mayo abrir\u00e1 el Museo de Ciencias de Miami\"}]},{\"@type\":\"WebSite\",\"@id\":\"https:\\\/\\\/centrourbano.com\\\/revista\\\/#website\",\"url\":\"https:\\\/\\\/centrourbano.com\\\/revista\\\/\",\"name\":\"Centro Urbano\",\"description\":\"Medio especializado en los sectores vivienda, inmobiliario, construcci\u00f3n, arquitectura y urbanismo.\",\"publisher\":{\"@id\":\"https:\\\/\\\/centrourbano.com\\\/revista\\\/#organization\"},\"potentialAction\":[{\"@type\":\"SearchAction\",\"target\":{\"@type\":\"EntryPoint\",\"urlTemplate\":\"https:\\\/\\\/centrourbano.com\\\/revista\\\/?s={search_term_string}\"},\"query-input\":{\"@type\":\"PropertyValueSpecification\",\"valueRequired\":true,\"valueName\":\"search_term_string\"}}],\"inLanguage\":\"es\"},{\"@type\":\"Organization\",\"@id\":\"https:\\\/\\\/centrourbano.com\\\/revista\\\/#organization\",\"name\":\"Centro Urbano\",\"url\":\"https:\\\/\\\/centrourbano.com\\\/revista\\\/\",\"logo\":{\"@type\":\"ImageObject\",\"inLanguage\":\"es\",\"@id\":\"https:\\\/\\\/centrourbano.com\\\/revista\\\/#\\\/schema\\\/logo\\\/image\\\/\",\"url\":\"https:\\\/\\\/centrourbano.com\\\/revista\\\/wp-content\\\/uploads\\\/web_CU_logo-1.png\",\"contentUrl\":\"https:\\\/\\\/centrourbano.com\\\/revista\\\/wp-content\\\/uploads\\\/web_CU_logo-1.png\",\"width\":350,\"height\":91,\"caption\":\"Centro Urbano\"},\"image\":{\"@id\":\"https:\\\/\\\/centrourbano.com\\\/revista\\\/#\\\/schema\\\/logo\\\/image\\\/\"},\"sameAs\":[\"https:\\\/\\\/www.facebook.com\\\/portalcentrourbano\",\"https:\\\/\\\/x.com\\\/CentroUrbano\",\"https:\\\/\\\/www.instagram.com\\\/centro_urbano\\\/\",\"https:\\\/\\\/www.linkedin.com\\\/company\\\/centro-urbano\\\/\",\"http:\\\/\\\/www.youtube.com\\\/user\\\/portalcentrourbano\"]},{\"@type\":\"Person\",\"@id\":\"https:\\\/\\\/centrourbano.com\\\/revista\\\/#\\\/schema\\\/person\\\/b45db815d96831257ba428a3d5a5fbdc\",\"name\":\"Dinorah Nava\",\"image\":{\"@type\":\"ImageObject\",\"inLanguage\":\"es\",\"@id\":\"https:\\\/\\\/secure.gravatar.com\\\/avatar\\\/f6ca6430c51d147f363940f84e1225aa4b8183885c11802cc3b042305a4ecc1a?s=96&d=mm&r=g\",\"url\":\"https:\\\/\\\/secure.gravatar.com\\\/avatar\\\/f6ca6430c51d147f363940f84e1225aa4b8183885c11802cc3b042305a4ecc1a?s=96&d=mm&r=g\",\"contentUrl\":\"https:\\\/\\\/secure.gravatar.com\\\/avatar\\\/f6ca6430c51d147f363940f84e1225aa4b8183885c11802cc3b042305a4ecc1a?s=96&d=mm&r=g\",\"caption\":\"Dinorah Nava\"},\"description\":\"Editora de Contenidos y Estrategias Digitales en Centro Urbano y Coeditora en Peri\u00f3dico Mi Casa. Egresada de la licenciatura en Comunicaci\u00f3n y Periodismo de la Facultad de Estudios Superiores Arag\u00f3n (UNAM). Amante de la edici\u00f3n y correcci\u00f3n de estilo, las redes sociales y el mundo digital. Especialista en temas son arquitectura, inmobiliario y urbanismo.\",\"sameAs\":[\"linkedin.com\\\/in\\\/dinorah-nava\",\"https:\\\/\\\/x.com\\\/https:\\\/\\\/twitter.com\\\/Dinorah_Nava28\"],\"url\":\"https:\\\/\\\/centrourbano.com\\\/revista\\\/author\\\/dinorah-nava\\\/\"}]}<\/script>\n<!-- \/ Yoast SEO plugin. -->","yoast_head_json":{"title":"En mayo abrir\u00e1 el Museo de Ciencias de Miami","description":"Destaca el planetario de observaci\u00f3n espacial con c\u00fapula de efecto 3D, dise\u00f1ado a medida con 250 asientos","robots":{"index":"index","follow":"follow","max-snippet":"max-snippet:-1","max-image-preview":"max-image-preview:large","max-video-preview":"max-video-preview:-1"},"canonical":"https:\/\/centrourbano.com\/revista\/arquitectura-2\/mayo-abrira-museo-ciencias-miami\/","og_locale":"es_ES","og_type":"article","og_title":"En mayo abrir\u00e1 el Museo de Ciencias de Miami","og_description":"Destaca el planetario de observaci\u00f3n espacial con c\u00fapula de efecto 3D, dise\u00f1ado a medida con 250 asientos","og_url":"https:\/\/centrourbano.com\/revista\/arquitectura-2\/mayo-abrira-museo-ciencias-miami\/","og_site_name":"Centro Urbano","article_publisher":"https:\/\/www.facebook.com\/portalcentrourbano","article_published_time":"2017-03-08T21:48:30+00:00","article_modified_time":"2017-03-08T21:50:06+00:00","og_image":[{"width":1082,"height":617,"url":"https:\/\/centrourbano.com\/revista\/wp-content\/uploads\/En-mayo-abrir\u00e1-el-Museo-de-Ciencias-de-Miami.png","type":"image\/png"}],"author":"Dinorah Nava","twitter_card":"summary_large_image","twitter_creator":"@https:\/\/twitter.com\/Dinorah_Nava28","twitter_site":"@CentroUrbano","twitter_misc":{"Escrito por":"Dinorah Nava","Tiempo de lectura":"2 minutos"},"schema":{"@context":"https:\/\/schema.org","@graph":[{"@type":"Article","@id":"https:\/\/centrourbano.com\/revista\/arquitectura-2\/mayo-abrira-museo-ciencias-miami\/#article","isPartOf":{"@id":"https:\/\/centrourbano.com\/revista\/arquitectura-2\/mayo-abrira-museo-ciencias-miami\/"},"author":{"name":"Dinorah Nava","@id":"https:\/\/centrourbano.com\/revista\/#\/schema\/person\/b45db815d96831257ba428a3d5a5fbdc"},"headline":"En mayo abrir\u00e1 el Museo de Ciencias de Miami","datePublished":"2017-03-08T21:48:30+00:00","dateModified":"2017-03-08T21:50:06+00:00","mainEntityOfPage":{"@id":"https:\/\/centrourbano.com\/revista\/arquitectura-2\/mayo-abrira-museo-ciencias-miami\/"},"wordCount":398,"commentCount":0,"publisher":{"@id":"https:\/\/centrourbano.com\/revista\/#organization"},"image":{"@id":"https:\/\/centrourbano.com\/revista\/arquitectura-2\/mayo-abrira-museo-ciencias-miami\/#primaryimage"},"thumbnailUrl":"https:\/\/centrourbano.com\/revista\/wp-content\/uploads\/En-mayo-abrir\u00e1-el-Museo-de-Ciencias-de-Miami.png","keywords":["arquitectura","Grimshaw Architects","Miami","museo","Museo de Ciencias de Miami"],"articleSection":["Arquitectura"],"inLanguage":"es","potentialAction":[{"@type":"CommentAction","name":"Comment","target":["https:\/\/centrourbano.com\/revista\/arquitectura-2\/mayo-abrira-museo-ciencias-miami\/#respond"]}]},{"@type":"WebPage","@id":"https:\/\/centrourbano.com\/revista\/arquitectura-2\/mayo-abrira-museo-ciencias-miami\/","url":"https:\/\/centrourbano.com\/revista\/arquitectura-2\/mayo-abrira-museo-ciencias-miami\/","name":"En mayo abrir\u00e1 el Museo de Ciencias de Miami","isPartOf":{"@id":"https:\/\/centrourbano.com\/revista\/#website"},"primaryImageOfPage":{"@id":"https:\/\/centrourbano.com\/revista\/arquitectura-2\/mayo-abrira-museo-ciencias-miami\/#primaryimage"},"image":{"@id":"https:\/\/centrourbano.com\/revista\/arquitectura-2\/mayo-abrira-museo-ciencias-miami\/#primaryimage"},"thumbnailUrl":"https:\/\/centrourbano.com\/revista\/wp-content\/uploads\/En-mayo-abrir\u00e1-el-Museo-de-Ciencias-de-Miami.png","datePublished":"2017-03-08T21:48:30+00:00","dateModified":"2017-03-08T21:50:06+00:00","description":"Destaca el planetario de observaci\u00f3n espacial con c\u00fapula de efecto 3D, dise\u00f1ado a medida con 250 asientos","breadcrumb":{"@id":"https:\/\/centrourbano.com\/revista\/arquitectura-2\/mayo-abrira-museo-ciencias-miami\/#breadcrumb"},"inLanguage":"es","potentialAction":[{"@type":"ReadAction","target":["https:\/\/centrourbano.com\/revista\/arquitectura-2\/mayo-abrira-museo-ciencias-miami\/"]}]},{"@type":"ImageObject","inLanguage":"es","@id":"https:\/\/centrourbano.com\/revista\/arquitectura-2\/mayo-abrira-museo-ciencias-miami\/#primaryimage","url":"https:\/\/centrourbano.com\/revista\/wp-content\/uploads\/En-mayo-abrir\u00e1-el-Museo-de-Ciencias-de-Miami.png","contentUrl":"https:\/\/centrourbano.com\/revista\/wp-content\/uploads\/En-mayo-abrir\u00e1-el-Museo-de-Ciencias-de-Miami.png","width":1082,"height":617,"caption":"Destaca el planetario de observaci\u00f3n espacial con c\u00fapula de efecto 3D, dise\u00f1ado a medida con 250 asientos"},{"@type":"BreadcrumbList","@id":"https:\/\/centrourbano.com\/revista\/arquitectura-2\/mayo-abrira-museo-ciencias-miami\/#breadcrumb","itemListElement":[{"@type":"ListItem","position":1,"name":"Portada","item":"https:\/\/centrourbano.com\/revista\/"},{"@type":"ListItem","position":2,"name":"En mayo abrir\u00e1 el Museo de Ciencias de Miami"}]},{"@type":"WebSite","@id":"https:\/\/centrourbano.com\/revista\/#website","url":"https:\/\/centrourbano.com\/revista\/","name":"Centro Urbano","description":"Medio especializado en los sectores vivienda, inmobiliario, construcci\u00f3n, arquitectura y urbanismo.","publisher":{"@id":"https:\/\/centrourbano.com\/revista\/#organization"},"potentialAction":[{"@type":"SearchAction","target":{"@type":"EntryPoint","urlTemplate":"https:\/\/centrourbano.com\/revista\/?s={search_term_string}"},"query-input":{"@type":"PropertyValueSpecification","valueRequired":true,"valueName":"search_term_string"}}],"inLanguage":"es"},{"@type":"Organization","@id":"https:\/\/centrourbano.com\/revista\/#organization","name":"Centro Urbano","url":"https:\/\/centrourbano.com\/revista\/","logo":{"@type":"ImageObject","inLanguage":"es","@id":"https:\/\/centrourbano.com\/revista\/#\/schema\/logo\/image\/","url":"https:\/\/centrourbano.com\/revista\/wp-content\/uploads\/web_CU_logo-1.png","contentUrl":"https:\/\/centrourbano.com\/revista\/wp-content\/uploads\/web_CU_logo-1.png","width":350,"height":91,"caption":"Centro Urbano"},"image":{"@id":"https:\/\/centrourbano.com\/revista\/#\/schema\/logo\/image\/"},"sameAs":["https:\/\/www.facebook.com\/portalcentrourbano","https:\/\/x.com\/CentroUrbano","https:\/\/www.instagram.com\/centro_urbano\/","https:\/\/www.linkedin.com\/company\/centro-urbano\/","http:\/\/www.youtube.com\/user\/portalcentrourbano"]},{"@type":"Person","@id":"https:\/\/centrourbano.com\/revista\/#\/schema\/person\/b45db815d96831257ba428a3d5a5fbdc","name":"Dinorah Nava","image":{"@type":"ImageObject","inLanguage":"es","@id":"https:\/\/secure.gravatar.com\/avatar\/f6ca6430c51d147f363940f84e1225aa4b8183885c11802cc3b042305a4ecc1a?s=96&d=mm&r=g","url":"https:\/\/secure.gravatar.com\/avatar\/f6ca6430c51d147f363940f84e1225aa4b8183885c11802cc3b042305a4ecc1a?s=96&d=mm&r=g","contentUrl":"https:\/\/secure.gravatar.com\/avatar\/f6ca6430c51d147f363940f84e1225aa4b8183885c11802cc3b042305a4ecc1a?s=96&d=mm&r=g","caption":"Dinorah Nava"},"description":"Editora de Contenidos y Estrategias Digitales en Centro Urbano y Coeditora en Peri\u00f3dico Mi Casa. Egresada de la licenciatura en Comunicaci\u00f3n y Periodismo de la Facultad de Estudios Superiores Arag\u00f3n (UNAM). Amante de la edici\u00f3n y correcci\u00f3n de estilo, las redes sociales y el mundo digital. Especialista en temas son arquitectura, inmobiliario y urbanismo.","sameAs":["linkedin.com\/in\/dinorah-nava","https:\/\/x.com\/https:\/\/twitter.com\/Dinorah_Nava28"],"url":"https:\/\/centrourbano.com\/revista\/author\/dinorah-nava\/"}]}},"_links":{"self":[{"href":"https:\/\/centrourbano.com\/revista\/wp-json\/wp\/v2\/posts\/50088","targetHints":{"allow":["GET"]}}],"collection":[{"href":"https:\/\/centrourbano.com\/revista\/wp-json\/wp\/v2\/posts"}],"about":[{"href":"https:\/\/centrourbano.com\/revista\/wp-json\/wp\/v2\/types\/post"}],"author":[{"embeddable":true,"href":"https:\/\/centrourbano.com\/revista\/wp-json\/wp\/v2\/users\/9"}],"replies":[{"embeddable":true,"href":"https:\/\/centrourbano.com\/revista\/wp-json\/wp\/v2\/comments?post=50088"}],"version-history":[{"count":0,"href":"https:\/\/centrourbano.com\/revista\/wp-json\/wp\/v2\/posts\/50088\/revisions"}],"wp:featuredmedia":[{"embeddable":true,"href":"https:\/\/centrourbano.com\/revista\/wp-json\/wp\/v2\/media\/50089"}],"wp:attachment":[{"href":"https:\/\/centrourbano.com\/revista\/wp-json\/wp\/v2\/media?parent=50088"}],"wp:term":[{"taxonomy":"category","embeddable":true,"href":"https:\/\/centrourbano.com\/revista\/wp-json\/wp\/v2\/categories?post=50088"},{"taxonomy":"post_tag","embeddable":true,"href":"https:\/\/centrourbano.com\/revista\/wp-json\/wp\/v2\/tags?post=50088"}],"curies":[{"name":"wp","href":"https:\/\/api.w.org\/{rel}","templated":true}]}}