{"id":50078,"date":"2017-03-08T14:49:26","date_gmt":"2017-03-08T20:49:26","guid":{"rendered":"https:\/\/centrourbano.com\/?p=50078"},"modified":"2017-03-08T14:51:55","modified_gmt":"2017-03-08T20:51:55","slug":"adelantara-bmv-horario-operacion","status":"publish","type":"post","link":"https:\/\/centrourbano.com\/revista\/actualidad\/adelantara-bmv-horario-operacion\/","title":{"rendered":"Adelantar\u00e1 BMV horario de operaci\u00f3n"},"content":{"rendered":"<p><em>El ajuste se dar\u00e1 ante la entrada del horario de verano en Estados Unidos <\/em><!--more--><\/p>\n<p>Con el objetivo de mantener la homologaci\u00f3n en los horarios de operaci\u00f3n burs\u00e1til con el mercado de Nueva York, la Bolsa Mexicana de Valores (BMV) adecuar\u00e1 el horario de la sesi\u00f3n de remate, por lo que a partir del 13 de marzo y hasta el 31 del mismo mes la sesi\u00f3n dar\u00e1 inicio a las 7:30 horas para concluir a las 14:00 horas.<\/p>\n<p>A trav\u00e9s de un comunicado, la BMV record\u00f3 que este 12 de marzo entra el horario de verano en Estados Unidos, mientras que en M\u00e9xico el ajuste al horario se dar\u00e1 hasta el 2 de abril, por lo que se llevar\u00e1 acabo este adelanto de 1 hora.<\/p>\n<p>Ser\u00e1 hasta el lunes 3 de abril cuando la sesi\u00f3n de remate regrese a su horario habitual, es decir de 8:30 a 15 horas.<\/p>\n<p>As\u00ed, el horario de operaci\u00f3n para emisoras nacionales y emisoras del segmento del Mercado Global (SIC) ser\u00e1 el siguiente:<\/p>\n<p>&nbsp;<\/p>\n<p style=\"text-align: center;\"><a href=\"https:\/\/centrourbano.com\/revista\/wp-content\/uploads\/horario-BMV1.jpg\"><img loading=\"lazy\" decoding=\"async\" class=\"alignnone size-full wp-image-50079\" src=\"https:\/\/centrourbano.com\/revista\/wp-content\/uploads\/horario-BMV1.jpg\" alt=\"\" width=\"562\" height=\"336\" srcset=\"https:\/\/centrourbano.com\/revista\/wp-content\/uploads\/horario-BMV1.jpg 562w, https:\/\/centrourbano.com\/revista\/wp-content\/uploads\/horario-BMV1-300x179.jpg 300w\" sizes=\"auto, (max-width: 562px) 100vw, 562px\" \/><\/a><\/p>\n","protected":false},"excerpt":{"rendered":"<p>El ajuste se dar\u00e1 ante la entrada del horario de verano en Estados Unidos<\/p>\n","protected":false},"author":47,"featured_media":33440,"comment_status":"open","ping_status":"closed","sticky":false,"template":"","format":"standard","meta":{"om_disable_all_campaigns":false,"inline_featured_image":false,"_monsterinsights_skip_tracking":false,"_monsterinsights_sitenote_active":false,"_monsterinsights_sitenote_note":"","_monsterinsights_sitenote_category":0,"footnotes":""},"categories":[80],"tags":[407,64,9746,791,9747],"class_list":["post-50078","post","type-post","status-publish","format-standard","has-post-thumbnail","hentry","category-actualidad","tag-bmv","tag-bolsa-mexicana-de-valores","tag-hhorario","tag-nueva-york","tag-operacion-bursatil"],"yoast_head":"<!-- This site is optimized with the Yoast SEO plugin v27.4 - https:\/\/yoast.com\/product\/yoast-seo-wordpress\/ -->\n<title>Adelantar\u00e1 BMV horario de operaci\u00f3n -<\/title>\n<meta name=\"description\" content=\"Con el objetivo de mantener la homologaci\u00f3n en los horarios de operaci\u00f3n burs\u00e1til con el mercado de Nueva York, la Bolsa Mexicana de Valores (BMV) adecuar\u00e1 el horario de la sesi\u00f3n de remate por lo que a partir del 13 de marzo y hasta el 31 del mismo mes la sesi\u00f3n dar\u00e1 inicio a las 7:30 horas para concluir a las 14:00 horas.\" \/>\n<meta name=\"robots\" content=\"index, follow, max-snippet:-1, max-image-preview:large, max-video-preview:-1\" \/>\n<link rel=\"canonical\" href=\"https:\/\/centrourbano.com\/revista\/actualidad\/adelantara-bmv-horario-operacion\/\" \/>\n<meta property=\"og:locale\" content=\"es_ES\" \/>\n<meta property=\"og:type\" content=\"article\" \/>\n<meta property=\"og:title\" content=\"Adelantar\u00e1 BMV horario de operaci\u00f3n -\" \/>\n<meta property=\"og:description\" content=\"Con el objetivo de mantener la homologaci\u00f3n en los horarios de operaci\u00f3n burs\u00e1til con el mercado de Nueva York, la Bolsa Mexicana de Valores (BMV) adecuar\u00e1 el horario de la sesi\u00f3n de remate por lo que a partir del 13 de marzo y hasta el 31 del mismo mes la sesi\u00f3n dar\u00e1 inicio a las 7:30 horas para concluir a las 14:00 horas.\" \/>\n<meta property=\"og:url\" content=\"https:\/\/centrourbano.com\/revista\/actualidad\/adelantara-bmv-horario-operacion\/\" \/>\n<meta property=\"og:site_name\" content=\"Centro Urbano\" \/>\n<meta property=\"article:publisher\" content=\"https:\/\/www.facebook.com\/portalcentrourbano\" \/>\n<meta property=\"article:published_time\" content=\"2017-03-08T20:49:26+00:00\" \/>\n<meta property=\"article:modified_time\" content=\"2017-03-08T20:51:55+00:00\" \/>\n<meta property=\"og:image\" content=\"https:\/\/centrourbano.com\/revista\/wp-content\/uploads\/abr-bmv-ninive-luanda-1486328-e1460654056529.jpg\" \/>\n\t<meta property=\"og:image:width\" content=\"580\" \/>\n\t<meta property=\"og:image:height\" content=\"304\" \/>\n\t<meta property=\"og:image:type\" content=\"image\/jpeg\" \/>\n<meta name=\"author\" content=\"Edgar Rosas\" \/>\n<meta name=\"twitter:card\" content=\"summary_large_image\" \/>\n<meta name=\"twitter:creator\" content=\"@https:\/\/twitter.com\/ERosasCU?s=09\" \/>\n<meta name=\"twitter:site\" content=\"@CentroUrbano\" \/>\n<meta name=\"twitter:label1\" content=\"Escrito por\" \/>\n\t<meta name=\"twitter:data1\" content=\"Edgar Rosas\" \/>\n\t<meta name=\"twitter:label2\" content=\"Tiempo de lectura\" \/>\n\t<meta name=\"twitter:data2\" content=\"1 minuto\" \/>\n<script type=\"application\/ld+json\" class=\"yoast-schema-graph\">{\"@context\":\"https:\\\/\\\/schema.org\",\"@graph\":[{\"@type\":\"Article\",\"@id\":\"https:\\\/\\\/centrourbano.com\\\/revista\\\/actualidad\\\/adelantara-bmv-horario-operacion\\\/#article\",\"isPartOf\":{\"@id\":\"https:\\\/\\\/centrourbano.com\\\/revista\\\/actualidad\\\/adelantara-bmv-horario-operacion\\\/\"},\"author\":{\"name\":\"Edgar Rosas\",\"@id\":\"https:\\\/\\\/centrourbano.com\\\/revista\\\/#\\\/schema\\\/person\\\/ff3c00651ce5b1630479d2cd0c2e3ac0\"},\"headline\":\"Adelantar\u00e1 BMV horario de operaci\u00f3n\",\"datePublished\":\"2017-03-08T20:49:26+00:00\",\"dateModified\":\"2017-03-08T20:51:55+00:00\",\"mainEntityOfPage\":{\"@id\":\"https:\\\/\\\/centrourbano.com\\\/revista\\\/actualidad\\\/adelantara-bmv-horario-operacion\\\/\"},\"wordCount\":173,\"commentCount\":0,\"publisher\":{\"@id\":\"https:\\\/\\\/centrourbano.com\\\/revista\\\/#organization\"},\"image\":{\"@id\":\"https:\\\/\\\/centrourbano.com\\\/revista\\\/actualidad\\\/adelantara-bmv-horario-operacion\\\/#primaryimage\"},\"thumbnailUrl\":\"https:\\\/\\\/centrourbano.com\\\/revista\\\/wp-content\\\/uploads\\\/abr-bmv-ninive-luanda-1486328-e1460654056529.jpg\",\"keywords\":[\"BMV\",\"Bolsa Mexicana de Valores\",\"hhorario\",\"Nueva York\",\"operaci\u00f3n bursatil\"],\"articleSection\":[\"Actualidad\"],\"inLanguage\":\"es\",\"potentialAction\":[{\"@type\":\"CommentAction\",\"name\":\"Comment\",\"target\":[\"https:\\\/\\\/centrourbano.com\\\/revista\\\/actualidad\\\/adelantara-bmv-horario-operacion\\\/#respond\"]}]},{\"@type\":\"WebPage\",\"@id\":\"https:\\\/\\\/centrourbano.com\\\/revista\\\/actualidad\\\/adelantara-bmv-horario-operacion\\\/\",\"url\":\"https:\\\/\\\/centrourbano.com\\\/revista\\\/actualidad\\\/adelantara-bmv-horario-operacion\\\/\",\"name\":\"Adelantar\u00e1 BMV horario de operaci\u00f3n -\",\"isPartOf\":{\"@id\":\"https:\\\/\\\/centrourbano.com\\\/revista\\\/#website\"},\"primaryImageOfPage\":{\"@id\":\"https:\\\/\\\/centrourbano.com\\\/revista\\\/actualidad\\\/adelantara-bmv-horario-operacion\\\/#primaryimage\"},\"image\":{\"@id\":\"https:\\\/\\\/centrourbano.com\\\/revista\\\/actualidad\\\/adelantara-bmv-horario-operacion\\\/#primaryimage\"},\"thumbnailUrl\":\"https:\\\/\\\/centrourbano.com\\\/revista\\\/wp-content\\\/uploads\\\/abr-bmv-ninive-luanda-1486328-e1460654056529.jpg\",\"datePublished\":\"2017-03-08T20:49:26+00:00\",\"dateModified\":\"2017-03-08T20:51:55+00:00\",\"description\":\"Con el objetivo de mantener la homologaci\u00f3n en los horarios de operaci\u00f3n burs\u00e1til con el mercado de Nueva York, la Bolsa Mexicana de Valores (BMV) adecuar\u00e1 el horario de la sesi\u00f3n de remate por lo que a partir del 13 de marzo y hasta el 31 del mismo mes la sesi\u00f3n dar\u00e1 inicio a las 7:30 horas para concluir a las 14:00 horas.\",\"breadcrumb\":{\"@id\":\"https:\\\/\\\/centrourbano.com\\\/revista\\\/actualidad\\\/adelantara-bmv-horario-operacion\\\/#breadcrumb\"},\"inLanguage\":\"es\",\"potentialAction\":[{\"@type\":\"ReadAction\",\"target\":[\"https:\\\/\\\/centrourbano.com\\\/revista\\\/actualidad\\\/adelantara-bmv-horario-operacion\\\/\"]}]},{\"@type\":\"ImageObject\",\"inLanguage\":\"es\",\"@id\":\"https:\\\/\\\/centrourbano.com\\\/revista\\\/actualidad\\\/adelantara-bmv-horario-operacion\\\/#primaryimage\",\"url\":\"https:\\\/\\\/centrourbano.com\\\/revista\\\/wp-content\\\/uploads\\\/abr-bmv-ninive-luanda-1486328-e1460654056529.jpg\",\"contentUrl\":\"https:\\\/\\\/centrourbano.com\\\/revista\\\/wp-content\\\/uploads\\\/abr-bmv-ninive-luanda-1486328-e1460654056529.jpg\",\"width\":580,\"height\":304},{\"@type\":\"BreadcrumbList\",\"@id\":\"https:\\\/\\\/centrourbano.com\\\/revista\\\/actualidad\\\/adelantara-bmv-horario-operacion\\\/#breadcrumb\",\"itemListElement\":[{\"@type\":\"ListItem\",\"position\":1,\"name\":\"Portada\",\"item\":\"https:\\\/\\\/centrourbano.com\\\/revista\\\/\"},{\"@type\":\"ListItem\",\"position\":2,\"name\":\"Adelantar\u00e1 BMV horario de operaci\u00f3n\"}]},{\"@type\":\"WebSite\",\"@id\":\"https:\\\/\\\/centrourbano.com\\\/revista\\\/#website\",\"url\":\"https:\\\/\\\/centrourbano.com\\\/revista\\\/\",\"name\":\"Centro Urbano\",\"description\":\"Medio especializado en los sectores vivienda, inmobiliario, construcci\u00f3n, arquitectura y urbanismo.\",\"publisher\":{\"@id\":\"https:\\\/\\\/centrourbano.com\\\/revista\\\/#organization\"},\"potentialAction\":[{\"@type\":\"SearchAction\",\"target\":{\"@type\":\"EntryPoint\",\"urlTemplate\":\"https:\\\/\\\/centrourbano.com\\\/revista\\\/?s={search_term_string}\"},\"query-input\":{\"@type\":\"PropertyValueSpecification\",\"valueRequired\":true,\"valueName\":\"search_term_string\"}}],\"inLanguage\":\"es\"},{\"@type\":\"Organization\",\"@id\":\"https:\\\/\\\/centrourbano.com\\\/revista\\\/#organization\",\"name\":\"Centro Urbano\",\"url\":\"https:\\\/\\\/centrourbano.com\\\/revista\\\/\",\"logo\":{\"@type\":\"ImageObject\",\"inLanguage\":\"es\",\"@id\":\"https:\\\/\\\/centrourbano.com\\\/revista\\\/#\\\/schema\\\/logo\\\/image\\\/\",\"url\":\"https:\\\/\\\/centrourbano.com\\\/revista\\\/wp-content\\\/uploads\\\/web_CU_logo-1.png\",\"contentUrl\":\"https:\\\/\\\/centrourbano.com\\\/revista\\\/wp-content\\\/uploads\\\/web_CU_logo-1.png\",\"width\":350,\"height\":91,\"caption\":\"Centro Urbano\"},\"image\":{\"@id\":\"https:\\\/\\\/centrourbano.com\\\/revista\\\/#\\\/schema\\\/logo\\\/image\\\/\"},\"sameAs\":[\"https:\\\/\\\/www.facebook.com\\\/portalcentrourbano\",\"https:\\\/\\\/x.com\\\/CentroUrbano\",\"https:\\\/\\\/www.instagram.com\\\/centro_urbano\\\/\",\"https:\\\/\\\/www.linkedin.com\\\/company\\\/centro-urbano\\\/\",\"http:\\\/\\\/www.youtube.com\\\/user\\\/portalcentrourbano\"]},{\"@type\":\"Person\",\"@id\":\"https:\\\/\\\/centrourbano.com\\\/revista\\\/#\\\/schema\\\/person\\\/ff3c00651ce5b1630479d2cd0c2e3ac0\",\"name\":\"Edgar Rosas\",\"image\":{\"@type\":\"ImageObject\",\"inLanguage\":\"es\",\"@id\":\"https:\\\/\\\/secure.gravatar.com\\\/avatar\\\/94440c4283495211faa5300bf85e80061036b83fced868c3783aa1310b350d9c?s=96&d=mm&r=g\",\"url\":\"https:\\\/\\\/secure.gravatar.com\\\/avatar\\\/94440c4283495211faa5300bf85e80061036b83fced868c3783aa1310b350d9c?s=96&d=mm&r=g\",\"contentUrl\":\"https:\\\/\\\/secure.gravatar.com\\\/avatar\\\/94440c4283495211faa5300bf85e80061036b83fced868c3783aa1310b350d9c?s=96&d=mm&r=g\",\"caption\":\"Edgar Rosas\"},\"description\":\"Editor en Jefe de Centro Urbano. Egresado de la maestr\u00eda en Periodismo Pol\u00edtico de la Escuela de Periodismo Carlos Septi\u00e9n Garc\u00eda (EPCSG). Estudi\u00f3 la licenciatura en Comunicaci\u00f3n en la Universidad Mexicana. Amante de la cr\u00f3nica y el reportaje. Admirador de Vicente Le\u00f1ero y Miguel \u00c1ngel Granados Chapa.\",\"sameAs\":[\"https:\\\/\\\/x.com\\\/https:\\\/\\\/twitter.com\\\/ERosasCU?s=09\"],\"url\":\"https:\\\/\\\/centrourbano.com\\\/revista\\\/author\\\/edgar-rosas\\\/\"}]}<\/script>\n<!-- \/ Yoast SEO plugin. -->","yoast_head_json":{"title":"Adelantar\u00e1 BMV horario de operaci\u00f3n -","description":"Con el objetivo de mantener la homologaci\u00f3n en los horarios de operaci\u00f3n burs\u00e1til con el mercado de Nueva York, la Bolsa Mexicana de Valores (BMV) adecuar\u00e1 el horario de la sesi\u00f3n de remate por lo que a partir del 13 de marzo y hasta el 31 del mismo mes la sesi\u00f3n dar\u00e1 inicio a las 7:30 horas para concluir a las 14:00 horas.","robots":{"index":"index","follow":"follow","max-snippet":"max-snippet:-1","max-image-preview":"max-image-preview:large","max-video-preview":"max-video-preview:-1"},"canonical":"https:\/\/centrourbano.com\/revista\/actualidad\/adelantara-bmv-horario-operacion\/","og_locale":"es_ES","og_type":"article","og_title":"Adelantar\u00e1 BMV horario de operaci\u00f3n -","og_description":"Con el objetivo de mantener la homologaci\u00f3n en los horarios de operaci\u00f3n burs\u00e1til con el mercado de Nueva York, la Bolsa Mexicana de Valores (BMV) adecuar\u00e1 el horario de la sesi\u00f3n de remate por lo que a partir del 13 de marzo y hasta el 31 del mismo mes la sesi\u00f3n dar\u00e1 inicio a las 7:30 horas para concluir a las 14:00 horas.","og_url":"https:\/\/centrourbano.com\/revista\/actualidad\/adelantara-bmv-horario-operacion\/","og_site_name":"Centro Urbano","article_publisher":"https:\/\/www.facebook.com\/portalcentrourbano","article_published_time":"2017-03-08T20:49:26+00:00","article_modified_time":"2017-03-08T20:51:55+00:00","og_image":[{"width":580,"height":304,"url":"https:\/\/centrourbano.com\/revista\/wp-content\/uploads\/abr-bmv-ninive-luanda-1486328-e1460654056529.jpg","type":"image\/jpeg"}],"author":"Edgar Rosas","twitter_card":"summary_large_image","twitter_creator":"@https:\/\/twitter.com\/ERosasCU?s=09","twitter_site":"@CentroUrbano","twitter_misc":{"Escrito por":"Edgar Rosas","Tiempo de lectura":"1 minuto"},"schema":{"@context":"https:\/\/schema.org","@graph":[{"@type":"Article","@id":"https:\/\/centrourbano.com\/revista\/actualidad\/adelantara-bmv-horario-operacion\/#article","isPartOf":{"@id":"https:\/\/centrourbano.com\/revista\/actualidad\/adelantara-bmv-horario-operacion\/"},"author":{"name":"Edgar Rosas","@id":"https:\/\/centrourbano.com\/revista\/#\/schema\/person\/ff3c00651ce5b1630479d2cd0c2e3ac0"},"headline":"Adelantar\u00e1 BMV horario de operaci\u00f3n","datePublished":"2017-03-08T20:49:26+00:00","dateModified":"2017-03-08T20:51:55+00:00","mainEntityOfPage":{"@id":"https:\/\/centrourbano.com\/revista\/actualidad\/adelantara-bmv-horario-operacion\/"},"wordCount":173,"commentCount":0,"publisher":{"@id":"https:\/\/centrourbano.com\/revista\/#organization"},"image":{"@id":"https:\/\/centrourbano.com\/revista\/actualidad\/adelantara-bmv-horario-operacion\/#primaryimage"},"thumbnailUrl":"https:\/\/centrourbano.com\/revista\/wp-content\/uploads\/abr-bmv-ninive-luanda-1486328-e1460654056529.jpg","keywords":["BMV","Bolsa Mexicana de Valores","hhorario","Nueva York","operaci\u00f3n bursatil"],"articleSection":["Actualidad"],"inLanguage":"es","potentialAction":[{"@type":"CommentAction","name":"Comment","target":["https:\/\/centrourbano.com\/revista\/actualidad\/adelantara-bmv-horario-operacion\/#respond"]}]},{"@type":"WebPage","@id":"https:\/\/centrourbano.com\/revista\/actualidad\/adelantara-bmv-horario-operacion\/","url":"https:\/\/centrourbano.com\/revista\/actualidad\/adelantara-bmv-horario-operacion\/","name":"Adelantar\u00e1 BMV horario de operaci\u00f3n -","isPartOf":{"@id":"https:\/\/centrourbano.com\/revista\/#website"},"primaryImageOfPage":{"@id":"https:\/\/centrourbano.com\/revista\/actualidad\/adelantara-bmv-horario-operacion\/#primaryimage"},"image":{"@id":"https:\/\/centrourbano.com\/revista\/actualidad\/adelantara-bmv-horario-operacion\/#primaryimage"},"thumbnailUrl":"https:\/\/centrourbano.com\/revista\/wp-content\/uploads\/abr-bmv-ninive-luanda-1486328-e1460654056529.jpg","datePublished":"2017-03-08T20:49:26+00:00","dateModified":"2017-03-08T20:51:55+00:00","description":"Con el objetivo de mantener la homologaci\u00f3n en los horarios de operaci\u00f3n burs\u00e1til con el mercado de Nueva York, la Bolsa Mexicana de Valores (BMV) adecuar\u00e1 el horario de la sesi\u00f3n de remate por lo que a partir del 13 de marzo y hasta el 31 del mismo mes la sesi\u00f3n dar\u00e1 inicio a las 7:30 horas para concluir a las 14:00 horas.","breadcrumb":{"@id":"https:\/\/centrourbano.com\/revista\/actualidad\/adelantara-bmv-horario-operacion\/#breadcrumb"},"inLanguage":"es","potentialAction":[{"@type":"ReadAction","target":["https:\/\/centrourbano.com\/revista\/actualidad\/adelantara-bmv-horario-operacion\/"]}]},{"@type":"ImageObject","inLanguage":"es","@id":"https:\/\/centrourbano.com\/revista\/actualidad\/adelantara-bmv-horario-operacion\/#primaryimage","url":"https:\/\/centrourbano.com\/revista\/wp-content\/uploads\/abr-bmv-ninive-luanda-1486328-e1460654056529.jpg","contentUrl":"https:\/\/centrourbano.com\/revista\/wp-content\/uploads\/abr-bmv-ninive-luanda-1486328-e1460654056529.jpg","width":580,"height":304},{"@type":"BreadcrumbList","@id":"https:\/\/centrourbano.com\/revista\/actualidad\/adelantara-bmv-horario-operacion\/#breadcrumb","itemListElement":[{"@type":"ListItem","position":1,"name":"Portada","item":"https:\/\/centrourbano.com\/revista\/"},{"@type":"ListItem","position":2,"name":"Adelantar\u00e1 BMV horario de operaci\u00f3n"}]},{"@type":"WebSite","@id":"https:\/\/centrourbano.com\/revista\/#website","url":"https:\/\/centrourbano.com\/revista\/","name":"Centro Urbano","description":"Medio especializado en los sectores vivienda, inmobiliario, construcci\u00f3n, arquitectura y urbanismo.","publisher":{"@id":"https:\/\/centrourbano.com\/revista\/#organization"},"potentialAction":[{"@type":"SearchAction","target":{"@type":"EntryPoint","urlTemplate":"https:\/\/centrourbano.com\/revista\/?s={search_term_string}"},"query-input":{"@type":"PropertyValueSpecification","valueRequired":true,"valueName":"search_term_string"}}],"inLanguage":"es"},{"@type":"Organization","@id":"https:\/\/centrourbano.com\/revista\/#organization","name":"Centro Urbano","url":"https:\/\/centrourbano.com\/revista\/","logo":{"@type":"ImageObject","inLanguage":"es","@id":"https:\/\/centrourbano.com\/revista\/#\/schema\/logo\/image\/","url":"https:\/\/centrourbano.com\/revista\/wp-content\/uploads\/web_CU_logo-1.png","contentUrl":"https:\/\/centrourbano.com\/revista\/wp-content\/uploads\/web_CU_logo-1.png","width":350,"height":91,"caption":"Centro Urbano"},"image":{"@id":"https:\/\/centrourbano.com\/revista\/#\/schema\/logo\/image\/"},"sameAs":["https:\/\/www.facebook.com\/portalcentrourbano","https:\/\/x.com\/CentroUrbano","https:\/\/www.instagram.com\/centro_urbano\/","https:\/\/www.linkedin.com\/company\/centro-urbano\/","http:\/\/www.youtube.com\/user\/portalcentrourbano"]},{"@type":"Person","@id":"https:\/\/centrourbano.com\/revista\/#\/schema\/person\/ff3c00651ce5b1630479d2cd0c2e3ac0","name":"Edgar Rosas","image":{"@type":"ImageObject","inLanguage":"es","@id":"https:\/\/secure.gravatar.com\/avatar\/94440c4283495211faa5300bf85e80061036b83fced868c3783aa1310b350d9c?s=96&d=mm&r=g","url":"https:\/\/secure.gravatar.com\/avatar\/94440c4283495211faa5300bf85e80061036b83fced868c3783aa1310b350d9c?s=96&d=mm&r=g","contentUrl":"https:\/\/secure.gravatar.com\/avatar\/94440c4283495211faa5300bf85e80061036b83fced868c3783aa1310b350d9c?s=96&d=mm&r=g","caption":"Edgar Rosas"},"description":"Editor en Jefe de Centro Urbano. Egresado de la maestr\u00eda en Periodismo Pol\u00edtico de la Escuela de Periodismo Carlos Septi\u00e9n Garc\u00eda (EPCSG). Estudi\u00f3 la licenciatura en Comunicaci\u00f3n en la Universidad Mexicana. Amante de la cr\u00f3nica y el reportaje. Admirador de Vicente Le\u00f1ero y Miguel \u00c1ngel Granados Chapa.","sameAs":["https:\/\/x.com\/https:\/\/twitter.com\/ERosasCU?s=09"],"url":"https:\/\/centrourbano.com\/revista\/author\/edgar-rosas\/"}]}},"_links":{"self":[{"href":"https:\/\/centrourbano.com\/revista\/wp-json\/wp\/v2\/posts\/50078","targetHints":{"allow":["GET"]}}],"collection":[{"href":"https:\/\/centrourbano.com\/revista\/wp-json\/wp\/v2\/posts"}],"about":[{"href":"https:\/\/centrourbano.com\/revista\/wp-json\/wp\/v2\/types\/post"}],"author":[{"embeddable":true,"href":"https:\/\/centrourbano.com\/revista\/wp-json\/wp\/v2\/users\/47"}],"replies":[{"embeddable":true,"href":"https:\/\/centrourbano.com\/revista\/wp-json\/wp\/v2\/comments?post=50078"}],"version-history":[{"count":0,"href":"https:\/\/centrourbano.com\/revista\/wp-json\/wp\/v2\/posts\/50078\/revisions"}],"wp:featuredmedia":[{"embeddable":true,"href":"https:\/\/centrourbano.com\/revista\/wp-json\/wp\/v2\/media\/33440"}],"wp:attachment":[{"href":"https:\/\/centrourbano.com\/revista\/wp-json\/wp\/v2\/media?parent=50078"}],"wp:term":[{"taxonomy":"category","embeddable":true,"href":"https:\/\/centrourbano.com\/revista\/wp-json\/wp\/v2\/categories?post=50078"},{"taxonomy":"post_tag","embeddable":true,"href":"https:\/\/centrourbano.com\/revista\/wp-json\/wp\/v2\/tags?post=50078"}],"curies":[{"name":"wp","href":"https:\/\/api.w.org\/{rel}","templated":true}]}}