{"id":49868,"date":"2017-03-06T10:54:04","date_gmt":"2017-03-06T16:54:04","guid":{"rendered":"https:\/\/centrourbano.com\/?p=49868"},"modified":"2017-03-06T10:54:04","modified_gmt":"2017-03-06T16:54:04","slug":"promover-uso-la-bicicleta-chile","status":"publish","type":"post","link":"https:\/\/centrourbano.com\/revista\/urbanismo\/promover-uso-la-bicicleta-chile\/","title":{"rendered":"Buscan promover el uso de la bicicleta en Chile"},"content":{"rendered":"<p><em>Invitan a miembros de colegios, empresas, universidades y ONG\u00b4s a que este lunes se trasladen en bicicleta y registren sus viajes en una aplicaci\u00f3n<\/em><\/p>\n<p>&nbsp;<\/p>\n<p>Debido a la congesti\u00f3n vial que se prev\u00e9 para el inicio de clases en Chile, la aplicaci\u00f3n Kappo, dedicada a promover el uso de la bicicleta a trav\u00e9s de un juego social, ha invitado a crear la campa\u00f1a S\u00faper Lunes en Dos Ruedas.<\/p>\n<p>&nbsp;<\/p>\n<p>Dicha iniciativa invita a miembros de colegios, empresas, universidades y ONG\u00b4s a que este lunes se trasladen en bicicleta y registren sus viajes en la aplicaci\u00f3n para que las organizaciones ingresen a un ranking general para competir entre s\u00ed.<\/p>\n<p>&nbsp;<\/p>\n<p>La organizaci\u00f3n que inscriba a m\u00e1s ciclistas tendr\u00e1 m\u00e1s posibilidades de ganar un estacionamiento para bicicletas de la firma Bicipunto Spa. Entre las organizaciones participantes, tambi\u00e9n se sortear\u00e1 una inscripci\u00f3n al evento anual Cool Place to Bike que busca instaurar una cultura de bicicleta en las empresas al hacerlas competir seg\u00fan la cantidad de kil\u00f3metros que pedaleen sus ciclistas.<\/p>\n<p>&nbsp;<\/p>\n<p>Al finalizar este d\u00eda los ciclistas podr\u00e1n responder una encuesta en la aplicaci\u00f3n que permitir\u00e1 conocer a experiencia; el objetivo de la actividad es incentivar la cultura de la bicicleta durante todo el a\u00f1o.<\/p>\n<p>&nbsp;<\/p>\n<p>&nbsp;<\/p>\n","protected":false},"excerpt":{"rendered":"<p>Invitan a miembros de colegios, empresas, universidades y ONG\u00b4s a que este lunes se trasladen en bicicleta y registren sus viajes en una aplicaci\u00f3n &nbsp; Debido a la congesti\u00f3n vial que se prev\u00e9 para el inicio de clases en Chile, la aplicaci\u00f3n Kappo, dedicada a promover el uso de la bicicleta a trav\u00e9s de un [&hellip;]<\/p>\n","protected":false},"author":45,"featured_media":49869,"comment_status":"open","ping_status":"closed","sticky":false,"template":"","format":"standard","meta":{"om_disable_all_campaigns":false,"inline_featured_image":false,"_monsterinsights_skip_tracking":false,"_monsterinsights_sitenote_active":false,"_monsterinsights_sitenote_note":"","_monsterinsights_sitenote_category":0,"footnotes":""},"categories":[82],"tags":[718,617,9719,9720],"class_list":["post-49868","post","type-post","status-publish","format-standard","has-post-thumbnail","hentry","category-urbanismo","tag-bicicleta","tag-chile","tag-kappo","tag-super-lunes-en-dos-ruedas"],"yoast_head":"<!-- This site is optimized with the Yoast SEO plugin v27.4 - https:\/\/yoast.com\/product\/yoast-seo-wordpress\/ -->\n<title>Buscan promover el uso de la bicicleta en Chile -<\/title>\n<meta name=\"description\" content=\"Invitan a miembros de colegios, empresas, universidades y ONG\u00b4s a que este lunes se trasladen en bicicleta y registren sus viajes en una aplicaci\u00f3n\" \/>\n<meta name=\"robots\" content=\"index, follow, max-snippet:-1, max-image-preview:large, max-video-preview:-1\" \/>\n<link rel=\"canonical\" href=\"https:\/\/centrourbano.com\/revista\/urbanismo\/promover-uso-la-bicicleta-chile\/\" \/>\n<meta property=\"og:locale\" content=\"es_ES\" \/>\n<meta property=\"og:type\" content=\"article\" \/>\n<meta property=\"og:title\" content=\"Buscan promover el uso de la bicicleta en Chile -\" \/>\n<meta property=\"og:description\" content=\"Invitan a miembros de colegios, empresas, universidades y ONG\u00b4s a que este lunes se trasladen en bicicleta y registren sus viajes en una aplicaci\u00f3n\" \/>\n<meta property=\"og:url\" content=\"https:\/\/centrourbano.com\/revista\/urbanismo\/promover-uso-la-bicicleta-chile\/\" \/>\n<meta property=\"og:site_name\" content=\"Centro Urbano\" \/>\n<meta property=\"article:publisher\" content=\"https:\/\/www.facebook.com\/portalcentrourbano\" \/>\n<meta property=\"article:published_time\" content=\"2017-03-06T16:54:04+00:00\" \/>\n<meta property=\"og:image\" content=\"https:\/\/centrourbano.com\/revista\/wp-content\/uploads\/super-lunes.png\" \/>\n\t<meta property=\"og:image:width\" content=\"851\" \/>\n\t<meta property=\"og:image:height\" content=\"315\" \/>\n\t<meta property=\"og:image:type\" content=\"image\/png\" \/>\n<meta name=\"author\" content=\"Hanae Pacheco\" \/>\n<meta name=\"twitter:card\" content=\"summary_large_image\" \/>\n<meta name=\"twitter:creator\" content=\"@CentroUrbano\" \/>\n<meta name=\"twitter:site\" content=\"@CentroUrbano\" \/>\n<meta name=\"twitter:label1\" content=\"Escrito por\" \/>\n\t<meta name=\"twitter:data1\" content=\"Hanae Pacheco\" \/>\n\t<meta name=\"twitter:label2\" content=\"Tiempo de lectura\" \/>\n\t<meta name=\"twitter:data2\" content=\"1 minuto\" \/>\n<script type=\"application\/ld+json\" class=\"yoast-schema-graph\">{\"@context\":\"https:\\\/\\\/schema.org\",\"@graph\":[{\"@type\":\"Article\",\"@id\":\"https:\\\/\\\/centrourbano.com\\\/revista\\\/urbanismo\\\/promover-uso-la-bicicleta-chile\\\/#article\",\"isPartOf\":{\"@id\":\"https:\\\/\\\/centrourbano.com\\\/revista\\\/urbanismo\\\/promover-uso-la-bicicleta-chile\\\/\"},\"author\":{\"name\":\"Hanae Pacheco\",\"@id\":\"https:\\\/\\\/centrourbano.com\\\/revista\\\/#\\\/schema\\\/person\\\/db5aba19153b4dc77f48808c4c2e7027\"},\"headline\":\"Buscan promover el uso de la bicicleta en Chile\",\"datePublished\":\"2017-03-06T16:54:04+00:00\",\"mainEntityOfPage\":{\"@id\":\"https:\\\/\\\/centrourbano.com\\\/revista\\\/urbanismo\\\/promover-uso-la-bicicleta-chile\\\/\"},\"wordCount\":234,\"commentCount\":0,\"publisher\":{\"@id\":\"https:\\\/\\\/centrourbano.com\\\/revista\\\/#organization\"},\"image\":{\"@id\":\"https:\\\/\\\/centrourbano.com\\\/revista\\\/urbanismo\\\/promover-uso-la-bicicleta-chile\\\/#primaryimage\"},\"thumbnailUrl\":\"https:\\\/\\\/centrourbano.com\\\/revista\\\/wp-content\\\/uploads\\\/super-lunes.png\",\"keywords\":[\"Bicicleta\",\"Chile\",\"Kappo\",\"S\u00faper Lunes en dos Ruedas\"],\"articleSection\":[\"Urbanismo\"],\"inLanguage\":\"es\",\"potentialAction\":[{\"@type\":\"CommentAction\",\"name\":\"Comment\",\"target\":[\"https:\\\/\\\/centrourbano.com\\\/revista\\\/urbanismo\\\/promover-uso-la-bicicleta-chile\\\/#respond\"]}]},{\"@type\":\"WebPage\",\"@id\":\"https:\\\/\\\/centrourbano.com\\\/revista\\\/urbanismo\\\/promover-uso-la-bicicleta-chile\\\/\",\"url\":\"https:\\\/\\\/centrourbano.com\\\/revista\\\/urbanismo\\\/promover-uso-la-bicicleta-chile\\\/\",\"name\":\"Buscan promover el uso de la bicicleta en Chile -\",\"isPartOf\":{\"@id\":\"https:\\\/\\\/centrourbano.com\\\/revista\\\/#website\"},\"primaryImageOfPage\":{\"@id\":\"https:\\\/\\\/centrourbano.com\\\/revista\\\/urbanismo\\\/promover-uso-la-bicicleta-chile\\\/#primaryimage\"},\"image\":{\"@id\":\"https:\\\/\\\/centrourbano.com\\\/revista\\\/urbanismo\\\/promover-uso-la-bicicleta-chile\\\/#primaryimage\"},\"thumbnailUrl\":\"https:\\\/\\\/centrourbano.com\\\/revista\\\/wp-content\\\/uploads\\\/super-lunes.png\",\"datePublished\":\"2017-03-06T16:54:04+00:00\",\"description\":\"Invitan a miembros de colegios, empresas, universidades y ONG\u00b4s a que este lunes se trasladen en bicicleta y registren sus viajes en una aplicaci\u00f3n\",\"breadcrumb\":{\"@id\":\"https:\\\/\\\/centrourbano.com\\\/revista\\\/urbanismo\\\/promover-uso-la-bicicleta-chile\\\/#breadcrumb\"},\"inLanguage\":\"es\",\"potentialAction\":[{\"@type\":\"ReadAction\",\"target\":[\"https:\\\/\\\/centrourbano.com\\\/revista\\\/urbanismo\\\/promover-uso-la-bicicleta-chile\\\/\"]}]},{\"@type\":\"ImageObject\",\"inLanguage\":\"es\",\"@id\":\"https:\\\/\\\/centrourbano.com\\\/revista\\\/urbanismo\\\/promover-uso-la-bicicleta-chile\\\/#primaryimage\",\"url\":\"https:\\\/\\\/centrourbano.com\\\/revista\\\/wp-content\\\/uploads\\\/super-lunes.png\",\"contentUrl\":\"https:\\\/\\\/centrourbano.com\\\/revista\\\/wp-content\\\/uploads\\\/super-lunes.png\",\"width\":851,\"height\":315,\"caption\":\"Invitan a miembros de colegios, empresas, universidades y ONG\u00b4s a que este lunes se trasladen en bicicleta y registren sus viajes en una aplicaci\u00f3n\"},{\"@type\":\"BreadcrumbList\",\"@id\":\"https:\\\/\\\/centrourbano.com\\\/revista\\\/urbanismo\\\/promover-uso-la-bicicleta-chile\\\/#breadcrumb\",\"itemListElement\":[{\"@type\":\"ListItem\",\"position\":1,\"name\":\"Portada\",\"item\":\"https:\\\/\\\/centrourbano.com\\\/revista\\\/\"},{\"@type\":\"ListItem\",\"position\":2,\"name\":\"Buscan promover el uso de la bicicleta en Chile\"}]},{\"@type\":\"WebSite\",\"@id\":\"https:\\\/\\\/centrourbano.com\\\/revista\\\/#website\",\"url\":\"https:\\\/\\\/centrourbano.com\\\/revista\\\/\",\"name\":\"Centro Urbano\",\"description\":\"Medio especializado en los sectores vivienda, inmobiliario, construcci\u00f3n, arquitectura y urbanismo.\",\"publisher\":{\"@id\":\"https:\\\/\\\/centrourbano.com\\\/revista\\\/#organization\"},\"potentialAction\":[{\"@type\":\"SearchAction\",\"target\":{\"@type\":\"EntryPoint\",\"urlTemplate\":\"https:\\\/\\\/centrourbano.com\\\/revista\\\/?s={search_term_string}\"},\"query-input\":{\"@type\":\"PropertyValueSpecification\",\"valueRequired\":true,\"valueName\":\"search_term_string\"}}],\"inLanguage\":\"es\"},{\"@type\":\"Organization\",\"@id\":\"https:\\\/\\\/centrourbano.com\\\/revista\\\/#organization\",\"name\":\"Centro Urbano\",\"url\":\"https:\\\/\\\/centrourbano.com\\\/revista\\\/\",\"logo\":{\"@type\":\"ImageObject\",\"inLanguage\":\"es\",\"@id\":\"https:\\\/\\\/centrourbano.com\\\/revista\\\/#\\\/schema\\\/logo\\\/image\\\/\",\"url\":\"https:\\\/\\\/centrourbano.com\\\/revista\\\/wp-content\\\/uploads\\\/web_CU_logo-1.png\",\"contentUrl\":\"https:\\\/\\\/centrourbano.com\\\/revista\\\/wp-content\\\/uploads\\\/web_CU_logo-1.png\",\"width\":350,\"height\":91,\"caption\":\"Centro Urbano\"},\"image\":{\"@id\":\"https:\\\/\\\/centrourbano.com\\\/revista\\\/#\\\/schema\\\/logo\\\/image\\\/\"},\"sameAs\":[\"https:\\\/\\\/www.facebook.com\\\/portalcentrourbano\",\"https:\\\/\\\/x.com\\\/CentroUrbano\",\"https:\\\/\\\/www.instagram.com\\\/centro_urbano\\\/\",\"https:\\\/\\\/www.linkedin.com\\\/company\\\/centro-urbano\\\/\",\"http:\\\/\\\/www.youtube.com\\\/user\\\/portalcentrourbano\"]},{\"@type\":\"Person\",\"@id\":\"https:\\\/\\\/centrourbano.com\\\/revista\\\/#\\\/schema\\\/person\\\/db5aba19153b4dc77f48808c4c2e7027\",\"name\":\"Hanae Pacheco\",\"image\":{\"@type\":\"ImageObject\",\"inLanguage\":\"es\",\"@id\":\"https:\\\/\\\/secure.gravatar.com\\\/avatar\\\/85378918db488c7c72bd7acaea6909bbfd5df076ffaf5e56cf397f98ef67f72d?s=96&d=mm&r=g\",\"url\":\"https:\\\/\\\/secure.gravatar.com\\\/avatar\\\/85378918db488c7c72bd7acaea6909bbfd5df076ffaf5e56cf397f98ef67f72d?s=96&d=mm&r=g\",\"contentUrl\":\"https:\\\/\\\/secure.gravatar.com\\\/avatar\\\/85378918db488c7c72bd7acaea6909bbfd5df076ffaf5e56cf397f98ef67f72d?s=96&d=mm&r=g\",\"caption\":\"Hanae Pacheco\"},\"url\":\"https:\\\/\\\/centrourbano.com\\\/revista\\\/author\\\/hanae-pacheco\\\/\"}]}<\/script>\n<!-- \/ Yoast SEO plugin. -->","yoast_head_json":{"title":"Buscan promover el uso de la bicicleta en Chile -","description":"Invitan a miembros de colegios, empresas, universidades y ONG\u00b4s a que este lunes se trasladen en bicicleta y registren sus viajes en una aplicaci\u00f3n","robots":{"index":"index","follow":"follow","max-snippet":"max-snippet:-1","max-image-preview":"max-image-preview:large","max-video-preview":"max-video-preview:-1"},"canonical":"https:\/\/centrourbano.com\/revista\/urbanismo\/promover-uso-la-bicicleta-chile\/","og_locale":"es_ES","og_type":"article","og_title":"Buscan promover el uso de la bicicleta en Chile -","og_description":"Invitan a miembros de colegios, empresas, universidades y ONG\u00b4s a que este lunes se trasladen en bicicleta y registren sus viajes en una aplicaci\u00f3n","og_url":"https:\/\/centrourbano.com\/revista\/urbanismo\/promover-uso-la-bicicleta-chile\/","og_site_name":"Centro Urbano","article_publisher":"https:\/\/www.facebook.com\/portalcentrourbano","article_published_time":"2017-03-06T16:54:04+00:00","og_image":[{"width":851,"height":315,"url":"https:\/\/centrourbano.com\/revista\/wp-content\/uploads\/super-lunes.png","type":"image\/png"}],"author":"Hanae Pacheco","twitter_card":"summary_large_image","twitter_creator":"@CentroUrbano","twitter_site":"@CentroUrbano","twitter_misc":{"Escrito por":"Hanae Pacheco","Tiempo de lectura":"1 minuto"},"schema":{"@context":"https:\/\/schema.org","@graph":[{"@type":"Article","@id":"https:\/\/centrourbano.com\/revista\/urbanismo\/promover-uso-la-bicicleta-chile\/#article","isPartOf":{"@id":"https:\/\/centrourbano.com\/revista\/urbanismo\/promover-uso-la-bicicleta-chile\/"},"author":{"name":"Hanae Pacheco","@id":"https:\/\/centrourbano.com\/revista\/#\/schema\/person\/db5aba19153b4dc77f48808c4c2e7027"},"headline":"Buscan promover el uso de la bicicleta en Chile","datePublished":"2017-03-06T16:54:04+00:00","mainEntityOfPage":{"@id":"https:\/\/centrourbano.com\/revista\/urbanismo\/promover-uso-la-bicicleta-chile\/"},"wordCount":234,"commentCount":0,"publisher":{"@id":"https:\/\/centrourbano.com\/revista\/#organization"},"image":{"@id":"https:\/\/centrourbano.com\/revista\/urbanismo\/promover-uso-la-bicicleta-chile\/#primaryimage"},"thumbnailUrl":"https:\/\/centrourbano.com\/revista\/wp-content\/uploads\/super-lunes.png","keywords":["Bicicleta","Chile","Kappo","S\u00faper Lunes en dos Ruedas"],"articleSection":["Urbanismo"],"inLanguage":"es","potentialAction":[{"@type":"CommentAction","name":"Comment","target":["https:\/\/centrourbano.com\/revista\/urbanismo\/promover-uso-la-bicicleta-chile\/#respond"]}]},{"@type":"WebPage","@id":"https:\/\/centrourbano.com\/revista\/urbanismo\/promover-uso-la-bicicleta-chile\/","url":"https:\/\/centrourbano.com\/revista\/urbanismo\/promover-uso-la-bicicleta-chile\/","name":"Buscan promover el uso de la bicicleta en Chile -","isPartOf":{"@id":"https:\/\/centrourbano.com\/revista\/#website"},"primaryImageOfPage":{"@id":"https:\/\/centrourbano.com\/revista\/urbanismo\/promover-uso-la-bicicleta-chile\/#primaryimage"},"image":{"@id":"https:\/\/centrourbano.com\/revista\/urbanismo\/promover-uso-la-bicicleta-chile\/#primaryimage"},"thumbnailUrl":"https:\/\/centrourbano.com\/revista\/wp-content\/uploads\/super-lunes.png","datePublished":"2017-03-06T16:54:04+00:00","description":"Invitan a miembros de colegios, empresas, universidades y ONG\u00b4s a que este lunes se trasladen en bicicleta y registren sus viajes en una aplicaci\u00f3n","breadcrumb":{"@id":"https:\/\/centrourbano.com\/revista\/urbanismo\/promover-uso-la-bicicleta-chile\/#breadcrumb"},"inLanguage":"es","potentialAction":[{"@type":"ReadAction","target":["https:\/\/centrourbano.com\/revista\/urbanismo\/promover-uso-la-bicicleta-chile\/"]}]},{"@type":"ImageObject","inLanguage":"es","@id":"https:\/\/centrourbano.com\/revista\/urbanismo\/promover-uso-la-bicicleta-chile\/#primaryimage","url":"https:\/\/centrourbano.com\/revista\/wp-content\/uploads\/super-lunes.png","contentUrl":"https:\/\/centrourbano.com\/revista\/wp-content\/uploads\/super-lunes.png","width":851,"height":315,"caption":"Invitan a miembros de colegios, empresas, universidades y ONG\u00b4s a que este lunes se trasladen en bicicleta y registren sus viajes en una aplicaci\u00f3n"},{"@type":"BreadcrumbList","@id":"https:\/\/centrourbano.com\/revista\/urbanismo\/promover-uso-la-bicicleta-chile\/#breadcrumb","itemListElement":[{"@type":"ListItem","position":1,"name":"Portada","item":"https:\/\/centrourbano.com\/revista\/"},{"@type":"ListItem","position":2,"name":"Buscan promover el uso de la bicicleta en Chile"}]},{"@type":"WebSite","@id":"https:\/\/centrourbano.com\/revista\/#website","url":"https:\/\/centrourbano.com\/revista\/","name":"Centro Urbano","description":"Medio especializado en los sectores vivienda, inmobiliario, construcci\u00f3n, arquitectura y urbanismo.","publisher":{"@id":"https:\/\/centrourbano.com\/revista\/#organization"},"potentialAction":[{"@type":"SearchAction","target":{"@type":"EntryPoint","urlTemplate":"https:\/\/centrourbano.com\/revista\/?s={search_term_string}"},"query-input":{"@type":"PropertyValueSpecification","valueRequired":true,"valueName":"search_term_string"}}],"inLanguage":"es"},{"@type":"Organization","@id":"https:\/\/centrourbano.com\/revista\/#organization","name":"Centro Urbano","url":"https:\/\/centrourbano.com\/revista\/","logo":{"@type":"ImageObject","inLanguage":"es","@id":"https:\/\/centrourbano.com\/revista\/#\/schema\/logo\/image\/","url":"https:\/\/centrourbano.com\/revista\/wp-content\/uploads\/web_CU_logo-1.png","contentUrl":"https:\/\/centrourbano.com\/revista\/wp-content\/uploads\/web_CU_logo-1.png","width":350,"height":91,"caption":"Centro Urbano"},"image":{"@id":"https:\/\/centrourbano.com\/revista\/#\/schema\/logo\/image\/"},"sameAs":["https:\/\/www.facebook.com\/portalcentrourbano","https:\/\/x.com\/CentroUrbano","https:\/\/www.instagram.com\/centro_urbano\/","https:\/\/www.linkedin.com\/company\/centro-urbano\/","http:\/\/www.youtube.com\/user\/portalcentrourbano"]},{"@type":"Person","@id":"https:\/\/centrourbano.com\/revista\/#\/schema\/person\/db5aba19153b4dc77f48808c4c2e7027","name":"Hanae Pacheco","image":{"@type":"ImageObject","inLanguage":"es","@id":"https:\/\/secure.gravatar.com\/avatar\/85378918db488c7c72bd7acaea6909bbfd5df076ffaf5e56cf397f98ef67f72d?s=96&d=mm&r=g","url":"https:\/\/secure.gravatar.com\/avatar\/85378918db488c7c72bd7acaea6909bbfd5df076ffaf5e56cf397f98ef67f72d?s=96&d=mm&r=g","contentUrl":"https:\/\/secure.gravatar.com\/avatar\/85378918db488c7c72bd7acaea6909bbfd5df076ffaf5e56cf397f98ef67f72d?s=96&d=mm&r=g","caption":"Hanae Pacheco"},"url":"https:\/\/centrourbano.com\/revista\/author\/hanae-pacheco\/"}]}},"_links":{"self":[{"href":"https:\/\/centrourbano.com\/revista\/wp-json\/wp\/v2\/posts\/49868","targetHints":{"allow":["GET"]}}],"collection":[{"href":"https:\/\/centrourbano.com\/revista\/wp-json\/wp\/v2\/posts"}],"about":[{"href":"https:\/\/centrourbano.com\/revista\/wp-json\/wp\/v2\/types\/post"}],"author":[{"embeddable":true,"href":"https:\/\/centrourbano.com\/revista\/wp-json\/wp\/v2\/users\/45"}],"replies":[{"embeddable":true,"href":"https:\/\/centrourbano.com\/revista\/wp-json\/wp\/v2\/comments?post=49868"}],"version-history":[{"count":0,"href":"https:\/\/centrourbano.com\/revista\/wp-json\/wp\/v2\/posts\/49868\/revisions"}],"wp:featuredmedia":[{"embeddable":true,"href":"https:\/\/centrourbano.com\/revista\/wp-json\/wp\/v2\/media\/49869"}],"wp:attachment":[{"href":"https:\/\/centrourbano.com\/revista\/wp-json\/wp\/v2\/media?parent=49868"}],"wp:term":[{"taxonomy":"category","embeddable":true,"href":"https:\/\/centrourbano.com\/revista\/wp-json\/wp\/v2\/categories?post=49868"},{"taxonomy":"post_tag","embeddable":true,"href":"https:\/\/centrourbano.com\/revista\/wp-json\/wp\/v2\/tags?post=49868"}],"curies":[{"name":"wp","href":"https:\/\/api.w.org\/{rel}","templated":true}]}}