{"id":49808,"date":"2017-03-03T10:45:52","date_gmt":"2017-03-03T16:45:52","guid":{"rendered":"https:\/\/centrourbano.com\/?p=49808"},"modified":"2017-03-03T10:45:52","modified_gmt":"2017-03-03T16:45:52","slug":"construyen-guerrero-1400-cuartos-adicionales","status":"publish","type":"post","link":"https:\/\/centrourbano.com\/revista\/vivienda\/construyen-guerrero-1400-cuartos-adicionales\/","title":{"rendered":"Construyen en Guerrero 1,400 Cuartos Adicionales"},"content":{"rendered":"<p><em>La inversi\u00f3n para el estado asciende a 28 millones de pesos <\/em><!--more--><\/p>\n<p>En Guerrero se construyen 1,400 cuartos adicionales, con los que se beneficiar\u00e1 a familias de m\u00e1s de 50 municipios de la entidad, inform\u00f3 Manuel Armenta Tello, delegado de la Secretar\u00eda de Desarrollo Agrario, Territorial y Urbano (Sedatu) en el estado. <\/p>\n<p>El funcionario se\u00f1al\u00f3 que la inversi\u00f3n del gobierno para este rubro asciende a 28 millones pesos, aportados por Sedatu a trav\u00e9s del Fondo Nacional de habitaciones Populares (Fonhapo). <\/p>\n<p>El delegado reiter\u00f3 que los apoyos se entregan a familias de bajos recursos y tiene el objetivo de elevar la calidad de vida. <\/p>\n","protected":false},"excerpt":{"rendered":"<p>La inversi\u00f3n para el estado asciende a 28 millones de pesos<\/p>\n","protected":false},"author":77,"featured_media":49811,"comment_status":"open","ping_status":"closed","sticky":false,"template":"","format":"standard","meta":{"inline_featured_image":false,"footnotes":""},"categories":[12],"tags":[9018,106,60],"class_list":["post-49808","post","type-post","status-publish","format-standard","has-post-thumbnail","hentry","category-vivienda","tag-cuartos-adicionales","tag-guerrero","tag-vivienda-2"],"yoast_head":"<!-- This site is optimized with the Yoast SEO plugin v28.4 - https:\/\/yoast.com\/product\/yoast-seo-wordpress\/ -->\n<title>Construyen en Guerrero 1,400 Cuartos Adicionales -<\/title>\n<meta name=\"description\" content=\"En Guerrero se construyen 1,400 cuartos adicionales, con los que se beneficiar\u00e1 a familias de m\u00e1s de 50 municipios de la entidad, inform\u00f3 Manuel Armenta Tello, delegado de la Secretar\u00eda de Desarrollo Agrario, Territorial y Urbano (Sedatu) en el estado.\" \/>\n<meta name=\"robots\" content=\"index, follow, max-snippet:-1, max-image-preview:large, max-video-preview:-1\" \/>\n<link rel=\"canonical\" href=\"https:\/\/centrourbano.com\/revista\/vivienda\/construyen-guerrero-1400-cuartos-adicionales\/\" \/>\n<meta property=\"og:locale\" content=\"es_ES\" \/>\n<meta property=\"og:type\" content=\"article\" \/>\n<meta property=\"og:title\" content=\"Construyen en Guerrero 1,400 Cuartos Adicionales -\" \/>\n<meta property=\"og:description\" content=\"En Guerrero se construyen 1,400 cuartos adicionales, con los que se beneficiar\u00e1 a familias de m\u00e1s de 50 municipios de la entidad, inform\u00f3 Manuel Armenta Tello, delegado de la Secretar\u00eda de Desarrollo Agrario, Territorial y Urbano (Sedatu) en el estado.\" \/>\n<meta property=\"og:url\" content=\"https:\/\/centrourbano.com\/revista\/vivienda\/construyen-guerrero-1400-cuartos-adicionales\/\" \/>\n<meta property=\"og:site_name\" content=\"Centro Urbano\" \/>\n<meta property=\"article:publisher\" content=\"https:\/\/www.facebook.com\/portalcentrourbano\" \/>\n<meta property=\"article:published_time\" content=\"2017-03-03T16:45:52+00:00\" \/>\n<meta property=\"og:image\" content=\"https:\/\/centrourbano.com\/revista\/wp-content\/uploads\/Cuarto-Adicional_CU.jpeg\" \/>\n\t<meta property=\"og:image:width\" content=\"800\" \/>\n\t<meta property=\"og:image:height\" content=\"532\" \/>\n\t<meta property=\"og:image:type\" content=\"image\/jpeg\" \/>\n<meta name=\"author\" content=\"G4A\" \/>\n<meta name=\"twitter:card\" content=\"summary_large_image\" \/>\n<meta name=\"twitter:creator\" content=\"@CentroUrbano\" \/>\n<meta name=\"twitter:site\" content=\"@CentroUrbano\" \/>\n<meta name=\"twitter:label1\" content=\"Escrito por\" \/>\n\t<meta name=\"twitter:data1\" content=\"G4A\" \/>\n\t<meta name=\"twitter:label2\" content=\"Tiempo de lectura\" \/>\n\t<meta name=\"twitter:data2\" content=\"1 minuto\" \/>\n<script type=\"application\/ld+json\" class=\"yoast-schema-graph\">{\"@context\":\"https:\\\/\\\/schema.org\",\"@graph\":[{\"@type\":\"Article\",\"@id\":\"https:\\\/\\\/centrourbano.com\\\/revista\\\/vivienda\\\/construyen-guerrero-1400-cuartos-adicionales\\\/#article\",\"isPartOf\":{\"@id\":\"https:\\\/\\\/centrourbano.com\\\/revista\\\/vivienda\\\/construyen-guerrero-1400-cuartos-adicionales\\\/\"},\"author\":{\"name\":\"G4A\",\"@id\":\"https:\\\/\\\/centrourbano.com\\\/revista\\\/#\\\/schema\\\/person\\\/370fa0ba2d8dd5bde3fdb8b62ad360aa\"},\"headline\":\"Construyen en Guerrero 1,400 Cuartos Adicionales\",\"datePublished\":\"2017-03-03T16:45:52+00:00\",\"mainEntityOfPage\":{\"@id\":\"https:\\\/\\\/centrourbano.com\\\/revista\\\/vivienda\\\/construyen-guerrero-1400-cuartos-adicionales\\\/\"},\"wordCount\":109,\"commentCount\":0,\"publisher\":{\"@id\":\"https:\\\/\\\/centrourbano.com\\\/revista\\\/#organization\"},\"image\":{\"@id\":\"https:\\\/\\\/centrourbano.com\\\/revista\\\/vivienda\\\/construyen-guerrero-1400-cuartos-adicionales\\\/#primaryimage\"},\"thumbnailUrl\":\"https:\\\/\\\/centrourbano.com\\\/revista\\\/wp-content\\\/uploads\\\/Cuarto-Adicional_CU.jpeg\",\"keywords\":[\"Cuartos Adicionales\",\"Guerrero\",\"vivienda\"],\"articleSection\":[\"Vivienda\"],\"inLanguage\":\"es\"},{\"@type\":\"WebPage\",\"@id\":\"https:\\\/\\\/centrourbano.com\\\/revista\\\/vivienda\\\/construyen-guerrero-1400-cuartos-adicionales\\\/\",\"url\":\"https:\\\/\\\/centrourbano.com\\\/revista\\\/vivienda\\\/construyen-guerrero-1400-cuartos-adicionales\\\/\",\"name\":\"Construyen en Guerrero 1,400 Cuartos Adicionales -\",\"isPartOf\":{\"@id\":\"https:\\\/\\\/centrourbano.com\\\/revista\\\/#website\"},\"primaryImageOfPage\":{\"@id\":\"https:\\\/\\\/centrourbano.com\\\/revista\\\/vivienda\\\/construyen-guerrero-1400-cuartos-adicionales\\\/#primaryimage\"},\"image\":{\"@id\":\"https:\\\/\\\/centrourbano.com\\\/revista\\\/vivienda\\\/construyen-guerrero-1400-cuartos-adicionales\\\/#primaryimage\"},\"thumbnailUrl\":\"https:\\\/\\\/centrourbano.com\\\/revista\\\/wp-content\\\/uploads\\\/Cuarto-Adicional_CU.jpeg\",\"datePublished\":\"2017-03-03T16:45:52+00:00\",\"description\":\"En Guerrero se construyen 1,400 cuartos adicionales, con los que se beneficiar\u00e1 a familias de m\u00e1s de 50 municipios de la entidad, inform\u00f3 Manuel Armenta Tello, delegado de la Secretar\u00eda de Desarrollo Agrario, Territorial y Urbano (Sedatu) en el estado.\",\"breadcrumb\":{\"@id\":\"https:\\\/\\\/centrourbano.com\\\/revista\\\/vivienda\\\/construyen-guerrero-1400-cuartos-adicionales\\\/#breadcrumb\"},\"inLanguage\":\"es\",\"potentialAction\":[{\"@type\":\"ReadAction\",\"target\":[\"https:\\\/\\\/centrourbano.com\\\/revista\\\/vivienda\\\/construyen-guerrero-1400-cuartos-adicionales\\\/\"]}]},{\"@type\":\"ImageObject\",\"inLanguage\":\"es\",\"@id\":\"https:\\\/\\\/centrourbano.com\\\/revista\\\/vivienda\\\/construyen-guerrero-1400-cuartos-adicionales\\\/#primaryimage\",\"url\":\"https:\\\/\\\/centrourbano.com\\\/revista\\\/wp-content\\\/uploads\\\/Cuarto-Adicional_CU.jpeg\",\"contentUrl\":\"https:\\\/\\\/centrourbano.com\\\/revista\\\/wp-content\\\/uploads\\\/Cuarto-Adicional_CU.jpeg\",\"width\":800,\"height\":532},{\"@type\":\"BreadcrumbList\",\"@id\":\"https:\\\/\\\/centrourbano.com\\\/revista\\\/vivienda\\\/construyen-guerrero-1400-cuartos-adicionales\\\/#breadcrumb\",\"itemListElement\":[{\"@type\":\"ListItem\",\"position\":1,\"name\":\"Portada\",\"item\":\"https:\\\/\\\/centrourbano.com\\\/revista\\\/\"},{\"@type\":\"ListItem\",\"position\":2,\"name\":\"Construyen en Guerrero 1,400 Cuartos Adicionales\"}]},{\"@type\":\"WebSite\",\"@id\":\"https:\\\/\\\/centrourbano.com\\\/revista\\\/#website\",\"url\":\"https:\\\/\\\/centrourbano.com\\\/revista\\\/\",\"name\":\"Centro Urbano\",\"description\":\"Medio especializado en los sectores vivienda, inmobiliario, construcci\u00f3n, arquitectura y urbanismo.\",\"publisher\":{\"@id\":\"https:\\\/\\\/centrourbano.com\\\/revista\\\/#organization\"},\"potentialAction\":[{\"@type\":\"SearchAction\",\"target\":{\"@type\":\"EntryPoint\",\"urlTemplate\":\"https:\\\/\\\/centrourbano.com\\\/revista\\\/?s={search_term_string}\"},\"query-input\":{\"@type\":\"PropertyValueSpecification\",\"valueRequired\":true,\"valueName\":\"search_term_string\"}}],\"inLanguage\":\"es\"},{\"@type\":\"Organization\",\"@id\":\"https:\\\/\\\/centrourbano.com\\\/revista\\\/#organization\",\"name\":\"Centro Urbano\",\"url\":\"https:\\\/\\\/centrourbano.com\\\/revista\\\/\",\"logo\":{\"@type\":\"ImageObject\",\"inLanguage\":\"es\",\"@id\":\"https:\\\/\\\/centrourbano.com\\\/revista\\\/#\\\/schema\\\/logo\\\/image\\\/\",\"url\":\"https:\\\/\\\/centrourbano.com\\\/revista\\\/wp-content\\\/uploads\\\/web_CU_logo-1.png\",\"contentUrl\":\"https:\\\/\\\/centrourbano.com\\\/revista\\\/wp-content\\\/uploads\\\/web_CU_logo-1.png\",\"width\":350,\"height\":91,\"caption\":\"Centro Urbano\"},\"image\":{\"@id\":\"https:\\\/\\\/centrourbano.com\\\/revista\\\/#\\\/schema\\\/logo\\\/image\\\/\"},\"sameAs\":[\"https:\\\/\\\/www.facebook.com\\\/portalcentrourbano\",\"https:\\\/\\\/x.com\\\/CentroUrbano\",\"https:\\\/\\\/www.instagram.com\\\/centro_urbano\\\/\",\"https:\\\/\\\/www.linkedin.com\\\/company\\\/centro-urbano\\\/\",\"http:\\\/\\\/www.youtube.com\\\/user\\\/portalcentrourbano\"]},{\"@type\":\"Person\",\"@id\":\"https:\\\/\\\/centrourbano.com\\\/revista\\\/#\\\/schema\\\/person\\\/370fa0ba2d8dd5bde3fdb8b62ad360aa\",\"name\":\"G4A\",\"image\":{\"@type\":\"ImageObject\",\"inLanguage\":\"es\",\"@id\":\"https:\\\/\\\/secure.gravatar.com\\\/avatar\\\/932a97121b13d5de5bbd8193c6c83d3b92c9eda0f39623607d4280e7a5778d97?s=96&d=mm&r=g\",\"url\":\"https:\\\/\\\/secure.gravatar.com\\\/avatar\\\/932a97121b13d5de5bbd8193c6c83d3b92c9eda0f39623607d4280e7a5778d97?s=96&d=mm&r=g\",\"contentUrl\":\"https:\\\/\\\/secure.gravatar.com\\\/avatar\\\/932a97121b13d5de5bbd8193c6c83d3b92c9eda0f39623607d4280e7a5778d97?s=96&d=mm&r=g\",\"caption\":\"G4A\"},\"url\":\"https:\\\/\\\/centrourbano.com\\\/revista\\\/author\\\/admin-g4a\\\/\"}]}<\/script>\n<!-- \/ Yoast SEO plugin. -->","yoast_head_json":{"title":"Construyen en Guerrero 1,400 Cuartos Adicionales -","description":"En Guerrero se construyen 1,400 cuartos adicionales, con los que se beneficiar\u00e1 a familias de m\u00e1s de 50 municipios de la entidad, inform\u00f3 Manuel Armenta Tello, delegado de la Secretar\u00eda de Desarrollo Agrario, Territorial y Urbano (Sedatu) en el estado.","robots":{"index":"index","follow":"follow","max-snippet":"max-snippet:-1","max-image-preview":"max-image-preview:large","max-video-preview":"max-video-preview:-1"},"canonical":"https:\/\/centrourbano.com\/revista\/vivienda\/construyen-guerrero-1400-cuartos-adicionales\/","og_locale":"es_ES","og_type":"article","og_title":"Construyen en Guerrero 1,400 Cuartos Adicionales -","og_description":"En Guerrero se construyen 1,400 cuartos adicionales, con los que se beneficiar\u00e1 a familias de m\u00e1s de 50 municipios de la entidad, inform\u00f3 Manuel Armenta Tello, delegado de la Secretar\u00eda de Desarrollo Agrario, Territorial y Urbano (Sedatu) en el estado.","og_url":"https:\/\/centrourbano.com\/revista\/vivienda\/construyen-guerrero-1400-cuartos-adicionales\/","og_site_name":"Centro Urbano","article_publisher":"https:\/\/www.facebook.com\/portalcentrourbano","article_published_time":"2017-03-03T16:45:52+00:00","og_image":[{"width":800,"height":532,"url":"https:\/\/centrourbano.com\/revista\/wp-content\/uploads\/Cuarto-Adicional_CU.jpeg","type":"image\/jpeg"}],"author":"G4A","twitter_card":"summary_large_image","twitter_creator":"@CentroUrbano","twitter_site":"@CentroUrbano","twitter_misc":{"Escrito por":"G4A","Tiempo de lectura":"1 minuto"},"schema":{"@context":"https:\/\/schema.org","@graph":[{"@type":"Article","@id":"https:\/\/centrourbano.com\/revista\/vivienda\/construyen-guerrero-1400-cuartos-adicionales\/#article","isPartOf":{"@id":"https:\/\/centrourbano.com\/revista\/vivienda\/construyen-guerrero-1400-cuartos-adicionales\/"},"author":{"name":"G4A","@id":"https:\/\/centrourbano.com\/revista\/#\/schema\/person\/370fa0ba2d8dd5bde3fdb8b62ad360aa"},"headline":"Construyen en Guerrero 1,400 Cuartos Adicionales","datePublished":"2017-03-03T16:45:52+00:00","mainEntityOfPage":{"@id":"https:\/\/centrourbano.com\/revista\/vivienda\/construyen-guerrero-1400-cuartos-adicionales\/"},"wordCount":109,"commentCount":0,"publisher":{"@id":"https:\/\/centrourbano.com\/revista\/#organization"},"image":{"@id":"https:\/\/centrourbano.com\/revista\/vivienda\/construyen-guerrero-1400-cuartos-adicionales\/#primaryimage"},"thumbnailUrl":"https:\/\/centrourbano.com\/revista\/wp-content\/uploads\/Cuarto-Adicional_CU.jpeg","keywords":["Cuartos Adicionales","Guerrero","vivienda"],"articleSection":["Vivienda"],"inLanguage":"es"},{"@type":"WebPage","@id":"https:\/\/centrourbano.com\/revista\/vivienda\/construyen-guerrero-1400-cuartos-adicionales\/","url":"https:\/\/centrourbano.com\/revista\/vivienda\/construyen-guerrero-1400-cuartos-adicionales\/","name":"Construyen en Guerrero 1,400 Cuartos Adicionales -","isPartOf":{"@id":"https:\/\/centrourbano.com\/revista\/#website"},"primaryImageOfPage":{"@id":"https:\/\/centrourbano.com\/revista\/vivienda\/construyen-guerrero-1400-cuartos-adicionales\/#primaryimage"},"image":{"@id":"https:\/\/centrourbano.com\/revista\/vivienda\/construyen-guerrero-1400-cuartos-adicionales\/#primaryimage"},"thumbnailUrl":"https:\/\/centrourbano.com\/revista\/wp-content\/uploads\/Cuarto-Adicional_CU.jpeg","datePublished":"2017-03-03T16:45:52+00:00","description":"En Guerrero se construyen 1,400 cuartos adicionales, con los que se beneficiar\u00e1 a familias de m\u00e1s de 50 municipios de la entidad, inform\u00f3 Manuel Armenta Tello, delegado de la Secretar\u00eda de Desarrollo Agrario, Territorial y Urbano (Sedatu) en el estado.","breadcrumb":{"@id":"https:\/\/centrourbano.com\/revista\/vivienda\/construyen-guerrero-1400-cuartos-adicionales\/#breadcrumb"},"inLanguage":"es","potentialAction":[{"@type":"ReadAction","target":["https:\/\/centrourbano.com\/revista\/vivienda\/construyen-guerrero-1400-cuartos-adicionales\/"]}]},{"@type":"ImageObject","inLanguage":"es","@id":"https:\/\/centrourbano.com\/revista\/vivienda\/construyen-guerrero-1400-cuartos-adicionales\/#primaryimage","url":"https:\/\/centrourbano.com\/revista\/wp-content\/uploads\/Cuarto-Adicional_CU.jpeg","contentUrl":"https:\/\/centrourbano.com\/revista\/wp-content\/uploads\/Cuarto-Adicional_CU.jpeg","width":800,"height":532},{"@type":"BreadcrumbList","@id":"https:\/\/centrourbano.com\/revista\/vivienda\/construyen-guerrero-1400-cuartos-adicionales\/#breadcrumb","itemListElement":[{"@type":"ListItem","position":1,"name":"Portada","item":"https:\/\/centrourbano.com\/revista\/"},{"@type":"ListItem","position":2,"name":"Construyen en Guerrero 1,400 Cuartos Adicionales"}]},{"@type":"WebSite","@id":"https:\/\/centrourbano.com\/revista\/#website","url":"https:\/\/centrourbano.com\/revista\/","name":"Centro Urbano","description":"Medio especializado en los sectores vivienda, inmobiliario, construcci\u00f3n, arquitectura y urbanismo.","publisher":{"@id":"https:\/\/centrourbano.com\/revista\/#organization"},"potentialAction":[{"@type":"SearchAction","target":{"@type":"EntryPoint","urlTemplate":"https:\/\/centrourbano.com\/revista\/?s={search_term_string}"},"query-input":{"@type":"PropertyValueSpecification","valueRequired":true,"valueName":"search_term_string"}}],"inLanguage":"es"},{"@type":"Organization","@id":"https:\/\/centrourbano.com\/revista\/#organization","name":"Centro Urbano","url":"https:\/\/centrourbano.com\/revista\/","logo":{"@type":"ImageObject","inLanguage":"es","@id":"https:\/\/centrourbano.com\/revista\/#\/schema\/logo\/image\/","url":"https:\/\/centrourbano.com\/revista\/wp-content\/uploads\/web_CU_logo-1.png","contentUrl":"https:\/\/centrourbano.com\/revista\/wp-content\/uploads\/web_CU_logo-1.png","width":350,"height":91,"caption":"Centro Urbano"},"image":{"@id":"https:\/\/centrourbano.com\/revista\/#\/schema\/logo\/image\/"},"sameAs":["https:\/\/www.facebook.com\/portalcentrourbano","https:\/\/x.com\/CentroUrbano","https:\/\/www.instagram.com\/centro_urbano\/","https:\/\/www.linkedin.com\/company\/centro-urbano\/","http:\/\/www.youtube.com\/user\/portalcentrourbano"]},{"@type":"Person","@id":"https:\/\/centrourbano.com\/revista\/#\/schema\/person\/370fa0ba2d8dd5bde3fdb8b62ad360aa","name":"G4A","image":{"@type":"ImageObject","inLanguage":"es","@id":"https:\/\/secure.gravatar.com\/avatar\/932a97121b13d5de5bbd8193c6c83d3b92c9eda0f39623607d4280e7a5778d97?s=96&d=mm&r=g","url":"https:\/\/secure.gravatar.com\/avatar\/932a97121b13d5de5bbd8193c6c83d3b92c9eda0f39623607d4280e7a5778d97?s=96&d=mm&r=g","contentUrl":"https:\/\/secure.gravatar.com\/avatar\/932a97121b13d5de5bbd8193c6c83d3b92c9eda0f39623607d4280e7a5778d97?s=96&d=mm&r=g","caption":"G4A"},"url":"https:\/\/centrourbano.com\/revista\/author\/admin-g4a\/"}]}},"_links":{"self":[{"href":"https:\/\/centrourbano.com\/revista\/wp-json\/wp\/v2\/posts\/49808","targetHints":{"allow":["GET"]}}],"collection":[{"href":"https:\/\/centrourbano.com\/revista\/wp-json\/wp\/v2\/posts"}],"about":[{"href":"https:\/\/centrourbano.com\/revista\/wp-json\/wp\/v2\/types\/post"}],"author":[{"embeddable":true,"href":"https:\/\/centrourbano.com\/revista\/wp-json\/wp\/v2\/users\/77"}],"replies":[{"embeddable":true,"href":"https:\/\/centrourbano.com\/revista\/wp-json\/wp\/v2\/comments?post=49808"}],"version-history":[{"count":0,"href":"https:\/\/centrourbano.com\/revista\/wp-json\/wp\/v2\/posts\/49808\/revisions"}],"wp:featuredmedia":[{"embeddable":true,"href":"https:\/\/centrourbano.com\/revista\/wp-json\/wp\/v2\/media\/49811"}],"wp:attachment":[{"href":"https:\/\/centrourbano.com\/revista\/wp-json\/wp\/v2\/media?parent=49808"}],"wp:term":[{"taxonomy":"category","embeddable":true,"href":"https:\/\/centrourbano.com\/revista\/wp-json\/wp\/v2\/categories?post=49808"},{"taxonomy":"post_tag","embeddable":true,"href":"https:\/\/centrourbano.com\/revista\/wp-json\/wp\/v2\/tags?post=49808"}],"curies":[{"name":"wp","href":"https:\/\/api.w.org\/{rel}","templated":true}]}}