{"id":49772,"date":"2017-03-02T12:10:44","date_gmt":"2017-03-02T18:10:44","guid":{"rendered":"https:\/\/centrourbano.com\/?p=49772"},"modified":"2017-03-02T18:13:43","modified_gmt":"2017-03-03T00:13:43","slug":"crece-utilidad-bruta-de-sare-195-en-2016","status":"publish","type":"post","link":"https:\/\/centrourbano.com\/revista\/vivienda\/crece-utilidad-bruta-de-sare-195-en-2016\/","title":{"rendered":"Crece utilidad bruta de Sare 195% en 2016"},"content":{"rendered":"<p><em>Durante el 4T2016, la desarrolladora escritur\u00f3 258 viviendas <\/em><!--more--><\/p>\n<p>Durante 2016, la desarrolladora de vivienda Sare escritur\u00f3 775 viviendas, lo que represent\u00f3 un aumento de 393% en comparaci\u00f3n con lo obtenido en 2015.<\/p>\n<p>As\u00ed lo dio a conocer la viviendera, quien detall\u00f3 que durante el 4to Trimestre 2016 (4T2016), escritur\u00f3 258 viviendas, un incremento de 121% en comparaci\u00f3n con el mismo periodo pero de 2015.<\/p>\n<p>De acuerdo con la informaci\u00f3n dada a conocer por la empresa, en 2016 los ingresos de la desarrolladora crecieron 90.5%, esto debido principalmente por las ventas de vivienda de inter\u00e9s social. <\/p>\n<p>\u201cEn 2016 se registr\u00f3 un incremento de 195% en la utilidad bruta, con lo que cerr\u00f3 el a\u00f1o con 84.7 millones de pesos en el rubro\u201d, apunt\u00f3 Sare. <\/p>\n<p>Aunado a lo anterior, la firma explic\u00f3 que durante el a\u00f1o alcanz\u00f3 un Ebitda positivo de 6.2 millones de pesos. <\/p>\n<p>\u201cLa empresa gener\u00f3 una utilidad operativa anual de 5.5 millones de pesos, siendo este un resultado positivo por primera vez despu\u00e9s de varios a\u00f1os. Se tuvo como resultado neto una p\u00e9rdida de 46.6 millones de pesos, derivado de gastos no-operativos por la venta de activos no estrat\u00e9gicos por 46.7 millones de pesos y resultado integral de financiamiento por 23.4 millones de pesos\u201d, dijo. <\/p>\n<p>La empresa detall\u00f3 que ha concluido el proceso de reestructuraci\u00f3n de los pasivos con costo, siendo en el mes de enero la \u00faltima de las reestructuras negociadas con BBVA Bancomer. <\/p>\n<p>\u201cDurante los \u00faltimos 12 meses la deuda bancaria se redujo en un 17%, amortizando $127 mdp disminuyendo de $ 860 mdp al 31 de Diciembre del 2015 a $733.5 mdp al 31 de Diciembre del 2016. En los \u00faltimos dos a\u00f1os y medio, hemos reducido nuestra deuda de 1,324 mdp a 733.5 mdp es decir 45% menos\u201d, destac\u00f3 la empresa. <\/p>\n","protected":false},"excerpt":{"rendered":"<p>Durante el 4T2016, la desarrolladora escritur\u00f3 258 viviendas<\/p>\n","protected":false},"author":47,"featured_media":25945,"comment_status":"open","ping_status":"closed","sticky":false,"template":"","format":"standard","meta":{"om_disable_all_campaigns":false,"inline_featured_image":false,"_monsterinsights_skip_tracking":false,"_monsterinsights_sitenote_active":false,"_monsterinsights_sitenote_note":"","_monsterinsights_sitenote_category":0,"footnotes":""},"categories":[12],"tags":[9487,2183,60],"class_list":["post-49772","post","type-post","status-publish","format-standard","has-post-thumbnail","hentry","category-vivienda","tag-4t2016","tag-sare","tag-vivienda-2"],"yoast_head":"<!-- This site is optimized with the Yoast SEO plugin v27.5 - https:\/\/yoast.com\/product\/yoast-seo-wordpress\/ -->\n<title>Crece utilidad bruta de Sare 195% en 2016 -<\/title>\n<meta name=\"description\" content=\"Durante 2016, la desarrolladora de vivienda Sare escritur\u00f3 775 viviendas, lo que represent\u00f3 un aumento de 393% en comparaci\u00f3n con lo obtenido en 2015. As\u00ed lo dio a conocer la viviendera, quien detall\u00f3 que durante el 4to Trimestre 2016 (4T2016), escritur\u00f3 258 viviendas, un incremento de 121% en comparaci\u00f3n con el mismo periodo pero de 2015.\" \/>\n<meta name=\"robots\" content=\"index, follow, max-snippet:-1, max-image-preview:large, max-video-preview:-1\" \/>\n<link rel=\"canonical\" href=\"https:\/\/centrourbano.com\/revista\/vivienda\/crece-utilidad-bruta-de-sare-195-en-2016\/\" \/>\n<meta property=\"og:locale\" content=\"es_ES\" \/>\n<meta property=\"og:type\" content=\"article\" \/>\n<meta property=\"og:title\" content=\"Crece utilidad bruta de Sare 195% en 2016 -\" \/>\n<meta property=\"og:description\" content=\"Durante 2016, la desarrolladora de vivienda Sare escritur\u00f3 775 viviendas, lo que represent\u00f3 un aumento de 393% en comparaci\u00f3n con lo obtenido en 2015. As\u00ed lo dio a conocer la viviendera, quien detall\u00f3 que durante el 4to Trimestre 2016 (4T2016), escritur\u00f3 258 viviendas, un incremento de 121% en comparaci\u00f3n con el mismo periodo pero de 2015.\" \/>\n<meta property=\"og:url\" content=\"https:\/\/centrourbano.com\/revista\/vivienda\/crece-utilidad-bruta-de-sare-195-en-2016\/\" \/>\n<meta property=\"og:site_name\" content=\"Centro Urbano\" \/>\n<meta property=\"article:publisher\" content=\"https:\/\/www.facebook.com\/portalcentrourbano\" \/>\n<meta property=\"article:published_time\" content=\"2017-03-02T18:10:44+00:00\" \/>\n<meta property=\"article:modified_time\" content=\"2017-03-03T00:13:43+00:00\" \/>\n<meta property=\"og:image\" content=\"https:\/\/centrourbano.com\/revista\/wp-content\/uploads\/bmv-construye-rt.jpg\" \/>\n\t<meta property=\"og:image:width\" content=\"600\" \/>\n\t<meta property=\"og:image:height\" content=\"306\" \/>\n\t<meta property=\"og:image:type\" content=\"image\/jpeg\" \/>\n<meta name=\"author\" content=\"Edgar Rosas\" \/>\n<meta name=\"twitter:card\" content=\"summary_large_image\" \/>\n<meta name=\"twitter:creator\" content=\"@https:\/\/twitter.com\/ERosasCU?s=09\" \/>\n<meta name=\"twitter:site\" content=\"@CentroUrbano\" \/>\n<meta name=\"twitter:label1\" content=\"Escrito por\" \/>\n\t<meta name=\"twitter:data1\" content=\"Edgar Rosas\" \/>\n\t<meta name=\"twitter:label2\" content=\"Tiempo de lectura\" \/>\n\t<meta name=\"twitter:data2\" content=\"1 minuto\" \/>\n<script type=\"application\/ld+json\" class=\"yoast-schema-graph\">{\"@context\":\"https:\\\/\\\/schema.org\",\"@graph\":[{\"@type\":\"Article\",\"@id\":\"https:\\\/\\\/centrourbano.com\\\/revista\\\/vivienda\\\/crece-utilidad-bruta-de-sare-195-en-2016\\\/#article\",\"isPartOf\":{\"@id\":\"https:\\\/\\\/centrourbano.com\\\/revista\\\/vivienda\\\/crece-utilidad-bruta-de-sare-195-en-2016\\\/\"},\"author\":{\"name\":\"Edgar Rosas\",\"@id\":\"https:\\\/\\\/centrourbano.com\\\/revista\\\/#\\\/schema\\\/person\\\/131fd76fa17f4ca2c25c65a74d97c6b6\"},\"headline\":\"Crece utilidad bruta de Sare 195% en 2016\",\"datePublished\":\"2017-03-02T18:10:44+00:00\",\"dateModified\":\"2017-03-03T00:13:43+00:00\",\"mainEntityOfPage\":{\"@id\":\"https:\\\/\\\/centrourbano.com\\\/revista\\\/vivienda\\\/crece-utilidad-bruta-de-sare-195-en-2016\\\/\"},\"wordCount\":282,\"commentCount\":0,\"publisher\":{\"@id\":\"https:\\\/\\\/centrourbano.com\\\/revista\\\/#organization\"},\"image\":{\"@id\":\"https:\\\/\\\/centrourbano.com\\\/revista\\\/vivienda\\\/crece-utilidad-bruta-de-sare-195-en-2016\\\/#primaryimage\"},\"thumbnailUrl\":\"https:\\\/\\\/centrourbano.com\\\/revista\\\/wp-content\\\/uploads\\\/bmv-construye-rt.jpg\",\"keywords\":[\"4T2016\",\"Sare\",\"vivienda\"],\"articleSection\":[\"Vivienda\"],\"inLanguage\":\"es\",\"potentialAction\":[{\"@type\":\"CommentAction\",\"name\":\"Comment\",\"target\":[\"https:\\\/\\\/centrourbano.com\\\/revista\\\/vivienda\\\/crece-utilidad-bruta-de-sare-195-en-2016\\\/#respond\"]}]},{\"@type\":\"WebPage\",\"@id\":\"https:\\\/\\\/centrourbano.com\\\/revista\\\/vivienda\\\/crece-utilidad-bruta-de-sare-195-en-2016\\\/\",\"url\":\"https:\\\/\\\/centrourbano.com\\\/revista\\\/vivienda\\\/crece-utilidad-bruta-de-sare-195-en-2016\\\/\",\"name\":\"Crece utilidad bruta de Sare 195% en 2016 -\",\"isPartOf\":{\"@id\":\"https:\\\/\\\/centrourbano.com\\\/revista\\\/#website\"},\"primaryImageOfPage\":{\"@id\":\"https:\\\/\\\/centrourbano.com\\\/revista\\\/vivienda\\\/crece-utilidad-bruta-de-sare-195-en-2016\\\/#primaryimage\"},\"image\":{\"@id\":\"https:\\\/\\\/centrourbano.com\\\/revista\\\/vivienda\\\/crece-utilidad-bruta-de-sare-195-en-2016\\\/#primaryimage\"},\"thumbnailUrl\":\"https:\\\/\\\/centrourbano.com\\\/revista\\\/wp-content\\\/uploads\\\/bmv-construye-rt.jpg\",\"datePublished\":\"2017-03-02T18:10:44+00:00\",\"dateModified\":\"2017-03-03T00:13:43+00:00\",\"description\":\"Durante 2016, la desarrolladora de vivienda Sare escritur\u00f3 775 viviendas, lo que represent\u00f3 un aumento de 393% en comparaci\u00f3n con lo obtenido en 2015. As\u00ed lo dio a conocer la viviendera, quien detall\u00f3 que durante el 4to Trimestre 2016 (4T2016), escritur\u00f3 258 viviendas, un incremento de 121% en comparaci\u00f3n con el mismo periodo pero de 2015.\",\"breadcrumb\":{\"@id\":\"https:\\\/\\\/centrourbano.com\\\/revista\\\/vivienda\\\/crece-utilidad-bruta-de-sare-195-en-2016\\\/#breadcrumb\"},\"inLanguage\":\"es\",\"potentialAction\":[{\"@type\":\"ReadAction\",\"target\":[\"https:\\\/\\\/centrourbano.com\\\/revista\\\/vivienda\\\/crece-utilidad-bruta-de-sare-195-en-2016\\\/\"]}]},{\"@type\":\"ImageObject\",\"inLanguage\":\"es\",\"@id\":\"https:\\\/\\\/centrourbano.com\\\/revista\\\/vivienda\\\/crece-utilidad-bruta-de-sare-195-en-2016\\\/#primaryimage\",\"url\":\"https:\\\/\\\/centrourbano.com\\\/revista\\\/wp-content\\\/uploads\\\/bmv-construye-rt.jpg\",\"contentUrl\":\"https:\\\/\\\/centrourbano.com\\\/revista\\\/wp-content\\\/uploads\\\/bmv-construye-rt.jpg\",\"width\":600,\"height\":306},{\"@type\":\"BreadcrumbList\",\"@id\":\"https:\\\/\\\/centrourbano.com\\\/revista\\\/vivienda\\\/crece-utilidad-bruta-de-sare-195-en-2016\\\/#breadcrumb\",\"itemListElement\":[{\"@type\":\"ListItem\",\"position\":1,\"name\":\"Portada\",\"item\":\"https:\\\/\\\/centrourbano.com\\\/revista\\\/\"},{\"@type\":\"ListItem\",\"position\":2,\"name\":\"Crece utilidad bruta de Sare 195% en 2016\"}]},{\"@type\":\"WebSite\",\"@id\":\"https:\\\/\\\/centrourbano.com\\\/revista\\\/#website\",\"url\":\"https:\\\/\\\/centrourbano.com\\\/revista\\\/\",\"name\":\"Centro Urbano\",\"description\":\"Medio especializado en los sectores vivienda, inmobiliario, construcci\u00f3n, arquitectura y urbanismo.\",\"publisher\":{\"@id\":\"https:\\\/\\\/centrourbano.com\\\/revista\\\/#organization\"},\"potentialAction\":[{\"@type\":\"SearchAction\",\"target\":{\"@type\":\"EntryPoint\",\"urlTemplate\":\"https:\\\/\\\/centrourbano.com\\\/revista\\\/?s={search_term_string}\"},\"query-input\":{\"@type\":\"PropertyValueSpecification\",\"valueRequired\":true,\"valueName\":\"search_term_string\"}}],\"inLanguage\":\"es\"},{\"@type\":\"Organization\",\"@id\":\"https:\\\/\\\/centrourbano.com\\\/revista\\\/#organization\",\"name\":\"Centro Urbano\",\"url\":\"https:\\\/\\\/centrourbano.com\\\/revista\\\/\",\"logo\":{\"@type\":\"ImageObject\",\"inLanguage\":\"es\",\"@id\":\"https:\\\/\\\/centrourbano.com\\\/revista\\\/#\\\/schema\\\/logo\\\/image\\\/\",\"url\":\"https:\\\/\\\/centrourbano.com\\\/revista\\\/wp-content\\\/uploads\\\/web_CU_logo-1.png\",\"contentUrl\":\"https:\\\/\\\/centrourbano.com\\\/revista\\\/wp-content\\\/uploads\\\/web_CU_logo-1.png\",\"width\":350,\"height\":91,\"caption\":\"Centro Urbano\"},\"image\":{\"@id\":\"https:\\\/\\\/centrourbano.com\\\/revista\\\/#\\\/schema\\\/logo\\\/image\\\/\"},\"sameAs\":[\"https:\\\/\\\/www.facebook.com\\\/portalcentrourbano\",\"https:\\\/\\\/x.com\\\/CentroUrbano\",\"https:\\\/\\\/www.instagram.com\\\/centro_urbano\\\/\",\"https:\\\/\\\/www.linkedin.com\\\/company\\\/centro-urbano\\\/\",\"http:\\\/\\\/www.youtube.com\\\/user\\\/portalcentrourbano\"]},{\"@type\":\"Person\",\"@id\":\"https:\\\/\\\/centrourbano.com\\\/revista\\\/#\\\/schema\\\/person\\\/131fd76fa17f4ca2c25c65a74d97c6b6\",\"name\":\"Edgar Rosas\",\"image\":{\"@type\":\"ImageObject\",\"inLanguage\":\"es\",\"@id\":\"https:\\\/\\\/secure.gravatar.com\\\/avatar\\\/94440c4283495211faa5300bf85e80061036b83fced868c3783aa1310b350d9c?s=96&d=mm&r=g\",\"url\":\"https:\\\/\\\/secure.gravatar.com\\\/avatar\\\/94440c4283495211faa5300bf85e80061036b83fced868c3783aa1310b350d9c?s=96&d=mm&r=g\",\"contentUrl\":\"https:\\\/\\\/secure.gravatar.com\\\/avatar\\\/94440c4283495211faa5300bf85e80061036b83fced868c3783aa1310b350d9c?s=96&d=mm&r=g\",\"caption\":\"Edgar Rosas\"},\"description\":\"Editor en Jefe de Centro Urbano. Egresado de la maestr\u00eda en Periodismo Pol\u00edtico de la Escuela de Periodismo Carlos Septi\u00e9n Garc\u00eda (EPCSG). Estudi\u00f3 la licenciatura en Comunicaci\u00f3n en la Universidad Mexicana. Amante de la cr\u00f3nica y el reportaje. Admirador de Vicente Le\u00f1ero y Miguel \u00c1ngel Granados Chapa.\",\"sameAs\":[\"https:\\\/\\\/x.com\\\/https:\\\/\\\/twitter.com\\\/ERosasCU?s=09\"],\"url\":\"https:\\\/\\\/centrourbano.com\\\/revista\\\/author\\\/edgar-rosas\\\/\"}]}<\/script>\n<!-- \/ Yoast SEO plugin. -->","yoast_head_json":{"title":"Crece utilidad bruta de Sare 195% en 2016 -","description":"Durante 2016, la desarrolladora de vivienda Sare escritur\u00f3 775 viviendas, lo que represent\u00f3 un aumento de 393% en comparaci\u00f3n con lo obtenido en 2015. As\u00ed lo dio a conocer la viviendera, quien detall\u00f3 que durante el 4to Trimestre 2016 (4T2016), escritur\u00f3 258 viviendas, un incremento de 121% en comparaci\u00f3n con el mismo periodo pero de 2015.","robots":{"index":"index","follow":"follow","max-snippet":"max-snippet:-1","max-image-preview":"max-image-preview:large","max-video-preview":"max-video-preview:-1"},"canonical":"https:\/\/centrourbano.com\/revista\/vivienda\/crece-utilidad-bruta-de-sare-195-en-2016\/","og_locale":"es_ES","og_type":"article","og_title":"Crece utilidad bruta de Sare 195% en 2016 -","og_description":"Durante 2016, la desarrolladora de vivienda Sare escritur\u00f3 775 viviendas, lo que represent\u00f3 un aumento de 393% en comparaci\u00f3n con lo obtenido en 2015. As\u00ed lo dio a conocer la viviendera, quien detall\u00f3 que durante el 4to Trimestre 2016 (4T2016), escritur\u00f3 258 viviendas, un incremento de 121% en comparaci\u00f3n con el mismo periodo pero de 2015.","og_url":"https:\/\/centrourbano.com\/revista\/vivienda\/crece-utilidad-bruta-de-sare-195-en-2016\/","og_site_name":"Centro Urbano","article_publisher":"https:\/\/www.facebook.com\/portalcentrourbano","article_published_time":"2017-03-02T18:10:44+00:00","article_modified_time":"2017-03-03T00:13:43+00:00","og_image":[{"width":600,"height":306,"url":"https:\/\/centrourbano.com\/revista\/wp-content\/uploads\/bmv-construye-rt.jpg","type":"image\/jpeg"}],"author":"Edgar Rosas","twitter_card":"summary_large_image","twitter_creator":"@https:\/\/twitter.com\/ERosasCU?s=09","twitter_site":"@CentroUrbano","twitter_misc":{"Escrito por":"Edgar Rosas","Tiempo de lectura":"1 minuto"},"schema":{"@context":"https:\/\/schema.org","@graph":[{"@type":"Article","@id":"https:\/\/centrourbano.com\/revista\/vivienda\/crece-utilidad-bruta-de-sare-195-en-2016\/#article","isPartOf":{"@id":"https:\/\/centrourbano.com\/revista\/vivienda\/crece-utilidad-bruta-de-sare-195-en-2016\/"},"author":{"name":"Edgar Rosas","@id":"https:\/\/centrourbano.com\/revista\/#\/schema\/person\/131fd76fa17f4ca2c25c65a74d97c6b6"},"headline":"Crece utilidad bruta de Sare 195% en 2016","datePublished":"2017-03-02T18:10:44+00:00","dateModified":"2017-03-03T00:13:43+00:00","mainEntityOfPage":{"@id":"https:\/\/centrourbano.com\/revista\/vivienda\/crece-utilidad-bruta-de-sare-195-en-2016\/"},"wordCount":282,"commentCount":0,"publisher":{"@id":"https:\/\/centrourbano.com\/revista\/#organization"},"image":{"@id":"https:\/\/centrourbano.com\/revista\/vivienda\/crece-utilidad-bruta-de-sare-195-en-2016\/#primaryimage"},"thumbnailUrl":"https:\/\/centrourbano.com\/revista\/wp-content\/uploads\/bmv-construye-rt.jpg","keywords":["4T2016","Sare","vivienda"],"articleSection":["Vivienda"],"inLanguage":"es","potentialAction":[{"@type":"CommentAction","name":"Comment","target":["https:\/\/centrourbano.com\/revista\/vivienda\/crece-utilidad-bruta-de-sare-195-en-2016\/#respond"]}]},{"@type":"WebPage","@id":"https:\/\/centrourbano.com\/revista\/vivienda\/crece-utilidad-bruta-de-sare-195-en-2016\/","url":"https:\/\/centrourbano.com\/revista\/vivienda\/crece-utilidad-bruta-de-sare-195-en-2016\/","name":"Crece utilidad bruta de Sare 195% en 2016 -","isPartOf":{"@id":"https:\/\/centrourbano.com\/revista\/#website"},"primaryImageOfPage":{"@id":"https:\/\/centrourbano.com\/revista\/vivienda\/crece-utilidad-bruta-de-sare-195-en-2016\/#primaryimage"},"image":{"@id":"https:\/\/centrourbano.com\/revista\/vivienda\/crece-utilidad-bruta-de-sare-195-en-2016\/#primaryimage"},"thumbnailUrl":"https:\/\/centrourbano.com\/revista\/wp-content\/uploads\/bmv-construye-rt.jpg","datePublished":"2017-03-02T18:10:44+00:00","dateModified":"2017-03-03T00:13:43+00:00","description":"Durante 2016, la desarrolladora de vivienda Sare escritur\u00f3 775 viviendas, lo que represent\u00f3 un aumento de 393% en comparaci\u00f3n con lo obtenido en 2015. As\u00ed lo dio a conocer la viviendera, quien detall\u00f3 que durante el 4to Trimestre 2016 (4T2016), escritur\u00f3 258 viviendas, un incremento de 121% en comparaci\u00f3n con el mismo periodo pero de 2015.","breadcrumb":{"@id":"https:\/\/centrourbano.com\/revista\/vivienda\/crece-utilidad-bruta-de-sare-195-en-2016\/#breadcrumb"},"inLanguage":"es","potentialAction":[{"@type":"ReadAction","target":["https:\/\/centrourbano.com\/revista\/vivienda\/crece-utilidad-bruta-de-sare-195-en-2016\/"]}]},{"@type":"ImageObject","inLanguage":"es","@id":"https:\/\/centrourbano.com\/revista\/vivienda\/crece-utilidad-bruta-de-sare-195-en-2016\/#primaryimage","url":"https:\/\/centrourbano.com\/revista\/wp-content\/uploads\/bmv-construye-rt.jpg","contentUrl":"https:\/\/centrourbano.com\/revista\/wp-content\/uploads\/bmv-construye-rt.jpg","width":600,"height":306},{"@type":"BreadcrumbList","@id":"https:\/\/centrourbano.com\/revista\/vivienda\/crece-utilidad-bruta-de-sare-195-en-2016\/#breadcrumb","itemListElement":[{"@type":"ListItem","position":1,"name":"Portada","item":"https:\/\/centrourbano.com\/revista\/"},{"@type":"ListItem","position":2,"name":"Crece utilidad bruta de Sare 195% en 2016"}]},{"@type":"WebSite","@id":"https:\/\/centrourbano.com\/revista\/#website","url":"https:\/\/centrourbano.com\/revista\/","name":"Centro Urbano","description":"Medio especializado en los sectores vivienda, inmobiliario, construcci\u00f3n, arquitectura y urbanismo.","publisher":{"@id":"https:\/\/centrourbano.com\/revista\/#organization"},"potentialAction":[{"@type":"SearchAction","target":{"@type":"EntryPoint","urlTemplate":"https:\/\/centrourbano.com\/revista\/?s={search_term_string}"},"query-input":{"@type":"PropertyValueSpecification","valueRequired":true,"valueName":"search_term_string"}}],"inLanguage":"es"},{"@type":"Organization","@id":"https:\/\/centrourbano.com\/revista\/#organization","name":"Centro Urbano","url":"https:\/\/centrourbano.com\/revista\/","logo":{"@type":"ImageObject","inLanguage":"es","@id":"https:\/\/centrourbano.com\/revista\/#\/schema\/logo\/image\/","url":"https:\/\/centrourbano.com\/revista\/wp-content\/uploads\/web_CU_logo-1.png","contentUrl":"https:\/\/centrourbano.com\/revista\/wp-content\/uploads\/web_CU_logo-1.png","width":350,"height":91,"caption":"Centro Urbano"},"image":{"@id":"https:\/\/centrourbano.com\/revista\/#\/schema\/logo\/image\/"},"sameAs":["https:\/\/www.facebook.com\/portalcentrourbano","https:\/\/x.com\/CentroUrbano","https:\/\/www.instagram.com\/centro_urbano\/","https:\/\/www.linkedin.com\/company\/centro-urbano\/","http:\/\/www.youtube.com\/user\/portalcentrourbano"]},{"@type":"Person","@id":"https:\/\/centrourbano.com\/revista\/#\/schema\/person\/131fd76fa17f4ca2c25c65a74d97c6b6","name":"Edgar Rosas","image":{"@type":"ImageObject","inLanguage":"es","@id":"https:\/\/secure.gravatar.com\/avatar\/94440c4283495211faa5300bf85e80061036b83fced868c3783aa1310b350d9c?s=96&d=mm&r=g","url":"https:\/\/secure.gravatar.com\/avatar\/94440c4283495211faa5300bf85e80061036b83fced868c3783aa1310b350d9c?s=96&d=mm&r=g","contentUrl":"https:\/\/secure.gravatar.com\/avatar\/94440c4283495211faa5300bf85e80061036b83fced868c3783aa1310b350d9c?s=96&d=mm&r=g","caption":"Edgar Rosas"},"description":"Editor en Jefe de Centro Urbano. Egresado de la maestr\u00eda en Periodismo Pol\u00edtico de la Escuela de Periodismo Carlos Septi\u00e9n Garc\u00eda (EPCSG). Estudi\u00f3 la licenciatura en Comunicaci\u00f3n en la Universidad Mexicana. Amante de la cr\u00f3nica y el reportaje. Admirador de Vicente Le\u00f1ero y Miguel \u00c1ngel Granados Chapa.","sameAs":["https:\/\/x.com\/https:\/\/twitter.com\/ERosasCU?s=09"],"url":"https:\/\/centrourbano.com\/revista\/author\/edgar-rosas\/"}]}},"_links":{"self":[{"href":"https:\/\/centrourbano.com\/revista\/wp-json\/wp\/v2\/posts\/49772","targetHints":{"allow":["GET"]}}],"collection":[{"href":"https:\/\/centrourbano.com\/revista\/wp-json\/wp\/v2\/posts"}],"about":[{"href":"https:\/\/centrourbano.com\/revista\/wp-json\/wp\/v2\/types\/post"}],"author":[{"embeddable":true,"href":"https:\/\/centrourbano.com\/revista\/wp-json\/wp\/v2\/users\/47"}],"replies":[{"embeddable":true,"href":"https:\/\/centrourbano.com\/revista\/wp-json\/wp\/v2\/comments?post=49772"}],"version-history":[{"count":0,"href":"https:\/\/centrourbano.com\/revista\/wp-json\/wp\/v2\/posts\/49772\/revisions"}],"wp:featuredmedia":[{"embeddable":true,"href":"https:\/\/centrourbano.com\/revista\/wp-json\/wp\/v2\/media\/25945"}],"wp:attachment":[{"href":"https:\/\/centrourbano.com\/revista\/wp-json\/wp\/v2\/media?parent=49772"}],"wp:term":[{"taxonomy":"category","embeddable":true,"href":"https:\/\/centrourbano.com\/revista\/wp-json\/wp\/v2\/categories?post=49772"},{"taxonomy":"post_tag","embeddable":true,"href":"https:\/\/centrourbano.com\/revista\/wp-json\/wp\/v2\/tags?post=49772"}],"curies":[{"name":"wp","href":"https:\/\/api.w.org\/{rel}","templated":true}]}}