{"id":49458,"date":"2017-02-24T16:30:32","date_gmt":"2017-02-24T22:30:32","guid":{"rendered":"https:\/\/centrourbano.com\/?p=49458"},"modified":"2017-02-24T16:30:32","modified_gmt":"2017-02-24T22:30:32","slug":"alistan-festejos-por-el-60-aniversario-de-las-torres-de-satelite","status":"publish","type":"post","link":"https:\/\/centrourbano.com\/revista\/arquitectura-2\/alistan-festejos-por-el-60-aniversario-de-las-torres-de-satelite\/","title":{"rendered":"Alistan festejos por el 60 aniversario de las Torres de Sat\u00e9lite"},"content":{"rendered":"<p><em>Realizar\u00e1n diversos eventos art\u00edstico-culturales, as\u00ed como un proyecto urbano de iluminaci\u00f3n de esta zona arquitect\u00f3nica<\/em><!--more--><\/p>\n<p>Recientemente representantes del Fomento Cultural Torres de Sat\u00e9lite anunciaron en conferencia de prensa que a fin de conmemorar el 60 aniversario de estas edificaciones, se llevar\u00e1n a cabo diversos eventos art\u00edstico-culturales, as\u00ed como un proyecto urbano de iluminaci\u00f3n de esta zona arquitect\u00f3nica.<\/p>\n<p>Al respecto, Cuauht\u00e9moc Rodr\u00edguez Garc\u00eda, presidente del colectivo y Galo Blanco Mateos, director general de la asociaci\u00f3n, se\u00f1alaron que es urgente llevar a cabo el proyecto de iluminaci\u00f3n debido a que desde hace a\u00f1os fue retirado.<\/p>\n<p>Cabe recordar que el 21 de noviembre del 2012 las Torres de Sat\u00e9lite fueron declaradas Momento Art\u00edstico y Patrocinio, por el Instituto Nacional de Bellas Artes (INBA).<\/p>\n<p>Su edificaci\u00f3n consta de un conjunto escult\u00f3rico de cinco prismas triangulares de distintos colores y tama\u00f1os, dispuestas en una explanada ubicada al norte de la ciudad de M\u00e9xico, en Ciudad Sat\u00e9lite, sobre la avenida principal Anillo Perif\u00e9rico en su tramo norte. <\/p>\n<p>La obra es un trabajo conjunto del escultor Mathias Goeritz y el arquitecto Luis Barrag\u00e1n, con la colaboraci\u00f3n del pintor \u00abChucho\u00bb Reyes Ferreira. Originalmente fueron dise\u00f1adas como una gran fuente dispuesta en la entrada de la naciente ciudad, y se han convertido en un s\u00edmbolo distintivo de la zona. <\/p>\n<p>Los representantes del Fomento Cultural Torres de Sat\u00e9lite lamentaron que la zona se encuentre en el abandono por la propia autoridad municipal, partidos pol\u00edticos y organizaciones.<\/p>\n<p>El anteproyecto del arquitecto Gustavo Avil\u00e9s para iluminar el monumento ya fue presentado al INBA, y se espera que pronto concluyan las gestiones al respecto y las Torres sean iluminadas en este mismo a\u00f1o. <\/p>\n<p>El arquitecto Gustavo Avil\u00e9s dijo que propondr\u00e1 que las Torres de Sat\u00e9lite sean el s\u00edmbolo de noche de la Ciudad de M\u00e9xico, y precis\u00f3 que los motivos para iluminarlas son diversos, en donde ni la tecnolog\u00eda ni el consumo es el problema, ya que se trata de un punto social, de convivencia urban\u00edstica que representa un conjunto de ciudad,  en el que el proyecto no toca Las Torres f\u00edsicamente, y s\u00f3lo es a trav\u00e9s de la luz.<\/p>\n","protected":false},"excerpt":{"rendered":"<p>Realizar\u00e1n diversos eventos art\u00edstico-culturales, as\u00ed como un proyecto urbano de iluminaci\u00f3n de esta zona arquitect\u00f3nica<\/p>\n","protected":false},"author":9,"featured_media":49461,"comment_status":"open","ping_status":"closed","sticky":false,"template":"","format":"standard","meta":{"om_disable_all_campaigns":false,"inline_featured_image":false,"_monsterinsights_skip_tracking":false,"_monsterinsights_sitenote_active":false,"_monsterinsights_sitenote_note":"","_monsterinsights_sitenote_category":0,"footnotes":""},"categories":[81],"tags":[20,9672,388,1812,5139,3516,9671],"class_list":["post-49458","post","type-post","status-publish","format-standard","has-post-thumbnail","hentry","category-arquitectura-2","tag-arquitectura","tag-gustavo-aviles","tag-inba","tag-luis-barragan","tag-mathias-goeritz","tag-satelite","tag-torres-de-satelite"],"yoast_head":"<!-- This site is optimized with the Yoast SEO plugin v27.5 - https:\/\/yoast.com\/product\/yoast-seo-wordpress\/ -->\n<title>Alistan festejos por el 60 aniversario de las Torres de Sat\u00e9lite<\/title>\n<meta name=\"description\" content=\"Realizar\u00e1n diversos eventos art\u00edstico-culturales, as\u00ed como un proyecto urbano de iluminaci\u00f3n de esta zona arquitect\u00f3nica\" \/>\n<meta name=\"robots\" content=\"index, follow, max-snippet:-1, max-image-preview:large, max-video-preview:-1\" \/>\n<link rel=\"canonical\" href=\"https:\/\/centrourbano.com\/revista\/arquitectura-2\/alistan-festejos-por-el-60-aniversario-de-las-torres-de-satelite\/\" \/>\n<meta property=\"og:locale\" content=\"es_ES\" \/>\n<meta property=\"og:type\" content=\"article\" \/>\n<meta property=\"og:title\" content=\"Alistan festejos por el 60 aniversario de las Torres de Sat\u00e9lite\" \/>\n<meta property=\"og:description\" content=\"Realizar\u00e1n diversos eventos art\u00edstico-culturales, as\u00ed como un proyecto urbano de iluminaci\u00f3n de esta zona arquitect\u00f3nica\" \/>\n<meta property=\"og:url\" content=\"https:\/\/centrourbano.com\/revista\/arquitectura-2\/alistan-festejos-por-el-60-aniversario-de-las-torres-de-satelite\/\" \/>\n<meta property=\"og:site_name\" content=\"Centro Urbano\" \/>\n<meta property=\"article:publisher\" content=\"https:\/\/www.facebook.com\/portalcentrourbano\" \/>\n<meta property=\"article:published_time\" content=\"2017-02-24T22:30:32+00:00\" \/>\n<meta property=\"og:image\" content=\"https:\/\/centrourbano.com\/revista\/wp-content\/uploads\/Alistan-conmemoraci\u00f3n-por-el-60-aniversario-de-las-Torres-de-Sat\u00e9lite.jpg\" \/>\n\t<meta property=\"og:image:width\" content=\"500\" \/>\n\t<meta property=\"og:image:height\" content=\"450\" \/>\n\t<meta property=\"og:image:type\" content=\"image\/jpeg\" \/>\n<meta name=\"author\" content=\"Dinorah Nava\" \/>\n<meta name=\"twitter:card\" content=\"summary_large_image\" \/>\n<meta name=\"twitter:creator\" content=\"@https:\/\/twitter.com\/Dinorah_Nava28\" \/>\n<meta name=\"twitter:site\" content=\"@CentroUrbano\" \/>\n<meta name=\"twitter:label1\" content=\"Escrito por\" \/>\n\t<meta name=\"twitter:data1\" content=\"Dinorah Nava\" \/>\n\t<meta name=\"twitter:label2\" content=\"Tiempo de lectura\" \/>\n\t<meta name=\"twitter:data2\" content=\"2 minutos\" \/>\n<script type=\"application\/ld+json\" class=\"yoast-schema-graph\">{\"@context\":\"https:\\\/\\\/schema.org\",\"@graph\":[{\"@type\":\"Article\",\"@id\":\"https:\\\/\\\/centrourbano.com\\\/revista\\\/arquitectura-2\\\/alistan-festejos-por-el-60-aniversario-de-las-torres-de-satelite\\\/#article\",\"isPartOf\":{\"@id\":\"https:\\\/\\\/centrourbano.com\\\/revista\\\/arquitectura-2\\\/alistan-festejos-por-el-60-aniversario-de-las-torres-de-satelite\\\/\"},\"author\":{\"name\":\"Dinorah Nava\",\"@id\":\"https:\\\/\\\/centrourbano.com\\\/revista\\\/#\\\/schema\\\/person\\\/baa9e569588d5544150642a11ad28b8b\"},\"headline\":\"Alistan festejos por el 60 aniversario de las Torres de Sat\u00e9lite\",\"datePublished\":\"2017-02-24T22:30:32+00:00\",\"mainEntityOfPage\":{\"@id\":\"https:\\\/\\\/centrourbano.com\\\/revista\\\/arquitectura-2\\\/alistan-festejos-por-el-60-aniversario-de-las-torres-de-satelite\\\/\"},\"wordCount\":396,\"commentCount\":0,\"publisher\":{\"@id\":\"https:\\\/\\\/centrourbano.com\\\/revista\\\/#organization\"},\"image\":{\"@id\":\"https:\\\/\\\/centrourbano.com\\\/revista\\\/arquitectura-2\\\/alistan-festejos-por-el-60-aniversario-de-las-torres-de-satelite\\\/#primaryimage\"},\"thumbnailUrl\":\"https:\\\/\\\/centrourbano.com\\\/revista\\\/wp-content\\\/uploads\\\/Alistan-conmemoraci\u00f3n-por-el-60-aniversario-de-las-Torres-de-Sat\u00e9lite.jpg\",\"keywords\":[\"arquitectura\",\"Gustavo Avil\u00e9s\",\"INBA\",\"Luis Barrag\u00e1n\",\"Mathias Goeritz\",\"Sat\u00e9lite\",\"Torres de Sat\u00e9lite\"],\"articleSection\":[\"Arquitectura\"],\"inLanguage\":\"es\",\"potentialAction\":[{\"@type\":\"CommentAction\",\"name\":\"Comment\",\"target\":[\"https:\\\/\\\/centrourbano.com\\\/revista\\\/arquitectura-2\\\/alistan-festejos-por-el-60-aniversario-de-las-torres-de-satelite\\\/#respond\"]}]},{\"@type\":\"WebPage\",\"@id\":\"https:\\\/\\\/centrourbano.com\\\/revista\\\/arquitectura-2\\\/alistan-festejos-por-el-60-aniversario-de-las-torres-de-satelite\\\/\",\"url\":\"https:\\\/\\\/centrourbano.com\\\/revista\\\/arquitectura-2\\\/alistan-festejos-por-el-60-aniversario-de-las-torres-de-satelite\\\/\",\"name\":\"Alistan festejos por el 60 aniversario de las Torres de Sat\u00e9lite\",\"isPartOf\":{\"@id\":\"https:\\\/\\\/centrourbano.com\\\/revista\\\/#website\"},\"primaryImageOfPage\":{\"@id\":\"https:\\\/\\\/centrourbano.com\\\/revista\\\/arquitectura-2\\\/alistan-festejos-por-el-60-aniversario-de-las-torres-de-satelite\\\/#primaryimage\"},\"image\":{\"@id\":\"https:\\\/\\\/centrourbano.com\\\/revista\\\/arquitectura-2\\\/alistan-festejos-por-el-60-aniversario-de-las-torres-de-satelite\\\/#primaryimage\"},\"thumbnailUrl\":\"https:\\\/\\\/centrourbano.com\\\/revista\\\/wp-content\\\/uploads\\\/Alistan-conmemoraci\u00f3n-por-el-60-aniversario-de-las-Torres-de-Sat\u00e9lite.jpg\",\"datePublished\":\"2017-02-24T22:30:32+00:00\",\"description\":\"Realizar\u00e1n diversos eventos art\u00edstico-culturales, as\u00ed como un proyecto urbano de iluminaci\u00f3n de esta zona arquitect\u00f3nica\",\"breadcrumb\":{\"@id\":\"https:\\\/\\\/centrourbano.com\\\/revista\\\/arquitectura-2\\\/alistan-festejos-por-el-60-aniversario-de-las-torres-de-satelite\\\/#breadcrumb\"},\"inLanguage\":\"es\",\"potentialAction\":[{\"@type\":\"ReadAction\",\"target\":[\"https:\\\/\\\/centrourbano.com\\\/revista\\\/arquitectura-2\\\/alistan-festejos-por-el-60-aniversario-de-las-torres-de-satelite\\\/\"]}]},{\"@type\":\"ImageObject\",\"inLanguage\":\"es\",\"@id\":\"https:\\\/\\\/centrourbano.com\\\/revista\\\/arquitectura-2\\\/alistan-festejos-por-el-60-aniversario-de-las-torres-de-satelite\\\/#primaryimage\",\"url\":\"https:\\\/\\\/centrourbano.com\\\/revista\\\/wp-content\\\/uploads\\\/Alistan-conmemoraci\u00f3n-por-el-60-aniversario-de-las-Torres-de-Sat\u00e9lite.jpg\",\"contentUrl\":\"https:\\\/\\\/centrourbano.com\\\/revista\\\/wp-content\\\/uploads\\\/Alistan-conmemoraci\u00f3n-por-el-60-aniversario-de-las-Torres-de-Sat\u00e9lite.jpg\",\"width\":500,\"height\":450,\"caption\":\"Realizar\u00e1n diversos eventos art\u00edstico-culturales, as\u00ed como un proyecto urbano de iluminaci\u00f3n de esta zona arquitect\u00f3nica\"},{\"@type\":\"BreadcrumbList\",\"@id\":\"https:\\\/\\\/centrourbano.com\\\/revista\\\/arquitectura-2\\\/alistan-festejos-por-el-60-aniversario-de-las-torres-de-satelite\\\/#breadcrumb\",\"itemListElement\":[{\"@type\":\"ListItem\",\"position\":1,\"name\":\"Portada\",\"item\":\"https:\\\/\\\/centrourbano.com\\\/revista\\\/\"},{\"@type\":\"ListItem\",\"position\":2,\"name\":\"Alistan festejos por el 60 aniversario de las Torres de Sat\u00e9lite\"}]},{\"@type\":\"WebSite\",\"@id\":\"https:\\\/\\\/centrourbano.com\\\/revista\\\/#website\",\"url\":\"https:\\\/\\\/centrourbano.com\\\/revista\\\/\",\"name\":\"Centro Urbano\",\"description\":\"Medio especializado en los sectores vivienda, inmobiliario, construcci\u00f3n, arquitectura y urbanismo.\",\"publisher\":{\"@id\":\"https:\\\/\\\/centrourbano.com\\\/revista\\\/#organization\"},\"potentialAction\":[{\"@type\":\"SearchAction\",\"target\":{\"@type\":\"EntryPoint\",\"urlTemplate\":\"https:\\\/\\\/centrourbano.com\\\/revista\\\/?s={search_term_string}\"},\"query-input\":{\"@type\":\"PropertyValueSpecification\",\"valueRequired\":true,\"valueName\":\"search_term_string\"}}],\"inLanguage\":\"es\"},{\"@type\":\"Organization\",\"@id\":\"https:\\\/\\\/centrourbano.com\\\/revista\\\/#organization\",\"name\":\"Centro Urbano\",\"url\":\"https:\\\/\\\/centrourbano.com\\\/revista\\\/\",\"logo\":{\"@type\":\"ImageObject\",\"inLanguage\":\"es\",\"@id\":\"https:\\\/\\\/centrourbano.com\\\/revista\\\/#\\\/schema\\\/logo\\\/image\\\/\",\"url\":\"https:\\\/\\\/centrourbano.com\\\/revista\\\/wp-content\\\/uploads\\\/web_CU_logo-1.png\",\"contentUrl\":\"https:\\\/\\\/centrourbano.com\\\/revista\\\/wp-content\\\/uploads\\\/web_CU_logo-1.png\",\"width\":350,\"height\":91,\"caption\":\"Centro Urbano\"},\"image\":{\"@id\":\"https:\\\/\\\/centrourbano.com\\\/revista\\\/#\\\/schema\\\/logo\\\/image\\\/\"},\"sameAs\":[\"https:\\\/\\\/www.facebook.com\\\/portalcentrourbano\",\"https:\\\/\\\/x.com\\\/CentroUrbano\",\"https:\\\/\\\/www.instagram.com\\\/centro_urbano\\\/\",\"https:\\\/\\\/www.linkedin.com\\\/company\\\/centro-urbano\\\/\",\"http:\\\/\\\/www.youtube.com\\\/user\\\/portalcentrourbano\"]},{\"@type\":\"Person\",\"@id\":\"https:\\\/\\\/centrourbano.com\\\/revista\\\/#\\\/schema\\\/person\\\/baa9e569588d5544150642a11ad28b8b\",\"name\":\"Dinorah Nava\",\"image\":{\"@type\":\"ImageObject\",\"inLanguage\":\"es\",\"@id\":\"https:\\\/\\\/secure.gravatar.com\\\/avatar\\\/f6ca6430c51d147f363940f84e1225aa4b8183885c11802cc3b042305a4ecc1a?s=96&d=mm&r=g\",\"url\":\"https:\\\/\\\/secure.gravatar.com\\\/avatar\\\/f6ca6430c51d147f363940f84e1225aa4b8183885c11802cc3b042305a4ecc1a?s=96&d=mm&r=g\",\"contentUrl\":\"https:\\\/\\\/secure.gravatar.com\\\/avatar\\\/f6ca6430c51d147f363940f84e1225aa4b8183885c11802cc3b042305a4ecc1a?s=96&d=mm&r=g\",\"caption\":\"Dinorah Nava\"},\"description\":\"Editora de Contenidos y Estrategias Digitales en Centro Urbano y Coeditora en Peri\u00f3dico Mi Casa. Egresada de la licenciatura en Comunicaci\u00f3n y Periodismo de la Facultad de Estudios Superiores Arag\u00f3n (UNAM). Amante de la edici\u00f3n y correcci\u00f3n de estilo, las redes sociales y el mundo digital. Especialista en temas son arquitectura, inmobiliario y urbanismo.\",\"sameAs\":[\"linkedin.com\\\/in\\\/dinorah-nava\",\"https:\\\/\\\/x.com\\\/https:\\\/\\\/twitter.com\\\/Dinorah_Nava28\"],\"url\":\"https:\\\/\\\/centrourbano.com\\\/revista\\\/author\\\/dinorah-nava\\\/\"}]}<\/script>\n<!-- \/ Yoast SEO plugin. -->","yoast_head_json":{"title":"Alistan festejos por el 60 aniversario de las Torres de Sat\u00e9lite","description":"Realizar\u00e1n diversos eventos art\u00edstico-culturales, as\u00ed como un proyecto urbano de iluminaci\u00f3n de esta zona arquitect\u00f3nica","robots":{"index":"index","follow":"follow","max-snippet":"max-snippet:-1","max-image-preview":"max-image-preview:large","max-video-preview":"max-video-preview:-1"},"canonical":"https:\/\/centrourbano.com\/revista\/arquitectura-2\/alistan-festejos-por-el-60-aniversario-de-las-torres-de-satelite\/","og_locale":"es_ES","og_type":"article","og_title":"Alistan festejos por el 60 aniversario de las Torres de Sat\u00e9lite","og_description":"Realizar\u00e1n diversos eventos art\u00edstico-culturales, as\u00ed como un proyecto urbano de iluminaci\u00f3n de esta zona arquitect\u00f3nica","og_url":"https:\/\/centrourbano.com\/revista\/arquitectura-2\/alistan-festejos-por-el-60-aniversario-de-las-torres-de-satelite\/","og_site_name":"Centro Urbano","article_publisher":"https:\/\/www.facebook.com\/portalcentrourbano","article_published_time":"2017-02-24T22:30:32+00:00","og_image":[{"width":500,"height":450,"url":"https:\/\/centrourbano.com\/revista\/wp-content\/uploads\/Alistan-conmemoraci\u00f3n-por-el-60-aniversario-de-las-Torres-de-Sat\u00e9lite.jpg","type":"image\/jpeg"}],"author":"Dinorah Nava","twitter_card":"summary_large_image","twitter_creator":"@https:\/\/twitter.com\/Dinorah_Nava28","twitter_site":"@CentroUrbano","twitter_misc":{"Escrito por":"Dinorah Nava","Tiempo de lectura":"2 minutos"},"schema":{"@context":"https:\/\/schema.org","@graph":[{"@type":"Article","@id":"https:\/\/centrourbano.com\/revista\/arquitectura-2\/alistan-festejos-por-el-60-aniversario-de-las-torres-de-satelite\/#article","isPartOf":{"@id":"https:\/\/centrourbano.com\/revista\/arquitectura-2\/alistan-festejos-por-el-60-aniversario-de-las-torres-de-satelite\/"},"author":{"name":"Dinorah Nava","@id":"https:\/\/centrourbano.com\/revista\/#\/schema\/person\/baa9e569588d5544150642a11ad28b8b"},"headline":"Alistan festejos por el 60 aniversario de las Torres de Sat\u00e9lite","datePublished":"2017-02-24T22:30:32+00:00","mainEntityOfPage":{"@id":"https:\/\/centrourbano.com\/revista\/arquitectura-2\/alistan-festejos-por-el-60-aniversario-de-las-torres-de-satelite\/"},"wordCount":396,"commentCount":0,"publisher":{"@id":"https:\/\/centrourbano.com\/revista\/#organization"},"image":{"@id":"https:\/\/centrourbano.com\/revista\/arquitectura-2\/alistan-festejos-por-el-60-aniversario-de-las-torres-de-satelite\/#primaryimage"},"thumbnailUrl":"https:\/\/centrourbano.com\/revista\/wp-content\/uploads\/Alistan-conmemoraci\u00f3n-por-el-60-aniversario-de-las-Torres-de-Sat\u00e9lite.jpg","keywords":["arquitectura","Gustavo Avil\u00e9s","INBA","Luis Barrag\u00e1n","Mathias Goeritz","Sat\u00e9lite","Torres de Sat\u00e9lite"],"articleSection":["Arquitectura"],"inLanguage":"es","potentialAction":[{"@type":"CommentAction","name":"Comment","target":["https:\/\/centrourbano.com\/revista\/arquitectura-2\/alistan-festejos-por-el-60-aniversario-de-las-torres-de-satelite\/#respond"]}]},{"@type":"WebPage","@id":"https:\/\/centrourbano.com\/revista\/arquitectura-2\/alistan-festejos-por-el-60-aniversario-de-las-torres-de-satelite\/","url":"https:\/\/centrourbano.com\/revista\/arquitectura-2\/alistan-festejos-por-el-60-aniversario-de-las-torres-de-satelite\/","name":"Alistan festejos por el 60 aniversario de las Torres de Sat\u00e9lite","isPartOf":{"@id":"https:\/\/centrourbano.com\/revista\/#website"},"primaryImageOfPage":{"@id":"https:\/\/centrourbano.com\/revista\/arquitectura-2\/alistan-festejos-por-el-60-aniversario-de-las-torres-de-satelite\/#primaryimage"},"image":{"@id":"https:\/\/centrourbano.com\/revista\/arquitectura-2\/alistan-festejos-por-el-60-aniversario-de-las-torres-de-satelite\/#primaryimage"},"thumbnailUrl":"https:\/\/centrourbano.com\/revista\/wp-content\/uploads\/Alistan-conmemoraci\u00f3n-por-el-60-aniversario-de-las-Torres-de-Sat\u00e9lite.jpg","datePublished":"2017-02-24T22:30:32+00:00","description":"Realizar\u00e1n diversos eventos art\u00edstico-culturales, as\u00ed como un proyecto urbano de iluminaci\u00f3n de esta zona arquitect\u00f3nica","breadcrumb":{"@id":"https:\/\/centrourbano.com\/revista\/arquitectura-2\/alistan-festejos-por-el-60-aniversario-de-las-torres-de-satelite\/#breadcrumb"},"inLanguage":"es","potentialAction":[{"@type":"ReadAction","target":["https:\/\/centrourbano.com\/revista\/arquitectura-2\/alistan-festejos-por-el-60-aniversario-de-las-torres-de-satelite\/"]}]},{"@type":"ImageObject","inLanguage":"es","@id":"https:\/\/centrourbano.com\/revista\/arquitectura-2\/alistan-festejos-por-el-60-aniversario-de-las-torres-de-satelite\/#primaryimage","url":"https:\/\/centrourbano.com\/revista\/wp-content\/uploads\/Alistan-conmemoraci\u00f3n-por-el-60-aniversario-de-las-Torres-de-Sat\u00e9lite.jpg","contentUrl":"https:\/\/centrourbano.com\/revista\/wp-content\/uploads\/Alistan-conmemoraci\u00f3n-por-el-60-aniversario-de-las-Torres-de-Sat\u00e9lite.jpg","width":500,"height":450,"caption":"Realizar\u00e1n diversos eventos art\u00edstico-culturales, as\u00ed como un proyecto urbano de iluminaci\u00f3n de esta zona arquitect\u00f3nica"},{"@type":"BreadcrumbList","@id":"https:\/\/centrourbano.com\/revista\/arquitectura-2\/alistan-festejos-por-el-60-aniversario-de-las-torres-de-satelite\/#breadcrumb","itemListElement":[{"@type":"ListItem","position":1,"name":"Portada","item":"https:\/\/centrourbano.com\/revista\/"},{"@type":"ListItem","position":2,"name":"Alistan festejos por el 60 aniversario de las Torres de Sat\u00e9lite"}]},{"@type":"WebSite","@id":"https:\/\/centrourbano.com\/revista\/#website","url":"https:\/\/centrourbano.com\/revista\/","name":"Centro Urbano","description":"Medio especializado en los sectores vivienda, inmobiliario, construcci\u00f3n, arquitectura y urbanismo.","publisher":{"@id":"https:\/\/centrourbano.com\/revista\/#organization"},"potentialAction":[{"@type":"SearchAction","target":{"@type":"EntryPoint","urlTemplate":"https:\/\/centrourbano.com\/revista\/?s={search_term_string}"},"query-input":{"@type":"PropertyValueSpecification","valueRequired":true,"valueName":"search_term_string"}}],"inLanguage":"es"},{"@type":"Organization","@id":"https:\/\/centrourbano.com\/revista\/#organization","name":"Centro Urbano","url":"https:\/\/centrourbano.com\/revista\/","logo":{"@type":"ImageObject","inLanguage":"es","@id":"https:\/\/centrourbano.com\/revista\/#\/schema\/logo\/image\/","url":"https:\/\/centrourbano.com\/revista\/wp-content\/uploads\/web_CU_logo-1.png","contentUrl":"https:\/\/centrourbano.com\/revista\/wp-content\/uploads\/web_CU_logo-1.png","width":350,"height":91,"caption":"Centro Urbano"},"image":{"@id":"https:\/\/centrourbano.com\/revista\/#\/schema\/logo\/image\/"},"sameAs":["https:\/\/www.facebook.com\/portalcentrourbano","https:\/\/x.com\/CentroUrbano","https:\/\/www.instagram.com\/centro_urbano\/","https:\/\/www.linkedin.com\/company\/centro-urbano\/","http:\/\/www.youtube.com\/user\/portalcentrourbano"]},{"@type":"Person","@id":"https:\/\/centrourbano.com\/revista\/#\/schema\/person\/baa9e569588d5544150642a11ad28b8b","name":"Dinorah Nava","image":{"@type":"ImageObject","inLanguage":"es","@id":"https:\/\/secure.gravatar.com\/avatar\/f6ca6430c51d147f363940f84e1225aa4b8183885c11802cc3b042305a4ecc1a?s=96&d=mm&r=g","url":"https:\/\/secure.gravatar.com\/avatar\/f6ca6430c51d147f363940f84e1225aa4b8183885c11802cc3b042305a4ecc1a?s=96&d=mm&r=g","contentUrl":"https:\/\/secure.gravatar.com\/avatar\/f6ca6430c51d147f363940f84e1225aa4b8183885c11802cc3b042305a4ecc1a?s=96&d=mm&r=g","caption":"Dinorah Nava"},"description":"Editora de Contenidos y Estrategias Digitales en Centro Urbano y Coeditora en Peri\u00f3dico Mi Casa. Egresada de la licenciatura en Comunicaci\u00f3n y Periodismo de la Facultad de Estudios Superiores Arag\u00f3n (UNAM). Amante de la edici\u00f3n y correcci\u00f3n de estilo, las redes sociales y el mundo digital. Especialista en temas son arquitectura, inmobiliario y urbanismo.","sameAs":["linkedin.com\/in\/dinorah-nava","https:\/\/x.com\/https:\/\/twitter.com\/Dinorah_Nava28"],"url":"https:\/\/centrourbano.com\/revista\/author\/dinorah-nava\/"}]}},"_links":{"self":[{"href":"https:\/\/centrourbano.com\/revista\/wp-json\/wp\/v2\/posts\/49458","targetHints":{"allow":["GET"]}}],"collection":[{"href":"https:\/\/centrourbano.com\/revista\/wp-json\/wp\/v2\/posts"}],"about":[{"href":"https:\/\/centrourbano.com\/revista\/wp-json\/wp\/v2\/types\/post"}],"author":[{"embeddable":true,"href":"https:\/\/centrourbano.com\/revista\/wp-json\/wp\/v2\/users\/9"}],"replies":[{"embeddable":true,"href":"https:\/\/centrourbano.com\/revista\/wp-json\/wp\/v2\/comments?post=49458"}],"version-history":[{"count":0,"href":"https:\/\/centrourbano.com\/revista\/wp-json\/wp\/v2\/posts\/49458\/revisions"}],"wp:featuredmedia":[{"embeddable":true,"href":"https:\/\/centrourbano.com\/revista\/wp-json\/wp\/v2\/media\/49461"}],"wp:attachment":[{"href":"https:\/\/centrourbano.com\/revista\/wp-json\/wp\/v2\/media?parent=49458"}],"wp:term":[{"taxonomy":"category","embeddable":true,"href":"https:\/\/centrourbano.com\/revista\/wp-json\/wp\/v2\/categories?post=49458"},{"taxonomy":"post_tag","embeddable":true,"href":"https:\/\/centrourbano.com\/revista\/wp-json\/wp\/v2\/tags?post=49458"}],"curies":[{"name":"wp","href":"https:\/\/api.w.org\/{rel}","templated":true}]}}