{"id":49393,"date":"2017-02-24T09:55:15","date_gmt":"2017-02-24T15:55:15","guid":{"rendered":"https:\/\/centrourbano.com\/?p=49393"},"modified":"2017-02-24T09:55:15","modified_gmt":"2017-02-24T15:55:15","slug":"construiran-primera-clinica-veterinaria-gam","status":"publish","type":"post","link":"https:\/\/centrourbano.com\/revista\/construccion\/construiran-primera-clinica-veterinaria-gam\/","title":{"rendered":"Construir\u00e1n primera cl\u00ednica veterinaria en GAM"},"content":{"rendered":"<p><em>Contar\u00e1 poco m\u00e1s 961 metros cuadrados, 4 consultorios, un quir\u00f3fano, sala de urgencias, entre otros<\/em><\/p>\n<p>El jefe delegacional de la Gustavo A. Madero, V\u00edctor Hugo Lobo Rom\u00e1n, anunci\u00f3 la construcci\u00f3n de la primera cl\u00ednica veterinaria en la demarcaci\u00f3n, la cual, cuenta con poco m\u00e1s de 961 metros cuadrados y est\u00e1 ubicada en la avenida Henry Ford, de la colonia Guadalupe Tepeyac. <\/p>\n<p>\u201cLa civilidad de cualquier persona se refleja en la atenci\u00f3n y cuidado de todos los seres vivos, pues merecen nuestra compasi\u00f3n y empat\u00eda\u201d, sostuvo Lobo Rom\u00e1n al anunciar los avances de la obra.<\/p>\n<p>La obra, contar\u00e1 con 4 consultorios, un quir\u00f3fano, sala de urgencias y hospitalizaci\u00f3n, adem\u00e1s de \u00e1reas de recuperaci\u00f3n, rayos x, ultrasonido, laboratorio, una farmacia especializada y central de enfermeras.<\/p>\n<p>Lobo Rom\u00e1n a\u00f1adi\u00f3 que tambi\u00e9n ofrecer\u00e1n consulta m\u00e9dica gratuita y en aulas de ense\u00f1anza se brindar\u00e1n pl\u00e1ticas de orientaci\u00f3n sobre el cuidado de los animales para prevenir el abandono y la violencia.<\/p>\n<p>\u201cSabemos y reconocemos el gran cari\u00f1o hacia los animales, que forman parte de miles de familias maderenses, por ello intensificaremos nuestras campa\u00f1as de cuidado y protecci\u00f3n animal\u201d, finaliz\u00f3.<\/p>\n","protected":false},"excerpt":{"rendered":"<p>Contar\u00e1 poco m\u00e1s 961 metros cuadrados, 4 consultorios, un quir\u00f3fano, sala de urgencias, entre otros El jefe delegacional de la Gustavo A. Madero, V\u00edctor Hugo Lobo Rom\u00e1n, anunci\u00f3 la construcci\u00f3n de la primera cl\u00ednica veterinaria en la demarcaci\u00f3n, la cual, cuenta con poco m\u00e1s de 961 metros cuadrados y est\u00e1 ubicada en la avenida Henry [&hellip;]<\/p>\n","protected":false},"author":42,"featured_media":49394,"comment_status":"open","ping_status":"closed","sticky":false,"template":"","format":"standard","meta":{"om_disable_all_campaigns":false,"inline_featured_image":false,"_monsterinsights_skip_tracking":false,"_monsterinsights_sitenote_active":false,"_monsterinsights_sitenote_note":"","_monsterinsights_sitenote_category":0,"footnotes":""},"categories":[14],"tags":[9667,4325,9538],"class_list":["post-49393","post","type-post","status-publish","format-standard","has-post-thumbnail","hentry","category-construccion","tag-cinica-veterinaria","tag-gam","tag-lobo-roman"],"yoast_head":"<!-- This site is optimized with the Yoast SEO plugin v27.4 - https:\/\/yoast.com\/product\/yoast-seo-wordpress\/ -->\n<title>Construir\u00e1n primera cl\u00ednica veterinaria en GAM -<\/title>\n<meta name=\"description\" content=\"El jefe delegacional de la Gustavo A. Madero, V\u00edctor Hugo Lobo Rom\u00e1n, anunci\u00f3 la construcci\u00f3n de la primera cl\u00ednica veterinaria en la demarcaci\u00f3n, la cual, cuenta con poco m\u00e1s de 961 metros cuadrados y est\u00e1 ubicada en la avenida Henry Ford, de la colonia Guadalupe Tepeyac.\" \/>\n<meta name=\"robots\" content=\"index, follow, max-snippet:-1, max-image-preview:large, max-video-preview:-1\" \/>\n<link rel=\"canonical\" href=\"https:\/\/centrourbano.com\/revista\/construccion\/construiran-primera-clinica-veterinaria-gam\/\" \/>\n<meta property=\"og:locale\" content=\"es_ES\" \/>\n<meta property=\"og:type\" content=\"article\" \/>\n<meta property=\"og:title\" content=\"Construir\u00e1n primera cl\u00ednica veterinaria en GAM -\" \/>\n<meta property=\"og:description\" content=\"El jefe delegacional de la Gustavo A. Madero, V\u00edctor Hugo Lobo Rom\u00e1n, anunci\u00f3 la construcci\u00f3n de la primera cl\u00ednica veterinaria en la demarcaci\u00f3n, la cual, cuenta con poco m\u00e1s de 961 metros cuadrados y est\u00e1 ubicada en la avenida Henry Ford, de la colonia Guadalupe Tepeyac.\" \/>\n<meta property=\"og:url\" content=\"https:\/\/centrourbano.com\/revista\/construccion\/construiran-primera-clinica-veterinaria-gam\/\" \/>\n<meta property=\"og:site_name\" content=\"Centro Urbano\" \/>\n<meta property=\"article:publisher\" content=\"https:\/\/www.facebook.com\/portalcentrourbano\" \/>\n<meta property=\"article:published_time\" content=\"2017-02-24T15:55:15+00:00\" \/>\n<meta property=\"og:image\" content=\"https:\/\/centrourbano.com\/revista\/wp-content\/uploads\/unnamed-55.jpg\" \/>\n\t<meta property=\"og:image:width\" content=\"1270\" \/>\n\t<meta property=\"og:image:height\" content=\"794\" \/>\n\t<meta property=\"og:image:type\" content=\"image\/jpeg\" \/>\n<meta name=\"author\" content=\"Priscila D\u00edaz\" \/>\n<meta name=\"twitter:card\" content=\"summary_large_image\" \/>\n<meta name=\"twitter:creator\" content=\"@CentroUrbano\" \/>\n<meta name=\"twitter:site\" content=\"@CentroUrbano\" \/>\n<meta name=\"twitter:label1\" content=\"Escrito por\" \/>\n\t<meta name=\"twitter:data1\" content=\"Priscila D\u00edaz\" \/>\n\t<meta name=\"twitter:label2\" content=\"Tiempo de lectura\" \/>\n\t<meta name=\"twitter:data2\" content=\"1 minuto\" \/>\n<script type=\"application\/ld+json\" class=\"yoast-schema-graph\">{\"@context\":\"https:\\\/\\\/schema.org\",\"@graph\":[{\"@type\":\"Article\",\"@id\":\"https:\\\/\\\/centrourbano.com\\\/revista\\\/construccion\\\/construiran-primera-clinica-veterinaria-gam\\\/#article\",\"isPartOf\":{\"@id\":\"https:\\\/\\\/centrourbano.com\\\/revista\\\/construccion\\\/construiran-primera-clinica-veterinaria-gam\\\/\"},\"author\":{\"name\":\"Priscila D\u00edaz\",\"@id\":\"https:\\\/\\\/centrourbano.com\\\/revista\\\/#\\\/schema\\\/person\\\/20613dd8a7db2b263325af517bc7420c\"},\"headline\":\"Construir\u00e1n primera cl\u00ednica veterinaria en GAM\",\"datePublished\":\"2017-02-24T15:55:15+00:00\",\"mainEntityOfPage\":{\"@id\":\"https:\\\/\\\/centrourbano.com\\\/revista\\\/construccion\\\/construiran-primera-clinica-veterinaria-gam\\\/\"},\"wordCount\":215,\"commentCount\":0,\"publisher\":{\"@id\":\"https:\\\/\\\/centrourbano.com\\\/revista\\\/#organization\"},\"image\":{\"@id\":\"https:\\\/\\\/centrourbano.com\\\/revista\\\/construccion\\\/construiran-primera-clinica-veterinaria-gam\\\/#primaryimage\"},\"thumbnailUrl\":\"https:\\\/\\\/centrourbano.com\\\/revista\\\/wp-content\\\/uploads\\\/unnamed-55.jpg\",\"keywords\":[\"C\u00cdNICA VETERINARIA\",\"GAM\",\"Lobo Rom\u00e1n\"],\"articleSection\":[\"Construcci\u00f3n\"],\"inLanguage\":\"es\",\"potentialAction\":[{\"@type\":\"CommentAction\",\"name\":\"Comment\",\"target\":[\"https:\\\/\\\/centrourbano.com\\\/revista\\\/construccion\\\/construiran-primera-clinica-veterinaria-gam\\\/#respond\"]}]},{\"@type\":\"WebPage\",\"@id\":\"https:\\\/\\\/centrourbano.com\\\/revista\\\/construccion\\\/construiran-primera-clinica-veterinaria-gam\\\/\",\"url\":\"https:\\\/\\\/centrourbano.com\\\/revista\\\/construccion\\\/construiran-primera-clinica-veterinaria-gam\\\/\",\"name\":\"Construir\u00e1n primera cl\u00ednica veterinaria en GAM -\",\"isPartOf\":{\"@id\":\"https:\\\/\\\/centrourbano.com\\\/revista\\\/#website\"},\"primaryImageOfPage\":{\"@id\":\"https:\\\/\\\/centrourbano.com\\\/revista\\\/construccion\\\/construiran-primera-clinica-veterinaria-gam\\\/#primaryimage\"},\"image\":{\"@id\":\"https:\\\/\\\/centrourbano.com\\\/revista\\\/construccion\\\/construiran-primera-clinica-veterinaria-gam\\\/#primaryimage\"},\"thumbnailUrl\":\"https:\\\/\\\/centrourbano.com\\\/revista\\\/wp-content\\\/uploads\\\/unnamed-55.jpg\",\"datePublished\":\"2017-02-24T15:55:15+00:00\",\"description\":\"El jefe delegacional de la Gustavo A. Madero, V\u00edctor Hugo Lobo Rom\u00e1n, anunci\u00f3 la construcci\u00f3n de la primera cl\u00ednica veterinaria en la demarcaci\u00f3n, la cual, cuenta con poco m\u00e1s de 961 metros cuadrados y est\u00e1 ubicada en la avenida Henry Ford, de la colonia Guadalupe Tepeyac.\",\"breadcrumb\":{\"@id\":\"https:\\\/\\\/centrourbano.com\\\/revista\\\/construccion\\\/construiran-primera-clinica-veterinaria-gam\\\/#breadcrumb\"},\"inLanguage\":\"es\",\"potentialAction\":[{\"@type\":\"ReadAction\",\"target\":[\"https:\\\/\\\/centrourbano.com\\\/revista\\\/construccion\\\/construiran-primera-clinica-veterinaria-gam\\\/\"]}]},{\"@type\":\"ImageObject\",\"inLanguage\":\"es\",\"@id\":\"https:\\\/\\\/centrourbano.com\\\/revista\\\/construccion\\\/construiran-primera-clinica-veterinaria-gam\\\/#primaryimage\",\"url\":\"https:\\\/\\\/centrourbano.com\\\/revista\\\/wp-content\\\/uploads\\\/unnamed-55.jpg\",\"contentUrl\":\"https:\\\/\\\/centrourbano.com\\\/revista\\\/wp-content\\\/uploads\\\/unnamed-55.jpg\",\"width\":1270,\"height\":794},{\"@type\":\"BreadcrumbList\",\"@id\":\"https:\\\/\\\/centrourbano.com\\\/revista\\\/construccion\\\/construiran-primera-clinica-veterinaria-gam\\\/#breadcrumb\",\"itemListElement\":[{\"@type\":\"ListItem\",\"position\":1,\"name\":\"Portada\",\"item\":\"https:\\\/\\\/centrourbano.com\\\/revista\\\/\"},{\"@type\":\"ListItem\",\"position\":2,\"name\":\"Construir\u00e1n primera cl\u00ednica veterinaria en GAM\"}]},{\"@type\":\"WebSite\",\"@id\":\"https:\\\/\\\/centrourbano.com\\\/revista\\\/#website\",\"url\":\"https:\\\/\\\/centrourbano.com\\\/revista\\\/\",\"name\":\"Centro Urbano\",\"description\":\"Medio especializado en los sectores vivienda, inmobiliario, construcci\u00f3n, arquitectura y urbanismo.\",\"publisher\":{\"@id\":\"https:\\\/\\\/centrourbano.com\\\/revista\\\/#organization\"},\"potentialAction\":[{\"@type\":\"SearchAction\",\"target\":{\"@type\":\"EntryPoint\",\"urlTemplate\":\"https:\\\/\\\/centrourbano.com\\\/revista\\\/?s={search_term_string}\"},\"query-input\":{\"@type\":\"PropertyValueSpecification\",\"valueRequired\":true,\"valueName\":\"search_term_string\"}}],\"inLanguage\":\"es\"},{\"@type\":\"Organization\",\"@id\":\"https:\\\/\\\/centrourbano.com\\\/revista\\\/#organization\",\"name\":\"Centro Urbano\",\"url\":\"https:\\\/\\\/centrourbano.com\\\/revista\\\/\",\"logo\":{\"@type\":\"ImageObject\",\"inLanguage\":\"es\",\"@id\":\"https:\\\/\\\/centrourbano.com\\\/revista\\\/#\\\/schema\\\/logo\\\/image\\\/\",\"url\":\"https:\\\/\\\/centrourbano.com\\\/revista\\\/wp-content\\\/uploads\\\/web_CU_logo-1.png\",\"contentUrl\":\"https:\\\/\\\/centrourbano.com\\\/revista\\\/wp-content\\\/uploads\\\/web_CU_logo-1.png\",\"width\":350,\"height\":91,\"caption\":\"Centro Urbano\"},\"image\":{\"@id\":\"https:\\\/\\\/centrourbano.com\\\/revista\\\/#\\\/schema\\\/logo\\\/image\\\/\"},\"sameAs\":[\"https:\\\/\\\/www.facebook.com\\\/portalcentrourbano\",\"https:\\\/\\\/x.com\\\/CentroUrbano\",\"https:\\\/\\\/www.instagram.com\\\/centro_urbano\\\/\",\"https:\\\/\\\/www.linkedin.com\\\/company\\\/centro-urbano\\\/\",\"http:\\\/\\\/www.youtube.com\\\/user\\\/portalcentrourbano\"]},{\"@type\":\"Person\",\"@id\":\"https:\\\/\\\/centrourbano.com\\\/revista\\\/#\\\/schema\\\/person\\\/20613dd8a7db2b263325af517bc7420c\",\"name\":\"Priscila D\u00edaz\",\"image\":{\"@type\":\"ImageObject\",\"inLanguage\":\"es\",\"@id\":\"https:\\\/\\\/secure.gravatar.com\\\/avatar\\\/bf28a62a51d45b542a0c3fe4c31a60c3887b5037867f58a6225cbf7479b56636?s=96&d=mm&r=g\",\"url\":\"https:\\\/\\\/secure.gravatar.com\\\/avatar\\\/bf28a62a51d45b542a0c3fe4c31a60c3887b5037867f58a6225cbf7479b56636?s=96&d=mm&r=g\",\"contentUrl\":\"https:\\\/\\\/secure.gravatar.com\\\/avatar\\\/bf28a62a51d45b542a0c3fe4c31a60c3887b5037867f58a6225cbf7479b56636?s=96&d=mm&r=g\",\"caption\":\"Priscila D\u00edaz\"},\"url\":\"https:\\\/\\\/centrourbano.com\\\/revista\\\/author\\\/priscila-diaz\\\/\"}]}<\/script>\n<!-- \/ Yoast SEO plugin. -->","yoast_head_json":{"title":"Construir\u00e1n primera cl\u00ednica veterinaria en GAM -","description":"El jefe delegacional de la Gustavo A. Madero, V\u00edctor Hugo Lobo Rom\u00e1n, anunci\u00f3 la construcci\u00f3n de la primera cl\u00ednica veterinaria en la demarcaci\u00f3n, la cual, cuenta con poco m\u00e1s de 961 metros cuadrados y est\u00e1 ubicada en la avenida Henry Ford, de la colonia Guadalupe Tepeyac.","robots":{"index":"index","follow":"follow","max-snippet":"max-snippet:-1","max-image-preview":"max-image-preview:large","max-video-preview":"max-video-preview:-1"},"canonical":"https:\/\/centrourbano.com\/revista\/construccion\/construiran-primera-clinica-veterinaria-gam\/","og_locale":"es_ES","og_type":"article","og_title":"Construir\u00e1n primera cl\u00ednica veterinaria en GAM -","og_description":"El jefe delegacional de la Gustavo A. Madero, V\u00edctor Hugo Lobo Rom\u00e1n, anunci\u00f3 la construcci\u00f3n de la primera cl\u00ednica veterinaria en la demarcaci\u00f3n, la cual, cuenta con poco m\u00e1s de 961 metros cuadrados y est\u00e1 ubicada en la avenida Henry Ford, de la colonia Guadalupe Tepeyac.","og_url":"https:\/\/centrourbano.com\/revista\/construccion\/construiran-primera-clinica-veterinaria-gam\/","og_site_name":"Centro Urbano","article_publisher":"https:\/\/www.facebook.com\/portalcentrourbano","article_published_time":"2017-02-24T15:55:15+00:00","og_image":[{"width":1270,"height":794,"url":"https:\/\/centrourbano.com\/revista\/wp-content\/uploads\/unnamed-55.jpg","type":"image\/jpeg"}],"author":"Priscila D\u00edaz","twitter_card":"summary_large_image","twitter_creator":"@CentroUrbano","twitter_site":"@CentroUrbano","twitter_misc":{"Escrito por":"Priscila D\u00edaz","Tiempo de lectura":"1 minuto"},"schema":{"@context":"https:\/\/schema.org","@graph":[{"@type":"Article","@id":"https:\/\/centrourbano.com\/revista\/construccion\/construiran-primera-clinica-veterinaria-gam\/#article","isPartOf":{"@id":"https:\/\/centrourbano.com\/revista\/construccion\/construiran-primera-clinica-veterinaria-gam\/"},"author":{"name":"Priscila D\u00edaz","@id":"https:\/\/centrourbano.com\/revista\/#\/schema\/person\/20613dd8a7db2b263325af517bc7420c"},"headline":"Construir\u00e1n primera cl\u00ednica veterinaria en GAM","datePublished":"2017-02-24T15:55:15+00:00","mainEntityOfPage":{"@id":"https:\/\/centrourbano.com\/revista\/construccion\/construiran-primera-clinica-veterinaria-gam\/"},"wordCount":215,"commentCount":0,"publisher":{"@id":"https:\/\/centrourbano.com\/revista\/#organization"},"image":{"@id":"https:\/\/centrourbano.com\/revista\/construccion\/construiran-primera-clinica-veterinaria-gam\/#primaryimage"},"thumbnailUrl":"https:\/\/centrourbano.com\/revista\/wp-content\/uploads\/unnamed-55.jpg","keywords":["C\u00cdNICA VETERINARIA","GAM","Lobo Rom\u00e1n"],"articleSection":["Construcci\u00f3n"],"inLanguage":"es","potentialAction":[{"@type":"CommentAction","name":"Comment","target":["https:\/\/centrourbano.com\/revista\/construccion\/construiran-primera-clinica-veterinaria-gam\/#respond"]}]},{"@type":"WebPage","@id":"https:\/\/centrourbano.com\/revista\/construccion\/construiran-primera-clinica-veterinaria-gam\/","url":"https:\/\/centrourbano.com\/revista\/construccion\/construiran-primera-clinica-veterinaria-gam\/","name":"Construir\u00e1n primera cl\u00ednica veterinaria en GAM -","isPartOf":{"@id":"https:\/\/centrourbano.com\/revista\/#website"},"primaryImageOfPage":{"@id":"https:\/\/centrourbano.com\/revista\/construccion\/construiran-primera-clinica-veterinaria-gam\/#primaryimage"},"image":{"@id":"https:\/\/centrourbano.com\/revista\/construccion\/construiran-primera-clinica-veterinaria-gam\/#primaryimage"},"thumbnailUrl":"https:\/\/centrourbano.com\/revista\/wp-content\/uploads\/unnamed-55.jpg","datePublished":"2017-02-24T15:55:15+00:00","description":"El jefe delegacional de la Gustavo A. Madero, V\u00edctor Hugo Lobo Rom\u00e1n, anunci\u00f3 la construcci\u00f3n de la primera cl\u00ednica veterinaria en la demarcaci\u00f3n, la cual, cuenta con poco m\u00e1s de 961 metros cuadrados y est\u00e1 ubicada en la avenida Henry Ford, de la colonia Guadalupe Tepeyac.","breadcrumb":{"@id":"https:\/\/centrourbano.com\/revista\/construccion\/construiran-primera-clinica-veterinaria-gam\/#breadcrumb"},"inLanguage":"es","potentialAction":[{"@type":"ReadAction","target":["https:\/\/centrourbano.com\/revista\/construccion\/construiran-primera-clinica-veterinaria-gam\/"]}]},{"@type":"ImageObject","inLanguage":"es","@id":"https:\/\/centrourbano.com\/revista\/construccion\/construiran-primera-clinica-veterinaria-gam\/#primaryimage","url":"https:\/\/centrourbano.com\/revista\/wp-content\/uploads\/unnamed-55.jpg","contentUrl":"https:\/\/centrourbano.com\/revista\/wp-content\/uploads\/unnamed-55.jpg","width":1270,"height":794},{"@type":"BreadcrumbList","@id":"https:\/\/centrourbano.com\/revista\/construccion\/construiran-primera-clinica-veterinaria-gam\/#breadcrumb","itemListElement":[{"@type":"ListItem","position":1,"name":"Portada","item":"https:\/\/centrourbano.com\/revista\/"},{"@type":"ListItem","position":2,"name":"Construir\u00e1n primera cl\u00ednica veterinaria en GAM"}]},{"@type":"WebSite","@id":"https:\/\/centrourbano.com\/revista\/#website","url":"https:\/\/centrourbano.com\/revista\/","name":"Centro Urbano","description":"Medio especializado en los sectores vivienda, inmobiliario, construcci\u00f3n, arquitectura y urbanismo.","publisher":{"@id":"https:\/\/centrourbano.com\/revista\/#organization"},"potentialAction":[{"@type":"SearchAction","target":{"@type":"EntryPoint","urlTemplate":"https:\/\/centrourbano.com\/revista\/?s={search_term_string}"},"query-input":{"@type":"PropertyValueSpecification","valueRequired":true,"valueName":"search_term_string"}}],"inLanguage":"es"},{"@type":"Organization","@id":"https:\/\/centrourbano.com\/revista\/#organization","name":"Centro Urbano","url":"https:\/\/centrourbano.com\/revista\/","logo":{"@type":"ImageObject","inLanguage":"es","@id":"https:\/\/centrourbano.com\/revista\/#\/schema\/logo\/image\/","url":"https:\/\/centrourbano.com\/revista\/wp-content\/uploads\/web_CU_logo-1.png","contentUrl":"https:\/\/centrourbano.com\/revista\/wp-content\/uploads\/web_CU_logo-1.png","width":350,"height":91,"caption":"Centro Urbano"},"image":{"@id":"https:\/\/centrourbano.com\/revista\/#\/schema\/logo\/image\/"},"sameAs":["https:\/\/www.facebook.com\/portalcentrourbano","https:\/\/x.com\/CentroUrbano","https:\/\/www.instagram.com\/centro_urbano\/","https:\/\/www.linkedin.com\/company\/centro-urbano\/","http:\/\/www.youtube.com\/user\/portalcentrourbano"]},{"@type":"Person","@id":"https:\/\/centrourbano.com\/revista\/#\/schema\/person\/20613dd8a7db2b263325af517bc7420c","name":"Priscila D\u00edaz","image":{"@type":"ImageObject","inLanguage":"es","@id":"https:\/\/secure.gravatar.com\/avatar\/bf28a62a51d45b542a0c3fe4c31a60c3887b5037867f58a6225cbf7479b56636?s=96&d=mm&r=g","url":"https:\/\/secure.gravatar.com\/avatar\/bf28a62a51d45b542a0c3fe4c31a60c3887b5037867f58a6225cbf7479b56636?s=96&d=mm&r=g","contentUrl":"https:\/\/secure.gravatar.com\/avatar\/bf28a62a51d45b542a0c3fe4c31a60c3887b5037867f58a6225cbf7479b56636?s=96&d=mm&r=g","caption":"Priscila D\u00edaz"},"url":"https:\/\/centrourbano.com\/revista\/author\/priscila-diaz\/"}]}},"_links":{"self":[{"href":"https:\/\/centrourbano.com\/revista\/wp-json\/wp\/v2\/posts\/49393","targetHints":{"allow":["GET"]}}],"collection":[{"href":"https:\/\/centrourbano.com\/revista\/wp-json\/wp\/v2\/posts"}],"about":[{"href":"https:\/\/centrourbano.com\/revista\/wp-json\/wp\/v2\/types\/post"}],"author":[{"embeddable":true,"href":"https:\/\/centrourbano.com\/revista\/wp-json\/wp\/v2\/users\/42"}],"replies":[{"embeddable":true,"href":"https:\/\/centrourbano.com\/revista\/wp-json\/wp\/v2\/comments?post=49393"}],"version-history":[{"count":0,"href":"https:\/\/centrourbano.com\/revista\/wp-json\/wp\/v2\/posts\/49393\/revisions"}],"wp:featuredmedia":[{"embeddable":true,"href":"https:\/\/centrourbano.com\/revista\/wp-json\/wp\/v2\/media\/49394"}],"wp:attachment":[{"href":"https:\/\/centrourbano.com\/revista\/wp-json\/wp\/v2\/media?parent=49393"}],"wp:term":[{"taxonomy":"category","embeddable":true,"href":"https:\/\/centrourbano.com\/revista\/wp-json\/wp\/v2\/categories?post=49393"},{"taxonomy":"post_tag","embeddable":true,"href":"https:\/\/centrourbano.com\/revista\/wp-json\/wp\/v2\/tags?post=49393"}],"curies":[{"name":"wp","href":"https:\/\/api.w.org\/{rel}","templated":true}]}}