{"id":49289,"date":"2017-02-22T14:41:18","date_gmt":"2017-02-22T20:41:18","guid":{"rendered":"https:\/\/centrourbano.com\/?p=49289"},"modified":"2017-02-22T14:41:18","modified_gmt":"2017-02-22T20:41:18","slug":"att-construyendo-mexico-crecemos","status":"publish","type":"post","link":"https:\/\/centrourbano.com\/revista\/actualidad\/att-construyendo-mexico-crecemos\/","title":{"rendered":"AT&#038;T y Construyendo a M\u00e9xico Crecemos en favor de la educaci\u00f3n"},"content":{"rendered":"<p><em>La empresa de telecomunicaciones hizo un donativo de 1,832,000 pesos para el equipamiento de nuevas aulas m\u00f3viles<\/em><\/p>\n<p>&nbsp;<\/p>\n<p>El proyecto Construyendo a M\u00e9xico Crecemos inici\u00f3 en el 2006 gracias a la familia Shabot con la idea de colocar aulas de educaci\u00f3n en obras de construcci\u00f3n y ayudar a los trabajadores a continuar sus estudios; actualmente tienen m\u00e1s de 20 aulas en obra adem\u00e1s de la nueva modalidad de las aulas m\u00f3viles.<\/p>\n<p>&nbsp;<\/p>\n<p>Dichas aulas nuevas se implementaron para apoyar a la gente de obras donde no es posible construirla. Al cierre del 2016 se lograron graduar a m\u00e1s de 1,000 personas en los diferentes programas que las aulas ofrecen: primaria, secundaria, preparatoria, finanzas personales, temas de desarrollo humano, as\u00ed como cursos de oficios de plomer\u00eda, electricidad y alba\u00f1iler\u00eda.<\/p>\n<p>&nbsp;<\/p>\n<p>La meta de Construyendo M\u00e9xico Crecemos para los pr\u00f3ximos es tener presencia en distintos estados de la Rep\u00fablica para llegar a m\u00e1s gente, pues ahora solo se encuentran en la zona metropolitana del Estado de M\u00e9xico y Nuevo Le\u00f3n.<\/p>\n<p>&nbsp;<\/p>\n<p>La empresa AT&amp;T se uni\u00f3 a la causa con un donativo para el equipamiento de nuevas aulas m\u00f3viles en el municipio de Huixquilucan en Estado de M\u00e9xico.<\/p>\n<p>&nbsp;<\/p>\n<p>Cristina Ru\u00edz Velazco, encargada de Asuntos externos de AT&amp;T M\u00e9xico, indic\u00f3 que la meta de AT&amp;T es beneficiar a 1,500 mexiquenses dentro de los pr\u00f3ximos 12 meses \u201cpara que puedan estudiar, superarse y convertirse en agentes de cambio positivo para sus familias y para M\u00e9xico\u201d.<\/p>\n<p>&nbsp;<\/p>\n<p>Coment\u00f3 que la situaci\u00f3n de la educaci\u00f3n en el pa\u00eds es uno de los principales retos a los que nos enfrentamos como pa\u00eds, y asegur\u00f3 que para combatirlo es necesario el compromiso y dedicaci\u00f3n. El reto no s\u00f3lo implica otorgar acceso a la escuela tradicional para ni\u00f1os y j\u00f3venes, sino tambi\u00e9n para personas mayores, \u201csabemos que la educaci\u00f3n y el desarrollo econ\u00f3mico van de la mano\u2026 impulsar la innovaci\u00f3n en la educaci\u00f3n es fundamental para el \u00e9xito de los estudiantes, es tiempo de aprovechar nuestra tecnolog\u00eda, relaciones e innovaci\u00f3n social para ayudar a la gente a cumplir sus metas\u201d, afirm\u00f3.<\/p>\n<p>&nbsp;<\/p>\n<p>Durante la inauguraci\u00f3n de la segunda aula m\u00f3vil se reconoci\u00f3 tambi\u00e9n al Instituto Nacional para la Educaci\u00f3n de los Adultos (INEA) como otro aliado b\u00e1sico, pues brindan los materiales educativos y la posibilidad de que todos los cursos impartidos en las aulas cuenten con certificaci\u00f3n oficial.<\/p>\n<p>&nbsp;<\/p>\n<p>De igual forma, Enrique Vargas del Villar, presidente municipal de Huixquilucan, inform\u00f3 que AT&amp;T hizo un donativo de 1,832,000 pesos a la fundaci\u00f3n con el fin de combatir el rezago educativo y tecnol\u00f3gico de diferentes comunidades.<\/p>\n<p>&nbsp;<\/p>\n<p>Reiter\u00f3 la importancia de la educaci\u00f3n en la sociedad y aprovech\u00f3 para comentar que durante su gobierno se han invertido m\u00e1s de 30,000,000 de pesos para la remodelaci\u00f3n de todas las escuelas del municipio, de las que ya han entregado finalizadas alrededor de 52.<\/p>\n<p>&nbsp;<\/p>\n<p>De igual forma se han invertido m\u00e1s de 700,000,000 de pesos en obras p\u00fablicas, y para este segundo a\u00f1o de su mandato ya se tiene contemplada otra inversi\u00f3n similar.<\/p>\n<p>&nbsp;<\/p>\n<p>Finalmente agradeci\u00f3 a Construyendo M\u00e9xico y a AT&amp;T \u201caqu\u00ed se ve reflejado como podemos trabajar en conjunto la iniciativa privada, organizaciones y gobierno, celebro esta segunda aula y estamos en espera de poder inaugurar la tercera\u201d.<\/p>\n<p>&nbsp;<\/p>\n","protected":false},"excerpt":{"rendered":"<p>La empresa de telecomunicaciones hizo un donativo de 1,832,000 pesos para el equipamiento de nuevas aulas m\u00f3viles &nbsp; El proyecto Construyendo a M\u00e9xico Crecemos inici\u00f3 en el 2006 gracias a la familia Shabot con la idea de colocar aulas de educaci\u00f3n en obras de construcci\u00f3n y ayudar a los trabajadores a continuar sus estudios; actualmente [&hellip;]<\/p>\n","protected":false},"author":45,"featured_media":49290,"comment_status":"open","ping_status":"closed","sticky":false,"template":"","format":"standard","meta":{"om_disable_all_campaigns":false,"inline_featured_image":false,"_monsterinsights_skip_tracking":false,"_monsterinsights_sitenote_active":false,"_monsterinsights_sitenote_note":"","_monsterinsights_sitenote_category":0,"footnotes":""},"categories":[80],"tags":[9648,9650,9649,9209,2594,303,5725],"class_list":["post-49289","post","type-post","status-publish","format-standard","has-post-thumbnail","hentry","category-actualidad","tag-att","tag-aula-movil","tag-construyendo-mexico-crecemos","tag-edo-mex","tag-educacion","tag-estado-de-mexico","tag-huixquilucan"],"yoast_head":"<!-- This site is optimized with the Yoast SEO plugin v27.5 - https:\/\/yoast.com\/product\/yoast-seo-wordpress\/ -->\n<title>AT&amp;T y Construyendo a M\u00e9xico Crecemos en favor de la educaci\u00f3n -<\/title>\n<meta name=\"description\" content=\"La empresa de telecomunicaciones hizo un donativo de 1,832,000 pesos para el equipamiento de nuevas aulas m\u00f3viles\" \/>\n<meta name=\"robots\" content=\"index, follow, max-snippet:-1, max-image-preview:large, max-video-preview:-1\" \/>\n<link rel=\"canonical\" href=\"https:\/\/centrourbano.com\/revista\/actualidad\/att-construyendo-mexico-crecemos\/\" \/>\n<meta property=\"og:locale\" content=\"es_ES\" \/>\n<meta property=\"og:type\" content=\"article\" \/>\n<meta property=\"og:title\" content=\"AT&amp;T y Construyendo a M\u00e9xico Crecemos en favor de la educaci\u00f3n -\" \/>\n<meta property=\"og:description\" content=\"La empresa de telecomunicaciones hizo un donativo de 1,832,000 pesos para el equipamiento de nuevas aulas m\u00f3viles\" \/>\n<meta property=\"og:url\" content=\"https:\/\/centrourbano.com\/revista\/actualidad\/att-construyendo-mexico-crecemos\/\" \/>\n<meta property=\"og:site_name\" content=\"Centro Urbano\" \/>\n<meta property=\"article:publisher\" content=\"https:\/\/www.facebook.com\/portalcentrourbano\" \/>\n<meta property=\"article:published_time\" content=\"2017-02-22T20:41:18+00:00\" \/>\n<meta property=\"og:image\" content=\"https:\/\/centrourbano.com\/revista\/wp-content\/uploads\/ATT-construyendo.jpg\" \/>\n\t<meta property=\"og:image:width\" content=\"800\" \/>\n\t<meta property=\"og:image:height\" content=\"600\" \/>\n\t<meta property=\"og:image:type\" content=\"image\/jpeg\" \/>\n<meta name=\"author\" content=\"Hanae Pacheco\" \/>\n<meta name=\"twitter:card\" content=\"summary_large_image\" \/>\n<meta name=\"twitter:creator\" content=\"@CentroUrbano\" \/>\n<meta name=\"twitter:site\" content=\"@CentroUrbano\" \/>\n<meta name=\"twitter:label1\" content=\"Escrito por\" \/>\n\t<meta name=\"twitter:data1\" content=\"Hanae Pacheco\" \/>\n\t<meta name=\"twitter:label2\" content=\"Tiempo de lectura\" \/>\n\t<meta name=\"twitter:data2\" content=\"3 minutos\" \/>\n<script type=\"application\/ld+json\" class=\"yoast-schema-graph\">{\"@context\":\"https:\\\/\\\/schema.org\",\"@graph\":[{\"@type\":\"Article\",\"@id\":\"https:\\\/\\\/centrourbano.com\\\/revista\\\/actualidad\\\/att-construyendo-mexico-crecemos\\\/#article\",\"isPartOf\":{\"@id\":\"https:\\\/\\\/centrourbano.com\\\/revista\\\/actualidad\\\/att-construyendo-mexico-crecemos\\\/\"},\"author\":{\"name\":\"Hanae Pacheco\",\"@id\":\"https:\\\/\\\/centrourbano.com\\\/revista\\\/#\\\/schema\\\/person\\\/db5aba19153b4dc77f48808c4c2e7027\"},\"headline\":\"AT&#038;T y Construyendo a M\u00e9xico Crecemos en favor de la educaci\u00f3n\",\"datePublished\":\"2017-02-22T20:41:18+00:00\",\"mainEntityOfPage\":{\"@id\":\"https:\\\/\\\/centrourbano.com\\\/revista\\\/actualidad\\\/att-construyendo-mexico-crecemos\\\/\"},\"wordCount\":607,\"commentCount\":0,\"publisher\":{\"@id\":\"https:\\\/\\\/centrourbano.com\\\/revista\\\/#organization\"},\"image\":{\"@id\":\"https:\\\/\\\/centrourbano.com\\\/revista\\\/actualidad\\\/att-construyendo-mexico-crecemos\\\/#primaryimage\"},\"thumbnailUrl\":\"https:\\\/\\\/centrourbano.com\\\/revista\\\/wp-content\\\/uploads\\\/ATT-construyendo.jpg\",\"keywords\":[\"AT&amp;T\",\"aula m\u00f3vil\",\"Construyendo M\u00e9xico Crecemos\",\"Edo mex\",\"Educaci\u00f3n\",\"Estado de M\u00e9xico\",\"Huixquilucan\"],\"articleSection\":[\"Actualidad\"],\"inLanguage\":\"es\",\"potentialAction\":[{\"@type\":\"CommentAction\",\"name\":\"Comment\",\"target\":[\"https:\\\/\\\/centrourbano.com\\\/revista\\\/actualidad\\\/att-construyendo-mexico-crecemos\\\/#respond\"]}]},{\"@type\":\"WebPage\",\"@id\":\"https:\\\/\\\/centrourbano.com\\\/revista\\\/actualidad\\\/att-construyendo-mexico-crecemos\\\/\",\"url\":\"https:\\\/\\\/centrourbano.com\\\/revista\\\/actualidad\\\/att-construyendo-mexico-crecemos\\\/\",\"name\":\"AT&T y Construyendo a M\u00e9xico Crecemos en favor de la educaci\u00f3n -\",\"isPartOf\":{\"@id\":\"https:\\\/\\\/centrourbano.com\\\/revista\\\/#website\"},\"primaryImageOfPage\":{\"@id\":\"https:\\\/\\\/centrourbano.com\\\/revista\\\/actualidad\\\/att-construyendo-mexico-crecemos\\\/#primaryimage\"},\"image\":{\"@id\":\"https:\\\/\\\/centrourbano.com\\\/revista\\\/actualidad\\\/att-construyendo-mexico-crecemos\\\/#primaryimage\"},\"thumbnailUrl\":\"https:\\\/\\\/centrourbano.com\\\/revista\\\/wp-content\\\/uploads\\\/ATT-construyendo.jpg\",\"datePublished\":\"2017-02-22T20:41:18+00:00\",\"description\":\"La empresa de telecomunicaciones hizo un donativo de 1,832,000 pesos para el equipamiento de nuevas aulas m\u00f3viles\",\"breadcrumb\":{\"@id\":\"https:\\\/\\\/centrourbano.com\\\/revista\\\/actualidad\\\/att-construyendo-mexico-crecemos\\\/#breadcrumb\"},\"inLanguage\":\"es\",\"potentialAction\":[{\"@type\":\"ReadAction\",\"target\":[\"https:\\\/\\\/centrourbano.com\\\/revista\\\/actualidad\\\/att-construyendo-mexico-crecemos\\\/\"]}]},{\"@type\":\"ImageObject\",\"inLanguage\":\"es\",\"@id\":\"https:\\\/\\\/centrourbano.com\\\/revista\\\/actualidad\\\/att-construyendo-mexico-crecemos\\\/#primaryimage\",\"url\":\"https:\\\/\\\/centrourbano.com\\\/revista\\\/wp-content\\\/uploads\\\/ATT-construyendo.jpg\",\"contentUrl\":\"https:\\\/\\\/centrourbano.com\\\/revista\\\/wp-content\\\/uploads\\\/ATT-construyendo.jpg\",\"width\":800,\"height\":600,\"caption\":\"La empresa de telecomunicaciones hizo un donativo de 1,832,000 pesos para el equipamiento de nuevas aulas m\u00f3viles\"},{\"@type\":\"BreadcrumbList\",\"@id\":\"https:\\\/\\\/centrourbano.com\\\/revista\\\/actualidad\\\/att-construyendo-mexico-crecemos\\\/#breadcrumb\",\"itemListElement\":[{\"@type\":\"ListItem\",\"position\":1,\"name\":\"Portada\",\"item\":\"https:\\\/\\\/centrourbano.com\\\/revista\\\/\"},{\"@type\":\"ListItem\",\"position\":2,\"name\":\"AT&#038;T y Construyendo a M\u00e9xico Crecemos en favor de la educaci\u00f3n\"}]},{\"@type\":\"WebSite\",\"@id\":\"https:\\\/\\\/centrourbano.com\\\/revista\\\/#website\",\"url\":\"https:\\\/\\\/centrourbano.com\\\/revista\\\/\",\"name\":\"Centro Urbano\",\"description\":\"Medio especializado en los sectores vivienda, inmobiliario, construcci\u00f3n, arquitectura y urbanismo.\",\"publisher\":{\"@id\":\"https:\\\/\\\/centrourbano.com\\\/revista\\\/#organization\"},\"potentialAction\":[{\"@type\":\"SearchAction\",\"target\":{\"@type\":\"EntryPoint\",\"urlTemplate\":\"https:\\\/\\\/centrourbano.com\\\/revista\\\/?s={search_term_string}\"},\"query-input\":{\"@type\":\"PropertyValueSpecification\",\"valueRequired\":true,\"valueName\":\"search_term_string\"}}],\"inLanguage\":\"es\"},{\"@type\":\"Organization\",\"@id\":\"https:\\\/\\\/centrourbano.com\\\/revista\\\/#organization\",\"name\":\"Centro Urbano\",\"url\":\"https:\\\/\\\/centrourbano.com\\\/revista\\\/\",\"logo\":{\"@type\":\"ImageObject\",\"inLanguage\":\"es\",\"@id\":\"https:\\\/\\\/centrourbano.com\\\/revista\\\/#\\\/schema\\\/logo\\\/image\\\/\",\"url\":\"https:\\\/\\\/centrourbano.com\\\/revista\\\/wp-content\\\/uploads\\\/web_CU_logo-1.png\",\"contentUrl\":\"https:\\\/\\\/centrourbano.com\\\/revista\\\/wp-content\\\/uploads\\\/web_CU_logo-1.png\",\"width\":350,\"height\":91,\"caption\":\"Centro Urbano\"},\"image\":{\"@id\":\"https:\\\/\\\/centrourbano.com\\\/revista\\\/#\\\/schema\\\/logo\\\/image\\\/\"},\"sameAs\":[\"https:\\\/\\\/www.facebook.com\\\/portalcentrourbano\",\"https:\\\/\\\/x.com\\\/CentroUrbano\",\"https:\\\/\\\/www.instagram.com\\\/centro_urbano\\\/\",\"https:\\\/\\\/www.linkedin.com\\\/company\\\/centro-urbano\\\/\",\"http:\\\/\\\/www.youtube.com\\\/user\\\/portalcentrourbano\"]},{\"@type\":\"Person\",\"@id\":\"https:\\\/\\\/centrourbano.com\\\/revista\\\/#\\\/schema\\\/person\\\/db5aba19153b4dc77f48808c4c2e7027\",\"name\":\"Hanae Pacheco\",\"image\":{\"@type\":\"ImageObject\",\"inLanguage\":\"es\",\"@id\":\"https:\\\/\\\/secure.gravatar.com\\\/avatar\\\/85378918db488c7c72bd7acaea6909bbfd5df076ffaf5e56cf397f98ef67f72d?s=96&d=mm&r=g\",\"url\":\"https:\\\/\\\/secure.gravatar.com\\\/avatar\\\/85378918db488c7c72bd7acaea6909bbfd5df076ffaf5e56cf397f98ef67f72d?s=96&d=mm&r=g\",\"contentUrl\":\"https:\\\/\\\/secure.gravatar.com\\\/avatar\\\/85378918db488c7c72bd7acaea6909bbfd5df076ffaf5e56cf397f98ef67f72d?s=96&d=mm&r=g\",\"caption\":\"Hanae Pacheco\"},\"url\":\"https:\\\/\\\/centrourbano.com\\\/revista\\\/author\\\/hanae-pacheco\\\/\"}]}<\/script>\n<!-- \/ Yoast SEO plugin. -->","yoast_head_json":{"title":"AT&T y Construyendo a M\u00e9xico Crecemos en favor de la educaci\u00f3n -","description":"La empresa de telecomunicaciones hizo un donativo de 1,832,000 pesos para el equipamiento de nuevas aulas m\u00f3viles","robots":{"index":"index","follow":"follow","max-snippet":"max-snippet:-1","max-image-preview":"max-image-preview:large","max-video-preview":"max-video-preview:-1"},"canonical":"https:\/\/centrourbano.com\/revista\/actualidad\/att-construyendo-mexico-crecemos\/","og_locale":"es_ES","og_type":"article","og_title":"AT&T y Construyendo a M\u00e9xico Crecemos en favor de la educaci\u00f3n -","og_description":"La empresa de telecomunicaciones hizo un donativo de 1,832,000 pesos para el equipamiento de nuevas aulas m\u00f3viles","og_url":"https:\/\/centrourbano.com\/revista\/actualidad\/att-construyendo-mexico-crecemos\/","og_site_name":"Centro Urbano","article_publisher":"https:\/\/www.facebook.com\/portalcentrourbano","article_published_time":"2017-02-22T20:41:18+00:00","og_image":[{"width":800,"height":600,"url":"https:\/\/centrourbano.com\/revista\/wp-content\/uploads\/ATT-construyendo.jpg","type":"image\/jpeg"}],"author":"Hanae Pacheco","twitter_card":"summary_large_image","twitter_creator":"@CentroUrbano","twitter_site":"@CentroUrbano","twitter_misc":{"Escrito por":"Hanae Pacheco","Tiempo de lectura":"3 minutos"},"schema":{"@context":"https:\/\/schema.org","@graph":[{"@type":"Article","@id":"https:\/\/centrourbano.com\/revista\/actualidad\/att-construyendo-mexico-crecemos\/#article","isPartOf":{"@id":"https:\/\/centrourbano.com\/revista\/actualidad\/att-construyendo-mexico-crecemos\/"},"author":{"name":"Hanae Pacheco","@id":"https:\/\/centrourbano.com\/revista\/#\/schema\/person\/db5aba19153b4dc77f48808c4c2e7027"},"headline":"AT&#038;T y Construyendo a M\u00e9xico Crecemos en favor de la educaci\u00f3n","datePublished":"2017-02-22T20:41:18+00:00","mainEntityOfPage":{"@id":"https:\/\/centrourbano.com\/revista\/actualidad\/att-construyendo-mexico-crecemos\/"},"wordCount":607,"commentCount":0,"publisher":{"@id":"https:\/\/centrourbano.com\/revista\/#organization"},"image":{"@id":"https:\/\/centrourbano.com\/revista\/actualidad\/att-construyendo-mexico-crecemos\/#primaryimage"},"thumbnailUrl":"https:\/\/centrourbano.com\/revista\/wp-content\/uploads\/ATT-construyendo.jpg","keywords":["AT&amp;T","aula m\u00f3vil","Construyendo M\u00e9xico Crecemos","Edo mex","Educaci\u00f3n","Estado de M\u00e9xico","Huixquilucan"],"articleSection":["Actualidad"],"inLanguage":"es","potentialAction":[{"@type":"CommentAction","name":"Comment","target":["https:\/\/centrourbano.com\/revista\/actualidad\/att-construyendo-mexico-crecemos\/#respond"]}]},{"@type":"WebPage","@id":"https:\/\/centrourbano.com\/revista\/actualidad\/att-construyendo-mexico-crecemos\/","url":"https:\/\/centrourbano.com\/revista\/actualidad\/att-construyendo-mexico-crecemos\/","name":"AT&T y Construyendo a M\u00e9xico Crecemos en favor de la educaci\u00f3n -","isPartOf":{"@id":"https:\/\/centrourbano.com\/revista\/#website"},"primaryImageOfPage":{"@id":"https:\/\/centrourbano.com\/revista\/actualidad\/att-construyendo-mexico-crecemos\/#primaryimage"},"image":{"@id":"https:\/\/centrourbano.com\/revista\/actualidad\/att-construyendo-mexico-crecemos\/#primaryimage"},"thumbnailUrl":"https:\/\/centrourbano.com\/revista\/wp-content\/uploads\/ATT-construyendo.jpg","datePublished":"2017-02-22T20:41:18+00:00","description":"La empresa de telecomunicaciones hizo un donativo de 1,832,000 pesos para el equipamiento de nuevas aulas m\u00f3viles","breadcrumb":{"@id":"https:\/\/centrourbano.com\/revista\/actualidad\/att-construyendo-mexico-crecemos\/#breadcrumb"},"inLanguage":"es","potentialAction":[{"@type":"ReadAction","target":["https:\/\/centrourbano.com\/revista\/actualidad\/att-construyendo-mexico-crecemos\/"]}]},{"@type":"ImageObject","inLanguage":"es","@id":"https:\/\/centrourbano.com\/revista\/actualidad\/att-construyendo-mexico-crecemos\/#primaryimage","url":"https:\/\/centrourbano.com\/revista\/wp-content\/uploads\/ATT-construyendo.jpg","contentUrl":"https:\/\/centrourbano.com\/revista\/wp-content\/uploads\/ATT-construyendo.jpg","width":800,"height":600,"caption":"La empresa de telecomunicaciones hizo un donativo de 1,832,000 pesos para el equipamiento de nuevas aulas m\u00f3viles"},{"@type":"BreadcrumbList","@id":"https:\/\/centrourbano.com\/revista\/actualidad\/att-construyendo-mexico-crecemos\/#breadcrumb","itemListElement":[{"@type":"ListItem","position":1,"name":"Portada","item":"https:\/\/centrourbano.com\/revista\/"},{"@type":"ListItem","position":2,"name":"AT&#038;T y Construyendo a M\u00e9xico Crecemos en favor de la educaci\u00f3n"}]},{"@type":"WebSite","@id":"https:\/\/centrourbano.com\/revista\/#website","url":"https:\/\/centrourbano.com\/revista\/","name":"Centro Urbano","description":"Medio especializado en los sectores vivienda, inmobiliario, construcci\u00f3n, arquitectura y urbanismo.","publisher":{"@id":"https:\/\/centrourbano.com\/revista\/#organization"},"potentialAction":[{"@type":"SearchAction","target":{"@type":"EntryPoint","urlTemplate":"https:\/\/centrourbano.com\/revista\/?s={search_term_string}"},"query-input":{"@type":"PropertyValueSpecification","valueRequired":true,"valueName":"search_term_string"}}],"inLanguage":"es"},{"@type":"Organization","@id":"https:\/\/centrourbano.com\/revista\/#organization","name":"Centro Urbano","url":"https:\/\/centrourbano.com\/revista\/","logo":{"@type":"ImageObject","inLanguage":"es","@id":"https:\/\/centrourbano.com\/revista\/#\/schema\/logo\/image\/","url":"https:\/\/centrourbano.com\/revista\/wp-content\/uploads\/web_CU_logo-1.png","contentUrl":"https:\/\/centrourbano.com\/revista\/wp-content\/uploads\/web_CU_logo-1.png","width":350,"height":91,"caption":"Centro Urbano"},"image":{"@id":"https:\/\/centrourbano.com\/revista\/#\/schema\/logo\/image\/"},"sameAs":["https:\/\/www.facebook.com\/portalcentrourbano","https:\/\/x.com\/CentroUrbano","https:\/\/www.instagram.com\/centro_urbano\/","https:\/\/www.linkedin.com\/company\/centro-urbano\/","http:\/\/www.youtube.com\/user\/portalcentrourbano"]},{"@type":"Person","@id":"https:\/\/centrourbano.com\/revista\/#\/schema\/person\/db5aba19153b4dc77f48808c4c2e7027","name":"Hanae Pacheco","image":{"@type":"ImageObject","inLanguage":"es","@id":"https:\/\/secure.gravatar.com\/avatar\/85378918db488c7c72bd7acaea6909bbfd5df076ffaf5e56cf397f98ef67f72d?s=96&d=mm&r=g","url":"https:\/\/secure.gravatar.com\/avatar\/85378918db488c7c72bd7acaea6909bbfd5df076ffaf5e56cf397f98ef67f72d?s=96&d=mm&r=g","contentUrl":"https:\/\/secure.gravatar.com\/avatar\/85378918db488c7c72bd7acaea6909bbfd5df076ffaf5e56cf397f98ef67f72d?s=96&d=mm&r=g","caption":"Hanae Pacheco"},"url":"https:\/\/centrourbano.com\/revista\/author\/hanae-pacheco\/"}]}},"_links":{"self":[{"href":"https:\/\/centrourbano.com\/revista\/wp-json\/wp\/v2\/posts\/49289","targetHints":{"allow":["GET"]}}],"collection":[{"href":"https:\/\/centrourbano.com\/revista\/wp-json\/wp\/v2\/posts"}],"about":[{"href":"https:\/\/centrourbano.com\/revista\/wp-json\/wp\/v2\/types\/post"}],"author":[{"embeddable":true,"href":"https:\/\/centrourbano.com\/revista\/wp-json\/wp\/v2\/users\/45"}],"replies":[{"embeddable":true,"href":"https:\/\/centrourbano.com\/revista\/wp-json\/wp\/v2\/comments?post=49289"}],"version-history":[{"count":0,"href":"https:\/\/centrourbano.com\/revista\/wp-json\/wp\/v2\/posts\/49289\/revisions"}],"wp:featuredmedia":[{"embeddable":true,"href":"https:\/\/centrourbano.com\/revista\/wp-json\/wp\/v2\/media\/49290"}],"wp:attachment":[{"href":"https:\/\/centrourbano.com\/revista\/wp-json\/wp\/v2\/media?parent=49289"}],"wp:term":[{"taxonomy":"category","embeddable":true,"href":"https:\/\/centrourbano.com\/revista\/wp-json\/wp\/v2\/categories?post=49289"},{"taxonomy":"post_tag","embeddable":true,"href":"https:\/\/centrourbano.com\/revista\/wp-json\/wp\/v2\/tags?post=49289"}],"curies":[{"name":"wp","href":"https:\/\/api.w.org\/{rel}","templated":true}]}}