{"id":49136,"date":"2017-02-20T13:17:54","date_gmt":"2017-02-20T19:17:54","guid":{"rendered":"https:\/\/centrourbano.com\/?p=49136"},"modified":"2017-02-20T13:19:15","modified_gmt":"2017-02-20T19:19:15","slug":"aumenta-indice-fortaleza-patrimonial-fovissste","status":"publish","type":"post","link":"https:\/\/centrourbano.com\/revista\/vivienda\/aumenta-indice-fortaleza-patrimonial-fovissste\/","title":{"rendered":"Aumenta \u00cdndice de Fortaleza Patrimonial de Fovissste"},"content":{"rendered":"<p><em>El Fondo report\u00f3 el incremento en sus reservas, con lo que alcanza 11,600 millones de pesos en el rubro <\/em><!--more--><\/p>\n<p>Al cierre del 2016, el Fondo de la Vivienda del Issste (Fovissste) alcanz\u00f3 9.1% en su \u00cdndice de Fortaleza Patrimonial, lo que representa un incremento de 3% en comparaci\u00f3n con lo obtenido en 2015. <\/p>\n<p>Lo anterior fue dado a conocer por el Fondo, quien detall\u00f3 que lo alcanzado en 2016 representa 8 puntos porcentuales m\u00e1s que lo exigido por la Comisi\u00f3n Nacional Bancaria y de Valores (CNBV).<\/p>\n<p>De acuerdo con el organismo, gracias a la implementaci\u00f3n de una serie de mejoras el Fondo logr\u00f3 elevar a 11,600 millones de pesos el monto de reserva.<\/p>\n<p>\u201cCon ello, el Fovissste se consolida como una instituci\u00f3n viable, preparada para afrontar alg\u00fan escenario adverso en materia econ\u00f3mica, sin dejar de ofrecer a sus derechohabientes los mejores productos hipotecarios\u201d, puntualiz\u00f3. <\/p>\n<p>A trav\u00e9s de un comunicado, el Fondo detall\u00f3 que esta cifra de \u00edndice de Fortaleza \u201cle permite hacer frente a contingencias econ\u00f3micas inesperadas, sin poner en riesgo el ahorro de los trabajadores\u201d. <\/p>\n","protected":false},"excerpt":{"rendered":"<p>El Fondo report\u00f3 el incremento en sus reservas, con lo que alcanza 11,600 millones de pesos en el rubro<\/p>\n","protected":false},"author":77,"featured_media":42231,"comment_status":"open","ping_status":"closed","sticky":false,"template":"","format":"standard","meta":{"inline_featured_image":false,"footnotes":""},"categories":[12],"tags":[9626,155,9627],"class_list":["post-49136","post","type-post","status-publish","format-standard","has-post-thumbnail","hentry","category-vivienda","tag-fortaleza-financiera","tag-fovissste","tag-indice-de-fortaleza-patrimonial"],"yoast_head":"<!-- This site is optimized with the Yoast SEO plugin v28.4 - https:\/\/yoast.com\/product\/yoast-seo-wordpress\/ -->\n<title>Aumenta \u00cdndice de Fortaleza Patrimonial de Fovissste -<\/title>\n<meta name=\"description\" content=\"Al cierre del 2016, el Fondo de la Vivienda del Issste (Fovissste) alcanz\u00f3 9.1% en su \u00cdndice de Fortaleza Patrimonial, lo que representa un incremento de 3% en comparaci\u00f3n con lo obtenido en 2015.\" \/>\n<meta name=\"robots\" content=\"index, follow, max-snippet:-1, max-image-preview:large, max-video-preview:-1\" \/>\n<link rel=\"canonical\" href=\"https:\/\/centrourbano.com\/revista\/vivienda\/aumenta-indice-fortaleza-patrimonial-fovissste\/\" \/>\n<meta property=\"og:locale\" content=\"es_ES\" \/>\n<meta property=\"og:type\" content=\"article\" \/>\n<meta property=\"og:title\" content=\"Aumenta \u00cdndice de Fortaleza Patrimonial de Fovissste -\" \/>\n<meta property=\"og:description\" content=\"Al cierre del 2016, el Fondo de la Vivienda del Issste (Fovissste) alcanz\u00f3 9.1% en su \u00cdndice de Fortaleza Patrimonial, lo que representa un incremento de 3% en comparaci\u00f3n con lo obtenido en 2015.\" \/>\n<meta property=\"og:url\" content=\"https:\/\/centrourbano.com\/revista\/vivienda\/aumenta-indice-fortaleza-patrimonial-fovissste\/\" \/>\n<meta property=\"og:site_name\" content=\"Centro Urbano\" \/>\n<meta property=\"article:publisher\" content=\"https:\/\/www.facebook.com\/portalcentrourbano\" \/>\n<meta property=\"article:published_time\" content=\"2017-02-20T19:17:54+00:00\" \/>\n<meta property=\"article:modified_time\" content=\"2017-02-20T19:19:15+00:00\" \/>\n<meta property=\"og:image\" content=\"https:\/\/centrourbano.com\/revista\/wp-content\/uploads\/MG_4242.jpg\" \/>\n\t<meta property=\"og:image:width\" content=\"1200\" \/>\n\t<meta property=\"og:image:height\" content=\"800\" \/>\n\t<meta property=\"og:image:type\" content=\"image\/jpeg\" \/>\n<meta name=\"author\" content=\"G4A\" \/>\n<meta name=\"twitter:card\" content=\"summary_large_image\" \/>\n<meta name=\"twitter:creator\" content=\"@CentroUrbano\" \/>\n<meta name=\"twitter:site\" content=\"@CentroUrbano\" \/>\n<meta name=\"twitter:label1\" content=\"Escrito por\" \/>\n\t<meta name=\"twitter:data1\" content=\"G4A\" \/>\n\t<meta name=\"twitter:label2\" content=\"Tiempo de lectura\" \/>\n\t<meta name=\"twitter:data2\" content=\"1 minuto\" \/>\n<script type=\"application\/ld+json\" class=\"yoast-schema-graph\">{\"@context\":\"https:\\\/\\\/schema.org\",\"@graph\":[{\"@type\":\"Article\",\"@id\":\"https:\\\/\\\/centrourbano.com\\\/revista\\\/vivienda\\\/aumenta-indice-fortaleza-patrimonial-fovissste\\\/#article\",\"isPartOf\":{\"@id\":\"https:\\\/\\\/centrourbano.com\\\/revista\\\/vivienda\\\/aumenta-indice-fortaleza-patrimonial-fovissste\\\/\"},\"author\":{\"name\":\"G4A\",\"@id\":\"https:\\\/\\\/centrourbano.com\\\/revista\\\/#\\\/schema\\\/person\\\/370fa0ba2d8dd5bde3fdb8b62ad360aa\"},\"headline\":\"Aumenta \u00cdndice de Fortaleza Patrimonial de Fovissste\",\"datePublished\":\"2017-02-20T19:17:54+00:00\",\"dateModified\":\"2017-02-20T19:19:15+00:00\",\"mainEntityOfPage\":{\"@id\":\"https:\\\/\\\/centrourbano.com\\\/revista\\\/vivienda\\\/aumenta-indice-fortaleza-patrimonial-fovissste\\\/\"},\"wordCount\":184,\"commentCount\":0,\"publisher\":{\"@id\":\"https:\\\/\\\/centrourbano.com\\\/revista\\\/#organization\"},\"image\":{\"@id\":\"https:\\\/\\\/centrourbano.com\\\/revista\\\/vivienda\\\/aumenta-indice-fortaleza-patrimonial-fovissste\\\/#primaryimage\"},\"thumbnailUrl\":\"https:\\\/\\\/centrourbano.com\\\/revista\\\/wp-content\\\/uploads\\\/MG_4242.jpg\",\"keywords\":[\"fortaleza financiera\",\"Fovissste\",\"\u00cdndice de Fortaleza Patrimonial\"],\"articleSection\":[\"Vivienda\"],\"inLanguage\":\"es\"},{\"@type\":\"WebPage\",\"@id\":\"https:\\\/\\\/centrourbano.com\\\/revista\\\/vivienda\\\/aumenta-indice-fortaleza-patrimonial-fovissste\\\/\",\"url\":\"https:\\\/\\\/centrourbano.com\\\/revista\\\/vivienda\\\/aumenta-indice-fortaleza-patrimonial-fovissste\\\/\",\"name\":\"Aumenta \u00cdndice de Fortaleza Patrimonial de Fovissste -\",\"isPartOf\":{\"@id\":\"https:\\\/\\\/centrourbano.com\\\/revista\\\/#website\"},\"primaryImageOfPage\":{\"@id\":\"https:\\\/\\\/centrourbano.com\\\/revista\\\/vivienda\\\/aumenta-indice-fortaleza-patrimonial-fovissste\\\/#primaryimage\"},\"image\":{\"@id\":\"https:\\\/\\\/centrourbano.com\\\/revista\\\/vivienda\\\/aumenta-indice-fortaleza-patrimonial-fovissste\\\/#primaryimage\"},\"thumbnailUrl\":\"https:\\\/\\\/centrourbano.com\\\/revista\\\/wp-content\\\/uploads\\\/MG_4242.jpg\",\"datePublished\":\"2017-02-20T19:17:54+00:00\",\"dateModified\":\"2017-02-20T19:19:15+00:00\",\"description\":\"Al cierre del 2016, el Fondo de la Vivienda del Issste (Fovissste) alcanz\u00f3 9.1% en su \u00cdndice de Fortaleza Patrimonial, lo que representa un incremento de 3% en comparaci\u00f3n con lo obtenido en 2015.\",\"breadcrumb\":{\"@id\":\"https:\\\/\\\/centrourbano.com\\\/revista\\\/vivienda\\\/aumenta-indice-fortaleza-patrimonial-fovissste\\\/#breadcrumb\"},\"inLanguage\":\"es\",\"potentialAction\":[{\"@type\":\"ReadAction\",\"target\":[\"https:\\\/\\\/centrourbano.com\\\/revista\\\/vivienda\\\/aumenta-indice-fortaleza-patrimonial-fovissste\\\/\"]}]},{\"@type\":\"ImageObject\",\"inLanguage\":\"es\",\"@id\":\"https:\\\/\\\/centrourbano.com\\\/revista\\\/vivienda\\\/aumenta-indice-fortaleza-patrimonial-fovissste\\\/#primaryimage\",\"url\":\"https:\\\/\\\/centrourbano.com\\\/revista\\\/wp-content\\\/uploads\\\/MG_4242.jpg\",\"contentUrl\":\"https:\\\/\\\/centrourbano.com\\\/revista\\\/wp-content\\\/uploads\\\/MG_4242.jpg\",\"width\":1200,\"height\":800,\"caption\":\"Antonio Godina destac\u00f3 que el Fondo ha implementado mejoras en los procesos de asignaci\u00f3n y otorgamiento de cr\u00e9ditos para democratizar el financiamiento de la vivienda\"},{\"@type\":\"BreadcrumbList\",\"@id\":\"https:\\\/\\\/centrourbano.com\\\/revista\\\/vivienda\\\/aumenta-indice-fortaleza-patrimonial-fovissste\\\/#breadcrumb\",\"itemListElement\":[{\"@type\":\"ListItem\",\"position\":1,\"name\":\"Portada\",\"item\":\"https:\\\/\\\/centrourbano.com\\\/revista\\\/\"},{\"@type\":\"ListItem\",\"position\":2,\"name\":\"Aumenta \u00cdndice de Fortaleza Patrimonial de Fovissste\"}]},{\"@type\":\"WebSite\",\"@id\":\"https:\\\/\\\/centrourbano.com\\\/revista\\\/#website\",\"url\":\"https:\\\/\\\/centrourbano.com\\\/revista\\\/\",\"name\":\"Centro Urbano\",\"description\":\"Medio especializado en los sectores vivienda, inmobiliario, construcci\u00f3n, arquitectura y urbanismo.\",\"publisher\":{\"@id\":\"https:\\\/\\\/centrourbano.com\\\/revista\\\/#organization\"},\"potentialAction\":[{\"@type\":\"SearchAction\",\"target\":{\"@type\":\"EntryPoint\",\"urlTemplate\":\"https:\\\/\\\/centrourbano.com\\\/revista\\\/?s={search_term_string}\"},\"query-input\":{\"@type\":\"PropertyValueSpecification\",\"valueRequired\":true,\"valueName\":\"search_term_string\"}}],\"inLanguage\":\"es\"},{\"@type\":\"Organization\",\"@id\":\"https:\\\/\\\/centrourbano.com\\\/revista\\\/#organization\",\"name\":\"Centro Urbano\",\"url\":\"https:\\\/\\\/centrourbano.com\\\/revista\\\/\",\"logo\":{\"@type\":\"ImageObject\",\"inLanguage\":\"es\",\"@id\":\"https:\\\/\\\/centrourbano.com\\\/revista\\\/#\\\/schema\\\/logo\\\/image\\\/\",\"url\":\"https:\\\/\\\/centrourbano.com\\\/revista\\\/wp-content\\\/uploads\\\/web_CU_logo-1.png\",\"contentUrl\":\"https:\\\/\\\/centrourbano.com\\\/revista\\\/wp-content\\\/uploads\\\/web_CU_logo-1.png\",\"width\":350,\"height\":91,\"caption\":\"Centro Urbano\"},\"image\":{\"@id\":\"https:\\\/\\\/centrourbano.com\\\/revista\\\/#\\\/schema\\\/logo\\\/image\\\/\"},\"sameAs\":[\"https:\\\/\\\/www.facebook.com\\\/portalcentrourbano\",\"https:\\\/\\\/x.com\\\/CentroUrbano\",\"https:\\\/\\\/www.instagram.com\\\/centro_urbano\\\/\",\"https:\\\/\\\/www.linkedin.com\\\/company\\\/centro-urbano\\\/\",\"http:\\\/\\\/www.youtube.com\\\/user\\\/portalcentrourbano\"]},{\"@type\":\"Person\",\"@id\":\"https:\\\/\\\/centrourbano.com\\\/revista\\\/#\\\/schema\\\/person\\\/370fa0ba2d8dd5bde3fdb8b62ad360aa\",\"name\":\"G4A\",\"image\":{\"@type\":\"ImageObject\",\"inLanguage\":\"es\",\"@id\":\"https:\\\/\\\/secure.gravatar.com\\\/avatar\\\/932a97121b13d5de5bbd8193c6c83d3b92c9eda0f39623607d4280e7a5778d97?s=96&d=mm&r=g\",\"url\":\"https:\\\/\\\/secure.gravatar.com\\\/avatar\\\/932a97121b13d5de5bbd8193c6c83d3b92c9eda0f39623607d4280e7a5778d97?s=96&d=mm&r=g\",\"contentUrl\":\"https:\\\/\\\/secure.gravatar.com\\\/avatar\\\/932a97121b13d5de5bbd8193c6c83d3b92c9eda0f39623607d4280e7a5778d97?s=96&d=mm&r=g\",\"caption\":\"G4A\"},\"url\":\"https:\\\/\\\/centrourbano.com\\\/revista\\\/author\\\/admin-g4a\\\/\"}]}<\/script>\n<!-- \/ Yoast SEO plugin. -->","yoast_head_json":{"title":"Aumenta \u00cdndice de Fortaleza Patrimonial de Fovissste -","description":"Al cierre del 2016, el Fondo de la Vivienda del Issste (Fovissste) alcanz\u00f3 9.1% en su \u00cdndice de Fortaleza Patrimonial, lo que representa un incremento de 3% en comparaci\u00f3n con lo obtenido en 2015.","robots":{"index":"index","follow":"follow","max-snippet":"max-snippet:-1","max-image-preview":"max-image-preview:large","max-video-preview":"max-video-preview:-1"},"canonical":"https:\/\/centrourbano.com\/revista\/vivienda\/aumenta-indice-fortaleza-patrimonial-fovissste\/","og_locale":"es_ES","og_type":"article","og_title":"Aumenta \u00cdndice de Fortaleza Patrimonial de Fovissste -","og_description":"Al cierre del 2016, el Fondo de la Vivienda del Issste (Fovissste) alcanz\u00f3 9.1% en su \u00cdndice de Fortaleza Patrimonial, lo que representa un incremento de 3% en comparaci\u00f3n con lo obtenido en 2015.","og_url":"https:\/\/centrourbano.com\/revista\/vivienda\/aumenta-indice-fortaleza-patrimonial-fovissste\/","og_site_name":"Centro Urbano","article_publisher":"https:\/\/www.facebook.com\/portalcentrourbano","article_published_time":"2017-02-20T19:17:54+00:00","article_modified_time":"2017-02-20T19:19:15+00:00","og_image":[{"width":1200,"height":800,"url":"https:\/\/centrourbano.com\/revista\/wp-content\/uploads\/MG_4242.jpg","type":"image\/jpeg"}],"author":"G4A","twitter_card":"summary_large_image","twitter_creator":"@CentroUrbano","twitter_site":"@CentroUrbano","twitter_misc":{"Escrito por":"G4A","Tiempo de lectura":"1 minuto"},"schema":{"@context":"https:\/\/schema.org","@graph":[{"@type":"Article","@id":"https:\/\/centrourbano.com\/revista\/vivienda\/aumenta-indice-fortaleza-patrimonial-fovissste\/#article","isPartOf":{"@id":"https:\/\/centrourbano.com\/revista\/vivienda\/aumenta-indice-fortaleza-patrimonial-fovissste\/"},"author":{"name":"G4A","@id":"https:\/\/centrourbano.com\/revista\/#\/schema\/person\/370fa0ba2d8dd5bde3fdb8b62ad360aa"},"headline":"Aumenta \u00cdndice de Fortaleza Patrimonial de Fovissste","datePublished":"2017-02-20T19:17:54+00:00","dateModified":"2017-02-20T19:19:15+00:00","mainEntityOfPage":{"@id":"https:\/\/centrourbano.com\/revista\/vivienda\/aumenta-indice-fortaleza-patrimonial-fovissste\/"},"wordCount":184,"commentCount":0,"publisher":{"@id":"https:\/\/centrourbano.com\/revista\/#organization"},"image":{"@id":"https:\/\/centrourbano.com\/revista\/vivienda\/aumenta-indice-fortaleza-patrimonial-fovissste\/#primaryimage"},"thumbnailUrl":"https:\/\/centrourbano.com\/revista\/wp-content\/uploads\/MG_4242.jpg","keywords":["fortaleza financiera","Fovissste","\u00cdndice de Fortaleza Patrimonial"],"articleSection":["Vivienda"],"inLanguage":"es"},{"@type":"WebPage","@id":"https:\/\/centrourbano.com\/revista\/vivienda\/aumenta-indice-fortaleza-patrimonial-fovissste\/","url":"https:\/\/centrourbano.com\/revista\/vivienda\/aumenta-indice-fortaleza-patrimonial-fovissste\/","name":"Aumenta \u00cdndice de Fortaleza Patrimonial de Fovissste -","isPartOf":{"@id":"https:\/\/centrourbano.com\/revista\/#website"},"primaryImageOfPage":{"@id":"https:\/\/centrourbano.com\/revista\/vivienda\/aumenta-indice-fortaleza-patrimonial-fovissste\/#primaryimage"},"image":{"@id":"https:\/\/centrourbano.com\/revista\/vivienda\/aumenta-indice-fortaleza-patrimonial-fovissste\/#primaryimage"},"thumbnailUrl":"https:\/\/centrourbano.com\/revista\/wp-content\/uploads\/MG_4242.jpg","datePublished":"2017-02-20T19:17:54+00:00","dateModified":"2017-02-20T19:19:15+00:00","description":"Al cierre del 2016, el Fondo de la Vivienda del Issste (Fovissste) alcanz\u00f3 9.1% en su \u00cdndice de Fortaleza Patrimonial, lo que representa un incremento de 3% en comparaci\u00f3n con lo obtenido en 2015.","breadcrumb":{"@id":"https:\/\/centrourbano.com\/revista\/vivienda\/aumenta-indice-fortaleza-patrimonial-fovissste\/#breadcrumb"},"inLanguage":"es","potentialAction":[{"@type":"ReadAction","target":["https:\/\/centrourbano.com\/revista\/vivienda\/aumenta-indice-fortaleza-patrimonial-fovissste\/"]}]},{"@type":"ImageObject","inLanguage":"es","@id":"https:\/\/centrourbano.com\/revista\/vivienda\/aumenta-indice-fortaleza-patrimonial-fovissste\/#primaryimage","url":"https:\/\/centrourbano.com\/revista\/wp-content\/uploads\/MG_4242.jpg","contentUrl":"https:\/\/centrourbano.com\/revista\/wp-content\/uploads\/MG_4242.jpg","width":1200,"height":800,"caption":"Antonio Godina destac\u00f3 que el Fondo ha implementado mejoras en los procesos de asignaci\u00f3n y otorgamiento de cr\u00e9ditos para democratizar el financiamiento de la vivienda"},{"@type":"BreadcrumbList","@id":"https:\/\/centrourbano.com\/revista\/vivienda\/aumenta-indice-fortaleza-patrimonial-fovissste\/#breadcrumb","itemListElement":[{"@type":"ListItem","position":1,"name":"Portada","item":"https:\/\/centrourbano.com\/revista\/"},{"@type":"ListItem","position":2,"name":"Aumenta \u00cdndice de Fortaleza Patrimonial de Fovissste"}]},{"@type":"WebSite","@id":"https:\/\/centrourbano.com\/revista\/#website","url":"https:\/\/centrourbano.com\/revista\/","name":"Centro Urbano","description":"Medio especializado en los sectores vivienda, inmobiliario, construcci\u00f3n, arquitectura y urbanismo.","publisher":{"@id":"https:\/\/centrourbano.com\/revista\/#organization"},"potentialAction":[{"@type":"SearchAction","target":{"@type":"EntryPoint","urlTemplate":"https:\/\/centrourbano.com\/revista\/?s={search_term_string}"},"query-input":{"@type":"PropertyValueSpecification","valueRequired":true,"valueName":"search_term_string"}}],"inLanguage":"es"},{"@type":"Organization","@id":"https:\/\/centrourbano.com\/revista\/#organization","name":"Centro Urbano","url":"https:\/\/centrourbano.com\/revista\/","logo":{"@type":"ImageObject","inLanguage":"es","@id":"https:\/\/centrourbano.com\/revista\/#\/schema\/logo\/image\/","url":"https:\/\/centrourbano.com\/revista\/wp-content\/uploads\/web_CU_logo-1.png","contentUrl":"https:\/\/centrourbano.com\/revista\/wp-content\/uploads\/web_CU_logo-1.png","width":350,"height":91,"caption":"Centro Urbano"},"image":{"@id":"https:\/\/centrourbano.com\/revista\/#\/schema\/logo\/image\/"},"sameAs":["https:\/\/www.facebook.com\/portalcentrourbano","https:\/\/x.com\/CentroUrbano","https:\/\/www.instagram.com\/centro_urbano\/","https:\/\/www.linkedin.com\/company\/centro-urbano\/","http:\/\/www.youtube.com\/user\/portalcentrourbano"]},{"@type":"Person","@id":"https:\/\/centrourbano.com\/revista\/#\/schema\/person\/370fa0ba2d8dd5bde3fdb8b62ad360aa","name":"G4A","image":{"@type":"ImageObject","inLanguage":"es","@id":"https:\/\/secure.gravatar.com\/avatar\/932a97121b13d5de5bbd8193c6c83d3b92c9eda0f39623607d4280e7a5778d97?s=96&d=mm&r=g","url":"https:\/\/secure.gravatar.com\/avatar\/932a97121b13d5de5bbd8193c6c83d3b92c9eda0f39623607d4280e7a5778d97?s=96&d=mm&r=g","contentUrl":"https:\/\/secure.gravatar.com\/avatar\/932a97121b13d5de5bbd8193c6c83d3b92c9eda0f39623607d4280e7a5778d97?s=96&d=mm&r=g","caption":"G4A"},"url":"https:\/\/centrourbano.com\/revista\/author\/admin-g4a\/"}]}},"_links":{"self":[{"href":"https:\/\/centrourbano.com\/revista\/wp-json\/wp\/v2\/posts\/49136","targetHints":{"allow":["GET"]}}],"collection":[{"href":"https:\/\/centrourbano.com\/revista\/wp-json\/wp\/v2\/posts"}],"about":[{"href":"https:\/\/centrourbano.com\/revista\/wp-json\/wp\/v2\/types\/post"}],"author":[{"embeddable":true,"href":"https:\/\/centrourbano.com\/revista\/wp-json\/wp\/v2\/users\/77"}],"replies":[{"embeddable":true,"href":"https:\/\/centrourbano.com\/revista\/wp-json\/wp\/v2\/comments?post=49136"}],"version-history":[{"count":0,"href":"https:\/\/centrourbano.com\/revista\/wp-json\/wp\/v2\/posts\/49136\/revisions"}],"wp:featuredmedia":[{"embeddable":true,"href":"https:\/\/centrourbano.com\/revista\/wp-json\/wp\/v2\/media\/42231"}],"wp:attachment":[{"href":"https:\/\/centrourbano.com\/revista\/wp-json\/wp\/v2\/media?parent=49136"}],"wp:term":[{"taxonomy":"category","embeddable":true,"href":"https:\/\/centrourbano.com\/revista\/wp-json\/wp\/v2\/categories?post=49136"},{"taxonomy":"post_tag","embeddable":true,"href":"https:\/\/centrourbano.com\/revista\/wp-json\/wp\/v2\/tags?post=49136"}],"curies":[{"name":"wp","href":"https:\/\/api.w.org\/{rel}","templated":true}]}}