{"id":49098,"date":"2017-02-20T08:00:40","date_gmt":"2017-02-20T14:00:40","guid":{"rendered":"https:\/\/centrourbano.com\/?p=49098"},"modified":"2017-02-19T23:08:28","modified_gmt":"2017-02-20T05:08:28","slug":"convertir-puebla-referente-vivienda-objetivo-gali","status":"publish","type":"post","link":"https:\/\/centrourbano.com\/revista\/vivienda\/convertir-puebla-referente-vivienda-objetivo-gali\/","title":{"rendered":"Convertir a Puebla en referente de vivienda, el objetivo: Gali"},"content":{"rendered":"<p><em>El mandatario estatal se\u00f1al\u00f3 que el compromiso de su administraci\u00f3n ser\u00e1 impulsar el desarrollo de casas<\/em><!--more--><\/p>\n<p>El objetivo del gobierno del estado Puebla es convertir a la entidad en la n\u00famero 1 en materia de desarrollo de vivienda, as\u00ed como ser un referente en otorgar certeza jur\u00eddica a las familias con la entrega de escrituras. <\/p>\n<p>Lo anterior lo se\u00f1al\u00f3 el gobernador de Puebla, Antonio Gali Fayad, quien destac\u00f3 que el compromiso de la administraci\u00f3n ser\u00e1 garantizar el acceso a una vivienda digna a las familias de bajos recursos. <\/p>\n<p>El mandatario subray\u00f3 que es necesario apoyar a quien m\u00e1s lo necesita. Destac\u00f3 que contar con una casa representa tranquilidad para los mexicanos. <\/p>\n","protected":false},"excerpt":{"rendered":"<p>El mandatario estatal se\u00f1al\u00f3 que el compromiso de su administraci\u00f3n ser\u00e1 impulsar el desarrollo de casas<\/p>\n","protected":false},"author":77,"featured_media":41049,"comment_status":"open","ping_status":"closed","sticky":false,"template":"","format":"standard","meta":{"inline_featured_image":false,"footnotes":""},"categories":[12],"tags":[1608,602,60],"class_list":["post-49098","post","type-post","status-publish","format-standard","has-post-thumbnail","hentry","category-vivienda","tag-antonio-gali-fayad","tag-puebla","tag-vivienda-2"],"yoast_head":"<!-- This site is optimized with the Yoast SEO plugin v28.4 - https:\/\/yoast.com\/product\/yoast-seo-wordpress\/ -->\n<title>Convertir a Puebla en referente de vivienda, el objetivo: Gali -<\/title>\n<meta name=\"description\" content=\"El objetivo del gobierno del estado Puebla es convertir a la entidad en la n\u00famero 1 en materia de desarrollo de vivienda, as\u00ed como ser un referente en otorgar certeza jur\u00eddica a las familias con la entrega de escrituras.\" \/>\n<meta name=\"robots\" content=\"index, follow, max-snippet:-1, max-image-preview:large, max-video-preview:-1\" \/>\n<link rel=\"canonical\" href=\"https:\/\/centrourbano.com\/revista\/vivienda\/convertir-puebla-referente-vivienda-objetivo-gali\/\" \/>\n<meta property=\"og:locale\" content=\"es_ES\" \/>\n<meta property=\"og:type\" content=\"article\" \/>\n<meta property=\"og:title\" content=\"Convertir a Puebla en referente de vivienda, el objetivo: Gali -\" \/>\n<meta property=\"og:description\" content=\"El objetivo del gobierno del estado Puebla es convertir a la entidad en la n\u00famero 1 en materia de desarrollo de vivienda, as\u00ed como ser un referente en otorgar certeza jur\u00eddica a las familias con la entrega de escrituras.\" \/>\n<meta property=\"og:url\" content=\"https:\/\/centrourbano.com\/revista\/vivienda\/convertir-puebla-referente-vivienda-objetivo-gali\/\" \/>\n<meta property=\"og:site_name\" content=\"Centro Urbano\" \/>\n<meta property=\"article:publisher\" content=\"https:\/\/www.facebook.com\/portalcentrourbano\" \/>\n<meta property=\"article:published_time\" content=\"2017-02-20T14:00:40+00:00\" \/>\n<meta property=\"og:image\" content=\"https:\/\/centrourbano.com\/revista\/wp-content\/uploads\/vivienda-7.jpg\" \/>\n\t<meta property=\"og:image:width\" content=\"695\" \/>\n\t<meta property=\"og:image:height\" content=\"462\" \/>\n\t<meta property=\"og:image:type\" content=\"image\/jpeg\" \/>\n<meta name=\"author\" content=\"G4A\" \/>\n<meta name=\"twitter:card\" content=\"summary_large_image\" \/>\n<meta name=\"twitter:creator\" content=\"@CentroUrbano\" \/>\n<meta name=\"twitter:site\" content=\"@CentroUrbano\" \/>\n<meta name=\"twitter:label1\" content=\"Escrito por\" \/>\n\t<meta name=\"twitter:data1\" content=\"G4A\" \/>\n\t<meta name=\"twitter:label2\" content=\"Tiempo de lectura\" \/>\n\t<meta name=\"twitter:data2\" content=\"1 minuto\" \/>\n<script type=\"application\/ld+json\" class=\"yoast-schema-graph\">{\"@context\":\"https:\\\/\\\/schema.org\",\"@graph\":[{\"@type\":\"Article\",\"@id\":\"https:\\\/\\\/centrourbano.com\\\/revista\\\/vivienda\\\/convertir-puebla-referente-vivienda-objetivo-gali\\\/#article\",\"isPartOf\":{\"@id\":\"https:\\\/\\\/centrourbano.com\\\/revista\\\/vivienda\\\/convertir-puebla-referente-vivienda-objetivo-gali\\\/\"},\"author\":{\"name\":\"G4A\",\"@id\":\"https:\\\/\\\/centrourbano.com\\\/revista\\\/#\\\/schema\\\/person\\\/370fa0ba2d8dd5bde3fdb8b62ad360aa\"},\"headline\":\"Convertir a Puebla en referente de vivienda, el objetivo: Gali\",\"datePublished\":\"2017-02-20T14:00:40+00:00\",\"mainEntityOfPage\":{\"@id\":\"https:\\\/\\\/centrourbano.com\\\/revista\\\/vivienda\\\/convertir-puebla-referente-vivienda-objetivo-gali\\\/\"},\"wordCount\":127,\"commentCount\":0,\"publisher\":{\"@id\":\"https:\\\/\\\/centrourbano.com\\\/revista\\\/#organization\"},\"image\":{\"@id\":\"https:\\\/\\\/centrourbano.com\\\/revista\\\/vivienda\\\/convertir-puebla-referente-vivienda-objetivo-gali\\\/#primaryimage\"},\"thumbnailUrl\":\"https:\\\/\\\/centrourbano.com\\\/revista\\\/wp-content\\\/uploads\\\/vivienda-7.jpg\",\"keywords\":[\"Antonio Gali Fayad\",\"Puebla\",\"vivienda\"],\"articleSection\":[\"Vivienda\"],\"inLanguage\":\"es\"},{\"@type\":\"WebPage\",\"@id\":\"https:\\\/\\\/centrourbano.com\\\/revista\\\/vivienda\\\/convertir-puebla-referente-vivienda-objetivo-gali\\\/\",\"url\":\"https:\\\/\\\/centrourbano.com\\\/revista\\\/vivienda\\\/convertir-puebla-referente-vivienda-objetivo-gali\\\/\",\"name\":\"Convertir a Puebla en referente de vivienda, el objetivo: Gali -\",\"isPartOf\":{\"@id\":\"https:\\\/\\\/centrourbano.com\\\/revista\\\/#website\"},\"primaryImageOfPage\":{\"@id\":\"https:\\\/\\\/centrourbano.com\\\/revista\\\/vivienda\\\/convertir-puebla-referente-vivienda-objetivo-gali\\\/#primaryimage\"},\"image\":{\"@id\":\"https:\\\/\\\/centrourbano.com\\\/revista\\\/vivienda\\\/convertir-puebla-referente-vivienda-objetivo-gali\\\/#primaryimage\"},\"thumbnailUrl\":\"https:\\\/\\\/centrourbano.com\\\/revista\\\/wp-content\\\/uploads\\\/vivienda-7.jpg\",\"datePublished\":\"2017-02-20T14:00:40+00:00\",\"description\":\"El objetivo del gobierno del estado Puebla es convertir a la entidad en la n\u00famero 1 en materia de desarrollo de vivienda, as\u00ed como ser un referente en otorgar certeza jur\u00eddica a las familias con la entrega de escrituras.\",\"breadcrumb\":{\"@id\":\"https:\\\/\\\/centrourbano.com\\\/revista\\\/vivienda\\\/convertir-puebla-referente-vivienda-objetivo-gali\\\/#breadcrumb\"},\"inLanguage\":\"es\",\"potentialAction\":[{\"@type\":\"ReadAction\",\"target\":[\"https:\\\/\\\/centrourbano.com\\\/revista\\\/vivienda\\\/convertir-puebla-referente-vivienda-objetivo-gali\\\/\"]}]},{\"@type\":\"ImageObject\",\"inLanguage\":\"es\",\"@id\":\"https:\\\/\\\/centrourbano.com\\\/revista\\\/vivienda\\\/convertir-puebla-referente-vivienda-objetivo-gali\\\/#primaryimage\",\"url\":\"https:\\\/\\\/centrourbano.com\\\/revista\\\/wp-content\\\/uploads\\\/vivienda-7.jpg\",\"contentUrl\":\"https:\\\/\\\/centrourbano.com\\\/revista\\\/wp-content\\\/uploads\\\/vivienda-7.jpg\",\"width\":695,\"height\":462,\"caption\":\"Otorgar\u00e1 15 millones de pesos a trav\u00e9s de la CONAVI\"},{\"@type\":\"BreadcrumbList\",\"@id\":\"https:\\\/\\\/centrourbano.com\\\/revista\\\/vivienda\\\/convertir-puebla-referente-vivienda-objetivo-gali\\\/#breadcrumb\",\"itemListElement\":[{\"@type\":\"ListItem\",\"position\":1,\"name\":\"Portada\",\"item\":\"https:\\\/\\\/centrourbano.com\\\/revista\\\/\"},{\"@type\":\"ListItem\",\"position\":2,\"name\":\"Convertir a Puebla en referente de vivienda, el objetivo: Gali\"}]},{\"@type\":\"WebSite\",\"@id\":\"https:\\\/\\\/centrourbano.com\\\/revista\\\/#website\",\"url\":\"https:\\\/\\\/centrourbano.com\\\/revista\\\/\",\"name\":\"Centro Urbano\",\"description\":\"Medio especializado en los sectores vivienda, inmobiliario, construcci\u00f3n, arquitectura y urbanismo.\",\"publisher\":{\"@id\":\"https:\\\/\\\/centrourbano.com\\\/revista\\\/#organization\"},\"potentialAction\":[{\"@type\":\"SearchAction\",\"target\":{\"@type\":\"EntryPoint\",\"urlTemplate\":\"https:\\\/\\\/centrourbano.com\\\/revista\\\/?s={search_term_string}\"},\"query-input\":{\"@type\":\"PropertyValueSpecification\",\"valueRequired\":true,\"valueName\":\"search_term_string\"}}],\"inLanguage\":\"es\"},{\"@type\":\"Organization\",\"@id\":\"https:\\\/\\\/centrourbano.com\\\/revista\\\/#organization\",\"name\":\"Centro Urbano\",\"url\":\"https:\\\/\\\/centrourbano.com\\\/revista\\\/\",\"logo\":{\"@type\":\"ImageObject\",\"inLanguage\":\"es\",\"@id\":\"https:\\\/\\\/centrourbano.com\\\/revista\\\/#\\\/schema\\\/logo\\\/image\\\/\",\"url\":\"https:\\\/\\\/centrourbano.com\\\/revista\\\/wp-content\\\/uploads\\\/web_CU_logo-1.png\",\"contentUrl\":\"https:\\\/\\\/centrourbano.com\\\/revista\\\/wp-content\\\/uploads\\\/web_CU_logo-1.png\",\"width\":350,\"height\":91,\"caption\":\"Centro Urbano\"},\"image\":{\"@id\":\"https:\\\/\\\/centrourbano.com\\\/revista\\\/#\\\/schema\\\/logo\\\/image\\\/\"},\"sameAs\":[\"https:\\\/\\\/www.facebook.com\\\/portalcentrourbano\",\"https:\\\/\\\/x.com\\\/CentroUrbano\",\"https:\\\/\\\/www.instagram.com\\\/centro_urbano\\\/\",\"https:\\\/\\\/www.linkedin.com\\\/company\\\/centro-urbano\\\/\",\"http:\\\/\\\/www.youtube.com\\\/user\\\/portalcentrourbano\"]},{\"@type\":\"Person\",\"@id\":\"https:\\\/\\\/centrourbano.com\\\/revista\\\/#\\\/schema\\\/person\\\/370fa0ba2d8dd5bde3fdb8b62ad360aa\",\"name\":\"G4A\",\"image\":{\"@type\":\"ImageObject\",\"inLanguage\":\"es\",\"@id\":\"https:\\\/\\\/secure.gravatar.com\\\/avatar\\\/932a97121b13d5de5bbd8193c6c83d3b92c9eda0f39623607d4280e7a5778d97?s=96&d=mm&r=g\",\"url\":\"https:\\\/\\\/secure.gravatar.com\\\/avatar\\\/932a97121b13d5de5bbd8193c6c83d3b92c9eda0f39623607d4280e7a5778d97?s=96&d=mm&r=g\",\"contentUrl\":\"https:\\\/\\\/secure.gravatar.com\\\/avatar\\\/932a97121b13d5de5bbd8193c6c83d3b92c9eda0f39623607d4280e7a5778d97?s=96&d=mm&r=g\",\"caption\":\"G4A\"},\"url\":\"https:\\\/\\\/centrourbano.com\\\/revista\\\/author\\\/admin-g4a\\\/\"}]}<\/script>\n<!-- \/ Yoast SEO plugin. -->","yoast_head_json":{"title":"Convertir a Puebla en referente de vivienda, el objetivo: Gali -","description":"El objetivo del gobierno del estado Puebla es convertir a la entidad en la n\u00famero 1 en materia de desarrollo de vivienda, as\u00ed como ser un referente en otorgar certeza jur\u00eddica a las familias con la entrega de escrituras.","robots":{"index":"index","follow":"follow","max-snippet":"max-snippet:-1","max-image-preview":"max-image-preview:large","max-video-preview":"max-video-preview:-1"},"canonical":"https:\/\/centrourbano.com\/revista\/vivienda\/convertir-puebla-referente-vivienda-objetivo-gali\/","og_locale":"es_ES","og_type":"article","og_title":"Convertir a Puebla en referente de vivienda, el objetivo: Gali -","og_description":"El objetivo del gobierno del estado Puebla es convertir a la entidad en la n\u00famero 1 en materia de desarrollo de vivienda, as\u00ed como ser un referente en otorgar certeza jur\u00eddica a las familias con la entrega de escrituras.","og_url":"https:\/\/centrourbano.com\/revista\/vivienda\/convertir-puebla-referente-vivienda-objetivo-gali\/","og_site_name":"Centro Urbano","article_publisher":"https:\/\/www.facebook.com\/portalcentrourbano","article_published_time":"2017-02-20T14:00:40+00:00","og_image":[{"width":695,"height":462,"url":"https:\/\/centrourbano.com\/revista\/wp-content\/uploads\/vivienda-7.jpg","type":"image\/jpeg"}],"author":"G4A","twitter_card":"summary_large_image","twitter_creator":"@CentroUrbano","twitter_site":"@CentroUrbano","twitter_misc":{"Escrito por":"G4A","Tiempo de lectura":"1 minuto"},"schema":{"@context":"https:\/\/schema.org","@graph":[{"@type":"Article","@id":"https:\/\/centrourbano.com\/revista\/vivienda\/convertir-puebla-referente-vivienda-objetivo-gali\/#article","isPartOf":{"@id":"https:\/\/centrourbano.com\/revista\/vivienda\/convertir-puebla-referente-vivienda-objetivo-gali\/"},"author":{"name":"G4A","@id":"https:\/\/centrourbano.com\/revista\/#\/schema\/person\/370fa0ba2d8dd5bde3fdb8b62ad360aa"},"headline":"Convertir a Puebla en referente de vivienda, el objetivo: Gali","datePublished":"2017-02-20T14:00:40+00:00","mainEntityOfPage":{"@id":"https:\/\/centrourbano.com\/revista\/vivienda\/convertir-puebla-referente-vivienda-objetivo-gali\/"},"wordCount":127,"commentCount":0,"publisher":{"@id":"https:\/\/centrourbano.com\/revista\/#organization"},"image":{"@id":"https:\/\/centrourbano.com\/revista\/vivienda\/convertir-puebla-referente-vivienda-objetivo-gali\/#primaryimage"},"thumbnailUrl":"https:\/\/centrourbano.com\/revista\/wp-content\/uploads\/vivienda-7.jpg","keywords":["Antonio Gali Fayad","Puebla","vivienda"],"articleSection":["Vivienda"],"inLanguage":"es"},{"@type":"WebPage","@id":"https:\/\/centrourbano.com\/revista\/vivienda\/convertir-puebla-referente-vivienda-objetivo-gali\/","url":"https:\/\/centrourbano.com\/revista\/vivienda\/convertir-puebla-referente-vivienda-objetivo-gali\/","name":"Convertir a Puebla en referente de vivienda, el objetivo: Gali -","isPartOf":{"@id":"https:\/\/centrourbano.com\/revista\/#website"},"primaryImageOfPage":{"@id":"https:\/\/centrourbano.com\/revista\/vivienda\/convertir-puebla-referente-vivienda-objetivo-gali\/#primaryimage"},"image":{"@id":"https:\/\/centrourbano.com\/revista\/vivienda\/convertir-puebla-referente-vivienda-objetivo-gali\/#primaryimage"},"thumbnailUrl":"https:\/\/centrourbano.com\/revista\/wp-content\/uploads\/vivienda-7.jpg","datePublished":"2017-02-20T14:00:40+00:00","description":"El objetivo del gobierno del estado Puebla es convertir a la entidad en la n\u00famero 1 en materia de desarrollo de vivienda, as\u00ed como ser un referente en otorgar certeza jur\u00eddica a las familias con la entrega de escrituras.","breadcrumb":{"@id":"https:\/\/centrourbano.com\/revista\/vivienda\/convertir-puebla-referente-vivienda-objetivo-gali\/#breadcrumb"},"inLanguage":"es","potentialAction":[{"@type":"ReadAction","target":["https:\/\/centrourbano.com\/revista\/vivienda\/convertir-puebla-referente-vivienda-objetivo-gali\/"]}]},{"@type":"ImageObject","inLanguage":"es","@id":"https:\/\/centrourbano.com\/revista\/vivienda\/convertir-puebla-referente-vivienda-objetivo-gali\/#primaryimage","url":"https:\/\/centrourbano.com\/revista\/wp-content\/uploads\/vivienda-7.jpg","contentUrl":"https:\/\/centrourbano.com\/revista\/wp-content\/uploads\/vivienda-7.jpg","width":695,"height":462,"caption":"Otorgar\u00e1 15 millones de pesos a trav\u00e9s de la CONAVI"},{"@type":"BreadcrumbList","@id":"https:\/\/centrourbano.com\/revista\/vivienda\/convertir-puebla-referente-vivienda-objetivo-gali\/#breadcrumb","itemListElement":[{"@type":"ListItem","position":1,"name":"Portada","item":"https:\/\/centrourbano.com\/revista\/"},{"@type":"ListItem","position":2,"name":"Convertir a Puebla en referente de vivienda, el objetivo: Gali"}]},{"@type":"WebSite","@id":"https:\/\/centrourbano.com\/revista\/#website","url":"https:\/\/centrourbano.com\/revista\/","name":"Centro Urbano","description":"Medio especializado en los sectores vivienda, inmobiliario, construcci\u00f3n, arquitectura y urbanismo.","publisher":{"@id":"https:\/\/centrourbano.com\/revista\/#organization"},"potentialAction":[{"@type":"SearchAction","target":{"@type":"EntryPoint","urlTemplate":"https:\/\/centrourbano.com\/revista\/?s={search_term_string}"},"query-input":{"@type":"PropertyValueSpecification","valueRequired":true,"valueName":"search_term_string"}}],"inLanguage":"es"},{"@type":"Organization","@id":"https:\/\/centrourbano.com\/revista\/#organization","name":"Centro Urbano","url":"https:\/\/centrourbano.com\/revista\/","logo":{"@type":"ImageObject","inLanguage":"es","@id":"https:\/\/centrourbano.com\/revista\/#\/schema\/logo\/image\/","url":"https:\/\/centrourbano.com\/revista\/wp-content\/uploads\/web_CU_logo-1.png","contentUrl":"https:\/\/centrourbano.com\/revista\/wp-content\/uploads\/web_CU_logo-1.png","width":350,"height":91,"caption":"Centro Urbano"},"image":{"@id":"https:\/\/centrourbano.com\/revista\/#\/schema\/logo\/image\/"},"sameAs":["https:\/\/www.facebook.com\/portalcentrourbano","https:\/\/x.com\/CentroUrbano","https:\/\/www.instagram.com\/centro_urbano\/","https:\/\/www.linkedin.com\/company\/centro-urbano\/","http:\/\/www.youtube.com\/user\/portalcentrourbano"]},{"@type":"Person","@id":"https:\/\/centrourbano.com\/revista\/#\/schema\/person\/370fa0ba2d8dd5bde3fdb8b62ad360aa","name":"G4A","image":{"@type":"ImageObject","inLanguage":"es","@id":"https:\/\/secure.gravatar.com\/avatar\/932a97121b13d5de5bbd8193c6c83d3b92c9eda0f39623607d4280e7a5778d97?s=96&d=mm&r=g","url":"https:\/\/secure.gravatar.com\/avatar\/932a97121b13d5de5bbd8193c6c83d3b92c9eda0f39623607d4280e7a5778d97?s=96&d=mm&r=g","contentUrl":"https:\/\/secure.gravatar.com\/avatar\/932a97121b13d5de5bbd8193c6c83d3b92c9eda0f39623607d4280e7a5778d97?s=96&d=mm&r=g","caption":"G4A"},"url":"https:\/\/centrourbano.com\/revista\/author\/admin-g4a\/"}]}},"_links":{"self":[{"href":"https:\/\/centrourbano.com\/revista\/wp-json\/wp\/v2\/posts\/49098","targetHints":{"allow":["GET"]}}],"collection":[{"href":"https:\/\/centrourbano.com\/revista\/wp-json\/wp\/v2\/posts"}],"about":[{"href":"https:\/\/centrourbano.com\/revista\/wp-json\/wp\/v2\/types\/post"}],"author":[{"embeddable":true,"href":"https:\/\/centrourbano.com\/revista\/wp-json\/wp\/v2\/users\/77"}],"replies":[{"embeddable":true,"href":"https:\/\/centrourbano.com\/revista\/wp-json\/wp\/v2\/comments?post=49098"}],"version-history":[{"count":0,"href":"https:\/\/centrourbano.com\/revista\/wp-json\/wp\/v2\/posts\/49098\/revisions"}],"wp:featuredmedia":[{"embeddable":true,"href":"https:\/\/centrourbano.com\/revista\/wp-json\/wp\/v2\/media\/41049"}],"wp:attachment":[{"href":"https:\/\/centrourbano.com\/revista\/wp-json\/wp\/v2\/media?parent=49098"}],"wp:term":[{"taxonomy":"category","embeddable":true,"href":"https:\/\/centrourbano.com\/revista\/wp-json\/wp\/v2\/categories?post=49098"},{"taxonomy":"post_tag","embeddable":true,"href":"https:\/\/centrourbano.com\/revista\/wp-json\/wp\/v2\/tags?post=49098"}],"curies":[{"name":"wp","href":"https:\/\/api.w.org\/{rel}","templated":true}]}}