{"id":48869,"date":"2017-02-14T17:41:57","date_gmt":"2017-02-14T23:41:57","guid":{"rendered":"https:\/\/centrourbano.com\/?p=48869"},"modified":"2017-02-14T17:43:56","modified_gmt":"2017-02-14T23:43:56","slug":"impulsaran-vivienda-migrantes-madres-solteras-slp","status":"publish","type":"post","link":"https:\/\/centrourbano.com\/revista\/vivienda\/impulsaran-vivienda-migrantes-madres-solteras-slp\/","title":{"rendered":"Impulsar\u00e1n vivienda para migrantes y madres solteras en SLP"},"content":{"rendered":"<p><em>En 2016, en el estado se entregaron 1,000 viviendas, lo que represent\u00f3 una inversi\u00f3n de 140 mdp <\/em><!--more--><\/p>\n<p>En San Luis Potos\u00ed, el Instituto de Vivienda del Estado (Invies) prepara un programa con el cual impulsar\u00e1 el desarrollo de vivienda para j\u00f3venes, madres solteras y migrantes, inform\u00f3 Mauricio Ram\u00edrez Konoshi, titular de este organismo. <\/p>\n<p>El funcionario detall\u00f3 que, en aras de cumplir con la misi\u00f3n, el gobierno de la entidad ya trabaja con los ayuntamientos del estado para consolidar una serie de convenios. <\/p>\n<p>El directivo expuso que estas acciones se enmarcan en el Programa de Autoconstrucci\u00f3n, con el que se busca beneficiar a familias sin alg\u00fan tipo de seguridad social apoy\u00e1ndoles con la construcci\u00f3n de viviendas de entre 47 y 52 metros cuadrados. <\/p>\n<p>El funcionario record\u00f3 que, en 2016, en el estado se desarrollaron 1,000 viviendas, lo que represent\u00f3 una inversi\u00f3n de 140 millones de pesos. Precis\u00f3 que las casas cuentan con m\u00ednimo 2 recamaras, sala, comedor, y ba\u00f1o. <\/p>\n","protected":false},"excerpt":{"rendered":"<p>En 2016, en el estado se entregaron 1,000 viviendas, lo que represent\u00f3 una inversi\u00f3n de 140 mdp<\/p>\n","protected":false},"author":47,"featured_media":39217,"comment_status":"open","ping_status":"closed","sticky":false,"template":"","format":"standard","meta":{"om_disable_all_campaigns":false,"inline_featured_image":false,"_monsterinsights_skip_tracking":false,"_monsterinsights_sitenote_active":false,"_monsterinsights_sitenote_note":"","_monsterinsights_sitenote_category":0,"footnotes":""},"categories":[12],"tags":[9578,1012,60],"class_list":["post-48869","post","type-post","status-publish","format-standard","has-post-thumbnail","hentry","category-vivienda","tag-invies","tag-san-luis-potosi","tag-vivienda-2"],"yoast_head":"<!-- This site is optimized with the Yoast SEO plugin v27.4 - https:\/\/yoast.com\/product\/yoast-seo-wordpress\/ -->\n<title>Impulsar\u00e1n vivienda para migrantes y madres solteras en SLP -<\/title>\n<meta name=\"description\" content=\"En San Luis Potos\u00ed, el Instituto de Vivienda del Estado (Invies) prepara un programa con el cual impulsar\u00e1 el desarrollo de vivienda para j\u00f3venes, madres solteras y migrantes, inform\u00f3 Mauricio Ram\u00edrez Konoshi, titular de este organismo.\" \/>\n<meta name=\"robots\" content=\"index, follow, max-snippet:-1, max-image-preview:large, max-video-preview:-1\" \/>\n<link rel=\"canonical\" href=\"https:\/\/centrourbano.com\/revista\/vivienda\/impulsaran-vivienda-migrantes-madres-solteras-slp\/\" \/>\n<meta property=\"og:locale\" content=\"es_ES\" \/>\n<meta property=\"og:type\" content=\"article\" \/>\n<meta property=\"og:title\" content=\"Impulsar\u00e1n vivienda para migrantes y madres solteras en SLP -\" \/>\n<meta property=\"og:description\" content=\"En San Luis Potos\u00ed, el Instituto de Vivienda del Estado (Invies) prepara un programa con el cual impulsar\u00e1 el desarrollo de vivienda para j\u00f3venes, madres solteras y migrantes, inform\u00f3 Mauricio Ram\u00edrez Konoshi, titular de este organismo.\" \/>\n<meta property=\"og:url\" content=\"https:\/\/centrourbano.com\/revista\/vivienda\/impulsaran-vivienda-migrantes-madres-solteras-slp\/\" \/>\n<meta property=\"og:site_name\" content=\"Centro Urbano\" \/>\n<meta property=\"article:publisher\" content=\"https:\/\/www.facebook.com\/portalcentrourbano\" \/>\n<meta property=\"article:published_time\" content=\"2017-02-14T23:41:57+00:00\" \/>\n<meta property=\"article:modified_time\" content=\"2017-02-14T23:43:56+00:00\" \/>\n<meta property=\"og:image\" content=\"https:\/\/centrourbano.com\/revista\/wp-content\/uploads\/Vivienda-Chihuahua-ok-.jpg\" \/>\n\t<meta property=\"og:image:width\" content=\"600\" \/>\n\t<meta property=\"og:image:height\" content=\"398\" \/>\n\t<meta property=\"og:image:type\" content=\"image\/jpeg\" \/>\n<meta name=\"author\" content=\"Edgar Rosas\" \/>\n<meta name=\"twitter:card\" content=\"summary_large_image\" \/>\n<meta name=\"twitter:creator\" content=\"@https:\/\/twitter.com\/ERosasCU?s=09\" \/>\n<meta name=\"twitter:site\" content=\"@CentroUrbano\" \/>\n<meta name=\"twitter:label1\" content=\"Escrito por\" \/>\n\t<meta name=\"twitter:data1\" content=\"Edgar Rosas\" \/>\n\t<meta name=\"twitter:label2\" content=\"Tiempo de lectura\" \/>\n\t<meta name=\"twitter:data2\" content=\"1 minuto\" \/>\n<script type=\"application\/ld+json\" class=\"yoast-schema-graph\">{\"@context\":\"https:\\\/\\\/schema.org\",\"@graph\":[{\"@type\":\"Article\",\"@id\":\"https:\\\/\\\/centrourbano.com\\\/revista\\\/vivienda\\\/impulsaran-vivienda-migrantes-madres-solteras-slp\\\/#article\",\"isPartOf\":{\"@id\":\"https:\\\/\\\/centrourbano.com\\\/revista\\\/vivienda\\\/impulsaran-vivienda-migrantes-madres-solteras-slp\\\/\"},\"author\":{\"name\":\"Edgar Rosas\",\"@id\":\"https:\\\/\\\/centrourbano.com\\\/revista\\\/#\\\/schema\\\/person\\\/ff3c00651ce5b1630479d2cd0c2e3ac0\"},\"headline\":\"Impulsar\u00e1n vivienda para migrantes y madres solteras en SLP\",\"datePublished\":\"2017-02-14T23:41:57+00:00\",\"dateModified\":\"2017-02-14T23:43:56+00:00\",\"mainEntityOfPage\":{\"@id\":\"https:\\\/\\\/centrourbano.com\\\/revista\\\/vivienda\\\/impulsaran-vivienda-migrantes-madres-solteras-slp\\\/\"},\"wordCount\":170,\"commentCount\":0,\"publisher\":{\"@id\":\"https:\\\/\\\/centrourbano.com\\\/revista\\\/#organization\"},\"image\":{\"@id\":\"https:\\\/\\\/centrourbano.com\\\/revista\\\/vivienda\\\/impulsaran-vivienda-migrantes-madres-solteras-slp\\\/#primaryimage\"},\"thumbnailUrl\":\"https:\\\/\\\/centrourbano.com\\\/revista\\\/wp-content\\\/uploads\\\/Vivienda-Chihuahua-ok-.jpg\",\"keywords\":[\"Invies\",\"San Luis Potos\u00ed\",\"vivienda\"],\"articleSection\":[\"Vivienda\"],\"inLanguage\":\"es\",\"potentialAction\":[{\"@type\":\"CommentAction\",\"name\":\"Comment\",\"target\":[\"https:\\\/\\\/centrourbano.com\\\/revista\\\/vivienda\\\/impulsaran-vivienda-migrantes-madres-solteras-slp\\\/#respond\"]}]},{\"@type\":\"WebPage\",\"@id\":\"https:\\\/\\\/centrourbano.com\\\/revista\\\/vivienda\\\/impulsaran-vivienda-migrantes-madres-solteras-slp\\\/\",\"url\":\"https:\\\/\\\/centrourbano.com\\\/revista\\\/vivienda\\\/impulsaran-vivienda-migrantes-madres-solteras-slp\\\/\",\"name\":\"Impulsar\u00e1n vivienda para migrantes y madres solteras en SLP -\",\"isPartOf\":{\"@id\":\"https:\\\/\\\/centrourbano.com\\\/revista\\\/#website\"},\"primaryImageOfPage\":{\"@id\":\"https:\\\/\\\/centrourbano.com\\\/revista\\\/vivienda\\\/impulsaran-vivienda-migrantes-madres-solteras-slp\\\/#primaryimage\"},\"image\":{\"@id\":\"https:\\\/\\\/centrourbano.com\\\/revista\\\/vivienda\\\/impulsaran-vivienda-migrantes-madres-solteras-slp\\\/#primaryimage\"},\"thumbnailUrl\":\"https:\\\/\\\/centrourbano.com\\\/revista\\\/wp-content\\\/uploads\\\/Vivienda-Chihuahua-ok-.jpg\",\"datePublished\":\"2017-02-14T23:41:57+00:00\",\"dateModified\":\"2017-02-14T23:43:56+00:00\",\"description\":\"En San Luis Potos\u00ed, el Instituto de Vivienda del Estado (Invies) prepara un programa con el cual impulsar\u00e1 el desarrollo de vivienda para j\u00f3venes, madres solteras y migrantes, inform\u00f3 Mauricio Ram\u00edrez Konoshi, titular de este organismo.\",\"breadcrumb\":{\"@id\":\"https:\\\/\\\/centrourbano.com\\\/revista\\\/vivienda\\\/impulsaran-vivienda-migrantes-madres-solteras-slp\\\/#breadcrumb\"},\"inLanguage\":\"es\",\"potentialAction\":[{\"@type\":\"ReadAction\",\"target\":[\"https:\\\/\\\/centrourbano.com\\\/revista\\\/vivienda\\\/impulsaran-vivienda-migrantes-madres-solteras-slp\\\/\"]}]},{\"@type\":\"ImageObject\",\"inLanguage\":\"es\",\"@id\":\"https:\\\/\\\/centrourbano.com\\\/revista\\\/vivienda\\\/impulsaran-vivienda-migrantes-madres-solteras-slp\\\/#primaryimage\",\"url\":\"https:\\\/\\\/centrourbano.com\\\/revista\\\/wp-content\\\/uploads\\\/Vivienda-Chihuahua-ok-.jpg\",\"contentUrl\":\"https:\\\/\\\/centrourbano.com\\\/revista\\\/wp-content\\\/uploads\\\/Vivienda-Chihuahua-ok-.jpg\",\"width\":600,\"height\":398,\"caption\":\"Al entregar 500 viviendas y los primeros 300 Cuartos Adicionales, de un total de 2 mil 100 que se construir\u00e1n en el estado, para vecinos de las colonias Parral Vive y Ampliaci\u00f3n Palmilla, Rosario Robles Berlanga, titular de la Sedatu, asegur\u00f3 que estas acciones son gracias a la alianza entre gobiernos, iniciativa privada, fundaciones y sociedad civil.\"},{\"@type\":\"BreadcrumbList\",\"@id\":\"https:\\\/\\\/centrourbano.com\\\/revista\\\/vivienda\\\/impulsaran-vivienda-migrantes-madres-solteras-slp\\\/#breadcrumb\",\"itemListElement\":[{\"@type\":\"ListItem\",\"position\":1,\"name\":\"Portada\",\"item\":\"https:\\\/\\\/centrourbano.com\\\/revista\\\/\"},{\"@type\":\"ListItem\",\"position\":2,\"name\":\"Impulsar\u00e1n vivienda para migrantes y madres solteras en SLP\"}]},{\"@type\":\"WebSite\",\"@id\":\"https:\\\/\\\/centrourbano.com\\\/revista\\\/#website\",\"url\":\"https:\\\/\\\/centrourbano.com\\\/revista\\\/\",\"name\":\"Centro Urbano\",\"description\":\"Medio especializado en los sectores vivienda, inmobiliario, construcci\u00f3n, arquitectura y urbanismo.\",\"publisher\":{\"@id\":\"https:\\\/\\\/centrourbano.com\\\/revista\\\/#organization\"},\"potentialAction\":[{\"@type\":\"SearchAction\",\"target\":{\"@type\":\"EntryPoint\",\"urlTemplate\":\"https:\\\/\\\/centrourbano.com\\\/revista\\\/?s={search_term_string}\"},\"query-input\":{\"@type\":\"PropertyValueSpecification\",\"valueRequired\":true,\"valueName\":\"search_term_string\"}}],\"inLanguage\":\"es\"},{\"@type\":\"Organization\",\"@id\":\"https:\\\/\\\/centrourbano.com\\\/revista\\\/#organization\",\"name\":\"Centro Urbano\",\"url\":\"https:\\\/\\\/centrourbano.com\\\/revista\\\/\",\"logo\":{\"@type\":\"ImageObject\",\"inLanguage\":\"es\",\"@id\":\"https:\\\/\\\/centrourbano.com\\\/revista\\\/#\\\/schema\\\/logo\\\/image\\\/\",\"url\":\"https:\\\/\\\/centrourbano.com\\\/revista\\\/wp-content\\\/uploads\\\/web_CU_logo-1.png\",\"contentUrl\":\"https:\\\/\\\/centrourbano.com\\\/revista\\\/wp-content\\\/uploads\\\/web_CU_logo-1.png\",\"width\":350,\"height\":91,\"caption\":\"Centro Urbano\"},\"image\":{\"@id\":\"https:\\\/\\\/centrourbano.com\\\/revista\\\/#\\\/schema\\\/logo\\\/image\\\/\"},\"sameAs\":[\"https:\\\/\\\/www.facebook.com\\\/portalcentrourbano\",\"https:\\\/\\\/x.com\\\/CentroUrbano\",\"https:\\\/\\\/www.instagram.com\\\/centro_urbano\\\/\",\"https:\\\/\\\/www.linkedin.com\\\/company\\\/centro-urbano\\\/\",\"http:\\\/\\\/www.youtube.com\\\/user\\\/portalcentrourbano\"]},{\"@type\":\"Person\",\"@id\":\"https:\\\/\\\/centrourbano.com\\\/revista\\\/#\\\/schema\\\/person\\\/ff3c00651ce5b1630479d2cd0c2e3ac0\",\"name\":\"Edgar Rosas\",\"image\":{\"@type\":\"ImageObject\",\"inLanguage\":\"es\",\"@id\":\"https:\\\/\\\/secure.gravatar.com\\\/avatar\\\/94440c4283495211faa5300bf85e80061036b83fced868c3783aa1310b350d9c?s=96&d=mm&r=g\",\"url\":\"https:\\\/\\\/secure.gravatar.com\\\/avatar\\\/94440c4283495211faa5300bf85e80061036b83fced868c3783aa1310b350d9c?s=96&d=mm&r=g\",\"contentUrl\":\"https:\\\/\\\/secure.gravatar.com\\\/avatar\\\/94440c4283495211faa5300bf85e80061036b83fced868c3783aa1310b350d9c?s=96&d=mm&r=g\",\"caption\":\"Edgar Rosas\"},\"description\":\"Editor en Jefe de Centro Urbano. Egresado de la maestr\u00eda en Periodismo Pol\u00edtico de la Escuela de Periodismo Carlos Septi\u00e9n Garc\u00eda (EPCSG). Estudi\u00f3 la licenciatura en Comunicaci\u00f3n en la Universidad Mexicana. Amante de la cr\u00f3nica y el reportaje. Admirador de Vicente Le\u00f1ero y Miguel \u00c1ngel Granados Chapa.\",\"sameAs\":[\"https:\\\/\\\/x.com\\\/https:\\\/\\\/twitter.com\\\/ERosasCU?s=09\"],\"url\":\"https:\\\/\\\/centrourbano.com\\\/revista\\\/author\\\/edgar-rosas\\\/\"}]}<\/script>\n<!-- \/ Yoast SEO plugin. -->","yoast_head_json":{"title":"Impulsar\u00e1n vivienda para migrantes y madres solteras en SLP -","description":"En San Luis Potos\u00ed, el Instituto de Vivienda del Estado (Invies) prepara un programa con el cual impulsar\u00e1 el desarrollo de vivienda para j\u00f3venes, madres solteras y migrantes, inform\u00f3 Mauricio Ram\u00edrez Konoshi, titular de este organismo.","robots":{"index":"index","follow":"follow","max-snippet":"max-snippet:-1","max-image-preview":"max-image-preview:large","max-video-preview":"max-video-preview:-1"},"canonical":"https:\/\/centrourbano.com\/revista\/vivienda\/impulsaran-vivienda-migrantes-madres-solteras-slp\/","og_locale":"es_ES","og_type":"article","og_title":"Impulsar\u00e1n vivienda para migrantes y madres solteras en SLP -","og_description":"En San Luis Potos\u00ed, el Instituto de Vivienda del Estado (Invies) prepara un programa con el cual impulsar\u00e1 el desarrollo de vivienda para j\u00f3venes, madres solteras y migrantes, inform\u00f3 Mauricio Ram\u00edrez Konoshi, titular de este organismo.","og_url":"https:\/\/centrourbano.com\/revista\/vivienda\/impulsaran-vivienda-migrantes-madres-solteras-slp\/","og_site_name":"Centro Urbano","article_publisher":"https:\/\/www.facebook.com\/portalcentrourbano","article_published_time":"2017-02-14T23:41:57+00:00","article_modified_time":"2017-02-14T23:43:56+00:00","og_image":[{"width":600,"height":398,"url":"https:\/\/centrourbano.com\/revista\/wp-content\/uploads\/Vivienda-Chihuahua-ok-.jpg","type":"image\/jpeg"}],"author":"Edgar Rosas","twitter_card":"summary_large_image","twitter_creator":"@https:\/\/twitter.com\/ERosasCU?s=09","twitter_site":"@CentroUrbano","twitter_misc":{"Escrito por":"Edgar Rosas","Tiempo de lectura":"1 minuto"},"schema":{"@context":"https:\/\/schema.org","@graph":[{"@type":"Article","@id":"https:\/\/centrourbano.com\/revista\/vivienda\/impulsaran-vivienda-migrantes-madres-solteras-slp\/#article","isPartOf":{"@id":"https:\/\/centrourbano.com\/revista\/vivienda\/impulsaran-vivienda-migrantes-madres-solteras-slp\/"},"author":{"name":"Edgar Rosas","@id":"https:\/\/centrourbano.com\/revista\/#\/schema\/person\/ff3c00651ce5b1630479d2cd0c2e3ac0"},"headline":"Impulsar\u00e1n vivienda para migrantes y madres solteras en SLP","datePublished":"2017-02-14T23:41:57+00:00","dateModified":"2017-02-14T23:43:56+00:00","mainEntityOfPage":{"@id":"https:\/\/centrourbano.com\/revista\/vivienda\/impulsaran-vivienda-migrantes-madres-solteras-slp\/"},"wordCount":170,"commentCount":0,"publisher":{"@id":"https:\/\/centrourbano.com\/revista\/#organization"},"image":{"@id":"https:\/\/centrourbano.com\/revista\/vivienda\/impulsaran-vivienda-migrantes-madres-solteras-slp\/#primaryimage"},"thumbnailUrl":"https:\/\/centrourbano.com\/revista\/wp-content\/uploads\/Vivienda-Chihuahua-ok-.jpg","keywords":["Invies","San Luis Potos\u00ed","vivienda"],"articleSection":["Vivienda"],"inLanguage":"es","potentialAction":[{"@type":"CommentAction","name":"Comment","target":["https:\/\/centrourbano.com\/revista\/vivienda\/impulsaran-vivienda-migrantes-madres-solteras-slp\/#respond"]}]},{"@type":"WebPage","@id":"https:\/\/centrourbano.com\/revista\/vivienda\/impulsaran-vivienda-migrantes-madres-solteras-slp\/","url":"https:\/\/centrourbano.com\/revista\/vivienda\/impulsaran-vivienda-migrantes-madres-solteras-slp\/","name":"Impulsar\u00e1n vivienda para migrantes y madres solteras en SLP -","isPartOf":{"@id":"https:\/\/centrourbano.com\/revista\/#website"},"primaryImageOfPage":{"@id":"https:\/\/centrourbano.com\/revista\/vivienda\/impulsaran-vivienda-migrantes-madres-solteras-slp\/#primaryimage"},"image":{"@id":"https:\/\/centrourbano.com\/revista\/vivienda\/impulsaran-vivienda-migrantes-madres-solteras-slp\/#primaryimage"},"thumbnailUrl":"https:\/\/centrourbano.com\/revista\/wp-content\/uploads\/Vivienda-Chihuahua-ok-.jpg","datePublished":"2017-02-14T23:41:57+00:00","dateModified":"2017-02-14T23:43:56+00:00","description":"En San Luis Potos\u00ed, el Instituto de Vivienda del Estado (Invies) prepara un programa con el cual impulsar\u00e1 el desarrollo de vivienda para j\u00f3venes, madres solteras y migrantes, inform\u00f3 Mauricio Ram\u00edrez Konoshi, titular de este organismo.","breadcrumb":{"@id":"https:\/\/centrourbano.com\/revista\/vivienda\/impulsaran-vivienda-migrantes-madres-solteras-slp\/#breadcrumb"},"inLanguage":"es","potentialAction":[{"@type":"ReadAction","target":["https:\/\/centrourbano.com\/revista\/vivienda\/impulsaran-vivienda-migrantes-madres-solteras-slp\/"]}]},{"@type":"ImageObject","inLanguage":"es","@id":"https:\/\/centrourbano.com\/revista\/vivienda\/impulsaran-vivienda-migrantes-madres-solteras-slp\/#primaryimage","url":"https:\/\/centrourbano.com\/revista\/wp-content\/uploads\/Vivienda-Chihuahua-ok-.jpg","contentUrl":"https:\/\/centrourbano.com\/revista\/wp-content\/uploads\/Vivienda-Chihuahua-ok-.jpg","width":600,"height":398,"caption":"Al entregar 500 viviendas y los primeros 300 Cuartos Adicionales, de un total de 2 mil 100 que se construir\u00e1n en el estado, para vecinos de las colonias Parral Vive y Ampliaci\u00f3n Palmilla, Rosario Robles Berlanga, titular de la Sedatu, asegur\u00f3 que estas acciones son gracias a la alianza entre gobiernos, iniciativa privada, fundaciones y sociedad civil."},{"@type":"BreadcrumbList","@id":"https:\/\/centrourbano.com\/revista\/vivienda\/impulsaran-vivienda-migrantes-madres-solteras-slp\/#breadcrumb","itemListElement":[{"@type":"ListItem","position":1,"name":"Portada","item":"https:\/\/centrourbano.com\/revista\/"},{"@type":"ListItem","position":2,"name":"Impulsar\u00e1n vivienda para migrantes y madres solteras en SLP"}]},{"@type":"WebSite","@id":"https:\/\/centrourbano.com\/revista\/#website","url":"https:\/\/centrourbano.com\/revista\/","name":"Centro Urbano","description":"Medio especializado en los sectores vivienda, inmobiliario, construcci\u00f3n, arquitectura y urbanismo.","publisher":{"@id":"https:\/\/centrourbano.com\/revista\/#organization"},"potentialAction":[{"@type":"SearchAction","target":{"@type":"EntryPoint","urlTemplate":"https:\/\/centrourbano.com\/revista\/?s={search_term_string}"},"query-input":{"@type":"PropertyValueSpecification","valueRequired":true,"valueName":"search_term_string"}}],"inLanguage":"es"},{"@type":"Organization","@id":"https:\/\/centrourbano.com\/revista\/#organization","name":"Centro Urbano","url":"https:\/\/centrourbano.com\/revista\/","logo":{"@type":"ImageObject","inLanguage":"es","@id":"https:\/\/centrourbano.com\/revista\/#\/schema\/logo\/image\/","url":"https:\/\/centrourbano.com\/revista\/wp-content\/uploads\/web_CU_logo-1.png","contentUrl":"https:\/\/centrourbano.com\/revista\/wp-content\/uploads\/web_CU_logo-1.png","width":350,"height":91,"caption":"Centro Urbano"},"image":{"@id":"https:\/\/centrourbano.com\/revista\/#\/schema\/logo\/image\/"},"sameAs":["https:\/\/www.facebook.com\/portalcentrourbano","https:\/\/x.com\/CentroUrbano","https:\/\/www.instagram.com\/centro_urbano\/","https:\/\/www.linkedin.com\/company\/centro-urbano\/","http:\/\/www.youtube.com\/user\/portalcentrourbano"]},{"@type":"Person","@id":"https:\/\/centrourbano.com\/revista\/#\/schema\/person\/ff3c00651ce5b1630479d2cd0c2e3ac0","name":"Edgar Rosas","image":{"@type":"ImageObject","inLanguage":"es","@id":"https:\/\/secure.gravatar.com\/avatar\/94440c4283495211faa5300bf85e80061036b83fced868c3783aa1310b350d9c?s=96&d=mm&r=g","url":"https:\/\/secure.gravatar.com\/avatar\/94440c4283495211faa5300bf85e80061036b83fced868c3783aa1310b350d9c?s=96&d=mm&r=g","contentUrl":"https:\/\/secure.gravatar.com\/avatar\/94440c4283495211faa5300bf85e80061036b83fced868c3783aa1310b350d9c?s=96&d=mm&r=g","caption":"Edgar Rosas"},"description":"Editor en Jefe de Centro Urbano. Egresado de la maestr\u00eda en Periodismo Pol\u00edtico de la Escuela de Periodismo Carlos Septi\u00e9n Garc\u00eda (EPCSG). Estudi\u00f3 la licenciatura en Comunicaci\u00f3n en la Universidad Mexicana. Amante de la cr\u00f3nica y el reportaje. Admirador de Vicente Le\u00f1ero y Miguel \u00c1ngel Granados Chapa.","sameAs":["https:\/\/x.com\/https:\/\/twitter.com\/ERosasCU?s=09"],"url":"https:\/\/centrourbano.com\/revista\/author\/edgar-rosas\/"}]}},"_links":{"self":[{"href":"https:\/\/centrourbano.com\/revista\/wp-json\/wp\/v2\/posts\/48869","targetHints":{"allow":["GET"]}}],"collection":[{"href":"https:\/\/centrourbano.com\/revista\/wp-json\/wp\/v2\/posts"}],"about":[{"href":"https:\/\/centrourbano.com\/revista\/wp-json\/wp\/v2\/types\/post"}],"author":[{"embeddable":true,"href":"https:\/\/centrourbano.com\/revista\/wp-json\/wp\/v2\/users\/47"}],"replies":[{"embeddable":true,"href":"https:\/\/centrourbano.com\/revista\/wp-json\/wp\/v2\/comments?post=48869"}],"version-history":[{"count":0,"href":"https:\/\/centrourbano.com\/revista\/wp-json\/wp\/v2\/posts\/48869\/revisions"}],"wp:featuredmedia":[{"embeddable":true,"href":"https:\/\/centrourbano.com\/revista\/wp-json\/wp\/v2\/media\/39217"}],"wp:attachment":[{"href":"https:\/\/centrourbano.com\/revista\/wp-json\/wp\/v2\/media?parent=48869"}],"wp:term":[{"taxonomy":"category","embeddable":true,"href":"https:\/\/centrourbano.com\/revista\/wp-json\/wp\/v2\/categories?post=48869"},{"taxonomy":"post_tag","embeddable":true,"href":"https:\/\/centrourbano.com\/revista\/wp-json\/wp\/v2\/tags?post=48869"}],"curies":[{"name":"wp","href":"https:\/\/api.w.org\/{rel}","templated":true}]}}