{"id":48666,"date":"2017-02-09T10:35:36","date_gmt":"2017-02-09T16:35:36","guid":{"rendered":"https:\/\/centrourbano.com\/?p=48666"},"modified":"2017-02-09T10:35:36","modified_gmt":"2017-02-09T16:35:36","slug":"cdmx-contara-nuevos-autobuses","status":"publish","type":"post","link":"https:\/\/centrourbano.com\/revista\/urbanismo\/cdmx-contara-nuevos-autobuses\/","title":{"rendered":"La CDMX contar\u00e1 con nuevos autobuses"},"content":{"rendered":"<p><em>627 autobuses salen de circulaci\u00f3n y alrededor de 145,000 personas se ver\u00e1n beneficiados con la creaci\u00f3n de los nuevos corredores<\/em><\/p>\n<p>&nbsp;<\/p>\n<p>El jefe de gobierno de la Ciudad de M\u00e9xico, Miguel \u00c1ngel Mancera Espinosa, inaugur\u00f3 en el Z\u00f3calo los corredores Toreo-Revoluci\u00f3n-Alameda, que beneficiar\u00e1 a m\u00e1s de 41,000 personas al d\u00eda, y Chapultepec-Tacuba-Pantitl\u00e1n-Santa Martha, que transportar\u00e1 a m\u00e1s de 100,000 personas.<\/p>\n<p>&nbsp;<\/p>\n<p>Durante la ceremonia de inauguraci\u00f3n reiter\u00f3 su compromiso de continuar con el trabajo de transformaci\u00f3n del transporte de la Ciudad de M\u00e9xico.<\/p>\n<p>&nbsp;<\/p>\n<p>Indic\u00f3 que la ciudad se encuentra en una l\u00ednea de desarrollo en la que lo m\u00e1s conveniente es hacer uso de la tecnolog\u00eda y utilizar autobuses de gas natural; tambi\u00e9n record\u00f3 que hace poco se hizo la entrega de taxis h\u00edbridos, que, junto con los el\u00e9ctricos, son los \u00fanicos que contar\u00e1n con concesiones.<\/p>\n<p>&nbsp;<\/p>\n<p>Inform\u00f3 que los nuevos autobuses est\u00e1n equipados con c\u00e1maras y luz interna que va encendida todo el tiempo, por lo que disminuir\u00e1n la delincuencia considerablemente.<\/p>\n<p>&nbsp;<\/p>\n<p>En el tramo de Chapultepec-Tacuba-Pantitl\u00e1n-Santa Martha, se sustituyeron 398 autobuses, salen de circulaci\u00f3n 398 y entran 123 nuevos. En cuanto al tramo Toreo- Revoluci\u00f3n-Alameda se sustituyen 229 unidades, lo que suma un total de 627 autobuses que salen de circulaci\u00f3n.<\/p>\n<p>&nbsp;<\/p>\n<p>Esto ha implicado una inversi\u00f3n de m\u00e1s de 500,000,000 de pesos y se calcula que se lograr\u00e1 una disminuci\u00f3n de 15,000 toneladas de gases contaminantes al a\u00f1o.<\/p>\n<p>&nbsp;<\/p>\n<p>&nbsp;<\/p>\n","protected":false},"excerpt":{"rendered":"<p>627 autobuses salen de circulaci\u00f3n y alrededor de 145,000 personas se ver\u00e1n beneficiados con la creaci\u00f3n de los nuevos corredores &nbsp; El jefe de gobierno de la Ciudad de M\u00e9xico, Miguel \u00c1ngel Mancera Espinosa, inaugur\u00f3 en el Z\u00f3calo los corredores Toreo-Revoluci\u00f3n-Alameda, que beneficiar\u00e1 a m\u00e1s de 41,000 personas al d\u00eda, y Chapultepec-Tacuba-Pantitl\u00e1n-Santa Martha, que transportar\u00e1 [&hellip;]<\/p>\n","protected":false},"author":45,"featured_media":48667,"comment_status":"open","ping_status":"closed","sticky":false,"template":"","format":"standard","meta":{"om_disable_all_campaigns":false,"inline_featured_image":false,"_monsterinsights_skip_tracking":false,"_monsterinsights_sitenote_active":false,"_monsterinsights_sitenote_note":"","_monsterinsights_sitenote_category":0,"footnotes":""},"categories":[82],"tags":[9548,4747,606,341,290,337,329,3704,9550,9549,1364],"class_list":["post-48666","post","type-post","status-publish","format-standard","has-post-thumbnail","hentry","category-urbanismo","tag-alamaeda","tag-autobuses","tag-cdmx","tag-chapultepec","tag-ciudad-de-mexico","tag-gas-natural","tag-pantitlan","tag-revolucion","tag-santa-martha","tag-tacuba","tag-toreo"],"yoast_head":"<!-- This site is optimized with the Yoast SEO plugin v27.5 - https:\/\/yoast.com\/product\/yoast-seo-wordpress\/ -->\n<title>La CDMX contar\u00e1 con nuevos autobuses -<\/title>\n<meta name=\"description\" content=\"627 autobuses salen de circulaci\u00f3n y alrededor de 145,000 personas se ver\u00e1n beneficiados con la creaci\u00f3n de los nuevos corredores\" \/>\n<meta name=\"robots\" content=\"index, follow, max-snippet:-1, max-image-preview:large, max-video-preview:-1\" \/>\n<link rel=\"canonical\" href=\"https:\/\/centrourbano.com\/revista\/urbanismo\/cdmx-contara-nuevos-autobuses\/\" \/>\n<meta property=\"og:locale\" content=\"es_ES\" \/>\n<meta property=\"og:type\" content=\"article\" \/>\n<meta property=\"og:title\" content=\"La CDMX contar\u00e1 con nuevos autobuses -\" \/>\n<meta property=\"og:description\" content=\"627 autobuses salen de circulaci\u00f3n y alrededor de 145,000 personas se ver\u00e1n beneficiados con la creaci\u00f3n de los nuevos corredores\" \/>\n<meta property=\"og:url\" content=\"https:\/\/centrourbano.com\/revista\/urbanismo\/cdmx-contara-nuevos-autobuses\/\" \/>\n<meta property=\"og:site_name\" content=\"Centro Urbano\" \/>\n<meta property=\"article:publisher\" content=\"https:\/\/www.facebook.com\/portalcentrourbano\" \/>\n<meta property=\"article:published_time\" content=\"2017-02-09T16:35:36+00:00\" \/>\n<meta property=\"og:image\" content=\"https:\/\/centrourbano.com\/revista\/wp-content\/uploads\/autobuses-gas-nat.jpg\" \/>\n\t<meta property=\"og:image:width\" content=\"640\" \/>\n\t<meta property=\"og:image:height\" content=\"450\" \/>\n\t<meta property=\"og:image:type\" content=\"image\/jpeg\" \/>\n<meta name=\"author\" content=\"Hanae Pacheco\" \/>\n<meta name=\"twitter:card\" content=\"summary_large_image\" \/>\n<meta name=\"twitter:creator\" content=\"@CentroUrbano\" \/>\n<meta name=\"twitter:site\" content=\"@CentroUrbano\" \/>\n<meta name=\"twitter:label1\" content=\"Escrito por\" \/>\n\t<meta name=\"twitter:data1\" content=\"Hanae Pacheco\" \/>\n\t<meta name=\"twitter:label2\" content=\"Tiempo de lectura\" \/>\n\t<meta name=\"twitter:data2\" content=\"1 minuto\" \/>\n<script type=\"application\/ld+json\" class=\"yoast-schema-graph\">{\"@context\":\"https:\\\/\\\/schema.org\",\"@graph\":[{\"@type\":\"Article\",\"@id\":\"https:\\\/\\\/centrourbano.com\\\/revista\\\/urbanismo\\\/cdmx-contara-nuevos-autobuses\\\/#article\",\"isPartOf\":{\"@id\":\"https:\\\/\\\/centrourbano.com\\\/revista\\\/urbanismo\\\/cdmx-contara-nuevos-autobuses\\\/\"},\"author\":{\"name\":\"Hanae Pacheco\",\"@id\":\"https:\\\/\\\/centrourbano.com\\\/revista\\\/#\\\/schema\\\/person\\\/e8e98aef19f73a60695de7576d34c43c\"},\"headline\":\"La CDMX contar\u00e1 con nuevos autobuses\",\"datePublished\":\"2017-02-09T16:35:36+00:00\",\"mainEntityOfPage\":{\"@id\":\"https:\\\/\\\/centrourbano.com\\\/revista\\\/urbanismo\\\/cdmx-contara-nuevos-autobuses\\\/\"},\"wordCount\":260,\"commentCount\":0,\"publisher\":{\"@id\":\"https:\\\/\\\/centrourbano.com\\\/revista\\\/#organization\"},\"image\":{\"@id\":\"https:\\\/\\\/centrourbano.com\\\/revista\\\/urbanismo\\\/cdmx-contara-nuevos-autobuses\\\/#primaryimage\"},\"thumbnailUrl\":\"https:\\\/\\\/centrourbano.com\\\/revista\\\/wp-content\\\/uploads\\\/autobuses-gas-nat.jpg\",\"keywords\":[\"Alamaeda\",\"Autobuses\",\"CDMX\",\"Chapultepec\",\"ciudad de M\u00e9xico\",\"gas natural\",\"Pantitl\u00e1n\",\"Revoluci\u00f3n\",\"Santa Martha\",\"Tacuba\",\"Toreo\"],\"articleSection\":[\"Urbanismo\"],\"inLanguage\":\"es\",\"potentialAction\":[{\"@type\":\"CommentAction\",\"name\":\"Comment\",\"target\":[\"https:\\\/\\\/centrourbano.com\\\/revista\\\/urbanismo\\\/cdmx-contara-nuevos-autobuses\\\/#respond\"]}]},{\"@type\":\"WebPage\",\"@id\":\"https:\\\/\\\/centrourbano.com\\\/revista\\\/urbanismo\\\/cdmx-contara-nuevos-autobuses\\\/\",\"url\":\"https:\\\/\\\/centrourbano.com\\\/revista\\\/urbanismo\\\/cdmx-contara-nuevos-autobuses\\\/\",\"name\":\"La CDMX contar\u00e1 con nuevos autobuses -\",\"isPartOf\":{\"@id\":\"https:\\\/\\\/centrourbano.com\\\/revista\\\/#website\"},\"primaryImageOfPage\":{\"@id\":\"https:\\\/\\\/centrourbano.com\\\/revista\\\/urbanismo\\\/cdmx-contara-nuevos-autobuses\\\/#primaryimage\"},\"image\":{\"@id\":\"https:\\\/\\\/centrourbano.com\\\/revista\\\/urbanismo\\\/cdmx-contara-nuevos-autobuses\\\/#primaryimage\"},\"thumbnailUrl\":\"https:\\\/\\\/centrourbano.com\\\/revista\\\/wp-content\\\/uploads\\\/autobuses-gas-nat.jpg\",\"datePublished\":\"2017-02-09T16:35:36+00:00\",\"description\":\"627 autobuses salen de circulaci\u00f3n y alrededor de 145,000 personas se ver\u00e1n beneficiados con la creaci\u00f3n de los nuevos corredores\",\"breadcrumb\":{\"@id\":\"https:\\\/\\\/centrourbano.com\\\/revista\\\/urbanismo\\\/cdmx-contara-nuevos-autobuses\\\/#breadcrumb\"},\"inLanguage\":\"es\",\"potentialAction\":[{\"@type\":\"ReadAction\",\"target\":[\"https:\\\/\\\/centrourbano.com\\\/revista\\\/urbanismo\\\/cdmx-contara-nuevos-autobuses\\\/\"]}]},{\"@type\":\"ImageObject\",\"inLanguage\":\"es\",\"@id\":\"https:\\\/\\\/centrourbano.com\\\/revista\\\/urbanismo\\\/cdmx-contara-nuevos-autobuses\\\/#primaryimage\",\"url\":\"https:\\\/\\\/centrourbano.com\\\/revista\\\/wp-content\\\/uploads\\\/autobuses-gas-nat.jpg\",\"contentUrl\":\"https:\\\/\\\/centrourbano.com\\\/revista\\\/wp-content\\\/uploads\\\/autobuses-gas-nat.jpg\",\"width\":640,\"height\":450,\"caption\":\"627 autobuses salen de circulaci\u00f3n y alrededor de 145,000 personas se ver\u00e1n beneficiados con la creaci\u00f3n de los nuevos corredores\"},{\"@type\":\"BreadcrumbList\",\"@id\":\"https:\\\/\\\/centrourbano.com\\\/revista\\\/urbanismo\\\/cdmx-contara-nuevos-autobuses\\\/#breadcrumb\",\"itemListElement\":[{\"@type\":\"ListItem\",\"position\":1,\"name\":\"Portada\",\"item\":\"https:\\\/\\\/centrourbano.com\\\/revista\\\/\"},{\"@type\":\"ListItem\",\"position\":2,\"name\":\"La CDMX contar\u00e1 con nuevos autobuses\"}]},{\"@type\":\"WebSite\",\"@id\":\"https:\\\/\\\/centrourbano.com\\\/revista\\\/#website\",\"url\":\"https:\\\/\\\/centrourbano.com\\\/revista\\\/\",\"name\":\"Centro Urbano\",\"description\":\"Medio especializado en los sectores vivienda, inmobiliario, construcci\u00f3n, arquitectura y urbanismo.\",\"publisher\":{\"@id\":\"https:\\\/\\\/centrourbano.com\\\/revista\\\/#organization\"},\"potentialAction\":[{\"@type\":\"SearchAction\",\"target\":{\"@type\":\"EntryPoint\",\"urlTemplate\":\"https:\\\/\\\/centrourbano.com\\\/revista\\\/?s={search_term_string}\"},\"query-input\":{\"@type\":\"PropertyValueSpecification\",\"valueRequired\":true,\"valueName\":\"search_term_string\"}}],\"inLanguage\":\"es\"},{\"@type\":\"Organization\",\"@id\":\"https:\\\/\\\/centrourbano.com\\\/revista\\\/#organization\",\"name\":\"Centro Urbano\",\"url\":\"https:\\\/\\\/centrourbano.com\\\/revista\\\/\",\"logo\":{\"@type\":\"ImageObject\",\"inLanguage\":\"es\",\"@id\":\"https:\\\/\\\/centrourbano.com\\\/revista\\\/#\\\/schema\\\/logo\\\/image\\\/\",\"url\":\"https:\\\/\\\/centrourbano.com\\\/revista\\\/wp-content\\\/uploads\\\/web_CU_logo-1.png\",\"contentUrl\":\"https:\\\/\\\/centrourbano.com\\\/revista\\\/wp-content\\\/uploads\\\/web_CU_logo-1.png\",\"width\":350,\"height\":91,\"caption\":\"Centro Urbano\"},\"image\":{\"@id\":\"https:\\\/\\\/centrourbano.com\\\/revista\\\/#\\\/schema\\\/logo\\\/image\\\/\"},\"sameAs\":[\"https:\\\/\\\/www.facebook.com\\\/portalcentrourbano\",\"https:\\\/\\\/x.com\\\/CentroUrbano\",\"https:\\\/\\\/www.instagram.com\\\/centro_urbano\\\/\",\"https:\\\/\\\/www.linkedin.com\\\/company\\\/centro-urbano\\\/\",\"http:\\\/\\\/www.youtube.com\\\/user\\\/portalcentrourbano\"]},{\"@type\":\"Person\",\"@id\":\"https:\\\/\\\/centrourbano.com\\\/revista\\\/#\\\/schema\\\/person\\\/e8e98aef19f73a60695de7576d34c43c\",\"name\":\"Hanae Pacheco\",\"image\":{\"@type\":\"ImageObject\",\"inLanguage\":\"es\",\"@id\":\"https:\\\/\\\/secure.gravatar.com\\\/avatar\\\/85378918db488c7c72bd7acaea6909bbfd5df076ffaf5e56cf397f98ef67f72d?s=96&d=mm&r=g\",\"url\":\"https:\\\/\\\/secure.gravatar.com\\\/avatar\\\/85378918db488c7c72bd7acaea6909bbfd5df076ffaf5e56cf397f98ef67f72d?s=96&d=mm&r=g\",\"contentUrl\":\"https:\\\/\\\/secure.gravatar.com\\\/avatar\\\/85378918db488c7c72bd7acaea6909bbfd5df076ffaf5e56cf397f98ef67f72d?s=96&d=mm&r=g\",\"caption\":\"Hanae Pacheco\"},\"url\":\"https:\\\/\\\/centrourbano.com\\\/revista\\\/author\\\/hanae-pacheco\\\/\"}]}<\/script>\n<!-- \/ Yoast SEO plugin. -->","yoast_head_json":{"title":"La CDMX contar\u00e1 con nuevos autobuses -","description":"627 autobuses salen de circulaci\u00f3n y alrededor de 145,000 personas se ver\u00e1n beneficiados con la creaci\u00f3n de los nuevos corredores","robots":{"index":"index","follow":"follow","max-snippet":"max-snippet:-1","max-image-preview":"max-image-preview:large","max-video-preview":"max-video-preview:-1"},"canonical":"https:\/\/centrourbano.com\/revista\/urbanismo\/cdmx-contara-nuevos-autobuses\/","og_locale":"es_ES","og_type":"article","og_title":"La CDMX contar\u00e1 con nuevos autobuses -","og_description":"627 autobuses salen de circulaci\u00f3n y alrededor de 145,000 personas se ver\u00e1n beneficiados con la creaci\u00f3n de los nuevos corredores","og_url":"https:\/\/centrourbano.com\/revista\/urbanismo\/cdmx-contara-nuevos-autobuses\/","og_site_name":"Centro Urbano","article_publisher":"https:\/\/www.facebook.com\/portalcentrourbano","article_published_time":"2017-02-09T16:35:36+00:00","og_image":[{"width":640,"height":450,"url":"https:\/\/centrourbano.com\/revista\/wp-content\/uploads\/autobuses-gas-nat.jpg","type":"image\/jpeg"}],"author":"Hanae Pacheco","twitter_card":"summary_large_image","twitter_creator":"@CentroUrbano","twitter_site":"@CentroUrbano","twitter_misc":{"Escrito por":"Hanae Pacheco","Tiempo de lectura":"1 minuto"},"schema":{"@context":"https:\/\/schema.org","@graph":[{"@type":"Article","@id":"https:\/\/centrourbano.com\/revista\/urbanismo\/cdmx-contara-nuevos-autobuses\/#article","isPartOf":{"@id":"https:\/\/centrourbano.com\/revista\/urbanismo\/cdmx-contara-nuevos-autobuses\/"},"author":{"name":"Hanae Pacheco","@id":"https:\/\/centrourbano.com\/revista\/#\/schema\/person\/e8e98aef19f73a60695de7576d34c43c"},"headline":"La CDMX contar\u00e1 con nuevos autobuses","datePublished":"2017-02-09T16:35:36+00:00","mainEntityOfPage":{"@id":"https:\/\/centrourbano.com\/revista\/urbanismo\/cdmx-contara-nuevos-autobuses\/"},"wordCount":260,"commentCount":0,"publisher":{"@id":"https:\/\/centrourbano.com\/revista\/#organization"},"image":{"@id":"https:\/\/centrourbano.com\/revista\/urbanismo\/cdmx-contara-nuevos-autobuses\/#primaryimage"},"thumbnailUrl":"https:\/\/centrourbano.com\/revista\/wp-content\/uploads\/autobuses-gas-nat.jpg","keywords":["Alamaeda","Autobuses","CDMX","Chapultepec","ciudad de M\u00e9xico","gas natural","Pantitl\u00e1n","Revoluci\u00f3n","Santa Martha","Tacuba","Toreo"],"articleSection":["Urbanismo"],"inLanguage":"es","potentialAction":[{"@type":"CommentAction","name":"Comment","target":["https:\/\/centrourbano.com\/revista\/urbanismo\/cdmx-contara-nuevos-autobuses\/#respond"]}]},{"@type":"WebPage","@id":"https:\/\/centrourbano.com\/revista\/urbanismo\/cdmx-contara-nuevos-autobuses\/","url":"https:\/\/centrourbano.com\/revista\/urbanismo\/cdmx-contara-nuevos-autobuses\/","name":"La CDMX contar\u00e1 con nuevos autobuses -","isPartOf":{"@id":"https:\/\/centrourbano.com\/revista\/#website"},"primaryImageOfPage":{"@id":"https:\/\/centrourbano.com\/revista\/urbanismo\/cdmx-contara-nuevos-autobuses\/#primaryimage"},"image":{"@id":"https:\/\/centrourbano.com\/revista\/urbanismo\/cdmx-contara-nuevos-autobuses\/#primaryimage"},"thumbnailUrl":"https:\/\/centrourbano.com\/revista\/wp-content\/uploads\/autobuses-gas-nat.jpg","datePublished":"2017-02-09T16:35:36+00:00","description":"627 autobuses salen de circulaci\u00f3n y alrededor de 145,000 personas se ver\u00e1n beneficiados con la creaci\u00f3n de los nuevos corredores","breadcrumb":{"@id":"https:\/\/centrourbano.com\/revista\/urbanismo\/cdmx-contara-nuevos-autobuses\/#breadcrumb"},"inLanguage":"es","potentialAction":[{"@type":"ReadAction","target":["https:\/\/centrourbano.com\/revista\/urbanismo\/cdmx-contara-nuevos-autobuses\/"]}]},{"@type":"ImageObject","inLanguage":"es","@id":"https:\/\/centrourbano.com\/revista\/urbanismo\/cdmx-contara-nuevos-autobuses\/#primaryimage","url":"https:\/\/centrourbano.com\/revista\/wp-content\/uploads\/autobuses-gas-nat.jpg","contentUrl":"https:\/\/centrourbano.com\/revista\/wp-content\/uploads\/autobuses-gas-nat.jpg","width":640,"height":450,"caption":"627 autobuses salen de circulaci\u00f3n y alrededor de 145,000 personas se ver\u00e1n beneficiados con la creaci\u00f3n de los nuevos corredores"},{"@type":"BreadcrumbList","@id":"https:\/\/centrourbano.com\/revista\/urbanismo\/cdmx-contara-nuevos-autobuses\/#breadcrumb","itemListElement":[{"@type":"ListItem","position":1,"name":"Portada","item":"https:\/\/centrourbano.com\/revista\/"},{"@type":"ListItem","position":2,"name":"La CDMX contar\u00e1 con nuevos autobuses"}]},{"@type":"WebSite","@id":"https:\/\/centrourbano.com\/revista\/#website","url":"https:\/\/centrourbano.com\/revista\/","name":"Centro Urbano","description":"Medio especializado en los sectores vivienda, inmobiliario, construcci\u00f3n, arquitectura y urbanismo.","publisher":{"@id":"https:\/\/centrourbano.com\/revista\/#organization"},"potentialAction":[{"@type":"SearchAction","target":{"@type":"EntryPoint","urlTemplate":"https:\/\/centrourbano.com\/revista\/?s={search_term_string}"},"query-input":{"@type":"PropertyValueSpecification","valueRequired":true,"valueName":"search_term_string"}}],"inLanguage":"es"},{"@type":"Organization","@id":"https:\/\/centrourbano.com\/revista\/#organization","name":"Centro Urbano","url":"https:\/\/centrourbano.com\/revista\/","logo":{"@type":"ImageObject","inLanguage":"es","@id":"https:\/\/centrourbano.com\/revista\/#\/schema\/logo\/image\/","url":"https:\/\/centrourbano.com\/revista\/wp-content\/uploads\/web_CU_logo-1.png","contentUrl":"https:\/\/centrourbano.com\/revista\/wp-content\/uploads\/web_CU_logo-1.png","width":350,"height":91,"caption":"Centro Urbano"},"image":{"@id":"https:\/\/centrourbano.com\/revista\/#\/schema\/logo\/image\/"},"sameAs":["https:\/\/www.facebook.com\/portalcentrourbano","https:\/\/x.com\/CentroUrbano","https:\/\/www.instagram.com\/centro_urbano\/","https:\/\/www.linkedin.com\/company\/centro-urbano\/","http:\/\/www.youtube.com\/user\/portalcentrourbano"]},{"@type":"Person","@id":"https:\/\/centrourbano.com\/revista\/#\/schema\/person\/e8e98aef19f73a60695de7576d34c43c","name":"Hanae Pacheco","image":{"@type":"ImageObject","inLanguage":"es","@id":"https:\/\/secure.gravatar.com\/avatar\/85378918db488c7c72bd7acaea6909bbfd5df076ffaf5e56cf397f98ef67f72d?s=96&d=mm&r=g","url":"https:\/\/secure.gravatar.com\/avatar\/85378918db488c7c72bd7acaea6909bbfd5df076ffaf5e56cf397f98ef67f72d?s=96&d=mm&r=g","contentUrl":"https:\/\/secure.gravatar.com\/avatar\/85378918db488c7c72bd7acaea6909bbfd5df076ffaf5e56cf397f98ef67f72d?s=96&d=mm&r=g","caption":"Hanae Pacheco"},"url":"https:\/\/centrourbano.com\/revista\/author\/hanae-pacheco\/"}]}},"_links":{"self":[{"href":"https:\/\/centrourbano.com\/revista\/wp-json\/wp\/v2\/posts\/48666","targetHints":{"allow":["GET"]}}],"collection":[{"href":"https:\/\/centrourbano.com\/revista\/wp-json\/wp\/v2\/posts"}],"about":[{"href":"https:\/\/centrourbano.com\/revista\/wp-json\/wp\/v2\/types\/post"}],"author":[{"embeddable":true,"href":"https:\/\/centrourbano.com\/revista\/wp-json\/wp\/v2\/users\/45"}],"replies":[{"embeddable":true,"href":"https:\/\/centrourbano.com\/revista\/wp-json\/wp\/v2\/comments?post=48666"}],"version-history":[{"count":0,"href":"https:\/\/centrourbano.com\/revista\/wp-json\/wp\/v2\/posts\/48666\/revisions"}],"wp:featuredmedia":[{"embeddable":true,"href":"https:\/\/centrourbano.com\/revista\/wp-json\/wp\/v2\/media\/48667"}],"wp:attachment":[{"href":"https:\/\/centrourbano.com\/revista\/wp-json\/wp\/v2\/media?parent=48666"}],"wp:term":[{"taxonomy":"category","embeddable":true,"href":"https:\/\/centrourbano.com\/revista\/wp-json\/wp\/v2\/categories?post=48666"},{"taxonomy":"post_tag","embeddable":true,"href":"https:\/\/centrourbano.com\/revista\/wp-json\/wp\/v2\/tags?post=48666"}],"curies":[{"name":"wp","href":"https:\/\/api.w.org\/{rel}","templated":true}]}}