{"id":48539,"date":"2017-02-07T13:16:43","date_gmt":"2017-02-07T19:16:43","guid":{"rendered":"https:\/\/centrourbano.com\/?p=48539"},"modified":"2017-02-07T13:16:43","modified_gmt":"2017-02-07T19:16:43","slug":"iniciaran-trabajos-modernizacion-hospital-slp","status":"publish","type":"post","link":"https:\/\/centrourbano.com\/revista\/construccion\/iniciaran-trabajos-modernizacion-hospital-slp\/","title":{"rendered":"Iniciar\u00e1n trabajos de modernizaci\u00f3n en hospital de SLP"},"content":{"rendered":"<p><em>Las obras iniciar\u00e1n a mediados de este a\u00f1o con una inversi\u00f3n de 14 mmdp<\/em><!--more--><\/p>\n<p>El secretario de Salud del gobierno federal de San Luis Potos\u00ed, Jos\u00e9 Ram\u00f3n Narro, anunci\u00f3 que est\u00e1 en marcha el compromiso y los recursos para iniciar las obras de modernizaci\u00f3n del Hospital Central Ignacio Morones Prieto, para finales de este a\u00f1o.<\/p>\n<p>Expres\u00f3 que las obras en este nosocomio de la capital potosina, buscar\u00e1n la ampliaci\u00f3n para consulta externa y hospitalizaci\u00f3n, ya que es necesario fortalecer el tema de las especialidades.<\/p>\n<p>Adem\u00e1s, \u201cel Hospital Central es un ejemplo de la medicina mexicana por su servicio, que no solo es para las y los potosinos, sino tambi\u00e9n para los pacientes provenientes de todas partes de la rep\u00fablica mexicana, adem\u00e1s de que ha formado a los mejores m\u00e9dicos de San Luis Potos\u00ed y de M\u00e9xico y ha logrado mezclar la investigaci\u00f3n con el compromiso social\u201d, indic\u00f3 Ram\u00f3n Narro.<\/p>\n<p>Por otro lado, en abasto de medicamentos, reconoci\u00f3 que existen carencias en las entidades, sin embargo destac\u00f3 que se trabaja para incorporar a m\u00e1s estados y hospitales e institutos federales a la compra consolidada del sector salud, y esto ha permitido hacer eficiente la inversi\u00f3n en este rubro en m\u00e1s de 14,000 millones de pesos. <\/p>\n<p>Finalmente, remarc\u00f3, que esta investigaci\u00f3n tiene que ser un ejemplo, tiene de una acci\u00f3n paradigm\u00e1tica de lucha, contra ineficiencia, contra la corrupci\u00f3n, ya que \u201ccon la salud de la gente, no se puede permit\u00ed absolutamente nada\u201d. <\/p>\n","protected":false},"excerpt":{"rendered":"<p>Las obras iniciar\u00e1n a mediados de este a\u00f1o con una inversi\u00f3n de 14 mmdp<\/p>\n","protected":false},"author":42,"featured_media":48540,"comment_status":"open","ping_status":"closed","sticky":false,"template":"","format":"standard","meta":{"om_disable_all_campaigns":false,"inline_featured_image":false,"_monsterinsights_skip_tracking":false,"_monsterinsights_sitenote_active":false,"_monsterinsights_sitenote_note":"","_monsterinsights_sitenote_category":0,"footnotes":""},"categories":[14],"tags":[4260,971],"class_list":["post-48539","post","type-post","status-publish","format-standard","has-post-thumbnail","hentry","category-construccion","tag-modernizacion","tag-slp"],"yoast_head":"<!-- This site is optimized with the Yoast SEO plugin v27.5 - https:\/\/yoast.com\/product\/yoast-seo-wordpress\/ -->\n<title>Iniciar\u00e1n trabajos de modernizaci\u00f3n en hospital de SLP -<\/title>\n<meta name=\"description\" content=\"El secretario de Salud del gobierno federal de San Luis Potos\u00ed, Jos\u00e9 Ram\u00f3n Narro, anunci\u00f3 que est\u00e1 en marcha el compromiso y los recursos para iniciar las obras de modernizaci\u00f3n del Hospital Central Ignacio Morones Prieto, para finales de este a\u00f1o.\" \/>\n<meta name=\"robots\" content=\"index, follow, max-snippet:-1, max-image-preview:large, max-video-preview:-1\" \/>\n<link rel=\"canonical\" href=\"https:\/\/centrourbano.com\/revista\/construccion\/iniciaran-trabajos-modernizacion-hospital-slp\/\" \/>\n<meta property=\"og:locale\" content=\"es_ES\" \/>\n<meta property=\"og:type\" content=\"article\" \/>\n<meta property=\"og:title\" content=\"Iniciar\u00e1n trabajos de modernizaci\u00f3n en hospital de SLP -\" \/>\n<meta property=\"og:description\" content=\"El secretario de Salud del gobierno federal de San Luis Potos\u00ed, Jos\u00e9 Ram\u00f3n Narro, anunci\u00f3 que est\u00e1 en marcha el compromiso y los recursos para iniciar las obras de modernizaci\u00f3n del Hospital Central Ignacio Morones Prieto, para finales de este a\u00f1o.\" \/>\n<meta property=\"og:url\" content=\"https:\/\/centrourbano.com\/revista\/construccion\/iniciaran-trabajos-modernizacion-hospital-slp\/\" \/>\n<meta property=\"og:site_name\" content=\"Centro Urbano\" \/>\n<meta property=\"article:publisher\" content=\"https:\/\/www.facebook.com\/portalcentrourbano\" \/>\n<meta property=\"article:published_time\" content=\"2017-02-07T19:16:43+00:00\" \/>\n<meta property=\"og:image\" content=\"https:\/\/centrourbano.com\/revista\/wp-content\/uploads\/photo-5.jpg\" \/>\n\t<meta property=\"og:image:width\" content=\"400\" \/>\n\t<meta property=\"og:image:height\" content=\"300\" \/>\n\t<meta property=\"og:image:type\" content=\"image\/jpeg\" \/>\n<meta name=\"author\" content=\"Priscila D\u00edaz\" \/>\n<meta name=\"twitter:card\" content=\"summary_large_image\" \/>\n<meta name=\"twitter:creator\" content=\"@CentroUrbano\" \/>\n<meta name=\"twitter:site\" content=\"@CentroUrbano\" \/>\n<meta name=\"twitter:label1\" content=\"Escrito por\" \/>\n\t<meta name=\"twitter:data1\" content=\"Priscila D\u00edaz\" \/>\n\t<meta name=\"twitter:label2\" content=\"Tiempo de lectura\" \/>\n\t<meta name=\"twitter:data2\" content=\"1 minuto\" \/>\n<script type=\"application\/ld+json\" class=\"yoast-schema-graph\">{\"@context\":\"https:\\\/\\\/schema.org\",\"@graph\":[{\"@type\":\"Article\",\"@id\":\"https:\\\/\\\/centrourbano.com\\\/revista\\\/construccion\\\/iniciaran-trabajos-modernizacion-hospital-slp\\\/#article\",\"isPartOf\":{\"@id\":\"https:\\\/\\\/centrourbano.com\\\/revista\\\/construccion\\\/iniciaran-trabajos-modernizacion-hospital-slp\\\/\"},\"author\":{\"name\":\"Priscila D\u00edaz\",\"@id\":\"https:\\\/\\\/centrourbano.com\\\/revista\\\/#\\\/schema\\\/person\\\/97e0e5e1f84fc331e58993c6cb96c1ea\"},\"headline\":\"Iniciar\u00e1n trabajos de modernizaci\u00f3n en hospital de SLP\",\"datePublished\":\"2017-02-07T19:16:43+00:00\",\"mainEntityOfPage\":{\"@id\":\"https:\\\/\\\/centrourbano.com\\\/revista\\\/construccion\\\/iniciaran-trabajos-modernizacion-hospital-slp\\\/\"},\"wordCount\":272,\"commentCount\":0,\"publisher\":{\"@id\":\"https:\\\/\\\/centrourbano.com\\\/revista\\\/#organization\"},\"image\":{\"@id\":\"https:\\\/\\\/centrourbano.com\\\/revista\\\/construccion\\\/iniciaran-trabajos-modernizacion-hospital-slp\\\/#primaryimage\"},\"thumbnailUrl\":\"https:\\\/\\\/centrourbano.com\\\/revista\\\/wp-content\\\/uploads\\\/photo-5.jpg\",\"keywords\":[\"modernizaci\u00f3n\",\"SLP\"],\"articleSection\":[\"Construcci\u00f3n\"],\"inLanguage\":\"es\",\"potentialAction\":[{\"@type\":\"CommentAction\",\"name\":\"Comment\",\"target\":[\"https:\\\/\\\/centrourbano.com\\\/revista\\\/construccion\\\/iniciaran-trabajos-modernizacion-hospital-slp\\\/#respond\"]}]},{\"@type\":\"WebPage\",\"@id\":\"https:\\\/\\\/centrourbano.com\\\/revista\\\/construccion\\\/iniciaran-trabajos-modernizacion-hospital-slp\\\/\",\"url\":\"https:\\\/\\\/centrourbano.com\\\/revista\\\/construccion\\\/iniciaran-trabajos-modernizacion-hospital-slp\\\/\",\"name\":\"Iniciar\u00e1n trabajos de modernizaci\u00f3n en hospital de SLP -\",\"isPartOf\":{\"@id\":\"https:\\\/\\\/centrourbano.com\\\/revista\\\/#website\"},\"primaryImageOfPage\":{\"@id\":\"https:\\\/\\\/centrourbano.com\\\/revista\\\/construccion\\\/iniciaran-trabajos-modernizacion-hospital-slp\\\/#primaryimage\"},\"image\":{\"@id\":\"https:\\\/\\\/centrourbano.com\\\/revista\\\/construccion\\\/iniciaran-trabajos-modernizacion-hospital-slp\\\/#primaryimage\"},\"thumbnailUrl\":\"https:\\\/\\\/centrourbano.com\\\/revista\\\/wp-content\\\/uploads\\\/photo-5.jpg\",\"datePublished\":\"2017-02-07T19:16:43+00:00\",\"description\":\"El secretario de Salud del gobierno federal de San Luis Potos\u00ed, Jos\u00e9 Ram\u00f3n Narro, anunci\u00f3 que est\u00e1 en marcha el compromiso y los recursos para iniciar las obras de modernizaci\u00f3n del Hospital Central Ignacio Morones Prieto, para finales de este a\u00f1o.\",\"breadcrumb\":{\"@id\":\"https:\\\/\\\/centrourbano.com\\\/revista\\\/construccion\\\/iniciaran-trabajos-modernizacion-hospital-slp\\\/#breadcrumb\"},\"inLanguage\":\"es\",\"potentialAction\":[{\"@type\":\"ReadAction\",\"target\":[\"https:\\\/\\\/centrourbano.com\\\/revista\\\/construccion\\\/iniciaran-trabajos-modernizacion-hospital-slp\\\/\"]}]},{\"@type\":\"ImageObject\",\"inLanguage\":\"es\",\"@id\":\"https:\\\/\\\/centrourbano.com\\\/revista\\\/construccion\\\/iniciaran-trabajos-modernizacion-hospital-slp\\\/#primaryimage\",\"url\":\"https:\\\/\\\/centrourbano.com\\\/revista\\\/wp-content\\\/uploads\\\/photo-5.jpg\",\"contentUrl\":\"https:\\\/\\\/centrourbano.com\\\/revista\\\/wp-content\\\/uploads\\\/photo-5.jpg\",\"width\":400,\"height\":300},{\"@type\":\"BreadcrumbList\",\"@id\":\"https:\\\/\\\/centrourbano.com\\\/revista\\\/construccion\\\/iniciaran-trabajos-modernizacion-hospital-slp\\\/#breadcrumb\",\"itemListElement\":[{\"@type\":\"ListItem\",\"position\":1,\"name\":\"Portada\",\"item\":\"https:\\\/\\\/centrourbano.com\\\/revista\\\/\"},{\"@type\":\"ListItem\",\"position\":2,\"name\":\"Iniciar\u00e1n trabajos de modernizaci\u00f3n en hospital de SLP\"}]},{\"@type\":\"WebSite\",\"@id\":\"https:\\\/\\\/centrourbano.com\\\/revista\\\/#website\",\"url\":\"https:\\\/\\\/centrourbano.com\\\/revista\\\/\",\"name\":\"Centro Urbano\",\"description\":\"Medio especializado en los sectores vivienda, inmobiliario, construcci\u00f3n, arquitectura y urbanismo.\",\"publisher\":{\"@id\":\"https:\\\/\\\/centrourbano.com\\\/revista\\\/#organization\"},\"potentialAction\":[{\"@type\":\"SearchAction\",\"target\":{\"@type\":\"EntryPoint\",\"urlTemplate\":\"https:\\\/\\\/centrourbano.com\\\/revista\\\/?s={search_term_string}\"},\"query-input\":{\"@type\":\"PropertyValueSpecification\",\"valueRequired\":true,\"valueName\":\"search_term_string\"}}],\"inLanguage\":\"es\"},{\"@type\":\"Organization\",\"@id\":\"https:\\\/\\\/centrourbano.com\\\/revista\\\/#organization\",\"name\":\"Centro Urbano\",\"url\":\"https:\\\/\\\/centrourbano.com\\\/revista\\\/\",\"logo\":{\"@type\":\"ImageObject\",\"inLanguage\":\"es\",\"@id\":\"https:\\\/\\\/centrourbano.com\\\/revista\\\/#\\\/schema\\\/logo\\\/image\\\/\",\"url\":\"https:\\\/\\\/centrourbano.com\\\/revista\\\/wp-content\\\/uploads\\\/web_CU_logo-1.png\",\"contentUrl\":\"https:\\\/\\\/centrourbano.com\\\/revista\\\/wp-content\\\/uploads\\\/web_CU_logo-1.png\",\"width\":350,\"height\":91,\"caption\":\"Centro Urbano\"},\"image\":{\"@id\":\"https:\\\/\\\/centrourbano.com\\\/revista\\\/#\\\/schema\\\/logo\\\/image\\\/\"},\"sameAs\":[\"https:\\\/\\\/www.facebook.com\\\/portalcentrourbano\",\"https:\\\/\\\/x.com\\\/CentroUrbano\",\"https:\\\/\\\/www.instagram.com\\\/centro_urbano\\\/\",\"https:\\\/\\\/www.linkedin.com\\\/company\\\/centro-urbano\\\/\",\"http:\\\/\\\/www.youtube.com\\\/user\\\/portalcentrourbano\"]},{\"@type\":\"Person\",\"@id\":\"https:\\\/\\\/centrourbano.com\\\/revista\\\/#\\\/schema\\\/person\\\/97e0e5e1f84fc331e58993c6cb96c1ea\",\"name\":\"Priscila D\u00edaz\",\"image\":{\"@type\":\"ImageObject\",\"inLanguage\":\"es\",\"@id\":\"https:\\\/\\\/secure.gravatar.com\\\/avatar\\\/bf28a62a51d45b542a0c3fe4c31a60c3887b5037867f58a6225cbf7479b56636?s=96&d=mm&r=g\",\"url\":\"https:\\\/\\\/secure.gravatar.com\\\/avatar\\\/bf28a62a51d45b542a0c3fe4c31a60c3887b5037867f58a6225cbf7479b56636?s=96&d=mm&r=g\",\"contentUrl\":\"https:\\\/\\\/secure.gravatar.com\\\/avatar\\\/bf28a62a51d45b542a0c3fe4c31a60c3887b5037867f58a6225cbf7479b56636?s=96&d=mm&r=g\",\"caption\":\"Priscila D\u00edaz\"},\"url\":\"https:\\\/\\\/centrourbano.com\\\/revista\\\/author\\\/priscila-diaz\\\/\"}]}<\/script>\n<!-- \/ Yoast SEO plugin. -->","yoast_head_json":{"title":"Iniciar\u00e1n trabajos de modernizaci\u00f3n en hospital de SLP -","description":"El secretario de Salud del gobierno federal de San Luis Potos\u00ed, Jos\u00e9 Ram\u00f3n Narro, anunci\u00f3 que est\u00e1 en marcha el compromiso y los recursos para iniciar las obras de modernizaci\u00f3n del Hospital Central Ignacio Morones Prieto, para finales de este a\u00f1o.","robots":{"index":"index","follow":"follow","max-snippet":"max-snippet:-1","max-image-preview":"max-image-preview:large","max-video-preview":"max-video-preview:-1"},"canonical":"https:\/\/centrourbano.com\/revista\/construccion\/iniciaran-trabajos-modernizacion-hospital-slp\/","og_locale":"es_ES","og_type":"article","og_title":"Iniciar\u00e1n trabajos de modernizaci\u00f3n en hospital de SLP -","og_description":"El secretario de Salud del gobierno federal de San Luis Potos\u00ed, Jos\u00e9 Ram\u00f3n Narro, anunci\u00f3 que est\u00e1 en marcha el compromiso y los recursos para iniciar las obras de modernizaci\u00f3n del Hospital Central Ignacio Morones Prieto, para finales de este a\u00f1o.","og_url":"https:\/\/centrourbano.com\/revista\/construccion\/iniciaran-trabajos-modernizacion-hospital-slp\/","og_site_name":"Centro Urbano","article_publisher":"https:\/\/www.facebook.com\/portalcentrourbano","article_published_time":"2017-02-07T19:16:43+00:00","og_image":[{"width":400,"height":300,"url":"https:\/\/centrourbano.com\/revista\/wp-content\/uploads\/photo-5.jpg","type":"image\/jpeg"}],"author":"Priscila D\u00edaz","twitter_card":"summary_large_image","twitter_creator":"@CentroUrbano","twitter_site":"@CentroUrbano","twitter_misc":{"Escrito por":"Priscila D\u00edaz","Tiempo de lectura":"1 minuto"},"schema":{"@context":"https:\/\/schema.org","@graph":[{"@type":"Article","@id":"https:\/\/centrourbano.com\/revista\/construccion\/iniciaran-trabajos-modernizacion-hospital-slp\/#article","isPartOf":{"@id":"https:\/\/centrourbano.com\/revista\/construccion\/iniciaran-trabajos-modernizacion-hospital-slp\/"},"author":{"name":"Priscila D\u00edaz","@id":"https:\/\/centrourbano.com\/revista\/#\/schema\/person\/97e0e5e1f84fc331e58993c6cb96c1ea"},"headline":"Iniciar\u00e1n trabajos de modernizaci\u00f3n en hospital de SLP","datePublished":"2017-02-07T19:16:43+00:00","mainEntityOfPage":{"@id":"https:\/\/centrourbano.com\/revista\/construccion\/iniciaran-trabajos-modernizacion-hospital-slp\/"},"wordCount":272,"commentCount":0,"publisher":{"@id":"https:\/\/centrourbano.com\/revista\/#organization"},"image":{"@id":"https:\/\/centrourbano.com\/revista\/construccion\/iniciaran-trabajos-modernizacion-hospital-slp\/#primaryimage"},"thumbnailUrl":"https:\/\/centrourbano.com\/revista\/wp-content\/uploads\/photo-5.jpg","keywords":["modernizaci\u00f3n","SLP"],"articleSection":["Construcci\u00f3n"],"inLanguage":"es","potentialAction":[{"@type":"CommentAction","name":"Comment","target":["https:\/\/centrourbano.com\/revista\/construccion\/iniciaran-trabajos-modernizacion-hospital-slp\/#respond"]}]},{"@type":"WebPage","@id":"https:\/\/centrourbano.com\/revista\/construccion\/iniciaran-trabajos-modernizacion-hospital-slp\/","url":"https:\/\/centrourbano.com\/revista\/construccion\/iniciaran-trabajos-modernizacion-hospital-slp\/","name":"Iniciar\u00e1n trabajos de modernizaci\u00f3n en hospital de SLP -","isPartOf":{"@id":"https:\/\/centrourbano.com\/revista\/#website"},"primaryImageOfPage":{"@id":"https:\/\/centrourbano.com\/revista\/construccion\/iniciaran-trabajos-modernizacion-hospital-slp\/#primaryimage"},"image":{"@id":"https:\/\/centrourbano.com\/revista\/construccion\/iniciaran-trabajos-modernizacion-hospital-slp\/#primaryimage"},"thumbnailUrl":"https:\/\/centrourbano.com\/revista\/wp-content\/uploads\/photo-5.jpg","datePublished":"2017-02-07T19:16:43+00:00","description":"El secretario de Salud del gobierno federal de San Luis Potos\u00ed, Jos\u00e9 Ram\u00f3n Narro, anunci\u00f3 que est\u00e1 en marcha el compromiso y los recursos para iniciar las obras de modernizaci\u00f3n del Hospital Central Ignacio Morones Prieto, para finales de este a\u00f1o.","breadcrumb":{"@id":"https:\/\/centrourbano.com\/revista\/construccion\/iniciaran-trabajos-modernizacion-hospital-slp\/#breadcrumb"},"inLanguage":"es","potentialAction":[{"@type":"ReadAction","target":["https:\/\/centrourbano.com\/revista\/construccion\/iniciaran-trabajos-modernizacion-hospital-slp\/"]}]},{"@type":"ImageObject","inLanguage":"es","@id":"https:\/\/centrourbano.com\/revista\/construccion\/iniciaran-trabajos-modernizacion-hospital-slp\/#primaryimage","url":"https:\/\/centrourbano.com\/revista\/wp-content\/uploads\/photo-5.jpg","contentUrl":"https:\/\/centrourbano.com\/revista\/wp-content\/uploads\/photo-5.jpg","width":400,"height":300},{"@type":"BreadcrumbList","@id":"https:\/\/centrourbano.com\/revista\/construccion\/iniciaran-trabajos-modernizacion-hospital-slp\/#breadcrumb","itemListElement":[{"@type":"ListItem","position":1,"name":"Portada","item":"https:\/\/centrourbano.com\/revista\/"},{"@type":"ListItem","position":2,"name":"Iniciar\u00e1n trabajos de modernizaci\u00f3n en hospital de SLP"}]},{"@type":"WebSite","@id":"https:\/\/centrourbano.com\/revista\/#website","url":"https:\/\/centrourbano.com\/revista\/","name":"Centro Urbano","description":"Medio especializado en los sectores vivienda, inmobiliario, construcci\u00f3n, arquitectura y urbanismo.","publisher":{"@id":"https:\/\/centrourbano.com\/revista\/#organization"},"potentialAction":[{"@type":"SearchAction","target":{"@type":"EntryPoint","urlTemplate":"https:\/\/centrourbano.com\/revista\/?s={search_term_string}"},"query-input":{"@type":"PropertyValueSpecification","valueRequired":true,"valueName":"search_term_string"}}],"inLanguage":"es"},{"@type":"Organization","@id":"https:\/\/centrourbano.com\/revista\/#organization","name":"Centro Urbano","url":"https:\/\/centrourbano.com\/revista\/","logo":{"@type":"ImageObject","inLanguage":"es","@id":"https:\/\/centrourbano.com\/revista\/#\/schema\/logo\/image\/","url":"https:\/\/centrourbano.com\/revista\/wp-content\/uploads\/web_CU_logo-1.png","contentUrl":"https:\/\/centrourbano.com\/revista\/wp-content\/uploads\/web_CU_logo-1.png","width":350,"height":91,"caption":"Centro Urbano"},"image":{"@id":"https:\/\/centrourbano.com\/revista\/#\/schema\/logo\/image\/"},"sameAs":["https:\/\/www.facebook.com\/portalcentrourbano","https:\/\/x.com\/CentroUrbano","https:\/\/www.instagram.com\/centro_urbano\/","https:\/\/www.linkedin.com\/company\/centro-urbano\/","http:\/\/www.youtube.com\/user\/portalcentrourbano"]},{"@type":"Person","@id":"https:\/\/centrourbano.com\/revista\/#\/schema\/person\/97e0e5e1f84fc331e58993c6cb96c1ea","name":"Priscila D\u00edaz","image":{"@type":"ImageObject","inLanguage":"es","@id":"https:\/\/secure.gravatar.com\/avatar\/bf28a62a51d45b542a0c3fe4c31a60c3887b5037867f58a6225cbf7479b56636?s=96&d=mm&r=g","url":"https:\/\/secure.gravatar.com\/avatar\/bf28a62a51d45b542a0c3fe4c31a60c3887b5037867f58a6225cbf7479b56636?s=96&d=mm&r=g","contentUrl":"https:\/\/secure.gravatar.com\/avatar\/bf28a62a51d45b542a0c3fe4c31a60c3887b5037867f58a6225cbf7479b56636?s=96&d=mm&r=g","caption":"Priscila D\u00edaz"},"url":"https:\/\/centrourbano.com\/revista\/author\/priscila-diaz\/"}]}},"_links":{"self":[{"href":"https:\/\/centrourbano.com\/revista\/wp-json\/wp\/v2\/posts\/48539","targetHints":{"allow":["GET"]}}],"collection":[{"href":"https:\/\/centrourbano.com\/revista\/wp-json\/wp\/v2\/posts"}],"about":[{"href":"https:\/\/centrourbano.com\/revista\/wp-json\/wp\/v2\/types\/post"}],"author":[{"embeddable":true,"href":"https:\/\/centrourbano.com\/revista\/wp-json\/wp\/v2\/users\/42"}],"replies":[{"embeddable":true,"href":"https:\/\/centrourbano.com\/revista\/wp-json\/wp\/v2\/comments?post=48539"}],"version-history":[{"count":0,"href":"https:\/\/centrourbano.com\/revista\/wp-json\/wp\/v2\/posts\/48539\/revisions"}],"wp:featuredmedia":[{"embeddable":true,"href":"https:\/\/centrourbano.com\/revista\/wp-json\/wp\/v2\/media\/48540"}],"wp:attachment":[{"href":"https:\/\/centrourbano.com\/revista\/wp-json\/wp\/v2\/media?parent=48539"}],"wp:term":[{"taxonomy":"category","embeddable":true,"href":"https:\/\/centrourbano.com\/revista\/wp-json\/wp\/v2\/categories?post=48539"},{"taxonomy":"post_tag","embeddable":true,"href":"https:\/\/centrourbano.com\/revista\/wp-json\/wp\/v2\/tags?post=48539"}],"curies":[{"name":"wp","href":"https:\/\/api.w.org\/{rel}","templated":true}]}}