{"id":48285,"date":"2017-02-01T11:36:54","date_gmt":"2017-02-01T17:36:54","guid":{"rendered":"https:\/\/centrourbano.com\/?p=48285"},"modified":"2017-02-01T11:44:45","modified_gmt":"2017-02-01T17:44:45","slug":"presentan-prototipo-vivienda-sustentable-tlalpan","status":"publish","type":"post","link":"https:\/\/centrourbano.com\/revista\/vivienda\/presentan-prototipo-vivienda-sustentable-tlalpan\/","title":{"rendered":"Presentan prototipo de vivienda sustentable en Tlalpan"},"content":{"rendered":"<p><em>El objetivo, asegur\u00f3 la delegada Claudia Sheinbaum, es generar alternativas que sean amigables con el ambiente para atender a habitantes de zonas con altos \u00edndices de marginaci\u00f3n<\/em><!--more--><\/p>\n<p>En Tlalpan, el gobierno delegacional present\u00f3 un prototipo de vivienda sustentable, fabricado con materiales reciclados y tecnolog\u00edas no contaminantes, con el que buscan \u201cofrecer alternativas de viviendas econ\u00f3micas y amigables con el medio ambiente\u201d. <\/p>\n<p>La presentaci\u00f3n estuvo encabezada por Claudia Sheinbaum Pardo, delgada de Tlalpan, quien destac\u00f3 que el objetivo de este tipo de viviendas es \u201cmejorar la calidad de vida de las personas que viven en zonas con alto \u00edndice de marginaci\u00f3n y al mismo tiempo se disminuya el impacto ambiental que se ha generado\u201d. <\/p>\n<p>De acuerdo a lo expuesto, la vivienda cuenta con sistemas de riego y captaci\u00f3n de agua pluvial, Adem\u00e1s de techo verde, calentadores solares dom\u00e9sticos y reguladores de temperatura naturales.<\/p>\n<p>En este sentido, para la construcci\u00f3n de los muros se emple\u00f3 la t\u00e9cnica conocida como superadobe, la cual consiste en construir estructuras a base de sacos de tierra con cal. En el caso del desarrollo del techo se utilizaron vigas de madera entretejidas y unidas con barro mediante el m\u00e9todo de bahareque.<\/p>\n<p>\u201cPara  el abastecimiento de agua, se implement\u00f3 un sistema de captaci\u00f3n pluvial que desde el techo cubierto de pasto natural, traslada el l\u00edquido hasta la cisterna equipada con un ariete hidr\u00e1ulico que a su vez la  distribuye a toda la casa\u201d, explicaron. <\/p>\n<p>Cabe destacar que el prototipo fue desarrollado en las instalaciones de la Direcci\u00f3n General de Medio Ambiente y Desarrollo Sustentable. <\/p>\n<p>La delegada en Tlalpan inform\u00f3 que la demarcaci\u00f3n firmar\u00e1 un convenio con la Universidad Nacional Aut\u00f3noma de M\u00e9xico (UNAM) y con diversas asociaciones civiles en aras de crear un centro de ecotecnia. <\/p>\n<p>\u201cCon este centro permitiremos a la poblaci\u00f3n de bajos recursos generar sus propias viviendas con tecnolog\u00eda que no da\u00f1e el ambiente. Adem\u00e1s, se ofrecer\u00e1 capacitaci\u00f3n a pobladores que deseen elaborar su vivienda para que el costo se reduzca\u201d, detall\u00f3 la delegaci\u00f3n. <\/p>\n","protected":false},"excerpt":{"rendered":"<p>El objetivo, asegur\u00f3 la delegada Claudia Sheinbaum, es generar alternativas que sean amigables con el ambiente para atender a habitantes de zonas con altos \u00edndices de marginaci\u00f3n<\/p>\n","protected":false},"author":47,"featured_media":48287,"comment_status":"open","ping_status":"closed","sticky":false,"template":"","format":"standard","meta":{"om_disable_all_campaigns":false,"inline_featured_image":false,"_monsterinsights_skip_tracking":false,"_monsterinsights_sitenote_active":false,"_monsterinsights_sitenote_note":"","_monsterinsights_sitenote_category":0,"footnotes":""},"categories":[12],"tags":[9502,157,60],"class_list":["post-48285","post","type-post","status-publish","format-standard","has-post-thumbnail","hentry","category-vivienda","tag-prototipo-de-vivienda-sustentable","tag-tlalpan","tag-vivienda-2"],"yoast_head":"<!-- This site is optimized with the Yoast SEO plugin v27.4 - https:\/\/yoast.com\/product\/yoast-seo-wordpress\/ -->\n<title>Presentan prototipo de vivienda sustentable en Tlalpan -<\/title>\n<meta name=\"description\" content=\"En Tlalpan, el gobierno delegacional present\u00f3 un prototipo de vivienda sustentable, fabricado con materiales reciclados y tecnolog\u00edas no contaminantes, con el que buscan \u201cofrecer alternativas de viviendas econ\u00f3micas y amigables con el medio ambiente\u201d.\" \/>\n<meta name=\"robots\" content=\"index, follow, max-snippet:-1, max-image-preview:large, max-video-preview:-1\" \/>\n<link rel=\"canonical\" href=\"https:\/\/centrourbano.com\/revista\/vivienda\/presentan-prototipo-vivienda-sustentable-tlalpan\/\" \/>\n<meta property=\"og:locale\" content=\"es_ES\" \/>\n<meta property=\"og:type\" content=\"article\" \/>\n<meta property=\"og:title\" content=\"Presentan prototipo de vivienda sustentable en Tlalpan -\" \/>\n<meta property=\"og:description\" content=\"En Tlalpan, el gobierno delegacional present\u00f3 un prototipo de vivienda sustentable, fabricado con materiales reciclados y tecnolog\u00edas no contaminantes, con el que buscan \u201cofrecer alternativas de viviendas econ\u00f3micas y amigables con el medio ambiente\u201d.\" \/>\n<meta property=\"og:url\" content=\"https:\/\/centrourbano.com\/revista\/vivienda\/presentan-prototipo-vivienda-sustentable-tlalpan\/\" \/>\n<meta property=\"og:site_name\" content=\"Centro Urbano\" \/>\n<meta property=\"article:publisher\" content=\"https:\/\/www.facebook.com\/portalcentrourbano\" \/>\n<meta property=\"article:published_time\" content=\"2017-02-01T17:36:54+00:00\" \/>\n<meta property=\"article:modified_time\" content=\"2017-02-01T17:44:45+00:00\" \/>\n<meta property=\"og:image\" content=\"https:\/\/centrourbano.com\/revista\/wp-content\/uploads\/Vivienda-sustentable_Tlalpan-CU.jpeg\" \/>\n\t<meta property=\"og:image:width\" content=\"799\" \/>\n\t<meta property=\"og:image:height\" content=\"600\" \/>\n\t<meta property=\"og:image:type\" content=\"image\/jpeg\" \/>\n<meta name=\"author\" content=\"Edgar Rosas\" \/>\n<meta name=\"twitter:card\" content=\"summary_large_image\" \/>\n<meta name=\"twitter:creator\" content=\"@https:\/\/twitter.com\/ERosasCU?s=09\" \/>\n<meta name=\"twitter:site\" content=\"@CentroUrbano\" \/>\n<meta name=\"twitter:label1\" content=\"Escrito por\" \/>\n\t<meta name=\"twitter:data1\" content=\"Edgar Rosas\" \/>\n\t<meta name=\"twitter:label2\" content=\"Tiempo de lectura\" \/>\n\t<meta name=\"twitter:data2\" content=\"2 minutos\" \/>\n<script type=\"application\/ld+json\" class=\"yoast-schema-graph\">{\"@context\":\"https:\\\/\\\/schema.org\",\"@graph\":[{\"@type\":\"Article\",\"@id\":\"https:\\\/\\\/centrourbano.com\\\/revista\\\/vivienda\\\/presentan-prototipo-vivienda-sustentable-tlalpan\\\/#article\",\"isPartOf\":{\"@id\":\"https:\\\/\\\/centrourbano.com\\\/revista\\\/vivienda\\\/presentan-prototipo-vivienda-sustentable-tlalpan\\\/\"},\"author\":{\"name\":\"Edgar Rosas\",\"@id\":\"https:\\\/\\\/centrourbano.com\\\/revista\\\/#\\\/schema\\\/person\\\/ff3c00651ce5b1630479d2cd0c2e3ac0\"},\"headline\":\"Presentan prototipo de vivienda sustentable en Tlalpan\",\"datePublished\":\"2017-02-01T17:36:54+00:00\",\"dateModified\":\"2017-02-01T17:44:45+00:00\",\"mainEntityOfPage\":{\"@id\":\"https:\\\/\\\/centrourbano.com\\\/revista\\\/vivienda\\\/presentan-prototipo-vivienda-sustentable-tlalpan\\\/\"},\"wordCount\":360,\"commentCount\":0,\"publisher\":{\"@id\":\"https:\\\/\\\/centrourbano.com\\\/revista\\\/#organization\"},\"image\":{\"@id\":\"https:\\\/\\\/centrourbano.com\\\/revista\\\/vivienda\\\/presentan-prototipo-vivienda-sustentable-tlalpan\\\/#primaryimage\"},\"thumbnailUrl\":\"https:\\\/\\\/centrourbano.com\\\/revista\\\/wp-content\\\/uploads\\\/Vivienda-sustentable_Tlalpan-CU.jpeg\",\"keywords\":[\"prototipo de vivienda sustentable\",\"Tlalpan\",\"vivienda\"],\"articleSection\":[\"Vivienda\"],\"inLanguage\":\"es\",\"potentialAction\":[{\"@type\":\"CommentAction\",\"name\":\"Comment\",\"target\":[\"https:\\\/\\\/centrourbano.com\\\/revista\\\/vivienda\\\/presentan-prototipo-vivienda-sustentable-tlalpan\\\/#respond\"]}]},{\"@type\":\"WebPage\",\"@id\":\"https:\\\/\\\/centrourbano.com\\\/revista\\\/vivienda\\\/presentan-prototipo-vivienda-sustentable-tlalpan\\\/\",\"url\":\"https:\\\/\\\/centrourbano.com\\\/revista\\\/vivienda\\\/presentan-prototipo-vivienda-sustentable-tlalpan\\\/\",\"name\":\"Presentan prototipo de vivienda sustentable en Tlalpan -\",\"isPartOf\":{\"@id\":\"https:\\\/\\\/centrourbano.com\\\/revista\\\/#website\"},\"primaryImageOfPage\":{\"@id\":\"https:\\\/\\\/centrourbano.com\\\/revista\\\/vivienda\\\/presentan-prototipo-vivienda-sustentable-tlalpan\\\/#primaryimage\"},\"image\":{\"@id\":\"https:\\\/\\\/centrourbano.com\\\/revista\\\/vivienda\\\/presentan-prototipo-vivienda-sustentable-tlalpan\\\/#primaryimage\"},\"thumbnailUrl\":\"https:\\\/\\\/centrourbano.com\\\/revista\\\/wp-content\\\/uploads\\\/Vivienda-sustentable_Tlalpan-CU.jpeg\",\"datePublished\":\"2017-02-01T17:36:54+00:00\",\"dateModified\":\"2017-02-01T17:44:45+00:00\",\"description\":\"En Tlalpan, el gobierno delegacional present\u00f3 un prototipo de vivienda sustentable, fabricado con materiales reciclados y tecnolog\u00edas no contaminantes, con el que buscan \u201cofrecer alternativas de viviendas econ\u00f3micas y amigables con el medio ambiente\u201d.\",\"breadcrumb\":{\"@id\":\"https:\\\/\\\/centrourbano.com\\\/revista\\\/vivienda\\\/presentan-prototipo-vivienda-sustentable-tlalpan\\\/#breadcrumb\"},\"inLanguage\":\"es\",\"potentialAction\":[{\"@type\":\"ReadAction\",\"target\":[\"https:\\\/\\\/centrourbano.com\\\/revista\\\/vivienda\\\/presentan-prototipo-vivienda-sustentable-tlalpan\\\/\"]}]},{\"@type\":\"ImageObject\",\"inLanguage\":\"es\",\"@id\":\"https:\\\/\\\/centrourbano.com\\\/revista\\\/vivienda\\\/presentan-prototipo-vivienda-sustentable-tlalpan\\\/#primaryimage\",\"url\":\"https:\\\/\\\/centrourbano.com\\\/revista\\\/wp-content\\\/uploads\\\/Vivienda-sustentable_Tlalpan-CU.jpeg\",\"contentUrl\":\"https:\\\/\\\/centrourbano.com\\\/revista\\\/wp-content\\\/uploads\\\/Vivienda-sustentable_Tlalpan-CU.jpeg\",\"width\":799,\"height\":600,\"caption\":\"El objetivo, asegur\u00f3 la delegada Claudia Sheinbaum, es generar alternativas para atender a habitantes de zonas con altos \u00edndices de marginaci\u00f3n y que sean amigables con el ambiente\"},{\"@type\":\"BreadcrumbList\",\"@id\":\"https:\\\/\\\/centrourbano.com\\\/revista\\\/vivienda\\\/presentan-prototipo-vivienda-sustentable-tlalpan\\\/#breadcrumb\",\"itemListElement\":[{\"@type\":\"ListItem\",\"position\":1,\"name\":\"Portada\",\"item\":\"https:\\\/\\\/centrourbano.com\\\/revista\\\/\"},{\"@type\":\"ListItem\",\"position\":2,\"name\":\"Presentan prototipo de vivienda sustentable en Tlalpan\"}]},{\"@type\":\"WebSite\",\"@id\":\"https:\\\/\\\/centrourbano.com\\\/revista\\\/#website\",\"url\":\"https:\\\/\\\/centrourbano.com\\\/revista\\\/\",\"name\":\"Centro Urbano\",\"description\":\"Medio especializado en los sectores vivienda, inmobiliario, construcci\u00f3n, arquitectura y urbanismo.\",\"publisher\":{\"@id\":\"https:\\\/\\\/centrourbano.com\\\/revista\\\/#organization\"},\"potentialAction\":[{\"@type\":\"SearchAction\",\"target\":{\"@type\":\"EntryPoint\",\"urlTemplate\":\"https:\\\/\\\/centrourbano.com\\\/revista\\\/?s={search_term_string}\"},\"query-input\":{\"@type\":\"PropertyValueSpecification\",\"valueRequired\":true,\"valueName\":\"search_term_string\"}}],\"inLanguage\":\"es\"},{\"@type\":\"Organization\",\"@id\":\"https:\\\/\\\/centrourbano.com\\\/revista\\\/#organization\",\"name\":\"Centro Urbano\",\"url\":\"https:\\\/\\\/centrourbano.com\\\/revista\\\/\",\"logo\":{\"@type\":\"ImageObject\",\"inLanguage\":\"es\",\"@id\":\"https:\\\/\\\/centrourbano.com\\\/revista\\\/#\\\/schema\\\/logo\\\/image\\\/\",\"url\":\"https:\\\/\\\/centrourbano.com\\\/revista\\\/wp-content\\\/uploads\\\/web_CU_logo-1.png\",\"contentUrl\":\"https:\\\/\\\/centrourbano.com\\\/revista\\\/wp-content\\\/uploads\\\/web_CU_logo-1.png\",\"width\":350,\"height\":91,\"caption\":\"Centro Urbano\"},\"image\":{\"@id\":\"https:\\\/\\\/centrourbano.com\\\/revista\\\/#\\\/schema\\\/logo\\\/image\\\/\"},\"sameAs\":[\"https:\\\/\\\/www.facebook.com\\\/portalcentrourbano\",\"https:\\\/\\\/x.com\\\/CentroUrbano\",\"https:\\\/\\\/www.instagram.com\\\/centro_urbano\\\/\",\"https:\\\/\\\/www.linkedin.com\\\/company\\\/centro-urbano\\\/\",\"http:\\\/\\\/www.youtube.com\\\/user\\\/portalcentrourbano\"]},{\"@type\":\"Person\",\"@id\":\"https:\\\/\\\/centrourbano.com\\\/revista\\\/#\\\/schema\\\/person\\\/ff3c00651ce5b1630479d2cd0c2e3ac0\",\"name\":\"Edgar Rosas\",\"image\":{\"@type\":\"ImageObject\",\"inLanguage\":\"es\",\"@id\":\"https:\\\/\\\/secure.gravatar.com\\\/avatar\\\/94440c4283495211faa5300bf85e80061036b83fced868c3783aa1310b350d9c?s=96&d=mm&r=g\",\"url\":\"https:\\\/\\\/secure.gravatar.com\\\/avatar\\\/94440c4283495211faa5300bf85e80061036b83fced868c3783aa1310b350d9c?s=96&d=mm&r=g\",\"contentUrl\":\"https:\\\/\\\/secure.gravatar.com\\\/avatar\\\/94440c4283495211faa5300bf85e80061036b83fced868c3783aa1310b350d9c?s=96&d=mm&r=g\",\"caption\":\"Edgar Rosas\"},\"description\":\"Editor en Jefe de Centro Urbano. Egresado de la maestr\u00eda en Periodismo Pol\u00edtico de la Escuela de Periodismo Carlos Septi\u00e9n Garc\u00eda (EPCSG). Estudi\u00f3 la licenciatura en Comunicaci\u00f3n en la Universidad Mexicana. Amante de la cr\u00f3nica y el reportaje. Admirador de Vicente Le\u00f1ero y Miguel \u00c1ngel Granados Chapa.\",\"sameAs\":[\"https:\\\/\\\/x.com\\\/https:\\\/\\\/twitter.com\\\/ERosasCU?s=09\"],\"url\":\"https:\\\/\\\/centrourbano.com\\\/revista\\\/author\\\/edgar-rosas\\\/\"}]}<\/script>\n<!-- \/ Yoast SEO plugin. -->","yoast_head_json":{"title":"Presentan prototipo de vivienda sustentable en Tlalpan -","description":"En Tlalpan, el gobierno delegacional present\u00f3 un prototipo de vivienda sustentable, fabricado con materiales reciclados y tecnolog\u00edas no contaminantes, con el que buscan \u201cofrecer alternativas de viviendas econ\u00f3micas y amigables con el medio ambiente\u201d.","robots":{"index":"index","follow":"follow","max-snippet":"max-snippet:-1","max-image-preview":"max-image-preview:large","max-video-preview":"max-video-preview:-1"},"canonical":"https:\/\/centrourbano.com\/revista\/vivienda\/presentan-prototipo-vivienda-sustentable-tlalpan\/","og_locale":"es_ES","og_type":"article","og_title":"Presentan prototipo de vivienda sustentable en Tlalpan -","og_description":"En Tlalpan, el gobierno delegacional present\u00f3 un prototipo de vivienda sustentable, fabricado con materiales reciclados y tecnolog\u00edas no contaminantes, con el que buscan \u201cofrecer alternativas de viviendas econ\u00f3micas y amigables con el medio ambiente\u201d.","og_url":"https:\/\/centrourbano.com\/revista\/vivienda\/presentan-prototipo-vivienda-sustentable-tlalpan\/","og_site_name":"Centro Urbano","article_publisher":"https:\/\/www.facebook.com\/portalcentrourbano","article_published_time":"2017-02-01T17:36:54+00:00","article_modified_time":"2017-02-01T17:44:45+00:00","og_image":[{"width":799,"height":600,"url":"https:\/\/centrourbano.com\/revista\/wp-content\/uploads\/Vivienda-sustentable_Tlalpan-CU.jpeg","type":"image\/jpeg"}],"author":"Edgar Rosas","twitter_card":"summary_large_image","twitter_creator":"@https:\/\/twitter.com\/ERosasCU?s=09","twitter_site":"@CentroUrbano","twitter_misc":{"Escrito por":"Edgar Rosas","Tiempo de lectura":"2 minutos"},"schema":{"@context":"https:\/\/schema.org","@graph":[{"@type":"Article","@id":"https:\/\/centrourbano.com\/revista\/vivienda\/presentan-prototipo-vivienda-sustentable-tlalpan\/#article","isPartOf":{"@id":"https:\/\/centrourbano.com\/revista\/vivienda\/presentan-prototipo-vivienda-sustentable-tlalpan\/"},"author":{"name":"Edgar Rosas","@id":"https:\/\/centrourbano.com\/revista\/#\/schema\/person\/ff3c00651ce5b1630479d2cd0c2e3ac0"},"headline":"Presentan prototipo de vivienda sustentable en Tlalpan","datePublished":"2017-02-01T17:36:54+00:00","dateModified":"2017-02-01T17:44:45+00:00","mainEntityOfPage":{"@id":"https:\/\/centrourbano.com\/revista\/vivienda\/presentan-prototipo-vivienda-sustentable-tlalpan\/"},"wordCount":360,"commentCount":0,"publisher":{"@id":"https:\/\/centrourbano.com\/revista\/#organization"},"image":{"@id":"https:\/\/centrourbano.com\/revista\/vivienda\/presentan-prototipo-vivienda-sustentable-tlalpan\/#primaryimage"},"thumbnailUrl":"https:\/\/centrourbano.com\/revista\/wp-content\/uploads\/Vivienda-sustentable_Tlalpan-CU.jpeg","keywords":["prototipo de vivienda sustentable","Tlalpan","vivienda"],"articleSection":["Vivienda"],"inLanguage":"es","potentialAction":[{"@type":"CommentAction","name":"Comment","target":["https:\/\/centrourbano.com\/revista\/vivienda\/presentan-prototipo-vivienda-sustentable-tlalpan\/#respond"]}]},{"@type":"WebPage","@id":"https:\/\/centrourbano.com\/revista\/vivienda\/presentan-prototipo-vivienda-sustentable-tlalpan\/","url":"https:\/\/centrourbano.com\/revista\/vivienda\/presentan-prototipo-vivienda-sustentable-tlalpan\/","name":"Presentan prototipo de vivienda sustentable en Tlalpan -","isPartOf":{"@id":"https:\/\/centrourbano.com\/revista\/#website"},"primaryImageOfPage":{"@id":"https:\/\/centrourbano.com\/revista\/vivienda\/presentan-prototipo-vivienda-sustentable-tlalpan\/#primaryimage"},"image":{"@id":"https:\/\/centrourbano.com\/revista\/vivienda\/presentan-prototipo-vivienda-sustentable-tlalpan\/#primaryimage"},"thumbnailUrl":"https:\/\/centrourbano.com\/revista\/wp-content\/uploads\/Vivienda-sustentable_Tlalpan-CU.jpeg","datePublished":"2017-02-01T17:36:54+00:00","dateModified":"2017-02-01T17:44:45+00:00","description":"En Tlalpan, el gobierno delegacional present\u00f3 un prototipo de vivienda sustentable, fabricado con materiales reciclados y tecnolog\u00edas no contaminantes, con el que buscan \u201cofrecer alternativas de viviendas econ\u00f3micas y amigables con el medio ambiente\u201d.","breadcrumb":{"@id":"https:\/\/centrourbano.com\/revista\/vivienda\/presentan-prototipo-vivienda-sustentable-tlalpan\/#breadcrumb"},"inLanguage":"es","potentialAction":[{"@type":"ReadAction","target":["https:\/\/centrourbano.com\/revista\/vivienda\/presentan-prototipo-vivienda-sustentable-tlalpan\/"]}]},{"@type":"ImageObject","inLanguage":"es","@id":"https:\/\/centrourbano.com\/revista\/vivienda\/presentan-prototipo-vivienda-sustentable-tlalpan\/#primaryimage","url":"https:\/\/centrourbano.com\/revista\/wp-content\/uploads\/Vivienda-sustentable_Tlalpan-CU.jpeg","contentUrl":"https:\/\/centrourbano.com\/revista\/wp-content\/uploads\/Vivienda-sustentable_Tlalpan-CU.jpeg","width":799,"height":600,"caption":"El objetivo, asegur\u00f3 la delegada Claudia Sheinbaum, es generar alternativas para atender a habitantes de zonas con altos \u00edndices de marginaci\u00f3n y que sean amigables con el ambiente"},{"@type":"BreadcrumbList","@id":"https:\/\/centrourbano.com\/revista\/vivienda\/presentan-prototipo-vivienda-sustentable-tlalpan\/#breadcrumb","itemListElement":[{"@type":"ListItem","position":1,"name":"Portada","item":"https:\/\/centrourbano.com\/revista\/"},{"@type":"ListItem","position":2,"name":"Presentan prototipo de vivienda sustentable en Tlalpan"}]},{"@type":"WebSite","@id":"https:\/\/centrourbano.com\/revista\/#website","url":"https:\/\/centrourbano.com\/revista\/","name":"Centro Urbano","description":"Medio especializado en los sectores vivienda, inmobiliario, construcci\u00f3n, arquitectura y urbanismo.","publisher":{"@id":"https:\/\/centrourbano.com\/revista\/#organization"},"potentialAction":[{"@type":"SearchAction","target":{"@type":"EntryPoint","urlTemplate":"https:\/\/centrourbano.com\/revista\/?s={search_term_string}"},"query-input":{"@type":"PropertyValueSpecification","valueRequired":true,"valueName":"search_term_string"}}],"inLanguage":"es"},{"@type":"Organization","@id":"https:\/\/centrourbano.com\/revista\/#organization","name":"Centro Urbano","url":"https:\/\/centrourbano.com\/revista\/","logo":{"@type":"ImageObject","inLanguage":"es","@id":"https:\/\/centrourbano.com\/revista\/#\/schema\/logo\/image\/","url":"https:\/\/centrourbano.com\/revista\/wp-content\/uploads\/web_CU_logo-1.png","contentUrl":"https:\/\/centrourbano.com\/revista\/wp-content\/uploads\/web_CU_logo-1.png","width":350,"height":91,"caption":"Centro Urbano"},"image":{"@id":"https:\/\/centrourbano.com\/revista\/#\/schema\/logo\/image\/"},"sameAs":["https:\/\/www.facebook.com\/portalcentrourbano","https:\/\/x.com\/CentroUrbano","https:\/\/www.instagram.com\/centro_urbano\/","https:\/\/www.linkedin.com\/company\/centro-urbano\/","http:\/\/www.youtube.com\/user\/portalcentrourbano"]},{"@type":"Person","@id":"https:\/\/centrourbano.com\/revista\/#\/schema\/person\/ff3c00651ce5b1630479d2cd0c2e3ac0","name":"Edgar Rosas","image":{"@type":"ImageObject","inLanguage":"es","@id":"https:\/\/secure.gravatar.com\/avatar\/94440c4283495211faa5300bf85e80061036b83fced868c3783aa1310b350d9c?s=96&d=mm&r=g","url":"https:\/\/secure.gravatar.com\/avatar\/94440c4283495211faa5300bf85e80061036b83fced868c3783aa1310b350d9c?s=96&d=mm&r=g","contentUrl":"https:\/\/secure.gravatar.com\/avatar\/94440c4283495211faa5300bf85e80061036b83fced868c3783aa1310b350d9c?s=96&d=mm&r=g","caption":"Edgar Rosas"},"description":"Editor en Jefe de Centro Urbano. Egresado de la maestr\u00eda en Periodismo Pol\u00edtico de la Escuela de Periodismo Carlos Septi\u00e9n Garc\u00eda (EPCSG). Estudi\u00f3 la licenciatura en Comunicaci\u00f3n en la Universidad Mexicana. Amante de la cr\u00f3nica y el reportaje. Admirador de Vicente Le\u00f1ero y Miguel \u00c1ngel Granados Chapa.","sameAs":["https:\/\/x.com\/https:\/\/twitter.com\/ERosasCU?s=09"],"url":"https:\/\/centrourbano.com\/revista\/author\/edgar-rosas\/"}]}},"_links":{"self":[{"href":"https:\/\/centrourbano.com\/revista\/wp-json\/wp\/v2\/posts\/48285","targetHints":{"allow":["GET"]}}],"collection":[{"href":"https:\/\/centrourbano.com\/revista\/wp-json\/wp\/v2\/posts"}],"about":[{"href":"https:\/\/centrourbano.com\/revista\/wp-json\/wp\/v2\/types\/post"}],"author":[{"embeddable":true,"href":"https:\/\/centrourbano.com\/revista\/wp-json\/wp\/v2\/users\/47"}],"replies":[{"embeddable":true,"href":"https:\/\/centrourbano.com\/revista\/wp-json\/wp\/v2\/comments?post=48285"}],"version-history":[{"count":0,"href":"https:\/\/centrourbano.com\/revista\/wp-json\/wp\/v2\/posts\/48285\/revisions"}],"wp:featuredmedia":[{"embeddable":true,"href":"https:\/\/centrourbano.com\/revista\/wp-json\/wp\/v2\/media\/48287"}],"wp:attachment":[{"href":"https:\/\/centrourbano.com\/revista\/wp-json\/wp\/v2\/media?parent=48285"}],"wp:term":[{"taxonomy":"category","embeddable":true,"href":"https:\/\/centrourbano.com\/revista\/wp-json\/wp\/v2\/categories?post=48285"},{"taxonomy":"post_tag","embeddable":true,"href":"https:\/\/centrourbano.com\/revista\/wp-json\/wp\/v2\/tags?post=48285"}],"curies":[{"name":"wp","href":"https:\/\/api.w.org\/{rel}","templated":true}]}}