{"id":48251,"date":"2017-01-31T18:13:54","date_gmt":"2017-02-01T00:13:54","guid":{"rendered":"https:\/\/centrourbano.com\/?p=48251"},"modified":"2017-02-01T11:44:27","modified_gmt":"2017-02-01T17:44:27","slug":"incremento-salario-minimo-no-afecta-al-credito-infonavit","status":"publish","type":"post","link":"https:\/\/centrourbano.com\/revista\/publicaciones\/incremento-salario-minimo-no-afecta-al-credito-infonavit\/","title":{"rendered":"Incremento de salario m\u00ednimo no afecta al cr\u00e9dito Infonavit"},"content":{"rendered":"<p><em>El salario m\u00ednimo pas\u00f3 de 73.04 a 80.04. Es la primera vez que en 40 a\u00f1os, hay una recuperaci\u00f3n real del salario m\u00ednimo de 15% pero no afecta al cr\u00e9dito Infonavit<\/em><br \/>\n<!--more--><\/p>\n<p>A principios de diciembre, la Comisi\u00f3n Nacional de los Salarios M\u00ednimos (Conasami) acord\u00f3 el incremento del salario m\u00ednimo a partir del  1 de enero de 2017, asegur\u00f3 el Consejo de Representantes de este organismo.<\/p>\n<p>\u201cEs una gran noticia puesto que el salario m\u00ednimo pasa de 73.04 a 80.04. Es la primera vez que en 40 a\u00f1os, hay una recuperaci\u00f3n real del salario m\u00ednimo de 15%\u201d, declar\u00f3 el Presidente de la Rep\u00fablica, Enrique Pe\u00f1a Nieto.<\/p>\n<p>Aunado a este incremento salarial, algunos derechohabientes expresaron su temor a que esto afectara a su cr\u00e9dito del Instituto del Fondo Nacional de la Vivienda para los trabajadores (Infonavit), sin embargo, a trav\u00e9s de un comunicado, el instituto inform\u00f3 que de acuerdo a la reforma de ley de Infonavit creada en abril de este a\u00f1o, los cr\u00e9ditos contratados en Veces Salarios M\u00ednimos (VSM) se trasladar\u00edan a Unidades de Medida y Actualizaci\u00f3n (UMA) a partir de 2017.<\/p>\n<p>Por lo anterior, es importante recordar la reforma al art\u00edculo 39 de la Ley de Infonavit:<\/p>\n<p>Art\u00edculo 39.- El saldo de las subcuentas de vivienda causar\u00e1 intereses a la tasa que determine el Consejo de Administraci\u00f3n del Instituto.<br \/>\nEl inter\u00e9s anual que se acreditar\u00e1 a las subcuentas de vivienda, se integrar\u00e1 con una cantidad b\u00e1sica que se abonar\u00e1 en doce exhibiciones al final de cada uno de los meses de enero a diciembre, m\u00e1s una cantidad de ajuste al cierre del ejercicio.<\/p>\n<p> Para obtener la cantidad b\u00e1sica se aplicar\u00e1n, al saldo de las subcuentas de vivienda, las tasas aplicables a cada una de las denominaciones que integren los activos financieros del Instituto, con base en la proporci\u00f3n que cada una de estas denominaciones guarde sobre la suma del total de los activos financieros. Dichas tasas aplicables ser\u00e1n las siguientes:<\/p>\n<p>Lee la nota completa <a href=\"https:\/\/centrourbano.com\/revista-vivienda-enero-febrero-2017\/\">aqu\u00ed<\/a><\/p>\n","protected":false},"excerpt":{"rendered":"<p>El salario m\u00ednimo pas\u00f3 de 73.04 a 80.04. Es la primera vez que en 40 a\u00f1os, hay una recuperaci\u00f3n real del salario m\u00ednimo de 15% pero no afecta al cr\u00e9dito Infonavit<\/p>\n","protected":false},"author":48,"featured_media":48252,"comment_status":"open","ping_status":"closed","sticky":false,"template":"","format":"standard","meta":{"om_disable_all_campaigns":false,"inline_featured_image":false,"_monsterinsights_skip_tracking":false,"_monsterinsights_sitenote_active":false,"_monsterinsights_sitenote_note":"","_monsterinsights_sitenote_category":0,"footnotes":""},"categories":[4,7860],"tags":[],"class_list":["post-48251","post","type-post","status-publish","format-standard","has-post-thumbnail","hentry","category-publicaciones","category-revista-vivienda"],"yoast_head":"<!-- This site is optimized with the Yoast SEO plugin v27.4 - https:\/\/yoast.com\/product\/yoast-seo-wordpress\/ -->\n<title>Incremento de salario m\u00ednimo no afecta al cr\u00e9dito Infonavit -<\/title>\n<meta name=\"description\" content=\"A principios de diciembre, la Comisi\u00f3n Nacional de los Salarios M\u00ednimos (Conasami) acord\u00f3 el incremento del salario m\u00ednimo a partir del 1 de enero de 2017, asegur\u00f3 el Consejo de Representantes de este organismo.\" \/>\n<meta name=\"robots\" content=\"index, follow, max-snippet:-1, max-image-preview:large, max-video-preview:-1\" \/>\n<link rel=\"canonical\" href=\"https:\/\/centrourbano.com\/revista\/publicaciones\/incremento-salario-minimo-no-afecta-al-credito-infonavit\/\" \/>\n<meta property=\"og:locale\" content=\"es_ES\" \/>\n<meta property=\"og:type\" content=\"article\" \/>\n<meta property=\"og:title\" content=\"Incremento de salario m\u00ednimo no afecta al cr\u00e9dito Infonavit -\" \/>\n<meta property=\"og:description\" content=\"A principios de diciembre, la Comisi\u00f3n Nacional de los Salarios M\u00ednimos (Conasami) acord\u00f3 el incremento del salario m\u00ednimo a partir del 1 de enero de 2017, asegur\u00f3 el Consejo de Representantes de este organismo.\" \/>\n<meta property=\"og:url\" content=\"https:\/\/centrourbano.com\/revista\/publicaciones\/incremento-salario-minimo-no-afecta-al-credito-infonavit\/\" \/>\n<meta property=\"og:site_name\" content=\"Centro Urbano\" \/>\n<meta property=\"article:publisher\" content=\"https:\/\/www.facebook.com\/portalcentrourbano\" \/>\n<meta property=\"article:published_time\" content=\"2017-02-01T00:13:54+00:00\" \/>\n<meta property=\"article:modified_time\" content=\"2017-02-01T17:44:27+00:00\" \/>\n<meta property=\"og:image\" content=\"https:\/\/centrourbano.com\/revista\/wp-content\/uploads\/salario-minimo.jpg\" \/>\n\t<meta property=\"og:image:width\" content=\"698\" \/>\n\t<meta property=\"og:image:height\" content=\"450\" \/>\n\t<meta property=\"og:image:type\" content=\"image\/jpeg\" \/>\n<meta name=\"author\" content=\"Karen Romero\" \/>\n<meta name=\"twitter:card\" content=\"summary_large_image\" \/>\n<meta name=\"twitter:creator\" content=\"@CentroUrbano\" \/>\n<meta name=\"twitter:site\" content=\"@CentroUrbano\" \/>\n<meta name=\"twitter:label1\" content=\"Escrito por\" \/>\n\t<meta name=\"twitter:data1\" content=\"Karen Romero\" \/>\n\t<meta name=\"twitter:label2\" content=\"Tiempo de lectura\" \/>\n\t<meta name=\"twitter:data2\" content=\"2 minutos\" \/>\n<script type=\"application\/ld+json\" class=\"yoast-schema-graph\">{\"@context\":\"https:\\\/\\\/schema.org\",\"@graph\":[{\"@type\":\"Article\",\"@id\":\"https:\\\/\\\/centrourbano.com\\\/revista\\\/publicaciones\\\/incremento-salario-minimo-no-afecta-al-credito-infonavit\\\/#article\",\"isPartOf\":{\"@id\":\"https:\\\/\\\/centrourbano.com\\\/revista\\\/publicaciones\\\/incremento-salario-minimo-no-afecta-al-credito-infonavit\\\/\"},\"author\":{\"name\":\"Karen Romero\",\"@id\":\"https:\\\/\\\/centrourbano.com\\\/revista\\\/#\\\/schema\\\/person\\\/fabae71f13578ba90183557757e26fd6\"},\"headline\":\"Incremento de salario m\u00ednimo no afecta al cr\u00e9dito Infonavit\",\"datePublished\":\"2017-02-01T00:13:54+00:00\",\"dateModified\":\"2017-02-01T17:44:27+00:00\",\"mainEntityOfPage\":{\"@id\":\"https:\\\/\\\/centrourbano.com\\\/revista\\\/publicaciones\\\/incremento-salario-minimo-no-afecta-al-credito-infonavit\\\/\"},\"wordCount\":355,\"commentCount\":0,\"publisher\":{\"@id\":\"https:\\\/\\\/centrourbano.com\\\/revista\\\/#organization\"},\"image\":{\"@id\":\"https:\\\/\\\/centrourbano.com\\\/revista\\\/publicaciones\\\/incremento-salario-minimo-no-afecta-al-credito-infonavit\\\/#primaryimage\"},\"thumbnailUrl\":\"https:\\\/\\\/centrourbano.com\\\/revista\\\/wp-content\\\/uploads\\\/salario-minimo.jpg\",\"articleSection\":[\"Publicaciones\",\"Revista Vivienda\"],\"inLanguage\":\"es\",\"potentialAction\":[{\"@type\":\"CommentAction\",\"name\":\"Comment\",\"target\":[\"https:\\\/\\\/centrourbano.com\\\/revista\\\/publicaciones\\\/incremento-salario-minimo-no-afecta-al-credito-infonavit\\\/#respond\"]}]},{\"@type\":\"WebPage\",\"@id\":\"https:\\\/\\\/centrourbano.com\\\/revista\\\/publicaciones\\\/incremento-salario-minimo-no-afecta-al-credito-infonavit\\\/\",\"url\":\"https:\\\/\\\/centrourbano.com\\\/revista\\\/publicaciones\\\/incremento-salario-minimo-no-afecta-al-credito-infonavit\\\/\",\"name\":\"Incremento de salario m\u00ednimo no afecta al cr\u00e9dito Infonavit -\",\"isPartOf\":{\"@id\":\"https:\\\/\\\/centrourbano.com\\\/revista\\\/#website\"},\"primaryImageOfPage\":{\"@id\":\"https:\\\/\\\/centrourbano.com\\\/revista\\\/publicaciones\\\/incremento-salario-minimo-no-afecta-al-credito-infonavit\\\/#primaryimage\"},\"image\":{\"@id\":\"https:\\\/\\\/centrourbano.com\\\/revista\\\/publicaciones\\\/incremento-salario-minimo-no-afecta-al-credito-infonavit\\\/#primaryimage\"},\"thumbnailUrl\":\"https:\\\/\\\/centrourbano.com\\\/revista\\\/wp-content\\\/uploads\\\/salario-minimo.jpg\",\"datePublished\":\"2017-02-01T00:13:54+00:00\",\"dateModified\":\"2017-02-01T17:44:27+00:00\",\"description\":\"A principios de diciembre, la Comisi\u00f3n Nacional de los Salarios M\u00ednimos (Conasami) acord\u00f3 el incremento del salario m\u00ednimo a partir del 1 de enero de 2017, asegur\u00f3 el Consejo de Representantes de este organismo.\",\"breadcrumb\":{\"@id\":\"https:\\\/\\\/centrourbano.com\\\/revista\\\/publicaciones\\\/incremento-salario-minimo-no-afecta-al-credito-infonavit\\\/#breadcrumb\"},\"inLanguage\":\"es\",\"potentialAction\":[{\"@type\":\"ReadAction\",\"target\":[\"https:\\\/\\\/centrourbano.com\\\/revista\\\/publicaciones\\\/incremento-salario-minimo-no-afecta-al-credito-infonavit\\\/\"]}]},{\"@type\":\"ImageObject\",\"inLanguage\":\"es\",\"@id\":\"https:\\\/\\\/centrourbano.com\\\/revista\\\/publicaciones\\\/incremento-salario-minimo-no-afecta-al-credito-infonavit\\\/#primaryimage\",\"url\":\"https:\\\/\\\/centrourbano.com\\\/revista\\\/wp-content\\\/uploads\\\/salario-minimo.jpg\",\"contentUrl\":\"https:\\\/\\\/centrourbano.com\\\/revista\\\/wp-content\\\/uploads\\\/salario-minimo.jpg\",\"width\":698,\"height\":450,\"caption\":\"El salario m\u00ednimo pas\u00f3 de 73.04 a 80.04. Es la primera vez que en 40 a\u00f1os, hay una recuperaci\u00f3n real del salario m\u00ednimo de 15% pero no afecta al cr\u00e9dito Infonavit\"},{\"@type\":\"BreadcrumbList\",\"@id\":\"https:\\\/\\\/centrourbano.com\\\/revista\\\/publicaciones\\\/incremento-salario-minimo-no-afecta-al-credito-infonavit\\\/#breadcrumb\",\"itemListElement\":[{\"@type\":\"ListItem\",\"position\":1,\"name\":\"Portada\",\"item\":\"https:\\\/\\\/centrourbano.com\\\/revista\\\/\"},{\"@type\":\"ListItem\",\"position\":2,\"name\":\"Incremento de salario m\u00ednimo no afecta al cr\u00e9dito Infonavit\"}]},{\"@type\":\"WebSite\",\"@id\":\"https:\\\/\\\/centrourbano.com\\\/revista\\\/#website\",\"url\":\"https:\\\/\\\/centrourbano.com\\\/revista\\\/\",\"name\":\"Centro Urbano\",\"description\":\"Medio especializado en los sectores vivienda, inmobiliario, construcci\u00f3n, arquitectura y urbanismo.\",\"publisher\":{\"@id\":\"https:\\\/\\\/centrourbano.com\\\/revista\\\/#organization\"},\"potentialAction\":[{\"@type\":\"SearchAction\",\"target\":{\"@type\":\"EntryPoint\",\"urlTemplate\":\"https:\\\/\\\/centrourbano.com\\\/revista\\\/?s={search_term_string}\"},\"query-input\":{\"@type\":\"PropertyValueSpecification\",\"valueRequired\":true,\"valueName\":\"search_term_string\"}}],\"inLanguage\":\"es\"},{\"@type\":\"Organization\",\"@id\":\"https:\\\/\\\/centrourbano.com\\\/revista\\\/#organization\",\"name\":\"Centro Urbano\",\"url\":\"https:\\\/\\\/centrourbano.com\\\/revista\\\/\",\"logo\":{\"@type\":\"ImageObject\",\"inLanguage\":\"es\",\"@id\":\"https:\\\/\\\/centrourbano.com\\\/revista\\\/#\\\/schema\\\/logo\\\/image\\\/\",\"url\":\"https:\\\/\\\/centrourbano.com\\\/revista\\\/wp-content\\\/uploads\\\/web_CU_logo-1.png\",\"contentUrl\":\"https:\\\/\\\/centrourbano.com\\\/revista\\\/wp-content\\\/uploads\\\/web_CU_logo-1.png\",\"width\":350,\"height\":91,\"caption\":\"Centro Urbano\"},\"image\":{\"@id\":\"https:\\\/\\\/centrourbano.com\\\/revista\\\/#\\\/schema\\\/logo\\\/image\\\/\"},\"sameAs\":[\"https:\\\/\\\/www.facebook.com\\\/portalcentrourbano\",\"https:\\\/\\\/x.com\\\/CentroUrbano\",\"https:\\\/\\\/www.instagram.com\\\/centro_urbano\\\/\",\"https:\\\/\\\/www.linkedin.com\\\/company\\\/centro-urbano\\\/\",\"http:\\\/\\\/www.youtube.com\\\/user\\\/portalcentrourbano\"]},{\"@type\":\"Person\",\"@id\":\"https:\\\/\\\/centrourbano.com\\\/revista\\\/#\\\/schema\\\/person\\\/fabae71f13578ba90183557757e26fd6\",\"name\":\"Karen Romero\",\"image\":{\"@type\":\"ImageObject\",\"inLanguage\":\"es\",\"@id\":\"https:\\\/\\\/secure.gravatar.com\\\/avatar\\\/4bf369b19245debf8e54c1f2b5a8393db1fc34cb54c9e6c3cb4ef4ab65ab59c3?s=96&d=mm&r=g\",\"url\":\"https:\\\/\\\/secure.gravatar.com\\\/avatar\\\/4bf369b19245debf8e54c1f2b5a8393db1fc34cb54c9e6c3cb4ef4ab65ab59c3?s=96&d=mm&r=g\",\"contentUrl\":\"https:\\\/\\\/secure.gravatar.com\\\/avatar\\\/4bf369b19245debf8e54c1f2b5a8393db1fc34cb54c9e6c3cb4ef4ab65ab59c3?s=96&d=mm&r=g\",\"caption\":\"Karen Romero\"},\"description\":\"Egresada de la Escuela de Periodismo Carlos Septi\u00e9n Garc\u00eda, con un diplomado en Periodismo Econ\u00f3mico, por la misma instituci\u00f3n, con gusto por los medios impresos especializados y programas de radio. Coordinadora de informaci\u00f3n editorial de Centro Urbano y colaboradora para otros medios de comunicaci\u00f3n en el \u00e1rea de redacci\u00f3n y edici\u00f3n de video. Interesada por la investigaci\u00f3n y seguidora de temas hist\u00f3ricos, adem\u00e1s de tener cierta fascinaci\u00f3n por los temas paranormales. Le gusta leer, cantar, bailar, viajar y escuchar m\u00fasica.\",\"url\":\"https:\\\/\\\/centrourbano.com\\\/revista\\\/author\\\/karen-romero\\\/\"}]}<\/script>\n<!-- \/ Yoast SEO plugin. -->","yoast_head_json":{"title":"Incremento de salario m\u00ednimo no afecta al cr\u00e9dito Infonavit -","description":"A principios de diciembre, la Comisi\u00f3n Nacional de los Salarios M\u00ednimos (Conasami) acord\u00f3 el incremento del salario m\u00ednimo a partir del 1 de enero de 2017, asegur\u00f3 el Consejo de Representantes de este organismo.","robots":{"index":"index","follow":"follow","max-snippet":"max-snippet:-1","max-image-preview":"max-image-preview:large","max-video-preview":"max-video-preview:-1"},"canonical":"https:\/\/centrourbano.com\/revista\/publicaciones\/incremento-salario-minimo-no-afecta-al-credito-infonavit\/","og_locale":"es_ES","og_type":"article","og_title":"Incremento de salario m\u00ednimo no afecta al cr\u00e9dito Infonavit -","og_description":"A principios de diciembre, la Comisi\u00f3n Nacional de los Salarios M\u00ednimos (Conasami) acord\u00f3 el incremento del salario m\u00ednimo a partir del 1 de enero de 2017, asegur\u00f3 el Consejo de Representantes de este organismo.","og_url":"https:\/\/centrourbano.com\/revista\/publicaciones\/incremento-salario-minimo-no-afecta-al-credito-infonavit\/","og_site_name":"Centro Urbano","article_publisher":"https:\/\/www.facebook.com\/portalcentrourbano","article_published_time":"2017-02-01T00:13:54+00:00","article_modified_time":"2017-02-01T17:44:27+00:00","og_image":[{"width":698,"height":450,"url":"https:\/\/centrourbano.com\/revista\/wp-content\/uploads\/salario-minimo.jpg","type":"image\/jpeg"}],"author":"Karen Romero","twitter_card":"summary_large_image","twitter_creator":"@CentroUrbano","twitter_site":"@CentroUrbano","twitter_misc":{"Escrito por":"Karen Romero","Tiempo de lectura":"2 minutos"},"schema":{"@context":"https:\/\/schema.org","@graph":[{"@type":"Article","@id":"https:\/\/centrourbano.com\/revista\/publicaciones\/incremento-salario-minimo-no-afecta-al-credito-infonavit\/#article","isPartOf":{"@id":"https:\/\/centrourbano.com\/revista\/publicaciones\/incremento-salario-minimo-no-afecta-al-credito-infonavit\/"},"author":{"name":"Karen Romero","@id":"https:\/\/centrourbano.com\/revista\/#\/schema\/person\/fabae71f13578ba90183557757e26fd6"},"headline":"Incremento de salario m\u00ednimo no afecta al cr\u00e9dito Infonavit","datePublished":"2017-02-01T00:13:54+00:00","dateModified":"2017-02-01T17:44:27+00:00","mainEntityOfPage":{"@id":"https:\/\/centrourbano.com\/revista\/publicaciones\/incremento-salario-minimo-no-afecta-al-credito-infonavit\/"},"wordCount":355,"commentCount":0,"publisher":{"@id":"https:\/\/centrourbano.com\/revista\/#organization"},"image":{"@id":"https:\/\/centrourbano.com\/revista\/publicaciones\/incremento-salario-minimo-no-afecta-al-credito-infonavit\/#primaryimage"},"thumbnailUrl":"https:\/\/centrourbano.com\/revista\/wp-content\/uploads\/salario-minimo.jpg","articleSection":["Publicaciones","Revista Vivienda"],"inLanguage":"es","potentialAction":[{"@type":"CommentAction","name":"Comment","target":["https:\/\/centrourbano.com\/revista\/publicaciones\/incremento-salario-minimo-no-afecta-al-credito-infonavit\/#respond"]}]},{"@type":"WebPage","@id":"https:\/\/centrourbano.com\/revista\/publicaciones\/incremento-salario-minimo-no-afecta-al-credito-infonavit\/","url":"https:\/\/centrourbano.com\/revista\/publicaciones\/incremento-salario-minimo-no-afecta-al-credito-infonavit\/","name":"Incremento de salario m\u00ednimo no afecta al cr\u00e9dito Infonavit -","isPartOf":{"@id":"https:\/\/centrourbano.com\/revista\/#website"},"primaryImageOfPage":{"@id":"https:\/\/centrourbano.com\/revista\/publicaciones\/incremento-salario-minimo-no-afecta-al-credito-infonavit\/#primaryimage"},"image":{"@id":"https:\/\/centrourbano.com\/revista\/publicaciones\/incremento-salario-minimo-no-afecta-al-credito-infonavit\/#primaryimage"},"thumbnailUrl":"https:\/\/centrourbano.com\/revista\/wp-content\/uploads\/salario-minimo.jpg","datePublished":"2017-02-01T00:13:54+00:00","dateModified":"2017-02-01T17:44:27+00:00","description":"A principios de diciembre, la Comisi\u00f3n Nacional de los Salarios M\u00ednimos (Conasami) acord\u00f3 el incremento del salario m\u00ednimo a partir del 1 de enero de 2017, asegur\u00f3 el Consejo de Representantes de este organismo.","breadcrumb":{"@id":"https:\/\/centrourbano.com\/revista\/publicaciones\/incremento-salario-minimo-no-afecta-al-credito-infonavit\/#breadcrumb"},"inLanguage":"es","potentialAction":[{"@type":"ReadAction","target":["https:\/\/centrourbano.com\/revista\/publicaciones\/incremento-salario-minimo-no-afecta-al-credito-infonavit\/"]}]},{"@type":"ImageObject","inLanguage":"es","@id":"https:\/\/centrourbano.com\/revista\/publicaciones\/incremento-salario-minimo-no-afecta-al-credito-infonavit\/#primaryimage","url":"https:\/\/centrourbano.com\/revista\/wp-content\/uploads\/salario-minimo.jpg","contentUrl":"https:\/\/centrourbano.com\/revista\/wp-content\/uploads\/salario-minimo.jpg","width":698,"height":450,"caption":"El salario m\u00ednimo pas\u00f3 de 73.04 a 80.04. Es la primera vez que en 40 a\u00f1os, hay una recuperaci\u00f3n real del salario m\u00ednimo de 15% pero no afecta al cr\u00e9dito Infonavit"},{"@type":"BreadcrumbList","@id":"https:\/\/centrourbano.com\/revista\/publicaciones\/incremento-salario-minimo-no-afecta-al-credito-infonavit\/#breadcrumb","itemListElement":[{"@type":"ListItem","position":1,"name":"Portada","item":"https:\/\/centrourbano.com\/revista\/"},{"@type":"ListItem","position":2,"name":"Incremento de salario m\u00ednimo no afecta al cr\u00e9dito Infonavit"}]},{"@type":"WebSite","@id":"https:\/\/centrourbano.com\/revista\/#website","url":"https:\/\/centrourbano.com\/revista\/","name":"Centro Urbano","description":"Medio especializado en los sectores vivienda, inmobiliario, construcci\u00f3n, arquitectura y urbanismo.","publisher":{"@id":"https:\/\/centrourbano.com\/revista\/#organization"},"potentialAction":[{"@type":"SearchAction","target":{"@type":"EntryPoint","urlTemplate":"https:\/\/centrourbano.com\/revista\/?s={search_term_string}"},"query-input":{"@type":"PropertyValueSpecification","valueRequired":true,"valueName":"search_term_string"}}],"inLanguage":"es"},{"@type":"Organization","@id":"https:\/\/centrourbano.com\/revista\/#organization","name":"Centro Urbano","url":"https:\/\/centrourbano.com\/revista\/","logo":{"@type":"ImageObject","inLanguage":"es","@id":"https:\/\/centrourbano.com\/revista\/#\/schema\/logo\/image\/","url":"https:\/\/centrourbano.com\/revista\/wp-content\/uploads\/web_CU_logo-1.png","contentUrl":"https:\/\/centrourbano.com\/revista\/wp-content\/uploads\/web_CU_logo-1.png","width":350,"height":91,"caption":"Centro Urbano"},"image":{"@id":"https:\/\/centrourbano.com\/revista\/#\/schema\/logo\/image\/"},"sameAs":["https:\/\/www.facebook.com\/portalcentrourbano","https:\/\/x.com\/CentroUrbano","https:\/\/www.instagram.com\/centro_urbano\/","https:\/\/www.linkedin.com\/company\/centro-urbano\/","http:\/\/www.youtube.com\/user\/portalcentrourbano"]},{"@type":"Person","@id":"https:\/\/centrourbano.com\/revista\/#\/schema\/person\/fabae71f13578ba90183557757e26fd6","name":"Karen Romero","image":{"@type":"ImageObject","inLanguage":"es","@id":"https:\/\/secure.gravatar.com\/avatar\/4bf369b19245debf8e54c1f2b5a8393db1fc34cb54c9e6c3cb4ef4ab65ab59c3?s=96&d=mm&r=g","url":"https:\/\/secure.gravatar.com\/avatar\/4bf369b19245debf8e54c1f2b5a8393db1fc34cb54c9e6c3cb4ef4ab65ab59c3?s=96&d=mm&r=g","contentUrl":"https:\/\/secure.gravatar.com\/avatar\/4bf369b19245debf8e54c1f2b5a8393db1fc34cb54c9e6c3cb4ef4ab65ab59c3?s=96&d=mm&r=g","caption":"Karen Romero"},"description":"Egresada de la Escuela de Periodismo Carlos Septi\u00e9n Garc\u00eda, con un diplomado en Periodismo Econ\u00f3mico, por la misma instituci\u00f3n, con gusto por los medios impresos especializados y programas de radio. Coordinadora de informaci\u00f3n editorial de Centro Urbano y colaboradora para otros medios de comunicaci\u00f3n en el \u00e1rea de redacci\u00f3n y edici\u00f3n de video. Interesada por la investigaci\u00f3n y seguidora de temas hist\u00f3ricos, adem\u00e1s de tener cierta fascinaci\u00f3n por los temas paranormales. Le gusta leer, cantar, bailar, viajar y escuchar m\u00fasica.","url":"https:\/\/centrourbano.com\/revista\/author\/karen-romero\/"}]}},"_links":{"self":[{"href":"https:\/\/centrourbano.com\/revista\/wp-json\/wp\/v2\/posts\/48251","targetHints":{"allow":["GET"]}}],"collection":[{"href":"https:\/\/centrourbano.com\/revista\/wp-json\/wp\/v2\/posts"}],"about":[{"href":"https:\/\/centrourbano.com\/revista\/wp-json\/wp\/v2\/types\/post"}],"author":[{"embeddable":true,"href":"https:\/\/centrourbano.com\/revista\/wp-json\/wp\/v2\/users\/48"}],"replies":[{"embeddable":true,"href":"https:\/\/centrourbano.com\/revista\/wp-json\/wp\/v2\/comments?post=48251"}],"version-history":[{"count":0,"href":"https:\/\/centrourbano.com\/revista\/wp-json\/wp\/v2\/posts\/48251\/revisions"}],"wp:featuredmedia":[{"embeddable":true,"href":"https:\/\/centrourbano.com\/revista\/wp-json\/wp\/v2\/media\/48252"}],"wp:attachment":[{"href":"https:\/\/centrourbano.com\/revista\/wp-json\/wp\/v2\/media?parent=48251"}],"wp:term":[{"taxonomy":"category","embeddable":true,"href":"https:\/\/centrourbano.com\/revista\/wp-json\/wp\/v2\/categories?post=48251"},{"taxonomy":"post_tag","embeddable":true,"href":"https:\/\/centrourbano.com\/revista\/wp-json\/wp\/v2\/tags?post=48251"}],"curies":[{"name":"wp","href":"https:\/\/api.w.org\/{rel}","templated":true}]}}