{"id":47880,"date":"2017-01-25T09:15:39","date_gmt":"2017-01-25T15:15:39","guid":{"rendered":"https:\/\/centrourbano.com\/?p=47880"},"modified":"2017-01-24T17:57:31","modified_gmt":"2017-01-24T23:57:31","slug":"modernizaran-calle-cuauhtemoc-queretaro","status":"publish","type":"post","link":"https:\/\/centrourbano.com\/revista\/construccion\/modernizaran-calle-cuauhtemoc-queretaro\/","title":{"rendered":"Modernizar\u00e1n calle Cuauht\u00e9moc en Quer\u00e9taro"},"content":{"rendered":"<p><em>Cuenta con una inversi\u00f3n de 13,000,000 pesos e incluye drenaje y pavimentaci\u00f3n<\/em><!--more--><\/p>\n<p>Francisco Dom\u00ednguez Servi\u00e9n, gobernador de Quer\u00e9taro, entreg\u00f3 la obra de modernizaci\u00f3n de la calle Cuauht\u00e9moc en la cabecera municipal de Pedro Escobedo, la cual consta de una inversi\u00f3n de m\u00e1s de 13,000,000 de pesos e incluye  drenaje y pavimentaci\u00f3n.<\/p>\n<p>Con un tiempo de ejecuci\u00f3n de seis meses, se llevaron a cabo las obras de modernizaci\u00f3n en los 11,000 metros cuadrados de carpeta de concreto asf\u00e1ltico, as\u00ed como 5,000 metros cuadrados de banqueta de concreto, para el beneficio de 9,946 habitantes de la zona, quienes podr\u00e1n transitar con mayor seguridad y contar\u00e1n con una mejor calidad de vida.<\/p>\n<p>Dom\u00ednguez Servi\u00e9n mencion\u00f3 que del 100% del presupuesto estatal, el 35% va destinado al sector educativo, y espec\u00edficamente, para el municipio de Pedro Escobedo, se han invertido cerca de 14,000,000 de pesos para el mejoramiento de infraestructura, construcci\u00f3n de aulas, equipamiento y rehabilitaci\u00f3n completa de escuelas.<\/p>\n<p>Por otro lado, el Coordinador de la Comisi\u00f3n Estatal de Infraestructura, Fernando Gonz\u00e1lez Salinas, detall\u00f3 en la delegaci\u00f3n, se han realizado acciones como la instalaci\u00f3n de red de infraestructura sanitaria, la construcci\u00f3n de banquetas, rampas, se\u00f1al\u00e9ticas verticales, pintura en los cruceros y guarniciones, entre otras.<\/p>\n<p>\u201cHicimos 1,200 metros de longitud de la calle, una calle con ocho cuadras, nueve cruceros, con una secci\u00f3n de 14 metros y medio, hicimos un trabajo fuerte de ampliaci\u00f3n de las banquetas, dejamos los carriles, dos de estacionamiento y uno de circulaci\u00f3n, igual privilegiando a los peatones, hicimos dos plataformas peatonales para que atravesaran de un lugar a otro y nueve elementos de control que son los reductores de velocidad\u201d, explic\u00f3.<\/p>\n<p>Finalmente, en el evento estuvieron presentes el Secretario de Seguridad Ciudadana, Juan Marcos Granados Torres; el Secretario de Salud, Alfredo Gobera Farro; el Director General del DIF, Juan Pablo Rangel Contreras y la Presidenta Municipal de Pedro Escobedo, Beatriz Le\u00f3n Sotelo.<\/p>\n","protected":false},"excerpt":{"rendered":"<p>Cuenta con una inversi\u00f3n de 13,000,000 pesos e incluye drenaje y pavimentaci\u00f3n<\/p>\n","protected":false},"author":42,"featured_media":47881,"comment_status":"open","ping_status":"closed","sticky":false,"template":"","format":"standard","meta":{"om_disable_all_campaigns":false,"inline_featured_image":false,"_monsterinsights_skip_tracking":false,"_monsterinsights_sitenote_active":false,"_monsterinsights_sitenote_note":"","_monsterinsights_sitenote_category":0,"footnotes":""},"categories":[14],"tags":[3526,8931,221],"class_list":["post-47880","post","type-post","status-publish","format-standard","has-post-thumbnail","hentry","category-construccion","tag-av-cuauhtemoc","tag-francisco-dominguez-servien","tag-queretaro"],"yoast_head":"<!-- This site is optimized with the Yoast SEO plugin v27.4 - https:\/\/yoast.com\/product\/yoast-seo-wordpress\/ -->\n<title>Modernizar\u00e1n calle Cuauht\u00e9moc en Quer\u00e9taro -<\/title>\n<meta name=\"description\" content=\"Francisco Dom\u00ednguez Servi\u00e9n, gobernador de Quer\u00e9taro, entreg\u00f3 la obra de modernizaci\u00f3n de la calle Cuauht\u00e9moc en la cabecera municipal de Pedro Escobedo, la cual consta de una inversi\u00f3n de m\u00e1s de 13,000,000 de pesos e incluye drenaje y pavimentaci\u00f3n.\" \/>\n<meta name=\"robots\" content=\"index, follow, max-snippet:-1, max-image-preview:large, max-video-preview:-1\" \/>\n<link rel=\"canonical\" href=\"https:\/\/centrourbano.com\/revista\/construccion\/modernizaran-calle-cuauhtemoc-queretaro\/\" \/>\n<meta property=\"og:locale\" content=\"es_ES\" \/>\n<meta property=\"og:type\" content=\"article\" \/>\n<meta property=\"og:title\" content=\"Modernizar\u00e1n calle Cuauht\u00e9moc en Quer\u00e9taro -\" \/>\n<meta property=\"og:description\" content=\"Francisco Dom\u00ednguez Servi\u00e9n, gobernador de Quer\u00e9taro, entreg\u00f3 la obra de modernizaci\u00f3n de la calle Cuauht\u00e9moc en la cabecera municipal de Pedro Escobedo, la cual consta de una inversi\u00f3n de m\u00e1s de 13,000,000 de pesos e incluye drenaje y pavimentaci\u00f3n.\" \/>\n<meta property=\"og:url\" content=\"https:\/\/centrourbano.com\/revista\/construccion\/modernizaran-calle-cuauhtemoc-queretaro\/\" \/>\n<meta property=\"og:site_name\" content=\"Centro Urbano\" \/>\n<meta property=\"article:publisher\" content=\"https:\/\/www.facebook.com\/portalcentrourbano\" \/>\n<meta property=\"article:published_time\" content=\"2017-01-25T15:15:39+00:00\" \/>\n<meta property=\"og:image\" content=\"https:\/\/centrourbano.com\/revista\/wp-content\/uploads\/71_273_19491_1098034441_0P0A3324-scaled.jpg\" \/>\n\t<meta property=\"og:image:width\" content=\"2560\" \/>\n\t<meta property=\"og:image:height\" content=\"1707\" \/>\n\t<meta property=\"og:image:type\" content=\"image\/jpeg\" \/>\n<meta name=\"author\" content=\"Priscila D\u00edaz\" \/>\n<meta name=\"twitter:card\" content=\"summary_large_image\" \/>\n<meta name=\"twitter:creator\" content=\"@CentroUrbano\" \/>\n<meta name=\"twitter:site\" content=\"@CentroUrbano\" \/>\n<meta name=\"twitter:label1\" content=\"Escrito por\" \/>\n\t<meta name=\"twitter:data1\" content=\"Priscila D\u00edaz\" \/>\n\t<meta name=\"twitter:label2\" content=\"Tiempo de lectura\" \/>\n\t<meta name=\"twitter:data2\" content=\"2 minutos\" \/>\n<script type=\"application\/ld+json\" class=\"yoast-schema-graph\">{\"@context\":\"https:\\\/\\\/schema.org\",\"@graph\":[{\"@type\":\"Article\",\"@id\":\"https:\\\/\\\/centrourbano.com\\\/revista\\\/construccion\\\/modernizaran-calle-cuauhtemoc-queretaro\\\/#article\",\"isPartOf\":{\"@id\":\"https:\\\/\\\/centrourbano.com\\\/revista\\\/construccion\\\/modernizaran-calle-cuauhtemoc-queretaro\\\/\"},\"author\":{\"name\":\"Priscila D\u00edaz\",\"@id\":\"https:\\\/\\\/centrourbano.com\\\/revista\\\/#\\\/schema\\\/person\\\/20613dd8a7db2b263325af517bc7420c\"},\"headline\":\"Modernizar\u00e1n calle Cuauht\u00e9moc en Quer\u00e9taro\",\"datePublished\":\"2017-01-25T15:15:39+00:00\",\"mainEntityOfPage\":{\"@id\":\"https:\\\/\\\/centrourbano.com\\\/revista\\\/construccion\\\/modernizaran-calle-cuauhtemoc-queretaro\\\/\"},\"wordCount\":341,\"commentCount\":0,\"publisher\":{\"@id\":\"https:\\\/\\\/centrourbano.com\\\/revista\\\/#organization\"},\"image\":{\"@id\":\"https:\\\/\\\/centrourbano.com\\\/revista\\\/construccion\\\/modernizaran-calle-cuauhtemoc-queretaro\\\/#primaryimage\"},\"thumbnailUrl\":\"https:\\\/\\\/centrourbano.com\\\/revista\\\/wp-content\\\/uploads\\\/71_273_19491_1098034441_0P0A3324-scaled.jpg\",\"keywords\":[\"Av. Cuauht\u00e9moc\",\"Francisco Dom\u00ednguez Servi\u00e9n\",\"Quer\u00e9taro\"],\"articleSection\":[\"Construcci\u00f3n\"],\"inLanguage\":\"es\",\"potentialAction\":[{\"@type\":\"CommentAction\",\"name\":\"Comment\",\"target\":[\"https:\\\/\\\/centrourbano.com\\\/revista\\\/construccion\\\/modernizaran-calle-cuauhtemoc-queretaro\\\/#respond\"]}]},{\"@type\":\"WebPage\",\"@id\":\"https:\\\/\\\/centrourbano.com\\\/revista\\\/construccion\\\/modernizaran-calle-cuauhtemoc-queretaro\\\/\",\"url\":\"https:\\\/\\\/centrourbano.com\\\/revista\\\/construccion\\\/modernizaran-calle-cuauhtemoc-queretaro\\\/\",\"name\":\"Modernizar\u00e1n calle Cuauht\u00e9moc en Quer\u00e9taro -\",\"isPartOf\":{\"@id\":\"https:\\\/\\\/centrourbano.com\\\/revista\\\/#website\"},\"primaryImageOfPage\":{\"@id\":\"https:\\\/\\\/centrourbano.com\\\/revista\\\/construccion\\\/modernizaran-calle-cuauhtemoc-queretaro\\\/#primaryimage\"},\"image\":{\"@id\":\"https:\\\/\\\/centrourbano.com\\\/revista\\\/construccion\\\/modernizaran-calle-cuauhtemoc-queretaro\\\/#primaryimage\"},\"thumbnailUrl\":\"https:\\\/\\\/centrourbano.com\\\/revista\\\/wp-content\\\/uploads\\\/71_273_19491_1098034441_0P0A3324-scaled.jpg\",\"datePublished\":\"2017-01-25T15:15:39+00:00\",\"description\":\"Francisco Dom\u00ednguez Servi\u00e9n, gobernador de Quer\u00e9taro, entreg\u00f3 la obra de modernizaci\u00f3n de la calle Cuauht\u00e9moc en la cabecera municipal de Pedro Escobedo, la cual consta de una inversi\u00f3n de m\u00e1s de 13,000,000 de pesos e incluye drenaje y pavimentaci\u00f3n.\",\"breadcrumb\":{\"@id\":\"https:\\\/\\\/centrourbano.com\\\/revista\\\/construccion\\\/modernizaran-calle-cuauhtemoc-queretaro\\\/#breadcrumb\"},\"inLanguage\":\"es\",\"potentialAction\":[{\"@type\":\"ReadAction\",\"target\":[\"https:\\\/\\\/centrourbano.com\\\/revista\\\/construccion\\\/modernizaran-calle-cuauhtemoc-queretaro\\\/\"]}]},{\"@type\":\"ImageObject\",\"inLanguage\":\"es\",\"@id\":\"https:\\\/\\\/centrourbano.com\\\/revista\\\/construccion\\\/modernizaran-calle-cuauhtemoc-queretaro\\\/#primaryimage\",\"url\":\"https:\\\/\\\/centrourbano.com\\\/revista\\\/wp-content\\\/uploads\\\/71_273_19491_1098034441_0P0A3324-scaled.jpg\",\"contentUrl\":\"https:\\\/\\\/centrourbano.com\\\/revista\\\/wp-content\\\/uploads\\\/71_273_19491_1098034441_0P0A3324-scaled.jpg\",\"width\":2560,\"height\":1707},{\"@type\":\"BreadcrumbList\",\"@id\":\"https:\\\/\\\/centrourbano.com\\\/revista\\\/construccion\\\/modernizaran-calle-cuauhtemoc-queretaro\\\/#breadcrumb\",\"itemListElement\":[{\"@type\":\"ListItem\",\"position\":1,\"name\":\"Portada\",\"item\":\"https:\\\/\\\/centrourbano.com\\\/revista\\\/\"},{\"@type\":\"ListItem\",\"position\":2,\"name\":\"Modernizar\u00e1n calle Cuauht\u00e9moc en Quer\u00e9taro\"}]},{\"@type\":\"WebSite\",\"@id\":\"https:\\\/\\\/centrourbano.com\\\/revista\\\/#website\",\"url\":\"https:\\\/\\\/centrourbano.com\\\/revista\\\/\",\"name\":\"Centro Urbano\",\"description\":\"Medio especializado en los sectores vivienda, inmobiliario, construcci\u00f3n, arquitectura y urbanismo.\",\"publisher\":{\"@id\":\"https:\\\/\\\/centrourbano.com\\\/revista\\\/#organization\"},\"potentialAction\":[{\"@type\":\"SearchAction\",\"target\":{\"@type\":\"EntryPoint\",\"urlTemplate\":\"https:\\\/\\\/centrourbano.com\\\/revista\\\/?s={search_term_string}\"},\"query-input\":{\"@type\":\"PropertyValueSpecification\",\"valueRequired\":true,\"valueName\":\"search_term_string\"}}],\"inLanguage\":\"es\"},{\"@type\":\"Organization\",\"@id\":\"https:\\\/\\\/centrourbano.com\\\/revista\\\/#organization\",\"name\":\"Centro Urbano\",\"url\":\"https:\\\/\\\/centrourbano.com\\\/revista\\\/\",\"logo\":{\"@type\":\"ImageObject\",\"inLanguage\":\"es\",\"@id\":\"https:\\\/\\\/centrourbano.com\\\/revista\\\/#\\\/schema\\\/logo\\\/image\\\/\",\"url\":\"https:\\\/\\\/centrourbano.com\\\/revista\\\/wp-content\\\/uploads\\\/web_CU_logo-1.png\",\"contentUrl\":\"https:\\\/\\\/centrourbano.com\\\/revista\\\/wp-content\\\/uploads\\\/web_CU_logo-1.png\",\"width\":350,\"height\":91,\"caption\":\"Centro Urbano\"},\"image\":{\"@id\":\"https:\\\/\\\/centrourbano.com\\\/revista\\\/#\\\/schema\\\/logo\\\/image\\\/\"},\"sameAs\":[\"https:\\\/\\\/www.facebook.com\\\/portalcentrourbano\",\"https:\\\/\\\/x.com\\\/CentroUrbano\",\"https:\\\/\\\/www.instagram.com\\\/centro_urbano\\\/\",\"https:\\\/\\\/www.linkedin.com\\\/company\\\/centro-urbano\\\/\",\"http:\\\/\\\/www.youtube.com\\\/user\\\/portalcentrourbano\"]},{\"@type\":\"Person\",\"@id\":\"https:\\\/\\\/centrourbano.com\\\/revista\\\/#\\\/schema\\\/person\\\/20613dd8a7db2b263325af517bc7420c\",\"name\":\"Priscila D\u00edaz\",\"image\":{\"@type\":\"ImageObject\",\"inLanguage\":\"es\",\"@id\":\"https:\\\/\\\/secure.gravatar.com\\\/avatar\\\/bf28a62a51d45b542a0c3fe4c31a60c3887b5037867f58a6225cbf7479b56636?s=96&d=mm&r=g\",\"url\":\"https:\\\/\\\/secure.gravatar.com\\\/avatar\\\/bf28a62a51d45b542a0c3fe4c31a60c3887b5037867f58a6225cbf7479b56636?s=96&d=mm&r=g\",\"contentUrl\":\"https:\\\/\\\/secure.gravatar.com\\\/avatar\\\/bf28a62a51d45b542a0c3fe4c31a60c3887b5037867f58a6225cbf7479b56636?s=96&d=mm&r=g\",\"caption\":\"Priscila D\u00edaz\"},\"url\":\"https:\\\/\\\/centrourbano.com\\\/revista\\\/author\\\/priscila-diaz\\\/\"}]}<\/script>\n<!-- \/ Yoast SEO plugin. -->","yoast_head_json":{"title":"Modernizar\u00e1n calle Cuauht\u00e9moc en Quer\u00e9taro -","description":"Francisco Dom\u00ednguez Servi\u00e9n, gobernador de Quer\u00e9taro, entreg\u00f3 la obra de modernizaci\u00f3n de la calle Cuauht\u00e9moc en la cabecera municipal de Pedro Escobedo, la cual consta de una inversi\u00f3n de m\u00e1s de 13,000,000 de pesos e incluye drenaje y pavimentaci\u00f3n.","robots":{"index":"index","follow":"follow","max-snippet":"max-snippet:-1","max-image-preview":"max-image-preview:large","max-video-preview":"max-video-preview:-1"},"canonical":"https:\/\/centrourbano.com\/revista\/construccion\/modernizaran-calle-cuauhtemoc-queretaro\/","og_locale":"es_ES","og_type":"article","og_title":"Modernizar\u00e1n calle Cuauht\u00e9moc en Quer\u00e9taro -","og_description":"Francisco Dom\u00ednguez Servi\u00e9n, gobernador de Quer\u00e9taro, entreg\u00f3 la obra de modernizaci\u00f3n de la calle Cuauht\u00e9moc en la cabecera municipal de Pedro Escobedo, la cual consta de una inversi\u00f3n de m\u00e1s de 13,000,000 de pesos e incluye drenaje y pavimentaci\u00f3n.","og_url":"https:\/\/centrourbano.com\/revista\/construccion\/modernizaran-calle-cuauhtemoc-queretaro\/","og_site_name":"Centro Urbano","article_publisher":"https:\/\/www.facebook.com\/portalcentrourbano","article_published_time":"2017-01-25T15:15:39+00:00","og_image":[{"width":2560,"height":1707,"url":"https:\/\/centrourbano.com\/revista\/wp-content\/uploads\/71_273_19491_1098034441_0P0A3324-scaled.jpg","type":"image\/jpeg"}],"author":"Priscila D\u00edaz","twitter_card":"summary_large_image","twitter_creator":"@CentroUrbano","twitter_site":"@CentroUrbano","twitter_misc":{"Escrito por":"Priscila D\u00edaz","Tiempo de lectura":"2 minutos"},"schema":{"@context":"https:\/\/schema.org","@graph":[{"@type":"Article","@id":"https:\/\/centrourbano.com\/revista\/construccion\/modernizaran-calle-cuauhtemoc-queretaro\/#article","isPartOf":{"@id":"https:\/\/centrourbano.com\/revista\/construccion\/modernizaran-calle-cuauhtemoc-queretaro\/"},"author":{"name":"Priscila D\u00edaz","@id":"https:\/\/centrourbano.com\/revista\/#\/schema\/person\/20613dd8a7db2b263325af517bc7420c"},"headline":"Modernizar\u00e1n calle Cuauht\u00e9moc en Quer\u00e9taro","datePublished":"2017-01-25T15:15:39+00:00","mainEntityOfPage":{"@id":"https:\/\/centrourbano.com\/revista\/construccion\/modernizaran-calle-cuauhtemoc-queretaro\/"},"wordCount":341,"commentCount":0,"publisher":{"@id":"https:\/\/centrourbano.com\/revista\/#organization"},"image":{"@id":"https:\/\/centrourbano.com\/revista\/construccion\/modernizaran-calle-cuauhtemoc-queretaro\/#primaryimage"},"thumbnailUrl":"https:\/\/centrourbano.com\/revista\/wp-content\/uploads\/71_273_19491_1098034441_0P0A3324-scaled.jpg","keywords":["Av. Cuauht\u00e9moc","Francisco Dom\u00ednguez Servi\u00e9n","Quer\u00e9taro"],"articleSection":["Construcci\u00f3n"],"inLanguage":"es","potentialAction":[{"@type":"CommentAction","name":"Comment","target":["https:\/\/centrourbano.com\/revista\/construccion\/modernizaran-calle-cuauhtemoc-queretaro\/#respond"]}]},{"@type":"WebPage","@id":"https:\/\/centrourbano.com\/revista\/construccion\/modernizaran-calle-cuauhtemoc-queretaro\/","url":"https:\/\/centrourbano.com\/revista\/construccion\/modernizaran-calle-cuauhtemoc-queretaro\/","name":"Modernizar\u00e1n calle Cuauht\u00e9moc en Quer\u00e9taro -","isPartOf":{"@id":"https:\/\/centrourbano.com\/revista\/#website"},"primaryImageOfPage":{"@id":"https:\/\/centrourbano.com\/revista\/construccion\/modernizaran-calle-cuauhtemoc-queretaro\/#primaryimage"},"image":{"@id":"https:\/\/centrourbano.com\/revista\/construccion\/modernizaran-calle-cuauhtemoc-queretaro\/#primaryimage"},"thumbnailUrl":"https:\/\/centrourbano.com\/revista\/wp-content\/uploads\/71_273_19491_1098034441_0P0A3324-scaled.jpg","datePublished":"2017-01-25T15:15:39+00:00","description":"Francisco Dom\u00ednguez Servi\u00e9n, gobernador de Quer\u00e9taro, entreg\u00f3 la obra de modernizaci\u00f3n de la calle Cuauht\u00e9moc en la cabecera municipal de Pedro Escobedo, la cual consta de una inversi\u00f3n de m\u00e1s de 13,000,000 de pesos e incluye drenaje y pavimentaci\u00f3n.","breadcrumb":{"@id":"https:\/\/centrourbano.com\/revista\/construccion\/modernizaran-calle-cuauhtemoc-queretaro\/#breadcrumb"},"inLanguage":"es","potentialAction":[{"@type":"ReadAction","target":["https:\/\/centrourbano.com\/revista\/construccion\/modernizaran-calle-cuauhtemoc-queretaro\/"]}]},{"@type":"ImageObject","inLanguage":"es","@id":"https:\/\/centrourbano.com\/revista\/construccion\/modernizaran-calle-cuauhtemoc-queretaro\/#primaryimage","url":"https:\/\/centrourbano.com\/revista\/wp-content\/uploads\/71_273_19491_1098034441_0P0A3324-scaled.jpg","contentUrl":"https:\/\/centrourbano.com\/revista\/wp-content\/uploads\/71_273_19491_1098034441_0P0A3324-scaled.jpg","width":2560,"height":1707},{"@type":"BreadcrumbList","@id":"https:\/\/centrourbano.com\/revista\/construccion\/modernizaran-calle-cuauhtemoc-queretaro\/#breadcrumb","itemListElement":[{"@type":"ListItem","position":1,"name":"Portada","item":"https:\/\/centrourbano.com\/revista\/"},{"@type":"ListItem","position":2,"name":"Modernizar\u00e1n calle Cuauht\u00e9moc en Quer\u00e9taro"}]},{"@type":"WebSite","@id":"https:\/\/centrourbano.com\/revista\/#website","url":"https:\/\/centrourbano.com\/revista\/","name":"Centro Urbano","description":"Medio especializado en los sectores vivienda, inmobiliario, construcci\u00f3n, arquitectura y urbanismo.","publisher":{"@id":"https:\/\/centrourbano.com\/revista\/#organization"},"potentialAction":[{"@type":"SearchAction","target":{"@type":"EntryPoint","urlTemplate":"https:\/\/centrourbano.com\/revista\/?s={search_term_string}"},"query-input":{"@type":"PropertyValueSpecification","valueRequired":true,"valueName":"search_term_string"}}],"inLanguage":"es"},{"@type":"Organization","@id":"https:\/\/centrourbano.com\/revista\/#organization","name":"Centro Urbano","url":"https:\/\/centrourbano.com\/revista\/","logo":{"@type":"ImageObject","inLanguage":"es","@id":"https:\/\/centrourbano.com\/revista\/#\/schema\/logo\/image\/","url":"https:\/\/centrourbano.com\/revista\/wp-content\/uploads\/web_CU_logo-1.png","contentUrl":"https:\/\/centrourbano.com\/revista\/wp-content\/uploads\/web_CU_logo-1.png","width":350,"height":91,"caption":"Centro Urbano"},"image":{"@id":"https:\/\/centrourbano.com\/revista\/#\/schema\/logo\/image\/"},"sameAs":["https:\/\/www.facebook.com\/portalcentrourbano","https:\/\/x.com\/CentroUrbano","https:\/\/www.instagram.com\/centro_urbano\/","https:\/\/www.linkedin.com\/company\/centro-urbano\/","http:\/\/www.youtube.com\/user\/portalcentrourbano"]},{"@type":"Person","@id":"https:\/\/centrourbano.com\/revista\/#\/schema\/person\/20613dd8a7db2b263325af517bc7420c","name":"Priscila D\u00edaz","image":{"@type":"ImageObject","inLanguage":"es","@id":"https:\/\/secure.gravatar.com\/avatar\/bf28a62a51d45b542a0c3fe4c31a60c3887b5037867f58a6225cbf7479b56636?s=96&d=mm&r=g","url":"https:\/\/secure.gravatar.com\/avatar\/bf28a62a51d45b542a0c3fe4c31a60c3887b5037867f58a6225cbf7479b56636?s=96&d=mm&r=g","contentUrl":"https:\/\/secure.gravatar.com\/avatar\/bf28a62a51d45b542a0c3fe4c31a60c3887b5037867f58a6225cbf7479b56636?s=96&d=mm&r=g","caption":"Priscila D\u00edaz"},"url":"https:\/\/centrourbano.com\/revista\/author\/priscila-diaz\/"}]}},"_links":{"self":[{"href":"https:\/\/centrourbano.com\/revista\/wp-json\/wp\/v2\/posts\/47880","targetHints":{"allow":["GET"]}}],"collection":[{"href":"https:\/\/centrourbano.com\/revista\/wp-json\/wp\/v2\/posts"}],"about":[{"href":"https:\/\/centrourbano.com\/revista\/wp-json\/wp\/v2\/types\/post"}],"author":[{"embeddable":true,"href":"https:\/\/centrourbano.com\/revista\/wp-json\/wp\/v2\/users\/42"}],"replies":[{"embeddable":true,"href":"https:\/\/centrourbano.com\/revista\/wp-json\/wp\/v2\/comments?post=47880"}],"version-history":[{"count":0,"href":"https:\/\/centrourbano.com\/revista\/wp-json\/wp\/v2\/posts\/47880\/revisions"}],"wp:featuredmedia":[{"embeddable":true,"href":"https:\/\/centrourbano.com\/revista\/wp-json\/wp\/v2\/media\/47881"}],"wp:attachment":[{"href":"https:\/\/centrourbano.com\/revista\/wp-json\/wp\/v2\/media?parent=47880"}],"wp:term":[{"taxonomy":"category","embeddable":true,"href":"https:\/\/centrourbano.com\/revista\/wp-json\/wp\/v2\/categories?post=47880"},{"taxonomy":"post_tag","embeddable":true,"href":"https:\/\/centrourbano.com\/revista\/wp-json\/wp\/v2\/tags?post=47880"}],"curies":[{"name":"wp","href":"https:\/\/api.w.org\/{rel}","templated":true}]}}