{"id":47817,"date":"2017-01-24T10:51:13","date_gmt":"2017-01-24T16:51:13","guid":{"rendered":"https:\/\/centrourbano.com\/?p=47817"},"modified":"2017-01-24T10:51:13","modified_gmt":"2017-01-24T16:51:13","slug":"continua-absorcion-construccion-industrial-monterrey","status":"publish","type":"post","link":"https:\/\/centrourbano.com\/revista\/reportajes\/continua-absorcion-construccion-industrial-monterrey\/","title":{"rendered":"Contin\u00faa absorci\u00f3n y construcci\u00f3n industrial en Monterrey"},"content":{"rendered":"<p><em>Apodaca concentra la mayor\u00eda de los proyectos en desarrollo con 181, 000 metros cuadrados<\/em><br \/>\n<!--more--><\/p>\n<p>La industria automotriz, retail, manufacturera, log\u00edstica y de alimentos fueron las que ocuparon la mayor parte de los espacios industriales de Monterrey, con la utilizaci\u00f3n de 108, 000 metros cuadrados al cierre del cuarto trimestre de 2016, as\u00ed como una absorci\u00f3n bruta acumulada de 817, 000 metros cuadrados. <\/p>\n<p>As\u00ed lo dio a conocer la consultora inmobiliaria CBRE en su m\u00e1s reciente reporte, en donde destaca que en la zona metropolitana de Monterrey est\u00e1n en construcci\u00f3n m\u00e1s de 380, 000 metros cuadrados, la mayor\u00eda de \u00e9stos se presentan en Apodaca, con el 47.5 por ciento. <\/p>\n<p>\u201cSe registraron veintitr\u00e9s proyectos en construcci\u00f3n en donde se observ\u00f3 que Apodaca concentra la mayor cantidad de espacios en desarrollo con diez proyectos, con un total de 181, 000 metros cuadrados. Se espera que para inicios de 2017 poco m\u00e1s de 76, 000 metros cuadrados inicien desarrollo correspondiente a espacios industriales de tipo especulativo\u201d. <\/p>\n<p>Durante los \u00faltimos tres meses del a\u00f1o pasado se terminaron alrededor de 168, 000 metros de espacios especulativos, edificios a la medida y expansiones, con lo que el inventario alcanz\u00f3 los 8.7 millones de metros cuadrados. <\/p>\n<p><strong>Demanda espacios Clase A<\/strong>  <\/p>\n<p>En el documento se explica que las plazas de Apodaca y Santa Catarina fueron las que demandaron m\u00e1s espacios de Clase A, con 64.7 por ciento de la demanda total. <\/p>\n<p>Mientras que las operaciones de arrendamiento presentaron 50.1 por ciento de las realizadas en dicho periodo; en lo que respecta a las de built-to-suit tuvieron el 29.1 por ciento, el resto corresponde a expansiones de nave existente. <\/p>\n<p>\u201cEn este trimestre se registraron 12 movimientos que van desde operaciones de renta, edificaciones a la medida y expansi\u00f3n de nave existente. Asimismo, para esta \u00faltima parte del a\u00f1o se registraron alrededor de 80 movimientos en lo que fue 2016 en donde las operaciones de renta son las que predominaron con 64 movimientos\u201d. <\/p>\n<p>Asimismo, en Apodaca y Santa Catarina fue en donde se tuvo la mayor absorci\u00f3n bruta, con 35.6 y 29.1 por ciento de lo que se comercializ\u00f3. Algunas de las industrias predominantes en la zona fueron loa automotriz, manufactura, retail, log\u00edstico y tecnolog\u00eda. <\/p>\n<p><strong>Disponibilidad<\/strong> <\/p>\n<p>En lo que respecta a la disponibilidad, la tasa cerr\u00f3 en 5 por ciento, es decir, un espacio vacante de 440, 000 metros cuadrados. <\/p>\n<p>Esto es como consecuencia de la finalizaci\u00f3n de al menos 87,000 metros de espacios especulativos Clase A, los corredores con mayor disponibilidad son el de Escobedo, con 11.8 por ciento y Guadalupe, con 6.7 por ciento. <\/p>\n<p>\u201cMientras que los corredores que registraron la mayor cantidad de espacio a ocuparse inmediatamente son Apodaca con 161, 000 metros cuadrados y Guadalupe con 88 mil metros\u201d.<\/p>\n","protected":false},"excerpt":{"rendered":"<p>Apodaca concentra la mayor\u00eda de los proyectos en desarrollo con 181, 000 metros cuadrados<\/p>\n","protected":false},"author":37,"featured_media":47818,"comment_status":"open","ping_status":"closed","sticky":false,"template":"","format":"standard","meta":{"om_disable_all_campaigns":false,"inline_featured_image":false,"_monsterinsights_skip_tracking":false,"_monsterinsights_sitenote_active":false,"_monsterinsights_sitenote_note":"","_monsterinsights_sitenote_category":0,"footnotes":""},"categories":[16],"tags":[],"class_list":["post-47817","post","type-post","status-publish","format-standard","has-post-thumbnail","hentry","category-reportajes"],"yoast_head":"<!-- This site is optimized with the Yoast SEO plugin v27.4 - https:\/\/yoast.com\/product\/yoast-seo-wordpress\/ -->\n<title>Contin\u00faa absorci\u00f3n y construcci\u00f3n industrial en Monterrey -<\/title>\n<meta name=\"description\" content=\"La industria automotriz, retail, manufacturera, log\u00edstica y de alimentos fueron las que ocuparon la mayor parte de los espacios industriales de Monterrey, con la utilizaci\u00f3n de 108, 000 metros cuadrados al cierre del cuarto trimestre de 2016, as\u00ed como una absorci\u00f3n bruta acumulada de 817, 000 metros cuadrados.\" \/>\n<meta name=\"robots\" content=\"index, follow, max-snippet:-1, max-image-preview:large, max-video-preview:-1\" \/>\n<link rel=\"canonical\" href=\"https:\/\/centrourbano.com\/revista\/reportajes\/continua-absorcion-construccion-industrial-monterrey\/\" \/>\n<meta property=\"og:locale\" content=\"es_ES\" \/>\n<meta property=\"og:type\" content=\"article\" \/>\n<meta property=\"og:title\" content=\"Contin\u00faa absorci\u00f3n y construcci\u00f3n industrial en Monterrey -\" \/>\n<meta property=\"og:description\" content=\"La industria automotriz, retail, manufacturera, log\u00edstica y de alimentos fueron las que ocuparon la mayor parte de los espacios industriales de Monterrey, con la utilizaci\u00f3n de 108, 000 metros cuadrados al cierre del cuarto trimestre de 2016, as\u00ed como una absorci\u00f3n bruta acumulada de 817, 000 metros cuadrados.\" \/>\n<meta property=\"og:url\" content=\"https:\/\/centrourbano.com\/revista\/reportajes\/continua-absorcion-construccion-industrial-monterrey\/\" \/>\n<meta property=\"og:site_name\" content=\"Centro Urbano\" \/>\n<meta property=\"article:publisher\" content=\"https:\/\/www.facebook.com\/portalcentrourbano\" \/>\n<meta property=\"article:published_time\" content=\"2017-01-24T16:51:13+00:00\" \/>\n<meta property=\"og:image\" content=\"https:\/\/centrourbano.com\/revista\/wp-content\/uploads\/Parque-Industrial-1.jpg\" \/>\n\t<meta property=\"og:image:width\" content=\"617\" \/>\n\t<meta property=\"og:image:height\" content=\"428\" \/>\n\t<meta property=\"og:image:type\" content=\"image\/jpeg\" \/>\n<meta name=\"author\" content=\"Diego Rodr\u00edguez\" \/>\n<meta name=\"twitter:card\" content=\"summary_large_image\" \/>\n<meta name=\"twitter:creator\" content=\"@CentroUrbano\" \/>\n<meta name=\"twitter:site\" content=\"@CentroUrbano\" \/>\n<meta name=\"twitter:label1\" content=\"Escrito por\" \/>\n\t<meta name=\"twitter:data1\" content=\"Diego Rodr\u00edguez\" \/>\n\t<meta name=\"twitter:label2\" content=\"Tiempo de lectura\" \/>\n\t<meta name=\"twitter:data2\" content=\"2 minutos\" \/>\n<script type=\"application\/ld+json\" class=\"yoast-schema-graph\">{\"@context\":\"https:\\\/\\\/schema.org\",\"@graph\":[{\"@type\":\"Article\",\"@id\":\"https:\\\/\\\/centrourbano.com\\\/revista\\\/reportajes\\\/continua-absorcion-construccion-industrial-monterrey\\\/#article\",\"isPartOf\":{\"@id\":\"https:\\\/\\\/centrourbano.com\\\/revista\\\/reportajes\\\/continua-absorcion-construccion-industrial-monterrey\\\/\"},\"author\":{\"name\":\"Diego Rodr\u00edguez\",\"@id\":\"https:\\\/\\\/centrourbano.com\\\/revista\\\/#\\\/schema\\\/person\\\/b50192a3cd0e680841b45dc537f53970\"},\"headline\":\"Contin\u00faa absorci\u00f3n y construcci\u00f3n industrial en Monterrey\",\"datePublished\":\"2017-01-24T16:51:13+00:00\",\"mainEntityOfPage\":{\"@id\":\"https:\\\/\\\/centrourbano.com\\\/revista\\\/reportajes\\\/continua-absorcion-construccion-industrial-monterrey\\\/\"},\"wordCount\":446,\"commentCount\":0,\"publisher\":{\"@id\":\"https:\\\/\\\/centrourbano.com\\\/revista\\\/#organization\"},\"image\":{\"@id\":\"https:\\\/\\\/centrourbano.com\\\/revista\\\/reportajes\\\/continua-absorcion-construccion-industrial-monterrey\\\/#primaryimage\"},\"thumbnailUrl\":\"https:\\\/\\\/centrourbano.com\\\/revista\\\/wp-content\\\/uploads\\\/Parque-Industrial-1.jpg\",\"articleSection\":[\"Reportajes\"],\"inLanguage\":\"es\",\"potentialAction\":[{\"@type\":\"CommentAction\",\"name\":\"Comment\",\"target\":[\"https:\\\/\\\/centrourbano.com\\\/revista\\\/reportajes\\\/continua-absorcion-construccion-industrial-monterrey\\\/#respond\"]}]},{\"@type\":\"WebPage\",\"@id\":\"https:\\\/\\\/centrourbano.com\\\/revista\\\/reportajes\\\/continua-absorcion-construccion-industrial-monterrey\\\/\",\"url\":\"https:\\\/\\\/centrourbano.com\\\/revista\\\/reportajes\\\/continua-absorcion-construccion-industrial-monterrey\\\/\",\"name\":\"Contin\u00faa absorci\u00f3n y construcci\u00f3n industrial en Monterrey -\",\"isPartOf\":{\"@id\":\"https:\\\/\\\/centrourbano.com\\\/revista\\\/#website\"},\"primaryImageOfPage\":{\"@id\":\"https:\\\/\\\/centrourbano.com\\\/revista\\\/reportajes\\\/continua-absorcion-construccion-industrial-monterrey\\\/#primaryimage\"},\"image\":{\"@id\":\"https:\\\/\\\/centrourbano.com\\\/revista\\\/reportajes\\\/continua-absorcion-construccion-industrial-monterrey\\\/#primaryimage\"},\"thumbnailUrl\":\"https:\\\/\\\/centrourbano.com\\\/revista\\\/wp-content\\\/uploads\\\/Parque-Industrial-1.jpg\",\"datePublished\":\"2017-01-24T16:51:13+00:00\",\"description\":\"La industria automotriz, retail, manufacturera, log\u00edstica y de alimentos fueron las que ocuparon la mayor parte de los espacios industriales de Monterrey, con la utilizaci\u00f3n de 108, 000 metros cuadrados al cierre del cuarto trimestre de 2016, as\u00ed como una absorci\u00f3n bruta acumulada de 817, 000 metros cuadrados.\",\"breadcrumb\":{\"@id\":\"https:\\\/\\\/centrourbano.com\\\/revista\\\/reportajes\\\/continua-absorcion-construccion-industrial-monterrey\\\/#breadcrumb\"},\"inLanguage\":\"es\",\"potentialAction\":[{\"@type\":\"ReadAction\",\"target\":[\"https:\\\/\\\/centrourbano.com\\\/revista\\\/reportajes\\\/continua-absorcion-construccion-industrial-monterrey\\\/\"]}]},{\"@type\":\"ImageObject\",\"inLanguage\":\"es\",\"@id\":\"https:\\\/\\\/centrourbano.com\\\/revista\\\/reportajes\\\/continua-absorcion-construccion-industrial-monterrey\\\/#primaryimage\",\"url\":\"https:\\\/\\\/centrourbano.com\\\/revista\\\/wp-content\\\/uploads\\\/Parque-Industrial-1.jpg\",\"contentUrl\":\"https:\\\/\\\/centrourbano.com\\\/revista\\\/wp-content\\\/uploads\\\/Parque-Industrial-1.jpg\",\"width\":617,\"height\":428,\"caption\":\"Los edificios terminados se registraron en Apodaca Ci\u00e9nega de Flores, Guadalupe y Escobedo\"},{\"@type\":\"BreadcrumbList\",\"@id\":\"https:\\\/\\\/centrourbano.com\\\/revista\\\/reportajes\\\/continua-absorcion-construccion-industrial-monterrey\\\/#breadcrumb\",\"itemListElement\":[{\"@type\":\"ListItem\",\"position\":1,\"name\":\"Portada\",\"item\":\"https:\\\/\\\/centrourbano.com\\\/revista\\\/\"},{\"@type\":\"ListItem\",\"position\":2,\"name\":\"Contin\u00faa absorci\u00f3n y construcci\u00f3n industrial en Monterrey\"}]},{\"@type\":\"WebSite\",\"@id\":\"https:\\\/\\\/centrourbano.com\\\/revista\\\/#website\",\"url\":\"https:\\\/\\\/centrourbano.com\\\/revista\\\/\",\"name\":\"Centro Urbano\",\"description\":\"Medio especializado en los sectores vivienda, inmobiliario, construcci\u00f3n, arquitectura y urbanismo.\",\"publisher\":{\"@id\":\"https:\\\/\\\/centrourbano.com\\\/revista\\\/#organization\"},\"potentialAction\":[{\"@type\":\"SearchAction\",\"target\":{\"@type\":\"EntryPoint\",\"urlTemplate\":\"https:\\\/\\\/centrourbano.com\\\/revista\\\/?s={search_term_string}\"},\"query-input\":{\"@type\":\"PropertyValueSpecification\",\"valueRequired\":true,\"valueName\":\"search_term_string\"}}],\"inLanguage\":\"es\"},{\"@type\":\"Organization\",\"@id\":\"https:\\\/\\\/centrourbano.com\\\/revista\\\/#organization\",\"name\":\"Centro Urbano\",\"url\":\"https:\\\/\\\/centrourbano.com\\\/revista\\\/\",\"logo\":{\"@type\":\"ImageObject\",\"inLanguage\":\"es\",\"@id\":\"https:\\\/\\\/centrourbano.com\\\/revista\\\/#\\\/schema\\\/logo\\\/image\\\/\",\"url\":\"https:\\\/\\\/centrourbano.com\\\/revista\\\/wp-content\\\/uploads\\\/web_CU_logo-1.png\",\"contentUrl\":\"https:\\\/\\\/centrourbano.com\\\/revista\\\/wp-content\\\/uploads\\\/web_CU_logo-1.png\",\"width\":350,\"height\":91,\"caption\":\"Centro Urbano\"},\"image\":{\"@id\":\"https:\\\/\\\/centrourbano.com\\\/revista\\\/#\\\/schema\\\/logo\\\/image\\\/\"},\"sameAs\":[\"https:\\\/\\\/www.facebook.com\\\/portalcentrourbano\",\"https:\\\/\\\/x.com\\\/CentroUrbano\",\"https:\\\/\\\/www.instagram.com\\\/centro_urbano\\\/\",\"https:\\\/\\\/www.linkedin.com\\\/company\\\/centro-urbano\\\/\",\"http:\\\/\\\/www.youtube.com\\\/user\\\/portalcentrourbano\"]},{\"@type\":\"Person\",\"@id\":\"https:\\\/\\\/centrourbano.com\\\/revista\\\/#\\\/schema\\\/person\\\/b50192a3cd0e680841b45dc537f53970\",\"name\":\"Diego Rodr\u00edguez\",\"image\":{\"@type\":\"ImageObject\",\"inLanguage\":\"es\",\"@id\":\"https:\\\/\\\/secure.gravatar.com\\\/avatar\\\/d217565525df2df5d4e7265d47758506f41845ed9529510921a7625d8365789d?s=96&d=mm&r=g\",\"url\":\"https:\\\/\\\/secure.gravatar.com\\\/avatar\\\/d217565525df2df5d4e7265d47758506f41845ed9529510921a7625d8365789d?s=96&d=mm&r=g\",\"contentUrl\":\"https:\\\/\\\/secure.gravatar.com\\\/avatar\\\/d217565525df2df5d4e7265d47758506f41845ed9529510921a7625d8365789d?s=96&d=mm&r=g\",\"caption\":\"Diego Rodr\u00edguez\"},\"description\":\"Egresado de la Facultad de Estudios Superiores Acatl\u00e1n de la carrera en Comunicaci\u00f3n, con especialidad en medios escritos. Reportero del desaparecido peri\u00f3dico Nuestro M\u00e9xico, en donde cubri\u00f3 las fuentes delegacionales y Asamblea Legislativa. Tambi\u00e9n trabaj\u00f3 en la Coordinaci\u00f3n de Comunicaci\u00f3n Social en la delegaci\u00f3n \u00c1lvaro Obreg\u00f3n. Le gusta leer novelas y cuentos.\",\"url\":\"https:\\\/\\\/centrourbano.com\\\/revista\\\/author\\\/diegorodriguez\\\/\"}]}<\/script>\n<!-- \/ Yoast SEO plugin. -->","yoast_head_json":{"title":"Contin\u00faa absorci\u00f3n y construcci\u00f3n industrial en Monterrey -","description":"La industria automotriz, retail, manufacturera, log\u00edstica y de alimentos fueron las que ocuparon la mayor parte de los espacios industriales de Monterrey, con la utilizaci\u00f3n de 108, 000 metros cuadrados al cierre del cuarto trimestre de 2016, as\u00ed como una absorci\u00f3n bruta acumulada de 817, 000 metros cuadrados.","robots":{"index":"index","follow":"follow","max-snippet":"max-snippet:-1","max-image-preview":"max-image-preview:large","max-video-preview":"max-video-preview:-1"},"canonical":"https:\/\/centrourbano.com\/revista\/reportajes\/continua-absorcion-construccion-industrial-monterrey\/","og_locale":"es_ES","og_type":"article","og_title":"Contin\u00faa absorci\u00f3n y construcci\u00f3n industrial en Monterrey -","og_description":"La industria automotriz, retail, manufacturera, log\u00edstica y de alimentos fueron las que ocuparon la mayor parte de los espacios industriales de Monterrey, con la utilizaci\u00f3n de 108, 000 metros cuadrados al cierre del cuarto trimestre de 2016, as\u00ed como una absorci\u00f3n bruta acumulada de 817, 000 metros cuadrados.","og_url":"https:\/\/centrourbano.com\/revista\/reportajes\/continua-absorcion-construccion-industrial-monterrey\/","og_site_name":"Centro Urbano","article_publisher":"https:\/\/www.facebook.com\/portalcentrourbano","article_published_time":"2017-01-24T16:51:13+00:00","og_image":[{"width":617,"height":428,"url":"https:\/\/centrourbano.com\/revista\/wp-content\/uploads\/Parque-Industrial-1.jpg","type":"image\/jpeg"}],"author":"Diego Rodr\u00edguez","twitter_card":"summary_large_image","twitter_creator":"@CentroUrbano","twitter_site":"@CentroUrbano","twitter_misc":{"Escrito por":"Diego Rodr\u00edguez","Tiempo de lectura":"2 minutos"},"schema":{"@context":"https:\/\/schema.org","@graph":[{"@type":"Article","@id":"https:\/\/centrourbano.com\/revista\/reportajes\/continua-absorcion-construccion-industrial-monterrey\/#article","isPartOf":{"@id":"https:\/\/centrourbano.com\/revista\/reportajes\/continua-absorcion-construccion-industrial-monterrey\/"},"author":{"name":"Diego Rodr\u00edguez","@id":"https:\/\/centrourbano.com\/revista\/#\/schema\/person\/b50192a3cd0e680841b45dc537f53970"},"headline":"Contin\u00faa absorci\u00f3n y construcci\u00f3n industrial en Monterrey","datePublished":"2017-01-24T16:51:13+00:00","mainEntityOfPage":{"@id":"https:\/\/centrourbano.com\/revista\/reportajes\/continua-absorcion-construccion-industrial-monterrey\/"},"wordCount":446,"commentCount":0,"publisher":{"@id":"https:\/\/centrourbano.com\/revista\/#organization"},"image":{"@id":"https:\/\/centrourbano.com\/revista\/reportajes\/continua-absorcion-construccion-industrial-monterrey\/#primaryimage"},"thumbnailUrl":"https:\/\/centrourbano.com\/revista\/wp-content\/uploads\/Parque-Industrial-1.jpg","articleSection":["Reportajes"],"inLanguage":"es","potentialAction":[{"@type":"CommentAction","name":"Comment","target":["https:\/\/centrourbano.com\/revista\/reportajes\/continua-absorcion-construccion-industrial-monterrey\/#respond"]}]},{"@type":"WebPage","@id":"https:\/\/centrourbano.com\/revista\/reportajes\/continua-absorcion-construccion-industrial-monterrey\/","url":"https:\/\/centrourbano.com\/revista\/reportajes\/continua-absorcion-construccion-industrial-monterrey\/","name":"Contin\u00faa absorci\u00f3n y construcci\u00f3n industrial en Monterrey -","isPartOf":{"@id":"https:\/\/centrourbano.com\/revista\/#website"},"primaryImageOfPage":{"@id":"https:\/\/centrourbano.com\/revista\/reportajes\/continua-absorcion-construccion-industrial-monterrey\/#primaryimage"},"image":{"@id":"https:\/\/centrourbano.com\/revista\/reportajes\/continua-absorcion-construccion-industrial-monterrey\/#primaryimage"},"thumbnailUrl":"https:\/\/centrourbano.com\/revista\/wp-content\/uploads\/Parque-Industrial-1.jpg","datePublished":"2017-01-24T16:51:13+00:00","description":"La industria automotriz, retail, manufacturera, log\u00edstica y de alimentos fueron las que ocuparon la mayor parte de los espacios industriales de Monterrey, con la utilizaci\u00f3n de 108, 000 metros cuadrados al cierre del cuarto trimestre de 2016, as\u00ed como una absorci\u00f3n bruta acumulada de 817, 000 metros cuadrados.","breadcrumb":{"@id":"https:\/\/centrourbano.com\/revista\/reportajes\/continua-absorcion-construccion-industrial-monterrey\/#breadcrumb"},"inLanguage":"es","potentialAction":[{"@type":"ReadAction","target":["https:\/\/centrourbano.com\/revista\/reportajes\/continua-absorcion-construccion-industrial-monterrey\/"]}]},{"@type":"ImageObject","inLanguage":"es","@id":"https:\/\/centrourbano.com\/revista\/reportajes\/continua-absorcion-construccion-industrial-monterrey\/#primaryimage","url":"https:\/\/centrourbano.com\/revista\/wp-content\/uploads\/Parque-Industrial-1.jpg","contentUrl":"https:\/\/centrourbano.com\/revista\/wp-content\/uploads\/Parque-Industrial-1.jpg","width":617,"height":428,"caption":"Los edificios terminados se registraron en Apodaca Ci\u00e9nega de Flores, Guadalupe y Escobedo"},{"@type":"BreadcrumbList","@id":"https:\/\/centrourbano.com\/revista\/reportajes\/continua-absorcion-construccion-industrial-monterrey\/#breadcrumb","itemListElement":[{"@type":"ListItem","position":1,"name":"Portada","item":"https:\/\/centrourbano.com\/revista\/"},{"@type":"ListItem","position":2,"name":"Contin\u00faa absorci\u00f3n y construcci\u00f3n industrial en Monterrey"}]},{"@type":"WebSite","@id":"https:\/\/centrourbano.com\/revista\/#website","url":"https:\/\/centrourbano.com\/revista\/","name":"Centro Urbano","description":"Medio especializado en los sectores vivienda, inmobiliario, construcci\u00f3n, arquitectura y urbanismo.","publisher":{"@id":"https:\/\/centrourbano.com\/revista\/#organization"},"potentialAction":[{"@type":"SearchAction","target":{"@type":"EntryPoint","urlTemplate":"https:\/\/centrourbano.com\/revista\/?s={search_term_string}"},"query-input":{"@type":"PropertyValueSpecification","valueRequired":true,"valueName":"search_term_string"}}],"inLanguage":"es"},{"@type":"Organization","@id":"https:\/\/centrourbano.com\/revista\/#organization","name":"Centro Urbano","url":"https:\/\/centrourbano.com\/revista\/","logo":{"@type":"ImageObject","inLanguage":"es","@id":"https:\/\/centrourbano.com\/revista\/#\/schema\/logo\/image\/","url":"https:\/\/centrourbano.com\/revista\/wp-content\/uploads\/web_CU_logo-1.png","contentUrl":"https:\/\/centrourbano.com\/revista\/wp-content\/uploads\/web_CU_logo-1.png","width":350,"height":91,"caption":"Centro Urbano"},"image":{"@id":"https:\/\/centrourbano.com\/revista\/#\/schema\/logo\/image\/"},"sameAs":["https:\/\/www.facebook.com\/portalcentrourbano","https:\/\/x.com\/CentroUrbano","https:\/\/www.instagram.com\/centro_urbano\/","https:\/\/www.linkedin.com\/company\/centro-urbano\/","http:\/\/www.youtube.com\/user\/portalcentrourbano"]},{"@type":"Person","@id":"https:\/\/centrourbano.com\/revista\/#\/schema\/person\/b50192a3cd0e680841b45dc537f53970","name":"Diego Rodr\u00edguez","image":{"@type":"ImageObject","inLanguage":"es","@id":"https:\/\/secure.gravatar.com\/avatar\/d217565525df2df5d4e7265d47758506f41845ed9529510921a7625d8365789d?s=96&d=mm&r=g","url":"https:\/\/secure.gravatar.com\/avatar\/d217565525df2df5d4e7265d47758506f41845ed9529510921a7625d8365789d?s=96&d=mm&r=g","contentUrl":"https:\/\/secure.gravatar.com\/avatar\/d217565525df2df5d4e7265d47758506f41845ed9529510921a7625d8365789d?s=96&d=mm&r=g","caption":"Diego Rodr\u00edguez"},"description":"Egresado de la Facultad de Estudios Superiores Acatl\u00e1n de la carrera en Comunicaci\u00f3n, con especialidad en medios escritos. Reportero del desaparecido peri\u00f3dico Nuestro M\u00e9xico, en donde cubri\u00f3 las fuentes delegacionales y Asamblea Legislativa. Tambi\u00e9n trabaj\u00f3 en la Coordinaci\u00f3n de Comunicaci\u00f3n Social en la delegaci\u00f3n \u00c1lvaro Obreg\u00f3n. Le gusta leer novelas y cuentos.","url":"https:\/\/centrourbano.com\/revista\/author\/diegorodriguez\/"}]}},"_links":{"self":[{"href":"https:\/\/centrourbano.com\/revista\/wp-json\/wp\/v2\/posts\/47817","targetHints":{"allow":["GET"]}}],"collection":[{"href":"https:\/\/centrourbano.com\/revista\/wp-json\/wp\/v2\/posts"}],"about":[{"href":"https:\/\/centrourbano.com\/revista\/wp-json\/wp\/v2\/types\/post"}],"author":[{"embeddable":true,"href":"https:\/\/centrourbano.com\/revista\/wp-json\/wp\/v2\/users\/37"}],"replies":[{"embeddable":true,"href":"https:\/\/centrourbano.com\/revista\/wp-json\/wp\/v2\/comments?post=47817"}],"version-history":[{"count":0,"href":"https:\/\/centrourbano.com\/revista\/wp-json\/wp\/v2\/posts\/47817\/revisions"}],"wp:featuredmedia":[{"embeddable":true,"href":"https:\/\/centrourbano.com\/revista\/wp-json\/wp\/v2\/media\/47818"}],"wp:attachment":[{"href":"https:\/\/centrourbano.com\/revista\/wp-json\/wp\/v2\/media?parent=47817"}],"wp:term":[{"taxonomy":"category","embeddable":true,"href":"https:\/\/centrourbano.com\/revista\/wp-json\/wp\/v2\/categories?post=47817"},{"taxonomy":"post_tag","embeddable":true,"href":"https:\/\/centrourbano.com\/revista\/wp-json\/wp\/v2\/tags?post=47817"}],"curies":[{"name":"wp","href":"https:\/\/api.w.org\/{rel}","templated":true}]}}